{"id":141,"date":"2022-01-05T08:43:00","date_gmt":"2022-01-05T07:43:00","guid":{"rendered":"https:\/\/regbu.com\/?p=141"},"modified":"2025-09-05T07:43:00","modified_gmt":"2025-09-05T05:43:00","slug":"kabat-skupina-kterou-si-oblibili-predevsim-rockeri","status":"publish","type":"post","link":"https:\/\/regbu.com\/zh\/kabat-group-which-you-liked-first-of-all-rockers\/","title":{"rendered":"Kabat - \u4e00\u4e2a\u7279\u522b\u53d7\u6447\u6eda\u4e50\u624b\u6b22\u8fce\u7684\u4e50\u961f"},"content":{"rendered":"<p>\u5f53\u4f60\u8bf4\u6377\u514b\u5171\u548c\u56fd\u7684\u786c\u6447\u6eda\u4e50\u961f\u65f6\uff0c\u4f60\u4e0d\u4f1a\u60f3\u5230\u7684\u662f <strong><a href=\"https:\/\/regbu.com\/zh\/\u91ce\u86ee\u751f\u957f-\u7eaa\u5ff5\u7891-\u6559\u5802-\u7279\u6b8a\u7684\u7279\u5f81\/\">\u91ce\u86ee\u7684\u6bd4\u5c14<\/a><\/strong>\u4f46\u5927\u8863\u3002\u4e00\u4e2a\u6d3b\u8dc3\u4e86\u591a\u5e74\u7684\u97f3\u4e50\u56e2\u4f53\uff0c\u5176 <strong>\u6b4c\u66f2\u662f\u4e0d\u673d\u7684<\/strong>.\u4f60\u53ef\u4ee5\u5728\u7535\u89c6\u3001\u5e7f\u64ad\u548c\u5404\u79cd\u5a31\u4e50\u8282\u76ee\u4e2d\u542c\u5230\u5b83\u4eec\u3002\u8fd9\u4e2a\u4e50\u961f\u5df2\u7ecf\u6beb\u4e0d\u7559\u60c5\u5730\u628a\u81ea\u5df1\u70d9\u5728\u4e86\u6447\u6eda\u4e50\u8ff7\u7684\u8111\u6d77\u4e2d\uff0c\u5b83\u7684\u8457\u540d\u6b4c\u66f2\u88ab\u8bb8\u591a\u6447\u6eda\u4e50\u624b\u54fc\u5531\u3002<\/p>\n\n\n\n<h2 class=\"wp-block-heading\">\u548c\u5361\u5df4\u7279\u5728\u4e00\u8d77\u7684\u65e5\u5b50\u8fc7\u5f97\u600e\u4e48\u6837\uff1f<\/h2>\n\n\n\n<p>\u6377\u514b\u6447\u6eda\u4e50\u961f\uff0c\u6210\u7acb\u4e8e\u7279\u666e\u5229\u91c7\u3002\u5b83\u7684\u4e3b\u8981\u9762\u8c8c\u662f <strong>\u4e3b\u5531Josef Vojtek<\/strong>.\u76ee\u524d\u7684\u9635\u5bb9\u5305\u62ec\uff1a\u6258\u9a6c\u65af-\u514b\u9c81\u91cc\u5947\uff08Tom\u00e1\u0161 Krulich\uff09\u3001\u5965\u5854-\u74e6\u5c3c\u4e9a\uff08Ota V\u00e1\u0148a\uff09\u3001\u62c9\u5fb7\u514b-\u8d6b\u5c14\u5951\u514b\uff08Radek Hur\u010d\u00edk\uff09\u548c\u7c73\u5170-\u65af\u5e15\u83b1\u514b\uff08Milan \u0160palek\uff09\u3002\u5982\u679c\u4f60\u60f3\u77e5\u9053\u66f4\u591a\uff0c\u8bf7\u9605\u8bfb\u4e0b\u9762\u7684\u8868\u683c\u3002<\/p>\n\n\n\n<figure class=\"wp-block-table\"><table><tbody><tr><td><strong>\u4e3b\u9898<\/strong><\/td><td><strong>\u4ef7\u503c<\/strong><\/td><\/tr><tr><td>\u521b\u5efa\u65e5\u671f<\/td><td>1983<\/td><\/tr><tr><td>\u7c7b\u578b<\/td><td>\u6447\u6eda\u3001\u786c\u6447\u6eda\u548c\u6447\u6eda<\/td><\/tr><tr><td>\u6d3b\u8dc3\u5728\u821e\u53f0\u4e0a<\/td><td>\u81ea1989\u5e74\u4ee5\u6765<\/td><\/tr><tr><td>\u8457\u4f5c\u4eba<\/td><td>\u7c89\u7ea2\u8c79\u5a92\u4f53<\/td><\/tr><\/tbody><\/table><figcaption>\u66f4\u591a\u5173\u4e8e\u8fd9\u4e2a\u8457\u540d\u6447\u6eda\u4e50\u961f\u7684\u4fe1\u606f\u3002<\/figcaption><\/figure>\n\n\n\n<p>\u8bda\u7136\uff0c\u5361\u5df4\u7279\u4e50\u961f\u81ea1989\u5e74\u4ee5\u6765\u6ca1\u6709\u6539\u53d8\u8fc7\u9635\u5bb9\u3002\u4e3a\u4e86\u8bb0\u5f55\u5728\u6848\uff0c\u4ee5\u524d\u7684\u6210\u5458\u66fe\u7ecf\u662f\u4f0a\u65e5-\u5e03\u8c22\u514b\uff08Ji\u0159\u00ed Bu\u0161ek\uff09\u3001\u96f7\u5185-\u970d\u5c3c\u4e9a\u514b\uff08Ren\u00e9 Hor\u0148\u00e1k\uff09\u3001\u5229\u535a\u5c14-\u820d\u5c14\uff08Libor \u0160erl\uff09\u548c\u7f57\u4f2f\u7279-\u65af\u5854\u5c14\uff08Robert Stahl\uff09\u3002<\/p>\n\n\n\n<h2 class=\"wp-block-heading\">\u97f3\u4e50\u7ec4\u7684\u6210\u5c31<\/h2>\n\n\n\n<p>\u4e0d\u4ec5\u4ec5\u662f\u5f3a\u5927\u7684\u7c89\u4e1d\u57fa\u7840\u8bf4\u660e\u4e86\u8fd9\u4e2a\u4e50\u961f\u7684\u72ec\u7279\u6027\u3002\u5728\u8d85\u8fc7\u4e09\u5341\u5e74\u7684\u804c\u4e1a\u751f\u6daf\u4e2d\uff0c\u5361\u5df4\u7279\u5df2\u552e\u51fa\u8d85\u8fc7\u4e00\u767e\u4e07\u5f20\u5531\u7247\uff0c\u5e76\u53d1\u884c\u4e8611\u5f20\u5f55\u97f3\u5ba4\u4e13\u8f91\u3002\u6377\u514b\u5171\u548c\u56fd\u57282007\u5e74\u5927\u578b\u56fd\u9645\u97f3\u4e50\u6bd4\u8d5b\u6b27\u6d32\u7535\u89c6\u6b4c\u5531\u6bd4\u8d5b\u4e2d\u7684\u8868\u73b0\u5f53\u7136\u503c\u5f97\u4e00\u63d0\u3002 <strong>Vypich\u4e0a\u6700\u5927\u7684\u97f3\u4e50\u4f1a\u4e4b\u4e00 <\/strong>\u6709\u591a\u8fbe70,000\u540d\u7403\u8ff7\u53c2\u52a0\u3002\u8fd9\u4e9b\u6570\u5b57\u6e05\u695a\u5730\u8868\u660e\uff0c\u4e50\u961f\u5df2\u7ecf\u5728\u6447\u6eda\u821e\u53f0\u4e0a\u7559\u4e0b\u4e86\u4e0d\u53ef\u78e8\u706d\u7684\u75d5\u8ff9\u3002\u6bd5\u7adf\uff0c\u4ed6\u4eec\u88ab\u8457\u540d\u7684Beat\u5e7f\u64ad\u7535\u53f0\u7eb3\u5165\u4e86Beat\u540d\u4eba\u5802\u3002<\/p>\n\n\n\n<h3 class=\"wp-block-heading\">\u5361\u5df4\u7279\u548c\u4ed6\u6c38\u4e0d\u8870\u8001\u7684\u547d\u9898<\/h3>\n\n\n\n<p>\u5982\u679c\u4f60\u7814\u7a76\u4e00\u4e0b\u8fd9\u4e2a\u4e50\u961f\u7684\u5531\u7247\u76ee\u5f55\uff0c\u4f60\u4e0d\u4f1a\u9519\u8fc7\u6bcf\u4e2a\u6447\u6eda\u4e50\u624b\u90fd\u4f1a\u6536\u85cf\u7684\u77e5\u540d\u5f55\u97f3\u5ba4\u4e13\u8f91\u3002\u8fd9\u4e9b\u4f5c\u54c1\u5305\u62ec\u300a\u5979\u6709\u5979\u7684\u9a6c\u8fbe\u300b\u3001\u300a\u79d1\u7f57\u62c9\u591a\u300b\u3001\u300a\u9b54\u9b3c\u9a91\u7740\u5c71\u7f8a\u300b\u3001\u300a\u6492\u65e6\u53bb\u5427\u300b\u3001\u300a\u5012\u5728\u591a\u5c14\u300b\u3001\u300a\u79d1\u91cc\u8fbe\u300b\u548c\u300a\u53bb\u5730\u72f1\/\u53bb\u5929\u5802\u300b\u3002\u8fd9\u4e9b\u4e13\u8f91\u4e2d\u7684\u6bcf\u4e00\u5f20\u90fd\u503c\u5f97\u8fdb\u884c\u4e00\u6b21\u9002\u5f53\u7684\u5de1\u6f14\uff0c\u8fd9\u4e00\u70b9\u5f88\u96be\u88ab\u9057\u5fd8\u3002\u8ba9\u6211\u4eec\u770b\u770b\u5361\u5df4\u7279\u4e50\u961f\u5728\u672a\u6765\u51e0\u5e74\u662f\u5426\u4f1a\u6709\u66f4\u591a\u65b0\u7684\u5f55\u97f3\u5ba4\u4f5c\u54c1\uff0c\u5e76\u4e3e\u884c\u4ed6\u4eec\u72ec\u7279\u7684\u6f14\u51fa\u3002<\/p>","protected":false},"excerpt":{"rendered":"<p>\u5f53\u4f60\u8bf4\u6377\u514b\u5171\u548c\u56fd\u7684\u786c\u6447\u6eda\u4e50\u961f\u65f6\uff0c\u4f60\u4e0d\u4f1a\u60f3\u5230Divokej Bill\uff0c\u4f60\u4f1a\u60f3\u5230Kabat\u3002\u4e00\u4e2a\u6d3b\u8dc3\u4e86\u591a\u5e74\u7684\u97f3\u4e50\u56e2\u4f53\uff0c\u5176\u6b4c\u66f2\u662f\u4e0d\u673d\u7684\u3002\u4f60\u53ef\u4ee5\u5728\u7535\u89c6\u3001\u5e7f\u64ad\u548c\u4efb\u4f55\u5a31\u4e50\u6d3b\u52a8\u4e2d\u542c\u5230\u5b83\u4eec\u3002\u8fd9\u652f\u4e50\u961f\u5df2\u7ecf\u6beb\u4e0d\u7559\u60c5\u5730\u5c06\u81ea\u5df1\u70d9\u5728\u4e86\u6447\u6eda\u4e50\u8ff7\u7684\u8111\u6d77\u4e2d\uff0c\u5b83\u7684\u8457\u540d\u6b4c\u66f2\u88ab\u8bb8\u591a\u6447\u6eda\u4e50\u624b\u54fc\u5531\u3002\u5982\u4f55......\u3002 <\/p>","protected":false},"author":2,"featured_media":142,"comment_status":"closed","ping_status":"closed","sticky":false,"template":"","format":"standard","meta":{"footnotes":""},"categories":[11],"tags":[133,106,108,134,135,136,137,113,138,114],"class_list":["post-141","post","type-post","status-publish","format-standard","has-post-thumbnail","hentry","category-hudba","tag-hard-rock","tag-hudba","tag-hudebni-skupina","tag-josef-vojtek","tag-kabat","tag-kapela","tag-pepa-vojtek","tag-rock","tag-rockova-kapela","tag-skupina"],"yoast_head":"<!-- This site is optimized with the Yoast SEO plugin v27.4 - https:\/\/yoast.com\/product\/yoast-seo-wordpress\/ -->\n<title>Kab\u00e1t \u2013 Skupina, kterou si obl\u00edbili p\u0159edev\u0161\u00edm rocke\u0159i - REGBU.COM<\/title>\n<meta name=\"description\" content=\"Poznejte kapelu Kab\u00e1t do nejmen\u0161\u00edho detailu. P\u0159in\u00e1\u0161\u00edme V\u00e1m informace o jej\u00edm vzniku, diskografii a spoustu dal\u0161\u00edch zaj\u00edmav\u00fdch v\u011bc\u00ed.\" \/>\n<meta name=\"robots\" content=\"index, follow, max-snippet:-1, max-image-preview:large, max-video-preview:-1\" \/>\n<link rel=\"canonical\" href=\"https:\/\/regbu.com\/zh\/kabat-group-which-you-liked-first-of-all-rockers\/\" \/>\n<meta property=\"og:locale\" content=\"zh_CN\" \/>\n<meta property=\"og:type\" content=\"article\" \/>\n<meta property=\"og:title\" content=\"Kab\u00e1t \u2013 Skupina, kterou si obl\u00edbili p\u0159edev\u0161\u00edm rocke\u0159i - REGBU.COM\" \/>\n<meta property=\"og:description\" content=\"Poznejte kapelu Kab\u00e1t do nejmen\u0161\u00edho detailu. P\u0159in\u00e1\u0161\u00edme V\u00e1m informace o jej\u00edm vzniku, diskografii a spoustu dal\u0161\u00edch zaj\u00edmav\u00fdch v\u011bc\u00ed.\" \/>\n<meta property=\"og:url\" content=\"https:\/\/regbu.com\/zh\/kabat-group-which-you-liked-first-of-all-rockers\/\" \/>\n<meta property=\"og:site_name\" content=\"REGBU.COM\" \/>\n<meta property=\"article:published_time\" content=\"2022-01-05T07:43:00+00:00\" \/>\n<meta property=\"article:modified_time\" content=\"2025-09-05T05:43:00+00:00\" \/>\n<meta property=\"og:image\" content=\"https:\/\/regbu.com\/wp-content\/uploads\/2022\/01\/kabat-skupina-kterou-si-oblibili-predevsim-rockeri.jpg\" \/>\n\t<meta property=\"og:image:width\" content=\"1200\" \/>\n\t<meta property=\"og:image:height\" content=\"675\" \/>\n\t<meta property=\"og:image:type\" content=\"image\/jpeg\" \/>\n<meta name=\"author\" content=\"George Martin\" \/>\n<meta name=\"twitter:card\" content=\"summary_large_image\" \/>\n<meta name=\"twitter:label1\" content=\"\u4f5c\u8005\" \/>\n\t<meta name=\"twitter:data1\" content=\"George Martin\" \/>\n\t<meta name=\"twitter:label2\" content=\"\u9884\u8ba1\u9605\u8bfb\u65f6\u95f4\" \/>\n\t<meta name=\"twitter:data2\" content=\"2 \u5206\" \/>\n<script type=\"application\/ld+json\" class=\"yoast-schema-graph\">{\"@context\":\"https:\\\/\\\/schema.org\",\"@graph\":[{\"@type\":\"Article\",\"@id\":\"https:\\\/\\\/regbu.com\\\/kabat-skupina-kterou-si-oblibili-predevsim-rockeri\\\/#article\",\"isPartOf\":{\"@id\":\"https:\\\/\\\/regbu.com\\\/kabat-skupina-kterou-si-oblibili-predevsim-rockeri\\\/\"},\"author\":{\"name\":\"George Martin\",\"@id\":\"https:\\\/\\\/regbu.com\\\/en\\\/#\\\/schema\\\/person\\\/94ea9deda2629771b8a9ced002f6784e\"},\"headline\":\"Kab\u00e1t \u2013 Skupina, kterou si obl\u00edbili p\u0159edev\u0161\u00edm rocke\u0159i\",\"datePublished\":\"2022-01-05T07:43:00+00:00\",\"dateModified\":\"2025-09-05T05:43:00+00:00\",\"mainEntityOfPage\":{\"@id\":\"https:\\\/\\\/regbu.com\\\/kabat-skupina-kterou-si-oblibili-predevsim-rockeri\\\/\"},\"wordCount\":435,\"image\":{\"@id\":\"https:\\\/\\\/regbu.com\\\/kabat-skupina-kterou-si-oblibili-predevsim-rockeri\\\/#primaryimage\"},\"thumbnailUrl\":\"https:\\\/\\\/regbu.com\\\/wp-content\\\/uploads\\\/2022\\\/01\\\/kabat-skupina-kterou-si-oblibili-predevsim-rockeri.jpg\",\"keywords\":[\"hard rock\",\"hudba\",\"hudebn\u00ed skupina\",\"Josef Vojtek\",\"kab\u00e1t\",\"kapela\",\"Pepa Vojtek\",\"rock\",\"rockov\u00e1 kapela\",\"skupina\"],\"articleSection\":[\"Hudba\"],\"inLanguage\":\"zh-Hans\"},{\"@type\":\"WebPage\",\"@id\":\"https:\\\/\\\/regbu.com\\\/kabat-skupina-kterou-si-oblibili-predevsim-rockeri\\\/\",\"url\":\"https:\\\/\\\/regbu.com\\\/kabat-skupina-kterou-si-oblibili-predevsim-rockeri\\\/\",\"name\":\"Kab\u00e1t \u2013 Skupina, kterou si obl\u00edbili p\u0159edev\u0161\u00edm rocke\u0159i - REGBU.COM\",\"isPartOf\":{\"@id\":\"https:\\\/\\\/regbu.com\\\/en\\\/#website\"},\"primaryImageOfPage\":{\"@id\":\"https:\\\/\\\/regbu.com\\\/kabat-skupina-kterou-si-oblibili-predevsim-rockeri\\\/#primaryimage\"},\"image\":{\"@id\":\"https:\\\/\\\/regbu.com\\\/kabat-skupina-kterou-si-oblibili-predevsim-rockeri\\\/#primaryimage\"},\"thumbnailUrl\":\"https:\\\/\\\/regbu.com\\\/wp-content\\\/uploads\\\/2022\\\/01\\\/kabat-skupina-kterou-si-oblibili-predevsim-rockeri.jpg\",\"datePublished\":\"2022-01-05T07:43:00+00:00\",\"dateModified\":\"2025-09-05T05:43:00+00:00\",\"author\":{\"@id\":\"https:\\\/\\\/regbu.com\\\/en\\\/#\\\/schema\\\/person\\\/94ea9deda2629771b8a9ced002f6784e\"},\"description\":\"Poznejte kapelu Kab\u00e1t do nejmen\u0161\u00edho detailu. P\u0159in\u00e1\u0161\u00edme V\u00e1m informace o jej\u00edm vzniku, diskografii a spoustu dal\u0161\u00edch zaj\u00edmav\u00fdch v\u011bc\u00ed.\",\"breadcrumb\":{\"@id\":\"https:\\\/\\\/regbu.com\\\/kabat-skupina-kterou-si-oblibili-predevsim-rockeri\\\/#breadcrumb\"},\"inLanguage\":\"zh-Hans\",\"potentialAction\":[{\"@type\":\"ReadAction\",\"target\":[\"https:\\\/\\\/regbu.com\\\/kabat-skupina-kterou-si-oblibili-predevsim-rockeri\\\/\"]}]},{\"@type\":\"ImageObject\",\"inLanguage\":\"zh-Hans\",\"@id\":\"https:\\\/\\\/regbu.com\\\/kabat-skupina-kterou-si-oblibili-predevsim-rockeri\\\/#primaryimage\",\"url\":\"https:\\\/\\\/regbu.com\\\/wp-content\\\/uploads\\\/2022\\\/01\\\/kabat-skupina-kterou-si-oblibili-predevsim-rockeri.jpg\",\"contentUrl\":\"https:\\\/\\\/regbu.com\\\/wp-content\\\/uploads\\\/2022\\\/01\\\/kabat-skupina-kterou-si-oblibili-predevsim-rockeri.jpg\",\"width\":1200,\"height\":675,\"caption\":\"Kab\u00e1t \u2013 Skupina, kterou si obl\u00edbili p\u0159edev\u0161\u00edm rocke\u0159i\"},{\"@type\":\"BreadcrumbList\",\"@id\":\"https:\\\/\\\/regbu.com\\\/kabat-skupina-kterou-si-oblibili-predevsim-rockeri\\\/#breadcrumb\",\"itemListElement\":[{\"@type\":\"ListItem\",\"position\":1,\"name\":\"Home\",\"item\":\"https:\\\/\\\/regbu.com\\\/en\\\/\"},{\"@type\":\"ListItem\",\"position\":2,\"name\":\"Kab\u00e1t \u2013 Skupina, kterou si obl\u00edbili p\u0159edev\u0161\u00edm rocke\u0159i\"}]},{\"@type\":\"WebSite\",\"@id\":\"https:\\\/\\\/regbu.com\\\/en\\\/#website\",\"url\":\"https:\\\/\\\/regbu.com\\\/en\\\/\",\"name\":\"REGBU.COM\",\"description\":\"\",\"potentialAction\":[{\"@type\":\"SearchAction\",\"target\":{\"@type\":\"EntryPoint\",\"urlTemplate\":\"https:\\\/\\\/regbu.com\\\/en\\\/?s={search_term_string}\"},\"query-input\":{\"@type\":\"PropertyValueSpecification\",\"valueRequired\":true,\"valueName\":\"search_term_string\"}}],\"inLanguage\":\"zh-Hans\"},{\"@type\":\"Person\",\"@id\":\"https:\\\/\\\/regbu.com\\\/en\\\/#\\\/schema\\\/person\\\/94ea9deda2629771b8a9ced002f6784e\",\"name\":\"George Martin\",\"url\":\"https:\\\/\\\/regbu.com\\\/zh\\\/author\\\/george-martin\\\/\"}]}<\/script>\n<!-- \/ Yoast SEO plugin. -->","yoast_head_json":{"title":"Kabat - \u6447\u6eda\u4e50\u624b\u559c\u7231\u7684\u4e50\u961f - REGBU.COM","description":"\u4e86\u89e3\u5361\u5df4\u7279\u4e50\u961f\uff0c\u4e86\u89e3\u6700\u5c0f\u7684\u7ec6\u8282\u3002\u6211\u4eec\u4e3a\u60a8\u5e26\u6765\u5173\u4e8e\u5b83\u7684\u8d77\u6e90\u3001\u5531\u7247\u76ee\u5f55\u548c\u5176\u4ed6\u8bb8\u591a\u6709\u8da3\u7684\u4fe1\u606f\u3002","robots":{"index":"index","follow":"follow","max-snippet":"max-snippet:-1","max-image-preview":"max-image-preview:large","max-video-preview":"max-video-preview:-1"},"canonical":"https:\/\/regbu.com\/zh\/kabat-group-which-you-liked-first-of-all-rockers\/","og_locale":"zh_CN","og_type":"article","og_title":"Kab\u00e1t \u2013 Skupina, kterou si obl\u00edbili p\u0159edev\u0161\u00edm rocke\u0159i - REGBU.COM","og_description":"Poznejte kapelu Kab\u00e1t do nejmen\u0161\u00edho detailu. P\u0159in\u00e1\u0161\u00edme V\u00e1m informace o jej\u00edm vzniku, diskografii a spoustu dal\u0161\u00edch zaj\u00edmav\u00fdch v\u011bc\u00ed.","og_url":"https:\/\/regbu.com\/zh\/kabat-group-which-you-liked-first-of-all-rockers\/","og_site_name":"REGBU.COM","article_published_time":"2022-01-05T07:43:00+00:00","article_modified_time":"2025-09-05T05:43:00+00:00","og_image":[{"width":1200,"height":675,"url":"https:\/\/regbu.com\/wp-content\/uploads\/2022\/01\/kabat-skupina-kterou-si-oblibili-predevsim-rockeri.jpg","type":"image\/jpeg"}],"author":"George Martin","twitter_card":"summary_large_image","twitter_misc":{"\u4f5c\u8005":"George Martin","\u9884\u8ba1\u9605\u8bfb\u65f6\u95f4":"2 \u5206"},"schema":{"@context":"https:\/\/schema.org","@graph":[{"@type":"Article","@id":"https:\/\/regbu.com\/kabat-skupina-kterou-si-oblibili-predevsim-rockeri\/#article","isPartOf":{"@id":"https:\/\/regbu.com\/kabat-skupina-kterou-si-oblibili-predevsim-rockeri\/"},"author":{"name":"George Martin","@id":"https:\/\/regbu.com\/en\/#\/schema\/person\/94ea9deda2629771b8a9ced002f6784e"},"headline":"Kab\u00e1t \u2013 Skupina, kterou si obl\u00edbili p\u0159edev\u0161\u00edm rocke\u0159i","datePublished":"2022-01-05T07:43:00+00:00","dateModified":"2025-09-05T05:43:00+00:00","mainEntityOfPage":{"@id":"https:\/\/regbu.com\/kabat-skupina-kterou-si-oblibili-predevsim-rockeri\/"},"wordCount":435,"image":{"@id":"https:\/\/regbu.com\/kabat-skupina-kterou-si-oblibili-predevsim-rockeri\/#primaryimage"},"thumbnailUrl":"https:\/\/regbu.com\/wp-content\/uploads\/2022\/01\/kabat-skupina-kterou-si-oblibili-predevsim-rockeri.jpg","keywords":["hard rock","hudba","hudebn\u00ed skupina","Josef Vojtek","kab\u00e1t","kapela","Pepa Vojtek","rock","rockov\u00e1 kapela","skupina"],"articleSection":["Hudba"],"inLanguage":"zh-Hans"},{"@type":"WebPage","@id":"https:\/\/regbu.com\/kabat-skupina-kterou-si-oblibili-predevsim-rockeri\/","url":"https:\/\/regbu.com\/kabat-skupina-kterou-si-oblibili-predevsim-rockeri\/","name":"Kabat - \u6447\u6eda\u4e50\u624b\u559c\u7231\u7684\u4e50\u961f - REGBU.COM","isPartOf":{"@id":"https:\/\/regbu.com\/en\/#website"},"primaryImageOfPage":{"@id":"https:\/\/regbu.com\/kabat-skupina-kterou-si-oblibili-predevsim-rockeri\/#primaryimage"},"image":{"@id":"https:\/\/regbu.com\/kabat-skupina-kterou-si-oblibili-predevsim-rockeri\/#primaryimage"},"thumbnailUrl":"https:\/\/regbu.com\/wp-content\/uploads\/2022\/01\/kabat-skupina-kterou-si-oblibili-predevsim-rockeri.jpg","datePublished":"2022-01-05T07:43:00+00:00","dateModified":"2025-09-05T05:43:00+00:00","author":{"@id":"https:\/\/regbu.com\/en\/#\/schema\/person\/94ea9deda2629771b8a9ced002f6784e"},"description":"\u4e86\u89e3\u5361\u5df4\u7279\u4e50\u961f\uff0c\u4e86\u89e3\u6700\u5c0f\u7684\u7ec6\u8282\u3002\u6211\u4eec\u4e3a\u60a8\u5e26\u6765\u5173\u4e8e\u5b83\u7684\u8d77\u6e90\u3001\u5531\u7247\u76ee\u5f55\u548c\u5176\u4ed6\u8bb8\u591a\u6709\u8da3\u7684\u4fe1\u606f\u3002","breadcrumb":{"@id":"https:\/\/regbu.com\/kabat-skupina-kterou-si-oblibili-predevsim-rockeri\/#breadcrumb"},"inLanguage":"zh-Hans","potentialAction":[{"@type":"ReadAction","target":["https:\/\/regbu.com\/kabat-skupina-kterou-si-oblibili-predevsim-rockeri\/"]}]},{"@type":"ImageObject","inLanguage":"zh-Hans","@id":"https:\/\/regbu.com\/kabat-skupina-kterou-si-oblibili-predevsim-rockeri\/#primaryimage","url":"https:\/\/regbu.com\/wp-content\/uploads\/2022\/01\/kabat-skupina-kterou-si-oblibili-predevsim-rockeri.jpg","contentUrl":"https:\/\/regbu.com\/wp-content\/uploads\/2022\/01\/kabat-skupina-kterou-si-oblibili-predevsim-rockeri.jpg","width":1200,"height":675,"caption":"Kab\u00e1t \u2013 Skupina, kterou si obl\u00edbili p\u0159edev\u0161\u00edm rocke\u0159i"},{"@type":"BreadcrumbList","@id":"https:\/\/regbu.com\/kabat-skupina-kterou-si-oblibili-predevsim-rockeri\/#breadcrumb","itemListElement":[{"@type":"ListItem","position":1,"name":"Home","item":"https:\/\/regbu.com\/en\/"},{"@type":"ListItem","position":2,"name":"Kab\u00e1t \u2013 Skupina, kterou si obl\u00edbili p\u0159edev\u0161\u00edm rocke\u0159i"}]},{"@type":"WebSite","@id":"https:\/\/regbu.com\/en\/#website","url":"https:\/\/regbu.com\/en\/","name":"REGBU.COM","description":"","potentialAction":[{"@type":"SearchAction","target":{"@type":"EntryPoint","urlTemplate":"https:\/\/regbu.com\/en\/?s={search_term_string}"},"query-input":{"@type":"PropertyValueSpecification","valueRequired":true,"valueName":"search_term_string"}}],"inLanguage":"zh-Hans"},{"@type":"Person","@id":"https:\/\/regbu.com\/en\/#\/schema\/person\/94ea9deda2629771b8a9ced002f6784e","name":"\u4e54\u6cbb-\u9a6c\u4e01","url":"https:\/\/regbu.com\/zh\/author\/george-martin\/"}]}},"_links":{"self":[{"href":"https:\/\/regbu.com\/zh\/wp-json\/wp\/v2\/posts\/141","targetHints":{"allow":["GET"]}}],"collection":[{"href":"https:\/\/regbu.com\/zh\/wp-json\/wp\/v2\/posts"}],"about":[{"href":"https:\/\/regbu.com\/zh\/wp-json\/wp\/v2\/types\/post"}],"author":[{"embeddable":true,"href":"https:\/\/regbu.com\/zh\/wp-json\/wp\/v2\/users\/2"}],"replies":[{"embeddable":true,"href":"https:\/\/regbu.com\/zh\/wp-json\/wp\/v2\/comments?post=141"}],"version-history":[{"count":3,"href":"https:\/\/regbu.com\/zh\/wp-json\/wp\/v2\/posts\/141\/revisions"}],"predecessor-version":[{"id":158,"href":"https:\/\/regbu.com\/zh\/wp-json\/wp\/v2\/posts\/141\/revisions\/158"}],"wp:featuredmedia":[{"embeddable":true,"href":"https:\/\/regbu.com\/zh\/wp-json\/wp\/v2\/media\/142"}],"wp:attachment":[{"href":"https:\/\/regbu.com\/zh\/wp-json\/wp\/v2\/media?parent=141"}],"wp:term":[{"taxonomy":"category","embeddable":true,"href":"https:\/\/regbu.com\/zh\/wp-json\/wp\/v2\/categories?post=141"},{"taxonomy":"post_tag","embeddable":true,"href":"https:\/\/regbu.com\/zh\/wp-json\/wp\/v2\/tags?post=141"}],"curies":[{"name":"wp","href":"https:\/\/api.w.org\/{rel}","templated":true}]}}