{"id":951,"date":"2023-06-21T16:20:09","date_gmt":"2023-06-21T14:20:09","guid":{"rendered":"https:\/\/regbu.com\/?p=951"},"modified":"2025-09-05T07:42:03","modified_gmt":"2025-09-05T05:42:03","slug":"nejvetsi-jezera-sveta-poznejte-je-vsechny","status":"publish","type":"post","link":"https:\/\/regbu.com\/sv\/varldens-storsta-sjo-fa-kanna-dem-alla\/","title":{"rendered":"De st\u00f6rsta sj\u00f6arna i v\u00e4rlden - L\u00e4r k\u00e4nna dem alla"},"content":{"rendered":"<p>De st\u00f6rsta sj\u00f6arna i v\u00e4rlden \u00e4r en stor attraktion f\u00f6r resen\u00e4rer. Du kan \u00e5ka till dem f\u00f6r att till exempel <strong><a href=\"https:\/\/regbu.com\/sv\/husvagnssemester-har-fordelarna\/\">semester i husvagn<\/a><\/strong>som s\u00e4kert kommer att bli of\u00f6rgl\u00f6mlig. De st\u00f6rsta sj\u00f6arna finns i princip \u00f6ver hela v\u00e4rlden. Du beh\u00f6ver bara v\u00e4lja \u00e5t vilket h\u00e5ll du vill \u00e5ka och sedan njuta av vattnet och naturen d\u00e4r.<\/p>\n\n\n\n<ul class=\"wp-block-list\">\n<li>Kaspiska havet<\/li>\n\n\n\n<li>Michigan Huron<\/li>\n\n\n\n<li>\u00d6vre sj\u00f6n<\/li>\n<\/ul>\n\n\n\n<p>Dessa \u00e4r de tre st\u00f6rsta sj\u00f6arna i v\u00e4rlden. Till exempel, <strong>Kaspiska havet<\/strong> \u00e4r en sj\u00f6 utan avrinningsomr\u00e5de och anses vara en sj\u00f6 med en total yta p\u00e5 371 000 kvadratkilometer.<\/p>\n\n\n\n<h2 class=\"wp-block-heading\">Vilka sj\u00f6ar \u00e4r v\u00e4rda ett bes\u00f6k?<\/h2>\n\n\n\n<p>Om vi skulle g\u00e5 igenom listan \u00f6ver de st\u00f6rsta och mest omfattande sj\u00f6arna i v\u00e4rlden, skulle den fj\u00e4rde platsen med st\u00f6rsta s\u00e4kerhet tillh\u00f6ra Victoriasj\u00f6n. Den ligger i tre afrikanska l\u00e4nder - Kenya, Uganda och Tanzania. Sj\u00f6n t\u00e4cker en total yta p\u00e5 69 485 kvadratkilometer och det omgivande omr\u00e5det sjuder av liv.<\/p>\n\n\n\n<figure class=\"wp-block-table\"><table><tbody><tr><td><strong>Sj\u00f6<\/strong><\/td><td><strong>Omr\u00e5de i km<sup>2<\/sup><\/strong><\/td><\/tr><tr><td>Tanganyika<\/td><td>32 893<\/td><\/tr><tr><td>Baikal<\/td><td>31 500<\/td><\/tr><tr><td>Stora bj\u00f6rnsj\u00f6n<\/td><td>31 080<\/td><\/tr><tr><td>Malawi<\/td><td>30 044<\/td><\/tr><\/tbody><\/table><figcaption class=\"wp-element-caption\">En lista \u00f6ver v\u00e4rldens st\u00f6rsta sj\u00f6ar.<\/figcaption><\/figure>\n\n\n\n<p>I USA och Kanada finns det m\u00e5nga stora sj\u00f6ar. Detta bevisas till exempel av <em>Stora Slavsj\u00f6n och Winnipegsj\u00f6n<\/em>. Den ligger i den kanadensiska provinsen Manitoba. Naturligtvis kan vi forts\u00e4tta med Ontariosj\u00f6n.<\/p>\n\n\n\n<h3 class=\"wp-block-heading\">Andra sj\u00f6ar i v\u00e4rlden<\/h3>\n\n\n\n<p>Vissa av v\u00e4rldens sj\u00f6ar \u00e4r naturligtvis inte l\u00e4ttillg\u00e4ngliga f\u00f6r gemene man. Ett typiskt exempel \u00e4r Vostoksj\u00f6n i Antarktis. Andra kan du d\u00e4remot bes\u00f6ka och de \u00e4r verkligen v\u00e4rda det. Reindeer Lake i Kanada kommer att f\u00e4ngsla dig med sin omgivning, men ocks\u00e5 med sitt djup p\u00e5 upp till 219 meter. N\u00e4r det g\u00e4ller europeiska sj\u00f6ar och vattendrag \u00e4r det definitivt v\u00e4rt att n\u00e4mna <strong>V\u00e4nern<\/strong>. Sj\u00f6n \u00e4r bel\u00e4gen i en tektonisk s\u00e4nka.<\/p>\n\n\n\n<p>Om du vill uppleva v\u00e4rldens andra st\u00f6rsta sj\u00f6ar \u00e4r det bara att bes\u00f6ka Lake Bangweulu i Zambia. Saimara-sj\u00f6n i Finland tilltalar m\u00e5nga \u00e4ventyrare, och Kyoga-sj\u00f6n i Uganda har ocks\u00e5 sin charm. Afrika \u00e4r rikt p\u00e5 stora sj\u00f6ar, som Lake Kyoga <strong>Tonlesap i Kambodja<\/strong>. Alla dessa och andra vattendrag h\u00f6r till de fyrtio st\u00f6rsta i v\u00e4rlden.<\/p>","protected":false},"excerpt":{"rendered":"<p>De st\u00f6rsta sj\u00f6arna i v\u00e4rlden \u00e4r en stor attraktion f\u00f6r resen\u00e4rer. Du kan till exempel ta en husvagnssemester till dem, vilket s\u00e4kert kommer att bli of\u00f6rgl\u00f6mligt. De st\u00f6rsta sj\u00f6arna finns i princip \u00f6ver hela v\u00e4rlden. Det g\u00e4ller bara att v\u00e4lja i vilken riktning man vill \u00e5ka och sedan njuta av vattnet och naturen d\u00e4r. H\u00e4r \u00e4r de tre st\u00f6rsta sj\u00f6arna... <\/p>","protected":false},"author":2,"featured_media":948,"comment_status":"closed","ping_status":"closed","sticky":false,"template":"","format":"standard","meta":{"footnotes":""},"categories":[8],"tags":[935,933,931,932,937,928,929,934,938,936],"class_list":["post-951","post","type-post","status-publish","format-standard","has-post-thumbnail","hentry","category-cestovani","tag-bajkal","tag-horejsi-jezero","tag-jezero","tag-kaspicke-more","tag-malawi","tag-nejvetsi-jezera","tag-nejvetsi-jezera-sveta","tag-tanganika","tag-vanern","tag-velke-medvedi-jezero"],"yoast_head":"<!-- This site is optimized with the Yoast SEO plugin v27.4 - https:\/\/yoast.com\/product\/yoast-seo-wordpress\/ -->\n<title>Nejv\u011bt\u0161\u00ed jezera sv\u011bta \u2013 Poznejte je v\u0161echny - REGBU.COM<\/title>\n<meta name=\"description\" content=\"V\u00edte, jak\u00e1 jsou nejv\u011bt\u0161\u00ed jezera sv\u011bta? Prozrad\u00edme V\u00e1m jejich n\u00e1zvy a p\u0159ineseme p\u0159\u00edklady t\u00e9m\u011b\u0159 z ka\u017ed\u00e9 \u010d\u00e1sti zem\u011b.\" \/>\n<meta name=\"robots\" content=\"index, follow, max-snippet:-1, max-image-preview:large, max-video-preview:-1\" \/>\n<link rel=\"canonical\" href=\"https:\/\/regbu.com\/sv\/varldens-storsta-sjo-fa-kanna-dem-alla\/\" \/>\n<meta property=\"og:locale\" content=\"sv_SE\" \/>\n<meta property=\"og:type\" content=\"article\" \/>\n<meta property=\"og:title\" content=\"Nejv\u011bt\u0161\u00ed jezera sv\u011bta \u2013 Poznejte je v\u0161echny - REGBU.COM\" \/>\n<meta property=\"og:description\" content=\"V\u00edte, jak\u00e1 jsou nejv\u011bt\u0161\u00ed jezera sv\u011bta? Prozrad\u00edme V\u00e1m jejich n\u00e1zvy a p\u0159ineseme p\u0159\u00edklady t\u00e9m\u011b\u0159 z ka\u017ed\u00e9 \u010d\u00e1sti zem\u011b.\" \/>\n<meta property=\"og:url\" content=\"https:\/\/regbu.com\/sv\/varldens-storsta-sjo-fa-kanna-dem-alla\/\" \/>\n<meta property=\"og:site_name\" content=\"REGBU.COM\" \/>\n<meta property=\"article:published_time\" content=\"2023-06-21T14:20:09+00:00\" \/>\n<meta property=\"article:modified_time\" content=\"2025-09-05T05:42:03+00:00\" \/>\n<meta property=\"og:image\" content=\"https:\/\/regbu.com\/wp-content\/uploads\/2023\/06\/nejvetsi-jezera-sveta-poznejte-je-vsechny.jpg\" \/>\n\t<meta property=\"og:image:width\" content=\"1200\" \/>\n\t<meta property=\"og:image:height\" content=\"676\" \/>\n\t<meta property=\"og:image:type\" content=\"image\/jpeg\" \/>\n<meta name=\"author\" content=\"George Martin\" \/>\n<meta name=\"twitter:card\" content=\"summary_large_image\" \/>\n<meta name=\"twitter:label1\" content=\"Skriven av\" \/>\n\t<meta name=\"twitter:data1\" content=\"George Martin\" \/>\n\t<meta name=\"twitter:label2\" content=\"Ber\u00e4knad l\u00e4stid\" \/>\n\t<meta name=\"twitter:data2\" content=\"2 minuter\" \/>\n<script type=\"application\/ld+json\" class=\"yoast-schema-graph\">{\"@context\":\"https:\\\/\\\/schema.org\",\"@graph\":[{\"@type\":\"Article\",\"@id\":\"https:\\\/\\\/regbu.com\\\/sv\\\/varldens-storsta-sjo-fa-kanna-dem-alla\\\/#article\",\"isPartOf\":{\"@id\":\"https:\\\/\\\/regbu.com\\\/sv\\\/varldens-storsta-sjo-fa-kanna-dem-alla\\\/\"},\"author\":{\"name\":\"George Martin\",\"@id\":\"https:\\\/\\\/regbu.com\\\/en\\\/#\\\/schema\\\/person\\\/94ea9deda2629771b8a9ced002f6784e\"},\"headline\":\"Nejv\u011bt\u0161\u00ed jezera sv\u011bta \u2013 Poznejte je v\u0161echny\",\"datePublished\":\"2023-06-21T14:20:09+00:00\",\"dateModified\":\"2025-09-05T05:42:03+00:00\",\"mainEntityOfPage\":{\"@id\":\"https:\\\/\\\/regbu.com\\\/sv\\\/varldens-storsta-sjo-fa-kanna-dem-alla\\\/\"},\"wordCount\":420,\"image\":{\"@id\":\"https:\\\/\\\/regbu.com\\\/sv\\\/varldens-storsta-sjo-fa-kanna-dem-alla\\\/#primaryimage\"},\"thumbnailUrl\":\"https:\\\/\\\/regbu.com\\\/wp-content\\\/uploads\\\/2023\\\/06\\\/nejvetsi-jezera-sveta-poznejte-je-vsechny.jpg\",\"keywords\":[\"Bajkal\",\"Ho\u0159ej\u0161\u00ed jezero\",\"jezero\",\"Kaspick\u00e9 mo\u0159e\",\"Malawi\",\"nejv\u011bt\u0161\u00ed jezera\",\"nejv\u011bt\u0161\u00ed jezera sv\u011bta\",\"Tanganika\",\"V\u00e4nern\",\"Velk\u00e9 Medv\u011bd\u00ed jezero\"],\"articleSection\":[\"Cestov\u00e1n\u00ed\"],\"inLanguage\":\"sv-SE\"},{\"@type\":\"WebPage\",\"@id\":\"https:\\\/\\\/regbu.com\\\/sv\\\/varldens-storsta-sjo-fa-kanna-dem-alla\\\/\",\"url\":\"https:\\\/\\\/regbu.com\\\/sv\\\/varldens-storsta-sjo-fa-kanna-dem-alla\\\/\",\"name\":\"Nejv\u011bt\u0161\u00ed jezera sv\u011bta \u2013 Poznejte je v\u0161echny - REGBU.COM\",\"isPartOf\":{\"@id\":\"https:\\\/\\\/regbu.com\\\/en\\\/#website\"},\"primaryImageOfPage\":{\"@id\":\"https:\\\/\\\/regbu.com\\\/sv\\\/varldens-storsta-sjo-fa-kanna-dem-alla\\\/#primaryimage\"},\"image\":{\"@id\":\"https:\\\/\\\/regbu.com\\\/sv\\\/varldens-storsta-sjo-fa-kanna-dem-alla\\\/#primaryimage\"},\"thumbnailUrl\":\"https:\\\/\\\/regbu.com\\\/wp-content\\\/uploads\\\/2023\\\/06\\\/nejvetsi-jezera-sveta-poznejte-je-vsechny.jpg\",\"datePublished\":\"2023-06-21T14:20:09+00:00\",\"dateModified\":\"2025-09-05T05:42:03+00:00\",\"author\":{\"@id\":\"https:\\\/\\\/regbu.com\\\/en\\\/#\\\/schema\\\/person\\\/94ea9deda2629771b8a9ced002f6784e\"},\"description\":\"V\u00edte, jak\u00e1 jsou nejv\u011bt\u0161\u00ed jezera sv\u011bta? Prozrad\u00edme V\u00e1m jejich n\u00e1zvy a p\u0159ineseme p\u0159\u00edklady t\u00e9m\u011b\u0159 z ka\u017ed\u00e9 \u010d\u00e1sti zem\u011b.\",\"breadcrumb\":{\"@id\":\"https:\\\/\\\/regbu.com\\\/sv\\\/varldens-storsta-sjo-fa-kanna-dem-alla\\\/#breadcrumb\"},\"inLanguage\":\"sv-SE\",\"potentialAction\":[{\"@type\":\"ReadAction\",\"target\":[\"https:\\\/\\\/regbu.com\\\/sv\\\/varldens-storsta-sjo-fa-kanna-dem-alla\\\/\"]}]},{\"@type\":\"ImageObject\",\"inLanguage\":\"sv-SE\",\"@id\":\"https:\\\/\\\/regbu.com\\\/sv\\\/varldens-storsta-sjo-fa-kanna-dem-alla\\\/#primaryimage\",\"url\":\"https:\\\/\\\/regbu.com\\\/wp-content\\\/uploads\\\/2023\\\/06\\\/nejvetsi-jezera-sveta-poznejte-je-vsechny.jpg\",\"contentUrl\":\"https:\\\/\\\/regbu.com\\\/wp-content\\\/uploads\\\/2023\\\/06\\\/nejvetsi-jezera-sveta-poznejte-je-vsechny.jpg\",\"width\":1200,\"height\":676,\"caption\":\"Nejv\u011bt\u0161\u00ed jezera sv\u011bta \u2013 Poznejte je v\u0161echny\"},{\"@type\":\"BreadcrumbList\",\"@id\":\"https:\\\/\\\/regbu.com\\\/sv\\\/varldens-storsta-sjo-fa-kanna-dem-alla\\\/#breadcrumb\",\"itemListElement\":[{\"@type\":\"ListItem\",\"position\":1,\"name\":\"Home\",\"item\":\"https:\\\/\\\/regbu.com\\\/en\\\/\"},{\"@type\":\"ListItem\",\"position\":2,\"name\":\"Nejv\u011bt\u0161\u00ed jezera sv\u011bta \u2013 Poznejte je v\u0161echny\"}]},{\"@type\":\"WebSite\",\"@id\":\"https:\\\/\\\/regbu.com\\\/en\\\/#website\",\"url\":\"https:\\\/\\\/regbu.com\\\/en\\\/\",\"name\":\"REGBU.COM\",\"description\":\"\",\"potentialAction\":[{\"@type\":\"SearchAction\",\"target\":{\"@type\":\"EntryPoint\",\"urlTemplate\":\"https:\\\/\\\/regbu.com\\\/en\\\/?s={search_term_string}\"},\"query-input\":{\"@type\":\"PropertyValueSpecification\",\"valueRequired\":true,\"valueName\":\"search_term_string\"}}],\"inLanguage\":\"sv-SE\"},{\"@type\":\"Person\",\"@id\":\"https:\\\/\\\/regbu.com\\\/en\\\/#\\\/schema\\\/person\\\/94ea9deda2629771b8a9ced002f6784e\",\"name\":\"George Martin\",\"url\":\"https:\\\/\\\/regbu.com\\\/sv\\\/author\\\/george-martin\\\/\"}]}<\/script>\n<!-- \/ Yoast SEO plugin. -->","yoast_head_json":{"title":"De st\u00f6rsta sj\u00f6arna i v\u00e4rlden - L\u00e4r k\u00e4nna dem alla - REGBU.COM","description":"Vet du vilka som \u00e4r de st\u00f6rsta sj\u00f6arna i v\u00e4rlden? Vi ber\u00e4ttar vad de heter och ger dig exempel fr\u00e5n n\u00e4stan alla delar av landet.","robots":{"index":"index","follow":"follow","max-snippet":"max-snippet:-1","max-image-preview":"max-image-preview:large","max-video-preview":"max-video-preview:-1"},"canonical":"https:\/\/regbu.com\/sv\/varldens-storsta-sjo-fa-kanna-dem-alla\/","og_locale":"sv_SE","og_type":"article","og_title":"Nejv\u011bt\u0161\u00ed jezera sv\u011bta \u2013 Poznejte je v\u0161echny - REGBU.COM","og_description":"V\u00edte, jak\u00e1 jsou nejv\u011bt\u0161\u00ed jezera sv\u011bta? Prozrad\u00edme V\u00e1m jejich n\u00e1zvy a p\u0159ineseme p\u0159\u00edklady t\u00e9m\u011b\u0159 z ka\u017ed\u00e9 \u010d\u00e1sti zem\u011b.","og_url":"https:\/\/regbu.com\/sv\/varldens-storsta-sjo-fa-kanna-dem-alla\/","og_site_name":"REGBU.COM","article_published_time":"2023-06-21T14:20:09+00:00","article_modified_time":"2025-09-05T05:42:03+00:00","og_image":[{"width":1200,"height":676,"url":"https:\/\/regbu.com\/wp-content\/uploads\/2023\/06\/nejvetsi-jezera-sveta-poznejte-je-vsechny.jpg","type":"image\/jpeg"}],"author":"George Martin","twitter_card":"summary_large_image","twitter_misc":{"Skriven av":"George Martin","Ber\u00e4knad l\u00e4stid":"2 minuter"},"schema":{"@context":"https:\/\/schema.org","@graph":[{"@type":"Article","@id":"https:\/\/regbu.com\/sv\/varldens-storsta-sjo-fa-kanna-dem-alla\/#article","isPartOf":{"@id":"https:\/\/regbu.com\/sv\/varldens-storsta-sjo-fa-kanna-dem-alla\/"},"author":{"name":"George Martin","@id":"https:\/\/regbu.com\/en\/#\/schema\/person\/94ea9deda2629771b8a9ced002f6784e"},"headline":"Nejv\u011bt\u0161\u00ed jezera sv\u011bta \u2013 Poznejte je v\u0161echny","datePublished":"2023-06-21T14:20:09+00:00","dateModified":"2025-09-05T05:42:03+00:00","mainEntityOfPage":{"@id":"https:\/\/regbu.com\/sv\/varldens-storsta-sjo-fa-kanna-dem-alla\/"},"wordCount":420,"image":{"@id":"https:\/\/regbu.com\/sv\/varldens-storsta-sjo-fa-kanna-dem-alla\/#primaryimage"},"thumbnailUrl":"https:\/\/regbu.com\/wp-content\/uploads\/2023\/06\/nejvetsi-jezera-sveta-poznejte-je-vsechny.jpg","keywords":["Bajkal","Ho\u0159ej\u0161\u00ed jezero","jezero","Kaspick\u00e9 mo\u0159e","Malawi","nejv\u011bt\u0161\u00ed jezera","nejv\u011bt\u0161\u00ed jezera sv\u011bta","Tanganika","V\u00e4nern","Velk\u00e9 Medv\u011bd\u00ed jezero"],"articleSection":["Cestov\u00e1n\u00ed"],"inLanguage":"sv-SE"},{"@type":"WebPage","@id":"https:\/\/regbu.com\/sv\/varldens-storsta-sjo-fa-kanna-dem-alla\/","url":"https:\/\/regbu.com\/sv\/varldens-storsta-sjo-fa-kanna-dem-alla\/","name":"De st\u00f6rsta sj\u00f6arna i v\u00e4rlden - L\u00e4r k\u00e4nna dem alla - REGBU.COM","isPartOf":{"@id":"https:\/\/regbu.com\/en\/#website"},"primaryImageOfPage":{"@id":"https:\/\/regbu.com\/sv\/varldens-storsta-sjo-fa-kanna-dem-alla\/#primaryimage"},"image":{"@id":"https:\/\/regbu.com\/sv\/varldens-storsta-sjo-fa-kanna-dem-alla\/#primaryimage"},"thumbnailUrl":"https:\/\/regbu.com\/wp-content\/uploads\/2023\/06\/nejvetsi-jezera-sveta-poznejte-je-vsechny.jpg","datePublished":"2023-06-21T14:20:09+00:00","dateModified":"2025-09-05T05:42:03+00:00","author":{"@id":"https:\/\/regbu.com\/en\/#\/schema\/person\/94ea9deda2629771b8a9ced002f6784e"},"description":"Vet du vilka som \u00e4r de st\u00f6rsta sj\u00f6arna i v\u00e4rlden? Vi ber\u00e4ttar vad de heter och ger dig exempel fr\u00e5n n\u00e4stan alla delar av landet.","breadcrumb":{"@id":"https:\/\/regbu.com\/sv\/varldens-storsta-sjo-fa-kanna-dem-alla\/#breadcrumb"},"inLanguage":"sv-SE","potentialAction":[{"@type":"ReadAction","target":["https:\/\/regbu.com\/sv\/varldens-storsta-sjo-fa-kanna-dem-alla\/"]}]},{"@type":"ImageObject","inLanguage":"sv-SE","@id":"https:\/\/regbu.com\/sv\/varldens-storsta-sjo-fa-kanna-dem-alla\/#primaryimage","url":"https:\/\/regbu.com\/wp-content\/uploads\/2023\/06\/nejvetsi-jezera-sveta-poznejte-je-vsechny.jpg","contentUrl":"https:\/\/regbu.com\/wp-content\/uploads\/2023\/06\/nejvetsi-jezera-sveta-poznejte-je-vsechny.jpg","width":1200,"height":676,"caption":"Nejv\u011bt\u0161\u00ed jezera sv\u011bta \u2013 Poznejte je v\u0161echny"},{"@type":"BreadcrumbList","@id":"https:\/\/regbu.com\/sv\/varldens-storsta-sjo-fa-kanna-dem-alla\/#breadcrumb","itemListElement":[{"@type":"ListItem","position":1,"name":"Home","item":"https:\/\/regbu.com\/en\/"},{"@type":"ListItem","position":2,"name":"Nejv\u011bt\u0161\u00ed jezera sv\u011bta \u2013 Poznejte je v\u0161echny"}]},{"@type":"WebSite","@id":"https:\/\/regbu.com\/en\/#website","url":"https:\/\/regbu.com\/en\/","name":"REGBU.COM","description":"","potentialAction":[{"@type":"SearchAction","target":{"@type":"EntryPoint","urlTemplate":"https:\/\/regbu.com\/en\/?s={search_term_string}"},"query-input":{"@type":"PropertyValueSpecification","valueRequired":true,"valueName":"search_term_string"}}],"inLanguage":"sv-SE"},{"@type":"Person","@id":"https:\/\/regbu.com\/en\/#\/schema\/person\/94ea9deda2629771b8a9ced002f6784e","name":"George Martin","url":"https:\/\/regbu.com\/sv\/author\/george-martin\/"}]}},"_links":{"self":[{"href":"https:\/\/regbu.com\/sv\/wp-json\/wp\/v2\/posts\/951","targetHints":{"allow":["GET"]}}],"collection":[{"href":"https:\/\/regbu.com\/sv\/wp-json\/wp\/v2\/posts"}],"about":[{"href":"https:\/\/regbu.com\/sv\/wp-json\/wp\/v2\/types\/post"}],"author":[{"embeddable":true,"href":"https:\/\/regbu.com\/sv\/wp-json\/wp\/v2\/users\/2"}],"replies":[{"embeddable":true,"href":"https:\/\/regbu.com\/sv\/wp-json\/wp\/v2\/comments?post=951"}],"version-history":[{"count":2,"href":"https:\/\/regbu.com\/sv\/wp-json\/wp\/v2\/posts\/951\/revisions"}],"predecessor-version":[{"id":963,"href":"https:\/\/regbu.com\/sv\/wp-json\/wp\/v2\/posts\/951\/revisions\/963"}],"wp:featuredmedia":[{"embeddable":true,"href":"https:\/\/regbu.com\/sv\/wp-json\/wp\/v2\/media\/948"}],"wp:attachment":[{"href":"https:\/\/regbu.com\/sv\/wp-json\/wp\/v2\/media?parent=951"}],"wp:term":[{"taxonomy":"category","embeddable":true,"href":"https:\/\/regbu.com\/sv\/wp-json\/wp\/v2\/categories?post=951"},{"taxonomy":"post_tag","embeddable":true,"href":"https:\/\/regbu.com\/sv\/wp-json\/wp\/v2\/tags?post=951"}],"curies":[{"name":"wp","href":"https:\/\/api.w.org\/{rel}","templated":true}]}}