{"id":947,"date":"2023-06-21T16:15:32","date_gmt":"2023-06-21T14:15:32","guid":{"rendered":"https:\/\/regbu.com\/?p=947"},"modified":"2025-09-05T07:42:05","modified_gmt":"2025-09-05T05:42:05","slug":"dovolena-v-karavanu-ma-sve-vyhody","status":"publish","type":"post","link":"https:\/\/regbu.com\/sv\/husvagnssemester-har-fordelarna\/","title":{"rendered":"Semester med husvagn har sina f\u00f6rdelar"},"content":{"rendered":"<p>En semester med husvagn till\u00e5ter <strong><a href=\"https:\/\/regbu.com\/sv\/resa-med-hund-kraver-saker-forberedelse\/\">resa med hund<\/a><\/strong> och medf\u00f6r m\u00e5nga intressanta f\u00f6rdelar. Kanske \u00e4r det d\u00e4rf\u00f6r som m\u00e4nniskor ofta dras till dessa mobila boenden. F\u00f6rs\u00e4ljning och uthyrning av husvagnar och husbilar \u00f6kar, med vilka man kan f\u00e5 m\u00e5nga extraordin\u00e4ra upplevelser.<\/p>\n\n\n\n<ul class=\"wp-block-list\">\n<li>Husvagnen dras bakom fordonet<\/li>\n\n\n\n<li>Husvagnen \u00e4r en kombination av en bil och en husvagn<\/li>\n<\/ul>\n\n\n\n<p>Det finns naturligtvis andra alternativ som liknar husvagnar. Husvagnar \u00e4r ett typiskt fall. Ett n\u00e5got mer avl\u00e4gset exempel torde vara bilar som g\u00f6r det m\u00f6jligt att s\u00e4tta upp ett t\u00e4lt p\u00e5 fordonets tak.<\/p>\n\n\n\n<h2 class=\"wp-block-heading\">Varf\u00f6r \u00e5ka p\u00e5 semester i husvagn?<\/h2>\n\n\n\n<p>En fr\u00e5ga som det finns ett mycket enkelt svar p\u00e5. F\u00f6rst och fr\u00e4mst handlar det om den maximala frihetsk\u00e4nslan. Till viss del kan du sova var du vill. Samtidigt v\u00e4ntar du p\u00e5 <strong>en god dos \u00e4ventyr<\/strong>. Du kan snabbt \u00e4ndra din destination och resv\u00e4g i farten. Okonventionella \u00f6gonblick \u00e4r d\u00e4rf\u00f6r en absolut garanti. Och p\u00e5 vilka omr\u00e5den konkurrerar husvagnen och husbilen?<\/p>\n\n\n\n<figure class=\"wp-block-table\"><table><tbody><tr><td><strong>Situation<\/strong><\/td><td><strong>Vinnare<\/strong><\/td><\/tr><tr><td>Beroende av en annan agent<\/td><td>Husvagn<\/td><\/tr><tr><td>B\u00e4ttre bekv\u00e4mligheter<\/td><td>Husvagn<\/td><\/tr><tr><td>L\u00e4gre pris<\/td><td>Husvagn<\/td><\/tr><tr><td>Kontrollerbarhet<\/td><td>Husvagn<\/td><\/tr><\/tbody><\/table><figcaption class=\"wp-element-caption\">J\u00e4mf\u00f6relse av anv\u00e4ndningen av husvagnar och husbilar.<\/figcaption><\/figure>\n\n\n\n<p>Valet mellan husvagn och husbil \u00e4r en helt individuell fr\u00e5ga. Det viktiga \u00e4r att du med denna reseform inte beh\u00f6ver stanna p\u00e5 en plats. Man beh\u00f6ver inte boka hotell eller n\u00e5got liknande i f\u00f6rv\u00e4g. D\u00e4r du hamnar \u00e4r d\u00e4r du hamnar, och det \u00e4r d\u00e4r du kommer att sova.<\/p>\n\n\n\n<h3 class=\"wp-block-heading\">Semester med husvagn och dess f\u00f6rdelar<\/h3>\n\n\n\n<p>Om du lockas av en husvagnssemester ger vi dig naturligtvis en extra dos av f\u00f6rdelarna med detta s\u00e4tt att resa. Du beh\u00f6ver till exempel inte oroa dig f\u00f6r att ta med dig en eller tv\u00e5 v\u00e4skor. G\u00f6r <strong>husvagn och husbil<\/strong> det \u00e4r mycket som h\u00e4nder. En s\u00e5dan semester \u00e4r idealisk inte bara f\u00f6r par, v\u00e4nner utan i princip hela familjen. I m\u00e5nga l\u00e4nder runt om i v\u00e4rlden kan du campa vilt, det vill s\u00e4ga var du \u00e4n stannar.<\/p>\n\n\n\n<p>En husvagnssemester inneb\u00e4r naturligtvis inte att du m\u00e5ste k\u00f6pa en husvagn direkt. Du kan ocks\u00e5 hyra en, <em>vilket ofta \u00e4r billigare<\/em>\u00e4n om du och hela din familj skulle bo p\u00e5 ett visst hotell under en viss tid. F\u00f6rdelarna med att resa i husbil \u00f6verv\u00e4ger helt enkelt.<\/p>","protected":false},"excerpt":{"rendered":"<p>En husvagnssemester ger dig m\u00f6jlighet att resa med din hund och erbjuder m\u00e5nga intressanta f\u00f6rdelar. Kanske \u00e4r det d\u00e4rf\u00f6r som m\u00e4nniskor ofta dras till dessa mobila boendeanl\u00e4ggningar. F\u00f6rs\u00e4ljning och uthyrning av husvagnar och husbilar \u00f6kar, och det finns m\u00e5nga extraordin\u00e4ra upplevelser att f\u00e5 med dem. Det finns naturligtvis andra alternativ som liknar husvagnar. Husbilar \u00e4r ett typiskt fall. Ett lite mer avl\u00e4gset exempel ... <\/p>","protected":false},"author":2,"featured_media":949,"comment_status":"closed","ping_status":"closed","sticky":false,"template":"","format":"standard","meta":{"footnotes":""},"categories":[8],"tags":[548,637,922,923,925,924,926,653,927,157],"class_list":["post-947","post","type-post","status-publish","format-standard","has-post-thumbnail","hentry","category-cestovani","tag-cena","tag-cestovani","tag-dovolena-v-karavanu","tag-karavan","tag-karavany","tag-obytny-vuz","tag-pronajem","tag-vozidlo","tag-vybavenost","tag-vyhody"],"yoast_head":"<!-- This site is optimized with the Yoast SEO plugin v27.5 - https:\/\/yoast.com\/product\/yoast-seo-wordpress\/ -->\n<title>Dovolen\u00e1 v\u00a0karavanu m\u00e1 sv\u00e9 v\u00fdhody - REGBU.COM<\/title>\n<meta name=\"description\" content=\"Dovolen\u00e1 v karavanu otev\u00edr\u00e1 zcela nov\u00e9 mo\u017enosti cestov\u00e1n\u00ed. U\u017e\u00edvejte si cestu v trochu jin\u00e9m pod\u00e1n\u00ed, kdy V\u00e1m nebude nic chyb\u011bt.\" \/>\n<meta name=\"robots\" content=\"index, follow, max-snippet:-1, max-image-preview:large, max-video-preview:-1\" \/>\n<link rel=\"canonical\" href=\"https:\/\/regbu.com\/sv\/husvagnssemester-har-fordelarna\/\" \/>\n<meta property=\"og:locale\" content=\"sv_SE\" \/>\n<meta property=\"og:type\" content=\"article\" \/>\n<meta property=\"og:title\" content=\"Dovolen\u00e1 v\u00a0karavanu m\u00e1 sv\u00e9 v\u00fdhody - REGBU.COM\" \/>\n<meta property=\"og:description\" content=\"Dovolen\u00e1 v karavanu otev\u00edr\u00e1 zcela nov\u00e9 mo\u017enosti cestov\u00e1n\u00ed. U\u017e\u00edvejte si cestu v trochu jin\u00e9m pod\u00e1n\u00ed, kdy V\u00e1m nebude nic chyb\u011bt.\" \/>\n<meta property=\"og:url\" content=\"https:\/\/regbu.com\/sv\/husvagnssemester-har-fordelarna\/\" \/>\n<meta property=\"og:site_name\" content=\"REGBU.COM\" \/>\n<meta property=\"article:published_time\" content=\"2023-06-21T14:15:32+00:00\" \/>\n<meta property=\"article:modified_time\" content=\"2025-09-05T05:42:05+00:00\" \/>\n<meta property=\"og:image\" content=\"https:\/\/regbu.com\/wp-content\/uploads\/2023\/06\/dovolena-v-karavanu-ma-sve-vyhody.jpg\" \/>\n\t<meta property=\"og:image:width\" content=\"1200\" \/>\n\t<meta property=\"og:image:height\" content=\"675\" \/>\n\t<meta property=\"og:image:type\" content=\"image\/jpeg\" \/>\n<meta name=\"author\" content=\"George Martin\" \/>\n<meta name=\"twitter:card\" content=\"summary_large_image\" \/>\n<meta name=\"twitter:label1\" content=\"Skriven av\" \/>\n\t<meta name=\"twitter:data1\" content=\"George Martin\" \/>\n\t<meta name=\"twitter:label2\" content=\"Ber\u00e4knad l\u00e4stid\" \/>\n\t<meta name=\"twitter:data2\" content=\"2 minuter\" \/>\n<script type=\"application\/ld+json\" class=\"yoast-schema-graph\">{\"@context\":\"https:\\\/\\\/schema.org\",\"@graph\":[{\"@type\":\"Article\",\"@id\":\"https:\\\/\\\/regbu.com\\\/sv\\\/husvagnssemester-har-fordelarna\\\/#article\",\"isPartOf\":{\"@id\":\"https:\\\/\\\/regbu.com\\\/sv\\\/husvagnssemester-har-fordelarna\\\/\"},\"author\":{\"name\":\"George Martin\",\"@id\":\"https:\\\/\\\/regbu.com\\\/en\\\/#\\\/schema\\\/person\\\/94ea9deda2629771b8a9ced002f6784e\"},\"headline\":\"Dovolen\u00e1 v\u00a0karavanu m\u00e1 sv\u00e9 v\u00fdhody\",\"datePublished\":\"2023-06-21T14:15:32+00:00\",\"dateModified\":\"2025-09-05T05:42:05+00:00\",\"mainEntityOfPage\":{\"@id\":\"https:\\\/\\\/regbu.com\\\/sv\\\/husvagnssemester-har-fordelarna\\\/\"},\"wordCount\":459,\"image\":{\"@id\":\"https:\\\/\\\/regbu.com\\\/sv\\\/husvagnssemester-har-fordelarna\\\/#primaryimage\"},\"thumbnailUrl\":\"https:\\\/\\\/regbu.com\\\/wp-content\\\/uploads\\\/2023\\\/06\\\/dovolena-v-karavanu-ma-sve-vyhody.jpg\",\"keywords\":[\"cena\",\"cestov\u00e1n\u00ed\",\"dovolen\u00e1 v karavanu\",\"karavan\",\"karavany\",\"obytn\u00fd v\u016fz\",\"pron\u00e1jem\",\"vozidlo\",\"vybavenost\",\"v\u00fdhody\"],\"articleSection\":[\"Cestov\u00e1n\u00ed\"],\"inLanguage\":\"sv-SE\"},{\"@type\":\"WebPage\",\"@id\":\"https:\\\/\\\/regbu.com\\\/sv\\\/husvagnssemester-har-fordelarna\\\/\",\"url\":\"https:\\\/\\\/regbu.com\\\/sv\\\/husvagnssemester-har-fordelarna\\\/\",\"name\":\"Dovolen\u00e1 v\u00a0karavanu m\u00e1 sv\u00e9 v\u00fdhody - REGBU.COM\",\"isPartOf\":{\"@id\":\"https:\\\/\\\/regbu.com\\\/en\\\/#website\"},\"primaryImageOfPage\":{\"@id\":\"https:\\\/\\\/regbu.com\\\/sv\\\/husvagnssemester-har-fordelarna\\\/#primaryimage\"},\"image\":{\"@id\":\"https:\\\/\\\/regbu.com\\\/sv\\\/husvagnssemester-har-fordelarna\\\/#primaryimage\"},\"thumbnailUrl\":\"https:\\\/\\\/regbu.com\\\/wp-content\\\/uploads\\\/2023\\\/06\\\/dovolena-v-karavanu-ma-sve-vyhody.jpg\",\"datePublished\":\"2023-06-21T14:15:32+00:00\",\"dateModified\":\"2025-09-05T05:42:05+00:00\",\"author\":{\"@id\":\"https:\\\/\\\/regbu.com\\\/en\\\/#\\\/schema\\\/person\\\/94ea9deda2629771b8a9ced002f6784e\"},\"description\":\"Dovolen\u00e1 v karavanu otev\u00edr\u00e1 zcela nov\u00e9 mo\u017enosti cestov\u00e1n\u00ed. U\u017e\u00edvejte si cestu v trochu jin\u00e9m pod\u00e1n\u00ed, kdy V\u00e1m nebude nic chyb\u011bt.\",\"breadcrumb\":{\"@id\":\"https:\\\/\\\/regbu.com\\\/sv\\\/husvagnssemester-har-fordelarna\\\/#breadcrumb\"},\"inLanguage\":\"sv-SE\",\"potentialAction\":[{\"@type\":\"ReadAction\",\"target\":[\"https:\\\/\\\/regbu.com\\\/sv\\\/husvagnssemester-har-fordelarna\\\/\"]}]},{\"@type\":\"ImageObject\",\"inLanguage\":\"sv-SE\",\"@id\":\"https:\\\/\\\/regbu.com\\\/sv\\\/husvagnssemester-har-fordelarna\\\/#primaryimage\",\"url\":\"https:\\\/\\\/regbu.com\\\/wp-content\\\/uploads\\\/2023\\\/06\\\/dovolena-v-karavanu-ma-sve-vyhody.jpg\",\"contentUrl\":\"https:\\\/\\\/regbu.com\\\/wp-content\\\/uploads\\\/2023\\\/06\\\/dovolena-v-karavanu-ma-sve-vyhody.jpg\",\"width\":1200,\"height\":675,\"caption\":\"Dovolen\u00e1 v karavanu m\u00e1 sv\u00e9 v\u00fdhody\"},{\"@type\":\"BreadcrumbList\",\"@id\":\"https:\\\/\\\/regbu.com\\\/sv\\\/husvagnssemester-har-fordelarna\\\/#breadcrumb\",\"itemListElement\":[{\"@type\":\"ListItem\",\"position\":1,\"name\":\"Home\",\"item\":\"https:\\\/\\\/regbu.com\\\/en\\\/\"},{\"@type\":\"ListItem\",\"position\":2,\"name\":\"Dovolen\u00e1 v\u00a0karavanu m\u00e1 sv\u00e9 v\u00fdhody\"}]},{\"@type\":\"WebSite\",\"@id\":\"https:\\\/\\\/regbu.com\\\/en\\\/#website\",\"url\":\"https:\\\/\\\/regbu.com\\\/en\\\/\",\"name\":\"REGBU.COM\",\"description\":\"\",\"potentialAction\":[{\"@type\":\"SearchAction\",\"target\":{\"@type\":\"EntryPoint\",\"urlTemplate\":\"https:\\\/\\\/regbu.com\\\/en\\\/?s={search_term_string}\"},\"query-input\":{\"@type\":\"PropertyValueSpecification\",\"valueRequired\":true,\"valueName\":\"search_term_string\"}}],\"inLanguage\":\"sv-SE\"},{\"@type\":\"Person\",\"@id\":\"https:\\\/\\\/regbu.com\\\/en\\\/#\\\/schema\\\/person\\\/94ea9deda2629771b8a9ced002f6784e\",\"name\":\"George Martin\",\"url\":\"https:\\\/\\\/regbu.com\\\/sv\\\/author\\\/george-martin\\\/\"}]}<\/script>\n<!-- \/ Yoast SEO plugin. -->","yoast_head_json":{"title":"Semester med husvagn har sina f\u00f6rdelar - REGBU.COM","description":"En husvagnssemester \u00f6ppnar upp f\u00f6r helt nya resm\u00f6jligheter. Njut av din resa p\u00e5 ett annorlunda s\u00e4tt, n\u00e4r du inte missar n\u00e5gonting.","robots":{"index":"index","follow":"follow","max-snippet":"max-snippet:-1","max-image-preview":"max-image-preview:large","max-video-preview":"max-video-preview:-1"},"canonical":"https:\/\/regbu.com\/sv\/husvagnssemester-har-fordelarna\/","og_locale":"sv_SE","og_type":"article","og_title":"Dovolen\u00e1 v\u00a0karavanu m\u00e1 sv\u00e9 v\u00fdhody - REGBU.COM","og_description":"Dovolen\u00e1 v karavanu otev\u00edr\u00e1 zcela nov\u00e9 mo\u017enosti cestov\u00e1n\u00ed. U\u017e\u00edvejte si cestu v trochu jin\u00e9m pod\u00e1n\u00ed, kdy V\u00e1m nebude nic chyb\u011bt.","og_url":"https:\/\/regbu.com\/sv\/husvagnssemester-har-fordelarna\/","og_site_name":"REGBU.COM","article_published_time":"2023-06-21T14:15:32+00:00","article_modified_time":"2025-09-05T05:42:05+00:00","og_image":[{"width":1200,"height":675,"url":"https:\/\/regbu.com\/wp-content\/uploads\/2023\/06\/dovolena-v-karavanu-ma-sve-vyhody.jpg","type":"image\/jpeg"}],"author":"George Martin","twitter_card":"summary_large_image","twitter_misc":{"Skriven av":"George Martin","Ber\u00e4knad l\u00e4stid":"2 minuter"},"schema":{"@context":"https:\/\/schema.org","@graph":[{"@type":"Article","@id":"https:\/\/regbu.com\/sv\/husvagnssemester-har-fordelarna\/#article","isPartOf":{"@id":"https:\/\/regbu.com\/sv\/husvagnssemester-har-fordelarna\/"},"author":{"name":"George Martin","@id":"https:\/\/regbu.com\/en\/#\/schema\/person\/94ea9deda2629771b8a9ced002f6784e"},"headline":"Dovolen\u00e1 v\u00a0karavanu m\u00e1 sv\u00e9 v\u00fdhody","datePublished":"2023-06-21T14:15:32+00:00","dateModified":"2025-09-05T05:42:05+00:00","mainEntityOfPage":{"@id":"https:\/\/regbu.com\/sv\/husvagnssemester-har-fordelarna\/"},"wordCount":459,"image":{"@id":"https:\/\/regbu.com\/sv\/husvagnssemester-har-fordelarna\/#primaryimage"},"thumbnailUrl":"https:\/\/regbu.com\/wp-content\/uploads\/2023\/06\/dovolena-v-karavanu-ma-sve-vyhody.jpg","keywords":["cena","cestov\u00e1n\u00ed","dovolen\u00e1 v karavanu","karavan","karavany","obytn\u00fd v\u016fz","pron\u00e1jem","vozidlo","vybavenost","v\u00fdhody"],"articleSection":["Cestov\u00e1n\u00ed"],"inLanguage":"sv-SE"},{"@type":"WebPage","@id":"https:\/\/regbu.com\/sv\/husvagnssemester-har-fordelarna\/","url":"https:\/\/regbu.com\/sv\/husvagnssemester-har-fordelarna\/","name":"Semester med husvagn har sina f\u00f6rdelar - REGBU.COM","isPartOf":{"@id":"https:\/\/regbu.com\/en\/#website"},"primaryImageOfPage":{"@id":"https:\/\/regbu.com\/sv\/husvagnssemester-har-fordelarna\/#primaryimage"},"image":{"@id":"https:\/\/regbu.com\/sv\/husvagnssemester-har-fordelarna\/#primaryimage"},"thumbnailUrl":"https:\/\/regbu.com\/wp-content\/uploads\/2023\/06\/dovolena-v-karavanu-ma-sve-vyhody.jpg","datePublished":"2023-06-21T14:15:32+00:00","dateModified":"2025-09-05T05:42:05+00:00","author":{"@id":"https:\/\/regbu.com\/en\/#\/schema\/person\/94ea9deda2629771b8a9ced002f6784e"},"description":"En husvagnssemester \u00f6ppnar upp f\u00f6r helt nya resm\u00f6jligheter. Njut av din resa p\u00e5 ett annorlunda s\u00e4tt, n\u00e4r du inte missar n\u00e5gonting.","breadcrumb":{"@id":"https:\/\/regbu.com\/sv\/husvagnssemester-har-fordelarna\/#breadcrumb"},"inLanguage":"sv-SE","potentialAction":[{"@type":"ReadAction","target":["https:\/\/regbu.com\/sv\/husvagnssemester-har-fordelarna\/"]}]},{"@type":"ImageObject","inLanguage":"sv-SE","@id":"https:\/\/regbu.com\/sv\/husvagnssemester-har-fordelarna\/#primaryimage","url":"https:\/\/regbu.com\/wp-content\/uploads\/2023\/06\/dovolena-v-karavanu-ma-sve-vyhody.jpg","contentUrl":"https:\/\/regbu.com\/wp-content\/uploads\/2023\/06\/dovolena-v-karavanu-ma-sve-vyhody.jpg","width":1200,"height":675,"caption":"Dovolen\u00e1 v karavanu m\u00e1 sv\u00e9 v\u00fdhody"},{"@type":"BreadcrumbList","@id":"https:\/\/regbu.com\/sv\/husvagnssemester-har-fordelarna\/#breadcrumb","itemListElement":[{"@type":"ListItem","position":1,"name":"Home","item":"https:\/\/regbu.com\/en\/"},{"@type":"ListItem","position":2,"name":"Dovolen\u00e1 v\u00a0karavanu m\u00e1 sv\u00e9 v\u00fdhody"}]},{"@type":"WebSite","@id":"https:\/\/regbu.com\/en\/#website","url":"https:\/\/regbu.com\/en\/","name":"REGBU.COM","description":"","potentialAction":[{"@type":"SearchAction","target":{"@type":"EntryPoint","urlTemplate":"https:\/\/regbu.com\/en\/?s={search_term_string}"},"query-input":{"@type":"PropertyValueSpecification","valueRequired":true,"valueName":"search_term_string"}}],"inLanguage":"sv-SE"},{"@type":"Person","@id":"https:\/\/regbu.com\/en\/#\/schema\/person\/94ea9deda2629771b8a9ced002f6784e","name":"George Martin","url":"https:\/\/regbu.com\/sv\/author\/george-martin\/"}]}},"_links":{"self":[{"href":"https:\/\/regbu.com\/sv\/wp-json\/wp\/v2\/posts\/947","targetHints":{"allow":["GET"]}}],"collection":[{"href":"https:\/\/regbu.com\/sv\/wp-json\/wp\/v2\/posts"}],"about":[{"href":"https:\/\/regbu.com\/sv\/wp-json\/wp\/v2\/types\/post"}],"author":[{"embeddable":true,"href":"https:\/\/regbu.com\/sv\/wp-json\/wp\/v2\/users\/2"}],"replies":[{"embeddable":true,"href":"https:\/\/regbu.com\/sv\/wp-json\/wp\/v2\/comments?post=947"}],"version-history":[{"count":2,"href":"https:\/\/regbu.com\/sv\/wp-json\/wp\/v2\/posts\/947\/revisions"}],"predecessor-version":[{"id":961,"href":"https:\/\/regbu.com\/sv\/wp-json\/wp\/v2\/posts\/947\/revisions\/961"}],"wp:featuredmedia":[{"embeddable":true,"href":"https:\/\/regbu.com\/sv\/wp-json\/wp\/v2\/media\/949"}],"wp:attachment":[{"href":"https:\/\/regbu.com\/sv\/wp-json\/wp\/v2\/media?parent=947"}],"wp:term":[{"taxonomy":"category","embeddable":true,"href":"https:\/\/regbu.com\/sv\/wp-json\/wp\/v2\/categories?post=947"},{"taxonomy":"post_tag","embeddable":true,"href":"https:\/\/regbu.com\/sv\/wp-json\/wp\/v2\/tags?post=947"}],"curies":[{"name":"wp","href":"https:\/\/api.w.org\/{rel}","templated":true}]}}