{"id":944,"date":"2023-06-21T16:12:51","date_gmt":"2023-06-21T14:12:51","guid":{"rendered":"https:\/\/regbu.com\/?p=944"},"modified":"2025-09-05T07:42:07","modified_gmt":"2025-09-05T05:42:07","slug":"cestovni-pojisteni-je-nezbytnou-ochranou","status":"publish","type":"post","link":"https:\/\/regbu.com\/sv\/reseforsakring-ar-ett-viktigt-skydd\/","title":{"rendered":"Resef\u00f6rs\u00e4kring \u00e4r ett n\u00f6dv\u00e4ndigt skydd"},"content":{"rendered":"<p>Resef\u00f6rs\u00e4kring \u00e4r en tj\u00e4nst som anv\u00e4nds n\u00e4r du reser utomlands. Oavsett om du ska till <a href=\"https:\/\/regbu.com\/sv\/ferraty-du-bara-alskar\/\"><strong>Ferraty<\/strong> <\/a>eller en lugn familjesemester. Det \u00e4r med hj\u00e4lp av en resef\u00f6rs\u00e4kring som du kan f\u00e5 ett fullgott skydd i form av ekonomiska f\u00f6rm\u00e5ner.<\/p>\n\n\n\n<ul class=\"wp-block-list\">\n<li>Skada<\/li>\n\n\n\n<li>Kostnader f\u00f6r sjukv\u00e5rd<\/li>\n\n\n\n<li>Skada p\u00e5 andra personer<\/li>\n<\/ul>\n\n\n\n<p>Numera har nog alla r\u00e4tt i att ingenting \u00e4r gratis. S\u00e5 du kan inte f\u00f6rv\u00e4nta dig att n\u00e5gon ska behandla dig utomlands gratis. Din inhemska f\u00f6rs\u00e4kring erbjuder inte s\u00e5dana tj\u00e4nster. Du m\u00e5ste ha <strong>resef\u00f6rs\u00e4kring<\/strong>fr\u00e5n vilken betalningen kommer att g\u00f6ras.<\/p>\n\n\n\n<h2 class=\"wp-block-heading\">Grundl\u00e4ggande resef\u00f6rs\u00e4kring<\/h2>\n\n\n\n<p>L\u00e5t oss f\u00f6rst titta p\u00e5 den grundl\u00e4ggande formen av resef\u00f6rs\u00e4kring. Denna t\u00e4cker vanligtvis kostnader i samband med sjukhusvistelse, akut behandling, operationer och annan behandling. Assistanstj\u00e4nster och <em>transport av den avlidne tillbaka till hans\/hennes hemland<\/em>. Om du gillar adrenalin och \u00e4ventyr \u00e4r det bra att teckna en resef\u00f6rs\u00e4kring.<\/p>\n\n\n\n<h3 class=\"wp-block-heading\">Fr\u00e5gor och svar<\/h3>\n\n\n\n<p>Den vanliga resef\u00f6rs\u00e4kringen t\u00e4cker vanliga sporter som simning och tennis. Vandring, bergskl\u00e4ttring, bergskl\u00e4ttring eller forsr\u00e4nning \u00e4r redan <strong>f\u00f6r en extra avgift<\/strong>. D\u00e4rf\u00f6r \u00e4r det viktigt att l\u00e4sa alla parametrar f\u00f6r en viss produkt n\u00e4r man ing\u00e5r ett resef\u00f6rs\u00e4kringsavtal.<\/p>\n\n\n\n<div class=\"schema-faq wp-block-yoast-faq-block\"><div class=\"schema-faq-section\" id=\"faq-question-1687356398473\"><strong class=\"schema-faq-question\">Vilka alternativ finns det f\u00f6r resef\u00f6rs\u00e4kring?<\/strong> <p class=\"schema-faq-answer\">Du kan till exempel f\u00f6rs\u00e4kra avbest\u00e4llning av resa, ansvar f\u00f6r skador som orsakats andra personer eller resgods och dess f\u00f6rlust.<\/p> <\/div> <div class=\"schema-faq-section\" id=\"faq-question-1687356405357\"><strong class=\"schema-faq-question\">Kan jag ocks\u00e5 f\u00e5 olycksfallsf\u00f6rs\u00e4kring?<\/strong> <p class=\"schema-faq-answer\">Ja, olycksfallsf\u00f6rs\u00e4kring kan vara en integrerad del av resef\u00f6rs\u00e4kringen i en f\u00f6rutbest\u00e4md omfattning.<\/p> <\/div> <div class=\"schema-faq-section\" id=\"faq-question-1687356413120\"><strong class=\"schema-faq-question\">Vad \u00e4r viktigt med en resef\u00f6rs\u00e4kring?<\/strong> <p class=\"schema-faq-answer\">F\u00f6rst och fr\u00e4mst handlar det om omfattningen av de tj\u00e4nster som ing\u00e5r i f\u00f6rs\u00e4kringen och \u00e4ven om storleken p\u00e5 den ekonomiska ers\u00e4ttningen.<\/p> <\/div> <div class=\"schema-faq-section\" id=\"faq-question-1687356424631\"><strong class=\"schema-faq-question\">Vad kan ytterligare st\u00f6dtj\u00e4nster omfatta?<\/strong> <p class=\"schema-faq-answer\">\u00d6vers\u00e4ttning kommer att tillhandah\u00e5llas som en del av f\u00f6rs\u00e4kringsers\u00e4ttningen. Hj\u00e4lp med att hitta alternativ inkvartering, professionella l\u00e4karkontroller och betalning av en borgen i h\u00e4ndelse av brott mot lokala lagar.<\/p> <\/div> <div class=\"schema-faq-section\" id=\"faq-question-1687356431244\"><strong class=\"schema-faq-question\">N\u00e4r l\u00f6nar det sig att teckna en n\u00f6dv\u00e4ndig resef\u00f6rs\u00e4kring?<\/strong> <p class=\"schema-faq-answer\">Teckna f\u00f6rs\u00e4kring minst en dag innan du planerar att resa, fr\u00e5n och med den dag du reser utomlands f\u00f6r f\u00f6rsta g\u00e5ngen.<\/p> <\/div> <\/div>","protected":false},"excerpt":{"rendered":"<p>Resef\u00f6rs\u00e4kring \u00e4r en tj\u00e4nst som anv\u00e4nds n\u00e4r du reser utomlands. Oavsett om du ska p\u00e5 en ferrataresa eller en lugn familjesemester. Det \u00e4r med hj\u00e4lp av resef\u00f6rs\u00e4kringen som du kan f\u00e5 ett fullgott skydd i form av ekonomiska f\u00f6rm\u00e5ner. Nuf\u00f6rtiden misst\u00e4nker alla f\u00f6rmodligen korrekt att ingenting \u00e4r gratis. Och s\u00e5 kan du inte f\u00f6rv\u00e4nta dig att vara ... <\/p>","protected":false},"author":2,"featured_media":945,"comment_status":"closed","ping_status":"closed","sticky":false,"template":"","format":"standard","meta":{"footnotes":""},"categories":[8],"tags":[915,916,637,914,917,919,615,920,921,918],"class_list":["post-944","post","type-post","status-publish","format-standard","has-post-thumbnail","hentry","category-cestovani","tag-asistencni-sluzba","tag-asistencni-sluzby","tag-cestovani","tag-cestovni-pojisteni","tag-hospitalizace","tag-lekar","tag-pojisteni","tag-uraz","tag-vylohy","tag-zakrok"],"yoast_head":"<!-- This site is optimized with the Yoast SEO plugin v27.4 - https:\/\/yoast.com\/product\/yoast-seo-wordpress\/ -->\n<title>Cestovn\u00ed poji\u0161t\u011bn\u00ed je nezbytnou ochranou - REGBU.COM<\/title>\n<meta name=\"description\" content=\"Pokud se chyst\u00e1te za hranice, sjednejte si cestovn\u00ed poji\u0161t\u011bn\u00ed, kter\u00e9 V\u00e1s ochr\u00e1n\u00ed p\u0159ed neo\u010dek\u00e1van\u00fdmi l\u00e9ka\u0159sk\u00fdmi v\u00fdlohami.\" \/>\n<meta name=\"robots\" content=\"index, follow, max-snippet:-1, max-image-preview:large, max-video-preview:-1\" \/>\n<link rel=\"canonical\" href=\"https:\/\/regbu.com\/sv\/reseforsakring-ar-ett-viktigt-skydd\/\" \/>\n<meta property=\"og:locale\" content=\"sv_SE\" \/>\n<meta property=\"og:type\" content=\"article\" \/>\n<meta property=\"og:title\" content=\"Cestovn\u00ed poji\u0161t\u011bn\u00ed je nezbytnou ochranou - REGBU.COM\" \/>\n<meta property=\"og:description\" content=\"Pokud se chyst\u00e1te za hranice, sjednejte si cestovn\u00ed poji\u0161t\u011bn\u00ed, kter\u00e9 V\u00e1s ochr\u00e1n\u00ed p\u0159ed neo\u010dek\u00e1van\u00fdmi l\u00e9ka\u0159sk\u00fdmi v\u00fdlohami.\" \/>\n<meta property=\"og:url\" content=\"https:\/\/regbu.com\/sv\/reseforsakring-ar-ett-viktigt-skydd\/\" \/>\n<meta property=\"og:site_name\" content=\"REGBU.COM\" \/>\n<meta property=\"article:published_time\" content=\"2023-06-21T14:12:51+00:00\" \/>\n<meta property=\"article:modified_time\" content=\"2025-09-05T05:42:07+00:00\" \/>\n<meta property=\"og:image\" content=\"https:\/\/regbu.com\/wp-content\/uploads\/2023\/06\/cestovni-pojisteni-je-nezbytnou-ochranou.jpg\" \/>\n\t<meta property=\"og:image:width\" content=\"1200\" \/>\n\t<meta property=\"og:image:height\" content=\"676\" \/>\n\t<meta property=\"og:image:type\" content=\"image\/jpeg\" \/>\n<meta name=\"author\" content=\"George Martin\" \/>\n<meta name=\"twitter:card\" content=\"summary_large_image\" \/>\n<meta name=\"twitter:label1\" content=\"Skriven av\" \/>\n\t<meta name=\"twitter:data1\" content=\"George Martin\" \/>\n\t<meta name=\"twitter:label2\" content=\"Ber\u00e4knad l\u00e4stid\" \/>\n\t<meta name=\"twitter:data2\" content=\"2 minuter\" \/>\n<script type=\"application\/ld+json\" class=\"yoast-schema-graph\">{\"@context\":\"https:\\\/\\\/schema.org\",\"@graph\":[{\"@type\":\"Article\",\"@id\":\"https:\\\/\\\/regbu.com\\\/sv\\\/reseforsakring-ar-ett-viktigt-skydd\\\/#article\",\"isPartOf\":{\"@id\":\"https:\\\/\\\/regbu.com\\\/sv\\\/reseforsakring-ar-ett-viktigt-skydd\\\/\"},\"author\":{\"name\":\"George Martin\",\"@id\":\"https:\\\/\\\/regbu.com\\\/en\\\/#\\\/schema\\\/person\\\/94ea9deda2629771b8a9ced002f6784e\"},\"headline\":\"Cestovn\u00ed poji\u0161t\u011bn\u00ed je nezbytnou ochranou\",\"datePublished\":\"2023-06-21T14:12:51+00:00\",\"dateModified\":\"2025-09-05T05:42:07+00:00\",\"mainEntityOfPage\":{\"@id\":\"https:\\\/\\\/regbu.com\\\/sv\\\/reseforsakring-ar-ett-viktigt-skydd\\\/\"},\"wordCount\":478,\"image\":{\"@id\":\"https:\\\/\\\/regbu.com\\\/sv\\\/reseforsakring-ar-ett-viktigt-skydd\\\/#primaryimage\"},\"thumbnailUrl\":\"https:\\\/\\\/regbu.com\\\/wp-content\\\/uploads\\\/2023\\\/06\\\/cestovni-pojisteni-je-nezbytnou-ochranou.jpg\",\"keywords\":[\"asisten\u010dn\u00ed slu\u017eba\",\"asisten\u010dn\u00ed slu\u017eby\",\"cestov\u00e1n\u00ed\",\"cestovn\u00ed poji\u0161t\u011bn\u00ed\",\"hospitalizace\",\"l\u00e9ka\u0159\",\"poji\u0161t\u011bn\u00ed\",\"\u00faraz\",\"v\u00fdlohy\",\"z\u00e1krok\"],\"articleSection\":[\"Cestov\u00e1n\u00ed\"],\"inLanguage\":\"sv-SE\"},{\"@type\":[\"WebPage\",\"FAQPage\"],\"@id\":\"https:\\\/\\\/regbu.com\\\/sv\\\/reseforsakring-ar-ett-viktigt-skydd\\\/\",\"url\":\"https:\\\/\\\/regbu.com\\\/sv\\\/reseforsakring-ar-ett-viktigt-skydd\\\/\",\"name\":\"Cestovn\u00ed poji\u0161t\u011bn\u00ed je nezbytnou ochranou - REGBU.COM\",\"isPartOf\":{\"@id\":\"https:\\\/\\\/regbu.com\\\/en\\\/#website\"},\"primaryImageOfPage\":{\"@id\":\"https:\\\/\\\/regbu.com\\\/sv\\\/reseforsakring-ar-ett-viktigt-skydd\\\/#primaryimage\"},\"image\":{\"@id\":\"https:\\\/\\\/regbu.com\\\/sv\\\/reseforsakring-ar-ett-viktigt-skydd\\\/#primaryimage\"},\"thumbnailUrl\":\"https:\\\/\\\/regbu.com\\\/wp-content\\\/uploads\\\/2023\\\/06\\\/cestovni-pojisteni-je-nezbytnou-ochranou.jpg\",\"datePublished\":\"2023-06-21T14:12:51+00:00\",\"dateModified\":\"2025-09-05T05:42:07+00:00\",\"author\":{\"@id\":\"https:\\\/\\\/regbu.com\\\/en\\\/#\\\/schema\\\/person\\\/94ea9deda2629771b8a9ced002f6784e\"},\"description\":\"Pokud se chyst\u00e1te za hranice, sjednejte si cestovn\u00ed poji\u0161t\u011bn\u00ed, kter\u00e9 V\u00e1s ochr\u00e1n\u00ed p\u0159ed neo\u010dek\u00e1van\u00fdmi l\u00e9ka\u0159sk\u00fdmi v\u00fdlohami.\",\"breadcrumb\":{\"@id\":\"https:\\\/\\\/regbu.com\\\/sv\\\/reseforsakring-ar-ett-viktigt-skydd\\\/#breadcrumb\"},\"mainEntity\":[{\"@id\":\"https:\\\/\\\/regbu.com\\\/sv\\\/reseforsakring-ar-ett-viktigt-skydd\\\/#faq-question-1687356398473\"},{\"@id\":\"https:\\\/\\\/regbu.com\\\/sv\\\/reseforsakring-ar-ett-viktigt-skydd\\\/#faq-question-1687356405357\"},{\"@id\":\"https:\\\/\\\/regbu.com\\\/sv\\\/reseforsakring-ar-ett-viktigt-skydd\\\/#faq-question-1687356413120\"},{\"@id\":\"https:\\\/\\\/regbu.com\\\/sv\\\/reseforsakring-ar-ett-viktigt-skydd\\\/#faq-question-1687356424631\"},{\"@id\":\"https:\\\/\\\/regbu.com\\\/sv\\\/reseforsakring-ar-ett-viktigt-skydd\\\/#faq-question-1687356431244\"}],\"inLanguage\":\"sv-SE\",\"potentialAction\":[{\"@type\":\"ReadAction\",\"target\":[\"https:\\\/\\\/regbu.com\\\/sv\\\/reseforsakring-ar-ett-viktigt-skydd\\\/\"]}]},{\"@type\":\"ImageObject\",\"inLanguage\":\"sv-SE\",\"@id\":\"https:\\\/\\\/regbu.com\\\/sv\\\/reseforsakring-ar-ett-viktigt-skydd\\\/#primaryimage\",\"url\":\"https:\\\/\\\/regbu.com\\\/wp-content\\\/uploads\\\/2023\\\/06\\\/cestovni-pojisteni-je-nezbytnou-ochranou.jpg\",\"contentUrl\":\"https:\\\/\\\/regbu.com\\\/wp-content\\\/uploads\\\/2023\\\/06\\\/cestovni-pojisteni-je-nezbytnou-ochranou.jpg\",\"width\":1200,\"height\":676,\"caption\":\"Cestovn\u00ed poji\u0161t\u011bn\u00ed je nezbytnou ochranou\"},{\"@type\":\"BreadcrumbList\",\"@id\":\"https:\\\/\\\/regbu.com\\\/sv\\\/reseforsakring-ar-ett-viktigt-skydd\\\/#breadcrumb\",\"itemListElement\":[{\"@type\":\"ListItem\",\"position\":1,\"name\":\"Home\",\"item\":\"https:\\\/\\\/regbu.com\\\/en\\\/\"},{\"@type\":\"ListItem\",\"position\":2,\"name\":\"Cestovn\u00ed poji\u0161t\u011bn\u00ed je nezbytnou ochranou\"}]},{\"@type\":\"WebSite\",\"@id\":\"https:\\\/\\\/regbu.com\\\/en\\\/#website\",\"url\":\"https:\\\/\\\/regbu.com\\\/en\\\/\",\"name\":\"REGBU.COM\",\"description\":\"\",\"potentialAction\":[{\"@type\":\"SearchAction\",\"target\":{\"@type\":\"EntryPoint\",\"urlTemplate\":\"https:\\\/\\\/regbu.com\\\/en\\\/?s={search_term_string}\"},\"query-input\":{\"@type\":\"PropertyValueSpecification\",\"valueRequired\":true,\"valueName\":\"search_term_string\"}}],\"inLanguage\":\"sv-SE\"},{\"@type\":\"Person\",\"@id\":\"https:\\\/\\\/regbu.com\\\/en\\\/#\\\/schema\\\/person\\\/94ea9deda2629771b8a9ced002f6784e\",\"name\":\"George Martin\",\"url\":\"https:\\\/\\\/regbu.com\\\/sv\\\/author\\\/george-martin\\\/\"},{\"@type\":\"Question\",\"@id\":\"https:\\\/\\\/regbu.com\\\/sv\\\/reseforsakring-ar-ett-viktigt-skydd\\\/#faq-question-1687356398473\",\"position\":1,\"url\":\"https:\\\/\\\/regbu.com\\\/sv\\\/reseforsakring-ar-ett-viktigt-skydd\\\/#faq-question-1687356398473\",\"name\":\"Jak\u00e9 jsou mo\u017enosti p\u0159ipoji\u0161t\u011bn\u00ed cestovn\u00edho poji\u0161t\u011bn\u00ed?\",\"answerCount\":1,\"acceptedAnswer\":{\"@type\":\"Answer\",\"text\":\"Pojistit si m\u016f\u017eete t\u0159eba storno z\u00e1jezdu, odpov\u011bdnost za \u0161kodu zp\u016fsobenou jin\u00fdm osob\u00e1m nebo cestovn\u00ed zavazadla a jejich ztr\u00e1tu.\",\"inLanguage\":\"sv-SE\"},\"inLanguage\":\"sv-SE\"},{\"@type\":\"Question\",\"@id\":\"https:\\\/\\\/regbu.com\\\/sv\\\/reseforsakring-ar-ett-viktigt-skydd\\\/#faq-question-1687356405357\",\"position\":2,\"url\":\"https:\\\/\\\/regbu.com\\\/sv\\\/reseforsakring-ar-ett-viktigt-skydd\\\/#faq-question-1687356405357\",\"name\":\"Lze z\u00edskat i \u00farazov\u00e9 poji\u0161t\u011bn\u00ed?\",\"answerCount\":1,\"acceptedAnswer\":{\"@type\":\"Answer\",\"text\":\"Ano, \u00farazov\u00e9 poji\u0161t\u011bn\u00ed m\u016f\u017ee b\u00fdt ned\u00edlnou sou\u010d\u00e1st\u00ed toho cestovn\u00edho v p\u0159edem definovan\u00e9m rozsahu.\",\"inLanguage\":\"sv-SE\"},\"inLanguage\":\"sv-SE\"},{\"@type\":\"Question\",\"@id\":\"https:\\\/\\\/regbu.com\\\/sv\\\/reseforsakring-ar-ett-viktigt-skydd\\\/#faq-question-1687356413120\",\"position\":3,\"url\":\"https:\\\/\\\/regbu.com\\\/sv\\\/reseforsakring-ar-ett-viktigt-skydd\\\/#faq-question-1687356413120\",\"name\":\"Co je u cestovn\u00edho poji\u0161t\u011bn\u00ed d\u016fle\u017eit\u00e9?\",\"answerCount\":1,\"acceptedAnswer\":{\"@type\":\"Answer\",\"text\":\"V prvn\u00ed \u0159ad\u011b je to rozsah slu\u017eeb zahrnut\u00fdch v poji\u0161t\u011bn\u00ed a d\u00e1le tak\u00e9 v\u00fd\u0161e finan\u010dn\u00edho pln\u011bn\u00ed.\",\"inLanguage\":\"sv-SE\"},\"inLanguage\":\"sv-SE\"},{\"@type\":\"Question\",\"@id\":\"https:\\\/\\\/regbu.com\\\/sv\\\/reseforsakring-ar-ett-viktigt-skydd\\\/#faq-question-1687356424631\",\"position\":4,\"url\":\"https:\\\/\\\/regbu.com\\\/sv\\\/reseforsakring-ar-ett-viktigt-skydd\\\/#faq-question-1687356424631\",\"name\":\"Co mohou zahrnovat p\u0159\u00edplatkov\u00e9 asisten\u010dn\u00ed slu\u017eby?\",\"answerCount\":1,\"acceptedAnswer\":{\"@type\":\"Answer\",\"text\":\"Zaji\u0161t\u011bn V\u00e1m bude p\u0159eklad v r\u00e1mci \u0159e\u0161en\u00ed pojistn\u00e9 ud\u00e1losti. Poskytuje se pomoc p\u0159i nalezen\u00ed n\u00e1hradn\u00edho ubytov\u00e1n\u00ed, odborn\u00e1 kontrola l\u00e9ka\u0159sk\u00fdch \u00fakonu a uhrazen\u00ed kauce p\u0159i poru\u0161en\u00ed tamn\u00edch z\u00e1kon\u016f.\",\"inLanguage\":\"sv-SE\"},\"inLanguage\":\"sv-SE\"},{\"@type\":\"Question\",\"@id\":\"https:\\\/\\\/regbu.com\\\/sv\\\/reseforsakring-ar-ett-viktigt-skydd\\\/#faq-question-1687356431244\",\"position\":5,\"url\":\"https:\\\/\\\/regbu.com\\\/sv\\\/reseforsakring-ar-ett-viktigt-skydd\\\/#faq-question-1687356431244\",\"name\":\"Kdy se vyplat\u00ed sjednat si nezbytn\u00e9 cestovn\u00ed poji\u0161t\u011bn\u00ed?\",\"answerCount\":1,\"acceptedAnswer\":{\"@type\":\"Answer\",\"text\":\"Poji\u0161t\u011bn\u00ed si sjednejte alespo\u0148 den p\u0159ed pl\u00e1novanou cestou s platnost\u00ed ode dne, kdy poprv\u00e9 vyjedete za hranice.\",\"inLanguage\":\"sv-SE\"},\"inLanguage\":\"sv-SE\"}]}<\/script>\n<!-- \/ Yoast SEO plugin. -->","yoast_head_json":{"title":"Resef\u00f6rs\u00e4kring \u00e4r ett viktigt skydd - REGBU.COM","description":"Om du ska resa utomlands b\u00f6r du teckna en resef\u00f6rs\u00e4kring som skyddar dig mot ov\u00e4ntade sjukv\u00e5rdskostnader.","robots":{"index":"index","follow":"follow","max-snippet":"max-snippet:-1","max-image-preview":"max-image-preview:large","max-video-preview":"max-video-preview:-1"},"canonical":"https:\/\/regbu.com\/sv\/reseforsakring-ar-ett-viktigt-skydd\/","og_locale":"sv_SE","og_type":"article","og_title":"Cestovn\u00ed poji\u0161t\u011bn\u00ed je nezbytnou ochranou - REGBU.COM","og_description":"Pokud se chyst\u00e1te za hranice, sjednejte si cestovn\u00ed poji\u0161t\u011bn\u00ed, kter\u00e9 V\u00e1s ochr\u00e1n\u00ed p\u0159ed neo\u010dek\u00e1van\u00fdmi l\u00e9ka\u0159sk\u00fdmi v\u00fdlohami.","og_url":"https:\/\/regbu.com\/sv\/reseforsakring-ar-ett-viktigt-skydd\/","og_site_name":"REGBU.COM","article_published_time":"2023-06-21T14:12:51+00:00","article_modified_time":"2025-09-05T05:42:07+00:00","og_image":[{"width":1200,"height":676,"url":"https:\/\/regbu.com\/wp-content\/uploads\/2023\/06\/cestovni-pojisteni-je-nezbytnou-ochranou.jpg","type":"image\/jpeg"}],"author":"George Martin","twitter_card":"summary_large_image","twitter_misc":{"Skriven av":"George Martin","Ber\u00e4knad l\u00e4stid":"2 minuter"},"schema":{"@context":"https:\/\/schema.org","@graph":[{"@type":"Article","@id":"https:\/\/regbu.com\/sv\/reseforsakring-ar-ett-viktigt-skydd\/#article","isPartOf":{"@id":"https:\/\/regbu.com\/sv\/reseforsakring-ar-ett-viktigt-skydd\/"},"author":{"name":"George Martin","@id":"https:\/\/regbu.com\/en\/#\/schema\/person\/94ea9deda2629771b8a9ced002f6784e"},"headline":"Cestovn\u00ed poji\u0161t\u011bn\u00ed je nezbytnou ochranou","datePublished":"2023-06-21T14:12:51+00:00","dateModified":"2025-09-05T05:42:07+00:00","mainEntityOfPage":{"@id":"https:\/\/regbu.com\/sv\/reseforsakring-ar-ett-viktigt-skydd\/"},"wordCount":478,"image":{"@id":"https:\/\/regbu.com\/sv\/reseforsakring-ar-ett-viktigt-skydd\/#primaryimage"},"thumbnailUrl":"https:\/\/regbu.com\/wp-content\/uploads\/2023\/06\/cestovni-pojisteni-je-nezbytnou-ochranou.jpg","keywords":["asisten\u010dn\u00ed slu\u017eba","asisten\u010dn\u00ed slu\u017eby","cestov\u00e1n\u00ed","cestovn\u00ed poji\u0161t\u011bn\u00ed","hospitalizace","l\u00e9ka\u0159","poji\u0161t\u011bn\u00ed","\u00faraz","v\u00fdlohy","z\u00e1krok"],"articleSection":["Cestov\u00e1n\u00ed"],"inLanguage":"sv-SE"},{"@type":["WebPage","FAQPage"],"@id":"https:\/\/regbu.com\/sv\/reseforsakring-ar-ett-viktigt-skydd\/","url":"https:\/\/regbu.com\/sv\/reseforsakring-ar-ett-viktigt-skydd\/","name":"Resef\u00f6rs\u00e4kring \u00e4r ett viktigt skydd - REGBU.COM","isPartOf":{"@id":"https:\/\/regbu.com\/en\/#website"},"primaryImageOfPage":{"@id":"https:\/\/regbu.com\/sv\/reseforsakring-ar-ett-viktigt-skydd\/#primaryimage"},"image":{"@id":"https:\/\/regbu.com\/sv\/reseforsakring-ar-ett-viktigt-skydd\/#primaryimage"},"thumbnailUrl":"https:\/\/regbu.com\/wp-content\/uploads\/2023\/06\/cestovni-pojisteni-je-nezbytnou-ochranou.jpg","datePublished":"2023-06-21T14:12:51+00:00","dateModified":"2025-09-05T05:42:07+00:00","author":{"@id":"https:\/\/regbu.com\/en\/#\/schema\/person\/94ea9deda2629771b8a9ced002f6784e"},"description":"Om du ska resa utomlands b\u00f6r du teckna en resef\u00f6rs\u00e4kring som skyddar dig mot ov\u00e4ntade sjukv\u00e5rdskostnader.","breadcrumb":{"@id":"https:\/\/regbu.com\/sv\/reseforsakring-ar-ett-viktigt-skydd\/#breadcrumb"},"mainEntity":[{"@id":"https:\/\/regbu.com\/sv\/reseforsakring-ar-ett-viktigt-skydd\/#faq-question-1687356398473"},{"@id":"https:\/\/regbu.com\/sv\/reseforsakring-ar-ett-viktigt-skydd\/#faq-question-1687356405357"},{"@id":"https:\/\/regbu.com\/sv\/reseforsakring-ar-ett-viktigt-skydd\/#faq-question-1687356413120"},{"@id":"https:\/\/regbu.com\/sv\/reseforsakring-ar-ett-viktigt-skydd\/#faq-question-1687356424631"},{"@id":"https:\/\/regbu.com\/sv\/reseforsakring-ar-ett-viktigt-skydd\/#faq-question-1687356431244"}],"inLanguage":"sv-SE","potentialAction":[{"@type":"ReadAction","target":["https:\/\/regbu.com\/sv\/reseforsakring-ar-ett-viktigt-skydd\/"]}]},{"@type":"ImageObject","inLanguage":"sv-SE","@id":"https:\/\/regbu.com\/sv\/reseforsakring-ar-ett-viktigt-skydd\/#primaryimage","url":"https:\/\/regbu.com\/wp-content\/uploads\/2023\/06\/cestovni-pojisteni-je-nezbytnou-ochranou.jpg","contentUrl":"https:\/\/regbu.com\/wp-content\/uploads\/2023\/06\/cestovni-pojisteni-je-nezbytnou-ochranou.jpg","width":1200,"height":676,"caption":"Cestovn\u00ed poji\u0161t\u011bn\u00ed je nezbytnou ochranou"},{"@type":"BreadcrumbList","@id":"https:\/\/regbu.com\/sv\/reseforsakring-ar-ett-viktigt-skydd\/#breadcrumb","itemListElement":[{"@type":"ListItem","position":1,"name":"Home","item":"https:\/\/regbu.com\/en\/"},{"@type":"ListItem","position":2,"name":"Cestovn\u00ed poji\u0161t\u011bn\u00ed je nezbytnou ochranou"}]},{"@type":"WebSite","@id":"https:\/\/regbu.com\/en\/#website","url":"https:\/\/regbu.com\/en\/","name":"REGBU.COM","description":"","potentialAction":[{"@type":"SearchAction","target":{"@type":"EntryPoint","urlTemplate":"https:\/\/regbu.com\/en\/?s={search_term_string}"},"query-input":{"@type":"PropertyValueSpecification","valueRequired":true,"valueName":"search_term_string"}}],"inLanguage":"sv-SE"},{"@type":"Person","@id":"https:\/\/regbu.com\/en\/#\/schema\/person\/94ea9deda2629771b8a9ced002f6784e","name":"George Martin","url":"https:\/\/regbu.com\/sv\/author\/george-martin\/"},{"@type":"Question","@id":"https:\/\/regbu.com\/sv\/reseforsakring-ar-ett-viktigt-skydd\/#faq-question-1687356398473","position":1,"url":"https:\/\/regbu.com\/sv\/reseforsakring-ar-ett-viktigt-skydd\/#faq-question-1687356398473","name":"Vilka alternativ finns det f\u00f6r resef\u00f6rs\u00e4kring?","answerCount":1,"acceptedAnswer":{"@type":"Answer","text":"Pojistit si m\u016f\u017eete t\u0159eba storno z\u00e1jezdu, odpov\u011bdnost za \u0161kodu zp\u016fsobenou jin\u00fdm osob\u00e1m nebo cestovn\u00ed zavazadla a jejich ztr\u00e1tu.","inLanguage":"sv-SE"},"inLanguage":"sv-SE"},{"@type":"Question","@id":"https:\/\/regbu.com\/sv\/reseforsakring-ar-ett-viktigt-skydd\/#faq-question-1687356405357","position":2,"url":"https:\/\/regbu.com\/sv\/reseforsakring-ar-ett-viktigt-skydd\/#faq-question-1687356405357","name":"Kan jag ocks\u00e5 f\u00e5 olycksfallsf\u00f6rs\u00e4kring?","answerCount":1,"acceptedAnswer":{"@type":"Answer","text":"Ano, \u00farazov\u00e9 poji\u0161t\u011bn\u00ed m\u016f\u017ee b\u00fdt ned\u00edlnou sou\u010d\u00e1st\u00ed toho cestovn\u00edho v p\u0159edem definovan\u00e9m rozsahu.","inLanguage":"sv-SE"},"inLanguage":"sv-SE"},{"@type":"Question","@id":"https:\/\/regbu.com\/sv\/reseforsakring-ar-ett-viktigt-skydd\/#faq-question-1687356413120","position":3,"url":"https:\/\/regbu.com\/sv\/reseforsakring-ar-ett-viktigt-skydd\/#faq-question-1687356413120","name":"Vad \u00e4r viktigt med en resef\u00f6rs\u00e4kring?","answerCount":1,"acceptedAnswer":{"@type":"Answer","text":"V prvn\u00ed \u0159ad\u011b je to rozsah slu\u017eeb zahrnut\u00fdch v poji\u0161t\u011bn\u00ed a d\u00e1le tak\u00e9 v\u00fd\u0161e finan\u010dn\u00edho pln\u011bn\u00ed.","inLanguage":"sv-SE"},"inLanguage":"sv-SE"},{"@type":"Question","@id":"https:\/\/regbu.com\/sv\/reseforsakring-ar-ett-viktigt-skydd\/#faq-question-1687356424631","position":4,"url":"https:\/\/regbu.com\/sv\/reseforsakring-ar-ett-viktigt-skydd\/#faq-question-1687356424631","name":"Vad kan ytterligare st\u00f6dtj\u00e4nster omfatta?","answerCount":1,"acceptedAnswer":{"@type":"Answer","text":"Zaji\u0161t\u011bn V\u00e1m bude p\u0159eklad v r\u00e1mci \u0159e\u0161en\u00ed pojistn\u00e9 ud\u00e1losti. Poskytuje se pomoc p\u0159i nalezen\u00ed n\u00e1hradn\u00edho ubytov\u00e1n\u00ed, odborn\u00e1 kontrola l\u00e9ka\u0159sk\u00fdch \u00fakonu a uhrazen\u00ed kauce p\u0159i poru\u0161en\u00ed tamn\u00edch z\u00e1kon\u016f.","inLanguage":"sv-SE"},"inLanguage":"sv-SE"},{"@type":"Question","@id":"https:\/\/regbu.com\/sv\/reseforsakring-ar-ett-viktigt-skydd\/#faq-question-1687356431244","position":5,"url":"https:\/\/regbu.com\/sv\/reseforsakring-ar-ett-viktigt-skydd\/#faq-question-1687356431244","name":"N\u00e4r l\u00f6nar det sig att teckna en n\u00f6dv\u00e4ndig resef\u00f6rs\u00e4kring?","answerCount":1,"acceptedAnswer":{"@type":"Answer","text":"Poji\u0161t\u011bn\u00ed si sjednejte alespo\u0148 den p\u0159ed pl\u00e1novanou cestou s platnost\u00ed ode dne, kdy poprv\u00e9 vyjedete za hranice.","inLanguage":"sv-SE"},"inLanguage":"sv-SE"}]}},"_links":{"self":[{"href":"https:\/\/regbu.com\/sv\/wp-json\/wp\/v2\/posts\/944","targetHints":{"allow":["GET"]}}],"collection":[{"href":"https:\/\/regbu.com\/sv\/wp-json\/wp\/v2\/posts"}],"about":[{"href":"https:\/\/regbu.com\/sv\/wp-json\/wp\/v2\/types\/post"}],"author":[{"embeddable":true,"href":"https:\/\/regbu.com\/sv\/wp-json\/wp\/v2\/users\/2"}],"replies":[{"embeddable":true,"href":"https:\/\/regbu.com\/sv\/wp-json\/wp\/v2\/comments?post=944"}],"version-history":[{"count":2,"href":"https:\/\/regbu.com\/sv\/wp-json\/wp\/v2\/posts\/944\/revisions"}],"predecessor-version":[{"id":962,"href":"https:\/\/regbu.com\/sv\/wp-json\/wp\/v2\/posts\/944\/revisions\/962"}],"wp:featuredmedia":[{"embeddable":true,"href":"https:\/\/regbu.com\/sv\/wp-json\/wp\/v2\/media\/945"}],"wp:attachment":[{"href":"https:\/\/regbu.com\/sv\/wp-json\/wp\/v2\/media?parent=944"}],"wp:term":[{"taxonomy":"category","embeddable":true,"href":"https:\/\/regbu.com\/sv\/wp-json\/wp\/v2\/categories?post=944"},{"taxonomy":"post_tag","embeddable":true,"href":"https:\/\/regbu.com\/sv\/wp-json\/wp\/v2\/tags?post=944"}],"curies":[{"name":"wp","href":"https:\/\/api.w.org\/{rel}","templated":true}]}}