{"id":941,"date":"2023-06-21T16:06:16","date_gmt":"2023-06-21T14:06:16","guid":{"rendered":"https:\/\/regbu.com\/?p=941"},"modified":"2025-09-05T07:42:09","modified_gmt":"2025-09-05T05:42:09","slug":"dovolena-na-kole-na-co-nezapomenout","status":"publish","type":"post","link":"https:\/\/regbu.com\/sv\/lov-i-skolan-vad-gar-inte-att-glomma\/","title":{"rendered":"Cykelsemester - vad ska man t\u00e4nka p\u00e5?"},"content":{"rendered":"<p>En cykelsemester \u00e4r lika \u00e4ventyrlig och rolig som en b\u00e5tsemester. Den enda skillnaden \u00e4r att du i det h\u00e4r fallet inte \u00e4r intresserad av <strong><a href=\"https:\/\/regbu.com\/sv\/guidning-utrustning-fran-och-till\/\">B\u00e5tutrustning<\/a><\/strong>men du kommer att leta efter utrustning som \u00e4r l\u00e4mplig f\u00f6r cykeln. Detta beror naturligtvis p\u00e5 m\u00e5nga olika faktorer.<\/p>\n\n\n\n<ul class=\"wp-block-list\">\n<li>Vilken cykel kommer du att cykla p\u00e5?<\/li>\n\n\n\n<li>Vilken typ av platser fiskar du p\u00e5?<\/li>\n\n\n\n<li>Hur l\u00e4nge ska du h\u00e5lla p\u00e5?<\/li>\n<\/ul>\n\n\n\n<p>Baserat p\u00e5 dessa tre svar kan du b\u00f6rja g\u00f6ra din lista \u00f6ver det viktigaste. En cykelsemester kan bli helt of\u00f6rgl\u00f6mlig med r\u00e4tt och komplett utrustning.<\/p>\n\n\n\n<h2 class=\"wp-block-heading\">B\u00f6rja fr\u00e5n grunden<\/h2>\n\n\n\n<p>N\u00e4r du reser med cykel finns det tv\u00e5 grupper av saker som du beh\u00f6ver. Den f\u00f6rsta \u00e4r den utrustning som h\u00f6r till sj\u00e4lva cykeln. Den andra <strong>kl\u00e4der och tillh\u00f6rande tillbeh\u00f6r<\/strong>. Du beh\u00f6ver definitivt limning och reservr\u00f6r f\u00f6r hjulet. G\u00e5 definitivt inte n\u00e5gonstans utan dessa grunder. Men det finns mer \u00e4n tillr\u00e4ckligt med liknande saker.<\/p>\n\n\n\n<figure class=\"wp-block-table\"><table><tbody><tr><td><strong>\u00c4mne<\/strong><\/td><td><strong>Information<\/strong><\/td><\/tr><tr><td>Pump<\/td><td>Version f\u00f6r resor<\/td><\/tr><tr><td>Sm\u00f6rjmedel<\/td><td>Grundl\u00e4ggande<\/td><\/tr><tr><td>Slott<\/td><td>Kedja eller rep<\/td><\/tr><tr><td>Belysning<\/td><td>Fram\u00e5t och bak\u00e5t<\/td><\/tr><\/tbody><\/table><figcaption class=\"wp-element-caption\">Viktig utrustning att komma ih\u00e5g n\u00e4r du cyklar p\u00e5 semestern.<\/figcaption><\/figure>\n\n\n\n<p>Om du ska p\u00e5 cykelsemester f\u00e5r du inte gl\u00f6mma de verktyg som beh\u00f6vs f\u00f6r eventuella reparationer. Vanligtvis klarar du dig med ett grundkit, som kan k\u00f6pas i vilken cykelaff\u00e4r som helst. Slutligen rekommenderas en dricksflaska.<\/p>\n\n\n\n<h3 class=\"wp-block-heading\">Cykelsemester - Vad ska man ha med sig?<\/h3>\n\n\n\n<p>Om du ska cykla l\u00e4nge och har dussintals kilometer att tillryggal\u00e4gga m\u00e5ste du packa allt du beh\u00f6ver. F\u00f6r att g\u00f6ra detta. <em>du beh\u00f6ver en tillr\u00e4ckligt stor v\u00e4ska<\/em>. Dessa kan inte bara monteras p\u00e5 den bakre paketh\u00e5llaren utan \u00e4ven p\u00e5 den fr\u00e4mre. Undantaget \u00e4r ram- eller styrv\u00e4skorna, d\u00e4r du kan f\u00f6rvara din mobiltelefon med navigering eller en papperskarta.<\/p>\n\n\n\n<p>En l\u00e4ngre cykelsemester kr\u00e4ver naturligtvis vissa saker. Om du inte t\u00e4nker sova p\u00e5 pensionat kan du packa en liten cykel <strong>t\u00e4lt, sovs\u00e4ck och madrass<\/strong>. Funktionella underkl\u00e4der, inklusive reservunderkl\u00e4der, \u00e4r ett annat m\u00e5ste. Gl\u00f6m inte regnjacka, grundl\u00e4ggande toalettartiklar och energik\u00e4llor. Kanske i form av en powerbank. Solskyddsmedel eller kr\u00e4m mot bl\u00f6jeksem och \u00f6mma f\u00f6tter kan ocks\u00e5 vara bra att ha.<\/p>","protected":false},"excerpt":{"rendered":"<p>En cykelsemester \u00e4r lika \u00e4ventyrlig och rolig som en b\u00e5tsemester. Den enda skillnaden \u00e4r att du i det h\u00e4r fallet inte \u00e4r intresserad av paddlingsutrustning, utan av att hitta r\u00e4tt utrustning f\u00f6r din cykel. Detta beror naturligtvis p\u00e5 m\u00e5nga olika faktorer. Baserat p\u00e5 dessa tre svar kan du b\u00f6rja g\u00f6ra en lista \u00f6ver de n\u00f6dv\u00e4ndiga ... <\/p>","protected":false},"author":2,"featured_media":942,"comment_status":"closed","ping_status":"closed","sticky":false,"template":"","format":"standard","meta":{"footnotes":""},"categories":[8],"tags":[823,912,900,907,909,913,831,911,910,824,908,770],"class_list":["post-941","post","type-post","status-publish","format-standard","has-post-thumbnail","hentry","category-cestovani","tag-boty","tag-brasny","tag-dovolena","tag-dovolena-na-kole","tag-duse","tag-helma","tag-kolo","tag-lahev","tag-lepeni","tag-obleceni","tag-pumpicka","tag-vybaveni"],"yoast_head":"<!-- This site is optimized with the Yoast SEO plugin v27.4 - https:\/\/yoast.com\/product\/yoast-seo-wordpress\/ -->\n<title>Dovolen\u00e1 na kole \u2013 Na co nezapomenout? - REGBU.COM<\/title>\n<meta name=\"description\" content=\"V\u00edte, co v\u0161echno obn\u00e1\u0161\u00ed dovolen\u00e1 na kole z pohledu nezbytn\u00e9ho vybaven\u00ed? Prozrad\u00edme V\u00e1m, co si vz\u00edt s sebou.\" \/>\n<meta name=\"robots\" content=\"index, follow, max-snippet:-1, max-image-preview:large, max-video-preview:-1\" \/>\n<link rel=\"canonical\" href=\"https:\/\/regbu.com\/sv\/lov-i-skolan-vad-gar-inte-att-glomma\/\" \/>\n<meta property=\"og:locale\" content=\"sv_SE\" \/>\n<meta property=\"og:type\" content=\"article\" \/>\n<meta property=\"og:title\" content=\"Dovolen\u00e1 na kole \u2013 Na co nezapomenout? - REGBU.COM\" \/>\n<meta property=\"og:description\" content=\"V\u00edte, co v\u0161echno obn\u00e1\u0161\u00ed dovolen\u00e1 na kole z pohledu nezbytn\u00e9ho vybaven\u00ed? Prozrad\u00edme V\u00e1m, co si vz\u00edt s sebou.\" \/>\n<meta property=\"og:url\" content=\"https:\/\/regbu.com\/sv\/lov-i-skolan-vad-gar-inte-att-glomma\/\" \/>\n<meta property=\"og:site_name\" content=\"REGBU.COM\" \/>\n<meta property=\"article:published_time\" content=\"2023-06-21T14:06:16+00:00\" \/>\n<meta property=\"article:modified_time\" content=\"2025-09-05T05:42:09+00:00\" \/>\n<meta property=\"og:image\" content=\"https:\/\/regbu.com\/wp-content\/uploads\/2023\/06\/dovolena-na-kole-na-co-nezapomenout.jpg\" \/>\n\t<meta property=\"og:image:width\" content=\"1200\" \/>\n\t<meta property=\"og:image:height\" content=\"675\" \/>\n\t<meta property=\"og:image:type\" content=\"image\/jpeg\" \/>\n<meta name=\"author\" content=\"George Martin\" \/>\n<meta name=\"twitter:card\" content=\"summary_large_image\" \/>\n<meta name=\"twitter:label1\" content=\"Skriven av\" \/>\n\t<meta name=\"twitter:data1\" content=\"George Martin\" \/>\n\t<meta name=\"twitter:label2\" content=\"Ber\u00e4knad l\u00e4stid\" \/>\n\t<meta name=\"twitter:data2\" content=\"2 minuter\" \/>\n<script type=\"application\/ld+json\" class=\"yoast-schema-graph\">{\"@context\":\"https:\\\/\\\/schema.org\",\"@graph\":[{\"@type\":\"Article\",\"@id\":\"https:\\\/\\\/regbu.com\\\/sv\\\/lov-i-skolan-vad-gar-inte-att-glomma\\\/#article\",\"isPartOf\":{\"@id\":\"https:\\\/\\\/regbu.com\\\/sv\\\/lov-i-skolan-vad-gar-inte-att-glomma\\\/\"},\"author\":{\"name\":\"George Martin\",\"@id\":\"https:\\\/\\\/regbu.com\\\/en\\\/#\\\/schema\\\/person\\\/94ea9deda2629771b8a9ced002f6784e\"},\"headline\":\"Dovolen\u00e1 na kole \u2013 Na co nezapomenout?\",\"datePublished\":\"2023-06-21T14:06:16+00:00\",\"dateModified\":\"2025-09-05T05:42:09+00:00\",\"mainEntityOfPage\":{\"@id\":\"https:\\\/\\\/regbu.com\\\/sv\\\/lov-i-skolan-vad-gar-inte-att-glomma\\\/\"},\"wordCount\":456,\"image\":{\"@id\":\"https:\\\/\\\/regbu.com\\\/sv\\\/lov-i-skolan-vad-gar-inte-att-glomma\\\/#primaryimage\"},\"thumbnailUrl\":\"https:\\\/\\\/regbu.com\\\/wp-content\\\/uploads\\\/2023\\\/06\\\/dovolena-na-kole-na-co-nezapomenout.jpg\",\"keywords\":[\"boty\",\"bra\u0161ny\",\"dovolen\u00e1\",\"dovolen\u00e1 na kole\",\"du\u0161e\",\"helma\",\"kolo\",\"l\u00e1hev\",\"lepen\u00ed\",\"oble\u010den\u00ed\",\"pumpi\u010dka\",\"vybaven\u00ed\"],\"articleSection\":[\"Cestov\u00e1n\u00ed\"],\"inLanguage\":\"sv-SE\"},{\"@type\":\"WebPage\",\"@id\":\"https:\\\/\\\/regbu.com\\\/sv\\\/lov-i-skolan-vad-gar-inte-att-glomma\\\/\",\"url\":\"https:\\\/\\\/regbu.com\\\/sv\\\/lov-i-skolan-vad-gar-inte-att-glomma\\\/\",\"name\":\"Dovolen\u00e1 na kole \u2013 Na co nezapomenout? - REGBU.COM\",\"isPartOf\":{\"@id\":\"https:\\\/\\\/regbu.com\\\/en\\\/#website\"},\"primaryImageOfPage\":{\"@id\":\"https:\\\/\\\/regbu.com\\\/sv\\\/lov-i-skolan-vad-gar-inte-att-glomma\\\/#primaryimage\"},\"image\":{\"@id\":\"https:\\\/\\\/regbu.com\\\/sv\\\/lov-i-skolan-vad-gar-inte-att-glomma\\\/#primaryimage\"},\"thumbnailUrl\":\"https:\\\/\\\/regbu.com\\\/wp-content\\\/uploads\\\/2023\\\/06\\\/dovolena-na-kole-na-co-nezapomenout.jpg\",\"datePublished\":\"2023-06-21T14:06:16+00:00\",\"dateModified\":\"2025-09-05T05:42:09+00:00\",\"author\":{\"@id\":\"https:\\\/\\\/regbu.com\\\/en\\\/#\\\/schema\\\/person\\\/94ea9deda2629771b8a9ced002f6784e\"},\"description\":\"V\u00edte, co v\u0161echno obn\u00e1\u0161\u00ed dovolen\u00e1 na kole z pohledu nezbytn\u00e9ho vybaven\u00ed? Prozrad\u00edme V\u00e1m, co si vz\u00edt s sebou.\",\"breadcrumb\":{\"@id\":\"https:\\\/\\\/regbu.com\\\/sv\\\/lov-i-skolan-vad-gar-inte-att-glomma\\\/#breadcrumb\"},\"inLanguage\":\"sv-SE\",\"potentialAction\":[{\"@type\":\"ReadAction\",\"target\":[\"https:\\\/\\\/regbu.com\\\/sv\\\/lov-i-skolan-vad-gar-inte-att-glomma\\\/\"]}]},{\"@type\":\"ImageObject\",\"inLanguage\":\"sv-SE\",\"@id\":\"https:\\\/\\\/regbu.com\\\/sv\\\/lov-i-skolan-vad-gar-inte-att-glomma\\\/#primaryimage\",\"url\":\"https:\\\/\\\/regbu.com\\\/wp-content\\\/uploads\\\/2023\\\/06\\\/dovolena-na-kole-na-co-nezapomenout.jpg\",\"contentUrl\":\"https:\\\/\\\/regbu.com\\\/wp-content\\\/uploads\\\/2023\\\/06\\\/dovolena-na-kole-na-co-nezapomenout.jpg\",\"width\":1200,\"height\":675,\"caption\":\"Dovolen\u00e1 na kole \u2013 Na co nezapomenout?\"},{\"@type\":\"BreadcrumbList\",\"@id\":\"https:\\\/\\\/regbu.com\\\/sv\\\/lov-i-skolan-vad-gar-inte-att-glomma\\\/#breadcrumb\",\"itemListElement\":[{\"@type\":\"ListItem\",\"position\":1,\"name\":\"Home\",\"item\":\"https:\\\/\\\/regbu.com\\\/en\\\/\"},{\"@type\":\"ListItem\",\"position\":2,\"name\":\"Dovolen\u00e1 na kole \u2013 Na co nezapomenout?\"}]},{\"@type\":\"WebSite\",\"@id\":\"https:\\\/\\\/regbu.com\\\/en\\\/#website\",\"url\":\"https:\\\/\\\/regbu.com\\\/en\\\/\",\"name\":\"REGBU.COM\",\"description\":\"\",\"potentialAction\":[{\"@type\":\"SearchAction\",\"target\":{\"@type\":\"EntryPoint\",\"urlTemplate\":\"https:\\\/\\\/regbu.com\\\/en\\\/?s={search_term_string}\"},\"query-input\":{\"@type\":\"PropertyValueSpecification\",\"valueRequired\":true,\"valueName\":\"search_term_string\"}}],\"inLanguage\":\"sv-SE\"},{\"@type\":\"Person\",\"@id\":\"https:\\\/\\\/regbu.com\\\/en\\\/#\\\/schema\\\/person\\\/94ea9deda2629771b8a9ced002f6784e\",\"name\":\"George Martin\",\"url\":\"https:\\\/\\\/regbu.com\\\/sv\\\/author\\\/george-martin\\\/\"}]}<\/script>\n<!-- \/ Yoast SEO plugin. -->","yoast_head_json":{"title":"Cykelsemester - Vad f\u00e5r man inte gl\u00f6mma? - REGBU.COM","description":"Vet du vad en cykelsemester inneb\u00e4r i form av n\u00f6dv\u00e4ndig utrustning? Vi ber\u00e4ttar vad du ska ta med dig.","robots":{"index":"index","follow":"follow","max-snippet":"max-snippet:-1","max-image-preview":"max-image-preview:large","max-video-preview":"max-video-preview:-1"},"canonical":"https:\/\/regbu.com\/sv\/lov-i-skolan-vad-gar-inte-att-glomma\/","og_locale":"sv_SE","og_type":"article","og_title":"Dovolen\u00e1 na kole \u2013 Na co nezapomenout? - REGBU.COM","og_description":"V\u00edte, co v\u0161echno obn\u00e1\u0161\u00ed dovolen\u00e1 na kole z pohledu nezbytn\u00e9ho vybaven\u00ed? Prozrad\u00edme V\u00e1m, co si vz\u00edt s sebou.","og_url":"https:\/\/regbu.com\/sv\/lov-i-skolan-vad-gar-inte-att-glomma\/","og_site_name":"REGBU.COM","article_published_time":"2023-06-21T14:06:16+00:00","article_modified_time":"2025-09-05T05:42:09+00:00","og_image":[{"width":1200,"height":675,"url":"https:\/\/regbu.com\/wp-content\/uploads\/2023\/06\/dovolena-na-kole-na-co-nezapomenout.jpg","type":"image\/jpeg"}],"author":"George Martin","twitter_card":"summary_large_image","twitter_misc":{"Skriven av":"George Martin","Ber\u00e4knad l\u00e4stid":"2 minuter"},"schema":{"@context":"https:\/\/schema.org","@graph":[{"@type":"Article","@id":"https:\/\/regbu.com\/sv\/lov-i-skolan-vad-gar-inte-att-glomma\/#article","isPartOf":{"@id":"https:\/\/regbu.com\/sv\/lov-i-skolan-vad-gar-inte-att-glomma\/"},"author":{"name":"George Martin","@id":"https:\/\/regbu.com\/en\/#\/schema\/person\/94ea9deda2629771b8a9ced002f6784e"},"headline":"Dovolen\u00e1 na kole \u2013 Na co nezapomenout?","datePublished":"2023-06-21T14:06:16+00:00","dateModified":"2025-09-05T05:42:09+00:00","mainEntityOfPage":{"@id":"https:\/\/regbu.com\/sv\/lov-i-skolan-vad-gar-inte-att-glomma\/"},"wordCount":456,"image":{"@id":"https:\/\/regbu.com\/sv\/lov-i-skolan-vad-gar-inte-att-glomma\/#primaryimage"},"thumbnailUrl":"https:\/\/regbu.com\/wp-content\/uploads\/2023\/06\/dovolena-na-kole-na-co-nezapomenout.jpg","keywords":["boty","bra\u0161ny","dovolen\u00e1","dovolen\u00e1 na kole","du\u0161e","helma","kolo","l\u00e1hev","lepen\u00ed","oble\u010den\u00ed","pumpi\u010dka","vybaven\u00ed"],"articleSection":["Cestov\u00e1n\u00ed"],"inLanguage":"sv-SE"},{"@type":"WebPage","@id":"https:\/\/regbu.com\/sv\/lov-i-skolan-vad-gar-inte-att-glomma\/","url":"https:\/\/regbu.com\/sv\/lov-i-skolan-vad-gar-inte-att-glomma\/","name":"Cykelsemester - Vad f\u00e5r man inte gl\u00f6mma? - REGBU.COM","isPartOf":{"@id":"https:\/\/regbu.com\/en\/#website"},"primaryImageOfPage":{"@id":"https:\/\/regbu.com\/sv\/lov-i-skolan-vad-gar-inte-att-glomma\/#primaryimage"},"image":{"@id":"https:\/\/regbu.com\/sv\/lov-i-skolan-vad-gar-inte-att-glomma\/#primaryimage"},"thumbnailUrl":"https:\/\/regbu.com\/wp-content\/uploads\/2023\/06\/dovolena-na-kole-na-co-nezapomenout.jpg","datePublished":"2023-06-21T14:06:16+00:00","dateModified":"2025-09-05T05:42:09+00:00","author":{"@id":"https:\/\/regbu.com\/en\/#\/schema\/person\/94ea9deda2629771b8a9ced002f6784e"},"description":"Vet du vad en cykelsemester inneb\u00e4r i form av n\u00f6dv\u00e4ndig utrustning? Vi ber\u00e4ttar vad du ska ta med dig.","breadcrumb":{"@id":"https:\/\/regbu.com\/sv\/lov-i-skolan-vad-gar-inte-att-glomma\/#breadcrumb"},"inLanguage":"sv-SE","potentialAction":[{"@type":"ReadAction","target":["https:\/\/regbu.com\/sv\/lov-i-skolan-vad-gar-inte-att-glomma\/"]}]},{"@type":"ImageObject","inLanguage":"sv-SE","@id":"https:\/\/regbu.com\/sv\/lov-i-skolan-vad-gar-inte-att-glomma\/#primaryimage","url":"https:\/\/regbu.com\/wp-content\/uploads\/2023\/06\/dovolena-na-kole-na-co-nezapomenout.jpg","contentUrl":"https:\/\/regbu.com\/wp-content\/uploads\/2023\/06\/dovolena-na-kole-na-co-nezapomenout.jpg","width":1200,"height":675,"caption":"Dovolen\u00e1 na kole \u2013 Na co nezapomenout?"},{"@type":"BreadcrumbList","@id":"https:\/\/regbu.com\/sv\/lov-i-skolan-vad-gar-inte-att-glomma\/#breadcrumb","itemListElement":[{"@type":"ListItem","position":1,"name":"Home","item":"https:\/\/regbu.com\/en\/"},{"@type":"ListItem","position":2,"name":"Dovolen\u00e1 na kole \u2013 Na co nezapomenout?"}]},{"@type":"WebSite","@id":"https:\/\/regbu.com\/en\/#website","url":"https:\/\/regbu.com\/en\/","name":"REGBU.COM","description":"","potentialAction":[{"@type":"SearchAction","target":{"@type":"EntryPoint","urlTemplate":"https:\/\/regbu.com\/en\/?s={search_term_string}"},"query-input":{"@type":"PropertyValueSpecification","valueRequired":true,"valueName":"search_term_string"}}],"inLanguage":"sv-SE"},{"@type":"Person","@id":"https:\/\/regbu.com\/en\/#\/schema\/person\/94ea9deda2629771b8a9ced002f6784e","name":"George Martin","url":"https:\/\/regbu.com\/sv\/author\/george-martin\/"}]}},"_links":{"self":[{"href":"https:\/\/regbu.com\/sv\/wp-json\/wp\/v2\/posts\/941","targetHints":{"allow":["GET"]}}],"collection":[{"href":"https:\/\/regbu.com\/sv\/wp-json\/wp\/v2\/posts"}],"about":[{"href":"https:\/\/regbu.com\/sv\/wp-json\/wp\/v2\/types\/post"}],"author":[{"embeddable":true,"href":"https:\/\/regbu.com\/sv\/wp-json\/wp\/v2\/users\/2"}],"replies":[{"embeddable":true,"href":"https:\/\/regbu.com\/sv\/wp-json\/wp\/v2\/comments?post=941"}],"version-history":[{"count":2,"href":"https:\/\/regbu.com\/sv\/wp-json\/wp\/v2\/posts\/941\/revisions"}],"predecessor-version":[{"id":960,"href":"https:\/\/regbu.com\/sv\/wp-json\/wp\/v2\/posts\/941\/revisions\/960"}],"wp:featuredmedia":[{"embeddable":true,"href":"https:\/\/regbu.com\/sv\/wp-json\/wp\/v2\/media\/942"}],"wp:attachment":[{"href":"https:\/\/regbu.com\/sv\/wp-json\/wp\/v2\/media?parent=941"}],"wp:term":[{"taxonomy":"category","embeddable":true,"href":"https:\/\/regbu.com\/sv\/wp-json\/wp\/v2\/categories?post=941"},{"taxonomy":"post_tag","embeddable":true,"href":"https:\/\/regbu.com\/sv\/wp-json\/wp\/v2\/tags?post=941"}],"curies":[{"name":"wp","href":"https:\/\/api.w.org\/{rel}","templated":true}]}}