{"id":861,"date":"2023-06-19T18:28:21","date_gmt":"2023-06-19T16:28:21","guid":{"rendered":"https:\/\/regbu.com\/?p=861"},"modified":"2025-09-05T07:42:17","modified_gmt":"2025-09-05T05:42:17","slug":"uces-si-zvolte-podle-typu-postavy","status":"publish","type":"post","link":"https:\/\/regbu.com\/sv\/uces-du-valjer-av-karaktar-typ\/","title":{"rendered":"V\u00e4lj frisyr efter din kroppstyp"},"content":{"rendered":"<p>Frisyr \u00e4r en av de saker som kvinnor i allm\u00e4nhet h\u00e5ller fast vid mycket. Och det \u00e4r inte konstigt, eftersom det \u00e4r frisyren som kan lysa upp ditt ansikte och f\u00f6r\u00e4ndra ditt \u00f6vergripande utseende. Precis som du kl\u00e4r dig enligt <strong><a href=\"https:\/\/regbu.com\/sv\/typ-av-karaktar-beslutar-om-sommar-sates\/\">Kroppstyp<\/a><\/strong>du b\u00f6r kamma ditt h\u00e5r enligt det. M\u00e5nga av er kanske inte ens inser det, men att blanda din figur och r\u00e4tt frisyr ger ett mycket positivt resultat.<\/p>\n\n\n\n<h2 class=\"wp-block-heading\">En frisyr som helt enkelt f\u00f6ryngrar dig<\/h2>\n\n\n\n<p>Har du en figur med graci\u00f6sa kurvor, som s\u00e4rskilt domineras av stora br\u00f6st? Best\u00e4m sedan om du vill framh\u00e4va eller d\u00e4mpa denna f\u00f6rdel. V\u00e4lj d\u00e4refter. <strong>kort frisyr kontra l\u00e5ngt med v\u00e5gigt h\u00e5r<\/strong>. F\u00f6ljande fr\u00e5gor och svar kommer ocks\u00e5 att ber\u00e4tta mycket om frisyrer.<\/p>\n\n\n\n<div class=\"schema-faq wp-block-yoast-faq-block\"><div class=\"schema-faq-section\" id=\"faq-question-1687191753296\"><strong class=\"schema-faq-question\">Vilken frisyr f\u00f6r en atletisk figur?<\/strong> <p class=\"schema-faq-answer\">Med den h\u00e4r karakt\u00e4ren beh\u00f6ver du f\u00f6rmodligen inte rynka pannan. Vilken h\u00e5rstil som helst passar dig. Oavsett om det \u00e4r rakt, v\u00e5gigt, kort eller l\u00e5ngt.<\/p> <\/div> <div class=\"schema-faq-section\" id=\"faq-question-1687191760588\"><strong class=\"schema-faq-question\">Vilken h\u00e5rstyling anv\u00e4nds f\u00f6r fylligare kvinnor?<\/strong> <p class=\"schema-faq-answer\">H\u00e4r gl\u00f6mmer du definitivt korta h\u00e5rklippningar. Medell\u00e5nga axell\u00e5nga frisyrer ser mycket b\u00e4ttre ut. St\u00f6d fina lockar med en v\u00e4l vald f\u00e4rg.<\/p> <\/div> <div class=\"schema-faq-section\" id=\"faq-question-1687191768392\"><strong class=\"schema-faq-question\">Hur ska l\u00e5nga kvinnor kamma sitt h\u00e5r?<\/strong> <p class=\"schema-faq-answer\">I det h\u00e4r fallet \u00e4r det bra att framh\u00e4va femininiteten, vilket du kan g\u00f6ra med l\u00e5ngt h\u00e5r. Du b\u00f6r ocks\u00e5 \u00f6verv\u00e4ga en tup\u00e9frisyr.<\/p> <\/div> <div class=\"schema-faq-section\" id=\"faq-question-1687191776217\"><strong class=\"schema-faq-question\">Vilket h\u00e5r \u00e4r inte idealiskt f\u00f6r l\u00e5ngbenta och smala kvinnor?<\/strong> <p class=\"schema-faq-answer\">Undvik kortklippta frisyrer, som oftast inte \u00e4r r\u00e4tt val. Dessutom fr\u00e4mjar de maskulinitet snarare \u00e4n femininitet.<\/p> <\/div> <div class=\"schema-faq-section\" id=\"faq-question-1687191783717\"><strong class=\"schema-faq-question\">Vilka h\u00e5rf\u00e4rger smalnar av?<\/strong> <p class=\"schema-faq-answer\">Samma sak g\u00e4ller h\u00e4r som med kl\u00e4der. En m\u00f6rkare f\u00e4rg f\u00e5r dig att se smalare ut, medan en ljusblond f\u00e4rg ger mer tyngd.<\/p> <\/div> <\/div>\n\n\n\n<h3 class=\"wp-block-heading\">Fris\u00f6ren kommer alltid att ge dig r\u00e5d<\/h3>\n\n\n\n<p>Det \u00e4r sant att varje kvinna \u00e4r en individuell varelse och har sina egna id\u00e9er om det slutliga utseendet. Dessa konsulteras idealiskt<strong> med en fris\u00f6r<\/strong>. Du kan sedan kombinera hans r\u00e5d med de regler som presenteras ovan. En s\u00e5dan professionell kommer att \u00f6ppna dina \u00f6gon och ge dig goda r\u00e5d inte bara om en viss frisyr utan ocks\u00e5 om dess f\u00e4rgning. \u00c4ven sm\u00e5 detaljer spelar en avg\u00f6rande roll n\u00e4r du v\u00e4ljer h\u00e5rf\u00e4rg. Man kan n\u00e4mna hudf\u00e4rg, \u00f6gon och s\u00e5 vidare. Och det kr\u00e4ver kort sagt hj\u00e4lp av en erfaren yrkesman.<\/p>","protected":false},"excerpt":{"rendered":"<p>Frisyr \u00e4r en av de saker som kvinnor i allm\u00e4nhet h\u00e5ller fast vid mycket. Och det \u00e4r inte konstigt, eftersom det \u00e4r frisyren som kan lysa upp ditt ansikte och f\u00f6r\u00e4ndra ditt \u00f6vergripande utseende. Precis som du kl\u00e4r dig efter din kroppstyp, b\u00f6r du ocks\u00e5 styla ditt h\u00e5r efter den. M\u00e5nga av er kanske inte ens inser det, men att blanda din kropp och ... <\/p>","protected":false},"author":2,"featured_media":862,"comment_status":"closed","ping_status":"closed","sticky":false,"template":"","format":"standard","meta":{"footnotes":""},"categories":[671],"tags":[746,747,745,743,734,748,733,741,742,744],"class_list":["post-861","post","type-post","status-publish","format-standard","has-post-thumbnail","hentry","category-moda","tag-blond","tag-cerne-vlasy","tag-dlouhe-vlasy","tag-kratky-uces","tag-postava","tag-sithle-zeny","tag-typ-postavy","tag-uces","tag-ucesy","tag-vlasy"],"yoast_head":"<!-- This site is optimized with the Yoast SEO plugin v27.5 - https:\/\/yoast.com\/product\/yoast-seo-wordpress\/ -->\n<title>\u00da\u010des si zvolte podle typu postavy - REGBU.COM<\/title>\n<meta name=\"description\" content=\"Nev\u00edte, jak\u00fd si nechat ud\u011blat \u00fa\u010des? Pak se V\u00e1m s nejv\u011bt\u0161\u0161\u00ed pravd\u011bpodobnost\u00ed stane vod\u00edtkem Va\u0161e vlastn\u00ed postava.\" \/>\n<meta name=\"robots\" content=\"index, follow, max-snippet:-1, max-image-preview:large, max-video-preview:-1\" \/>\n<link rel=\"canonical\" href=\"https:\/\/regbu.com\/sv\/uces-du-valjer-av-karaktar-typ\/\" \/>\n<meta property=\"og:locale\" content=\"sv_SE\" \/>\n<meta property=\"og:type\" content=\"article\" \/>\n<meta property=\"og:title\" content=\"\u00da\u010des si zvolte podle typu postavy - REGBU.COM\" \/>\n<meta property=\"og:description\" content=\"Nev\u00edte, jak\u00fd si nechat ud\u011blat \u00fa\u010des? Pak se V\u00e1m s nejv\u011bt\u0161\u0161\u00ed pravd\u011bpodobnost\u00ed stane vod\u00edtkem Va\u0161e vlastn\u00ed postava.\" \/>\n<meta property=\"og:url\" content=\"https:\/\/regbu.com\/sv\/uces-du-valjer-av-karaktar-typ\/\" \/>\n<meta property=\"og:site_name\" content=\"REGBU.COM\" \/>\n<meta property=\"article:published_time\" content=\"2023-06-19T16:28:21+00:00\" \/>\n<meta property=\"article:modified_time\" content=\"2025-09-05T05:42:17+00:00\" \/>\n<meta property=\"og:image\" content=\"https:\/\/regbu.com\/wp-content\/uploads\/2023\/06\/uves-si-zvolte-podle-typu-postavy.jpg\" \/>\n\t<meta property=\"og:image:width\" content=\"1200\" \/>\n\t<meta property=\"og:image:height\" content=\"680\" \/>\n\t<meta property=\"og:image:type\" content=\"image\/jpeg\" \/>\n<meta name=\"author\" content=\"George Martin\" \/>\n<meta name=\"twitter:card\" content=\"summary_large_image\" \/>\n<meta name=\"twitter:label1\" content=\"Skriven av\" \/>\n\t<meta name=\"twitter:data1\" content=\"George Martin\" \/>\n\t<meta name=\"twitter:label2\" content=\"Ber\u00e4knad l\u00e4stid\" \/>\n\t<meta name=\"twitter:data2\" content=\"2 minuter\" \/>\n<script type=\"application\/ld+json\" class=\"yoast-schema-graph\">{\"@context\":\"https:\\\/\\\/schema.org\",\"@graph\":[{\"@type\":\"Article\",\"@id\":\"https:\\\/\\\/regbu.com\\\/sv\\\/uces-du-valjer-av-karaktar-typ\\\/#article\",\"isPartOf\":{\"@id\":\"https:\\\/\\\/regbu.com\\\/sv\\\/uces-du-valjer-av-karaktar-typ\\\/\"},\"author\":{\"name\":\"George Martin\",\"@id\":\"https:\\\/\\\/regbu.com\\\/en\\\/#\\\/schema\\\/person\\\/94ea9deda2629771b8a9ced002f6784e\"},\"headline\":\"\u00da\u010des si zvolte podle typu postavy\",\"datePublished\":\"2023-06-19T16:28:21+00:00\",\"dateModified\":\"2025-09-05T05:42:17+00:00\",\"mainEntityOfPage\":{\"@id\":\"https:\\\/\\\/regbu.com\\\/sv\\\/uces-du-valjer-av-karaktar-typ\\\/\"},\"wordCount\":427,\"image\":{\"@id\":\"https:\\\/\\\/regbu.com\\\/sv\\\/uces-du-valjer-av-karaktar-typ\\\/#primaryimage\"},\"thumbnailUrl\":\"https:\\\/\\\/regbu.com\\\/wp-content\\\/uploads\\\/2023\\\/06\\\/uves-si-zvolte-podle-typu-postavy.jpg\",\"keywords\":[\"blond\",\"\u010dern\u00e9 vlasy\",\"dlouh\u00e9 vlasy\",\"kr\u00e1tk\u00fd \u00fa\u010des\",\"postava\",\"\u0161\u00edthl\u00e9 \u017eeny\",\"typ postavy\",\"\u00fa\u010des\",\"\u00fa\u010desy\",\"vlasy\"],\"articleSection\":[\"M\u00f3da\"],\"inLanguage\":\"sv-SE\"},{\"@type\":[\"WebPage\",\"FAQPage\"],\"@id\":\"https:\\\/\\\/regbu.com\\\/sv\\\/uces-du-valjer-av-karaktar-typ\\\/\",\"url\":\"https:\\\/\\\/regbu.com\\\/sv\\\/uces-du-valjer-av-karaktar-typ\\\/\",\"name\":\"\u00da\u010des si zvolte podle typu postavy - REGBU.COM\",\"isPartOf\":{\"@id\":\"https:\\\/\\\/regbu.com\\\/en\\\/#website\"},\"primaryImageOfPage\":{\"@id\":\"https:\\\/\\\/regbu.com\\\/sv\\\/uces-du-valjer-av-karaktar-typ\\\/#primaryimage\"},\"image\":{\"@id\":\"https:\\\/\\\/regbu.com\\\/sv\\\/uces-du-valjer-av-karaktar-typ\\\/#primaryimage\"},\"thumbnailUrl\":\"https:\\\/\\\/regbu.com\\\/wp-content\\\/uploads\\\/2023\\\/06\\\/uves-si-zvolte-podle-typu-postavy.jpg\",\"datePublished\":\"2023-06-19T16:28:21+00:00\",\"dateModified\":\"2025-09-05T05:42:17+00:00\",\"author\":{\"@id\":\"https:\\\/\\\/regbu.com\\\/en\\\/#\\\/schema\\\/person\\\/94ea9deda2629771b8a9ced002f6784e\"},\"description\":\"Nev\u00edte, jak\u00fd si nechat ud\u011blat \u00fa\u010des? Pak se V\u00e1m s nejv\u011bt\u0161\u0161\u00ed pravd\u011bpodobnost\u00ed stane vod\u00edtkem Va\u0161e vlastn\u00ed postava.\",\"breadcrumb\":{\"@id\":\"https:\\\/\\\/regbu.com\\\/sv\\\/uces-du-valjer-av-karaktar-typ\\\/#breadcrumb\"},\"mainEntity\":[{\"@id\":\"https:\\\/\\\/regbu.com\\\/sv\\\/uces-du-valjer-av-karaktar-typ\\\/#faq-question-1687191753296\"},{\"@id\":\"https:\\\/\\\/regbu.com\\\/sv\\\/uces-du-valjer-av-karaktar-typ\\\/#faq-question-1687191760588\"},{\"@id\":\"https:\\\/\\\/regbu.com\\\/sv\\\/uces-du-valjer-av-karaktar-typ\\\/#faq-question-1687191768392\"},{\"@id\":\"https:\\\/\\\/regbu.com\\\/sv\\\/uces-du-valjer-av-karaktar-typ\\\/#faq-question-1687191776217\"},{\"@id\":\"https:\\\/\\\/regbu.com\\\/sv\\\/uces-du-valjer-av-karaktar-typ\\\/#faq-question-1687191783717\"}],\"inLanguage\":\"sv-SE\",\"potentialAction\":[{\"@type\":\"ReadAction\",\"target\":[\"https:\\\/\\\/regbu.com\\\/sv\\\/uces-du-valjer-av-karaktar-typ\\\/\"]}]},{\"@type\":\"ImageObject\",\"inLanguage\":\"sv-SE\",\"@id\":\"https:\\\/\\\/regbu.com\\\/sv\\\/uces-du-valjer-av-karaktar-typ\\\/#primaryimage\",\"url\":\"https:\\\/\\\/regbu.com\\\/wp-content\\\/uploads\\\/2023\\\/06\\\/uves-si-zvolte-podle-typu-postavy.jpg\",\"contentUrl\":\"https:\\\/\\\/regbu.com\\\/wp-content\\\/uploads\\\/2023\\\/06\\\/uves-si-zvolte-podle-typu-postavy.jpg\",\"width\":1200,\"height\":680,\"caption\":\"\u00da\u010des si zvolte podle typu postavy\"},{\"@type\":\"BreadcrumbList\",\"@id\":\"https:\\\/\\\/regbu.com\\\/sv\\\/uces-du-valjer-av-karaktar-typ\\\/#breadcrumb\",\"itemListElement\":[{\"@type\":\"ListItem\",\"position\":1,\"name\":\"Home\",\"item\":\"https:\\\/\\\/regbu.com\\\/en\\\/\"},{\"@type\":\"ListItem\",\"position\":2,\"name\":\"\u00da\u010des si zvolte podle typu postavy\"}]},{\"@type\":\"WebSite\",\"@id\":\"https:\\\/\\\/regbu.com\\\/en\\\/#website\",\"url\":\"https:\\\/\\\/regbu.com\\\/en\\\/\",\"name\":\"REGBU.COM\",\"description\":\"\",\"potentialAction\":[{\"@type\":\"SearchAction\",\"target\":{\"@type\":\"EntryPoint\",\"urlTemplate\":\"https:\\\/\\\/regbu.com\\\/en\\\/?s={search_term_string}\"},\"query-input\":{\"@type\":\"PropertyValueSpecification\",\"valueRequired\":true,\"valueName\":\"search_term_string\"}}],\"inLanguage\":\"sv-SE\"},{\"@type\":\"Person\",\"@id\":\"https:\\\/\\\/regbu.com\\\/en\\\/#\\\/schema\\\/person\\\/94ea9deda2629771b8a9ced002f6784e\",\"name\":\"George Martin\",\"url\":\"https:\\\/\\\/regbu.com\\\/sv\\\/author\\\/george-martin\\\/\"},{\"@type\":\"Question\",\"@id\":\"https:\\\/\\\/regbu.com\\\/sv\\\/uces-du-valjer-av-karaktar-typ\\\/#faq-question-1687191753296\",\"position\":1,\"url\":\"https:\\\/\\\/regbu.com\\\/sv\\\/uces-du-valjer-av-karaktar-typ\\\/#faq-question-1687191753296\",\"name\":\"Jak\u00fd \u00fa\u010des pro atletickou postavu?\",\"answerCount\":1,\"acceptedAnswer\":{\"@type\":\"Answer\",\"text\":\"S touto postavou si asi nemus\u00edte d\u011blat vr\u00e1sky na \u010dele. Slu\u0161et V\u00e1m bude jak\u00e1koliv \u00faprava vlas\u016f. A\u0165 u\u017e budou rovn\u00e9, vlnit\u00e9, kr\u00e1tk\u00e9 \u010di dlouh\u00e9.\",\"inLanguage\":\"sv-SE\"},\"inLanguage\":\"sv-SE\"},{\"@type\":\"Question\",\"@id\":\"https:\\\/\\\/regbu.com\\\/sv\\\/uces-du-valjer-av-karaktar-typ\\\/#faq-question-1687191760588\",\"position\":2,\"url\":\"https:\\\/\\\/regbu.com\\\/sv\\\/uces-du-valjer-av-karaktar-typ\\\/#faq-question-1687191760588\",\"name\":\"Jak\u00e1 \u00faprava vlas\u016f se pou\u017e\u00edv\u00e1 pro baculat\u011bj\u0161\u00ed \u017eeny?\",\"answerCount\":1,\"acceptedAnswer\":{\"@type\":\"Answer\",\"text\":\"Zde rozhodn\u011b zapome\u0148te na kr\u00e1tk\u00e9 sest\u0159ihy. Mnohem lep\u0161\u00ed se zdaj\u00ed st\u0159edn\u011b dlouh\u00e9 \u00fa\u010desy na ramena. Jemn\u00e9 lokny podpo\u0159te vhodn\u011b zvolenou barvou.\",\"inLanguage\":\"sv-SE\"},\"inLanguage\":\"sv-SE\"},{\"@type\":\"Question\",\"@id\":\"https:\\\/\\\/regbu.com\\\/sv\\\/uces-du-valjer-av-karaktar-typ\\\/#faq-question-1687191768392\",\"position\":3,\"url\":\"https:\\\/\\\/regbu.com\\\/sv\\\/uces-du-valjer-av-karaktar-typ\\\/#faq-question-1687191768392\",\"name\":\"Jak se maj\u00ed \u010desat \u017eeny s vysokou postavou?\",\"answerCount\":1,\"acceptedAnswer\":{\"@type\":\"Answer\",\"text\":\"V tomto p\u0159\u00edpad\u011b je dobr\u00e9 vyp\u00edchnout onu \u017eenskost, co\u017e provedete jak jinak ne\u017e dlouh\u00fdmi vlasy. Uva\u017eovat byste m\u011bli tak\u00e9 o tup\u00edrovan\u00e9m \u00fa\u010desu.\",\"inLanguage\":\"sv-SE\"},\"inLanguage\":\"sv-SE\"},{\"@type\":\"Question\",\"@id\":\"https:\\\/\\\/regbu.com\\\/sv\\\/uces-du-valjer-av-karaktar-typ\\\/#faq-question-1687191776217\",\"position\":4,\"url\":\"https:\\\/\\\/regbu.com\\\/sv\\\/uces-du-valjer-av-karaktar-typ\\\/#faq-question-1687191776217\",\"name\":\"Jak\u00e9 vlasy nejsou ide\u00e1ln\u00ed pro dlouhonoh\u00e9 a \u0161t\u00edhl\u00e9 \u017eeny?\",\"answerCount\":1,\"acceptedAnswer\":{\"@type\":\"Answer\",\"text\":\"Vyvarujte se kr\u00e1tk\u00fdm sest\u0159ih\u016fm, kter\u00e9 obvykle nejsou tou spr\u00e1vnou volbou. Nav\u00edc podporuj\u00ed sp\u00ed\u0161e mu\u017enost ne\u017e \u017eenskost.\",\"inLanguage\":\"sv-SE\"},\"inLanguage\":\"sv-SE\"},{\"@type\":\"Question\",\"@id\":\"https:\\\/\\\/regbu.com\\\/sv\\\/uces-du-valjer-av-karaktar-typ\\\/#faq-question-1687191783717\",\"position\":5,\"url\":\"https:\\\/\\\/regbu.com\\\/sv\\\/uces-du-valjer-av-karaktar-typ\\\/#faq-question-1687191783717\",\"name\":\"Jak\u00e9 barvy vlas\u016f ze\u0161t\u00edhluj\u00ed?\",\"answerCount\":1,\"acceptedAnswer\":{\"@type\":\"Answer\",\"text\":\"Tady plat\u00ed to sam\u00e9, jako u oble\u010den\u00ed. Tmav\u0161\u00ed barva ze\u0161t\u00edhluje, naopak sv\u011btl\u00e1 blond p\u0159id\u00e1v\u00e1.\",\"inLanguage\":\"sv-SE\"},\"inLanguage\":\"sv-SE\"}]}<\/script>\n<!-- \/ Yoast SEO plugin. -->","yoast_head_json":{"title":"V\u00e4lj frisyr efter din kroppstyp - REGBU.COM","description":"Du vet inte vilken typ av frisyr du ska f\u00e5? D\u00e5 kommer din egen figur troligen att bli din guide.","robots":{"index":"index","follow":"follow","max-snippet":"max-snippet:-1","max-image-preview":"max-image-preview:large","max-video-preview":"max-video-preview:-1"},"canonical":"https:\/\/regbu.com\/sv\/uces-du-valjer-av-karaktar-typ\/","og_locale":"sv_SE","og_type":"article","og_title":"\u00da\u010des si zvolte podle typu postavy - REGBU.COM","og_description":"Nev\u00edte, jak\u00fd si nechat ud\u011blat \u00fa\u010des? Pak se V\u00e1m s nejv\u011bt\u0161\u0161\u00ed pravd\u011bpodobnost\u00ed stane vod\u00edtkem Va\u0161e vlastn\u00ed postava.","og_url":"https:\/\/regbu.com\/sv\/uces-du-valjer-av-karaktar-typ\/","og_site_name":"REGBU.COM","article_published_time":"2023-06-19T16:28:21+00:00","article_modified_time":"2025-09-05T05:42:17+00:00","og_image":[{"width":1200,"height":680,"url":"https:\/\/regbu.com\/wp-content\/uploads\/2023\/06\/uves-si-zvolte-podle-typu-postavy.jpg","type":"image\/jpeg"}],"author":"George Martin","twitter_card":"summary_large_image","twitter_misc":{"Skriven av":"George Martin","Ber\u00e4knad l\u00e4stid":"2 minuter"},"schema":{"@context":"https:\/\/schema.org","@graph":[{"@type":"Article","@id":"https:\/\/regbu.com\/sv\/uces-du-valjer-av-karaktar-typ\/#article","isPartOf":{"@id":"https:\/\/regbu.com\/sv\/uces-du-valjer-av-karaktar-typ\/"},"author":{"name":"George Martin","@id":"https:\/\/regbu.com\/en\/#\/schema\/person\/94ea9deda2629771b8a9ced002f6784e"},"headline":"\u00da\u010des si zvolte podle typu postavy","datePublished":"2023-06-19T16:28:21+00:00","dateModified":"2025-09-05T05:42:17+00:00","mainEntityOfPage":{"@id":"https:\/\/regbu.com\/sv\/uces-du-valjer-av-karaktar-typ\/"},"wordCount":427,"image":{"@id":"https:\/\/regbu.com\/sv\/uces-du-valjer-av-karaktar-typ\/#primaryimage"},"thumbnailUrl":"https:\/\/regbu.com\/wp-content\/uploads\/2023\/06\/uves-si-zvolte-podle-typu-postavy.jpg","keywords":["blond","\u010dern\u00e9 vlasy","dlouh\u00e9 vlasy","kr\u00e1tk\u00fd \u00fa\u010des","postava","\u0161\u00edthl\u00e9 \u017eeny","typ postavy","\u00fa\u010des","\u00fa\u010desy","vlasy"],"articleSection":["M\u00f3da"],"inLanguage":"sv-SE"},{"@type":["WebPage","FAQPage"],"@id":"https:\/\/regbu.com\/sv\/uces-du-valjer-av-karaktar-typ\/","url":"https:\/\/regbu.com\/sv\/uces-du-valjer-av-karaktar-typ\/","name":"V\u00e4lj frisyr efter din kroppstyp - REGBU.COM","isPartOf":{"@id":"https:\/\/regbu.com\/en\/#website"},"primaryImageOfPage":{"@id":"https:\/\/regbu.com\/sv\/uces-du-valjer-av-karaktar-typ\/#primaryimage"},"image":{"@id":"https:\/\/regbu.com\/sv\/uces-du-valjer-av-karaktar-typ\/#primaryimage"},"thumbnailUrl":"https:\/\/regbu.com\/wp-content\/uploads\/2023\/06\/uves-si-zvolte-podle-typu-postavy.jpg","datePublished":"2023-06-19T16:28:21+00:00","dateModified":"2025-09-05T05:42:17+00:00","author":{"@id":"https:\/\/regbu.com\/en\/#\/schema\/person\/94ea9deda2629771b8a9ced002f6784e"},"description":"Du vet inte vilken typ av frisyr du ska f\u00e5? D\u00e5 kommer din egen figur troligen att bli din guide.","breadcrumb":{"@id":"https:\/\/regbu.com\/sv\/uces-du-valjer-av-karaktar-typ\/#breadcrumb"},"mainEntity":[{"@id":"https:\/\/regbu.com\/sv\/uces-du-valjer-av-karaktar-typ\/#faq-question-1687191753296"},{"@id":"https:\/\/regbu.com\/sv\/uces-du-valjer-av-karaktar-typ\/#faq-question-1687191760588"},{"@id":"https:\/\/regbu.com\/sv\/uces-du-valjer-av-karaktar-typ\/#faq-question-1687191768392"},{"@id":"https:\/\/regbu.com\/sv\/uces-du-valjer-av-karaktar-typ\/#faq-question-1687191776217"},{"@id":"https:\/\/regbu.com\/sv\/uces-du-valjer-av-karaktar-typ\/#faq-question-1687191783717"}],"inLanguage":"sv-SE","potentialAction":[{"@type":"ReadAction","target":["https:\/\/regbu.com\/sv\/uces-du-valjer-av-karaktar-typ\/"]}]},{"@type":"ImageObject","inLanguage":"sv-SE","@id":"https:\/\/regbu.com\/sv\/uces-du-valjer-av-karaktar-typ\/#primaryimage","url":"https:\/\/regbu.com\/wp-content\/uploads\/2023\/06\/uves-si-zvolte-podle-typu-postavy.jpg","contentUrl":"https:\/\/regbu.com\/wp-content\/uploads\/2023\/06\/uves-si-zvolte-podle-typu-postavy.jpg","width":1200,"height":680,"caption":"\u00da\u010des si zvolte podle typu postavy"},{"@type":"BreadcrumbList","@id":"https:\/\/regbu.com\/sv\/uces-du-valjer-av-karaktar-typ\/#breadcrumb","itemListElement":[{"@type":"ListItem","position":1,"name":"Home","item":"https:\/\/regbu.com\/en\/"},{"@type":"ListItem","position":2,"name":"\u00da\u010des si zvolte podle typu postavy"}]},{"@type":"WebSite","@id":"https:\/\/regbu.com\/en\/#website","url":"https:\/\/regbu.com\/en\/","name":"REGBU.COM","description":"","potentialAction":[{"@type":"SearchAction","target":{"@type":"EntryPoint","urlTemplate":"https:\/\/regbu.com\/en\/?s={search_term_string}"},"query-input":{"@type":"PropertyValueSpecification","valueRequired":true,"valueName":"search_term_string"}}],"inLanguage":"sv-SE"},{"@type":"Person","@id":"https:\/\/regbu.com\/en\/#\/schema\/person\/94ea9deda2629771b8a9ced002f6784e","name":"George Martin","url":"https:\/\/regbu.com\/sv\/author\/george-martin\/"},{"@type":"Question","@id":"https:\/\/regbu.com\/sv\/uces-du-valjer-av-karaktar-typ\/#faq-question-1687191753296","position":1,"url":"https:\/\/regbu.com\/sv\/uces-du-valjer-av-karaktar-typ\/#faq-question-1687191753296","name":"Vilken frisyr f\u00f6r en atletisk figur?","answerCount":1,"acceptedAnswer":{"@type":"Answer","text":"S touto postavou si asi nemus\u00edte d\u011blat vr\u00e1sky na \u010dele. Slu\u0161et V\u00e1m bude jak\u00e1koliv \u00faprava vlas\u016f. A\u0165 u\u017e budou rovn\u00e9, vlnit\u00e9, kr\u00e1tk\u00e9 \u010di dlouh\u00e9.","inLanguage":"sv-SE"},"inLanguage":"sv-SE"},{"@type":"Question","@id":"https:\/\/regbu.com\/sv\/uces-du-valjer-av-karaktar-typ\/#faq-question-1687191760588","position":2,"url":"https:\/\/regbu.com\/sv\/uces-du-valjer-av-karaktar-typ\/#faq-question-1687191760588","name":"Vilken h\u00e5rstyling anv\u00e4nds f\u00f6r fylligare kvinnor?","answerCount":1,"acceptedAnswer":{"@type":"Answer","text":"Zde rozhodn\u011b zapome\u0148te na kr\u00e1tk\u00e9 sest\u0159ihy. Mnohem lep\u0161\u00ed se zdaj\u00ed st\u0159edn\u011b dlouh\u00e9 \u00fa\u010desy na ramena. Jemn\u00e9 lokny podpo\u0159te vhodn\u011b zvolenou barvou.","inLanguage":"sv-SE"},"inLanguage":"sv-SE"},{"@type":"Question","@id":"https:\/\/regbu.com\/sv\/uces-du-valjer-av-karaktar-typ\/#faq-question-1687191768392","position":3,"url":"https:\/\/regbu.com\/sv\/uces-du-valjer-av-karaktar-typ\/#faq-question-1687191768392","name":"Hur ska l\u00e5nga kvinnor kamma sitt h\u00e5r?","answerCount":1,"acceptedAnswer":{"@type":"Answer","text":"V tomto p\u0159\u00edpad\u011b je dobr\u00e9 vyp\u00edchnout onu \u017eenskost, co\u017e provedete jak jinak ne\u017e dlouh\u00fdmi vlasy. Uva\u017eovat byste m\u011bli tak\u00e9 o tup\u00edrovan\u00e9m \u00fa\u010desu.","inLanguage":"sv-SE"},"inLanguage":"sv-SE"},{"@type":"Question","@id":"https:\/\/regbu.com\/sv\/uces-du-valjer-av-karaktar-typ\/#faq-question-1687191776217","position":4,"url":"https:\/\/regbu.com\/sv\/uces-du-valjer-av-karaktar-typ\/#faq-question-1687191776217","name":"Vilket h\u00e5r \u00e4r inte idealiskt f\u00f6r l\u00e5ngbenta och smala kvinnor?","answerCount":1,"acceptedAnswer":{"@type":"Answer","text":"Vyvarujte se kr\u00e1tk\u00fdm sest\u0159ih\u016fm, kter\u00e9 obvykle nejsou tou spr\u00e1vnou volbou. Nav\u00edc podporuj\u00ed sp\u00ed\u0161e mu\u017enost ne\u017e \u017eenskost.","inLanguage":"sv-SE"},"inLanguage":"sv-SE"},{"@type":"Question","@id":"https:\/\/regbu.com\/sv\/uces-du-valjer-av-karaktar-typ\/#faq-question-1687191783717","position":5,"url":"https:\/\/regbu.com\/sv\/uces-du-valjer-av-karaktar-typ\/#faq-question-1687191783717","name":"Vilka h\u00e5rf\u00e4rger smalnar av?","answerCount":1,"acceptedAnswer":{"@type":"Answer","text":"Tady plat\u00ed to sam\u00e9, jako u oble\u010den\u00ed. Tmav\u0161\u00ed barva ze\u0161t\u00edhluje, naopak sv\u011btl\u00e1 blond p\u0159id\u00e1v\u00e1.","inLanguage":"sv-SE"},"inLanguage":"sv-SE"}]}},"_links":{"self":[{"href":"https:\/\/regbu.com\/sv\/wp-json\/wp\/v2\/posts\/861","targetHints":{"allow":["GET"]}}],"collection":[{"href":"https:\/\/regbu.com\/sv\/wp-json\/wp\/v2\/posts"}],"about":[{"href":"https:\/\/regbu.com\/sv\/wp-json\/wp\/v2\/types\/post"}],"author":[{"embeddable":true,"href":"https:\/\/regbu.com\/sv\/wp-json\/wp\/v2\/users\/2"}],"replies":[{"embeddable":true,"href":"https:\/\/regbu.com\/sv\/wp-json\/wp\/v2\/comments?post=861"}],"version-history":[{"count":2,"href":"https:\/\/regbu.com\/sv\/wp-json\/wp\/v2\/posts\/861\/revisions"}],"predecessor-version":[{"id":878,"href":"https:\/\/regbu.com\/sv\/wp-json\/wp\/v2\/posts\/861\/revisions\/878"}],"wp:featuredmedia":[{"embeddable":true,"href":"https:\/\/regbu.com\/sv\/wp-json\/wp\/v2\/media\/862"}],"wp:attachment":[{"href":"https:\/\/regbu.com\/sv\/wp-json\/wp\/v2\/media?parent=861"}],"wp:term":[{"taxonomy":"category","embeddable":true,"href":"https:\/\/regbu.com\/sv\/wp-json\/wp\/v2\/categories?post=861"},{"taxonomy":"post_tag","embeddable":true,"href":"https:\/\/regbu.com\/sv\/wp-json\/wp\/v2\/tags?post=861"}],"curies":[{"name":"wp","href":"https:\/\/api.w.org\/{rel}","templated":true}]}}