{"id":852,"date":"2023-06-19T18:15:26","date_gmt":"2023-06-19T16:15:26","guid":{"rendered":"https:\/\/regbu.com\/?p=852"},"modified":"2025-09-05T07:42:22","modified_gmt":"2025-09-05T05:42:22","slug":"modni-styly-soucasne-doby","status":"publish","type":"post","link":"https:\/\/regbu.com\/sv\/mode-stilar-samtida-perioder\/","title":{"rendered":"Moderiktiga stilar"},"content":{"rendered":"<p>Modestilar \u00e4r till viss del modetrender som avsl\u00f6jar vad du b\u00e4r. Vi har alla v\u00e5ra <strong>Dedikerad stil<\/strong>, favoritkl\u00e4der och anv\u00e4nder utvalda accessoarer. Du kanske inte ens vet om det, men \u00e4ven du passar s\u00e4kert in i en viss modestil eller n\u00e4rmar dig den \u00e5tminstone i minsta m\u00f6jliga utstr\u00e4ckning.<\/p>\n\n\n\n<ul class=\"wp-block-list\">\n<li>Hipster<\/li>\n\n\n\n<li>Preppy<\/li>\n\n\n\n<li>Athleisure<\/li>\n<\/ul>\n\n\n\n<p>Varje modestil \u00e4r naturligtvis f\u00f6rknippad med utvalda element och k\u00e4nnetecknas av n\u00e5got. Om du vill uppt\u00e4cka din kl\u00e4dstil, l\u00e4s f\u00f6ljande rader.<\/p>\n\n\n\n<h2 class=\"wp-block-heading\">Vilka \u00e4r modets stilar?<\/h2>\n\n\n\n<p>Det f\u00f6rsta vi kan bita i \u00e4r den tidigare n\u00e4mnda <em>Athleisure-stil f\u00f6r kl\u00e4dsel<\/em>. Han \u00e4r v\u00e4ldigt avslappnad och l\u00e4ttsam. Du kan f\u00f6rest\u00e4lla dig det med leggings, l\u00f6sa tr\u00e4ningsbyxor, en sporttr\u00f6ja, en sweatshirt och sneakers. Det finns till och med eleganta offshoots f\u00f6r dessa modestilar. En av dem \u00e4r till exempel athflow. Och vilka andra stilar kommer du att st\u00f6ta p\u00e5?<\/p>\n\n\n\n<figure class=\"wp-block-table\"><table><tbody><tr><td><strong>Stil<\/strong><\/td><td><strong>Egenskaper<\/strong><\/td><\/tr><tr><td>Hippie<\/td><td>Baserat p\u00e5 1960-talet<\/td><\/tr><tr><td>Hipster<\/td><td>Rutig skjorta, ankelst\u00f6vlar och vit skjorta<\/td><\/tr><tr><td>Preppy<\/td><td>Studentstil fr\u00e5n 1950-talet<\/td><\/tr><tr><td>\u00d6verdimensionerad<\/td><td>L\u00f6st sittande och lediga kl\u00e4der<\/td><\/tr><\/tbody><\/table><figcaption class=\"wp-element-caption\">N\u00e5gra k\u00e4nda modestilar fr\u00e5n de senaste decennierna.<\/figcaption><\/figure>\n\n\n\n<p>De senaste \u00e5rens trend \u00e4r ocks\u00e5 en modestil som kallas Tomboy. Detta \u00e4gs fr\u00e4mst av kvinnor som \u00e4r entusiastiska \u00f6ver att kl\u00e4 sig i herrkl\u00e4der. De b\u00e4r skjortor, T-shirts, sweatshirts, kepsar och allt \u00e4r i en viss rebellisk anda.<\/p>\n\n\n\n<h2 class=\"wp-block-heading\">Aff\u00e4rsmode f\u00f6r f\u00f6retagssegmentet<\/h2>\n\n\n\n<p>Aff\u00e4rsmode \u00e4r ett kapitel f\u00f6r sig. Det handlar i f\u00f6rsta hand om professionalism och elegans. F\u00f6r m\u00e4n leder de <strong><a href=\"https:\/\/regbu.com\/sv\/herrklader-val-ur-och-ur\/\">skjortor<\/a><\/strong>och kavajer och slipsar. F\u00f6r kvinnor vinner formella kjolar, blusar och pumps. Aff\u00e4rsmode \u00e4r en av de modestilar d\u00e4r det ofta \u00e4r n\u00f6dv\u00e4ndigt att f\u00f6lja vissa regler.<\/p>\n\n\n\n<h3 class=\"wp-block-heading\">Andra modetyper<\/h3>\n\n\n\n<p>Du kan fokusera din garderob p\u00e5 m\u00e5nga fashionabla stilar. En av dem \u00e4r till exempel <strong>Fransk stil<\/strong>baserat p\u00e5 de kl\u00e4der som b\u00e4rs i Paris. I det h\u00e4r fallet \u00e4r det enkelhet, monokromt, halsdukar, kepsar och hattar som g\u00e4ller. I slut\u00e4ndan kanske du uppt\u00e4cker att du faktiskt inte passar in i n\u00e5gon kategori till hundra procent med din outfit, utan snarare v\u00e4ljer att kombinera flera stilar tillsammans. Alla \u00e4r unika och originella i detta avseende.<\/p>","protected":false},"excerpt":{"rendered":"<p>Modestilar \u00e4r till viss del modetrender som avsl\u00f6jar vad du har p\u00e5 dig. Var och en av oss har en egen stil, favoritkl\u00e4der och anv\u00e4nder utvalda accessoarer. Du kanske inte ens vet om det, men du passar s\u00e4kert ocks\u00e5 in i en viss modestil, eller \u00e5tminstone n\u00e4rmar dig den till en minimal grad. Varje modestil \u00e4r ... <\/p>","protected":false},"author":2,"featured_media":853,"comment_status":"closed","ping_status":"closed","sticky":false,"template":"","format":"standard","meta":{"footnotes":""},"categories":[671],"tags":[721,723,722,717,718,716,714,720,719,715],"class_list":["post-852","post","type-post","status-publish","format-standard","has-post-thumbnail","hentry","category-moda","tag-athleisure","tag-business","tag-francouzsky-styl","tag-hippie","tag-hipster","tag-moda","tag-modni-styly","tag-oversized","tag-preppy","tag-styly"],"yoast_head":"<!-- This site is optimized with the Yoast SEO plugin v27.5 - https:\/\/yoast.com\/product\/yoast-seo-wordpress\/ -->\n<title>M\u00f3dn\u00ed styly sou\u010dasn\u00e9 doby - REGBU.COM<\/title>\n<meta name=\"description\" content=\"Najd\u011bte si m\u00f3dn\u00ed styly, kter\u00e9 V\u00e1m budou z hlediska obl\u00e9k\u00e1n\u00ed vyhovovat. Poznejte jejich typick\u00e9 vlastnosti a v\u00fdslednou podobu.\" \/>\n<meta name=\"robots\" content=\"index, follow, max-snippet:-1, max-image-preview:large, max-video-preview:-1\" \/>\n<link rel=\"canonical\" href=\"https:\/\/regbu.com\/sv\/mode-stilar-samtida-perioder\/\" \/>\n<meta property=\"og:locale\" content=\"sv_SE\" \/>\n<meta property=\"og:type\" content=\"article\" \/>\n<meta property=\"og:title\" content=\"M\u00f3dn\u00ed styly sou\u010dasn\u00e9 doby - REGBU.COM\" \/>\n<meta property=\"og:description\" content=\"Najd\u011bte si m\u00f3dn\u00ed styly, kter\u00e9 V\u00e1m budou z hlediska obl\u00e9k\u00e1n\u00ed vyhovovat. Poznejte jejich typick\u00e9 vlastnosti a v\u00fdslednou podobu.\" \/>\n<meta property=\"og:url\" content=\"https:\/\/regbu.com\/sv\/mode-stilar-samtida-perioder\/\" \/>\n<meta property=\"og:site_name\" content=\"REGBU.COM\" \/>\n<meta property=\"article:published_time\" content=\"2023-06-19T16:15:26+00:00\" \/>\n<meta property=\"article:modified_time\" content=\"2025-09-05T05:42:22+00:00\" \/>\n<meta property=\"og:image\" content=\"https:\/\/regbu.com\/wp-content\/uploads\/2023\/06\/modni-styly-soucasne-doby.jpg\" \/>\n\t<meta property=\"og:image:width\" content=\"1200\" \/>\n\t<meta property=\"og:image:height\" content=\"675\" \/>\n\t<meta property=\"og:image:type\" content=\"image\/jpeg\" \/>\n<meta name=\"author\" content=\"George Martin\" \/>\n<meta name=\"twitter:card\" content=\"summary_large_image\" \/>\n<meta name=\"twitter:label1\" content=\"Skriven av\" \/>\n\t<meta name=\"twitter:data1\" content=\"George Martin\" \/>\n\t<meta name=\"twitter:label2\" content=\"Ber\u00e4knad l\u00e4stid\" \/>\n\t<meta name=\"twitter:data2\" content=\"2 minuter\" \/>\n<script type=\"application\/ld+json\" class=\"yoast-schema-graph\">{\"@context\":\"https:\\\/\\\/schema.org\",\"@graph\":[{\"@type\":\"Article\",\"@id\":\"https:\\\/\\\/regbu.com\\\/sv\\\/mode-stilar-samtida-perioder\\\/#article\",\"isPartOf\":{\"@id\":\"https:\\\/\\\/regbu.com\\\/sv\\\/mode-stilar-samtida-perioder\\\/\"},\"author\":{\"name\":\"George Martin\",\"@id\":\"https:\\\/\\\/regbu.com\\\/en\\\/#\\\/schema\\\/person\\\/94ea9deda2629771b8a9ced002f6784e\"},\"headline\":\"M\u00f3dn\u00ed styly sou\u010dasn\u00e9 doby\",\"datePublished\":\"2023-06-19T16:15:26+00:00\",\"dateModified\":\"2025-09-05T05:42:22+00:00\",\"mainEntityOfPage\":{\"@id\":\"https:\\\/\\\/regbu.com\\\/sv\\\/mode-stilar-samtida-perioder\\\/\"},\"wordCount\":450,\"image\":{\"@id\":\"https:\\\/\\\/regbu.com\\\/sv\\\/mode-stilar-samtida-perioder\\\/#primaryimage\"},\"thumbnailUrl\":\"https:\\\/\\\/regbu.com\\\/wp-content\\\/uploads\\\/2023\\\/06\\\/modni-styly-soucasne-doby.jpg\",\"keywords\":[\"Athleisure\",\"business\",\"francouzsk\u00fd styl\",\"Hippie\",\"Hipster\",\"m\u00f3da\",\"m\u00f3dn\u00ed styly\",\"Oversized\",\"Preppy\",\"styly\"],\"articleSection\":[\"M\u00f3da\"],\"inLanguage\":\"sv-SE\"},{\"@type\":\"WebPage\",\"@id\":\"https:\\\/\\\/regbu.com\\\/sv\\\/mode-stilar-samtida-perioder\\\/\",\"url\":\"https:\\\/\\\/regbu.com\\\/sv\\\/mode-stilar-samtida-perioder\\\/\",\"name\":\"M\u00f3dn\u00ed styly sou\u010dasn\u00e9 doby - REGBU.COM\",\"isPartOf\":{\"@id\":\"https:\\\/\\\/regbu.com\\\/en\\\/#website\"},\"primaryImageOfPage\":{\"@id\":\"https:\\\/\\\/regbu.com\\\/sv\\\/mode-stilar-samtida-perioder\\\/#primaryimage\"},\"image\":{\"@id\":\"https:\\\/\\\/regbu.com\\\/sv\\\/mode-stilar-samtida-perioder\\\/#primaryimage\"},\"thumbnailUrl\":\"https:\\\/\\\/regbu.com\\\/wp-content\\\/uploads\\\/2023\\\/06\\\/modni-styly-soucasne-doby.jpg\",\"datePublished\":\"2023-06-19T16:15:26+00:00\",\"dateModified\":\"2025-09-05T05:42:22+00:00\",\"author\":{\"@id\":\"https:\\\/\\\/regbu.com\\\/en\\\/#\\\/schema\\\/person\\\/94ea9deda2629771b8a9ced002f6784e\"},\"description\":\"Najd\u011bte si m\u00f3dn\u00ed styly, kter\u00e9 V\u00e1m budou z hlediska obl\u00e9k\u00e1n\u00ed vyhovovat. Poznejte jejich typick\u00e9 vlastnosti a v\u00fdslednou podobu.\",\"breadcrumb\":{\"@id\":\"https:\\\/\\\/regbu.com\\\/sv\\\/mode-stilar-samtida-perioder\\\/#breadcrumb\"},\"inLanguage\":\"sv-SE\",\"potentialAction\":[{\"@type\":\"ReadAction\",\"target\":[\"https:\\\/\\\/regbu.com\\\/sv\\\/mode-stilar-samtida-perioder\\\/\"]}]},{\"@type\":\"ImageObject\",\"inLanguage\":\"sv-SE\",\"@id\":\"https:\\\/\\\/regbu.com\\\/sv\\\/mode-stilar-samtida-perioder\\\/#primaryimage\",\"url\":\"https:\\\/\\\/regbu.com\\\/wp-content\\\/uploads\\\/2023\\\/06\\\/modni-styly-soucasne-doby.jpg\",\"contentUrl\":\"https:\\\/\\\/regbu.com\\\/wp-content\\\/uploads\\\/2023\\\/06\\\/modni-styly-soucasne-doby.jpg\",\"width\":1200,\"height\":675,\"caption\":\"M\u00f3dn\u00ed styly sou\u010dasn\u00e9 doby\"},{\"@type\":\"BreadcrumbList\",\"@id\":\"https:\\\/\\\/regbu.com\\\/sv\\\/mode-stilar-samtida-perioder\\\/#breadcrumb\",\"itemListElement\":[{\"@type\":\"ListItem\",\"position\":1,\"name\":\"Home\",\"item\":\"https:\\\/\\\/regbu.com\\\/en\\\/\"},{\"@type\":\"ListItem\",\"position\":2,\"name\":\"M\u00f3dn\u00ed styly sou\u010dasn\u00e9 doby\"}]},{\"@type\":\"WebSite\",\"@id\":\"https:\\\/\\\/regbu.com\\\/en\\\/#website\",\"url\":\"https:\\\/\\\/regbu.com\\\/en\\\/\",\"name\":\"REGBU.COM\",\"description\":\"\",\"potentialAction\":[{\"@type\":\"SearchAction\",\"target\":{\"@type\":\"EntryPoint\",\"urlTemplate\":\"https:\\\/\\\/regbu.com\\\/en\\\/?s={search_term_string}\"},\"query-input\":{\"@type\":\"PropertyValueSpecification\",\"valueRequired\":true,\"valueName\":\"search_term_string\"}}],\"inLanguage\":\"sv-SE\"},{\"@type\":\"Person\",\"@id\":\"https:\\\/\\\/regbu.com\\\/en\\\/#\\\/schema\\\/person\\\/94ea9deda2629771b8a9ced002f6784e\",\"name\":\"George Martin\",\"url\":\"https:\\\/\\\/regbu.com\\\/sv\\\/author\\\/george-martin\\\/\"}]}<\/script>\n<!-- \/ Yoast SEO plugin. -->","yoast_head_json":{"title":"Modernt mode - REGBU.COM","description":"Hitta de modestilar som passar dig n\u00e4r det g\u00e4ller kl\u00e4dsel. L\u00e4r k\u00e4nna deras typiska egenskaper och den resulterande looken.","robots":{"index":"index","follow":"follow","max-snippet":"max-snippet:-1","max-image-preview":"max-image-preview:large","max-video-preview":"max-video-preview:-1"},"canonical":"https:\/\/regbu.com\/sv\/mode-stilar-samtida-perioder\/","og_locale":"sv_SE","og_type":"article","og_title":"M\u00f3dn\u00ed styly sou\u010dasn\u00e9 doby - REGBU.COM","og_description":"Najd\u011bte si m\u00f3dn\u00ed styly, kter\u00e9 V\u00e1m budou z hlediska obl\u00e9k\u00e1n\u00ed vyhovovat. Poznejte jejich typick\u00e9 vlastnosti a v\u00fdslednou podobu.","og_url":"https:\/\/regbu.com\/sv\/mode-stilar-samtida-perioder\/","og_site_name":"REGBU.COM","article_published_time":"2023-06-19T16:15:26+00:00","article_modified_time":"2025-09-05T05:42:22+00:00","og_image":[{"width":1200,"height":675,"url":"https:\/\/regbu.com\/wp-content\/uploads\/2023\/06\/modni-styly-soucasne-doby.jpg","type":"image\/jpeg"}],"author":"George Martin","twitter_card":"summary_large_image","twitter_misc":{"Skriven av":"George Martin","Ber\u00e4knad l\u00e4stid":"2 minuter"},"schema":{"@context":"https:\/\/schema.org","@graph":[{"@type":"Article","@id":"https:\/\/regbu.com\/sv\/mode-stilar-samtida-perioder\/#article","isPartOf":{"@id":"https:\/\/regbu.com\/sv\/mode-stilar-samtida-perioder\/"},"author":{"name":"George Martin","@id":"https:\/\/regbu.com\/en\/#\/schema\/person\/94ea9deda2629771b8a9ced002f6784e"},"headline":"M\u00f3dn\u00ed styly sou\u010dasn\u00e9 doby","datePublished":"2023-06-19T16:15:26+00:00","dateModified":"2025-09-05T05:42:22+00:00","mainEntityOfPage":{"@id":"https:\/\/regbu.com\/sv\/mode-stilar-samtida-perioder\/"},"wordCount":450,"image":{"@id":"https:\/\/regbu.com\/sv\/mode-stilar-samtida-perioder\/#primaryimage"},"thumbnailUrl":"https:\/\/regbu.com\/wp-content\/uploads\/2023\/06\/modni-styly-soucasne-doby.jpg","keywords":["Athleisure","business","francouzsk\u00fd styl","Hippie","Hipster","m\u00f3da","m\u00f3dn\u00ed styly","Oversized","Preppy","styly"],"articleSection":["M\u00f3da"],"inLanguage":"sv-SE"},{"@type":"WebPage","@id":"https:\/\/regbu.com\/sv\/mode-stilar-samtida-perioder\/","url":"https:\/\/regbu.com\/sv\/mode-stilar-samtida-perioder\/","name":"Modernt mode - REGBU.COM","isPartOf":{"@id":"https:\/\/regbu.com\/en\/#website"},"primaryImageOfPage":{"@id":"https:\/\/regbu.com\/sv\/mode-stilar-samtida-perioder\/#primaryimage"},"image":{"@id":"https:\/\/regbu.com\/sv\/mode-stilar-samtida-perioder\/#primaryimage"},"thumbnailUrl":"https:\/\/regbu.com\/wp-content\/uploads\/2023\/06\/modni-styly-soucasne-doby.jpg","datePublished":"2023-06-19T16:15:26+00:00","dateModified":"2025-09-05T05:42:22+00:00","author":{"@id":"https:\/\/regbu.com\/en\/#\/schema\/person\/94ea9deda2629771b8a9ced002f6784e"},"description":"Hitta de modestilar som passar dig n\u00e4r det g\u00e4ller kl\u00e4dsel. L\u00e4r k\u00e4nna deras typiska egenskaper och den resulterande looken.","breadcrumb":{"@id":"https:\/\/regbu.com\/sv\/mode-stilar-samtida-perioder\/#breadcrumb"},"inLanguage":"sv-SE","potentialAction":[{"@type":"ReadAction","target":["https:\/\/regbu.com\/sv\/mode-stilar-samtida-perioder\/"]}]},{"@type":"ImageObject","inLanguage":"sv-SE","@id":"https:\/\/regbu.com\/sv\/mode-stilar-samtida-perioder\/#primaryimage","url":"https:\/\/regbu.com\/wp-content\/uploads\/2023\/06\/modni-styly-soucasne-doby.jpg","contentUrl":"https:\/\/regbu.com\/wp-content\/uploads\/2023\/06\/modni-styly-soucasne-doby.jpg","width":1200,"height":675,"caption":"M\u00f3dn\u00ed styly sou\u010dasn\u00e9 doby"},{"@type":"BreadcrumbList","@id":"https:\/\/regbu.com\/sv\/mode-stilar-samtida-perioder\/#breadcrumb","itemListElement":[{"@type":"ListItem","position":1,"name":"Home","item":"https:\/\/regbu.com\/en\/"},{"@type":"ListItem","position":2,"name":"M\u00f3dn\u00ed styly sou\u010dasn\u00e9 doby"}]},{"@type":"WebSite","@id":"https:\/\/regbu.com\/en\/#website","url":"https:\/\/regbu.com\/en\/","name":"REGBU.COM","description":"","potentialAction":[{"@type":"SearchAction","target":{"@type":"EntryPoint","urlTemplate":"https:\/\/regbu.com\/en\/?s={search_term_string}"},"query-input":{"@type":"PropertyValueSpecification","valueRequired":true,"valueName":"search_term_string"}}],"inLanguage":"sv-SE"},{"@type":"Person","@id":"https:\/\/regbu.com\/en\/#\/schema\/person\/94ea9deda2629771b8a9ced002f6784e","name":"George Martin","url":"https:\/\/regbu.com\/sv\/author\/george-martin\/"}]}},"_links":{"self":[{"href":"https:\/\/regbu.com\/sv\/wp-json\/wp\/v2\/posts\/852","targetHints":{"allow":["GET"]}}],"collection":[{"href":"https:\/\/regbu.com\/sv\/wp-json\/wp\/v2\/posts"}],"about":[{"href":"https:\/\/regbu.com\/sv\/wp-json\/wp\/v2\/types\/post"}],"author":[{"embeddable":true,"href":"https:\/\/regbu.com\/sv\/wp-json\/wp\/v2\/users\/2"}],"replies":[{"embeddable":true,"href":"https:\/\/regbu.com\/sv\/wp-json\/wp\/v2\/comments?post=852"}],"version-history":[{"count":2,"href":"https:\/\/regbu.com\/sv\/wp-json\/wp\/v2\/posts\/852\/revisions"}],"predecessor-version":[{"id":875,"href":"https:\/\/regbu.com\/sv\/wp-json\/wp\/v2\/posts\/852\/revisions\/875"}],"wp:featuredmedia":[{"embeddable":true,"href":"https:\/\/regbu.com\/sv\/wp-json\/wp\/v2\/media\/853"}],"wp:attachment":[{"href":"https:\/\/regbu.com\/sv\/wp-json\/wp\/v2\/media?parent=852"}],"wp:term":[{"taxonomy":"category","embeddable":true,"href":"https:\/\/regbu.com\/sv\/wp-json\/wp\/v2\/categories?post=852"},{"taxonomy":"post_tag","embeddable":true,"href":"https:\/\/regbu.com\/sv\/wp-json\/wp\/v2\/tags?post=852"}],"curies":[{"name":"wp","href":"https:\/\/api.w.org\/{rel}","templated":true}]}}