{"id":178,"date":"2022-01-06T09:15:07","date_gmt":"2022-01-06T08:15:07","guid":{"rendered":"https:\/\/regbu.com\/?p=178"},"modified":"2025-09-05T07:43:13","modified_gmt":"2025-09-05T05:43:13","slug":"ziviny-ktere-musi-vegani-doplnit-do-sveho-jidelnicku","status":"publish","type":"post","link":"https:\/\/regbu.com\/sv\/fisk-vilket-maste-veganer-tillfoga-till-menyn\/","title":{"rendered":"N\u00e4rings\u00e4mnen som veganer beh\u00f6ver l\u00e4gga till i sin kost"},"content":{"rendered":"<p>N\u00e4r du best\u00e4mmer dig f\u00f6r att \u00e4ndra din kost och blir f\u00f6rtrollad av <strong><a href=\"https:\/\/regbu.com\/sv\/vegetarianism-know-its-benefits-to-detail\/\">Vegetarianism<\/a><a href=\"https:\/\/www.zlatycasy.cz\/vegetarianstvi-poznejte-jeho-vyhody-do-detailu\/\">\u00ed<\/a><\/strong> eller veganism, t\u00e4nk p\u00e5 vad du \u00e4ter. B\u00e5da \u00e4r s\u00e4kert bra f\u00f6r kroppen ur ett kostperspektiv. Men i samma \u00f6gonblick som du utesluter animaliska livsmedel slutar du att ge din kropp <strong>tillf\u00f6r vissa n\u00e4rings\u00e4mnen<\/strong>. Dessa ers\u00e4tts sedan med kosttillskott eller p\u00e5 annat s\u00e4tt.<\/p>\n\n\n\n<h2 class=\"wp-block-heading\">Var vegan i 100 %<\/h2>\n\n\n\n<p>Om du vill att veganismen ska vara bra f\u00f6r dig m\u00e5ste du inte bara h\u00e5lla dig till kostens filosofi. Du f\u00e5r inte f\u00f6rsumma de n\u00e4rings\u00e4mnen som saknas och som du inte kan f\u00e5 p\u00e5 naturlig v\u00e4g genom animalisk kost. Det r\u00f6r sig fr\u00e4mst om f\u00f6ljande <strong>vitamin B12, zink och j\u00e4rn<\/strong>. N\u00e4rings\u00e4mnen som \u00e4r nyttiga f\u00f6r kroppen kan f\u00e5s i kosttillskott.<\/p>\n\n\n\n<h3 class=\"wp-block-heading\">Hur \u00e4r dessa n\u00e4rings\u00e4mnen nyttiga?<\/h3>\n\n\n\n<p>Alla som l\u00e4ser den h\u00e4r artikeln kan s\u00e4kert hitta ett l\u00e4mpligt preparat f\u00f6r att komplettera dessa n\u00e4rings\u00e4mnen. Vi kommer dock att presentera varf\u00f6r dessa <strong>\u00e4mnen som \u00e4r s\u00e5 viktiga f\u00f6r m\u00e4nniskokroppen<\/strong>. Svaren p\u00e5 de viktigaste fr\u00e5gorna om \u00e4mnet finns i raderna nedan.<\/p>\n\n\n\n<div class=\"schema-faq wp-block-yoast-faq-block\"><div class=\"schema-faq-section\" id=\"faq-question-1626960036079\"><strong class=\"schema-faq-question\">Vad kan orsaka B12-vitaminbrist?<\/strong> <p class=\"schema-faq-answer\">Om du inte har tillr\u00e4ckligt med detta vitamin riskerar du att drabbas av infertilitet, anemi och farliga skador p\u00e5 nervsystemet. I vissa fall kan hj\u00e4rtsjukdomar eller benproblem uppst\u00e5.<\/p> <\/div> <div class=\"schema-faq-section\" id=\"faq-question-1626960045412\"><strong class=\"schema-faq-question\">Hur vet du om du har brist p\u00e5 B12-vitamin?<\/strong> <p class=\"schema-faq-answer\">Du b\u00f6rjar f\u00e5 aptitl\u00f6shet, du kan bli f\u00f6rstoppad och tr\u00f6tthet \u00e4r vardagsmat. En viss impuls kan vara o\u00f6nskad och snabb viktminskning.<\/p> <\/div> <div class=\"schema-faq-section\" id=\"faq-question-1626960053544\"><strong class=\"schema-faq-question\">Hur visar sig zinkbrist i kroppen?<\/strong> <p class=\"schema-faq-answer\">Zink \u00e4r ocks\u00e5 ett viktigt n\u00e4rings\u00e4mne. N\u00e4r du har brist p\u00e5 det kan det leda till h\u00e5ravfall, f\u00f6rs\u00e4mrad l\u00e4kning av s\u00e5r p\u00e5 kroppen, diarr\u00e9 och utvecklingsproblem hos yngre individer.<\/p> <\/div> <div class=\"schema-faq-section\" id=\"faq-question-1626960062329\"><strong class=\"schema-faq-question\">Vad g\u00f6r j\u00e4rn i m\u00e4nniskokroppen?<\/strong> <p class=\"schema-faq-answer\">Dess huvudsakliga funktion \u00e4r att transportera syre i de r\u00f6da blodkropparnas hemoglobin. Det \u00e4r ocks\u00e5 viktigt f\u00f6r en god utveckling av hj\u00e4rnans funktioner.<\/p> <\/div> <div class=\"schema-faq-section\" id=\"faq-question-1626960071762\"><strong class=\"schema-faq-question\">Hur mycket j\u00e4rn b\u00f6r en person f\u00e5 i sig varje dag?<\/strong> <p class=\"schema-faq-answer\">Hos barn \u00e4r denna dos mellan 7 och 8 mg. F\u00f6r m\u00e4n \u00e4r det 11-15 mg. F\u00f6r kvinnor kan denna gr\u00e4ns vara 18 mg.<\/p> <\/div> <\/div>","protected":false},"excerpt":{"rendered":"<p>N\u00e4r du best\u00e4mmer dig f\u00f6r att \u00e4ndra din kost och blir f\u00f6rtrollad av vegetarianism eller veganism ska du t\u00e4nka p\u00e5 vad du \u00e4ter. B\u00e5da \u00e4r s\u00e4kert bra f\u00f6r kroppen ur ett kostperspektiv. Men i samma \u00f6gonblick som du utesluter animaliska livsmedel slutar du att f\u00f6rse din kropp med vissa n\u00e4rings\u00e4mnen. Dessa ers\u00e4tts sedan med kosttillskott eller p\u00e5 annat s\u00e4tt. Bli vegan p\u00e5 ... <\/p>","protected":false},"author":2,"featured_media":179,"comment_status":"closed","ping_status":"closed","sticky":false,"template":"","format":"standard","meta":{"footnotes":""},"categories":[197,1],"tags":[182,154,155,156,183,184,185,187,188,189],"class_list":["post-178","post","type-post","status-publish","format-standard","has-post-thumbnail","hentry","category-lidske-zdravi","category-nezarazene","tag-dostatek-zivin","tag-vegetarian","tag-vegetariani","tag-vegetarianstvi","tag-vitamin","tag-vitamin-b12","tag-zelezo","tag-zinek","tag-zivina","tag-ziviny"],"yoast_head":"<!-- This site is optimized with the Yoast SEO plugin v27.4 - https:\/\/yoast.com\/product\/yoast-seo-wordpress\/ -->\n<title>\u017diviny, kter\u00e9 mus\u00ed vegani doplnit do sv\u00e9ho j\u00eddeln\u00ed\u010dku - REGBU.COM<\/title>\n<meta name=\"description\" content=\"V\u00edte, jak\u00e9 \u017eiviny Va\u0161e t\u011blo pot\u0159ebuje kdy\u017e se stanete vegetari\u00e1ny? Jsou to ty, kter\u00e9 u\u017e nebudete p\u0159ij\u00edmat v \u017eivo\u010di\u0161n\u00e9 strav\u011b.\" \/>\n<meta name=\"robots\" content=\"index, follow, max-snippet:-1, max-image-preview:large, max-video-preview:-1\" \/>\n<link rel=\"canonical\" href=\"https:\/\/regbu.com\/sv\/fisk-vilket-maste-veganer-tillfoga-till-menyn\/\" \/>\n<meta property=\"og:locale\" content=\"sv_SE\" \/>\n<meta property=\"og:type\" content=\"article\" \/>\n<meta property=\"og:title\" content=\"\u017diviny, kter\u00e9 mus\u00ed vegani doplnit do sv\u00e9ho j\u00eddeln\u00ed\u010dku - REGBU.COM\" \/>\n<meta property=\"og:description\" content=\"V\u00edte, jak\u00e9 \u017eiviny Va\u0161e t\u011blo pot\u0159ebuje kdy\u017e se stanete vegetari\u00e1ny? Jsou to ty, kter\u00e9 u\u017e nebudete p\u0159ij\u00edmat v \u017eivo\u010di\u0161n\u00e9 strav\u011b.\" \/>\n<meta property=\"og:url\" content=\"https:\/\/regbu.com\/sv\/fisk-vilket-maste-veganer-tillfoga-till-menyn\/\" \/>\n<meta property=\"og:site_name\" content=\"REGBU.COM\" \/>\n<meta property=\"article:published_time\" content=\"2022-01-06T08:15:07+00:00\" \/>\n<meta property=\"article:modified_time\" content=\"2025-09-05T05:43:13+00:00\" \/>\n<meta property=\"og:image\" content=\"https:\/\/regbu.com\/wp-content\/uploads\/2022\/01\/ziviny-ktere-musi-vegani-doplnit-do-sveho-jidelnicku.jpg\" \/>\n\t<meta property=\"og:image:width\" content=\"1200\" \/>\n\t<meta property=\"og:image:height\" content=\"676\" \/>\n\t<meta property=\"og:image:type\" content=\"image\/jpeg\" \/>\n<meta name=\"author\" content=\"George Martin\" \/>\n<meta name=\"twitter:card\" content=\"summary_large_image\" \/>\n<meta name=\"twitter:label1\" content=\"Skriven av\" \/>\n\t<meta name=\"twitter:data1\" content=\"George Martin\" \/>\n\t<meta name=\"twitter:label2\" content=\"Ber\u00e4knad l\u00e4stid\" \/>\n\t<meta name=\"twitter:data2\" content=\"2 minuter\" \/>\n<script type=\"application\/ld+json\" class=\"yoast-schema-graph\">{\"@context\":\"https:\\\/\\\/schema.org\",\"@graph\":[{\"@type\":\"Article\",\"@id\":\"https:\\\/\\\/regbu.com\\\/ziviny-ktere-musi-vegani-doplnit-do-sveho-jidelnicku\\\/#article\",\"isPartOf\":{\"@id\":\"https:\\\/\\\/regbu.com\\\/ziviny-ktere-musi-vegani-doplnit-do-sveho-jidelnicku\\\/\"},\"author\":{\"name\":\"George Martin\",\"@id\":\"https:\\\/\\\/regbu.com\\\/en\\\/#\\\/schema\\\/person\\\/94ea9deda2629771b8a9ced002f6784e\"},\"headline\":\"\u017diviny, kter\u00e9 mus\u00ed vegani doplnit do sv\u00e9ho j\u00eddeln\u00ed\u010dku\",\"datePublished\":\"2022-01-06T08:15:07+00:00\",\"dateModified\":\"2025-09-05T05:43:13+00:00\",\"mainEntityOfPage\":{\"@id\":\"https:\\\/\\\/regbu.com\\\/ziviny-ktere-musi-vegani-doplnit-do-sveho-jidelnicku\\\/\"},\"wordCount\":465,\"image\":{\"@id\":\"https:\\\/\\\/regbu.com\\\/ziviny-ktere-musi-vegani-doplnit-do-sveho-jidelnicku\\\/#primaryimage\"},\"thumbnailUrl\":\"https:\\\/\\\/regbu.com\\\/wp-content\\\/uploads\\\/2022\\\/01\\\/ziviny-ktere-musi-vegani-doplnit-do-sveho-jidelnicku.jpg\",\"keywords\":[\"dostatek \u017eivin\",\"vegetari\u00e1n\",\"vegetari\u00e1ni\",\"vegetari\u00e1nstv\u00ed\",\"vitam\u00edn\",\"vitam\u00edn B12\",\"\u017eelezo\",\"zinek\",\"\u017eivina\",\"\u017eiviny\"],\"articleSection\":[\"Lidsk\u00e9 Zdrav\u00ed\",\"Neza\u0159azen\u00e9\"],\"inLanguage\":\"sv-SE\"},{\"@type\":[\"WebPage\",\"FAQPage\"],\"@id\":\"https:\\\/\\\/regbu.com\\\/ziviny-ktere-musi-vegani-doplnit-do-sveho-jidelnicku\\\/\",\"url\":\"https:\\\/\\\/regbu.com\\\/ziviny-ktere-musi-vegani-doplnit-do-sveho-jidelnicku\\\/\",\"name\":\"\u017diviny, kter\u00e9 mus\u00ed vegani doplnit do sv\u00e9ho j\u00eddeln\u00ed\u010dku - REGBU.COM\",\"isPartOf\":{\"@id\":\"https:\\\/\\\/regbu.com\\\/en\\\/#website\"},\"primaryImageOfPage\":{\"@id\":\"https:\\\/\\\/regbu.com\\\/ziviny-ktere-musi-vegani-doplnit-do-sveho-jidelnicku\\\/#primaryimage\"},\"image\":{\"@id\":\"https:\\\/\\\/regbu.com\\\/ziviny-ktere-musi-vegani-doplnit-do-sveho-jidelnicku\\\/#primaryimage\"},\"thumbnailUrl\":\"https:\\\/\\\/regbu.com\\\/wp-content\\\/uploads\\\/2022\\\/01\\\/ziviny-ktere-musi-vegani-doplnit-do-sveho-jidelnicku.jpg\",\"datePublished\":\"2022-01-06T08:15:07+00:00\",\"dateModified\":\"2025-09-05T05:43:13+00:00\",\"author\":{\"@id\":\"https:\\\/\\\/regbu.com\\\/en\\\/#\\\/schema\\\/person\\\/94ea9deda2629771b8a9ced002f6784e\"},\"description\":\"V\u00edte, jak\u00e9 \u017eiviny Va\u0161e t\u011blo pot\u0159ebuje kdy\u017e se stanete vegetari\u00e1ny? Jsou to ty, kter\u00e9 u\u017e nebudete p\u0159ij\u00edmat v \u017eivo\u010di\u0161n\u00e9 strav\u011b.\",\"breadcrumb\":{\"@id\":\"https:\\\/\\\/regbu.com\\\/ziviny-ktere-musi-vegani-doplnit-do-sveho-jidelnicku\\\/#breadcrumb\"},\"mainEntity\":[{\"@id\":\"https:\\\/\\\/regbu.com\\\/ziviny-ktere-musi-vegani-doplnit-do-sveho-jidelnicku\\\/#faq-question-1626960036079\"},{\"@id\":\"https:\\\/\\\/regbu.com\\\/ziviny-ktere-musi-vegani-doplnit-do-sveho-jidelnicku\\\/#faq-question-1626960045412\"},{\"@id\":\"https:\\\/\\\/regbu.com\\\/ziviny-ktere-musi-vegani-doplnit-do-sveho-jidelnicku\\\/#faq-question-1626960053544\"},{\"@id\":\"https:\\\/\\\/regbu.com\\\/ziviny-ktere-musi-vegani-doplnit-do-sveho-jidelnicku\\\/#faq-question-1626960062329\"},{\"@id\":\"https:\\\/\\\/regbu.com\\\/ziviny-ktere-musi-vegani-doplnit-do-sveho-jidelnicku\\\/#faq-question-1626960071762\"}],\"inLanguage\":\"sv-SE\",\"potentialAction\":[{\"@type\":\"ReadAction\",\"target\":[\"https:\\\/\\\/regbu.com\\\/ziviny-ktere-musi-vegani-doplnit-do-sveho-jidelnicku\\\/\"]}]},{\"@type\":\"ImageObject\",\"inLanguage\":\"sv-SE\",\"@id\":\"https:\\\/\\\/regbu.com\\\/ziviny-ktere-musi-vegani-doplnit-do-sveho-jidelnicku\\\/#primaryimage\",\"url\":\"https:\\\/\\\/regbu.com\\\/wp-content\\\/uploads\\\/2022\\\/01\\\/ziviny-ktere-musi-vegani-doplnit-do-sveho-jidelnicku.jpg\",\"contentUrl\":\"https:\\\/\\\/regbu.com\\\/wp-content\\\/uploads\\\/2022\\\/01\\\/ziviny-ktere-musi-vegani-doplnit-do-sveho-jidelnicku.jpg\",\"width\":1200,\"height\":676,\"caption\":\"\u017diviny, kter\u00e9 mus\u00ed vegani doplnit do sv\u00e9ho j\u00eddeln\u00ed\u010dku\"},{\"@type\":\"BreadcrumbList\",\"@id\":\"https:\\\/\\\/regbu.com\\\/ziviny-ktere-musi-vegani-doplnit-do-sveho-jidelnicku\\\/#breadcrumb\",\"itemListElement\":[{\"@type\":\"ListItem\",\"position\":1,\"name\":\"Home\",\"item\":\"https:\\\/\\\/regbu.com\\\/en\\\/\"},{\"@type\":\"ListItem\",\"position\":2,\"name\":\"\u017diviny, kter\u00e9 mus\u00ed vegani doplnit do sv\u00e9ho j\u00eddeln\u00ed\u010dku\"}]},{\"@type\":\"WebSite\",\"@id\":\"https:\\\/\\\/regbu.com\\\/en\\\/#website\",\"url\":\"https:\\\/\\\/regbu.com\\\/en\\\/\",\"name\":\"REGBU.COM\",\"description\":\"\",\"potentialAction\":[{\"@type\":\"SearchAction\",\"target\":{\"@type\":\"EntryPoint\",\"urlTemplate\":\"https:\\\/\\\/regbu.com\\\/en\\\/?s={search_term_string}\"},\"query-input\":{\"@type\":\"PropertyValueSpecification\",\"valueRequired\":true,\"valueName\":\"search_term_string\"}}],\"inLanguage\":\"sv-SE\"},{\"@type\":\"Person\",\"@id\":\"https:\\\/\\\/regbu.com\\\/en\\\/#\\\/schema\\\/person\\\/94ea9deda2629771b8a9ced002f6784e\",\"name\":\"George Martin\",\"url\":\"https:\\\/\\\/regbu.com\\\/sv\\\/author\\\/george-martin\\\/\"},{\"@type\":\"Question\",\"@id\":\"https:\\\/\\\/regbu.com\\\/ziviny-ktere-musi-vegani-doplnit-do-sveho-jidelnicku\\\/#faq-question-1626960036079\",\"position\":1,\"url\":\"https:\\\/\\\/regbu.com\\\/ziviny-ktere-musi-vegani-doplnit-do-sveho-jidelnicku\\\/#faq-question-1626960036079\",\"name\":\"Co m\u016f\u017ee zp\u016fsobovat nedostatek vitam\u00ednu B12?\",\"answerCount\":1,\"acceptedAnswer\":{\"@type\":\"Answer\",\"text\":\"Kdy\u017e nem\u00e1te dost tohoto vitam\u00ednu, hroz\u00ed V\u00e1m neplodnost, an\u00e9mie, ale tak\u00e9 nebezpe\u010dn\u00e9 po\u0161kozen\u00ed nervov\u00e9ho syst\u00e9mu. V n\u011bkter\u00fdch p\u0159\u00edpadech m\u016f\u017ee doch\u00e1zet i k srde\u010dn\u00edm chorob\u00e1m nebo k probl\u00e9m\u016fm s kostmi.\",\"inLanguage\":\"sv-SE\"},\"inLanguage\":\"sv-SE\"},{\"@type\":\"Question\",\"@id\":\"https:\\\/\\\/regbu.com\\\/ziviny-ktere-musi-vegani-doplnit-do-sveho-jidelnicku\\\/#faq-question-1626960045412\",\"position\":2,\"url\":\"https:\\\/\\\/regbu.com\\\/ziviny-ktere-musi-vegani-doplnit-do-sveho-jidelnicku\\\/#faq-question-1626960045412\",\"name\":\"Jak pozn\u00e1te, \u017ee m\u00e1me nedostatek vitam\u00ednu B12?\",\"answerCount\":1,\"acceptedAnswer\":{\"@type\":\"Answer\",\"text\":\"Za\u010dnete trp\u011bt nechutenstv\u00edm, m\u016f\u017ee se u V\u00e1s projevit z\u00e1cpa a \u00fanava je na denn\u00edm po\u0159\u00e1dku. Ur\u010dit\u00fdm impulsem m\u016f\u017ee b\u00fdt ne\u017e\u00e1douc\u00ed a rychl\u00fd \u00fabytek hmotnosti.\",\"inLanguage\":\"sv-SE\"},\"inLanguage\":\"sv-SE\"},{\"@type\":\"Question\",\"@id\":\"https:\\\/\\\/regbu.com\\\/ziviny-ktere-musi-vegani-doplnit-do-sveho-jidelnicku\\\/#faq-question-1626960053544\",\"position\":3,\"url\":\"https:\\\/\\\/regbu.com\\\/ziviny-ktere-musi-vegani-doplnit-do-sveho-jidelnicku\\\/#faq-question-1626960053544\",\"name\":\"Jak se projevuje nedostatek zinku v t\u011ble?\",\"answerCount\":1,\"acceptedAnswer\":{\"@type\":\"Answer\",\"text\":\"Zinek pat\u0159\u00ed tak\u00e9 mezi nezbytn\u00e9 \u017eiviny. Kdy\u017e ho m\u00e1te m\u00e1lo, p\u0159ich\u00e1z\u00ed na p\u0159et\u0159es vypad\u00e1v\u00e1n\u00ed vlas\u016f, zhor\u0161en\u00e9 hojen\u00ed ran na t\u011ble, pr\u016fjmy a u mlad\u0161\u00edch jedinc\u016f v\u00fdvojov\u00e9 probl\u00e9my.\",\"inLanguage\":\"sv-SE\"},\"inLanguage\":\"sv-SE\"},{\"@type\":\"Question\",\"@id\":\"https:\\\/\\\/regbu.com\\\/ziviny-ktere-musi-vegani-doplnit-do-sveho-jidelnicku\\\/#faq-question-1626960062329\",\"position\":4,\"url\":\"https:\\\/\\\/regbu.com\\\/ziviny-ktere-musi-vegani-doplnit-do-sveho-jidelnicku\\\/#faq-question-1626960062329\",\"name\":\"Co d\u011bl\u00e1 \u017eelezo v t\u011ble \u010dlov\u011bka?\",\"answerCount\":1,\"acceptedAnswer\":{\"@type\":\"Answer\",\"text\":\"Jeho hlavn\u00edm \u00fakolem je p\u0159en\u00e1\u0161et kysl\u00edk v hemoglobinu \u010derven\u00fdch krvinek. Nezbytn\u00e9 je tak\u00e9 pro spr\u00e1vn\u00fd v\u00fdvoj mozkov\u00fdch funkc\u00ed.\",\"inLanguage\":\"sv-SE\"},\"inLanguage\":\"sv-SE\"},{\"@type\":\"Question\",\"@id\":\"https:\\\/\\\/regbu.com\\\/ziviny-ktere-musi-vegani-doplnit-do-sveho-jidelnicku\\\/#faq-question-1626960071762\",\"position\":5,\"url\":\"https:\\\/\\\/regbu.com\\\/ziviny-ktere-musi-vegani-doplnit-do-sveho-jidelnicku\\\/#faq-question-1626960071762\",\"name\":\"Jakou d\u00e1vku \u017eeleza by m\u011bl \u010dlov\u011bk ka\u017ed\u00fd den z\u00edskat?\",\"answerCount\":1,\"acceptedAnswer\":{\"@type\":\"Answer\",\"text\":\"U d\u011bt\u00ed se tato d\u00e1vka pohybuje mezi 7 a\u017e 8 mg. V p\u0159\u00edpad\u011b mu\u017e\u016f je to 11 a\u017e 15 mg. U \u017een tato hranice m\u016f\u017ee atakovat hodnotu 18 mg.\",\"inLanguage\":\"sv-SE\"},\"inLanguage\":\"sv-SE\"}]}<\/script>\n<!-- \/ Yoast SEO plugin. -->","yoast_head_json":{"title":"N\u00e4rings\u00e4mnen som veganer beh\u00f6ver l\u00e4gga till i sin kost - REGBU.COM","description":"Vet du vilka n\u00e4rings\u00e4mnen din kropp beh\u00f6ver n\u00e4r du blir vegetarian? Det \u00e4r de som du inte l\u00e4ngre f\u00e5r i en animalisk kost.","robots":{"index":"index","follow":"follow","max-snippet":"max-snippet:-1","max-image-preview":"max-image-preview:large","max-video-preview":"max-video-preview:-1"},"canonical":"https:\/\/regbu.com\/sv\/fisk-vilket-maste-veganer-tillfoga-till-menyn\/","og_locale":"sv_SE","og_type":"article","og_title":"\u017diviny, kter\u00e9 mus\u00ed vegani doplnit do sv\u00e9ho j\u00eddeln\u00ed\u010dku - REGBU.COM","og_description":"V\u00edte, jak\u00e9 \u017eiviny Va\u0161e t\u011blo pot\u0159ebuje kdy\u017e se stanete vegetari\u00e1ny? Jsou to ty, kter\u00e9 u\u017e nebudete p\u0159ij\u00edmat v \u017eivo\u010di\u0161n\u00e9 strav\u011b.","og_url":"https:\/\/regbu.com\/sv\/fisk-vilket-maste-veganer-tillfoga-till-menyn\/","og_site_name":"REGBU.COM","article_published_time":"2022-01-06T08:15:07+00:00","article_modified_time":"2025-09-05T05:43:13+00:00","og_image":[{"width":1200,"height":676,"url":"https:\/\/regbu.com\/wp-content\/uploads\/2022\/01\/ziviny-ktere-musi-vegani-doplnit-do-sveho-jidelnicku.jpg","type":"image\/jpeg"}],"author":"George Martin","twitter_card":"summary_large_image","twitter_misc":{"Skriven av":"George Martin","Ber\u00e4knad l\u00e4stid":"2 minuter"},"schema":{"@context":"https:\/\/schema.org","@graph":[{"@type":"Article","@id":"https:\/\/regbu.com\/ziviny-ktere-musi-vegani-doplnit-do-sveho-jidelnicku\/#article","isPartOf":{"@id":"https:\/\/regbu.com\/ziviny-ktere-musi-vegani-doplnit-do-sveho-jidelnicku\/"},"author":{"name":"George Martin","@id":"https:\/\/regbu.com\/en\/#\/schema\/person\/94ea9deda2629771b8a9ced002f6784e"},"headline":"\u017diviny, kter\u00e9 mus\u00ed vegani doplnit do sv\u00e9ho j\u00eddeln\u00ed\u010dku","datePublished":"2022-01-06T08:15:07+00:00","dateModified":"2025-09-05T05:43:13+00:00","mainEntityOfPage":{"@id":"https:\/\/regbu.com\/ziviny-ktere-musi-vegani-doplnit-do-sveho-jidelnicku\/"},"wordCount":465,"image":{"@id":"https:\/\/regbu.com\/ziviny-ktere-musi-vegani-doplnit-do-sveho-jidelnicku\/#primaryimage"},"thumbnailUrl":"https:\/\/regbu.com\/wp-content\/uploads\/2022\/01\/ziviny-ktere-musi-vegani-doplnit-do-sveho-jidelnicku.jpg","keywords":["dostatek \u017eivin","vegetari\u00e1n","vegetari\u00e1ni","vegetari\u00e1nstv\u00ed","vitam\u00edn","vitam\u00edn B12","\u017eelezo","zinek","\u017eivina","\u017eiviny"],"articleSection":["Lidsk\u00e9 Zdrav\u00ed","Neza\u0159azen\u00e9"],"inLanguage":"sv-SE"},{"@type":["WebPage","FAQPage"],"@id":"https:\/\/regbu.com\/ziviny-ktere-musi-vegani-doplnit-do-sveho-jidelnicku\/","url":"https:\/\/regbu.com\/ziviny-ktere-musi-vegani-doplnit-do-sveho-jidelnicku\/","name":"N\u00e4rings\u00e4mnen som veganer beh\u00f6ver l\u00e4gga till i sin kost - REGBU.COM","isPartOf":{"@id":"https:\/\/regbu.com\/en\/#website"},"primaryImageOfPage":{"@id":"https:\/\/regbu.com\/ziviny-ktere-musi-vegani-doplnit-do-sveho-jidelnicku\/#primaryimage"},"image":{"@id":"https:\/\/regbu.com\/ziviny-ktere-musi-vegani-doplnit-do-sveho-jidelnicku\/#primaryimage"},"thumbnailUrl":"https:\/\/regbu.com\/wp-content\/uploads\/2022\/01\/ziviny-ktere-musi-vegani-doplnit-do-sveho-jidelnicku.jpg","datePublished":"2022-01-06T08:15:07+00:00","dateModified":"2025-09-05T05:43:13+00:00","author":{"@id":"https:\/\/regbu.com\/en\/#\/schema\/person\/94ea9deda2629771b8a9ced002f6784e"},"description":"Vet du vilka n\u00e4rings\u00e4mnen din kropp beh\u00f6ver n\u00e4r du blir vegetarian? Det \u00e4r de som du inte l\u00e4ngre f\u00e5r i en animalisk kost.","breadcrumb":{"@id":"https:\/\/regbu.com\/ziviny-ktere-musi-vegani-doplnit-do-sveho-jidelnicku\/#breadcrumb"},"mainEntity":[{"@id":"https:\/\/regbu.com\/ziviny-ktere-musi-vegani-doplnit-do-sveho-jidelnicku\/#faq-question-1626960036079"},{"@id":"https:\/\/regbu.com\/ziviny-ktere-musi-vegani-doplnit-do-sveho-jidelnicku\/#faq-question-1626960045412"},{"@id":"https:\/\/regbu.com\/ziviny-ktere-musi-vegani-doplnit-do-sveho-jidelnicku\/#faq-question-1626960053544"},{"@id":"https:\/\/regbu.com\/ziviny-ktere-musi-vegani-doplnit-do-sveho-jidelnicku\/#faq-question-1626960062329"},{"@id":"https:\/\/regbu.com\/ziviny-ktere-musi-vegani-doplnit-do-sveho-jidelnicku\/#faq-question-1626960071762"}],"inLanguage":"sv-SE","potentialAction":[{"@type":"ReadAction","target":["https:\/\/regbu.com\/ziviny-ktere-musi-vegani-doplnit-do-sveho-jidelnicku\/"]}]},{"@type":"ImageObject","inLanguage":"sv-SE","@id":"https:\/\/regbu.com\/ziviny-ktere-musi-vegani-doplnit-do-sveho-jidelnicku\/#primaryimage","url":"https:\/\/regbu.com\/wp-content\/uploads\/2022\/01\/ziviny-ktere-musi-vegani-doplnit-do-sveho-jidelnicku.jpg","contentUrl":"https:\/\/regbu.com\/wp-content\/uploads\/2022\/01\/ziviny-ktere-musi-vegani-doplnit-do-sveho-jidelnicku.jpg","width":1200,"height":676,"caption":"\u017diviny, kter\u00e9 mus\u00ed vegani doplnit do sv\u00e9ho j\u00eddeln\u00ed\u010dku"},{"@type":"BreadcrumbList","@id":"https:\/\/regbu.com\/ziviny-ktere-musi-vegani-doplnit-do-sveho-jidelnicku\/#breadcrumb","itemListElement":[{"@type":"ListItem","position":1,"name":"Home","item":"https:\/\/regbu.com\/en\/"},{"@type":"ListItem","position":2,"name":"\u017diviny, kter\u00e9 mus\u00ed vegani doplnit do sv\u00e9ho j\u00eddeln\u00ed\u010dku"}]},{"@type":"WebSite","@id":"https:\/\/regbu.com\/en\/#website","url":"https:\/\/regbu.com\/en\/","name":"REGBU.COM","description":"","potentialAction":[{"@type":"SearchAction","target":{"@type":"EntryPoint","urlTemplate":"https:\/\/regbu.com\/en\/?s={search_term_string}"},"query-input":{"@type":"PropertyValueSpecification","valueRequired":true,"valueName":"search_term_string"}}],"inLanguage":"sv-SE"},{"@type":"Person","@id":"https:\/\/regbu.com\/en\/#\/schema\/person\/94ea9deda2629771b8a9ced002f6784e","name":"George Martin","url":"https:\/\/regbu.com\/sv\/author\/george-martin\/"},{"@type":"Question","@id":"https:\/\/regbu.com\/ziviny-ktere-musi-vegani-doplnit-do-sveho-jidelnicku\/#faq-question-1626960036079","position":1,"url":"https:\/\/regbu.com\/ziviny-ktere-musi-vegani-doplnit-do-sveho-jidelnicku\/#faq-question-1626960036079","name":"Vad kan orsaka B12-vitaminbrist?","answerCount":1,"acceptedAnswer":{"@type":"Answer","text":"Kdy\u017e nem\u00e1te dost tohoto vitam\u00ednu, hroz\u00ed V\u00e1m neplodnost, an\u00e9mie, ale tak\u00e9 nebezpe\u010dn\u00e9 po\u0161kozen\u00ed nervov\u00e9ho syst\u00e9mu. V n\u011bkter\u00fdch p\u0159\u00edpadech m\u016f\u017ee doch\u00e1zet i k srde\u010dn\u00edm chorob\u00e1m nebo k probl\u00e9m\u016fm s kostmi.","inLanguage":"sv-SE"},"inLanguage":"sv-SE"},{"@type":"Question","@id":"https:\/\/regbu.com\/ziviny-ktere-musi-vegani-doplnit-do-sveho-jidelnicku\/#faq-question-1626960045412","position":2,"url":"https:\/\/regbu.com\/ziviny-ktere-musi-vegani-doplnit-do-sveho-jidelnicku\/#faq-question-1626960045412","name":"Hur vet du om du har brist p\u00e5 B12-vitamin?","answerCount":1,"acceptedAnswer":{"@type":"Answer","text":"Za\u010dnete trp\u011bt nechutenstv\u00edm, m\u016f\u017ee se u V\u00e1s projevit z\u00e1cpa a \u00fanava je na denn\u00edm po\u0159\u00e1dku. Ur\u010dit\u00fdm impulsem m\u016f\u017ee b\u00fdt ne\u017e\u00e1douc\u00ed a rychl\u00fd \u00fabytek hmotnosti.","inLanguage":"sv-SE"},"inLanguage":"sv-SE"},{"@type":"Question","@id":"https:\/\/regbu.com\/ziviny-ktere-musi-vegani-doplnit-do-sveho-jidelnicku\/#faq-question-1626960053544","position":3,"url":"https:\/\/regbu.com\/ziviny-ktere-musi-vegani-doplnit-do-sveho-jidelnicku\/#faq-question-1626960053544","name":"Hur visar sig zinkbrist i kroppen?","answerCount":1,"acceptedAnswer":{"@type":"Answer","text":"Zinek pat\u0159\u00ed tak\u00e9 mezi nezbytn\u00e9 \u017eiviny. Kdy\u017e ho m\u00e1te m\u00e1lo, p\u0159ich\u00e1z\u00ed na p\u0159et\u0159es vypad\u00e1v\u00e1n\u00ed vlas\u016f, zhor\u0161en\u00e9 hojen\u00ed ran na t\u011ble, pr\u016fjmy a u mlad\u0161\u00edch jedinc\u016f v\u00fdvojov\u00e9 probl\u00e9my.","inLanguage":"sv-SE"},"inLanguage":"sv-SE"},{"@type":"Question","@id":"https:\/\/regbu.com\/ziviny-ktere-musi-vegani-doplnit-do-sveho-jidelnicku\/#faq-question-1626960062329","position":4,"url":"https:\/\/regbu.com\/ziviny-ktere-musi-vegani-doplnit-do-sveho-jidelnicku\/#faq-question-1626960062329","name":"Vad g\u00f6r j\u00e4rn i m\u00e4nniskokroppen?","answerCount":1,"acceptedAnswer":{"@type":"Answer","text":"Jeho hlavn\u00edm \u00fakolem je p\u0159en\u00e1\u0161et kysl\u00edk v hemoglobinu \u010derven\u00fdch krvinek. Nezbytn\u00e9 je tak\u00e9 pro spr\u00e1vn\u00fd v\u00fdvoj mozkov\u00fdch funkc\u00ed.","inLanguage":"sv-SE"},"inLanguage":"sv-SE"},{"@type":"Question","@id":"https:\/\/regbu.com\/ziviny-ktere-musi-vegani-doplnit-do-sveho-jidelnicku\/#faq-question-1626960071762","position":5,"url":"https:\/\/regbu.com\/ziviny-ktere-musi-vegani-doplnit-do-sveho-jidelnicku\/#faq-question-1626960071762","name":"Hur mycket j\u00e4rn b\u00f6r en person f\u00e5 i sig varje dag?","answerCount":1,"acceptedAnswer":{"@type":"Answer","text":"U d\u011bt\u00ed se tato d\u00e1vka pohybuje mezi 7 a\u017e 8 mg. V p\u0159\u00edpad\u011b mu\u017e\u016f je to 11 a\u017e 15 mg. U \u017een tato hranice m\u016f\u017ee atakovat hodnotu 18 mg.","inLanguage":"sv-SE"},"inLanguage":"sv-SE"}]}},"_links":{"self":[{"href":"https:\/\/regbu.com\/sv\/wp-json\/wp\/v2\/posts\/178","targetHints":{"allow":["GET"]}}],"collection":[{"href":"https:\/\/regbu.com\/sv\/wp-json\/wp\/v2\/posts"}],"about":[{"href":"https:\/\/regbu.com\/sv\/wp-json\/wp\/v2\/types\/post"}],"author":[{"embeddable":true,"href":"https:\/\/regbu.com\/sv\/wp-json\/wp\/v2\/users\/2"}],"replies":[{"embeddable":true,"href":"https:\/\/regbu.com\/sv\/wp-json\/wp\/v2\/comments?post=178"}],"version-history":[{"count":2,"href":"https:\/\/regbu.com\/sv\/wp-json\/wp\/v2\/posts\/178\/revisions"}],"predecessor-version":[{"id":190,"href":"https:\/\/regbu.com\/sv\/wp-json\/wp\/v2\/posts\/178\/revisions\/190"}],"wp:featuredmedia":[{"embeddable":true,"href":"https:\/\/regbu.com\/sv\/wp-json\/wp\/v2\/media\/179"}],"wp:attachment":[{"href":"https:\/\/regbu.com\/sv\/wp-json\/wp\/v2\/media?parent=178"}],"wp:term":[{"taxonomy":"category","embeddable":true,"href":"https:\/\/regbu.com\/sv\/wp-json\/wp\/v2\/categories?post=178"},{"taxonomy":"post_tag","embeddable":true,"href":"https:\/\/regbu.com\/sv\/wp-json\/wp\/v2\/tags?post=178"}],"curies":[{"name":"wp","href":"https:\/\/api.w.org\/{rel}","templated":true}]}}