{"id":1573,"date":"2023-08-17T10:44:54","date_gmt":"2023-08-17T08:44:54","guid":{"rendered":"https:\/\/regbu.com\/?p=1573"},"modified":"2025-09-05T07:39:20","modified_gmt":"2025-09-05T05:39:20","slug":"nejoblibenejsi-jidla-evropy-musite-ochutnat","status":"publish","type":"post","link":"https:\/\/regbu.com\/sv\/europas-favoritdrycker-som-maste-provas\/","title":{"rendered":"Europas mest popul\u00e4ra r\u00e4tter som m\u00e5ste provas"},"content":{"rendered":"<p>De mest popul\u00e4ra r\u00e4tterna i de europeiska l\u00e4nderna \u00e4r verkligen en utmaning f\u00f6r m\u00e5nga gourmeter och finsmakare. I den h\u00e4r artikeln kommer vi att fokusera p\u00e5 de b\u00e4sta recepten, som tyv\u00e4rr inte inkluderar <strong><a href=\"https:\/\/regbu.com\/sv\/bolognese-spaghetti-enkelt-och-snabbt\/\">spaghetti bolognese<\/a><\/strong>\u00e4ven om du kanske \u00e4r en anh\u00e4ngare. Vi kommer att introducera dig till de tio livsmedel som styr Europa.<\/p>\n\n\n\n<ul class=\"wp-block-list\">\n<li>Ungersk gulasch<\/li>\n\n\n\n<li>Franska Pot-au-feu<\/li>\n\n\n\n<li>Spansk paella<\/li>\n<\/ul>\n\n\n\n<p>Detta \u00e4r bara ett litet smakprov p\u00e5 vad du kan njuta av och se fram emot. Som du kan gissa finns det p\u00e5 varje europeisk destination n\u00e5got gott p\u00e5 tallriken som f\u00f6rtj\u00e4nar din uppm\u00e4rksamhet.<\/p>\n\n\n\n<h2 class=\"wp-block-heading\">K\u00f6k fr\u00e5n Holland till Grekland<\/h2>\n\n\n\n<p>I den h\u00e4r artikeln kommer vi inte bara att fokusera p\u00e5 huvudr\u00e4tterna. Soppor kommer ocks\u00e5 att n\u00e4mnas. Ett typiskt exempel \u00e4r <strong>Grekisk Fasolada<\/strong>vars namn s\u00e4ger en hel del om den grundl\u00e4ggande r\u00e5varan. Denna best\u00e5r huvudsakligen av b\u00f6nor. Om du \u00e5ker till Holland f\u00f6r en gastronomisk upplevelse f\u00e5r du inte missa potatismoset med gr\u00f6nsaker. Denna r\u00e4tt kallas Stamppot.<\/p>\n\n\n\n<figure class=\"wp-block-table\"><table><tbody><tr><td><strong>Recept<\/strong><\/td><td><strong>Ursprungsland<\/strong><\/td><\/tr><tr><td>Francesinha<\/td><td>Portugal<\/td><\/tr><tr><td>Roastbeef<\/td><td>England<\/td><\/tr><tr><td>Wiener schnitzel<\/td><td>\u00d6sterrike<\/td><\/tr><tr><td>Musslor<\/td><td>Belgien<\/td><\/tr><\/tbody><\/table><figcaption class=\"wp-element-caption\">Ber\u00f6mda och uts\u00f6kta r\u00e4tter i v\u00e4rldsklass.<\/figcaption><\/figure>\n\n\n\n<p>Under namnet <em>Francesinha<\/em> kan du f\u00f6rest\u00e4lla dig en portugisisk sm\u00f6rg\u00e5s. Den inneh\u00e5ller mycket k\u00f6tt, men \u00e4ven korv, k\u00f6ttf\u00e4rslimpa etc. Det beror p\u00e5 vilken variant du \u00e4r intresserad av att njuta av. S\u00e5 h\u00e4r ser ocks\u00e5 de mest popul\u00e4ra r\u00e4tterna ut i ett av Europas mest eftertraktade l\u00e4nder.<\/p>\n\n\n\n<h3 class=\"wp-block-heading\">De mest popul\u00e4ra r\u00e4tterna i detalj<\/h3>\n\n\n\n<p><strong>Engelsk rostbiff<\/strong> beh\u00f6ver nog ingen l\u00e4ngre presentation. Rostbiff n\u00e4r den \u00e4r som b\u00e4st. Till detta n\u00e5gra kokta gr\u00f6nsaker och en f\u00e4rskpotatis. Dina smakl\u00f6kar kommer att bli glada \u00f6ver ett s\u00e5 enkelt recept som Wiener Schnitzel. En ber\u00f6md tradition i en trippel wrap, baserad p\u00e5 kalvk\u00f6tt.<\/p>\n\n\n\n<p>N\u00e4r det g\u00e4ller de b\u00e4sta r\u00e4tterna i Europa kommer vi naturligtvis att forts\u00e4tta. Vad skulle du s\u00e4ga om de belgiska musslorna som n\u00e4mnts ovan? De serveras oftast med pommes frites i det h\u00e4r landet. Ja, du l\u00e4ste r\u00e4tt, och ett s\u00e5dant recept inneh\u00e5ller ocks\u00e5 selleri, l\u00f6k och tillh\u00f6rande naturliga smak\u00e4mnen. Slutligen l\u00e4mnar vi er med en uts\u00f6kt liten p\u00e4rla fr\u00e5n Irland. Det \u00e4r en potatispur\u00e9 med k\u00e5l som kallas Colcannon.<\/p>","protected":false},"excerpt":{"rendered":"<p>De mest popul\u00e4ra r\u00e4tterna i de europeiska l\u00e4nderna \u00e4r verkligen en utmaning f\u00f6r m\u00e5nga gourmeter och finsmakare. I den h\u00e4r artikeln kommer vi att fokusera p\u00e5 de b\u00e4sta recepten, som tyv\u00e4rr inte inkluderar spaghetti bolognese, \u00e4ven om du kanske \u00e4r ett fan. Vi kommer att presentera dig f\u00f6r de tio r\u00e4tter som styr Europa. Detta \u00e4r bara ett litet smakprov p\u00e5 vad du kan njuta av och ... <\/p>","protected":false},"author":2,"featured_media":1574,"comment_status":"closed","ping_status":"closed","sticky":true,"template":"","format":"standard","meta":{"footnotes":""},"categories":[12],"tags":[1980,1981,13,1978,1985,22,1979,1982,1984,1983],"class_list":["post-1573","post","type-post","status-publish","format-standard","has-post-thumbnail","hentry","category-vareni","tag-fasolada","tag-francesinha","tag-gulas","tag-nejoblibenejsi-recepty","tag-paella","tag-recept","tag-recepty","tag-roastbeef","tag-slavky","tag-videnska-rizek"],"yoast_head":"<!-- This site is optimized with the Yoast SEO plugin v27.5 - https:\/\/yoast.com\/product\/yoast-seo-wordpress\/ -->\n<title>Nejobl\u00edben\u011bj\u0161\u00ed j\u00eddla Evropy mus\u00edte ochutnat - REGBU.COM<\/title>\n<meta name=\"description\" content=\"Poznejte nejobl\u00edben\u011bj\u0161\u00ed j\u00eddla Evropy, na nich\u017e si m\u016f\u017eete pochutnat. P\u0159in\u00e1\u0161\u00edme V\u00e1m tipy, ze kter\u00fdch si dok\u00e1\u017ee vybrat naprosto ka\u017ed\u00fd.\" \/>\n<meta name=\"robots\" content=\"index, follow, max-snippet:-1, max-image-preview:large, max-video-preview:-1\" \/>\n<link rel=\"canonical\" href=\"https:\/\/regbu.com\/sv\/europas-favoritdrycker-som-maste-provas\/\" \/>\n<meta property=\"og:locale\" content=\"sv_SE\" \/>\n<meta property=\"og:type\" content=\"article\" \/>\n<meta property=\"og:title\" content=\"Nejobl\u00edben\u011bj\u0161\u00ed j\u00eddla Evropy mus\u00edte ochutnat - REGBU.COM\" \/>\n<meta property=\"og:description\" content=\"Poznejte nejobl\u00edben\u011bj\u0161\u00ed j\u00eddla Evropy, na nich\u017e si m\u016f\u017eete pochutnat. P\u0159in\u00e1\u0161\u00edme V\u00e1m tipy, ze kter\u00fdch si dok\u00e1\u017ee vybrat naprosto ka\u017ed\u00fd.\" \/>\n<meta property=\"og:url\" content=\"https:\/\/regbu.com\/sv\/europas-favoritdrycker-som-maste-provas\/\" \/>\n<meta property=\"og:site_name\" content=\"REGBU.COM\" \/>\n<meta property=\"article:published_time\" content=\"2023-08-17T08:44:54+00:00\" \/>\n<meta property=\"article:modified_time\" content=\"2025-09-05T05:39:20+00:00\" \/>\n<meta property=\"og:image\" content=\"https:\/\/regbu.com\/wp-content\/uploads\/2023\/08\/nejoblibenejsi-jidla-evropy-musite-ochutnat.jpg\" \/>\n\t<meta property=\"og:image:width\" content=\"1200\" \/>\n\t<meta property=\"og:image:height\" content=\"676\" \/>\n\t<meta property=\"og:image:type\" content=\"image\/jpeg\" \/>\n<meta name=\"author\" content=\"George Martin\" \/>\n<meta name=\"twitter:card\" content=\"summary_large_image\" \/>\n<meta name=\"twitter:label1\" content=\"Skriven av\" \/>\n\t<meta name=\"twitter:data1\" content=\"George Martin\" \/>\n\t<meta name=\"twitter:label2\" content=\"Ber\u00e4knad l\u00e4stid\" \/>\n\t<meta name=\"twitter:data2\" content=\"2 minuter\" \/>\n<script type=\"application\/ld+json\" class=\"yoast-schema-graph\">{\"@context\":\"https:\\\/\\\/schema.org\",\"@graph\":[{\"@type\":\"Article\",\"@id\":\"https:\\\/\\\/regbu.com\\\/sv\\\/europas-favoritdrycker-som-maste-provas\\\/#article\",\"isPartOf\":{\"@id\":\"https:\\\/\\\/regbu.com\\\/sv\\\/europas-favoritdrycker-som-maste-provas\\\/\"},\"author\":{\"name\":\"George Martin\",\"@id\":\"https:\\\/\\\/regbu.com\\\/en\\\/#\\\/schema\\\/person\\\/94ea9deda2629771b8a9ced002f6784e\"},\"headline\":\"Nejobl\u00edben\u011bj\u0161\u00ed j\u00eddla Evropy mus\u00edte ochutnat\",\"datePublished\":\"2023-08-17T08:44:54+00:00\",\"dateModified\":\"2025-09-05T05:39:20+00:00\",\"mainEntityOfPage\":{\"@id\":\"https:\\\/\\\/regbu.com\\\/sv\\\/europas-favoritdrycker-som-maste-provas\\\/\"},\"wordCount\":436,\"image\":{\"@id\":\"https:\\\/\\\/regbu.com\\\/sv\\\/europas-favoritdrycker-som-maste-provas\\\/#primaryimage\"},\"thumbnailUrl\":\"https:\\\/\\\/regbu.com\\\/wp-content\\\/uploads\\\/2023\\\/08\\\/nejoblibenejsi-jidla-evropy-musite-ochutnat.jpg\",\"keywords\":[\"Fasolada\",\"Francesinha\",\"gul\u00e1\u0161\",\"nejobl\u00edben\u011bj\u0161\u00ed recepty\",\"Paella\",\"recept\",\"recepty\",\"Roastbeef\",\"Sl\u00e1vky\",\"V\u00edde\u0148sk\u00e1 \u0159\u00edzek\"],\"articleSection\":[\"Va\u0159en\u00ed\"],\"inLanguage\":\"sv-SE\"},{\"@type\":\"WebPage\",\"@id\":\"https:\\\/\\\/regbu.com\\\/sv\\\/europas-favoritdrycker-som-maste-provas\\\/\",\"url\":\"https:\\\/\\\/regbu.com\\\/sv\\\/europas-favoritdrycker-som-maste-provas\\\/\",\"name\":\"Nejobl\u00edben\u011bj\u0161\u00ed j\u00eddla Evropy mus\u00edte ochutnat - REGBU.COM\",\"isPartOf\":{\"@id\":\"https:\\\/\\\/regbu.com\\\/en\\\/#website\"},\"primaryImageOfPage\":{\"@id\":\"https:\\\/\\\/regbu.com\\\/sv\\\/europas-favoritdrycker-som-maste-provas\\\/#primaryimage\"},\"image\":{\"@id\":\"https:\\\/\\\/regbu.com\\\/sv\\\/europas-favoritdrycker-som-maste-provas\\\/#primaryimage\"},\"thumbnailUrl\":\"https:\\\/\\\/regbu.com\\\/wp-content\\\/uploads\\\/2023\\\/08\\\/nejoblibenejsi-jidla-evropy-musite-ochutnat.jpg\",\"datePublished\":\"2023-08-17T08:44:54+00:00\",\"dateModified\":\"2025-09-05T05:39:20+00:00\",\"author\":{\"@id\":\"https:\\\/\\\/regbu.com\\\/en\\\/#\\\/schema\\\/person\\\/94ea9deda2629771b8a9ced002f6784e\"},\"description\":\"Poznejte nejobl\u00edben\u011bj\u0161\u00ed j\u00eddla Evropy, na nich\u017e si m\u016f\u017eete pochutnat. P\u0159in\u00e1\u0161\u00edme V\u00e1m tipy, ze kter\u00fdch si dok\u00e1\u017ee vybrat naprosto ka\u017ed\u00fd.\",\"breadcrumb\":{\"@id\":\"https:\\\/\\\/regbu.com\\\/sv\\\/europas-favoritdrycker-som-maste-provas\\\/#breadcrumb\"},\"inLanguage\":\"sv-SE\",\"potentialAction\":[{\"@type\":\"ReadAction\",\"target\":[\"https:\\\/\\\/regbu.com\\\/sv\\\/europas-favoritdrycker-som-maste-provas\\\/\"]}]},{\"@type\":\"ImageObject\",\"inLanguage\":\"sv-SE\",\"@id\":\"https:\\\/\\\/regbu.com\\\/sv\\\/europas-favoritdrycker-som-maste-provas\\\/#primaryimage\",\"url\":\"https:\\\/\\\/regbu.com\\\/wp-content\\\/uploads\\\/2023\\\/08\\\/nejoblibenejsi-jidla-evropy-musite-ochutnat.jpg\",\"contentUrl\":\"https:\\\/\\\/regbu.com\\\/wp-content\\\/uploads\\\/2023\\\/08\\\/nejoblibenejsi-jidla-evropy-musite-ochutnat.jpg\",\"width\":1200,\"height\":676,\"caption\":\"Nejobl\u00edben\u011bj\u0161\u00ed j\u00eddla Evropy mus\u00edte ochutnat\"},{\"@type\":\"BreadcrumbList\",\"@id\":\"https:\\\/\\\/regbu.com\\\/sv\\\/europas-favoritdrycker-som-maste-provas\\\/#breadcrumb\",\"itemListElement\":[{\"@type\":\"ListItem\",\"position\":1,\"name\":\"Home\",\"item\":\"https:\\\/\\\/regbu.com\\\/en\\\/\"},{\"@type\":\"ListItem\",\"position\":2,\"name\":\"Nejobl\u00edben\u011bj\u0161\u00ed j\u00eddla Evropy mus\u00edte ochutnat\"}]},{\"@type\":\"WebSite\",\"@id\":\"https:\\\/\\\/regbu.com\\\/en\\\/#website\",\"url\":\"https:\\\/\\\/regbu.com\\\/en\\\/\",\"name\":\"REGBU.COM\",\"description\":\"\",\"potentialAction\":[{\"@type\":\"SearchAction\",\"target\":{\"@type\":\"EntryPoint\",\"urlTemplate\":\"https:\\\/\\\/regbu.com\\\/en\\\/?s={search_term_string}\"},\"query-input\":{\"@type\":\"PropertyValueSpecification\",\"valueRequired\":true,\"valueName\":\"search_term_string\"}}],\"inLanguage\":\"sv-SE\"},{\"@type\":\"Person\",\"@id\":\"https:\\\/\\\/regbu.com\\\/en\\\/#\\\/schema\\\/person\\\/94ea9deda2629771b8a9ced002f6784e\",\"name\":\"George Martin\",\"url\":\"https:\\\/\\\/regbu.com\\\/sv\\\/author\\\/george-martin\\\/\"}]}<\/script>\n<!-- \/ Yoast SEO plugin. -->","yoast_head_json":{"title":"Europas mest popul\u00e4ra r\u00e4tter som m\u00e5ste provas - REGBU.COM","description":"Uppt\u00e4ck Europas mest popul\u00e4ra matr\u00e4tter att njuta av. H\u00e4r finns tips f\u00f6r alla att v\u00e4lja mellan.","robots":{"index":"index","follow":"follow","max-snippet":"max-snippet:-1","max-image-preview":"max-image-preview:large","max-video-preview":"max-video-preview:-1"},"canonical":"https:\/\/regbu.com\/sv\/europas-favoritdrycker-som-maste-provas\/","og_locale":"sv_SE","og_type":"article","og_title":"Nejobl\u00edben\u011bj\u0161\u00ed j\u00eddla Evropy mus\u00edte ochutnat - REGBU.COM","og_description":"Poznejte nejobl\u00edben\u011bj\u0161\u00ed j\u00eddla Evropy, na nich\u017e si m\u016f\u017eete pochutnat. P\u0159in\u00e1\u0161\u00edme V\u00e1m tipy, ze kter\u00fdch si dok\u00e1\u017ee vybrat naprosto ka\u017ed\u00fd.","og_url":"https:\/\/regbu.com\/sv\/europas-favoritdrycker-som-maste-provas\/","og_site_name":"REGBU.COM","article_published_time":"2023-08-17T08:44:54+00:00","article_modified_time":"2025-09-05T05:39:20+00:00","og_image":[{"width":1200,"height":676,"url":"https:\/\/regbu.com\/wp-content\/uploads\/2023\/08\/nejoblibenejsi-jidla-evropy-musite-ochutnat.jpg","type":"image\/jpeg"}],"author":"George Martin","twitter_card":"summary_large_image","twitter_misc":{"Skriven av":"George Martin","Ber\u00e4knad l\u00e4stid":"2 minuter"},"schema":{"@context":"https:\/\/schema.org","@graph":[{"@type":"Article","@id":"https:\/\/regbu.com\/sv\/europas-favoritdrycker-som-maste-provas\/#article","isPartOf":{"@id":"https:\/\/regbu.com\/sv\/europas-favoritdrycker-som-maste-provas\/"},"author":{"name":"George Martin","@id":"https:\/\/regbu.com\/en\/#\/schema\/person\/94ea9deda2629771b8a9ced002f6784e"},"headline":"Nejobl\u00edben\u011bj\u0161\u00ed j\u00eddla Evropy mus\u00edte ochutnat","datePublished":"2023-08-17T08:44:54+00:00","dateModified":"2025-09-05T05:39:20+00:00","mainEntityOfPage":{"@id":"https:\/\/regbu.com\/sv\/europas-favoritdrycker-som-maste-provas\/"},"wordCount":436,"image":{"@id":"https:\/\/regbu.com\/sv\/europas-favoritdrycker-som-maste-provas\/#primaryimage"},"thumbnailUrl":"https:\/\/regbu.com\/wp-content\/uploads\/2023\/08\/nejoblibenejsi-jidla-evropy-musite-ochutnat.jpg","keywords":["Fasolada","Francesinha","gul\u00e1\u0161","nejobl\u00edben\u011bj\u0161\u00ed recepty","Paella","recept","recepty","Roastbeef","Sl\u00e1vky","V\u00edde\u0148sk\u00e1 \u0159\u00edzek"],"articleSection":["Va\u0159en\u00ed"],"inLanguage":"sv-SE"},{"@type":"WebPage","@id":"https:\/\/regbu.com\/sv\/europas-favoritdrycker-som-maste-provas\/","url":"https:\/\/regbu.com\/sv\/europas-favoritdrycker-som-maste-provas\/","name":"Europas mest popul\u00e4ra r\u00e4tter som m\u00e5ste provas - REGBU.COM","isPartOf":{"@id":"https:\/\/regbu.com\/en\/#website"},"primaryImageOfPage":{"@id":"https:\/\/regbu.com\/sv\/europas-favoritdrycker-som-maste-provas\/#primaryimage"},"image":{"@id":"https:\/\/regbu.com\/sv\/europas-favoritdrycker-som-maste-provas\/#primaryimage"},"thumbnailUrl":"https:\/\/regbu.com\/wp-content\/uploads\/2023\/08\/nejoblibenejsi-jidla-evropy-musite-ochutnat.jpg","datePublished":"2023-08-17T08:44:54+00:00","dateModified":"2025-09-05T05:39:20+00:00","author":{"@id":"https:\/\/regbu.com\/en\/#\/schema\/person\/94ea9deda2629771b8a9ced002f6784e"},"description":"Uppt\u00e4ck Europas mest popul\u00e4ra matr\u00e4tter att njuta av. H\u00e4r finns tips f\u00f6r alla att v\u00e4lja mellan.","breadcrumb":{"@id":"https:\/\/regbu.com\/sv\/europas-favoritdrycker-som-maste-provas\/#breadcrumb"},"inLanguage":"sv-SE","potentialAction":[{"@type":"ReadAction","target":["https:\/\/regbu.com\/sv\/europas-favoritdrycker-som-maste-provas\/"]}]},{"@type":"ImageObject","inLanguage":"sv-SE","@id":"https:\/\/regbu.com\/sv\/europas-favoritdrycker-som-maste-provas\/#primaryimage","url":"https:\/\/regbu.com\/wp-content\/uploads\/2023\/08\/nejoblibenejsi-jidla-evropy-musite-ochutnat.jpg","contentUrl":"https:\/\/regbu.com\/wp-content\/uploads\/2023\/08\/nejoblibenejsi-jidla-evropy-musite-ochutnat.jpg","width":1200,"height":676,"caption":"Nejobl\u00edben\u011bj\u0161\u00ed j\u00eddla Evropy mus\u00edte ochutnat"},{"@type":"BreadcrumbList","@id":"https:\/\/regbu.com\/sv\/europas-favoritdrycker-som-maste-provas\/#breadcrumb","itemListElement":[{"@type":"ListItem","position":1,"name":"Home","item":"https:\/\/regbu.com\/en\/"},{"@type":"ListItem","position":2,"name":"Nejobl\u00edben\u011bj\u0161\u00ed j\u00eddla Evropy mus\u00edte ochutnat"}]},{"@type":"WebSite","@id":"https:\/\/regbu.com\/en\/#website","url":"https:\/\/regbu.com\/en\/","name":"REGBU.COM","description":"","potentialAction":[{"@type":"SearchAction","target":{"@type":"EntryPoint","urlTemplate":"https:\/\/regbu.com\/en\/?s={search_term_string}"},"query-input":{"@type":"PropertyValueSpecification","valueRequired":true,"valueName":"search_term_string"}}],"inLanguage":"sv-SE"},{"@type":"Person","@id":"https:\/\/regbu.com\/en\/#\/schema\/person\/94ea9deda2629771b8a9ced002f6784e","name":"George Martin","url":"https:\/\/regbu.com\/sv\/author\/george-martin\/"}]}},"_links":{"self":[{"href":"https:\/\/regbu.com\/sv\/wp-json\/wp\/v2\/posts\/1573","targetHints":{"allow":["GET"]}}],"collection":[{"href":"https:\/\/regbu.com\/sv\/wp-json\/wp\/v2\/posts"}],"about":[{"href":"https:\/\/regbu.com\/sv\/wp-json\/wp\/v2\/types\/post"}],"author":[{"embeddable":true,"href":"https:\/\/regbu.com\/sv\/wp-json\/wp\/v2\/users\/2"}],"replies":[{"embeddable":true,"href":"https:\/\/regbu.com\/sv\/wp-json\/wp\/v2\/comments?post=1573"}],"version-history":[{"count":2,"href":"https:\/\/regbu.com\/sv\/wp-json\/wp\/v2\/posts\/1573\/revisions"}],"predecessor-version":[{"id":1588,"href":"https:\/\/regbu.com\/sv\/wp-json\/wp\/v2\/posts\/1573\/revisions\/1588"}],"wp:featuredmedia":[{"embeddable":true,"href":"https:\/\/regbu.com\/sv\/wp-json\/wp\/v2\/media\/1574"}],"wp:attachment":[{"href":"https:\/\/regbu.com\/sv\/wp-json\/wp\/v2\/media?parent=1573"}],"wp:term":[{"taxonomy":"category","embeddable":true,"href":"https:\/\/regbu.com\/sv\/wp-json\/wp\/v2\/categories?post=1573"},{"taxonomy":"post_tag","embeddable":true,"href":"https:\/\/regbu.com\/sv\/wp-json\/wp\/v2\/tags?post=1573"}],"curies":[{"name":"wp","href":"https:\/\/api.w.org\/{rel}","templated":true}]}}