{"id":1542,"date":"2023-08-15T10:11:38","date_gmt":"2023-08-15T08:11:38","guid":{"rendered":"https:\/\/regbu.com\/?p=1542"},"modified":"2025-09-05T07:39:34","modified_gmt":"2025-09-05T05:39:34","slug":"pink-floyd-a-jejich-psychedelicky-rock","status":"publish","type":"post","link":"https:\/\/regbu.com\/sv\/pink-floyd-och-deras-psykedeliska-rock\/","title":{"rendered":"Pink Floyd och deras psykedeliska rock"},"content":{"rendered":"<p>Pink Floyd \u00e4r ett av de hyllade band som har sitt ursprung i London. Man skulle kunna s\u00e4ga att de har en n\u00e5got mer subtil stil \u00e4n till exempel <strong><a href=\"https:\/\/regbu.com\/sv\/ac-dc-som-hardrockare\/\">AC\/DC<\/a><\/strong>. M\u00e4starna av psykedelisk rock blev innovat\u00f6rerna av denna stil p\u00e5 sin tid. Bland annat fokuserade de p\u00e5 andra genrer.<\/p>\n\n\n\n<ul class=\"wp-block-list\">\n<li>Progressiv rock<\/li>\n\n\n\n<li>Konstrock<\/li>\n\n\n\n<li>Experimentell rock<\/li>\n<\/ul>\n\n\n\n<p>Vi f\u00e5r inte gl\u00f6mma bort den genre som kallas <strong>rymdrock<\/strong>. \u00c4ven om detta fokus l\u00e5ter som allt m\u00f6jligt, s\u00e5 l\u00e4t bandets musik perfekt. Kanske var det d\u00e4rf\u00f6r de vann lyssnare och fans bokstavligen \u00f6ver hela v\u00e4rlden.<\/p>\n\n\n\n<h2 class=\"wp-block-heading\">Filosofi och klassiker tillsammans<\/h2>\n\n\n\n<p>Underrubriken till denna artikel \u00e4r ganska talande. Det \u00e4r de filosofiska texterna, opretenti\u00f6sa melodierna och ljudexperimenten som har skapat en helhet som m\u00e5nga m\u00e4nniskor har tagit till sig. Och det s\u00e4ger en hel del <strong>statistik fr\u00e5n musikgruppen Pink Floyd<\/strong>. Hon har s\u00e5lt mer \u00e4n tv\u00e5hundra miljoner album \u00f6ver hela v\u00e4rlden. Mindre \u00e4n h\u00e4lften av dem fr\u00e4mst i USA. Och det \u00e4r en prestation som \u00e4r l\u00e4tt v\u00e4rd<\/p>\n\n\n\n<h3 class=\"wp-block-heading\">Pink Floyd i fr\u00e5gor och svar<\/h3>\n\n\n\n<p>Ursprunget till denna musikgrupp g\u00e5r tillbaka till 1963. Det b\u00f6r noteras att sj\u00e4lva gruppen har haft m\u00e5nga efterf\u00f6ljande artister. <em>Den ber\u00f6mda uppst\u00e4llningen fr\u00e5n 1971<\/em> men vi f\u00e5r inte gl\u00f6mma. De \u00e4r Roger Waters, Nick Mason, David Gilmour och Richard Wright. F\u00f6r att f\u00e5 reda p\u00e5 mer, l\u00e4s f\u00f6ljande Q&amp;A.<\/p>\n\n\n\n<div class=\"schema-faq wp-block-yoast-faq-block\"><div class=\"schema-faq-section\" id=\"faq-question-1692259913578\"><strong class=\"schema-faq-question\">Vilka utm\u00e4rkelser har Pink Floyd vunnit?<\/strong> <p class=\"schema-faq-answer\">Rock and Roll Hall of Fame, Grammy Hall of Fame, Polar Music Prize samt Grammy Award f\u00f6r Best Rock Instrumental Performance.<\/p> <\/div> <div class=\"schema-faq-section\" id=\"faq-question-1692259920234\"><strong class=\"schema-faq-question\">Vilka album b\u00f6rjade bandet med?<\/strong> <p class=\"schema-faq-answer\">Deras f\u00f6rsta musikstycke, fr\u00e5n 1967, hette The Piper at the Gates of Dawn. Den f\u00f6ljdes av A Saucerful of Secrets, More och dubbelalbumet Ummagumma.<\/p> <\/div> <div class=\"schema-faq-section\" id=\"faq-question-1692259927999\"><strong class=\"schema-faq-question\">Vilket var det senaste albumet som bandet avslutade med?<\/strong> <p class=\"schema-faq-answer\">Det sista albumet sl\u00e4pptes 2014 och hette The Endiess River.<\/p> <\/div> <div class=\"schema-faq-section\" id=\"faq-question-1692259935581\"><strong class=\"schema-faq-question\">Vilka av de \u00e5terst\u00e5ende medlemmarna var fortfarande verksamma 2022?<\/strong> <p class=\"schema-faq-answer\">Det var David Gilmour p\u00e5 gitarr och rygg och Nick Mason p\u00e5 trummor.<\/p> <\/div> <div class=\"schema-faq-section\" id=\"faq-question-1692259943281\"><strong class=\"schema-faq-question\">Vilka skivbolag arbetade bandet med?<\/strong> <p class=\"schema-faq-answer\">EMI, Harvest, Tower, Capitol, Parlophone och Columbia f\u00f6r att n\u00e4mna n\u00e5gra.<\/p> <\/div> <\/div>","protected":false},"excerpt":{"rendered":"<p>Pink Floyd \u00e4r ett av de hyllade band som har sitt ursprung i London. Man skulle kunna s\u00e4ga en lite mer subtil stil \u00e4n till exempel AC\/DC. Den psykedeliska rockens m\u00e4stare blev innovat\u00f6rer av denna stil p\u00e5 sin tid. Bland annat fokuserade de ocks\u00e5 p\u00e5 andra genrer. Vi f\u00e5r inte gl\u00f6mma den genre som kallas ... <\/p>","protected":false},"author":2,"featured_media":1543,"comment_status":"closed","ping_status":"closed","sticky":false,"template":"","format":"standard","meta":{"footnotes":""},"categories":[11],"tags":[1934,1936,107,108,136,1932,1933,1935,1937,114],"class_list":["post-1542","post","type-post","status-publish","format-standard","has-post-thumbnail","hentry","category-hudba","tag-art-rock","tag-experimentalni-rock","tag-hudebni-kapela","tag-hudebni-skupina","tag-kapela","tag-pink-floyd","tag-progresivni-rock","tag-psychedelicky-rock","tag-rock-and-roll-hall-of-fame","tag-skupina"],"yoast_head":"<!-- This site is optimized with the Yoast SEO plugin v27.5 - https:\/\/yoast.com\/product\/yoast-seo-wordpress\/ -->\n<title>Pink Floyd a jejich psychedelick\u00fd rock - REGBU.COM<\/title>\n<meta name=\"description\" content=\"Hudebn\u00ed skupina Pink Floyd si z\u00edskala poslucha\u010de po cel\u00e9m sv\u011bt\u011b. Zjist\u011bte o t\u011bchto skv\u011bl\u00fdch um\u011blc\u00edch n\u011bco v\u00edce.\" \/>\n<meta name=\"robots\" content=\"index, follow, max-snippet:-1, max-image-preview:large, max-video-preview:-1\" \/>\n<link rel=\"canonical\" href=\"https:\/\/regbu.com\/sv\/pink-floyd-och-deras-psykedeliska-rock\/\" \/>\n<meta property=\"og:locale\" content=\"sv_SE\" \/>\n<meta property=\"og:type\" content=\"article\" \/>\n<meta property=\"og:title\" content=\"Pink Floyd a jejich psychedelick\u00fd rock - REGBU.COM\" \/>\n<meta property=\"og:description\" content=\"Hudebn\u00ed skupina Pink Floyd si z\u00edskala poslucha\u010de po cel\u00e9m sv\u011bt\u011b. Zjist\u011bte o t\u011bchto skv\u011bl\u00fdch um\u011blc\u00edch n\u011bco v\u00edce.\" \/>\n<meta property=\"og:url\" content=\"https:\/\/regbu.com\/sv\/pink-floyd-och-deras-psykedeliska-rock\/\" \/>\n<meta property=\"og:site_name\" content=\"REGBU.COM\" \/>\n<meta property=\"article:published_time\" content=\"2023-08-15T08:11:38+00:00\" \/>\n<meta property=\"article:modified_time\" content=\"2025-09-05T05:39:34+00:00\" \/>\n<meta property=\"og:image\" content=\"https:\/\/regbu.com\/wp-content\/uploads\/2023\/08\/pink-floyd-a-jejich-psychedelicky-rock.jpg\" \/>\n\t<meta property=\"og:image:width\" content=\"1200\" \/>\n\t<meta property=\"og:image:height\" content=\"678\" \/>\n\t<meta property=\"og:image:type\" content=\"image\/jpeg\" \/>\n<meta name=\"author\" content=\"George Martin\" \/>\n<meta name=\"twitter:card\" content=\"summary_large_image\" \/>\n<meta name=\"twitter:label1\" content=\"Skriven av\" \/>\n\t<meta name=\"twitter:data1\" content=\"George Martin\" \/>\n\t<meta name=\"twitter:label2\" content=\"Ber\u00e4knad l\u00e4stid\" \/>\n\t<meta name=\"twitter:data2\" content=\"2 minuter\" \/>\n<script type=\"application\/ld+json\" class=\"yoast-schema-graph\">{\"@context\":\"https:\\\/\\\/schema.org\",\"@graph\":[{\"@type\":\"Article\",\"@id\":\"https:\\\/\\\/regbu.com\\\/sv\\\/pink-floyd-och-deras-psykedeliska-rock\\\/#article\",\"isPartOf\":{\"@id\":\"https:\\\/\\\/regbu.com\\\/sv\\\/pink-floyd-och-deras-psykedeliska-rock\\\/\"},\"author\":{\"name\":\"George Martin\",\"@id\":\"https:\\\/\\\/regbu.com\\\/en\\\/#\\\/schema\\\/person\\\/94ea9deda2629771b8a9ced002f6784e\"},\"headline\":\"Pink Floyd a jejich psychedelick\u00fd rock\",\"datePublished\":\"2023-08-15T08:11:38+00:00\",\"dateModified\":\"2025-09-05T05:39:34+00:00\",\"mainEntityOfPage\":{\"@id\":\"https:\\\/\\\/regbu.com\\\/sv\\\/pink-floyd-och-deras-psykedeliska-rock\\\/\"},\"wordCount\":411,\"image\":{\"@id\":\"https:\\\/\\\/regbu.com\\\/sv\\\/pink-floyd-och-deras-psykedeliska-rock\\\/#primaryimage\"},\"thumbnailUrl\":\"https:\\\/\\\/regbu.com\\\/wp-content\\\/uploads\\\/2023\\\/08\\\/pink-floyd-a-jejich-psychedelicky-rock.jpg\",\"keywords\":[\"art rock\",\"experiment\u00e1ln\u00ed rock\",\"hudebn\u00ed kapela\",\"hudebn\u00ed skupina\",\"kapela\",\"pink floyd\",\"progresivn\u00ed rock\",\"psychedelick\u00fd rock\",\"Rock and Roll Hall of Fame\",\"skupina\"],\"articleSection\":[\"Hudba\"],\"inLanguage\":\"sv-SE\"},{\"@type\":[\"WebPage\",\"FAQPage\"],\"@id\":\"https:\\\/\\\/regbu.com\\\/sv\\\/pink-floyd-och-deras-psykedeliska-rock\\\/\",\"url\":\"https:\\\/\\\/regbu.com\\\/sv\\\/pink-floyd-och-deras-psykedeliska-rock\\\/\",\"name\":\"Pink Floyd a jejich psychedelick\u00fd rock - REGBU.COM\",\"isPartOf\":{\"@id\":\"https:\\\/\\\/regbu.com\\\/en\\\/#website\"},\"primaryImageOfPage\":{\"@id\":\"https:\\\/\\\/regbu.com\\\/sv\\\/pink-floyd-och-deras-psykedeliska-rock\\\/#primaryimage\"},\"image\":{\"@id\":\"https:\\\/\\\/regbu.com\\\/sv\\\/pink-floyd-och-deras-psykedeliska-rock\\\/#primaryimage\"},\"thumbnailUrl\":\"https:\\\/\\\/regbu.com\\\/wp-content\\\/uploads\\\/2023\\\/08\\\/pink-floyd-a-jejich-psychedelicky-rock.jpg\",\"datePublished\":\"2023-08-15T08:11:38+00:00\",\"dateModified\":\"2025-09-05T05:39:34+00:00\",\"author\":{\"@id\":\"https:\\\/\\\/regbu.com\\\/en\\\/#\\\/schema\\\/person\\\/94ea9deda2629771b8a9ced002f6784e\"},\"description\":\"Hudebn\u00ed skupina Pink Floyd si z\u00edskala poslucha\u010de po cel\u00e9m sv\u011bt\u011b. Zjist\u011bte o t\u011bchto skv\u011bl\u00fdch um\u011blc\u00edch n\u011bco v\u00edce.\",\"breadcrumb\":{\"@id\":\"https:\\\/\\\/regbu.com\\\/sv\\\/pink-floyd-och-deras-psykedeliska-rock\\\/#breadcrumb\"},\"mainEntity\":[{\"@id\":\"https:\\\/\\\/regbu.com\\\/sv\\\/pink-floyd-och-deras-psykedeliska-rock\\\/#faq-question-1692259913578\"},{\"@id\":\"https:\\\/\\\/regbu.com\\\/sv\\\/pink-floyd-och-deras-psykedeliska-rock\\\/#faq-question-1692259920234\"},{\"@id\":\"https:\\\/\\\/regbu.com\\\/sv\\\/pink-floyd-och-deras-psykedeliska-rock\\\/#faq-question-1692259927999\"},{\"@id\":\"https:\\\/\\\/regbu.com\\\/sv\\\/pink-floyd-och-deras-psykedeliska-rock\\\/#faq-question-1692259935581\"},{\"@id\":\"https:\\\/\\\/regbu.com\\\/sv\\\/pink-floyd-och-deras-psykedeliska-rock\\\/#faq-question-1692259943281\"}],\"inLanguage\":\"sv-SE\",\"potentialAction\":[{\"@type\":\"ReadAction\",\"target\":[\"https:\\\/\\\/regbu.com\\\/sv\\\/pink-floyd-och-deras-psykedeliska-rock\\\/\"]}]},{\"@type\":\"ImageObject\",\"inLanguage\":\"sv-SE\",\"@id\":\"https:\\\/\\\/regbu.com\\\/sv\\\/pink-floyd-och-deras-psykedeliska-rock\\\/#primaryimage\",\"url\":\"https:\\\/\\\/regbu.com\\\/wp-content\\\/uploads\\\/2023\\\/08\\\/pink-floyd-a-jejich-psychedelicky-rock.jpg\",\"contentUrl\":\"https:\\\/\\\/regbu.com\\\/wp-content\\\/uploads\\\/2023\\\/08\\\/pink-floyd-a-jejich-psychedelicky-rock.jpg\",\"width\":1200,\"height\":678,\"caption\":\"Pink Floyd a jejich psychedelick\u00fd rock\"},{\"@type\":\"BreadcrumbList\",\"@id\":\"https:\\\/\\\/regbu.com\\\/sv\\\/pink-floyd-och-deras-psykedeliska-rock\\\/#breadcrumb\",\"itemListElement\":[{\"@type\":\"ListItem\",\"position\":1,\"name\":\"Home\",\"item\":\"https:\\\/\\\/regbu.com\\\/en\\\/\"},{\"@type\":\"ListItem\",\"position\":2,\"name\":\"Pink Floyd a jejich psychedelick\u00fd rock\"}]},{\"@type\":\"WebSite\",\"@id\":\"https:\\\/\\\/regbu.com\\\/en\\\/#website\",\"url\":\"https:\\\/\\\/regbu.com\\\/en\\\/\",\"name\":\"REGBU.COM\",\"description\":\"\",\"potentialAction\":[{\"@type\":\"SearchAction\",\"target\":{\"@type\":\"EntryPoint\",\"urlTemplate\":\"https:\\\/\\\/regbu.com\\\/en\\\/?s={search_term_string}\"},\"query-input\":{\"@type\":\"PropertyValueSpecification\",\"valueRequired\":true,\"valueName\":\"search_term_string\"}}],\"inLanguage\":\"sv-SE\"},{\"@type\":\"Person\",\"@id\":\"https:\\\/\\\/regbu.com\\\/en\\\/#\\\/schema\\\/person\\\/94ea9deda2629771b8a9ced002f6784e\",\"name\":\"George Martin\",\"url\":\"https:\\\/\\\/regbu.com\\\/sv\\\/author\\\/george-martin\\\/\"},{\"@type\":\"Question\",\"@id\":\"https:\\\/\\\/regbu.com\\\/sv\\\/pink-floyd-och-deras-psykedeliska-rock\\\/#faq-question-1692259913578\",\"position\":1,\"url\":\"https:\\\/\\\/regbu.com\\\/sv\\\/pink-floyd-och-deras-psykedeliska-rock\\\/#faq-question-1692259913578\",\"name\":\"Jak\u00e1 ocen\u011bn\u00ed z\u00edskala kapela Pink Floyd?\",\"answerCount\":1,\"acceptedAnswer\":{\"@type\":\"Answer\",\"text\":\"Jmenovat lze kup\u0159\u00edkladu Rock and Roll Hall of Fame, S\u00ed\u0148 sl\u00e1vy Grammy, Polar Music Price, ale tak\u00e9 cenu Grammy ze nejlep\u0161\u00ed rockov\u00fd instrument\u00e1ln\u00ed v\u00fdkon.\",\"inLanguage\":\"sv-SE\"},\"inLanguage\":\"sv-SE\"},{\"@type\":\"Question\",\"@id\":\"https:\\\/\\\/regbu.com\\\/sv\\\/pink-floyd-och-deras-psykedeliska-rock\\\/#faq-question-1692259920234\",\"position\":2,\"url\":\"https:\\\/\\\/regbu.com\\\/sv\\\/pink-floyd-och-deras-psykedeliska-rock\\\/#faq-question-1692259920234\",\"name\":\"S jak\u00fdmi alby za\u010d\u00ednala hudebn\u00ed skupina?\",\"answerCount\":1,\"acceptedAnswer\":{\"@type\":\"Answer\",\"text\":\"Jejich prvn\u00ed hudebn\u00ed d\u00edlo z roku 1967 m\u011blo n\u00e1zev The Piper at the Gates of Dawn. Pak n\u00e1sledovala deska A Saucerful of Secrets, More a dvojalbum Ummagumma.\",\"inLanguage\":\"sv-SE\"},\"inLanguage\":\"sv-SE\"},{\"@type\":\"Question\",\"@id\":\"https:\\\/\\\/regbu.com\\\/sv\\\/pink-floyd-och-deras-psykedeliska-rock\\\/#faq-question-1692259927999\",\"position\":3,\"url\":\"https:\\\/\\\/regbu.com\\\/sv\\\/pink-floyd-och-deras-psykedeliska-rock\\\/#faq-question-1692259927999\",\"name\":\"Jak\u00fdm posledn\u00edm albem kon\u010dila hudebn\u00ed kapela?\",\"answerCount\":1,\"acceptedAnswer\":{\"@type\":\"Answer\",\"text\":\"Posledn\u00ed album vy\u0161lo v roce 2014 a m\u011blo n\u00e1zev The Endiess River.\",\"inLanguage\":\"sv-SE\"},\"inLanguage\":\"sv-SE\"},{\"@type\":\"Question\",\"@id\":\"https:\\\/\\\/regbu.com\\\/sv\\\/pink-floyd-och-deras-psykedeliska-rock\\\/#faq-question-1692259935581\",\"position\":4,\"url\":\"https:\\\/\\\/regbu.com\\\/sv\\\/pink-floyd-och-deras-psykedeliska-rock\\\/#faq-question-1692259935581\",\"name\":\"Kdo ze zbyl\u00fdch \u010dlen\u016f fungoval je\u0161t\u011b v roce 2022?\",\"answerCount\":1,\"acceptedAnswer\":{\"@type\":\"Answer\",\"text\":\"Byli to David Gilmour na kytaru a zp\u011bt a Nick Mason na bic\u00ed.\",\"inLanguage\":\"sv-SE\"},\"inLanguage\":\"sv-SE\"},{\"@type\":\"Question\",\"@id\":\"https:\\\/\\\/regbu.com\\\/sv\\\/pink-floyd-och-deras-psykedeliska-rock\\\/#faq-question-1692259943281\",\"position\":5,\"url\":\"https:\\\/\\\/regbu.com\\\/sv\\\/pink-floyd-och-deras-psykedeliska-rock\\\/#faq-question-1692259943281\",\"name\":\"S jak\u00fdmi vydavateli kapela spolupracovala?\",\"answerCount\":1,\"acceptedAnswer\":{\"@type\":\"Answer\",\"text\":\"Jmenovat lze EMI, Harvest, Tower, Capitol, Parlophone a Columbia.\",\"inLanguage\":\"sv-SE\"},\"inLanguage\":\"sv-SE\"}]}<\/script>\n<!-- \/ Yoast SEO plugin. -->","yoast_head_json":{"title":"Pink Floyd och deras psykedeliska rock - REGBU.COM","description":"Musikgruppen Pink Floyd har vunnit lyssnare \u00f6ver hela v\u00e4rlden. Ta reda p\u00e5 mer om dessa fantastiska artister.","robots":{"index":"index","follow":"follow","max-snippet":"max-snippet:-1","max-image-preview":"max-image-preview:large","max-video-preview":"max-video-preview:-1"},"canonical":"https:\/\/regbu.com\/sv\/pink-floyd-och-deras-psykedeliska-rock\/","og_locale":"sv_SE","og_type":"article","og_title":"Pink Floyd a jejich psychedelick\u00fd rock - REGBU.COM","og_description":"Hudebn\u00ed skupina Pink Floyd si z\u00edskala poslucha\u010de po cel\u00e9m sv\u011bt\u011b. Zjist\u011bte o t\u011bchto skv\u011bl\u00fdch um\u011blc\u00edch n\u011bco v\u00edce.","og_url":"https:\/\/regbu.com\/sv\/pink-floyd-och-deras-psykedeliska-rock\/","og_site_name":"REGBU.COM","article_published_time":"2023-08-15T08:11:38+00:00","article_modified_time":"2025-09-05T05:39:34+00:00","og_image":[{"width":1200,"height":678,"url":"https:\/\/regbu.com\/wp-content\/uploads\/2023\/08\/pink-floyd-a-jejich-psychedelicky-rock.jpg","type":"image\/jpeg"}],"author":"George Martin","twitter_card":"summary_large_image","twitter_misc":{"Skriven av":"George Martin","Ber\u00e4knad l\u00e4stid":"2 minuter"},"schema":{"@context":"https:\/\/schema.org","@graph":[{"@type":"Article","@id":"https:\/\/regbu.com\/sv\/pink-floyd-och-deras-psykedeliska-rock\/#article","isPartOf":{"@id":"https:\/\/regbu.com\/sv\/pink-floyd-och-deras-psykedeliska-rock\/"},"author":{"name":"George Martin","@id":"https:\/\/regbu.com\/en\/#\/schema\/person\/94ea9deda2629771b8a9ced002f6784e"},"headline":"Pink Floyd a jejich psychedelick\u00fd rock","datePublished":"2023-08-15T08:11:38+00:00","dateModified":"2025-09-05T05:39:34+00:00","mainEntityOfPage":{"@id":"https:\/\/regbu.com\/sv\/pink-floyd-och-deras-psykedeliska-rock\/"},"wordCount":411,"image":{"@id":"https:\/\/regbu.com\/sv\/pink-floyd-och-deras-psykedeliska-rock\/#primaryimage"},"thumbnailUrl":"https:\/\/regbu.com\/wp-content\/uploads\/2023\/08\/pink-floyd-a-jejich-psychedelicky-rock.jpg","keywords":["art rock","experiment\u00e1ln\u00ed rock","hudebn\u00ed kapela","hudebn\u00ed skupina","kapela","pink floyd","progresivn\u00ed rock","psychedelick\u00fd rock","Rock and Roll Hall of Fame","skupina"],"articleSection":["Hudba"],"inLanguage":"sv-SE"},{"@type":["WebPage","FAQPage"],"@id":"https:\/\/regbu.com\/sv\/pink-floyd-och-deras-psykedeliska-rock\/","url":"https:\/\/regbu.com\/sv\/pink-floyd-och-deras-psykedeliska-rock\/","name":"Pink Floyd och deras psykedeliska rock - REGBU.COM","isPartOf":{"@id":"https:\/\/regbu.com\/en\/#website"},"primaryImageOfPage":{"@id":"https:\/\/regbu.com\/sv\/pink-floyd-och-deras-psykedeliska-rock\/#primaryimage"},"image":{"@id":"https:\/\/regbu.com\/sv\/pink-floyd-och-deras-psykedeliska-rock\/#primaryimage"},"thumbnailUrl":"https:\/\/regbu.com\/wp-content\/uploads\/2023\/08\/pink-floyd-a-jejich-psychedelicky-rock.jpg","datePublished":"2023-08-15T08:11:38+00:00","dateModified":"2025-09-05T05:39:34+00:00","author":{"@id":"https:\/\/regbu.com\/en\/#\/schema\/person\/94ea9deda2629771b8a9ced002f6784e"},"description":"Musikgruppen Pink Floyd har vunnit lyssnare \u00f6ver hela v\u00e4rlden. Ta reda p\u00e5 mer om dessa fantastiska artister.","breadcrumb":{"@id":"https:\/\/regbu.com\/sv\/pink-floyd-och-deras-psykedeliska-rock\/#breadcrumb"},"mainEntity":[{"@id":"https:\/\/regbu.com\/sv\/pink-floyd-och-deras-psykedeliska-rock\/#faq-question-1692259913578"},{"@id":"https:\/\/regbu.com\/sv\/pink-floyd-och-deras-psykedeliska-rock\/#faq-question-1692259920234"},{"@id":"https:\/\/regbu.com\/sv\/pink-floyd-och-deras-psykedeliska-rock\/#faq-question-1692259927999"},{"@id":"https:\/\/regbu.com\/sv\/pink-floyd-och-deras-psykedeliska-rock\/#faq-question-1692259935581"},{"@id":"https:\/\/regbu.com\/sv\/pink-floyd-och-deras-psykedeliska-rock\/#faq-question-1692259943281"}],"inLanguage":"sv-SE","potentialAction":[{"@type":"ReadAction","target":["https:\/\/regbu.com\/sv\/pink-floyd-och-deras-psykedeliska-rock\/"]}]},{"@type":"ImageObject","inLanguage":"sv-SE","@id":"https:\/\/regbu.com\/sv\/pink-floyd-och-deras-psykedeliska-rock\/#primaryimage","url":"https:\/\/regbu.com\/wp-content\/uploads\/2023\/08\/pink-floyd-a-jejich-psychedelicky-rock.jpg","contentUrl":"https:\/\/regbu.com\/wp-content\/uploads\/2023\/08\/pink-floyd-a-jejich-psychedelicky-rock.jpg","width":1200,"height":678,"caption":"Pink Floyd a jejich psychedelick\u00fd rock"},{"@type":"BreadcrumbList","@id":"https:\/\/regbu.com\/sv\/pink-floyd-och-deras-psykedeliska-rock\/#breadcrumb","itemListElement":[{"@type":"ListItem","position":1,"name":"Home","item":"https:\/\/regbu.com\/en\/"},{"@type":"ListItem","position":2,"name":"Pink Floyd a jejich psychedelick\u00fd rock"}]},{"@type":"WebSite","@id":"https:\/\/regbu.com\/en\/#website","url":"https:\/\/regbu.com\/en\/","name":"REGBU.COM","description":"","potentialAction":[{"@type":"SearchAction","target":{"@type":"EntryPoint","urlTemplate":"https:\/\/regbu.com\/en\/?s={search_term_string}"},"query-input":{"@type":"PropertyValueSpecification","valueRequired":true,"valueName":"search_term_string"}}],"inLanguage":"sv-SE"},{"@type":"Person","@id":"https:\/\/regbu.com\/en\/#\/schema\/person\/94ea9deda2629771b8a9ced002f6784e","name":"George Martin","url":"https:\/\/regbu.com\/sv\/author\/george-martin\/"},{"@type":"Question","@id":"https:\/\/regbu.com\/sv\/pink-floyd-och-deras-psykedeliska-rock\/#faq-question-1692259913578","position":1,"url":"https:\/\/regbu.com\/sv\/pink-floyd-och-deras-psykedeliska-rock\/#faq-question-1692259913578","name":"Vilka utm\u00e4rkelser har Pink Floyd vunnit?","answerCount":1,"acceptedAnswer":{"@type":"Answer","text":"Jmenovat lze kup\u0159\u00edkladu Rock and Roll Hall of Fame, S\u00ed\u0148 sl\u00e1vy Grammy, Polar Music Price, ale tak\u00e9 cenu Grammy ze nejlep\u0161\u00ed rockov\u00fd instrument\u00e1ln\u00ed v\u00fdkon.","inLanguage":"sv-SE"},"inLanguage":"sv-SE"},{"@type":"Question","@id":"https:\/\/regbu.com\/sv\/pink-floyd-och-deras-psykedeliska-rock\/#faq-question-1692259920234","position":2,"url":"https:\/\/regbu.com\/sv\/pink-floyd-och-deras-psykedeliska-rock\/#faq-question-1692259920234","name":"Vilka album b\u00f6rjade bandet med?","answerCount":1,"acceptedAnswer":{"@type":"Answer","text":"Jejich prvn\u00ed hudebn\u00ed d\u00edlo z roku 1967 m\u011blo n\u00e1zev The Piper at the Gates of Dawn. Pak n\u00e1sledovala deska A Saucerful of Secrets, More a dvojalbum Ummagumma.","inLanguage":"sv-SE"},"inLanguage":"sv-SE"},{"@type":"Question","@id":"https:\/\/regbu.com\/sv\/pink-floyd-och-deras-psykedeliska-rock\/#faq-question-1692259927999","position":3,"url":"https:\/\/regbu.com\/sv\/pink-floyd-och-deras-psykedeliska-rock\/#faq-question-1692259927999","name":"Vilket var det senaste albumet som bandet avslutade med?","answerCount":1,"acceptedAnswer":{"@type":"Answer","text":"Posledn\u00ed album vy\u0161lo v roce 2014 a m\u011blo n\u00e1zev The Endiess River.","inLanguage":"sv-SE"},"inLanguage":"sv-SE"},{"@type":"Question","@id":"https:\/\/regbu.com\/sv\/pink-floyd-och-deras-psykedeliska-rock\/#faq-question-1692259935581","position":4,"url":"https:\/\/regbu.com\/sv\/pink-floyd-och-deras-psykedeliska-rock\/#faq-question-1692259935581","name":"Vilka av de \u00e5terst\u00e5ende medlemmarna var fortfarande verksamma 2022?","answerCount":1,"acceptedAnswer":{"@type":"Answer","text":"Byli to David Gilmour na kytaru a zp\u011bt a Nick Mason na bic\u00ed.","inLanguage":"sv-SE"},"inLanguage":"sv-SE"},{"@type":"Question","@id":"https:\/\/regbu.com\/sv\/pink-floyd-och-deras-psykedeliska-rock\/#faq-question-1692259943281","position":5,"url":"https:\/\/regbu.com\/sv\/pink-floyd-och-deras-psykedeliska-rock\/#faq-question-1692259943281","name":"Vilka skivbolag arbetade bandet med?","answerCount":1,"acceptedAnswer":{"@type":"Answer","text":"Jmenovat lze EMI, Harvest, Tower, Capitol, Parlophone a Columbia.","inLanguage":"sv-SE"},"inLanguage":"sv-SE"}]}},"_links":{"self":[{"href":"https:\/\/regbu.com\/sv\/wp-json\/wp\/v2\/posts\/1542","targetHints":{"allow":["GET"]}}],"collection":[{"href":"https:\/\/regbu.com\/sv\/wp-json\/wp\/v2\/posts"}],"about":[{"href":"https:\/\/regbu.com\/sv\/wp-json\/wp\/v2\/types\/post"}],"author":[{"embeddable":true,"href":"https:\/\/regbu.com\/sv\/wp-json\/wp\/v2\/users\/2"}],"replies":[{"embeddable":true,"href":"https:\/\/regbu.com\/sv\/wp-json\/wp\/v2\/comments?post=1542"}],"version-history":[{"count":2,"href":"https:\/\/regbu.com\/sv\/wp-json\/wp\/v2\/posts\/1542\/revisions"}],"predecessor-version":[{"id":1566,"href":"https:\/\/regbu.com\/sv\/wp-json\/wp\/v2\/posts\/1542\/revisions\/1566"}],"wp:featuredmedia":[{"embeddable":true,"href":"https:\/\/regbu.com\/sv\/wp-json\/wp\/v2\/media\/1543"}],"wp:attachment":[{"href":"https:\/\/regbu.com\/sv\/wp-json\/wp\/v2\/media?parent=1542"}],"wp:term":[{"taxonomy":"category","embeddable":true,"href":"https:\/\/regbu.com\/sv\/wp-json\/wp\/v2\/categories?post=1542"},{"taxonomy":"post_tag","embeddable":true,"href":"https:\/\/regbu.com\/sv\/wp-json\/wp\/v2\/tags?post=1542"}],"curies":[{"name":"wp","href":"https:\/\/api.w.org\/{rel}","templated":true}]}}