{"id":1496,"date":"2023-08-09T16:03:49","date_gmt":"2023-08-09T14:03:49","guid":{"rendered":"https:\/\/regbu.com\/?p=1496"},"modified":"2025-09-05T07:39:52","modified_gmt":"2025-09-05T05:39:52","slug":"vyber-nocniho-videni-od-a-az-do-z","status":"publish","type":"post","link":"https:\/\/regbu.com\/sv\/valj-en-natt-vision-ifran-och-ifran\/","title":{"rendered":"Urval f\u00f6r m\u00f6rkerseende fr\u00e5n A till \u00d6"},"content":{"rendered":"<p>Urvalet f\u00f6r m\u00f6rkerseende kommer att vara intressant f\u00f6r alla som har blivit f\u00f6rtrollade av modern teknik, som inkluderar <strong><a href=\"https:\/\/regbu.com\/sv\/elektromobilitet-har-sin-egen-cirkel\/\">Elektromobilitet<\/a><\/strong>. Om du \u00e4r frestad att se saker i m\u00f6rkret som bara djur kan se, har vi n\u00e5gra anv\u00e4ndbara tips till dig. L\u00e5t oss f\u00f6rst ta reda p\u00e5 vad m\u00f6rkerseendet egentligen \u00e4r till f\u00f6r.<\/p>\n\n\n\n<ul class=\"wp-block-list\">\n<li>Observation av nattlivet<\/li>\n\n\n\n<li>Milit\u00e4ra \u00e4ndam\u00e5l<\/li>\n\n\n\n<li>Jakt p\u00e5 vilt<\/li>\n<\/ul>\n\n\n\n<p>Nattseende i sin essens <strong>arbetar med restljus<\/strong>som, tack vare den teknik som anv\u00e4nds, f\u00f6rst\u00e4rks och du kan se. Det finns olika typer av synsk\u00e4rpa, som vi nu ska presentera mer i detalj.<\/p>\n\n\n\n<h2 class=\"wp-block-heading\">Allt b\u00f6rjar med en analog vision<\/h2>\n\n\n\n<p>F\u00f6r att g\u00f6ra valet av m\u00f6rkerseende komplett b\u00f6rjar vi med m\u00f6rkerseende-teknik. I grunden \u00e4r det ett analogt m\u00f6rkerseende system som har <em>fantastisk bild utan dr\u00f6jsm\u00e5l<\/em>, l\u00e5g str\u00f6mf\u00f6rbrukning och ljusk\u00e4nslig. Du m\u00e5ste dock r\u00e4kna med att betala extra f\u00f6r det. Digital m\u00f6rkerseende kan vara ett alternativ. Vilka \u00e4r f\u00f6r- och nackdelarna med denna teknik?<\/p>\n\n\n\n<figure class=\"wp-block-table\"><table><tbody><tr><td><strong>F\u00f6rdelar<\/strong><\/td><td><strong>Nackdelar<\/strong><\/td><\/tr><tr><td>L\u00e4gre pris<\/td><td>Du beh\u00f6ver en illuminator<\/td><\/tr><tr><td>Fler inst\u00e4llningar<\/td><td>H\u00f6gre energif\u00f6rbrukning<\/td><\/tr><tr><td>Inspelning<\/td><td>Mindre k\u00e4nslighet f\u00f6r ljus<\/td><\/tr><\/tbody><\/table><figcaption class=\"wp-element-caption\">Vilka \u00e4r funktionerna i digitalt m\u00f6rkerseende?<\/figcaption><\/figure>\n\n\n\n<p>N\u00e4r man s\u00e4ger digitalt m\u00f6rkerseende t\u00e4nker man i f\u00f6rsta hand p\u00e5 en digitalkamera med CCD-processor. En annan teknik som ofta anv\u00e4nds \u00e4r v\u00e4rmekameror. Du kan anv\u00e4nda den dag som natt. Du beh\u00f6ver ingen belysning och du kommer inte att begr\u00e4nsas av r\u00e4ckvidd och l\u00e5g vikt. Allt detta kompenseras \u00e5terigen av det h\u00f6gre priset.<\/p>\n\n\n\n<h3 class=\"wp-block-heading\">Val av m\u00f6rkerseende i detalj<\/h3>\n\n\n\n<p>Naturligtvis \u00e4r valet av m\u00f6rkerseende ocks\u00e5 relaterat till andra koncept. Ett av dem \u00e4r <strong>monokul\u00e4r<\/strong>. I grund och botten \u00e4r det en specialobservation f\u00f6r m\u00f6rkerseende. Du kommer att uppskatta dess l\u00e4tthet och kompakthet. Det kommer inte att vara praktiskt f\u00f6r j\u00e4gare eftersom de inte kan montera det p\u00e5 sitt vapen. F\u00f6r s\u00e5dana \u00e4ndam\u00e5l \u00e4r det det perfekta frontsiktet. Det \u00e4r i princip ett allround sikte.<\/p>\n\n\n\n<p>En annan typ av m\u00f6rkerseende \u00e4r kikarsiktet med v\u00e4rmekamera. Med det kommer du att ha det roligast i det fria. Det kan dock vara v\u00e4rre i skogen. Slutligen, gl\u00f6m inte bort behovet av belysning, vilket realiseras med hj\u00e4lp av en infrar\u00f6d ficklampa.<\/p>","protected":false},"excerpt":{"rendered":"<p>Valet av m\u00f6rkerseende kommer att vara intressant f\u00f6r alla som har blivit f\u00f6rtrollade av modern teknik, vilket inkluderar elektromobilitet. Om du \u00e4r frestad att se saker i m\u00f6rkret som bara djur kan se, har vi n\u00e5gra anv\u00e4ndbara r\u00e5d till dig. L\u00e5t oss f\u00f6rst ta en titt p\u00e5 vad s\u00e5dant m\u00f6rkerseende egentligen \u00e4r till f\u00f6r. Nattseende fungerar i princip ... <\/p>","protected":false},"author":2,"featured_media":1497,"comment_status":"closed","ping_status":"closed","sticky":false,"template":"","format":"standard","meta":{"footnotes":""},"categories":[6],"tags":[1840,1119,1844,1842,1839,1841,1845,1846,1843,1838],"class_list":["post-1496","post","type-post","status-publish","format-standard","has-post-thumbnail","hentry","category-technologie","tag-analogove","tag-digitalni","tag-digitalni-nocni-videni","tag-monokular","tag-nocni-videni","tag-prisvit","tag-svetlo","tag-svitilna","tag-termovize","tag-vyber-nocniho-videni"],"yoast_head":"<!-- This site is optimized with the Yoast SEO plugin v27.4 - https:\/\/yoast.com\/product\/yoast-seo-wordpress\/ -->\n<title>V\u00fdb\u011br no\u010dn\u00edho vid\u011bn\u00ed od A a\u017e do Z - REGBU.COM<\/title>\n<meta name=\"description\" content=\"\u0158e\u0161\u00edte aktu\u00e1ln\u011b v\u00fdb\u011br no\u010dn\u00edho vid\u011bn\u00ed? Potom V\u00e1m p\u0159in\u00e1\u0161\u00edme n\u011bkolik praktick\u00fdch informac\u00ed t\u00fdkaj\u00edc\u00edch se jednotliv\u00fdch model\u016f.\" \/>\n<meta name=\"robots\" content=\"index, follow, max-snippet:-1, max-image-preview:large, max-video-preview:-1\" \/>\n<link rel=\"canonical\" href=\"https:\/\/regbu.com\/sv\/valj-en-natt-vision-ifran-och-ifran\/\" \/>\n<meta property=\"og:locale\" content=\"sv_SE\" \/>\n<meta property=\"og:type\" content=\"article\" \/>\n<meta property=\"og:title\" content=\"V\u00fdb\u011br no\u010dn\u00edho vid\u011bn\u00ed od A a\u017e do Z - REGBU.COM\" \/>\n<meta property=\"og:description\" content=\"\u0158e\u0161\u00edte aktu\u00e1ln\u011b v\u00fdb\u011br no\u010dn\u00edho vid\u011bn\u00ed? Potom V\u00e1m p\u0159in\u00e1\u0161\u00edme n\u011bkolik praktick\u00fdch informac\u00ed t\u00fdkaj\u00edc\u00edch se jednotliv\u00fdch model\u016f.\" \/>\n<meta property=\"og:url\" content=\"https:\/\/regbu.com\/sv\/valj-en-natt-vision-ifran-och-ifran\/\" \/>\n<meta property=\"og:site_name\" content=\"REGBU.COM\" \/>\n<meta property=\"article:published_time\" content=\"2023-08-09T14:03:49+00:00\" \/>\n<meta property=\"article:modified_time\" content=\"2025-09-05T05:39:52+00:00\" \/>\n<meta property=\"og:image\" content=\"https:\/\/regbu.com\/wp-content\/uploads\/2023\/08\/vyber-nocniho-videni-od-a-az-do-z.jpg\" \/>\n\t<meta property=\"og:image:width\" content=\"1200\" \/>\n\t<meta property=\"og:image:height\" content=\"675\" \/>\n\t<meta property=\"og:image:type\" content=\"image\/jpeg\" \/>\n<meta name=\"author\" content=\"George Martin\" \/>\n<meta name=\"twitter:card\" content=\"summary_large_image\" \/>\n<meta name=\"twitter:label1\" content=\"Skriven av\" \/>\n\t<meta name=\"twitter:data1\" content=\"George Martin\" \/>\n\t<meta name=\"twitter:label2\" content=\"Ber\u00e4knad l\u00e4stid\" \/>\n\t<meta name=\"twitter:data2\" content=\"2 minuter\" \/>\n<script type=\"application\/ld+json\" class=\"yoast-schema-graph\">{\"@context\":\"https:\\\/\\\/schema.org\",\"@graph\":[{\"@type\":\"Article\",\"@id\":\"https:\\\/\\\/regbu.com\\\/sv\\\/valj-en-natt-vision-ifran-och-ifran\\\/#article\",\"isPartOf\":{\"@id\":\"https:\\\/\\\/regbu.com\\\/sv\\\/valj-en-natt-vision-ifran-och-ifran\\\/\"},\"author\":{\"name\":\"George Martin\",\"@id\":\"https:\\\/\\\/regbu.com\\\/en\\\/#\\\/schema\\\/person\\\/94ea9deda2629771b8a9ced002f6784e\"},\"headline\":\"V\u00fdb\u011br no\u010dn\u00edho vid\u011bn\u00ed od A a\u017e do Z\",\"datePublished\":\"2023-08-09T14:03:49+00:00\",\"dateModified\":\"2025-09-05T05:39:52+00:00\",\"mainEntityOfPage\":{\"@id\":\"https:\\\/\\\/regbu.com\\\/sv\\\/valj-en-natt-vision-ifran-och-ifran\\\/\"},\"wordCount\":480,\"image\":{\"@id\":\"https:\\\/\\\/regbu.com\\\/sv\\\/valj-en-natt-vision-ifran-och-ifran\\\/#primaryimage\"},\"thumbnailUrl\":\"https:\\\/\\\/regbu.com\\\/wp-content\\\/uploads\\\/2023\\\/08\\\/vyber-nocniho-videni-od-a-az-do-z.jpg\",\"keywords\":[\"analogov\u00e9\",\"digit\u00e1ln\u00ed\",\"digit\u00e1ln\u00ed no\u010dn\u00ed vid\u011bn\u00ed\",\"monokul\u00e1r\",\"no\u010dn\u00ed vid\u011bn\u00ed\",\"p\u0159\u00edsvit\",\"sv\u011btlo\",\"sv\u00edtilna\",\"termovize\",\"v\u00fdb\u011br no\u010dn\u00edho vid\u011bn\u00ed\"],\"articleSection\":[\"Technologie\"],\"inLanguage\":\"sv-SE\"},{\"@type\":\"WebPage\",\"@id\":\"https:\\\/\\\/regbu.com\\\/sv\\\/valj-en-natt-vision-ifran-och-ifran\\\/\",\"url\":\"https:\\\/\\\/regbu.com\\\/sv\\\/valj-en-natt-vision-ifran-och-ifran\\\/\",\"name\":\"V\u00fdb\u011br no\u010dn\u00edho vid\u011bn\u00ed od A a\u017e do Z - REGBU.COM\",\"isPartOf\":{\"@id\":\"https:\\\/\\\/regbu.com\\\/en\\\/#website\"},\"primaryImageOfPage\":{\"@id\":\"https:\\\/\\\/regbu.com\\\/sv\\\/valj-en-natt-vision-ifran-och-ifran\\\/#primaryimage\"},\"image\":{\"@id\":\"https:\\\/\\\/regbu.com\\\/sv\\\/valj-en-natt-vision-ifran-och-ifran\\\/#primaryimage\"},\"thumbnailUrl\":\"https:\\\/\\\/regbu.com\\\/wp-content\\\/uploads\\\/2023\\\/08\\\/vyber-nocniho-videni-od-a-az-do-z.jpg\",\"datePublished\":\"2023-08-09T14:03:49+00:00\",\"dateModified\":\"2025-09-05T05:39:52+00:00\",\"author\":{\"@id\":\"https:\\\/\\\/regbu.com\\\/en\\\/#\\\/schema\\\/person\\\/94ea9deda2629771b8a9ced002f6784e\"},\"description\":\"\u0158e\u0161\u00edte aktu\u00e1ln\u011b v\u00fdb\u011br no\u010dn\u00edho vid\u011bn\u00ed? Potom V\u00e1m p\u0159in\u00e1\u0161\u00edme n\u011bkolik praktick\u00fdch informac\u00ed t\u00fdkaj\u00edc\u00edch se jednotliv\u00fdch model\u016f.\",\"breadcrumb\":{\"@id\":\"https:\\\/\\\/regbu.com\\\/sv\\\/valj-en-natt-vision-ifran-och-ifran\\\/#breadcrumb\"},\"inLanguage\":\"sv-SE\",\"potentialAction\":[{\"@type\":\"ReadAction\",\"target\":[\"https:\\\/\\\/regbu.com\\\/sv\\\/valj-en-natt-vision-ifran-och-ifran\\\/\"]}]},{\"@type\":\"ImageObject\",\"inLanguage\":\"sv-SE\",\"@id\":\"https:\\\/\\\/regbu.com\\\/sv\\\/valj-en-natt-vision-ifran-och-ifran\\\/#primaryimage\",\"url\":\"https:\\\/\\\/regbu.com\\\/wp-content\\\/uploads\\\/2023\\\/08\\\/vyber-nocniho-videni-od-a-az-do-z.jpg\",\"contentUrl\":\"https:\\\/\\\/regbu.com\\\/wp-content\\\/uploads\\\/2023\\\/08\\\/vyber-nocniho-videni-od-a-az-do-z.jpg\",\"width\":1200,\"height\":675,\"caption\":\"V\u00fdb\u011br no\u010dn\u00edho vid\u011bn\u00ed od A a\u017e do Z\"},{\"@type\":\"BreadcrumbList\",\"@id\":\"https:\\\/\\\/regbu.com\\\/sv\\\/valj-en-natt-vision-ifran-och-ifran\\\/#breadcrumb\",\"itemListElement\":[{\"@type\":\"ListItem\",\"position\":1,\"name\":\"Home\",\"item\":\"https:\\\/\\\/regbu.com\\\/en\\\/\"},{\"@type\":\"ListItem\",\"position\":2,\"name\":\"V\u00fdb\u011br no\u010dn\u00edho vid\u011bn\u00ed od A a\u017e do Z\"}]},{\"@type\":\"WebSite\",\"@id\":\"https:\\\/\\\/regbu.com\\\/en\\\/#website\",\"url\":\"https:\\\/\\\/regbu.com\\\/en\\\/\",\"name\":\"REGBU.COM\",\"description\":\"\",\"potentialAction\":[{\"@type\":\"SearchAction\",\"target\":{\"@type\":\"EntryPoint\",\"urlTemplate\":\"https:\\\/\\\/regbu.com\\\/en\\\/?s={search_term_string}\"},\"query-input\":{\"@type\":\"PropertyValueSpecification\",\"valueRequired\":true,\"valueName\":\"search_term_string\"}}],\"inLanguage\":\"sv-SE\"},{\"@type\":\"Person\",\"@id\":\"https:\\\/\\\/regbu.com\\\/en\\\/#\\\/schema\\\/person\\\/94ea9deda2629771b8a9ced002f6784e\",\"name\":\"George Martin\",\"url\":\"https:\\\/\\\/regbu.com\\\/sv\\\/author\\\/george-martin\\\/\"}]}<\/script>\n<!-- \/ Yoast SEO plugin. -->","yoast_head_json":{"title":"Val av m\u00f6rkerseende fr\u00e5n A till \u00d6 - REGBU.COM","description":"H\u00e5ller du p\u00e5 att best\u00e4mma dig f\u00f6r ett m\u00f6rkerseende system? D\u00e5 ger vi dig lite praktisk information om de enskilda modellerna.","robots":{"index":"index","follow":"follow","max-snippet":"max-snippet:-1","max-image-preview":"max-image-preview:large","max-video-preview":"max-video-preview:-1"},"canonical":"https:\/\/regbu.com\/sv\/valj-en-natt-vision-ifran-och-ifran\/","og_locale":"sv_SE","og_type":"article","og_title":"V\u00fdb\u011br no\u010dn\u00edho vid\u011bn\u00ed od A a\u017e do Z - REGBU.COM","og_description":"\u0158e\u0161\u00edte aktu\u00e1ln\u011b v\u00fdb\u011br no\u010dn\u00edho vid\u011bn\u00ed? Potom V\u00e1m p\u0159in\u00e1\u0161\u00edme n\u011bkolik praktick\u00fdch informac\u00ed t\u00fdkaj\u00edc\u00edch se jednotliv\u00fdch model\u016f.","og_url":"https:\/\/regbu.com\/sv\/valj-en-natt-vision-ifran-och-ifran\/","og_site_name":"REGBU.COM","article_published_time":"2023-08-09T14:03:49+00:00","article_modified_time":"2025-09-05T05:39:52+00:00","og_image":[{"width":1200,"height":675,"url":"https:\/\/regbu.com\/wp-content\/uploads\/2023\/08\/vyber-nocniho-videni-od-a-az-do-z.jpg","type":"image\/jpeg"}],"author":"George Martin","twitter_card":"summary_large_image","twitter_misc":{"Skriven av":"George Martin","Ber\u00e4knad l\u00e4stid":"2 minuter"},"schema":{"@context":"https:\/\/schema.org","@graph":[{"@type":"Article","@id":"https:\/\/regbu.com\/sv\/valj-en-natt-vision-ifran-och-ifran\/#article","isPartOf":{"@id":"https:\/\/regbu.com\/sv\/valj-en-natt-vision-ifran-och-ifran\/"},"author":{"name":"George Martin","@id":"https:\/\/regbu.com\/en\/#\/schema\/person\/94ea9deda2629771b8a9ced002f6784e"},"headline":"V\u00fdb\u011br no\u010dn\u00edho vid\u011bn\u00ed od A a\u017e do Z","datePublished":"2023-08-09T14:03:49+00:00","dateModified":"2025-09-05T05:39:52+00:00","mainEntityOfPage":{"@id":"https:\/\/regbu.com\/sv\/valj-en-natt-vision-ifran-och-ifran\/"},"wordCount":480,"image":{"@id":"https:\/\/regbu.com\/sv\/valj-en-natt-vision-ifran-och-ifran\/#primaryimage"},"thumbnailUrl":"https:\/\/regbu.com\/wp-content\/uploads\/2023\/08\/vyber-nocniho-videni-od-a-az-do-z.jpg","keywords":["analogov\u00e9","digit\u00e1ln\u00ed","digit\u00e1ln\u00ed no\u010dn\u00ed vid\u011bn\u00ed","monokul\u00e1r","no\u010dn\u00ed vid\u011bn\u00ed","p\u0159\u00edsvit","sv\u011btlo","sv\u00edtilna","termovize","v\u00fdb\u011br no\u010dn\u00edho vid\u011bn\u00ed"],"articleSection":["Technologie"],"inLanguage":"sv-SE"},{"@type":"WebPage","@id":"https:\/\/regbu.com\/sv\/valj-en-natt-vision-ifran-och-ifran\/","url":"https:\/\/regbu.com\/sv\/valj-en-natt-vision-ifran-och-ifran\/","name":"Val av m\u00f6rkerseende fr\u00e5n A till \u00d6 - REGBU.COM","isPartOf":{"@id":"https:\/\/regbu.com\/en\/#website"},"primaryImageOfPage":{"@id":"https:\/\/regbu.com\/sv\/valj-en-natt-vision-ifran-och-ifran\/#primaryimage"},"image":{"@id":"https:\/\/regbu.com\/sv\/valj-en-natt-vision-ifran-och-ifran\/#primaryimage"},"thumbnailUrl":"https:\/\/regbu.com\/wp-content\/uploads\/2023\/08\/vyber-nocniho-videni-od-a-az-do-z.jpg","datePublished":"2023-08-09T14:03:49+00:00","dateModified":"2025-09-05T05:39:52+00:00","author":{"@id":"https:\/\/regbu.com\/en\/#\/schema\/person\/94ea9deda2629771b8a9ced002f6784e"},"description":"H\u00e5ller du p\u00e5 att best\u00e4mma dig f\u00f6r ett m\u00f6rkerseende system? D\u00e5 ger vi dig lite praktisk information om de enskilda modellerna.","breadcrumb":{"@id":"https:\/\/regbu.com\/sv\/valj-en-natt-vision-ifran-och-ifran\/#breadcrumb"},"inLanguage":"sv-SE","potentialAction":[{"@type":"ReadAction","target":["https:\/\/regbu.com\/sv\/valj-en-natt-vision-ifran-och-ifran\/"]}]},{"@type":"ImageObject","inLanguage":"sv-SE","@id":"https:\/\/regbu.com\/sv\/valj-en-natt-vision-ifran-och-ifran\/#primaryimage","url":"https:\/\/regbu.com\/wp-content\/uploads\/2023\/08\/vyber-nocniho-videni-od-a-az-do-z.jpg","contentUrl":"https:\/\/regbu.com\/wp-content\/uploads\/2023\/08\/vyber-nocniho-videni-od-a-az-do-z.jpg","width":1200,"height":675,"caption":"V\u00fdb\u011br no\u010dn\u00edho vid\u011bn\u00ed od A a\u017e do Z"},{"@type":"BreadcrumbList","@id":"https:\/\/regbu.com\/sv\/valj-en-natt-vision-ifran-och-ifran\/#breadcrumb","itemListElement":[{"@type":"ListItem","position":1,"name":"Home","item":"https:\/\/regbu.com\/en\/"},{"@type":"ListItem","position":2,"name":"V\u00fdb\u011br no\u010dn\u00edho vid\u011bn\u00ed od A a\u017e do Z"}]},{"@type":"WebSite","@id":"https:\/\/regbu.com\/en\/#website","url":"https:\/\/regbu.com\/en\/","name":"REGBU.COM","description":"","potentialAction":[{"@type":"SearchAction","target":{"@type":"EntryPoint","urlTemplate":"https:\/\/regbu.com\/en\/?s={search_term_string}"},"query-input":{"@type":"PropertyValueSpecification","valueRequired":true,"valueName":"search_term_string"}}],"inLanguage":"sv-SE"},{"@type":"Person","@id":"https:\/\/regbu.com\/en\/#\/schema\/person\/94ea9deda2629771b8a9ced002f6784e","name":"George Martin","url":"https:\/\/regbu.com\/sv\/author\/george-martin\/"}]}},"_links":{"self":[{"href":"https:\/\/regbu.com\/sv\/wp-json\/wp\/v2\/posts\/1496","targetHints":{"allow":["GET"]}}],"collection":[{"href":"https:\/\/regbu.com\/sv\/wp-json\/wp\/v2\/posts"}],"about":[{"href":"https:\/\/regbu.com\/sv\/wp-json\/wp\/v2\/types\/post"}],"author":[{"embeddable":true,"href":"https:\/\/regbu.com\/sv\/wp-json\/wp\/v2\/users\/2"}],"replies":[{"embeddable":true,"href":"https:\/\/regbu.com\/sv\/wp-json\/wp\/v2\/comments?post=1496"}],"version-history":[{"count":2,"href":"https:\/\/regbu.com\/sv\/wp-json\/wp\/v2\/posts\/1496\/revisions"}],"predecessor-version":[{"id":1507,"href":"https:\/\/regbu.com\/sv\/wp-json\/wp\/v2\/posts\/1496\/revisions\/1507"}],"wp:featuredmedia":[{"embeddable":true,"href":"https:\/\/regbu.com\/sv\/wp-json\/wp\/v2\/media\/1497"}],"wp:attachment":[{"href":"https:\/\/regbu.com\/sv\/wp-json\/wp\/v2\/media?parent=1496"}],"wp:term":[{"taxonomy":"category","embeddable":true,"href":"https:\/\/regbu.com\/sv\/wp-json\/wp\/v2\/categories?post=1496"},{"taxonomy":"post_tag","embeddable":true,"href":"https:\/\/regbu.com\/sv\/wp-json\/wp\/v2\/tags?post=1496"}],"curies":[{"name":"wp","href":"https:\/\/api.w.org\/{rel}","templated":true}]}}