{"id":144,"date":"2022-01-05T08:46:00","date_gmt":"2022-01-05T07:46:00","guid":{"rendered":"https:\/\/regbu.com\/?p=144"},"modified":"2025-09-05T07:42:59","modified_gmt":"2025-09-05T05:42:59","slug":"lucie-bila-drzi-post-nejlepsi-ceske-popove-zpevacky","status":"publish","type":"post","link":"https:\/\/regbu.com\/sv\/lucie-bila-haller-posten-basta-tjeckiska-popsangarna\/","title":{"rendered":"Lucie B\u00edl\u00e1 \u00e4r den b\u00e4sta tjeckiska pops\u00e5ngerskan"},"content":{"rendered":"<p>Bland de historiskt k\u00e4nda s\u00e5ngarna finns definitivt <strong><a href=\"https:\/\/regbu.com\/sv\/vera-spinarova-har-mycket-ogonlosa-hits\/\">V\u011bra \u0160pinarov\u00e1<\/a><\/strong>. Men n\u00e4r det g\u00e4ller den b\u00e4sta tjeckiska pops\u00e5ngerskan kan ingen f\u00f6rneka en annan kvinna denna titel. Och det \u00e4r Lucie B\u00edl\u00e1. En s\u00e5ngare som har f\u00e5tt ett gott rykte i alla \u00e5lderskategorier. Alla k\u00e4nner till hennes catchiga l\u00e5tar, \u00e4ven om pop kanske inte \u00e4r hennes genre.<\/p>\n\n\n\n<h2 class=\"wp-block-heading\">Hur uppstod Lucie B\u00edl\u00e1?<\/h2>\n\n\n\n<p><strong>Lucie B\u00edl\u00e1<\/strong> <strong>fr\u00e5n Hana Za\u0148\u00e1kov\u00e1<\/strong>. Hon var ursprungligen en rocks\u00e5ngerska, men \u00f6vergick till popv\u00e4rlden, d\u00e4r hon n\u00e5dde sin st\u00f6rsta ber\u00f6mmelse. Du kan l\u00e4sa mer om denna gyllene k\u00e4ndis i tabellen nedan.<\/p>\n\n\n\n<figure class=\"wp-block-table\"><table><tbody><tr><td><strong>\u00c4mne<\/strong><\/td><td><strong>V\u00e4rde<\/strong><\/td><\/tr><tr><td>F\u00f6delse<\/td><td>7 april 1966<\/td><\/tr><tr><td>F\u00f6delseort<\/td><td>Kladno<\/td><\/tr><tr><td>Genrer<\/td><td>Pop och rock<\/td><\/tr><tr><td>Verktyg<\/td><td>S\u00e5ng<\/td><\/tr><\/tbody><\/table><figcaption>Allt du beh\u00f6ver veta om den gyllene n\u00e4ktergalen.<\/figcaption><\/figure>\n\n\n\n<p>Lucie kallas ofta f\u00f6r Queen of Pop bland sina fans. F\u00f6rutom sitt huvudyrke som s\u00e5ngerska \u00e4r hon ocks\u00e5 en tillf\u00e4llig och framg\u00e5ngsrik sk\u00e5despelerska. Hon sjunger bland annat i flera olika musikaler.<\/p>\n\n\n\n<h2 class=\"wp-block-heading\">Kreativt skapande utan gr\u00e4nser<\/h2>\n\n\n\n<p>Det g\u00e5r inte att f\u00f6rneka att Lucie B\u00edl\u00e1 \u00e4r <strong>kreativa personligheter<\/strong>. Detta bevisas av hennes rika och varierade diskografi, som bokstavligen inte k\u00e4nner n\u00e5gra gr\u00e4nser. Under sin l\u00e5nga karri\u00e4r har hon sl\u00e4ppt m\u00e5nga soloplattor, men ocks\u00e5 gemensamma duetter. Till exempel, med\u00a0<strong><a href=\"https:\/\/regbu.com\/sv\/karel-gott-att-vara-oslagbar-god-kaja\/\">Karl Gott<\/a><\/strong>. D\u00e4refter producerades urval, soundtracks och konsertalbum. Du kan h\u00f6ra hennes r\u00f6st i vissa ljudber\u00e4ttelser.<\/p>\n\n\n\n<p>N\u00e4r det g\u00e4ller k\u00e4nda l\u00e5tar kommer det definitivt att vara hits som eSeMeS, Love is Love, You are my master eller Trouba. Om du f\u00e5r en l\u00e4ngtan efter en musikal med Lucia B\u00edl\u00e1 \u00e4r Sister in Action, Carmen, Aida, The Addams Family, Love is Love och m\u00e5nga fler de klara vinnarna. Hon har f\u00f6rresten varit involverad i musiklivet sedan 1992.<\/p>\n\n\n\n<h3 class=\"wp-block-heading\">Lucie B\u00edl\u00e1 samlar det ena priset efter det andra<\/h3>\n\n\n\n<p>N\u00e4r n\u00e5gon \u00e4r framg\u00e5ngsrik visar det sig naturligtvis i form av utm\u00e4rkelser. Och den h\u00e4r s\u00e5ngerskan har vunnit m\u00e5nga av dem. Vare sig det handlar om den tjeckiska Grammisgalan, Thalia-priset, And\u011bl-priset eller <strong>Tjeckisk n\u00e4ktergal<\/strong>. Precis som Karel Gott regerade bland de manliga n\u00e4ktergalarna, er\u00f6vrade Lucie B\u00edl\u00e1 bokstavligen kategorin \u00e5rets kvinnliga s\u00e5ngerska. Och det har hon gjort under m\u00e5nga \u00e5r, d\u00e5 hon regelbundet varit med p\u00e5 vinnarlistan.<\/p>","protected":false},"excerpt":{"rendered":"<p>Vera \u0160pinarov\u00e1 \u00e4r definitivt en av de historiskt k\u00e4nda s\u00e5ngerskorna. Men n\u00e4r det g\u00e4ller den b\u00e4sta tjeckiska pops\u00e5ngerskan kan ingen f\u00f6rneka en annan kvinna denna titel. Och det \u00e4r Lucie B\u00edl\u00e1. En s\u00e5ngare som har f\u00e5tt ett gott rykte i alla \u00e5lderskategorier. Alla k\u00e4nner till hennes catchiga l\u00e5tar, \u00e4ven om pop kanske inte \u00e4r hennes genre. ... <\/p>","protected":false},"author":2,"featured_media":145,"comment_status":"closed","ping_status":"closed","sticky":false,"template":"","format":"standard","meta":{"footnotes":""},"categories":[11],"tags":[139,140,97,106,141,142,111,143,144,125],"class_list":["post-144","post","type-post","status-publish","format-standard","has-post-thumbnail","hentry","category-hudba","tag-bila","tag-ceska-slavice","tag-cesky-slavik","tag-hudba","tag-lucie-bila","tag-muzikaly","tag-pop","tag-slavice","tag-vokal","tag-zpevacka"],"yoast_head":"<!-- This site is optimized with the Yoast SEO plugin v27.5 - https:\/\/yoast.com\/product\/yoast-seo-wordpress\/ -->\n<title>Lucie B\u00edl\u00e1 dr\u017e\u00ed post nejlep\u0161\u00ed \u010desk\u00e9 popov\u00e9 zp\u011bva\u010dky - REGBU.COM<\/title>\n<meta name=\"description\" content=\"Lucie B\u00edl\u00e1 je v hudebn\u00edm sv\u011bt\u011b fenom\u00e9nem, kter\u00fd nen\u00ed t\u0159eba p\u0159edstavovat. Zn\u00e1te nejv\u011bt\u0161\u00ed hity t\u00e9to zp\u011bva\u010dky a v\u00edte, jak\u00e9 je jej\u00ed prav\u00e9 jm\u00e9no?\" \/>\n<meta name=\"robots\" content=\"index, follow, max-snippet:-1, max-image-preview:large, max-video-preview:-1\" \/>\n<link rel=\"canonical\" href=\"https:\/\/regbu.com\/sv\/lucie-bila-haller-posten-basta-tjeckiska-popsangarna\/\" \/>\n<meta property=\"og:locale\" content=\"sv_SE\" \/>\n<meta property=\"og:type\" content=\"article\" \/>\n<meta property=\"og:title\" content=\"Lucie B\u00edl\u00e1 dr\u017e\u00ed post nejlep\u0161\u00ed \u010desk\u00e9 popov\u00e9 zp\u011bva\u010dky - REGBU.COM\" \/>\n<meta property=\"og:description\" content=\"Lucie B\u00edl\u00e1 je v hudebn\u00edm sv\u011bt\u011b fenom\u00e9nem, kter\u00fd nen\u00ed t\u0159eba p\u0159edstavovat. Zn\u00e1te nejv\u011bt\u0161\u00ed hity t\u00e9to zp\u011bva\u010dky a v\u00edte, jak\u00e9 je jej\u00ed prav\u00e9 jm\u00e9no?\" \/>\n<meta property=\"og:url\" content=\"https:\/\/regbu.com\/sv\/lucie-bila-haller-posten-basta-tjeckiska-popsangarna\/\" \/>\n<meta property=\"og:site_name\" content=\"REGBU.COM\" \/>\n<meta property=\"article:published_time\" content=\"2022-01-05T07:46:00+00:00\" \/>\n<meta property=\"article:modified_time\" content=\"2025-09-05T05:42:59+00:00\" \/>\n<meta property=\"og:image\" content=\"https:\/\/regbu.com\/wp-content\/uploads\/2022\/01\/lucie-bila-drzi-post-nejlepci-ceske-popove-zpevacky.jpg\" \/>\n\t<meta property=\"og:image:width\" content=\"1200\" \/>\n\t<meta property=\"og:image:height\" content=\"678\" \/>\n\t<meta property=\"og:image:type\" content=\"image\/jpeg\" \/>\n<meta name=\"author\" content=\"George Martin\" \/>\n<meta name=\"twitter:card\" content=\"summary_large_image\" \/>\n<meta name=\"twitter:label1\" content=\"Skriven av\" \/>\n\t<meta name=\"twitter:data1\" content=\"George Martin\" \/>\n\t<meta name=\"twitter:label2\" content=\"Ber\u00e4knad l\u00e4stid\" \/>\n\t<meta name=\"twitter:data2\" content=\"2 minuter\" \/>\n<script type=\"application\/ld+json\" class=\"yoast-schema-graph\">{\"@context\":\"https:\\\/\\\/schema.org\",\"@graph\":[{\"@type\":\"Article\",\"@id\":\"https:\\\/\\\/regbu.com\\\/lucie-bila-drzi-post-nejlepsi-ceske-popove-zpevacky\\\/#article\",\"isPartOf\":{\"@id\":\"https:\\\/\\\/regbu.com\\\/lucie-bila-drzi-post-nejlepsi-ceske-popove-zpevacky\\\/\"},\"author\":{\"name\":\"George Martin\",\"@id\":\"https:\\\/\\\/regbu.com\\\/en\\\/#\\\/schema\\\/person\\\/94ea9deda2629771b8a9ced002f6784e\"},\"headline\":\"Lucie B\u00edl\u00e1 dr\u017e\u00ed post nejlep\u0161\u00ed \u010desk\u00e9 popov\u00e9 zp\u011bva\u010dky\",\"datePublished\":\"2022-01-05T07:46:00+00:00\",\"dateModified\":\"2025-09-05T05:42:59+00:00\",\"mainEntityOfPage\":{\"@id\":\"https:\\\/\\\/regbu.com\\\/lucie-bila-drzi-post-nejlepsi-ceske-popove-zpevacky\\\/\"},\"wordCount\":462,\"image\":{\"@id\":\"https:\\\/\\\/regbu.com\\\/lucie-bila-drzi-post-nejlepsi-ceske-popove-zpevacky\\\/#primaryimage\"},\"thumbnailUrl\":\"https:\\\/\\\/regbu.com\\\/wp-content\\\/uploads\\\/2022\\\/01\\\/lucie-bila-drzi-post-nejlepci-ceske-popove-zpevacky.jpg\",\"keywords\":[\"B\u00edl\u00e1\",\"\u010desk\u00e1 slavice\",\"\u010desk\u00fd slav\u00edk\",\"hudba\",\"Lucie B\u00edl\u00e1\",\"muzik\u00e1ly\",\"pop\",\"slavice\",\"vok\u00e1l\",\"zp\u011bva\u010dka\"],\"articleSection\":[\"Hudba\"],\"inLanguage\":\"sv-SE\"},{\"@type\":\"WebPage\",\"@id\":\"https:\\\/\\\/regbu.com\\\/lucie-bila-drzi-post-nejlepsi-ceske-popove-zpevacky\\\/\",\"url\":\"https:\\\/\\\/regbu.com\\\/lucie-bila-drzi-post-nejlepsi-ceske-popove-zpevacky\\\/\",\"name\":\"Lucie B\u00edl\u00e1 dr\u017e\u00ed post nejlep\u0161\u00ed \u010desk\u00e9 popov\u00e9 zp\u011bva\u010dky - REGBU.COM\",\"isPartOf\":{\"@id\":\"https:\\\/\\\/regbu.com\\\/en\\\/#website\"},\"primaryImageOfPage\":{\"@id\":\"https:\\\/\\\/regbu.com\\\/lucie-bila-drzi-post-nejlepsi-ceske-popove-zpevacky\\\/#primaryimage\"},\"image\":{\"@id\":\"https:\\\/\\\/regbu.com\\\/lucie-bila-drzi-post-nejlepsi-ceske-popove-zpevacky\\\/#primaryimage\"},\"thumbnailUrl\":\"https:\\\/\\\/regbu.com\\\/wp-content\\\/uploads\\\/2022\\\/01\\\/lucie-bila-drzi-post-nejlepci-ceske-popove-zpevacky.jpg\",\"datePublished\":\"2022-01-05T07:46:00+00:00\",\"dateModified\":\"2025-09-05T05:42:59+00:00\",\"author\":{\"@id\":\"https:\\\/\\\/regbu.com\\\/en\\\/#\\\/schema\\\/person\\\/94ea9deda2629771b8a9ced002f6784e\"},\"description\":\"Lucie B\u00edl\u00e1 je v hudebn\u00edm sv\u011bt\u011b fenom\u00e9nem, kter\u00fd nen\u00ed t\u0159eba p\u0159edstavovat. Zn\u00e1te nejv\u011bt\u0161\u00ed hity t\u00e9to zp\u011bva\u010dky a v\u00edte, jak\u00e9 je jej\u00ed prav\u00e9 jm\u00e9no?\",\"breadcrumb\":{\"@id\":\"https:\\\/\\\/regbu.com\\\/lucie-bila-drzi-post-nejlepsi-ceske-popove-zpevacky\\\/#breadcrumb\"},\"inLanguage\":\"sv-SE\",\"potentialAction\":[{\"@type\":\"ReadAction\",\"target\":[\"https:\\\/\\\/regbu.com\\\/lucie-bila-drzi-post-nejlepsi-ceske-popove-zpevacky\\\/\"]}]},{\"@type\":\"ImageObject\",\"inLanguage\":\"sv-SE\",\"@id\":\"https:\\\/\\\/regbu.com\\\/lucie-bila-drzi-post-nejlepsi-ceske-popove-zpevacky\\\/#primaryimage\",\"url\":\"https:\\\/\\\/regbu.com\\\/wp-content\\\/uploads\\\/2022\\\/01\\\/lucie-bila-drzi-post-nejlepci-ceske-popove-zpevacky.jpg\",\"contentUrl\":\"https:\\\/\\\/regbu.com\\\/wp-content\\\/uploads\\\/2022\\\/01\\\/lucie-bila-drzi-post-nejlepci-ceske-popove-zpevacky.jpg\",\"width\":1200,\"height\":678,\"caption\":\"Lucie B\u00edl\u00e1 dr\u017e\u00ed post nejlep\u0161\u00ed \u010desk\u00e9 popov\u00e9 zp\u011bva\u010dky\"},{\"@type\":\"BreadcrumbList\",\"@id\":\"https:\\\/\\\/regbu.com\\\/lucie-bila-drzi-post-nejlepsi-ceske-popove-zpevacky\\\/#breadcrumb\",\"itemListElement\":[{\"@type\":\"ListItem\",\"position\":1,\"name\":\"Home\",\"item\":\"https:\\\/\\\/regbu.com\\\/en\\\/\"},{\"@type\":\"ListItem\",\"position\":2,\"name\":\"Lucie B\u00edl\u00e1 dr\u017e\u00ed post nejlep\u0161\u00ed \u010desk\u00e9 popov\u00e9 zp\u011bva\u010dky\"}]},{\"@type\":\"WebSite\",\"@id\":\"https:\\\/\\\/regbu.com\\\/en\\\/#website\",\"url\":\"https:\\\/\\\/regbu.com\\\/en\\\/\",\"name\":\"REGBU.COM\",\"description\":\"\",\"potentialAction\":[{\"@type\":\"SearchAction\",\"target\":{\"@type\":\"EntryPoint\",\"urlTemplate\":\"https:\\\/\\\/regbu.com\\\/en\\\/?s={search_term_string}\"},\"query-input\":{\"@type\":\"PropertyValueSpecification\",\"valueRequired\":true,\"valueName\":\"search_term_string\"}}],\"inLanguage\":\"sv-SE\"},{\"@type\":\"Person\",\"@id\":\"https:\\\/\\\/regbu.com\\\/en\\\/#\\\/schema\\\/person\\\/94ea9deda2629771b8a9ced002f6784e\",\"name\":\"George Martin\",\"url\":\"https:\\\/\\\/regbu.com\\\/sv\\\/author\\\/george-martin\\\/\"}]}<\/script>\n<!-- \/ Yoast SEO plugin. -->","yoast_head_json":{"title":"Lucie B\u00edl\u00e1 \u00e4r den b\u00e4sta tjeckiska pops\u00e5ngerskan - REGBU.COM","description":"Lucie B\u00edl\u00e1 \u00e4r ett fenomen i musikv\u00e4rlden som inte beh\u00f6ver n\u00e5gon presentation. K\u00e4nner du till s\u00e5ngerskans st\u00f6rsta hits och vet du vad hon egentligen heter?","robots":{"index":"index","follow":"follow","max-snippet":"max-snippet:-1","max-image-preview":"max-image-preview:large","max-video-preview":"max-video-preview:-1"},"canonical":"https:\/\/regbu.com\/sv\/lucie-bila-haller-posten-basta-tjeckiska-popsangarna\/","og_locale":"sv_SE","og_type":"article","og_title":"Lucie B\u00edl\u00e1 dr\u017e\u00ed post nejlep\u0161\u00ed \u010desk\u00e9 popov\u00e9 zp\u011bva\u010dky - REGBU.COM","og_description":"Lucie B\u00edl\u00e1 je v hudebn\u00edm sv\u011bt\u011b fenom\u00e9nem, kter\u00fd nen\u00ed t\u0159eba p\u0159edstavovat. Zn\u00e1te nejv\u011bt\u0161\u00ed hity t\u00e9to zp\u011bva\u010dky a v\u00edte, jak\u00e9 je jej\u00ed prav\u00e9 jm\u00e9no?","og_url":"https:\/\/regbu.com\/sv\/lucie-bila-haller-posten-basta-tjeckiska-popsangarna\/","og_site_name":"REGBU.COM","article_published_time":"2022-01-05T07:46:00+00:00","article_modified_time":"2025-09-05T05:42:59+00:00","og_image":[{"width":1200,"height":678,"url":"https:\/\/regbu.com\/wp-content\/uploads\/2022\/01\/lucie-bila-drzi-post-nejlepci-ceske-popove-zpevacky.jpg","type":"image\/jpeg"}],"author":"George Martin","twitter_card":"summary_large_image","twitter_misc":{"Skriven av":"George Martin","Ber\u00e4knad l\u00e4stid":"2 minuter"},"schema":{"@context":"https:\/\/schema.org","@graph":[{"@type":"Article","@id":"https:\/\/regbu.com\/lucie-bila-drzi-post-nejlepsi-ceske-popove-zpevacky\/#article","isPartOf":{"@id":"https:\/\/regbu.com\/lucie-bila-drzi-post-nejlepsi-ceske-popove-zpevacky\/"},"author":{"name":"George Martin","@id":"https:\/\/regbu.com\/en\/#\/schema\/person\/94ea9deda2629771b8a9ced002f6784e"},"headline":"Lucie B\u00edl\u00e1 dr\u017e\u00ed post nejlep\u0161\u00ed \u010desk\u00e9 popov\u00e9 zp\u011bva\u010dky","datePublished":"2022-01-05T07:46:00+00:00","dateModified":"2025-09-05T05:42:59+00:00","mainEntityOfPage":{"@id":"https:\/\/regbu.com\/lucie-bila-drzi-post-nejlepsi-ceske-popove-zpevacky\/"},"wordCount":462,"image":{"@id":"https:\/\/regbu.com\/lucie-bila-drzi-post-nejlepsi-ceske-popove-zpevacky\/#primaryimage"},"thumbnailUrl":"https:\/\/regbu.com\/wp-content\/uploads\/2022\/01\/lucie-bila-drzi-post-nejlepci-ceske-popove-zpevacky.jpg","keywords":["B\u00edl\u00e1","\u010desk\u00e1 slavice","\u010desk\u00fd slav\u00edk","hudba","Lucie B\u00edl\u00e1","muzik\u00e1ly","pop","slavice","vok\u00e1l","zp\u011bva\u010dka"],"articleSection":["Hudba"],"inLanguage":"sv-SE"},{"@type":"WebPage","@id":"https:\/\/regbu.com\/lucie-bila-drzi-post-nejlepsi-ceske-popove-zpevacky\/","url":"https:\/\/regbu.com\/lucie-bila-drzi-post-nejlepsi-ceske-popove-zpevacky\/","name":"Lucie B\u00edl\u00e1 \u00e4r den b\u00e4sta tjeckiska pops\u00e5ngerskan - REGBU.COM","isPartOf":{"@id":"https:\/\/regbu.com\/en\/#website"},"primaryImageOfPage":{"@id":"https:\/\/regbu.com\/lucie-bila-drzi-post-nejlepsi-ceske-popove-zpevacky\/#primaryimage"},"image":{"@id":"https:\/\/regbu.com\/lucie-bila-drzi-post-nejlepsi-ceske-popove-zpevacky\/#primaryimage"},"thumbnailUrl":"https:\/\/regbu.com\/wp-content\/uploads\/2022\/01\/lucie-bila-drzi-post-nejlepci-ceske-popove-zpevacky.jpg","datePublished":"2022-01-05T07:46:00+00:00","dateModified":"2025-09-05T05:42:59+00:00","author":{"@id":"https:\/\/regbu.com\/en\/#\/schema\/person\/94ea9deda2629771b8a9ced002f6784e"},"description":"Lucie B\u00edl\u00e1 \u00e4r ett fenomen i musikv\u00e4rlden som inte beh\u00f6ver n\u00e5gon presentation. K\u00e4nner du till s\u00e5ngerskans st\u00f6rsta hits och vet du vad hon egentligen heter?","breadcrumb":{"@id":"https:\/\/regbu.com\/lucie-bila-drzi-post-nejlepsi-ceske-popove-zpevacky\/#breadcrumb"},"inLanguage":"sv-SE","potentialAction":[{"@type":"ReadAction","target":["https:\/\/regbu.com\/lucie-bila-drzi-post-nejlepsi-ceske-popove-zpevacky\/"]}]},{"@type":"ImageObject","inLanguage":"sv-SE","@id":"https:\/\/regbu.com\/lucie-bila-drzi-post-nejlepsi-ceske-popove-zpevacky\/#primaryimage","url":"https:\/\/regbu.com\/wp-content\/uploads\/2022\/01\/lucie-bila-drzi-post-nejlepci-ceske-popove-zpevacky.jpg","contentUrl":"https:\/\/regbu.com\/wp-content\/uploads\/2022\/01\/lucie-bila-drzi-post-nejlepci-ceske-popove-zpevacky.jpg","width":1200,"height":678,"caption":"Lucie B\u00edl\u00e1 dr\u017e\u00ed post nejlep\u0161\u00ed \u010desk\u00e9 popov\u00e9 zp\u011bva\u010dky"},{"@type":"BreadcrumbList","@id":"https:\/\/regbu.com\/lucie-bila-drzi-post-nejlepsi-ceske-popove-zpevacky\/#breadcrumb","itemListElement":[{"@type":"ListItem","position":1,"name":"Home","item":"https:\/\/regbu.com\/en\/"},{"@type":"ListItem","position":2,"name":"Lucie B\u00edl\u00e1 dr\u017e\u00ed post nejlep\u0161\u00ed \u010desk\u00e9 popov\u00e9 zp\u011bva\u010dky"}]},{"@type":"WebSite","@id":"https:\/\/regbu.com\/en\/#website","url":"https:\/\/regbu.com\/en\/","name":"REGBU.COM","description":"","potentialAction":[{"@type":"SearchAction","target":{"@type":"EntryPoint","urlTemplate":"https:\/\/regbu.com\/en\/?s={search_term_string}"},"query-input":{"@type":"PropertyValueSpecification","valueRequired":true,"valueName":"search_term_string"}}],"inLanguage":"sv-SE"},{"@type":"Person","@id":"https:\/\/regbu.com\/en\/#\/schema\/person\/94ea9deda2629771b8a9ced002f6784e","name":"George Martin","url":"https:\/\/regbu.com\/sv\/author\/george-martin\/"}]}},"_links":{"self":[{"href":"https:\/\/regbu.com\/sv\/wp-json\/wp\/v2\/posts\/144","targetHints":{"allow":["GET"]}}],"collection":[{"href":"https:\/\/regbu.com\/sv\/wp-json\/wp\/v2\/posts"}],"about":[{"href":"https:\/\/regbu.com\/sv\/wp-json\/wp\/v2\/types\/post"}],"author":[{"embeddable":true,"href":"https:\/\/regbu.com\/sv\/wp-json\/wp\/v2\/users\/2"}],"replies":[{"embeddable":true,"href":"https:\/\/regbu.com\/sv\/wp-json\/wp\/v2\/comments?post=144"}],"version-history":[{"count":3,"href":"https:\/\/regbu.com\/sv\/wp-json\/wp\/v2\/posts\/144\/revisions"}],"predecessor-version":[{"id":160,"href":"https:\/\/regbu.com\/sv\/wp-json\/wp\/v2\/posts\/144\/revisions\/160"}],"wp:featuredmedia":[{"embeddable":true,"href":"https:\/\/regbu.com\/sv\/wp-json\/wp\/v2\/media\/145"}],"wp:attachment":[{"href":"https:\/\/regbu.com\/sv\/wp-json\/wp\/v2\/media?parent=144"}],"wp:term":[{"taxonomy":"category","embeddable":true,"href":"https:\/\/regbu.com\/sv\/wp-json\/wp\/v2\/categories?post=144"},{"taxonomy":"post_tag","embeddable":true,"href":"https:\/\/regbu.com\/sv\/wp-json\/wp\/v2\/tags?post=144"}],"curies":[{"name":"wp","href":"https:\/\/api.w.org\/{rel}","templated":true}]}}