{"id":1367,"date":"2023-08-04T16:35:31","date_gmt":"2023-08-04T14:35:31","guid":{"rendered":"https:\/\/regbu.com\/?p=1367"},"modified":"2025-09-05T07:40:24","modified_gmt":"2025-09-05T05:40:24","slug":"ekologicke-cestovani-a-jeho-hlavni-zasady","status":"publish","type":"post","link":"https:\/\/regbu.com\/sv\/ekoresor-och-deras-huvudprinciper\/","title":{"rendered":"Milj\u00f6v\u00e4nligt resande och dess v\u00e4gledande principer"},"content":{"rendered":"<p>Milj\u00f6v\u00e4nligt resande \u00e4r just nu lika trendigt som t.ex. <strong><a href=\"https:\/\/regbu.com\/sv\/digital-nomadism-i-praktiken\/\">digital nomadism<\/a><\/strong>. Om du \u00e4lskar att utforska olika destinationer runt om i v\u00e4rlden, kombinera denna aktivitet med en positiv attityd till planeten. H\u00e5llbart resande kommer inte bara att vara bra f\u00f6r din sj\u00e4l, utan f\u00f6r planeten som helhet.<\/p>\n\n\n\n<ul class=\"wp-block-list\">\n<li>F\u00f6rpackningsfri kosmetika<\/li>\n\n\n\n<li>Anv\u00e4ndning av kollektivtrafik<\/li>\n\n\n\n<li>Egna dryckesbeh\u00e5llare<\/li>\n<\/ul>\n\n\n\n<p>Ekologiska resor kan betraktas ur olika synvinklar. Det \u00e4r upp till dig, <em>hur gr\u00f6n vill du vara<\/em>. Du har verkligen mer \u00e4n tillr\u00e4ckligt med alternativ i detta avseende.<\/p>\n\n\n\n<h2 class=\"wp-block-heading\">Milj\u00f6v\u00e4nlig kollektivtrafik resor<\/h2>\n\n\n\n<p>Om du vill l\u00e4mna ett s\u00e5 litet ekologiskt fotavtryck som m\u00f6jligt n\u00e4r du reser ska du bara anv\u00e4nda <strong>Kollektivtrafik eller kollektivtrafik<\/strong>. Inga hyrbilar, taxibilar och liknande icke-organiska saker. Kollektivtrafik \u00e4r gr\u00f6nare och billigare i det l\u00e5nga loppet. Om det \u00e4r m\u00f6jligt i din stad kan du ta milj\u00f6v\u00e4nligt resande till en \u00e4nnu h\u00f6gre niv\u00e5 genom att hyra en cykel.<\/p>\n\n\n\n<h3 class=\"wp-block-heading\">Vanliga fr\u00e5gor och svar<\/h3>\n\n\n\n<p>B\u00f6rja t\u00e4nka gr\u00f6nt n\u00e4r <strong>reseplanering<\/strong> och packa saker. Ett relativt hett \u00e4mne \u00e4r den redan n\u00e4mnda f\u00f6rpackningsfria kosmetiken. Om du vill veta mer om det och andra tips, l\u00e4s f\u00f6ljande Q&amp;A.<\/p>\n\n\n\n<div class=\"schema-faq wp-block-yoast-faq-block\"><div class=\"schema-faq-section\" id=\"faq-question-1691418775858\"><strong class=\"schema-faq-question\">Hur ser f\u00f6rpackningsfri kosmetik ut?<\/strong> <p class=\"schema-faq-answer\">Dessa \u00e4r till exempel fasta schampon. Handkr\u00e4mer och kroppslotioner tillverkas p\u00e5 liknande s\u00e4tt.<\/p> <\/div> <div class=\"schema-faq-section\" id=\"faq-question-1691418784775\"><strong class=\"schema-faq-question\">Vad \u00e4r det som g\u00f6r f\u00f6rpackningsfri kosmetika s\u00e5 speciell?<\/strong> <p class=\"schema-faq-answer\">Dess ekologiska charm ligger i det faktum att den inte inneh\u00e5ller n\u00e5gra plastf\u00f6rpackningar.<\/p> <\/div> <div class=\"schema-faq-section\" id=\"faq-question-1691418792613\"><strong class=\"schema-faq-question\">Vad kan kaffe\u00e4lskare g\u00f6ra f\u00f6r att resa milj\u00f6v\u00e4nligt?<\/strong> <p class=\"schema-faq-answer\">Res med din egen speciella kaffekopp. Du sparar p\u00e5 naturen och den fyllda koppen kan enkelt f\u00f6rvaras i bagaget.<\/p> <\/div> <div class=\"schema-faq-section\" id=\"faq-question-1691418801847\"><strong class=\"schema-faq-question\">Hur \u00e4r det med ekologiska drycker p\u00e5 spr\u00e5ng?<\/strong> <p class=\"schema-faq-answer\">Gl\u00f6m att k\u00f6pa plastflaskor. Ta med dig din egen flaska och fyll p\u00e5 den regelbundet. Dricksvattenfont\u00e4ner i storst\u00e4der \u00e4r ocks\u00e5 en gr\u00f6n l\u00f6sning.<\/p> <\/div> <div class=\"schema-faq-section\" id=\"faq-question-1691418809527\"><strong class=\"schema-faq-question\">Vad mer ing\u00e5r i milj\u00f6v\u00e4nligt resande?<\/strong> <p class=\"schema-faq-answer\">Till exempel genom att st\u00f6dja lokala f\u00f6rs\u00e4ljare p\u00e5 marknader. Bryt dig loss fr\u00e5n stormarknaderna och satsa ist\u00e4llet p\u00e5 h\u00e5llbarhet, originalitet och en positiv inst\u00e4llning till naturen.<\/p> <\/div> <\/div>","protected":false},"excerpt":{"rendered":"<p>Ekologiskt resande \u00e4r f\u00f6r n\u00e4rvarande lika trendigt som digital nomadism. Om du \u00e4lskar att utforska olika destinationer runt om i v\u00e4rlden kan du kombinera denna aktivitet med en positiv inst\u00e4llning till planeten. Detta kallas \u00e4ven h\u00e5llbart resande och kommer inte bara att gl\u00e4dja din sj\u00e4l, utan \u00e4ven planeten som helhet. Milj\u00f6v\u00e4nligt resande kan angripas fr\u00e5n olika vinklar. Det \u00e4r upp till dig att best\u00e4mma hur ... <\/p>","protected":false},"author":2,"featured_media":1368,"comment_status":"closed","ping_status":"closed","sticky":false,"template":"","format":"standard","meta":{"footnotes":""},"categories":[8],"tags":[1644,637,659,1640,1639,1643,1645,911,1641,1646,1647,1642],"class_list":["post-1367","post","type-post","status-publish","format-standard","has-post-thumbnail","hentry","category-cestovani","tag-bezobalova-kosmetika","tag-cestovani","tag-doprava","tag-ekologicke-cestovani","tag-ekologie","tag-kelimek","tag-kosmetika","tag-lahev","tag-mhd","tag-pitka","tag-priroda","tag-verejna-doprava"],"yoast_head":"<!-- This site is optimized with the Yoast SEO plugin v27.5 - https:\/\/yoast.com\/product\/yoast-seo-wordpress\/ -->\n<title>Ekologick\u00e9 cestov\u00e1n\u00ed a jeho hlavn\u00ed z\u00e1sady - REGBU.COM<\/title>\n<meta name=\"description\" content=\"Poznejte ekologick\u00e9 cestov\u00e1n\u00ed do nejmen\u0161\u00edho detailu. Vydejte se touto cestou \u0161etrnou p\u0159edev\u0161\u00edm k \u017eivotn\u00edmu prost\u0159ed\u00ed.\" \/>\n<meta name=\"robots\" content=\"index, follow, max-snippet:-1, max-image-preview:large, max-video-preview:-1\" \/>\n<link rel=\"canonical\" href=\"https:\/\/regbu.com\/sv\/ekoresor-och-deras-huvudprinciper\/\" \/>\n<meta property=\"og:locale\" content=\"sv_SE\" \/>\n<meta property=\"og:type\" content=\"article\" \/>\n<meta property=\"og:title\" content=\"Ekologick\u00e9 cestov\u00e1n\u00ed a jeho hlavn\u00ed z\u00e1sady - REGBU.COM\" \/>\n<meta property=\"og:description\" content=\"Poznejte ekologick\u00e9 cestov\u00e1n\u00ed do nejmen\u0161\u00edho detailu. Vydejte se touto cestou \u0161etrnou p\u0159edev\u0161\u00edm k \u017eivotn\u00edmu prost\u0159ed\u00ed.\" \/>\n<meta property=\"og:url\" content=\"https:\/\/regbu.com\/sv\/ekoresor-och-deras-huvudprinciper\/\" \/>\n<meta property=\"og:site_name\" content=\"REGBU.COM\" \/>\n<meta property=\"article:published_time\" content=\"2023-08-04T14:35:31+00:00\" \/>\n<meta property=\"article:modified_time\" content=\"2025-09-05T05:40:24+00:00\" \/>\n<meta property=\"og:image\" content=\"https:\/\/regbu.com\/wp-content\/uploads\/2023\/08\/ekologicke-cestovani-a-jeho-hlavni-zasady.jpg\" \/>\n\t<meta property=\"og:image:width\" content=\"1200\" \/>\n\t<meta property=\"og:image:height\" content=\"677\" \/>\n\t<meta property=\"og:image:type\" content=\"image\/jpeg\" \/>\n<meta name=\"author\" content=\"George Martin\" \/>\n<meta name=\"twitter:card\" content=\"summary_large_image\" \/>\n<meta name=\"twitter:label1\" content=\"Skriven av\" \/>\n\t<meta name=\"twitter:data1\" content=\"George Martin\" \/>\n\t<meta name=\"twitter:label2\" content=\"Ber\u00e4knad l\u00e4stid\" \/>\n\t<meta name=\"twitter:data2\" content=\"2 minuter\" \/>\n<script type=\"application\/ld+json\" class=\"yoast-schema-graph\">{\"@context\":\"https:\\\/\\\/schema.org\",\"@graph\":[{\"@type\":\"Article\",\"@id\":\"https:\\\/\\\/regbu.com\\\/sv\\\/ekoresor-och-deras-huvudprinciper\\\/#article\",\"isPartOf\":{\"@id\":\"https:\\\/\\\/regbu.com\\\/sv\\\/ekoresor-och-deras-huvudprinciper\\\/\"},\"author\":{\"name\":\"George Martin\",\"@id\":\"https:\\\/\\\/regbu.com\\\/en\\\/#\\\/schema\\\/person\\\/94ea9deda2629771b8a9ced002f6784e\"},\"headline\":\"Ekologick\u00e9 cestov\u00e1n\u00ed a jeho hlavn\u00ed z\u00e1sady\",\"datePublished\":\"2023-08-04T14:35:31+00:00\",\"dateModified\":\"2025-09-05T05:40:24+00:00\",\"mainEntityOfPage\":{\"@id\":\"https:\\\/\\\/regbu.com\\\/sv\\\/ekoresor-och-deras-huvudprinciper\\\/\"},\"wordCount\":464,\"image\":{\"@id\":\"https:\\\/\\\/regbu.com\\\/sv\\\/ekoresor-och-deras-huvudprinciper\\\/#primaryimage\"},\"thumbnailUrl\":\"https:\\\/\\\/regbu.com\\\/wp-content\\\/uploads\\\/2023\\\/08\\\/ekologicke-cestovani-a-jeho-hlavni-zasady.jpg\",\"keywords\":[\"bezobalov\u00e1 kosmetika\",\"cestov\u00e1n\u00ed\",\"doprava\",\"ekologick\u00e9 cestov\u00e1n\u00ed\",\"ekologie\",\"kel\u00edmek\",\"kosmetika\",\"l\u00e1hev\",\"mhd\",\"p\u00edtka\",\"p\u0159\u00edroda\",\"ve\u0159ejn\u00e1 doprava\"],\"articleSection\":[\"Cestov\u00e1n\u00ed\"],\"inLanguage\":\"sv-SE\"},{\"@type\":[\"WebPage\",\"FAQPage\"],\"@id\":\"https:\\\/\\\/regbu.com\\\/sv\\\/ekoresor-och-deras-huvudprinciper\\\/\",\"url\":\"https:\\\/\\\/regbu.com\\\/sv\\\/ekoresor-och-deras-huvudprinciper\\\/\",\"name\":\"Ekologick\u00e9 cestov\u00e1n\u00ed a jeho hlavn\u00ed z\u00e1sady - REGBU.COM\",\"isPartOf\":{\"@id\":\"https:\\\/\\\/regbu.com\\\/en\\\/#website\"},\"primaryImageOfPage\":{\"@id\":\"https:\\\/\\\/regbu.com\\\/sv\\\/ekoresor-och-deras-huvudprinciper\\\/#primaryimage\"},\"image\":{\"@id\":\"https:\\\/\\\/regbu.com\\\/sv\\\/ekoresor-och-deras-huvudprinciper\\\/#primaryimage\"},\"thumbnailUrl\":\"https:\\\/\\\/regbu.com\\\/wp-content\\\/uploads\\\/2023\\\/08\\\/ekologicke-cestovani-a-jeho-hlavni-zasady.jpg\",\"datePublished\":\"2023-08-04T14:35:31+00:00\",\"dateModified\":\"2025-09-05T05:40:24+00:00\",\"author\":{\"@id\":\"https:\\\/\\\/regbu.com\\\/en\\\/#\\\/schema\\\/person\\\/94ea9deda2629771b8a9ced002f6784e\"},\"description\":\"Poznejte ekologick\u00e9 cestov\u00e1n\u00ed do nejmen\u0161\u00edho detailu. Vydejte se touto cestou \u0161etrnou p\u0159edev\u0161\u00edm k \u017eivotn\u00edmu prost\u0159ed\u00ed.\",\"breadcrumb\":{\"@id\":\"https:\\\/\\\/regbu.com\\\/sv\\\/ekoresor-och-deras-huvudprinciper\\\/#breadcrumb\"},\"mainEntity\":[{\"@id\":\"https:\\\/\\\/regbu.com\\\/sv\\\/ekoresor-och-deras-huvudprinciper\\\/#faq-question-1691418775858\"},{\"@id\":\"https:\\\/\\\/regbu.com\\\/sv\\\/ekoresor-och-deras-huvudprinciper\\\/#faq-question-1691418784775\"},{\"@id\":\"https:\\\/\\\/regbu.com\\\/sv\\\/ekoresor-och-deras-huvudprinciper\\\/#faq-question-1691418792613\"},{\"@id\":\"https:\\\/\\\/regbu.com\\\/sv\\\/ekoresor-och-deras-huvudprinciper\\\/#faq-question-1691418801847\"},{\"@id\":\"https:\\\/\\\/regbu.com\\\/sv\\\/ekoresor-och-deras-huvudprinciper\\\/#faq-question-1691418809527\"}],\"inLanguage\":\"sv-SE\",\"potentialAction\":[{\"@type\":\"ReadAction\",\"target\":[\"https:\\\/\\\/regbu.com\\\/sv\\\/ekoresor-och-deras-huvudprinciper\\\/\"]}]},{\"@type\":\"ImageObject\",\"inLanguage\":\"sv-SE\",\"@id\":\"https:\\\/\\\/regbu.com\\\/sv\\\/ekoresor-och-deras-huvudprinciper\\\/#primaryimage\",\"url\":\"https:\\\/\\\/regbu.com\\\/wp-content\\\/uploads\\\/2023\\\/08\\\/ekologicke-cestovani-a-jeho-hlavni-zasady.jpg\",\"contentUrl\":\"https:\\\/\\\/regbu.com\\\/wp-content\\\/uploads\\\/2023\\\/08\\\/ekologicke-cestovani-a-jeho-hlavni-zasady.jpg\",\"width\":1200,\"height\":677,\"caption\":\"Ekologick\u00e9 cestov\u00e1n\u00ed a jeho hlavn\u00ed z\u00e1sady\"},{\"@type\":\"BreadcrumbList\",\"@id\":\"https:\\\/\\\/regbu.com\\\/sv\\\/ekoresor-och-deras-huvudprinciper\\\/#breadcrumb\",\"itemListElement\":[{\"@type\":\"ListItem\",\"position\":1,\"name\":\"Home\",\"item\":\"https:\\\/\\\/regbu.com\\\/en\\\/\"},{\"@type\":\"ListItem\",\"position\":2,\"name\":\"Ekologick\u00e9 cestov\u00e1n\u00ed a jeho hlavn\u00ed z\u00e1sady\"}]},{\"@type\":\"WebSite\",\"@id\":\"https:\\\/\\\/regbu.com\\\/en\\\/#website\",\"url\":\"https:\\\/\\\/regbu.com\\\/en\\\/\",\"name\":\"REGBU.COM\",\"description\":\"\",\"potentialAction\":[{\"@type\":\"SearchAction\",\"target\":{\"@type\":\"EntryPoint\",\"urlTemplate\":\"https:\\\/\\\/regbu.com\\\/en\\\/?s={search_term_string}\"},\"query-input\":{\"@type\":\"PropertyValueSpecification\",\"valueRequired\":true,\"valueName\":\"search_term_string\"}}],\"inLanguage\":\"sv-SE\"},{\"@type\":\"Person\",\"@id\":\"https:\\\/\\\/regbu.com\\\/en\\\/#\\\/schema\\\/person\\\/94ea9deda2629771b8a9ced002f6784e\",\"name\":\"George Martin\",\"url\":\"https:\\\/\\\/regbu.com\\\/sv\\\/author\\\/george-martin\\\/\"},{\"@type\":\"Question\",\"@id\":\"https:\\\/\\\/regbu.com\\\/sv\\\/ekoresor-och-deras-huvudprinciper\\\/#faq-question-1691418775858\",\"position\":1,\"url\":\"https:\\\/\\\/regbu.com\\\/sv\\\/ekoresor-och-deras-huvudprinciper\\\/#faq-question-1691418775858\",\"name\":\"Jak vypad\u00e1 bezobalov\u00e1 kosmetika?\",\"answerCount\":1,\"acceptedAnswer\":{\"@type\":\"Answer\",\"text\":\"Jedn\u00e1 se nap\u0159\u00edklad o tuh\u00e9 \u0161ampony. V podobn\u00e9m duchu se vyr\u00e1b\u00ed i kr\u00e9my na ruce a t\u011blov\u00e1 ml\u00e9ka.\",\"inLanguage\":\"sv-SE\"},\"inLanguage\":\"sv-SE\"},{\"@type\":\"Question\",\"@id\":\"https:\\\/\\\/regbu.com\\\/sv\\\/ekoresor-och-deras-huvudprinciper\\\/#faq-question-1691418784775\",\"position\":2,\"url\":\"https:\\\/\\\/regbu.com\\\/sv\\\/ekoresor-och-deras-huvudprinciper\\\/#faq-question-1691418784775\",\"name\":\"V \u010dem je v\u00fdjime\u010dn\u00e1 bezobalov\u00e1 kosmetika?\",\"answerCount\":1,\"acceptedAnswer\":{\"@type\":\"Answer\",\"text\":\"Jej\u00ed ekologick\u00e9 kouzlo spo\u010d\u00edv\u00e1 v tom, \u017ee neobsahuje \u017e\u00e1dn\u00fd plastov\u00fd obal.\",\"inLanguage\":\"sv-SE\"},\"inLanguage\":\"sv-SE\"},{\"@type\":\"Question\",\"@id\":\"https:\\\/\\\/regbu.com\\\/sv\\\/ekoresor-och-deras-huvudprinciper\\\/#faq-question-1691418792613\",\"position\":3,\"url\":\"https:\\\/\\\/regbu.com\\\/sv\\\/ekoresor-och-deras-huvudprinciper\\\/#faq-question-1691418792613\",\"name\":\"Co mohou pro ekologick\u00e9 cestov\u00e1n\u00ed ud\u011blat milovn\u00edci k\u00e1vy?\",\"answerCount\":1,\"acceptedAnswer\":{\"@type\":\"Answer\",\"text\":\"Cestujte se sv\u00fdm vlastn\u00edm speci\u00e1ln\u00edm kel\u00edmkem na k\u00e1vu. Budete \u0161et\u0159it p\u0159\u00edrodu a napln\u011bn\u00fd kel\u00edmek snadno ulo\u017e\u00edte do zavazadla.\",\"inLanguage\":\"sv-SE\"},\"inLanguage\":\"sv-SE\"},{\"@type\":\"Question\",\"@id\":\"https:\\\/\\\/regbu.com\\\/sv\\\/ekoresor-och-deras-huvudprinciper\\\/#faq-question-1691418801847\",\"position\":4,\"url\":\"https:\\\/\\\/regbu.com\\\/sv\\\/ekoresor-och-deras-huvudprinciper\\\/#faq-question-1691418801847\",\"name\":\"Jak je to s ekologick\u00fdm pit\u00edm na cest\u00e1ch?\",\"answerCount\":1,\"acceptedAnswer\":{\"@type\":\"Answer\",\"text\":\"Zapome\u0148te na n\u00e1kupy plastov\u00fdch l\u00e1hv\u00ed. Vozte si svou vlastn\u00ed l\u00e1hev, kterou si pravideln\u011b dopl\u0148ujte. \u0160etrn\u00fdm \u0159e\u0161en\u00edm z pohledu p\u0159\u00edstupu k p\u0159\u00edrod\u011b jsou tak\u00e9 p\u00edtka ve velk\u00fdch m\u011bstech.\",\"inLanguage\":\"sv-SE\"},\"inLanguage\":\"sv-SE\"},{\"@type\":\"Question\",\"@id\":\"https:\\\/\\\/regbu.com\\\/sv\\\/ekoresor-och-deras-huvudprinciper\\\/#faq-question-1691418809527\",\"position\":5,\"url\":\"https:\\\/\\\/regbu.com\\\/sv\\\/ekoresor-och-deras-huvudprinciper\\\/#faq-question-1691418809527\",\"name\":\"Co dal\u0161\u00edho pat\u0159\u00ed k ekologick\u00e9mu cestov\u00e1n\u00ed?\",\"answerCount\":1,\"acceptedAnswer\":{\"@type\":\"Answer\",\"text\":\"Je to nap\u0159\u00edklad podpora m\u00edstn\u00edch prodejc\u016f na trz\u00edch. Oprost\u011bte se od supermarket\u016f a rad\u011bji volte udr\u017eitelnost, originalitu a pozitivn\u00ed p\u0159\u00edstup k p\u0159\u00edrod\u011b.\",\"inLanguage\":\"sv-SE\"},\"inLanguage\":\"sv-SE\"}]}<\/script>\n<!-- \/ Yoast SEO plugin. -->","yoast_head_json":{"title":"Milj\u00f6v\u00e4nligt resande och dess viktigaste principer - REGBU.COM","description":"L\u00e4r k\u00e4nna milj\u00f6v\u00e4nligt resande in i minsta detalj. F\u00f6lj med p\u00e5 denna milj\u00f6v\u00e4nliga resa.","robots":{"index":"index","follow":"follow","max-snippet":"max-snippet:-1","max-image-preview":"max-image-preview:large","max-video-preview":"max-video-preview:-1"},"canonical":"https:\/\/regbu.com\/sv\/ekoresor-och-deras-huvudprinciper\/","og_locale":"sv_SE","og_type":"article","og_title":"Ekologick\u00e9 cestov\u00e1n\u00ed a jeho hlavn\u00ed z\u00e1sady - REGBU.COM","og_description":"Poznejte ekologick\u00e9 cestov\u00e1n\u00ed do nejmen\u0161\u00edho detailu. Vydejte se touto cestou \u0161etrnou p\u0159edev\u0161\u00edm k \u017eivotn\u00edmu prost\u0159ed\u00ed.","og_url":"https:\/\/regbu.com\/sv\/ekoresor-och-deras-huvudprinciper\/","og_site_name":"REGBU.COM","article_published_time":"2023-08-04T14:35:31+00:00","article_modified_time":"2025-09-05T05:40:24+00:00","og_image":[{"width":1200,"height":677,"url":"https:\/\/regbu.com\/wp-content\/uploads\/2023\/08\/ekologicke-cestovani-a-jeho-hlavni-zasady.jpg","type":"image\/jpeg"}],"author":"George Martin","twitter_card":"summary_large_image","twitter_misc":{"Skriven av":"George Martin","Ber\u00e4knad l\u00e4stid":"2 minuter"},"schema":{"@context":"https:\/\/schema.org","@graph":[{"@type":"Article","@id":"https:\/\/regbu.com\/sv\/ekoresor-och-deras-huvudprinciper\/#article","isPartOf":{"@id":"https:\/\/regbu.com\/sv\/ekoresor-och-deras-huvudprinciper\/"},"author":{"name":"George Martin","@id":"https:\/\/regbu.com\/en\/#\/schema\/person\/94ea9deda2629771b8a9ced002f6784e"},"headline":"Ekologick\u00e9 cestov\u00e1n\u00ed a jeho hlavn\u00ed z\u00e1sady","datePublished":"2023-08-04T14:35:31+00:00","dateModified":"2025-09-05T05:40:24+00:00","mainEntityOfPage":{"@id":"https:\/\/regbu.com\/sv\/ekoresor-och-deras-huvudprinciper\/"},"wordCount":464,"image":{"@id":"https:\/\/regbu.com\/sv\/ekoresor-och-deras-huvudprinciper\/#primaryimage"},"thumbnailUrl":"https:\/\/regbu.com\/wp-content\/uploads\/2023\/08\/ekologicke-cestovani-a-jeho-hlavni-zasady.jpg","keywords":["bezobalov\u00e1 kosmetika","cestov\u00e1n\u00ed","doprava","ekologick\u00e9 cestov\u00e1n\u00ed","ekologie","kel\u00edmek","kosmetika","l\u00e1hev","mhd","p\u00edtka","p\u0159\u00edroda","ve\u0159ejn\u00e1 doprava"],"articleSection":["Cestov\u00e1n\u00ed"],"inLanguage":"sv-SE"},{"@type":["WebPage","FAQPage"],"@id":"https:\/\/regbu.com\/sv\/ekoresor-och-deras-huvudprinciper\/","url":"https:\/\/regbu.com\/sv\/ekoresor-och-deras-huvudprinciper\/","name":"Milj\u00f6v\u00e4nligt resande och dess viktigaste principer - REGBU.COM","isPartOf":{"@id":"https:\/\/regbu.com\/en\/#website"},"primaryImageOfPage":{"@id":"https:\/\/regbu.com\/sv\/ekoresor-och-deras-huvudprinciper\/#primaryimage"},"image":{"@id":"https:\/\/regbu.com\/sv\/ekoresor-och-deras-huvudprinciper\/#primaryimage"},"thumbnailUrl":"https:\/\/regbu.com\/wp-content\/uploads\/2023\/08\/ekologicke-cestovani-a-jeho-hlavni-zasady.jpg","datePublished":"2023-08-04T14:35:31+00:00","dateModified":"2025-09-05T05:40:24+00:00","author":{"@id":"https:\/\/regbu.com\/en\/#\/schema\/person\/94ea9deda2629771b8a9ced002f6784e"},"description":"L\u00e4r k\u00e4nna milj\u00f6v\u00e4nligt resande in i minsta detalj. F\u00f6lj med p\u00e5 denna milj\u00f6v\u00e4nliga resa.","breadcrumb":{"@id":"https:\/\/regbu.com\/sv\/ekoresor-och-deras-huvudprinciper\/#breadcrumb"},"mainEntity":[{"@id":"https:\/\/regbu.com\/sv\/ekoresor-och-deras-huvudprinciper\/#faq-question-1691418775858"},{"@id":"https:\/\/regbu.com\/sv\/ekoresor-och-deras-huvudprinciper\/#faq-question-1691418784775"},{"@id":"https:\/\/regbu.com\/sv\/ekoresor-och-deras-huvudprinciper\/#faq-question-1691418792613"},{"@id":"https:\/\/regbu.com\/sv\/ekoresor-och-deras-huvudprinciper\/#faq-question-1691418801847"},{"@id":"https:\/\/regbu.com\/sv\/ekoresor-och-deras-huvudprinciper\/#faq-question-1691418809527"}],"inLanguage":"sv-SE","potentialAction":[{"@type":"ReadAction","target":["https:\/\/regbu.com\/sv\/ekoresor-och-deras-huvudprinciper\/"]}]},{"@type":"ImageObject","inLanguage":"sv-SE","@id":"https:\/\/regbu.com\/sv\/ekoresor-och-deras-huvudprinciper\/#primaryimage","url":"https:\/\/regbu.com\/wp-content\/uploads\/2023\/08\/ekologicke-cestovani-a-jeho-hlavni-zasady.jpg","contentUrl":"https:\/\/regbu.com\/wp-content\/uploads\/2023\/08\/ekologicke-cestovani-a-jeho-hlavni-zasady.jpg","width":1200,"height":677,"caption":"Ekologick\u00e9 cestov\u00e1n\u00ed a jeho hlavn\u00ed z\u00e1sady"},{"@type":"BreadcrumbList","@id":"https:\/\/regbu.com\/sv\/ekoresor-och-deras-huvudprinciper\/#breadcrumb","itemListElement":[{"@type":"ListItem","position":1,"name":"Home","item":"https:\/\/regbu.com\/en\/"},{"@type":"ListItem","position":2,"name":"Ekologick\u00e9 cestov\u00e1n\u00ed a jeho hlavn\u00ed z\u00e1sady"}]},{"@type":"WebSite","@id":"https:\/\/regbu.com\/en\/#website","url":"https:\/\/regbu.com\/en\/","name":"REGBU.COM","description":"","potentialAction":[{"@type":"SearchAction","target":{"@type":"EntryPoint","urlTemplate":"https:\/\/regbu.com\/en\/?s={search_term_string}"},"query-input":{"@type":"PropertyValueSpecification","valueRequired":true,"valueName":"search_term_string"}}],"inLanguage":"sv-SE"},{"@type":"Person","@id":"https:\/\/regbu.com\/en\/#\/schema\/person\/94ea9deda2629771b8a9ced002f6784e","name":"George Martin","url":"https:\/\/regbu.com\/sv\/author\/george-martin\/"},{"@type":"Question","@id":"https:\/\/regbu.com\/sv\/ekoresor-och-deras-huvudprinciper\/#faq-question-1691418775858","position":1,"url":"https:\/\/regbu.com\/sv\/ekoresor-och-deras-huvudprinciper\/#faq-question-1691418775858","name":"Hur ser f\u00f6rpackningsfri kosmetik ut?","answerCount":1,"acceptedAnswer":{"@type":"Answer","text":"Jedn\u00e1 se nap\u0159\u00edklad o tuh\u00e9 \u0161ampony. V podobn\u00e9m duchu se vyr\u00e1b\u00ed i kr\u00e9my na ruce a t\u011blov\u00e1 ml\u00e9ka.","inLanguage":"sv-SE"},"inLanguage":"sv-SE"},{"@type":"Question","@id":"https:\/\/regbu.com\/sv\/ekoresor-och-deras-huvudprinciper\/#faq-question-1691418784775","position":2,"url":"https:\/\/regbu.com\/sv\/ekoresor-och-deras-huvudprinciper\/#faq-question-1691418784775","name":"Vad \u00e4r det som g\u00f6r f\u00f6rpackningsfri kosmetika s\u00e5 speciell?","answerCount":1,"acceptedAnswer":{"@type":"Answer","text":"Jej\u00ed ekologick\u00e9 kouzlo spo\u010d\u00edv\u00e1 v tom, \u017ee neobsahuje \u017e\u00e1dn\u00fd plastov\u00fd obal.","inLanguage":"sv-SE"},"inLanguage":"sv-SE"},{"@type":"Question","@id":"https:\/\/regbu.com\/sv\/ekoresor-och-deras-huvudprinciper\/#faq-question-1691418792613","position":3,"url":"https:\/\/regbu.com\/sv\/ekoresor-och-deras-huvudprinciper\/#faq-question-1691418792613","name":"Vad kan kaffe\u00e4lskare g\u00f6ra f\u00f6r att resa milj\u00f6v\u00e4nligt?","answerCount":1,"acceptedAnswer":{"@type":"Answer","text":"Cestujte se sv\u00fdm vlastn\u00edm speci\u00e1ln\u00edm kel\u00edmkem na k\u00e1vu. Budete \u0161et\u0159it p\u0159\u00edrodu a napln\u011bn\u00fd kel\u00edmek snadno ulo\u017e\u00edte do zavazadla.","inLanguage":"sv-SE"},"inLanguage":"sv-SE"},{"@type":"Question","@id":"https:\/\/regbu.com\/sv\/ekoresor-och-deras-huvudprinciper\/#faq-question-1691418801847","position":4,"url":"https:\/\/regbu.com\/sv\/ekoresor-och-deras-huvudprinciper\/#faq-question-1691418801847","name":"Hur \u00e4r det med ekologiska drycker p\u00e5 spr\u00e5ng?","answerCount":1,"acceptedAnswer":{"@type":"Answer","text":"Zapome\u0148te na n\u00e1kupy plastov\u00fdch l\u00e1hv\u00ed. Vozte si svou vlastn\u00ed l\u00e1hev, kterou si pravideln\u011b dopl\u0148ujte. \u0160etrn\u00fdm \u0159e\u0161en\u00edm z pohledu p\u0159\u00edstupu k p\u0159\u00edrod\u011b jsou tak\u00e9 p\u00edtka ve velk\u00fdch m\u011bstech.","inLanguage":"sv-SE"},"inLanguage":"sv-SE"},{"@type":"Question","@id":"https:\/\/regbu.com\/sv\/ekoresor-och-deras-huvudprinciper\/#faq-question-1691418809527","position":5,"url":"https:\/\/regbu.com\/sv\/ekoresor-och-deras-huvudprinciper\/#faq-question-1691418809527","name":"Vad mer ing\u00e5r i milj\u00f6v\u00e4nligt resande?","answerCount":1,"acceptedAnswer":{"@type":"Answer","text":"Je to nap\u0159\u00edklad podpora m\u00edstn\u00edch prodejc\u016f na trz\u00edch. Oprost\u011bte se od supermarket\u016f a rad\u011bji volte udr\u017eitelnost, originalitu a pozitivn\u00ed p\u0159\u00edstup k p\u0159\u00edrod\u011b.","inLanguage":"sv-SE"},"inLanguage":"sv-SE"}]}},"_links":{"self":[{"href":"https:\/\/regbu.com\/sv\/wp-json\/wp\/v2\/posts\/1367","targetHints":{"allow":["GET"]}}],"collection":[{"href":"https:\/\/regbu.com\/sv\/wp-json\/wp\/v2\/posts"}],"about":[{"href":"https:\/\/regbu.com\/sv\/wp-json\/wp\/v2\/types\/post"}],"author":[{"embeddable":true,"href":"https:\/\/regbu.com\/sv\/wp-json\/wp\/v2\/users\/2"}],"replies":[{"embeddable":true,"href":"https:\/\/regbu.com\/sv\/wp-json\/wp\/v2\/comments?post=1367"}],"version-history":[{"count":2,"href":"https:\/\/regbu.com\/sv\/wp-json\/wp\/v2\/posts\/1367\/revisions"}],"predecessor-version":[{"id":1397,"href":"https:\/\/regbu.com\/sv\/wp-json\/wp\/v2\/posts\/1367\/revisions\/1397"}],"wp:featuredmedia":[{"embeddable":true,"href":"https:\/\/regbu.com\/sv\/wp-json\/wp\/v2\/media\/1368"}],"wp:attachment":[{"href":"https:\/\/regbu.com\/sv\/wp-json\/wp\/v2\/media?parent=1367"}],"wp:term":[{"taxonomy":"category","embeddable":true,"href":"https:\/\/regbu.com\/sv\/wp-json\/wp\/v2\/categories?post=1367"},{"taxonomy":"post_tag","embeddable":true,"href":"https:\/\/regbu.com\/sv\/wp-json\/wp\/v2\/tags?post=1367"}],"curies":[{"name":"wp","href":"https:\/\/api.w.org\/{rel}","templated":true}]}}