{"id":1330,"date":"2023-07-31T14:29:04","date_gmt":"2023-07-31T12:29:04","guid":{"rendered":"https:\/\/regbu.com\/?p=1330"},"modified":"2025-09-05T07:40:38","modified_gmt":"2025-09-05T05:40:38","slug":"bezecka-vesta-musi-odpovidat-vasim-potrebam","status":"publish","type":"post","link":"https:\/\/regbu.com\/sv\/kedjan-som-maste-matcha-dina-behov\/","title":{"rendered":"L\u00f6parv\u00e4sten m\u00e5ste matcha dina behov"},"content":{"rendered":"<p>L\u00f6parv\u00e4sten har under de senaste \u00e5ren blivit en viktig del f\u00f6r m\u00e5nga idrottare. Den \u00e4r en viktig del av utrustningen f\u00f6r en l\u00f6pare, precis som t.ex. <strong><a href=\"https:\/\/regbu.com\/sv\/loparskor-som-passar-for-handstilar-lopning\/\">L\u00f6parskor<\/a><\/strong>. Det h\u00e4r tillbeh\u00f6ret handlar inte om mode eller v\u00e4rme. Det beh\u00f6ver du verkligen inte n\u00e4r du springer. V\u00e4sten har en helt annan funktion.<\/p>\n\n\n\n<ul class=\"wp-block-list\">\n<li>Den blir en vattenreservoar<\/li>\n\n\n\n<li>Ger f\u00f6rvaringsutrymme<\/li>\n\n\n\n<li>Den spelar en praktisk roll<\/li>\n<\/ul>\n\n\n\n<p>Tack vare l\u00f6parv\u00e4sten beh\u00f6ver du inte h\u00e5lla n\u00e5got i handen n\u00e4r du springer. \u00c4ven om du inte beh\u00f6ver s\u00e5 mycket n\u00e4r du springer kan du f\u00f6rvara alla viktiga saker i den, s\u00e4rskilt n\u00e4r det g\u00e4ller tillr\u00e4cklig v\u00e4tsketillf\u00f6rsel.<\/p>\n\n\n\n<h2 class=\"wp-block-heading\">L\u00f6parv\u00e4st och dess kapacitet<\/h2>\n\n\n\n<p>Ja, n\u00e4r du v\u00e4ljer sportkl\u00e4der ska du se till att du v\u00e4ljer r\u00e4tt storlek. En l\u00f6parv\u00e4st kr\u00e4ver dock ett lite annorlunda tillv\u00e4gag\u00e5ngss\u00e4tt. Fokusera p\u00e5 hur stor den kommer att vara <strong>kapacitet f\u00f6r vatten<\/strong>. Denna parameter beror p\u00e5 l\u00e4ngden p\u00e5 den ordinarie k\u00f6rningen.<\/p>\n\n\n\n<figure class=\"wp-block-table\"><table><tbody><tr><td><strong>Kapacitet hos v\u00e4sten<\/strong><\/td><td><strong>L\u00f6ptidens l\u00e4ngd<\/strong><\/td><\/tr><tr><td>2 l<\/td><td>1 till 2 timmar<\/td><\/tr><tr><td>2 till 5 l<\/td><td>3 till 4 timmar<\/td><\/tr><tr><td>4 till 11 l<\/td><td>4 till 6 timmar<\/td><\/tr><tr><td>6 till 15 l<\/td><td>Mer \u00e4n 6 timmar<\/td><\/tr><\/tbody><\/table><figcaption class=\"wp-element-caption\">Vilken kapacitet p\u00e5 v\u00e4sten beh\u00f6ver du beroende p\u00e5 l\u00e4ngden p\u00e5 banan?<\/figcaption><\/figure>\n\n\n\n<p>L\u00f6parv\u00e4sten med v\u00e4tskesystem inneh\u00e5ller en speciell p\u00e5se som sitter p\u00e5 ryggen. En slang med munstycke leder fr\u00e5n den till framsidan. Under l\u00f6prundan kan du dricka snabbt och enkelt utan att beh\u00f6va stanna.<\/p>\n\n\n\n<h3 class=\"wp-block-heading\">Andra parametrar f\u00f6r l\u00f6parv\u00e4sten<\/h3>\n\n\n\n<p>Hydrovac \u00e4r inte det enda s\u00e4ttet att transportera vatten genom v\u00e4sten. Det finns modeller av v\u00e4star som \u00e4r utformade f\u00f6r dricksflaskor placerade i fronten. Det specifika valet \u00e4r d\u00e4rf\u00f6r upp till dig, \u00e4ven med h\u00e4nsyn till typen av l\u00f6plopp. Sanningen \u00e4r dock fortfarande att <strong>speciella hydrovacs p\u00e5 baksidan<\/strong> kan h\u00e5lla mer vatten.<\/p>\n\n\n\n<p>Alla l\u00f6pare vill ha maximal komfort n\u00e4r de springer, och det g\u00e4ller \u00e4ven f\u00f6r en l\u00f6parv\u00e4st. V\u00e4lj en passform som inte tynger ner dig, oavsett om det g\u00e4ller v\u00e4stens storlek, remmarnas bredd, plastknapparna etc. V\u00e4sten ska vara precis lagom stor s\u00e5 att den inte begr\u00e4nsar dig p\u00e5 n\u00e5got s\u00e4tt och sitter perfekt n\u00e4r du springer. Det \u00e4r inte \u00f6nskv\u00e4rt att v\u00e4sten sviktar eller studsar. <em>Ideal \u00e4r ett snitt direkt p\u00e5 kroppen<\/em>.<\/p>","protected":false},"excerpt":{"rendered":"<p>L\u00f6parv\u00e4sten har under de senaste \u00e5ren blivit en integrerad del av m\u00e5nga idrottares tr\u00e4ning. Den \u00e4r en viktig del av utrustningen f\u00f6r en l\u00f6pare, precis som l\u00f6parskor. Denna accessoar handlar inte om mode eller v\u00e4rme. Det beh\u00f6ver du verkligen inte n\u00e4r du springer. V\u00e4sten fyller en helt annan funktion. Med en l\u00f6parv\u00e4st beh\u00f6ver du inte b\u00e4ra n\u00e5got i handen n\u00e4r du springer. I ... <\/p>","protected":false},"author":2,"featured_media":1331,"comment_status":"closed","ping_status":"closed","sticky":false,"template":"","format":"standard","meta":{"footnotes":""},"categories":[9],"tags":[847,846,1580,1583,1581,1582,911,1584,1018,812],"class_list":["post-1330","post","type-post","status-publish","format-standard","has-post-thumbnail","hentry","category-sport","tag-beh","tag-behani","tag-bezecka-vesta","tag-hydrovak","tag-kapacita","tag-kapacita-vesty","tag-lahev","tag-tekutina","tag-vesta","tag-voda"],"yoast_head":"<!-- This site is optimized with the Yoast SEO plugin v27.5 - https:\/\/yoast.com\/product\/yoast-seo-wordpress\/ -->\n<title>B\u011b\u017eeck\u00e1 vesta mus\u00ed odpov\u00eddat Va\u0161im pot\u0159eb\u00e1m - REGBU.COM<\/title>\n<meta name=\"description\" content=\"B\u011b\u017eeck\u00e1 vesta se stane praktick\u00fdm dopl\u0148kem pro V\u00e1\u0161 ka\u017edodenn\u00ed b\u011bh. Zjist\u011bte, jak\u00e9 m\u00e1te mo\u017enosti p\u0159i jej\u00edm v\u00fdb\u011bru.\" \/>\n<meta name=\"robots\" content=\"index, follow, max-snippet:-1, max-image-preview:large, max-video-preview:-1\" \/>\n<link rel=\"canonical\" href=\"https:\/\/regbu.com\/sv\/kedjan-som-maste-matcha-dina-behov\/\" \/>\n<meta property=\"og:locale\" content=\"sv_SE\" \/>\n<meta property=\"og:type\" content=\"article\" \/>\n<meta property=\"og:title\" content=\"B\u011b\u017eeck\u00e1 vesta mus\u00ed odpov\u00eddat Va\u0161im pot\u0159eb\u00e1m - REGBU.COM\" \/>\n<meta property=\"og:description\" content=\"B\u011b\u017eeck\u00e1 vesta se stane praktick\u00fdm dopl\u0148kem pro V\u00e1\u0161 ka\u017edodenn\u00ed b\u011bh. Zjist\u011bte, jak\u00e9 m\u00e1te mo\u017enosti p\u0159i jej\u00edm v\u00fdb\u011bru.\" \/>\n<meta property=\"og:url\" content=\"https:\/\/regbu.com\/sv\/kedjan-som-maste-matcha-dina-behov\/\" \/>\n<meta property=\"og:site_name\" content=\"REGBU.COM\" \/>\n<meta property=\"article:published_time\" content=\"2023-07-31T12:29:04+00:00\" \/>\n<meta property=\"article:modified_time\" content=\"2025-09-05T05:40:38+00:00\" \/>\n<meta property=\"og:image\" content=\"https:\/\/regbu.com\/wp-content\/uploads\/2023\/07\/bezecka-vesta-musi-odpovidat-vasim-potrebam.jpg\" \/>\n\t<meta property=\"og:image:width\" content=\"1200\" \/>\n\t<meta property=\"og:image:height\" content=\"675\" \/>\n\t<meta property=\"og:image:type\" content=\"image\/jpeg\" \/>\n<meta name=\"author\" content=\"George Martin\" \/>\n<meta name=\"twitter:card\" content=\"summary_large_image\" \/>\n<meta name=\"twitter:label1\" content=\"Skriven av\" \/>\n\t<meta name=\"twitter:data1\" content=\"George Martin\" \/>\n\t<meta name=\"twitter:label2\" content=\"Ber\u00e4knad l\u00e4stid\" \/>\n\t<meta name=\"twitter:data2\" content=\"2 minuter\" \/>\n<script type=\"application\/ld+json\" class=\"yoast-schema-graph\">{\"@context\":\"https:\\\/\\\/schema.org\",\"@graph\":[{\"@type\":\"Article\",\"@id\":\"https:\\\/\\\/regbu.com\\\/sv\\\/kedjan-som-maste-matcha-dina-behov\\\/#article\",\"isPartOf\":{\"@id\":\"https:\\\/\\\/regbu.com\\\/sv\\\/kedjan-som-maste-matcha-dina-behov\\\/\"},\"author\":{\"name\":\"George Martin\",\"@id\":\"https:\\\/\\\/regbu.com\\\/en\\\/#\\\/schema\\\/person\\\/94ea9deda2629771b8a9ced002f6784e\"},\"headline\":\"B\u011b\u017eeck\u00e1 vesta mus\u00ed odpov\u00eddat Va\u0161im pot\u0159eb\u00e1m\",\"datePublished\":\"2023-07-31T12:29:04+00:00\",\"dateModified\":\"2025-09-05T05:40:38+00:00\",\"mainEntityOfPage\":{\"@id\":\"https:\\\/\\\/regbu.com\\\/sv\\\/kedjan-som-maste-matcha-dina-behov\\\/\"},\"wordCount\":461,\"image\":{\"@id\":\"https:\\\/\\\/regbu.com\\\/sv\\\/kedjan-som-maste-matcha-dina-behov\\\/#primaryimage\"},\"thumbnailUrl\":\"https:\\\/\\\/regbu.com\\\/wp-content\\\/uploads\\\/2023\\\/07\\\/bezecka-vesta-musi-odpovidat-vasim-potrebam.jpg\",\"keywords\":[\"b\u011bh\",\"b\u011bh\u00e1n\u00ed\",\"b\u011b\u017eeck\u00e1 vesta\",\"hydrovak\",\"kapacita\",\"kapacita vesty\",\"l\u00e1hev\",\"tekutina\",\"vesta\",\"voda\"],\"articleSection\":[\"Sport\"],\"inLanguage\":\"sv-SE\"},{\"@type\":\"WebPage\",\"@id\":\"https:\\\/\\\/regbu.com\\\/sv\\\/kedjan-som-maste-matcha-dina-behov\\\/\",\"url\":\"https:\\\/\\\/regbu.com\\\/sv\\\/kedjan-som-maste-matcha-dina-behov\\\/\",\"name\":\"B\u011b\u017eeck\u00e1 vesta mus\u00ed odpov\u00eddat Va\u0161im pot\u0159eb\u00e1m - REGBU.COM\",\"isPartOf\":{\"@id\":\"https:\\\/\\\/regbu.com\\\/en\\\/#website\"},\"primaryImageOfPage\":{\"@id\":\"https:\\\/\\\/regbu.com\\\/sv\\\/kedjan-som-maste-matcha-dina-behov\\\/#primaryimage\"},\"image\":{\"@id\":\"https:\\\/\\\/regbu.com\\\/sv\\\/kedjan-som-maste-matcha-dina-behov\\\/#primaryimage\"},\"thumbnailUrl\":\"https:\\\/\\\/regbu.com\\\/wp-content\\\/uploads\\\/2023\\\/07\\\/bezecka-vesta-musi-odpovidat-vasim-potrebam.jpg\",\"datePublished\":\"2023-07-31T12:29:04+00:00\",\"dateModified\":\"2025-09-05T05:40:38+00:00\",\"author\":{\"@id\":\"https:\\\/\\\/regbu.com\\\/en\\\/#\\\/schema\\\/person\\\/94ea9deda2629771b8a9ced002f6784e\"},\"description\":\"B\u011b\u017eeck\u00e1 vesta se stane praktick\u00fdm dopl\u0148kem pro V\u00e1\u0161 ka\u017edodenn\u00ed b\u011bh. Zjist\u011bte, jak\u00e9 m\u00e1te mo\u017enosti p\u0159i jej\u00edm v\u00fdb\u011bru.\",\"breadcrumb\":{\"@id\":\"https:\\\/\\\/regbu.com\\\/sv\\\/kedjan-som-maste-matcha-dina-behov\\\/#breadcrumb\"},\"inLanguage\":\"sv-SE\",\"potentialAction\":[{\"@type\":\"ReadAction\",\"target\":[\"https:\\\/\\\/regbu.com\\\/sv\\\/kedjan-som-maste-matcha-dina-behov\\\/\"]}]},{\"@type\":\"ImageObject\",\"inLanguage\":\"sv-SE\",\"@id\":\"https:\\\/\\\/regbu.com\\\/sv\\\/kedjan-som-maste-matcha-dina-behov\\\/#primaryimage\",\"url\":\"https:\\\/\\\/regbu.com\\\/wp-content\\\/uploads\\\/2023\\\/07\\\/bezecka-vesta-musi-odpovidat-vasim-potrebam.jpg\",\"contentUrl\":\"https:\\\/\\\/regbu.com\\\/wp-content\\\/uploads\\\/2023\\\/07\\\/bezecka-vesta-musi-odpovidat-vasim-potrebam.jpg\",\"width\":1200,\"height\":675,\"caption\":\"B\u011b\u017eeck\u00e1 vesta mus\u00ed odpov\u00eddat Va\u0161im pot\u0159eb\u00e1m\"},{\"@type\":\"BreadcrumbList\",\"@id\":\"https:\\\/\\\/regbu.com\\\/sv\\\/kedjan-som-maste-matcha-dina-behov\\\/#breadcrumb\",\"itemListElement\":[{\"@type\":\"ListItem\",\"position\":1,\"name\":\"Home\",\"item\":\"https:\\\/\\\/regbu.com\\\/en\\\/\"},{\"@type\":\"ListItem\",\"position\":2,\"name\":\"B\u011b\u017eeck\u00e1 vesta mus\u00ed odpov\u00eddat Va\u0161im pot\u0159eb\u00e1m\"}]},{\"@type\":\"WebSite\",\"@id\":\"https:\\\/\\\/regbu.com\\\/en\\\/#website\",\"url\":\"https:\\\/\\\/regbu.com\\\/en\\\/\",\"name\":\"REGBU.COM\",\"description\":\"\",\"potentialAction\":[{\"@type\":\"SearchAction\",\"target\":{\"@type\":\"EntryPoint\",\"urlTemplate\":\"https:\\\/\\\/regbu.com\\\/en\\\/?s={search_term_string}\"},\"query-input\":{\"@type\":\"PropertyValueSpecification\",\"valueRequired\":true,\"valueName\":\"search_term_string\"}}],\"inLanguage\":\"sv-SE\"},{\"@type\":\"Person\",\"@id\":\"https:\\\/\\\/regbu.com\\\/en\\\/#\\\/schema\\\/person\\\/94ea9deda2629771b8a9ced002f6784e\",\"name\":\"George Martin\",\"url\":\"https:\\\/\\\/regbu.com\\\/sv\\\/author\\\/george-martin\\\/\"}]}<\/script>\n<!-- \/ Yoast SEO plugin. -->","yoast_head_json":{"title":"L\u00f6parv\u00e4sten m\u00e5ste passa dina behov - REGBU.COM","description":"L\u00f6parv\u00e4sten kommer att bli ett praktiskt tillbeh\u00f6r f\u00f6r din dagliga l\u00f6prunda. Ta reda p\u00e5 vilka alternativ du har n\u00e4r du v\u00e4ljer en.","robots":{"index":"index","follow":"follow","max-snippet":"max-snippet:-1","max-image-preview":"max-image-preview:large","max-video-preview":"max-video-preview:-1"},"canonical":"https:\/\/regbu.com\/sv\/kedjan-som-maste-matcha-dina-behov\/","og_locale":"sv_SE","og_type":"article","og_title":"B\u011b\u017eeck\u00e1 vesta mus\u00ed odpov\u00eddat Va\u0161im pot\u0159eb\u00e1m - REGBU.COM","og_description":"B\u011b\u017eeck\u00e1 vesta se stane praktick\u00fdm dopl\u0148kem pro V\u00e1\u0161 ka\u017edodenn\u00ed b\u011bh. Zjist\u011bte, jak\u00e9 m\u00e1te mo\u017enosti p\u0159i jej\u00edm v\u00fdb\u011bru.","og_url":"https:\/\/regbu.com\/sv\/kedjan-som-maste-matcha-dina-behov\/","og_site_name":"REGBU.COM","article_published_time":"2023-07-31T12:29:04+00:00","article_modified_time":"2025-09-05T05:40:38+00:00","og_image":[{"width":1200,"height":675,"url":"https:\/\/regbu.com\/wp-content\/uploads\/2023\/07\/bezecka-vesta-musi-odpovidat-vasim-potrebam.jpg","type":"image\/jpeg"}],"author":"George Martin","twitter_card":"summary_large_image","twitter_misc":{"Skriven av":"George Martin","Ber\u00e4knad l\u00e4stid":"2 minuter"},"schema":{"@context":"https:\/\/schema.org","@graph":[{"@type":"Article","@id":"https:\/\/regbu.com\/sv\/kedjan-som-maste-matcha-dina-behov\/#article","isPartOf":{"@id":"https:\/\/regbu.com\/sv\/kedjan-som-maste-matcha-dina-behov\/"},"author":{"name":"George Martin","@id":"https:\/\/regbu.com\/en\/#\/schema\/person\/94ea9deda2629771b8a9ced002f6784e"},"headline":"B\u011b\u017eeck\u00e1 vesta mus\u00ed odpov\u00eddat Va\u0161im pot\u0159eb\u00e1m","datePublished":"2023-07-31T12:29:04+00:00","dateModified":"2025-09-05T05:40:38+00:00","mainEntityOfPage":{"@id":"https:\/\/regbu.com\/sv\/kedjan-som-maste-matcha-dina-behov\/"},"wordCount":461,"image":{"@id":"https:\/\/regbu.com\/sv\/kedjan-som-maste-matcha-dina-behov\/#primaryimage"},"thumbnailUrl":"https:\/\/regbu.com\/wp-content\/uploads\/2023\/07\/bezecka-vesta-musi-odpovidat-vasim-potrebam.jpg","keywords":["b\u011bh","b\u011bh\u00e1n\u00ed","b\u011b\u017eeck\u00e1 vesta","hydrovak","kapacita","kapacita vesty","l\u00e1hev","tekutina","vesta","voda"],"articleSection":["Sport"],"inLanguage":"sv-SE"},{"@type":"WebPage","@id":"https:\/\/regbu.com\/sv\/kedjan-som-maste-matcha-dina-behov\/","url":"https:\/\/regbu.com\/sv\/kedjan-som-maste-matcha-dina-behov\/","name":"L\u00f6parv\u00e4sten m\u00e5ste passa dina behov - REGBU.COM","isPartOf":{"@id":"https:\/\/regbu.com\/en\/#website"},"primaryImageOfPage":{"@id":"https:\/\/regbu.com\/sv\/kedjan-som-maste-matcha-dina-behov\/#primaryimage"},"image":{"@id":"https:\/\/regbu.com\/sv\/kedjan-som-maste-matcha-dina-behov\/#primaryimage"},"thumbnailUrl":"https:\/\/regbu.com\/wp-content\/uploads\/2023\/07\/bezecka-vesta-musi-odpovidat-vasim-potrebam.jpg","datePublished":"2023-07-31T12:29:04+00:00","dateModified":"2025-09-05T05:40:38+00:00","author":{"@id":"https:\/\/regbu.com\/en\/#\/schema\/person\/94ea9deda2629771b8a9ced002f6784e"},"description":"L\u00f6parv\u00e4sten kommer att bli ett praktiskt tillbeh\u00f6r f\u00f6r din dagliga l\u00f6prunda. Ta reda p\u00e5 vilka alternativ du har n\u00e4r du v\u00e4ljer en.","breadcrumb":{"@id":"https:\/\/regbu.com\/sv\/kedjan-som-maste-matcha-dina-behov\/#breadcrumb"},"inLanguage":"sv-SE","potentialAction":[{"@type":"ReadAction","target":["https:\/\/regbu.com\/sv\/kedjan-som-maste-matcha-dina-behov\/"]}]},{"@type":"ImageObject","inLanguage":"sv-SE","@id":"https:\/\/regbu.com\/sv\/kedjan-som-maste-matcha-dina-behov\/#primaryimage","url":"https:\/\/regbu.com\/wp-content\/uploads\/2023\/07\/bezecka-vesta-musi-odpovidat-vasim-potrebam.jpg","contentUrl":"https:\/\/regbu.com\/wp-content\/uploads\/2023\/07\/bezecka-vesta-musi-odpovidat-vasim-potrebam.jpg","width":1200,"height":675,"caption":"B\u011b\u017eeck\u00e1 vesta mus\u00ed odpov\u00eddat Va\u0161im pot\u0159eb\u00e1m"},{"@type":"BreadcrumbList","@id":"https:\/\/regbu.com\/sv\/kedjan-som-maste-matcha-dina-behov\/#breadcrumb","itemListElement":[{"@type":"ListItem","position":1,"name":"Home","item":"https:\/\/regbu.com\/en\/"},{"@type":"ListItem","position":2,"name":"B\u011b\u017eeck\u00e1 vesta mus\u00ed odpov\u00eddat Va\u0161im pot\u0159eb\u00e1m"}]},{"@type":"WebSite","@id":"https:\/\/regbu.com\/en\/#website","url":"https:\/\/regbu.com\/en\/","name":"REGBU.COM","description":"","potentialAction":[{"@type":"SearchAction","target":{"@type":"EntryPoint","urlTemplate":"https:\/\/regbu.com\/en\/?s={search_term_string}"},"query-input":{"@type":"PropertyValueSpecification","valueRequired":true,"valueName":"search_term_string"}}],"inLanguage":"sv-SE"},{"@type":"Person","@id":"https:\/\/regbu.com\/en\/#\/schema\/person\/94ea9deda2629771b8a9ced002f6784e","name":"George Martin","url":"https:\/\/regbu.com\/sv\/author\/george-martin\/"}]}},"_links":{"self":[{"href":"https:\/\/regbu.com\/sv\/wp-json\/wp\/v2\/posts\/1330","targetHints":{"allow":["GET"]}}],"collection":[{"href":"https:\/\/regbu.com\/sv\/wp-json\/wp\/v2\/posts"}],"about":[{"href":"https:\/\/regbu.com\/sv\/wp-json\/wp\/v2\/types\/post"}],"author":[{"embeddable":true,"href":"https:\/\/regbu.com\/sv\/wp-json\/wp\/v2\/users\/2"}],"replies":[{"embeddable":true,"href":"https:\/\/regbu.com\/sv\/wp-json\/wp\/v2\/comments?post=1330"}],"version-history":[{"count":3,"href":"https:\/\/regbu.com\/sv\/wp-json\/wp\/v2\/posts\/1330\/revisions"}],"predecessor-version":[{"id":1355,"href":"https:\/\/regbu.com\/sv\/wp-json\/wp\/v2\/posts\/1330\/revisions\/1355"}],"wp:featuredmedia":[{"embeddable":true,"href":"https:\/\/regbu.com\/sv\/wp-json\/wp\/v2\/media\/1331"}],"wp:attachment":[{"href":"https:\/\/regbu.com\/sv\/wp-json\/wp\/v2\/media?parent=1330"}],"wp:term":[{"taxonomy":"category","embeddable":true,"href":"https:\/\/regbu.com\/sv\/wp-json\/wp\/v2\/categories?post=1330"},{"taxonomy":"post_tag","embeddable":true,"href":"https:\/\/regbu.com\/sv\/wp-json\/wp\/v2\/tags?post=1330"}],"curies":[{"name":"wp","href":"https:\/\/api.w.org\/{rel}","templated":true}]}}