{"id":1303,"date":"2023-07-28T17:41:11","date_gmt":"2023-07-28T15:41:11","guid":{"rendered":"https:\/\/regbu.com\/?p=1303"},"modified":"2025-09-05T07:40:39","modified_gmt":"2025-09-05T05:40:39","slug":"funkcni-pradlo-plni-svoji-roli-hlavne-pri-sportu","status":"publish","type":"post","link":"https:\/\/regbu.com\/sv\/funktionella-klader-som-fullgor-sin-roll-huvudsakligen-for-sport\/","title":{"rendered":"Funktionsunderkl\u00e4der fyller sin funktion, s\u00e4rskilt inom sport"},"content":{"rendered":"<p>Funktionsunderkl\u00e4der \u00e4r ett av de viktigaste ytterplaggen som fr\u00e4mst anv\u00e4nds inom sport. Det kan se ut p\u00e5 olika s\u00e4tt - <strong><a href=\"https:\/\/regbu.com\/sv\/herrklader-tricks-ar-rikligt-gillade\/\">herrskjorta<\/a><\/strong>en l\u00e5ng\u00e4rmad skjorta och ett linne. Till skillnad fr\u00e5n traditionella kl\u00e4der har denna typ av underkl\u00e4der en viktig funktion. De transporterar bort svett fr\u00e5n kroppen eller till andra kl\u00e4dlager.<\/p>\n\n\n\n<ul class=\"wp-block-list\">\n<li>Under sportaktiviteter<\/li>\n\n\n\n<li>L\u00e4mplig f\u00f6r naturvandringar<\/li>\n\n\n\n<li>F\u00f6r fritidskl\u00e4der<\/li>\n<\/ul>\n\n\n\n<p>N\u00e4r det kommer till kritan kan du b\u00e4ra funktionsunderkl\u00e4der var du vill. Kort sagt, <em>d\u00e4r du svettas \u00f6verdrivet mycket<\/em> och ett s\u00e5dant kl\u00e4desplagg kommer att bidra till din allm\u00e4nna komfort.<\/p>\n\n\n\n<h2 class=\"wp-block-heading\">Design av funktionella underkl\u00e4der<\/h2>\n\n\n\n<p>Med funktionella underkl\u00e4der m\u00f6ter du inte bara specialproduktionsmaterial utan ocks\u00e5 sj\u00e4lva designen. N\u00e4r det g\u00e4ller funktionsprincipen \u00e4r det <strong>kroppsn\u00e4ra kl\u00e4der<\/strong>. I det h\u00e4r fallet fungerar det till hundra procent. F\u00f6rutom den klassiska t-shirten kan du \u00e4ven f\u00e5 andra ytterplagg som kommer i kontakt med m\u00e4nniskokroppen. Typiska exempel \u00e4r undertr\u00f6jor, sport-bh, briefs och funktionella herrboxershorts.<\/p>\n\n\n\n<h3 class=\"wp-block-heading\">Funktionsunderkl\u00e4der i detalj<\/h3>\n\n\n\n<p>Specifika funktionsunderkl\u00e4der v\u00e4ljs <strong>p\u00e5 grundval av den genomf\u00f6rda verksamheten<\/strong>. Oavsett om det \u00e4r snittet eller materialet som anv\u00e4nds. Skiktningen av sj\u00e4lva kl\u00e4derna \u00e4r ocks\u00e5 viktig. Kl\u00e4der passar inte bara f\u00f6r sommardagar utan ocks\u00e5 f\u00f6r vinterdagar. F\u00f6r att ta reda p\u00e5 mer, l\u00e4s f\u00f6ljande fr\u00e5gor och svar.<\/p>\n\n\n\n<div class=\"schema-faq wp-block-yoast-faq-block\"><div class=\"schema-faq-section\" id=\"faq-question-1690558687776\"><strong class=\"schema-faq-question\">Vilket lager ska det vara p\u00e5 funktionsunderkl\u00e4der?<\/strong> <p class=\"schema-faq-answer\">Logiskt sett \u00e4r det ett v\u00e4rmeisolerande lager som h\u00e5ller dig varm och skyddar dig mot kyla.<\/p> <\/div> <div class=\"schema-faq-section\" id=\"faq-question-1690558694989\"><strong class=\"schema-faq-question\">Vad s\u00e4gs om ett tredje lager kl\u00e4der?<\/strong> <p class=\"schema-faq-answer\">Ta p\u00e5 dig ett v\u00e4rmeisolerande lager som skyddar mot v\u00e4der och vind och fukt.<\/p> <\/div> <div class=\"schema-faq-section\" id=\"faq-question-1690558701441\"><strong class=\"schema-faq-question\">Vilka \u00e4r f\u00f6rdelarna med syntetiska material?<\/strong> <p class=\"schema-faq-answer\">De \u00e4r svettavvisande och torkar snabbt. Deras st\u00f6rsta charm ligger i att de snabbt transporterar bort svett fr\u00e5n kroppen och bibeh\u00e5ller en l\u00e4mplig temperatur.<\/p> <\/div> <div class=\"schema-faq-section\" id=\"faq-question-1690558708526\"><strong class=\"schema-faq-question\">Vad \u00e4r det som g\u00f6r att naturmaterial sticker ut?<\/strong> <p class=\"schema-faq-answer\">Dessa \u00e4r fr\u00e4mst f\u00f6rknippade med perfekt termoreglering. \u00c4ven n\u00e4r de \u00e4r bl\u00f6ta h\u00e5ller s\u00e5dana funktionsunderkl\u00e4der dig varm.<\/p> <\/div> <div class=\"schema-faq-section\" id=\"faq-question-1690558715778\"><strong class=\"schema-faq-question\">Hur tar man hand om funktionsunderkl\u00e4der?<\/strong> <p class=\"schema-faq-answer\">Tv\u00e4tta den regelbundet beroende p\u00e5 hur den anv\u00e4nds. Gl\u00f6m inte att temperaturen i tv\u00e4ttmaskinen inte b\u00f6r \u00f6verstiga 40 \u00b0C, eller v\u00e4lj ett s\u00e4rskilt och skonsamt tv\u00e4ttl\u00e4ge.<\/p> <\/div> <\/div>","protected":false},"excerpt":{"rendered":"<p>Funktionsunderkl\u00e4der \u00e4r ett av de viktigaste ytterplaggen som fr\u00e4mst anv\u00e4nds inom sport. De kan se ut p\u00e5 olika s\u00e4tt - som t-shirt f\u00f6r m\u00e4n, l\u00e5ng\u00e4rmad tr\u00f6ja eller linne. Till skillnad fr\u00e5n traditionella kl\u00e4der har denna typ av underkl\u00e4der en viktig uppgift. De transporterar bort svett fr\u00e5n kroppen eller till andra kl\u00e4dlager. N\u00e4r det kommer till kritan kan funktionella underkl\u00e4der ... <\/p>","protected":false},"author":2,"featured_media":1304,"comment_status":"closed","ping_status":"closed","sticky":false,"template":"","format":"standard","meta":{"footnotes":""},"categories":[671],"tags":[1574,1573,869,824,1577,761,1579,783,1575,1578,1576],"class_list":["post-1303","post","type-post","status-publish","format-standard","has-post-thumbnail","hentry","category-moda","tag-boxerky","tag-funkcni-pradlo","tag-material","tag-obleceni","tag-podvlikacky","tag-pradlo","tag-prirodni","tag-sport","tag-sportovni-podprsenka","tag-systeticky","tag-triko"],"yoast_head":"<!-- This site is optimized with the Yoast SEO plugin v27.5 - https:\/\/yoast.com\/product\/yoast-seo-wordpress\/ -->\n<title>Funk\u010dn\u00ed pr\u00e1dlo pln\u00ed svoji roli hlavn\u011b p\u0159i sportu - REGBU.COM<\/title>\n<meta name=\"description\" content=\"Funk\u010dn\u00ed pr\u00e1dlo je d\u016fle\u017eitou sou\u010d\u00e1st\u00ed jak\u00e9koliv pohybov\u00e9 aktivity. Oble\u010den\u00ed, kter\u00e9 odv\u00e1d\u00ed pot od t\u011bla a zvy\u0161uje komfort.\" \/>\n<meta name=\"robots\" content=\"index, follow, max-snippet:-1, max-image-preview:large, max-video-preview:-1\" \/>\n<link rel=\"canonical\" href=\"https:\/\/regbu.com\/sv\/funktionella-klader-som-fullgor-sin-roll-huvudsakligen-for-sport\/\" \/>\n<meta property=\"og:locale\" content=\"sv_SE\" \/>\n<meta property=\"og:type\" content=\"article\" \/>\n<meta property=\"og:title\" content=\"Funk\u010dn\u00ed pr\u00e1dlo pln\u00ed svoji roli hlavn\u011b p\u0159i sportu - REGBU.COM\" \/>\n<meta property=\"og:description\" content=\"Funk\u010dn\u00ed pr\u00e1dlo je d\u016fle\u017eitou sou\u010d\u00e1st\u00ed jak\u00e9koliv pohybov\u00e9 aktivity. Oble\u010den\u00ed, kter\u00e9 odv\u00e1d\u00ed pot od t\u011bla a zvy\u0161uje komfort.\" \/>\n<meta property=\"og:url\" content=\"https:\/\/regbu.com\/sv\/funktionella-klader-som-fullgor-sin-roll-huvudsakligen-for-sport\/\" \/>\n<meta property=\"og:site_name\" content=\"REGBU.COM\" \/>\n<meta property=\"article:published_time\" content=\"2023-07-28T15:41:11+00:00\" \/>\n<meta property=\"article:modified_time\" content=\"2025-09-05T05:40:39+00:00\" \/>\n<meta property=\"og:image\" content=\"https:\/\/regbu.com\/wp-content\/uploads\/2023\/07\/funkcni-pradlo-plni-svoji-roli-hlavne-pri-sportu.jpg\" \/>\n\t<meta property=\"og:image:width\" content=\"1200\" \/>\n\t<meta property=\"og:image:height\" content=\"675\" \/>\n\t<meta property=\"og:image:type\" content=\"image\/jpeg\" \/>\n<meta name=\"author\" content=\"George Martin\" \/>\n<meta name=\"twitter:card\" content=\"summary_large_image\" \/>\n<meta name=\"twitter:label1\" content=\"Skriven av\" \/>\n\t<meta name=\"twitter:data1\" content=\"George Martin\" \/>\n\t<meta name=\"twitter:label2\" content=\"Ber\u00e4knad l\u00e4stid\" \/>\n\t<meta name=\"twitter:data2\" content=\"2 minuter\" \/>\n<script type=\"application\/ld+json\" class=\"yoast-schema-graph\">{\"@context\":\"https:\\\/\\\/schema.org\",\"@graph\":[{\"@type\":\"Article\",\"@id\":\"https:\\\/\\\/regbu.com\\\/sv\\\/funktionella-klader-som-fullgor-sin-roll-huvudsakligen-for-sport\\\/#article\",\"isPartOf\":{\"@id\":\"https:\\\/\\\/regbu.com\\\/sv\\\/funktionella-klader-som-fullgor-sin-roll-huvudsakligen-for-sport\\\/\"},\"author\":{\"name\":\"George Martin\",\"@id\":\"https:\\\/\\\/regbu.com\\\/en\\\/#\\\/schema\\\/person\\\/94ea9deda2629771b8a9ced002f6784e\"},\"headline\":\"Funk\u010dn\u00ed pr\u00e1dlo pln\u00ed svoji roli hlavn\u011b p\u0159i sportu\",\"datePublished\":\"2023-07-28T15:41:11+00:00\",\"dateModified\":\"2025-09-05T05:40:39+00:00\",\"mainEntityOfPage\":{\"@id\":\"https:\\\/\\\/regbu.com\\\/sv\\\/funktionella-klader-som-fullgor-sin-roll-huvudsakligen-for-sport\\\/\"},\"wordCount\":491,\"image\":{\"@id\":\"https:\\\/\\\/regbu.com\\\/sv\\\/funktionella-klader-som-fullgor-sin-roll-huvudsakligen-for-sport\\\/#primaryimage\"},\"thumbnailUrl\":\"https:\\\/\\\/regbu.com\\\/wp-content\\\/uploads\\\/2023\\\/07\\\/funkcni-pradlo-plni-svoji-roli-hlavne-pri-sportu.jpg\",\"keywords\":[\"boxerky\",\"funk\u010dn\u00ed pr\u00e1dlo\",\"materi\u00e1l\",\"oble\u010den\u00ed\",\"podvl\u00edka\u010dky\",\"pr\u00e1dlo\",\"p\u0159\u00edrodn\u00ed\",\"sport\",\"sportovn\u00ed podprsenka\",\"systetick\u00fd\",\"triko\"],\"articleSection\":[\"M\u00f3da\"],\"inLanguage\":\"sv-SE\"},{\"@type\":[\"WebPage\",\"FAQPage\"],\"@id\":\"https:\\\/\\\/regbu.com\\\/sv\\\/funktionella-klader-som-fullgor-sin-roll-huvudsakligen-for-sport\\\/\",\"url\":\"https:\\\/\\\/regbu.com\\\/sv\\\/funktionella-klader-som-fullgor-sin-roll-huvudsakligen-for-sport\\\/\",\"name\":\"Funk\u010dn\u00ed pr\u00e1dlo pln\u00ed svoji roli hlavn\u011b p\u0159i sportu - REGBU.COM\",\"isPartOf\":{\"@id\":\"https:\\\/\\\/regbu.com\\\/en\\\/#website\"},\"primaryImageOfPage\":{\"@id\":\"https:\\\/\\\/regbu.com\\\/sv\\\/funktionella-klader-som-fullgor-sin-roll-huvudsakligen-for-sport\\\/#primaryimage\"},\"image\":{\"@id\":\"https:\\\/\\\/regbu.com\\\/sv\\\/funktionella-klader-som-fullgor-sin-roll-huvudsakligen-for-sport\\\/#primaryimage\"},\"thumbnailUrl\":\"https:\\\/\\\/regbu.com\\\/wp-content\\\/uploads\\\/2023\\\/07\\\/funkcni-pradlo-plni-svoji-roli-hlavne-pri-sportu.jpg\",\"datePublished\":\"2023-07-28T15:41:11+00:00\",\"dateModified\":\"2025-09-05T05:40:39+00:00\",\"author\":{\"@id\":\"https:\\\/\\\/regbu.com\\\/en\\\/#\\\/schema\\\/person\\\/94ea9deda2629771b8a9ced002f6784e\"},\"description\":\"Funk\u010dn\u00ed pr\u00e1dlo je d\u016fle\u017eitou sou\u010d\u00e1st\u00ed jak\u00e9koliv pohybov\u00e9 aktivity. Oble\u010den\u00ed, kter\u00e9 odv\u00e1d\u00ed pot od t\u011bla a zvy\u0161uje komfort.\",\"breadcrumb\":{\"@id\":\"https:\\\/\\\/regbu.com\\\/sv\\\/funktionella-klader-som-fullgor-sin-roll-huvudsakligen-for-sport\\\/#breadcrumb\"},\"mainEntity\":[{\"@id\":\"https:\\\/\\\/regbu.com\\\/sv\\\/funktionella-klader-som-fullgor-sin-roll-huvudsakligen-for-sport\\\/#faq-question-1690558687776\"},{\"@id\":\"https:\\\/\\\/regbu.com\\\/sv\\\/funktionella-klader-som-fullgor-sin-roll-huvudsakligen-for-sport\\\/#faq-question-1690558694989\"},{\"@id\":\"https:\\\/\\\/regbu.com\\\/sv\\\/funktionella-klader-som-fullgor-sin-roll-huvudsakligen-for-sport\\\/#faq-question-1690558701441\"},{\"@id\":\"https:\\\/\\\/regbu.com\\\/sv\\\/funktionella-klader-som-fullgor-sin-roll-huvudsakligen-for-sport\\\/#faq-question-1690558708526\"},{\"@id\":\"https:\\\/\\\/regbu.com\\\/sv\\\/funktionella-klader-som-fullgor-sin-roll-huvudsakligen-for-sport\\\/#faq-question-1690558715778\"}],\"inLanguage\":\"sv-SE\",\"potentialAction\":[{\"@type\":\"ReadAction\",\"target\":[\"https:\\\/\\\/regbu.com\\\/sv\\\/funktionella-klader-som-fullgor-sin-roll-huvudsakligen-for-sport\\\/\"]}]},{\"@type\":\"ImageObject\",\"inLanguage\":\"sv-SE\",\"@id\":\"https:\\\/\\\/regbu.com\\\/sv\\\/funktionella-klader-som-fullgor-sin-roll-huvudsakligen-for-sport\\\/#primaryimage\",\"url\":\"https:\\\/\\\/regbu.com\\\/wp-content\\\/uploads\\\/2023\\\/07\\\/funkcni-pradlo-plni-svoji-roli-hlavne-pri-sportu.jpg\",\"contentUrl\":\"https:\\\/\\\/regbu.com\\\/wp-content\\\/uploads\\\/2023\\\/07\\\/funkcni-pradlo-plni-svoji-roli-hlavne-pri-sportu.jpg\",\"width\":1200,\"height\":675,\"caption\":\"Funk\u010dn\u00ed pr\u00e1dlo pln\u00ed svoji roli hlavn\u011b p\u0159i sportu\"},{\"@type\":\"BreadcrumbList\",\"@id\":\"https:\\\/\\\/regbu.com\\\/sv\\\/funktionella-klader-som-fullgor-sin-roll-huvudsakligen-for-sport\\\/#breadcrumb\",\"itemListElement\":[{\"@type\":\"ListItem\",\"position\":1,\"name\":\"Home\",\"item\":\"https:\\\/\\\/regbu.com\\\/en\\\/\"},{\"@type\":\"ListItem\",\"position\":2,\"name\":\"Funk\u010dn\u00ed pr\u00e1dlo pln\u00ed svoji roli hlavn\u011b p\u0159i sportu\"}]},{\"@type\":\"WebSite\",\"@id\":\"https:\\\/\\\/regbu.com\\\/en\\\/#website\",\"url\":\"https:\\\/\\\/regbu.com\\\/en\\\/\",\"name\":\"REGBU.COM\",\"description\":\"\",\"potentialAction\":[{\"@type\":\"SearchAction\",\"target\":{\"@type\":\"EntryPoint\",\"urlTemplate\":\"https:\\\/\\\/regbu.com\\\/en\\\/?s={search_term_string}\"},\"query-input\":{\"@type\":\"PropertyValueSpecification\",\"valueRequired\":true,\"valueName\":\"search_term_string\"}}],\"inLanguage\":\"sv-SE\"},{\"@type\":\"Person\",\"@id\":\"https:\\\/\\\/regbu.com\\\/en\\\/#\\\/schema\\\/person\\\/94ea9deda2629771b8a9ced002f6784e\",\"name\":\"George Martin\",\"url\":\"https:\\\/\\\/regbu.com\\\/sv\\\/author\\\/george-martin\\\/\"},{\"@type\":\"Question\",\"@id\":\"https:\\\/\\\/regbu.com\\\/sv\\\/funktionella-klader-som-fullgor-sin-roll-huvudsakligen-for-sport\\\/#faq-question-1690558687776\",\"position\":1,\"url\":\"https:\\\/\\\/regbu.com\\\/sv\\\/funktionella-klader-som-fullgor-sin-roll-huvudsakligen-for-sport\\\/#faq-question-1690558687776\",\"name\":\"Jak\u00e1 vrstva by m\u011bla b\u00fdt na funk\u010dn\u00edm pr\u00e1dle?\",\"answerCount\":1,\"acceptedAnswer\":{\"@type\":\"Answer\",\"text\":\"Z logiky v\u011bci je to termoizola\u010dn\u00ed vrstva, kter\u00e1 V\u00e1s bude udr\u017eovat v teple a chr\u00e1nit p\u0159ed zimou.\",\"inLanguage\":\"sv-SE\"},\"inLanguage\":\"sv-SE\"},{\"@type\":\"Question\",\"@id\":\"https:\\\/\\\/regbu.com\\\/sv\\\/funktionella-klader-som-fullgor-sin-roll-huvudsakligen-for-sport\\\/#faq-question-1690558694989\",\"position\":2,\"url\":\"https:\\\/\\\/regbu.com\\\/sv\\\/funktionella-klader-som-fullgor-sin-roll-huvudsakligen-for-sport\\\/#faq-question-1690558694989\",\"name\":\"Jak je to s t\u0159et\u00ed vrstvou oble\u010den\u00ed?\",\"answerCount\":1,\"acceptedAnswer\":{\"@type\":\"Answer\",\"text\":\"Na termoizola\u010dn\u00ed vrstvu si obl\u00e9kn\u011bte tu ochranou p\u0159ed nevl\u00eddn\u00fdm po\u010das\u00edm a vlhkost\u00ed.\",\"inLanguage\":\"sv-SE\"},\"inLanguage\":\"sv-SE\"},{\"@type\":\"Question\",\"@id\":\"https:\\\/\\\/regbu.com\\\/sv\\\/funktionella-klader-som-fullgor-sin-roll-huvudsakligen-for-sport\\\/#faq-question-1690558701441\",\"position\":3,\"url\":\"https:\\\/\\\/regbu.com\\\/sv\\\/funktionella-klader-som-fullgor-sin-roll-huvudsakligen-for-sport\\\/#faq-question-1690558701441\",\"name\":\"Jak\u00e9 jsou v\u00fdhody syntetick\u00fdch materi\u00e1l\u016f?\",\"answerCount\":1,\"acceptedAnswer\":{\"@type\":\"Answer\",\"text\":\"Nesaj\u00ed pot a rychle schnou. Jejich nejv\u011bt\u0161\u00ed kouzlo spo\u010d\u00edv\u00e1 v rychl\u00e9m odvodu potu od t\u011bla pry\u010d a v udr\u017een\u00ed vhodn\u00e9 teploty.\",\"inLanguage\":\"sv-SE\"},\"inLanguage\":\"sv-SE\"},{\"@type\":\"Question\",\"@id\":\"https:\\\/\\\/regbu.com\\\/sv\\\/funktionella-klader-som-fullgor-sin-roll-huvudsakligen-for-sport\\\/#faq-question-1690558708526\",\"position\":4,\"url\":\"https:\\\/\\\/regbu.com\\\/sv\\\/funktionella-klader-som-fullgor-sin-roll-huvudsakligen-for-sport\\\/#faq-question-1690558708526\",\"name\":\"V \u010dem vynikaj\u00ed p\u0159\u00edrodn\u00ed materi\u00e1ly?\",\"answerCount\":1,\"acceptedAnswer\":{\"@type\":\"Answer\",\"text\":\"Ty se prim\u00e1rn\u011b poj\u00ed s dokonalou termoregulac\u00ed. I kdy\u017e bude takov\u00e9 funk\u010dn\u00ed pr\u00e1dlo vlhk\u00e9, st\u00e1le h\u0159eje.\",\"inLanguage\":\"sv-SE\"},\"inLanguage\":\"sv-SE\"},{\"@type\":\"Question\",\"@id\":\"https:\\\/\\\/regbu.com\\\/sv\\\/funktionella-klader-som-fullgor-sin-roll-huvudsakligen-for-sport\\\/#faq-question-1690558715778\",\"position\":5,\"url\":\"https:\\\/\\\/regbu.com\\\/sv\\\/funktionella-klader-som-fullgor-sin-roll-huvudsakligen-for-sport\\\/#faq-question-1690558715778\",\"name\":\"Jak se starat o funk\u010dn\u00ed pr\u00e1dlo?\",\"answerCount\":1,\"acceptedAnswer\":{\"@type\":\"Answer\",\"text\":\"Podle stavu pou\u017eit\u00ed ho pravideln\u011b perte. Nezapom\u00ednejte na to, \u017ee teplota v pra\u010dce by nem\u011bla p\u0159es\u00e1hnout 40 \u00b0C, pop\u0159\u00edpad\u011b zvolte speci\u00e1ln\u00ed a \u0161etrn\u00fd re\u017eim pran\u00ed.\",\"inLanguage\":\"sv-SE\"},\"inLanguage\":\"sv-SE\"}]}<\/script>\n<!-- \/ Yoast SEO plugin. -->","yoast_head_json":{"title":"Funktionsunderkl\u00e4der spelar sin roll s\u00e4rskilt inom sport - REGBU.COM","description":"Funktionella underkl\u00e4der \u00e4r en viktig del av all fysisk aktivitet. Kl\u00e4der som transporterar bort svett fr\u00e5n kroppen och \u00f6kar komforten.","robots":{"index":"index","follow":"follow","max-snippet":"max-snippet:-1","max-image-preview":"max-image-preview:large","max-video-preview":"max-video-preview:-1"},"canonical":"https:\/\/regbu.com\/sv\/funktionella-klader-som-fullgor-sin-roll-huvudsakligen-for-sport\/","og_locale":"sv_SE","og_type":"article","og_title":"Funk\u010dn\u00ed pr\u00e1dlo pln\u00ed svoji roli hlavn\u011b p\u0159i sportu - REGBU.COM","og_description":"Funk\u010dn\u00ed pr\u00e1dlo je d\u016fle\u017eitou sou\u010d\u00e1st\u00ed jak\u00e9koliv pohybov\u00e9 aktivity. Oble\u010den\u00ed, kter\u00e9 odv\u00e1d\u00ed pot od t\u011bla a zvy\u0161uje komfort.","og_url":"https:\/\/regbu.com\/sv\/funktionella-klader-som-fullgor-sin-roll-huvudsakligen-for-sport\/","og_site_name":"REGBU.COM","article_published_time":"2023-07-28T15:41:11+00:00","article_modified_time":"2025-09-05T05:40:39+00:00","og_image":[{"width":1200,"height":675,"url":"https:\/\/regbu.com\/wp-content\/uploads\/2023\/07\/funkcni-pradlo-plni-svoji-roli-hlavne-pri-sportu.jpg","type":"image\/jpeg"}],"author":"George Martin","twitter_card":"summary_large_image","twitter_misc":{"Skriven av":"George Martin","Ber\u00e4knad l\u00e4stid":"2 minuter"},"schema":{"@context":"https:\/\/schema.org","@graph":[{"@type":"Article","@id":"https:\/\/regbu.com\/sv\/funktionella-klader-som-fullgor-sin-roll-huvudsakligen-for-sport\/#article","isPartOf":{"@id":"https:\/\/regbu.com\/sv\/funktionella-klader-som-fullgor-sin-roll-huvudsakligen-for-sport\/"},"author":{"name":"George Martin","@id":"https:\/\/regbu.com\/en\/#\/schema\/person\/94ea9deda2629771b8a9ced002f6784e"},"headline":"Funk\u010dn\u00ed pr\u00e1dlo pln\u00ed svoji roli hlavn\u011b p\u0159i sportu","datePublished":"2023-07-28T15:41:11+00:00","dateModified":"2025-09-05T05:40:39+00:00","mainEntityOfPage":{"@id":"https:\/\/regbu.com\/sv\/funktionella-klader-som-fullgor-sin-roll-huvudsakligen-for-sport\/"},"wordCount":491,"image":{"@id":"https:\/\/regbu.com\/sv\/funktionella-klader-som-fullgor-sin-roll-huvudsakligen-for-sport\/#primaryimage"},"thumbnailUrl":"https:\/\/regbu.com\/wp-content\/uploads\/2023\/07\/funkcni-pradlo-plni-svoji-roli-hlavne-pri-sportu.jpg","keywords":["boxerky","funk\u010dn\u00ed pr\u00e1dlo","materi\u00e1l","oble\u010den\u00ed","podvl\u00edka\u010dky","pr\u00e1dlo","p\u0159\u00edrodn\u00ed","sport","sportovn\u00ed podprsenka","systetick\u00fd","triko"],"articleSection":["M\u00f3da"],"inLanguage":"sv-SE"},{"@type":["WebPage","FAQPage"],"@id":"https:\/\/regbu.com\/sv\/funktionella-klader-som-fullgor-sin-roll-huvudsakligen-for-sport\/","url":"https:\/\/regbu.com\/sv\/funktionella-klader-som-fullgor-sin-roll-huvudsakligen-for-sport\/","name":"Funktionsunderkl\u00e4der spelar sin roll s\u00e4rskilt inom sport - REGBU.COM","isPartOf":{"@id":"https:\/\/regbu.com\/en\/#website"},"primaryImageOfPage":{"@id":"https:\/\/regbu.com\/sv\/funktionella-klader-som-fullgor-sin-roll-huvudsakligen-for-sport\/#primaryimage"},"image":{"@id":"https:\/\/regbu.com\/sv\/funktionella-klader-som-fullgor-sin-roll-huvudsakligen-for-sport\/#primaryimage"},"thumbnailUrl":"https:\/\/regbu.com\/wp-content\/uploads\/2023\/07\/funkcni-pradlo-plni-svoji-roli-hlavne-pri-sportu.jpg","datePublished":"2023-07-28T15:41:11+00:00","dateModified":"2025-09-05T05:40:39+00:00","author":{"@id":"https:\/\/regbu.com\/en\/#\/schema\/person\/94ea9deda2629771b8a9ced002f6784e"},"description":"Funktionella underkl\u00e4der \u00e4r en viktig del av all fysisk aktivitet. Kl\u00e4der som transporterar bort svett fr\u00e5n kroppen och \u00f6kar komforten.","breadcrumb":{"@id":"https:\/\/regbu.com\/sv\/funktionella-klader-som-fullgor-sin-roll-huvudsakligen-for-sport\/#breadcrumb"},"mainEntity":[{"@id":"https:\/\/regbu.com\/sv\/funktionella-klader-som-fullgor-sin-roll-huvudsakligen-for-sport\/#faq-question-1690558687776"},{"@id":"https:\/\/regbu.com\/sv\/funktionella-klader-som-fullgor-sin-roll-huvudsakligen-for-sport\/#faq-question-1690558694989"},{"@id":"https:\/\/regbu.com\/sv\/funktionella-klader-som-fullgor-sin-roll-huvudsakligen-for-sport\/#faq-question-1690558701441"},{"@id":"https:\/\/regbu.com\/sv\/funktionella-klader-som-fullgor-sin-roll-huvudsakligen-for-sport\/#faq-question-1690558708526"},{"@id":"https:\/\/regbu.com\/sv\/funktionella-klader-som-fullgor-sin-roll-huvudsakligen-for-sport\/#faq-question-1690558715778"}],"inLanguage":"sv-SE","potentialAction":[{"@type":"ReadAction","target":["https:\/\/regbu.com\/sv\/funktionella-klader-som-fullgor-sin-roll-huvudsakligen-for-sport\/"]}]},{"@type":"ImageObject","inLanguage":"sv-SE","@id":"https:\/\/regbu.com\/sv\/funktionella-klader-som-fullgor-sin-roll-huvudsakligen-for-sport\/#primaryimage","url":"https:\/\/regbu.com\/wp-content\/uploads\/2023\/07\/funkcni-pradlo-plni-svoji-roli-hlavne-pri-sportu.jpg","contentUrl":"https:\/\/regbu.com\/wp-content\/uploads\/2023\/07\/funkcni-pradlo-plni-svoji-roli-hlavne-pri-sportu.jpg","width":1200,"height":675,"caption":"Funk\u010dn\u00ed pr\u00e1dlo pln\u00ed svoji roli hlavn\u011b p\u0159i sportu"},{"@type":"BreadcrumbList","@id":"https:\/\/regbu.com\/sv\/funktionella-klader-som-fullgor-sin-roll-huvudsakligen-for-sport\/#breadcrumb","itemListElement":[{"@type":"ListItem","position":1,"name":"Home","item":"https:\/\/regbu.com\/en\/"},{"@type":"ListItem","position":2,"name":"Funk\u010dn\u00ed pr\u00e1dlo pln\u00ed svoji roli hlavn\u011b p\u0159i sportu"}]},{"@type":"WebSite","@id":"https:\/\/regbu.com\/en\/#website","url":"https:\/\/regbu.com\/en\/","name":"REGBU.COM","description":"","potentialAction":[{"@type":"SearchAction","target":{"@type":"EntryPoint","urlTemplate":"https:\/\/regbu.com\/en\/?s={search_term_string}"},"query-input":{"@type":"PropertyValueSpecification","valueRequired":true,"valueName":"search_term_string"}}],"inLanguage":"sv-SE"},{"@type":"Person","@id":"https:\/\/regbu.com\/en\/#\/schema\/person\/94ea9deda2629771b8a9ced002f6784e","name":"George Martin","url":"https:\/\/regbu.com\/sv\/author\/george-martin\/"},{"@type":"Question","@id":"https:\/\/regbu.com\/sv\/funktionella-klader-som-fullgor-sin-roll-huvudsakligen-for-sport\/#faq-question-1690558687776","position":1,"url":"https:\/\/regbu.com\/sv\/funktionella-klader-som-fullgor-sin-roll-huvudsakligen-for-sport\/#faq-question-1690558687776","name":"Vilket lager ska det vara p\u00e5 funktionsunderkl\u00e4der?","answerCount":1,"acceptedAnswer":{"@type":"Answer","text":"Z logiky v\u011bci je to termoizola\u010dn\u00ed vrstva, kter\u00e1 V\u00e1s bude udr\u017eovat v teple a chr\u00e1nit p\u0159ed zimou.","inLanguage":"sv-SE"},"inLanguage":"sv-SE"},{"@type":"Question","@id":"https:\/\/regbu.com\/sv\/funktionella-klader-som-fullgor-sin-roll-huvudsakligen-for-sport\/#faq-question-1690558694989","position":2,"url":"https:\/\/regbu.com\/sv\/funktionella-klader-som-fullgor-sin-roll-huvudsakligen-for-sport\/#faq-question-1690558694989","name":"Vad s\u00e4gs om ett tredje lager kl\u00e4der?","answerCount":1,"acceptedAnswer":{"@type":"Answer","text":"Na termoizola\u010dn\u00ed vrstvu si obl\u00e9kn\u011bte tu ochranou p\u0159ed nevl\u00eddn\u00fdm po\u010das\u00edm a vlhkost\u00ed.","inLanguage":"sv-SE"},"inLanguage":"sv-SE"},{"@type":"Question","@id":"https:\/\/regbu.com\/sv\/funktionella-klader-som-fullgor-sin-roll-huvudsakligen-for-sport\/#faq-question-1690558701441","position":3,"url":"https:\/\/regbu.com\/sv\/funktionella-klader-som-fullgor-sin-roll-huvudsakligen-for-sport\/#faq-question-1690558701441","name":"Vilka \u00e4r f\u00f6rdelarna med syntetiska material?","answerCount":1,"acceptedAnswer":{"@type":"Answer","text":"Nesaj\u00ed pot a rychle schnou. Jejich nejv\u011bt\u0161\u00ed kouzlo spo\u010d\u00edv\u00e1 v rychl\u00e9m odvodu potu od t\u011bla pry\u010d a v udr\u017een\u00ed vhodn\u00e9 teploty.","inLanguage":"sv-SE"},"inLanguage":"sv-SE"},{"@type":"Question","@id":"https:\/\/regbu.com\/sv\/funktionella-klader-som-fullgor-sin-roll-huvudsakligen-for-sport\/#faq-question-1690558708526","position":4,"url":"https:\/\/regbu.com\/sv\/funktionella-klader-som-fullgor-sin-roll-huvudsakligen-for-sport\/#faq-question-1690558708526","name":"Vad \u00e4r det som g\u00f6r att naturmaterial sticker ut?","answerCount":1,"acceptedAnswer":{"@type":"Answer","text":"Ty se prim\u00e1rn\u011b poj\u00ed s dokonalou termoregulac\u00ed. I kdy\u017e bude takov\u00e9 funk\u010dn\u00ed pr\u00e1dlo vlhk\u00e9, st\u00e1le h\u0159eje.","inLanguage":"sv-SE"},"inLanguage":"sv-SE"},{"@type":"Question","@id":"https:\/\/regbu.com\/sv\/funktionella-klader-som-fullgor-sin-roll-huvudsakligen-for-sport\/#faq-question-1690558715778","position":5,"url":"https:\/\/regbu.com\/sv\/funktionella-klader-som-fullgor-sin-roll-huvudsakligen-for-sport\/#faq-question-1690558715778","name":"Hur tar man hand om funktionsunderkl\u00e4der?","answerCount":1,"acceptedAnswer":{"@type":"Answer","text":"Podle stavu pou\u017eit\u00ed ho pravideln\u011b perte. Nezapom\u00ednejte na to, \u017ee teplota v pra\u010dce by nem\u011bla p\u0159es\u00e1hnout 40 \u00b0C, pop\u0159\u00edpad\u011b zvolte speci\u00e1ln\u00ed a \u0161etrn\u00fd re\u017eim pran\u00ed.","inLanguage":"sv-SE"},"inLanguage":"sv-SE"}]}},"_links":{"self":[{"href":"https:\/\/regbu.com\/sv\/wp-json\/wp\/v2\/posts\/1303","targetHints":{"allow":["GET"]}}],"collection":[{"href":"https:\/\/regbu.com\/sv\/wp-json\/wp\/v2\/posts"}],"about":[{"href":"https:\/\/regbu.com\/sv\/wp-json\/wp\/v2\/types\/post"}],"author":[{"embeddable":true,"href":"https:\/\/regbu.com\/sv\/wp-json\/wp\/v2\/users\/2"}],"replies":[{"embeddable":true,"href":"https:\/\/regbu.com\/sv\/wp-json\/wp\/v2\/comments?post=1303"}],"version-history":[{"count":4,"href":"https:\/\/regbu.com\/sv\/wp-json\/wp\/v2\/posts\/1303\/revisions"}],"predecessor-version":[{"id":1309,"href":"https:\/\/regbu.com\/sv\/wp-json\/wp\/v2\/posts\/1303\/revisions\/1309"}],"wp:featuredmedia":[{"embeddable":true,"href":"https:\/\/regbu.com\/sv\/wp-json\/wp\/v2\/media\/1304"}],"wp:attachment":[{"href":"https:\/\/regbu.com\/sv\/wp-json\/wp\/v2\/media?parent=1303"}],"wp:term":[{"taxonomy":"category","embeddable":true,"href":"https:\/\/regbu.com\/sv\/wp-json\/wp\/v2\/categories?post=1303"},{"taxonomy":"post_tag","embeddable":true,"href":"https:\/\/regbu.com\/sv\/wp-json\/wp\/v2\/tags?post=1303"}],"curies":[{"name":"wp","href":"https:\/\/api.w.org\/{rel}","templated":true}]}}