{"id":1277,"date":"2023-07-26T07:56:04","date_gmt":"2023-07-26T05:56:04","guid":{"rendered":"https:\/\/regbu.com\/?p=1277"},"modified":"2025-09-05T07:40:25","modified_gmt":"2025-09-05T05:40:25","slug":"povinne-ockovani-jemuz-se-deti-nevyhnou","status":"publish","type":"post","link":"https:\/\/regbu.com\/sv\/obligatorisk-dockning-om-barnen-inte-kommer-ut\/","title":{"rendered":"Obligatoriska vaccinationer som barn inte kan undvika"},"content":{"rendered":"<p>Obligatorisk vaccinering v\u00e4ntar var och en av oss under v\u00e5r livstid. Vi t\u00e4nker nu p\u00e5 vaccinationer i barndomen, som vi egentligen inte kan besluta om. Denna handling styrs av det relevanta dekretet. Det \u00e4r sant att varje land har det lite annorlunda. Som ett resultat finns det m\u00e5nga likheter. Vaccination i b\u00f6rjan av allt \u00e4r faktiskt f\u00f6r syftet med\u00a0<strong><a href=\"https:\/\/regbu.com\/sv\/starka-immunsystemet-i-praxis\/\">st\u00e4rka immunf\u00f6rsvaret<\/a><\/strong>.<\/p>\n\n\n\n<ul class=\"wp-block-list\">\n<li>Vaccinera fr\u00e5n tidig \u00e5lder<\/li>\n\n\n\n<li>Barn och ungdomar vaccineras<\/li>\n\n\n\n<li>Vaccinationer utf\u00f6rs av en allm\u00e4npraktiserande l\u00e4kare<\/li>\n<\/ul>\n\n\n\n<p>Om du fokuserar p\u00e5 de obligatoriska vaccinationerna i Tjeckien kommer du att st\u00f6ta p\u00e5 totalt nio olika typer av vacciner. Vissa \u00e4r obligatoriska, andra \u00e4r valfria och frivilliga.<\/p>\n\n\n\n<h2 class=\"wp-block-heading\">Valfria vaccinationer - Vaccinationer<\/h2>\n\n\n\n<p>Listan \u00f6ver frivilliga vaccinationer inneh\u00e5ller definitivt <strong>pneumokocksjukdomar<\/strong>. I detta fall anv\u00e4nds ett icke-levande vaccin. F\u00f6r \u00e4ldre barn finns HVP-vaccinet tillg\u00e4ngligt. Detta administreras oftast runt barnets trettonde f\u00f6delsedag. Denna grupp av frivilliga vacciner omfattar \u00e4ven meningokocksjukdom. \u00c4ven f\u00f6r dessa \u00e4r det barnets f\u00f6r\u00e4ldrar som best\u00e4mmer vilken vaccination som ska ges.<\/p>\n\n\n\n<h3 class=\"wp-block-heading\">Obligatorisk vaccinering - Fr\u00e5gor och svar<\/h3>\n\n\n\n<p>Men nu ska vi fokusera p\u00e5 vacciner som \u00e4r obligatoriska f\u00f6r sm\u00e5 barn. Dessa kr\u00e4vs enligt relevant lag eller f\u00f6rordning i landet. En s\u00e5dan vaccination \u00e4r <strong>Hexavaccine<\/strong>. Om du inte vet vad du ska f\u00f6rest\u00e4lla dig, l\u00e4s f\u00f6ljande rader.<\/p>\n\n\n\n<div class=\"schema-faq wp-block-yoast-faq-block\"><div class=\"schema-faq-section\" id=\"faq-question-1690437377500\"><strong class=\"schema-faq-question\">Vad \u00e4r ett hexavaccine?<\/strong> <p class=\"schema-faq-answer\">Det \u00e4r ett specialvaccin mot stelkramp, kikhosta, difteri, polio och viral hepatit B.<\/p> <\/div> <div class=\"schema-faq-section\" id=\"faq-question-1690437384207\"><strong class=\"schema-faq-question\">N\u00e4r administreras hexavaccinen?<\/strong> <p class=\"schema-faq-answer\">Det till\u00e4mpas vid ungef\u00e4r den tredje m\u00e5naden av barnets \u00e5lder.<\/p> <\/div> <div class=\"schema-faq-section\" id=\"faq-question-1690437391824\"><strong class=\"schema-faq-question\">N\u00e4r ges vaccinet mot r\u00f6da hund, p\u00e5ssjuka och m\u00e4ssling?<\/strong> <p class=\"schema-faq-answer\">Denna obligatoriska vaccination administreras mellan den trettonde och artonde m\u00e5naden av barnets \u00e5lder.<\/p> <\/div> <div class=\"schema-faq-section\" id=\"faq-question-1690437399852\"><strong class=\"schema-faq-question\">Vilka andra kombinationsvacciner finns det?<\/strong> <p class=\"schema-faq-answer\">Till exempel kombinationen av difteri, kikhosta och stelkramp under det femte \u00e5ret av ett barns \u00e5lder. Efterf\u00f6ljande omvaccinering sker under det tionde \u00e5ret.<\/p> <\/div> <div class=\"schema-faq-section\" id=\"faq-question-1690437408632\"><strong class=\"schema-faq-question\">Vad finns det f\u00f6r andra vaccinationer som riktar sig till s\u00e4rskilda grupper av barn?<\/strong> <p class=\"schema-faq-answer\">Det \u00e4r HEP B-vaccinationen. Det \u00e4r ocks\u00e5 en tuberkulosvaccination. Dessa typer av vaccinationer bed\u00f6ms dock individuellt av l\u00e4karen.<\/p> <\/div> <\/div>","protected":false},"excerpt":{"rendered":"<p>Obligatorisk vaccinering v\u00e4ntar var och en av oss under v\u00e5r livstid. Vi t\u00e4nker nu p\u00e5 vaccinationer i barndomen, som vi egentligen inte kan besluta om. Denna handling styrs av det relevanta dekretet. Det \u00e4r sant att varje land har det lite annorlunda. Som ett resultat finns det m\u00e5nga likheter. Vaccination, i b\u00f6rjan av allt, tj\u00e4nar faktiskt till att st\u00e4rka ... <\/p>","protected":false},"author":2,"featured_media":1278,"comment_status":"closed","ping_status":"closed","sticky":false,"template":"","format":"standard","meta":{"footnotes":""},"categories":[197],"tags":[1538,1540,1537,1531,836,1536,901,1535,1541,1539],"class_list":["post-1277","post","type-post","status-publish","format-standard","has-post-thumbnail","hentry","category-lidske-zdravi","tag-cerny-kasel","tag-detska-obrna","tag-hexavakcina","tag-imunita","tag-imunitni-system","tag-nepovinne-ockovani","tag-ockovani","tag-povinne-ockovani","tag-vir","tag-zaskrt"],"yoast_head":"<!-- This site is optimized with the Yoast SEO plugin v27.5 - https:\/\/yoast.com\/product\/yoast-seo-wordpress\/ -->\n<title>Povinn\u00e9 o\u010dkov\u00e1n\u00ed, jemu\u017e se d\u011bti nevyhnou - REGBU.COM<\/title>\n<meta name=\"description\" content=\"V\u00edte, jak\u00e9 povinn\u00e9 o\u010dkov\u00e1n\u00ed je d\u016fle\u017eit\u00e9 pro Va\u0161e d\u00edt\u011b? Sezn\u00e1m\u00edme V\u00e1s s t\u011bmi nej\u010dast\u011bj\u0161\u00edmi i s t\u011bmi nepovinn\u00fdmi.\" \/>\n<meta name=\"robots\" content=\"index, follow, max-snippet:-1, max-image-preview:large, max-video-preview:-1\" \/>\n<link rel=\"canonical\" href=\"https:\/\/regbu.com\/sv\/obligatorisk-dockning-om-barnen-inte-kommer-ut\/\" \/>\n<meta property=\"og:locale\" content=\"sv_SE\" \/>\n<meta property=\"og:type\" content=\"article\" \/>\n<meta property=\"og:title\" content=\"Povinn\u00e9 o\u010dkov\u00e1n\u00ed, jemu\u017e se d\u011bti nevyhnou - REGBU.COM\" \/>\n<meta property=\"og:description\" content=\"V\u00edte, jak\u00e9 povinn\u00e9 o\u010dkov\u00e1n\u00ed je d\u016fle\u017eit\u00e9 pro Va\u0161e d\u00edt\u011b? Sezn\u00e1m\u00edme V\u00e1s s t\u011bmi nej\u010dast\u011bj\u0161\u00edmi i s t\u011bmi nepovinn\u00fdmi.\" \/>\n<meta property=\"og:url\" content=\"https:\/\/regbu.com\/sv\/obligatorisk-dockning-om-barnen-inte-kommer-ut\/\" \/>\n<meta property=\"og:site_name\" content=\"REGBU.COM\" \/>\n<meta property=\"article:published_time\" content=\"2023-07-26T05:56:04+00:00\" \/>\n<meta property=\"article:modified_time\" content=\"2025-09-05T05:40:25+00:00\" \/>\n<meta property=\"og:image\" content=\"https:\/\/regbu.com\/wp-content\/uploads\/2023\/07\/povinne-ockovani-jemuz-se-deti-nevyhnou.jpg\" \/>\n\t<meta property=\"og:image:width\" content=\"1200\" \/>\n\t<meta property=\"og:image:height\" content=\"678\" \/>\n\t<meta property=\"og:image:type\" content=\"image\/jpeg\" \/>\n<meta name=\"author\" content=\"George Martin\" \/>\n<meta name=\"twitter:card\" content=\"summary_large_image\" \/>\n<meta name=\"twitter:label1\" content=\"Skriven av\" \/>\n\t<meta name=\"twitter:data1\" content=\"George Martin\" \/>\n\t<meta name=\"twitter:label2\" content=\"Ber\u00e4knad l\u00e4stid\" \/>\n\t<meta name=\"twitter:data2\" content=\"2 minuter\" \/>\n<script type=\"application\/ld+json\" class=\"yoast-schema-graph\">{\"@context\":\"https:\\\/\\\/schema.org\",\"@graph\":[{\"@type\":\"Article\",\"@id\":\"https:\\\/\\\/regbu.com\\\/sv\\\/obligatorisk-dockning-om-barnen-inte-kommer-ut\\\/#article\",\"isPartOf\":{\"@id\":\"https:\\\/\\\/regbu.com\\\/sv\\\/obligatorisk-dockning-om-barnen-inte-kommer-ut\\\/\"},\"author\":{\"name\":\"George Martin\",\"@id\":\"https:\\\/\\\/regbu.com\\\/en\\\/#\\\/schema\\\/person\\\/94ea9deda2629771b8a9ced002f6784e\"},\"headline\":\"Povinn\u00e9 o\u010dkov\u00e1n\u00ed, jemu\u017e se d\u011bti nevyhnou\",\"datePublished\":\"2023-07-26T05:56:04+00:00\",\"dateModified\":\"2025-09-05T05:40:25+00:00\",\"mainEntityOfPage\":{\"@id\":\"https:\\\/\\\/regbu.com\\\/sv\\\/obligatorisk-dockning-om-barnen-inte-kommer-ut\\\/\"},\"wordCount\":492,\"image\":{\"@id\":\"https:\\\/\\\/regbu.com\\\/sv\\\/obligatorisk-dockning-om-barnen-inte-kommer-ut\\\/#primaryimage\"},\"thumbnailUrl\":\"https:\\\/\\\/regbu.com\\\/wp-content\\\/uploads\\\/2023\\\/07\\\/povinne-ockovani-jemuz-se-deti-nevyhnou.jpg\",\"keywords\":[\"\u010dern\u00fd ka\u0161el\",\"d\u011btsk\u00e1 obrna\",\"hexavakc\u00edna\",\"imunita\",\"imunitn\u00ed syst\u00e9m\",\"nepovinn\u00e9 o\u010dkov\u00e1n\u00ed\",\"o\u010dkov\u00e1n\u00ed\",\"povinn\u00e9 o\u010dkov\u00e1n\u00ed\",\"vir\",\"z\u00e1\u0161krt\"],\"articleSection\":[\"Lidsk\u00e9 Zdrav\u00ed\"],\"inLanguage\":\"sv-SE\"},{\"@type\":[\"WebPage\",\"FAQPage\"],\"@id\":\"https:\\\/\\\/regbu.com\\\/sv\\\/obligatorisk-dockning-om-barnen-inte-kommer-ut\\\/\",\"url\":\"https:\\\/\\\/regbu.com\\\/sv\\\/obligatorisk-dockning-om-barnen-inte-kommer-ut\\\/\",\"name\":\"Povinn\u00e9 o\u010dkov\u00e1n\u00ed, jemu\u017e se d\u011bti nevyhnou - REGBU.COM\",\"isPartOf\":{\"@id\":\"https:\\\/\\\/regbu.com\\\/en\\\/#website\"},\"primaryImageOfPage\":{\"@id\":\"https:\\\/\\\/regbu.com\\\/sv\\\/obligatorisk-dockning-om-barnen-inte-kommer-ut\\\/#primaryimage\"},\"image\":{\"@id\":\"https:\\\/\\\/regbu.com\\\/sv\\\/obligatorisk-dockning-om-barnen-inte-kommer-ut\\\/#primaryimage\"},\"thumbnailUrl\":\"https:\\\/\\\/regbu.com\\\/wp-content\\\/uploads\\\/2023\\\/07\\\/povinne-ockovani-jemuz-se-deti-nevyhnou.jpg\",\"datePublished\":\"2023-07-26T05:56:04+00:00\",\"dateModified\":\"2025-09-05T05:40:25+00:00\",\"author\":{\"@id\":\"https:\\\/\\\/regbu.com\\\/en\\\/#\\\/schema\\\/person\\\/94ea9deda2629771b8a9ced002f6784e\"},\"description\":\"V\u00edte, jak\u00e9 povinn\u00e9 o\u010dkov\u00e1n\u00ed je d\u016fle\u017eit\u00e9 pro Va\u0161e d\u00edt\u011b? Sezn\u00e1m\u00edme V\u00e1s s t\u011bmi nej\u010dast\u011bj\u0161\u00edmi i s t\u011bmi nepovinn\u00fdmi.\",\"breadcrumb\":{\"@id\":\"https:\\\/\\\/regbu.com\\\/sv\\\/obligatorisk-dockning-om-barnen-inte-kommer-ut\\\/#breadcrumb\"},\"mainEntity\":[{\"@id\":\"https:\\\/\\\/regbu.com\\\/sv\\\/obligatorisk-dockning-om-barnen-inte-kommer-ut\\\/#faq-question-1690437377500\"},{\"@id\":\"https:\\\/\\\/regbu.com\\\/sv\\\/obligatorisk-dockning-om-barnen-inte-kommer-ut\\\/#faq-question-1690437384207\"},{\"@id\":\"https:\\\/\\\/regbu.com\\\/sv\\\/obligatorisk-dockning-om-barnen-inte-kommer-ut\\\/#faq-question-1690437391824\"},{\"@id\":\"https:\\\/\\\/regbu.com\\\/sv\\\/obligatorisk-dockning-om-barnen-inte-kommer-ut\\\/#faq-question-1690437399852\"},{\"@id\":\"https:\\\/\\\/regbu.com\\\/sv\\\/obligatorisk-dockning-om-barnen-inte-kommer-ut\\\/#faq-question-1690437408632\"}],\"inLanguage\":\"sv-SE\",\"potentialAction\":[{\"@type\":\"ReadAction\",\"target\":[\"https:\\\/\\\/regbu.com\\\/sv\\\/obligatorisk-dockning-om-barnen-inte-kommer-ut\\\/\"]}]},{\"@type\":\"ImageObject\",\"inLanguage\":\"sv-SE\",\"@id\":\"https:\\\/\\\/regbu.com\\\/sv\\\/obligatorisk-dockning-om-barnen-inte-kommer-ut\\\/#primaryimage\",\"url\":\"https:\\\/\\\/regbu.com\\\/wp-content\\\/uploads\\\/2023\\\/07\\\/povinne-ockovani-jemuz-se-deti-nevyhnou.jpg\",\"contentUrl\":\"https:\\\/\\\/regbu.com\\\/wp-content\\\/uploads\\\/2023\\\/07\\\/povinne-ockovani-jemuz-se-deti-nevyhnou.jpg\",\"width\":1200,\"height\":678,\"caption\":\"Povinn\u00e9 o\u010dkov\u00e1n\u00ed, jemu\u017e se d\u011bti nevyhnou\"},{\"@type\":\"BreadcrumbList\",\"@id\":\"https:\\\/\\\/regbu.com\\\/sv\\\/obligatorisk-dockning-om-barnen-inte-kommer-ut\\\/#breadcrumb\",\"itemListElement\":[{\"@type\":\"ListItem\",\"position\":1,\"name\":\"Home\",\"item\":\"https:\\\/\\\/regbu.com\\\/en\\\/\"},{\"@type\":\"ListItem\",\"position\":2,\"name\":\"Povinn\u00e9 o\u010dkov\u00e1n\u00ed, jemu\u017e se d\u011bti nevyhnou\"}]},{\"@type\":\"WebSite\",\"@id\":\"https:\\\/\\\/regbu.com\\\/en\\\/#website\",\"url\":\"https:\\\/\\\/regbu.com\\\/en\\\/\",\"name\":\"REGBU.COM\",\"description\":\"\",\"potentialAction\":[{\"@type\":\"SearchAction\",\"target\":{\"@type\":\"EntryPoint\",\"urlTemplate\":\"https:\\\/\\\/regbu.com\\\/en\\\/?s={search_term_string}\"},\"query-input\":{\"@type\":\"PropertyValueSpecification\",\"valueRequired\":true,\"valueName\":\"search_term_string\"}}],\"inLanguage\":\"sv-SE\"},{\"@type\":\"Person\",\"@id\":\"https:\\\/\\\/regbu.com\\\/en\\\/#\\\/schema\\\/person\\\/94ea9deda2629771b8a9ced002f6784e\",\"name\":\"George Martin\",\"url\":\"https:\\\/\\\/regbu.com\\\/sv\\\/author\\\/george-martin\\\/\"},{\"@type\":\"Question\",\"@id\":\"https:\\\/\\\/regbu.com\\\/sv\\\/obligatorisk-dockning-om-barnen-inte-kommer-ut\\\/#faq-question-1690437377500\",\"position\":1,\"url\":\"https:\\\/\\\/regbu.com\\\/sv\\\/obligatorisk-dockning-om-barnen-inte-kommer-ut\\\/#faq-question-1690437377500\",\"name\":\"Co je to hexavakc\u00edna?\",\"answerCount\":1,\"acceptedAnswer\":{\"@type\":\"Answer\",\"text\":\"Jde o speci\u00e1ln\u00ed vakc\u00ednu ur\u010denou proti tetanu, \u010dern\u00e9mu ka\u0161lu, z\u00e1\u0161krtu, d\u011btsk\u00e9 obrn\u011b a virov\u00e9 hepatitid\u011b skupiny B.\",\"inLanguage\":\"sv-SE\"},\"inLanguage\":\"sv-SE\"},{\"@type\":\"Question\",\"@id\":\"https:\\\/\\\/regbu.com\\\/sv\\\/obligatorisk-dockning-om-barnen-inte-kommer-ut\\\/#faq-question-1690437384207\",\"position\":2,\"url\":\"https:\\\/\\\/regbu.com\\\/sv\\\/obligatorisk-dockning-om-barnen-inte-kommer-ut\\\/#faq-question-1690437384207\",\"name\":\"Kdy se pod\u00e1v\u00e1 hexavakc\u00edna?\",\"answerCount\":1,\"acceptedAnswer\":{\"@type\":\"Answer\",\"text\":\"Aplikuje se zhruba ve t\u0159et\u00edm m\u011bs\u00edci v\u011bku d\u00edt\u011bte.\",\"inLanguage\":\"sv-SE\"},\"inLanguage\":\"sv-SE\"},{\"@type\":\"Question\",\"@id\":\"https:\\\/\\\/regbu.com\\\/sv\\\/obligatorisk-dockning-om-barnen-inte-kommer-ut\\\/#faq-question-1690437391824\",\"position\":3,\"url\":\"https:\\\/\\\/regbu.com\\\/sv\\\/obligatorisk-dockning-om-barnen-inte-kommer-ut\\\/#faq-question-1690437391824\",\"name\":\"Kdy se pod\u00e1v\u00e1 vakc\u00edna proti zard\u011bnk\u00e1m, p\u0159\u00edu\u0161nic\u00edm a spalni\u010dk\u00e1m?\",\"answerCount\":1,\"acceptedAnswer\":{\"@type\":\"Answer\",\"text\":\"Toto povinn\u00e9 o\u010dkov\u00e1n\u00ed je aplikov\u00e1no mezi t\u0159in\u00e1ct\u00fdm a osmn\u00e1ct\u00fdm m\u011bs\u00edcem v\u011bku d\u00edt\u011bte.\",\"inLanguage\":\"sv-SE\"},\"inLanguage\":\"sv-SE\"},{\"@type\":\"Question\",\"@id\":\"https:\\\/\\\/regbu.com\\\/sv\\\/obligatorisk-dockning-om-barnen-inte-kommer-ut\\\/#faq-question-1690437399852\",\"position\":4,\"url\":\"https:\\\/\\\/regbu.com\\\/sv\\\/obligatorisk-dockning-om-barnen-inte-kommer-ut\\\/#faq-question-1690437399852\",\"name\":\"Jak\u00e9 jin\u00e9 kombinovan\u00e9 vakc\u00edny je\u0161t\u011b existuj\u00ed?\",\"answerCount\":1,\"acceptedAnswer\":{\"@type\":\"Answer\",\"text\":\"Jmenovat lze nap\u0159\u00edklad kombinaci z\u00e1\u0161krtu, \u010dern\u00e9ho ka\u0161le a tetanu v p\u00e1t\u00e9m roce v\u011bku d\u00edt\u011bte. N\u00e1sledn\u00e9 p\u0159eo\u010dkov\u00e1n\u00ed prob\u00edh\u00e1 je\u0161t\u011b v des\u00e1t\u00e9m roce.\",\"inLanguage\":\"sv-SE\"},\"inLanguage\":\"sv-SE\"},{\"@type\":\"Question\",\"@id\":\"https:\\\/\\\/regbu.com\\\/sv\\\/obligatorisk-dockning-om-barnen-inte-kommer-ut\\\/#faq-question-1690437408632\",\"position\":5,\"url\":\"https:\\\/\\\/regbu.com\\\/sv\\\/obligatorisk-dockning-om-barnen-inte-kommer-ut\\\/#faq-question-1690437408632\",\"name\":\"Jak\u00e1 jsou dal\u0161\u00ed o\u010dkov\u00e1n\u00ed zam\u011b\u0159en\u00e1 na ur\u010dit\u00e9 skupiny d\u011bt\u00ed?\",\"answerCount\":1,\"acceptedAnswer\":{\"@type\":\"Answer\",\"text\":\"Je to o\u010dkov\u00e1n\u00ed proti HEP B. D\u00e1le tak\u00e9 o\u010dkov\u00e1n\u00ed proti tuberkul\u00f3ze. Tyto typy o\u010dkov\u00e1n\u00ed v\u0161ak posuzuje l\u00e9ka\u0159 individu\u00e1ln\u011b.\",\"inLanguage\":\"sv-SE\"},\"inLanguage\":\"sv-SE\"}]}<\/script>\n<!-- \/ Yoast SEO plugin. -->","yoast_head_json":{"title":"Obligatoriska vaccinationer som barn inte kan undvika - REGBU.COM","description":"Vet du vilka obligatoriska vaccinationer som \u00e4r viktiga f\u00f6r ditt barn? Vi kommer att presentera de vanligaste och de frivilliga vaccinationerna.","robots":{"index":"index","follow":"follow","max-snippet":"max-snippet:-1","max-image-preview":"max-image-preview:large","max-video-preview":"max-video-preview:-1"},"canonical":"https:\/\/regbu.com\/sv\/obligatorisk-dockning-om-barnen-inte-kommer-ut\/","og_locale":"sv_SE","og_type":"article","og_title":"Povinn\u00e9 o\u010dkov\u00e1n\u00ed, jemu\u017e se d\u011bti nevyhnou - REGBU.COM","og_description":"V\u00edte, jak\u00e9 povinn\u00e9 o\u010dkov\u00e1n\u00ed je d\u016fle\u017eit\u00e9 pro Va\u0161e d\u00edt\u011b? Sezn\u00e1m\u00edme V\u00e1s s t\u011bmi nej\u010dast\u011bj\u0161\u00edmi i s t\u011bmi nepovinn\u00fdmi.","og_url":"https:\/\/regbu.com\/sv\/obligatorisk-dockning-om-barnen-inte-kommer-ut\/","og_site_name":"REGBU.COM","article_published_time":"2023-07-26T05:56:04+00:00","article_modified_time":"2025-09-05T05:40:25+00:00","og_image":[{"width":1200,"height":678,"url":"https:\/\/regbu.com\/wp-content\/uploads\/2023\/07\/povinne-ockovani-jemuz-se-deti-nevyhnou.jpg","type":"image\/jpeg"}],"author":"George Martin","twitter_card":"summary_large_image","twitter_misc":{"Skriven av":"George Martin","Ber\u00e4knad l\u00e4stid":"2 minuter"},"schema":{"@context":"https:\/\/schema.org","@graph":[{"@type":"Article","@id":"https:\/\/regbu.com\/sv\/obligatorisk-dockning-om-barnen-inte-kommer-ut\/#article","isPartOf":{"@id":"https:\/\/regbu.com\/sv\/obligatorisk-dockning-om-barnen-inte-kommer-ut\/"},"author":{"name":"George Martin","@id":"https:\/\/regbu.com\/en\/#\/schema\/person\/94ea9deda2629771b8a9ced002f6784e"},"headline":"Povinn\u00e9 o\u010dkov\u00e1n\u00ed, jemu\u017e se d\u011bti nevyhnou","datePublished":"2023-07-26T05:56:04+00:00","dateModified":"2025-09-05T05:40:25+00:00","mainEntityOfPage":{"@id":"https:\/\/regbu.com\/sv\/obligatorisk-dockning-om-barnen-inte-kommer-ut\/"},"wordCount":492,"image":{"@id":"https:\/\/regbu.com\/sv\/obligatorisk-dockning-om-barnen-inte-kommer-ut\/#primaryimage"},"thumbnailUrl":"https:\/\/regbu.com\/wp-content\/uploads\/2023\/07\/povinne-ockovani-jemuz-se-deti-nevyhnou.jpg","keywords":["\u010dern\u00fd ka\u0161el","d\u011btsk\u00e1 obrna","hexavakc\u00edna","imunita","imunitn\u00ed syst\u00e9m","nepovinn\u00e9 o\u010dkov\u00e1n\u00ed","o\u010dkov\u00e1n\u00ed","povinn\u00e9 o\u010dkov\u00e1n\u00ed","vir","z\u00e1\u0161krt"],"articleSection":["Lidsk\u00e9 Zdrav\u00ed"],"inLanguage":"sv-SE"},{"@type":["WebPage","FAQPage"],"@id":"https:\/\/regbu.com\/sv\/obligatorisk-dockning-om-barnen-inte-kommer-ut\/","url":"https:\/\/regbu.com\/sv\/obligatorisk-dockning-om-barnen-inte-kommer-ut\/","name":"Obligatoriska vaccinationer som barn inte kan undvika - REGBU.COM","isPartOf":{"@id":"https:\/\/regbu.com\/en\/#website"},"primaryImageOfPage":{"@id":"https:\/\/regbu.com\/sv\/obligatorisk-dockning-om-barnen-inte-kommer-ut\/#primaryimage"},"image":{"@id":"https:\/\/regbu.com\/sv\/obligatorisk-dockning-om-barnen-inte-kommer-ut\/#primaryimage"},"thumbnailUrl":"https:\/\/regbu.com\/wp-content\/uploads\/2023\/07\/povinne-ockovani-jemuz-se-deti-nevyhnou.jpg","datePublished":"2023-07-26T05:56:04+00:00","dateModified":"2025-09-05T05:40:25+00:00","author":{"@id":"https:\/\/regbu.com\/en\/#\/schema\/person\/94ea9deda2629771b8a9ced002f6784e"},"description":"Vet du vilka obligatoriska vaccinationer som \u00e4r viktiga f\u00f6r ditt barn? Vi kommer att presentera de vanligaste och de frivilliga vaccinationerna.","breadcrumb":{"@id":"https:\/\/regbu.com\/sv\/obligatorisk-dockning-om-barnen-inte-kommer-ut\/#breadcrumb"},"mainEntity":[{"@id":"https:\/\/regbu.com\/sv\/obligatorisk-dockning-om-barnen-inte-kommer-ut\/#faq-question-1690437377500"},{"@id":"https:\/\/regbu.com\/sv\/obligatorisk-dockning-om-barnen-inte-kommer-ut\/#faq-question-1690437384207"},{"@id":"https:\/\/regbu.com\/sv\/obligatorisk-dockning-om-barnen-inte-kommer-ut\/#faq-question-1690437391824"},{"@id":"https:\/\/regbu.com\/sv\/obligatorisk-dockning-om-barnen-inte-kommer-ut\/#faq-question-1690437399852"},{"@id":"https:\/\/regbu.com\/sv\/obligatorisk-dockning-om-barnen-inte-kommer-ut\/#faq-question-1690437408632"}],"inLanguage":"sv-SE","potentialAction":[{"@type":"ReadAction","target":["https:\/\/regbu.com\/sv\/obligatorisk-dockning-om-barnen-inte-kommer-ut\/"]}]},{"@type":"ImageObject","inLanguage":"sv-SE","@id":"https:\/\/regbu.com\/sv\/obligatorisk-dockning-om-barnen-inte-kommer-ut\/#primaryimage","url":"https:\/\/regbu.com\/wp-content\/uploads\/2023\/07\/povinne-ockovani-jemuz-se-deti-nevyhnou.jpg","contentUrl":"https:\/\/regbu.com\/wp-content\/uploads\/2023\/07\/povinne-ockovani-jemuz-se-deti-nevyhnou.jpg","width":1200,"height":678,"caption":"Povinn\u00e9 o\u010dkov\u00e1n\u00ed, jemu\u017e se d\u011bti nevyhnou"},{"@type":"BreadcrumbList","@id":"https:\/\/regbu.com\/sv\/obligatorisk-dockning-om-barnen-inte-kommer-ut\/#breadcrumb","itemListElement":[{"@type":"ListItem","position":1,"name":"Home","item":"https:\/\/regbu.com\/en\/"},{"@type":"ListItem","position":2,"name":"Povinn\u00e9 o\u010dkov\u00e1n\u00ed, jemu\u017e se d\u011bti nevyhnou"}]},{"@type":"WebSite","@id":"https:\/\/regbu.com\/en\/#website","url":"https:\/\/regbu.com\/en\/","name":"REGBU.COM","description":"","potentialAction":[{"@type":"SearchAction","target":{"@type":"EntryPoint","urlTemplate":"https:\/\/regbu.com\/en\/?s={search_term_string}"},"query-input":{"@type":"PropertyValueSpecification","valueRequired":true,"valueName":"search_term_string"}}],"inLanguage":"sv-SE"},{"@type":"Person","@id":"https:\/\/regbu.com\/en\/#\/schema\/person\/94ea9deda2629771b8a9ced002f6784e","name":"George Martin","url":"https:\/\/regbu.com\/sv\/author\/george-martin\/"},{"@type":"Question","@id":"https:\/\/regbu.com\/sv\/obligatorisk-dockning-om-barnen-inte-kommer-ut\/#faq-question-1690437377500","position":1,"url":"https:\/\/regbu.com\/sv\/obligatorisk-dockning-om-barnen-inte-kommer-ut\/#faq-question-1690437377500","name":"Vad \u00e4r ett hexavaccine?","answerCount":1,"acceptedAnswer":{"@type":"Answer","text":"Jde o speci\u00e1ln\u00ed vakc\u00ednu ur\u010denou proti tetanu, \u010dern\u00e9mu ka\u0161lu, z\u00e1\u0161krtu, d\u011btsk\u00e9 obrn\u011b a virov\u00e9 hepatitid\u011b skupiny B.","inLanguage":"sv-SE"},"inLanguage":"sv-SE"},{"@type":"Question","@id":"https:\/\/regbu.com\/sv\/obligatorisk-dockning-om-barnen-inte-kommer-ut\/#faq-question-1690437384207","position":2,"url":"https:\/\/regbu.com\/sv\/obligatorisk-dockning-om-barnen-inte-kommer-ut\/#faq-question-1690437384207","name":"N\u00e4r administreras hexavaccinen?","answerCount":1,"acceptedAnswer":{"@type":"Answer","text":"Aplikuje se zhruba ve t\u0159et\u00edm m\u011bs\u00edci v\u011bku d\u00edt\u011bte.","inLanguage":"sv-SE"},"inLanguage":"sv-SE"},{"@type":"Question","@id":"https:\/\/regbu.com\/sv\/obligatorisk-dockning-om-barnen-inte-kommer-ut\/#faq-question-1690437391824","position":3,"url":"https:\/\/regbu.com\/sv\/obligatorisk-dockning-om-barnen-inte-kommer-ut\/#faq-question-1690437391824","name":"N\u00e4r ges vaccinet mot r\u00f6da hund, p\u00e5ssjuka och m\u00e4ssling?","answerCount":1,"acceptedAnswer":{"@type":"Answer","text":"Toto povinn\u00e9 o\u010dkov\u00e1n\u00ed je aplikov\u00e1no mezi t\u0159in\u00e1ct\u00fdm a osmn\u00e1ct\u00fdm m\u011bs\u00edcem v\u011bku d\u00edt\u011bte.","inLanguage":"sv-SE"},"inLanguage":"sv-SE"},{"@type":"Question","@id":"https:\/\/regbu.com\/sv\/obligatorisk-dockning-om-barnen-inte-kommer-ut\/#faq-question-1690437399852","position":4,"url":"https:\/\/regbu.com\/sv\/obligatorisk-dockning-om-barnen-inte-kommer-ut\/#faq-question-1690437399852","name":"Vilka andra kombinationsvacciner finns det?","answerCount":1,"acceptedAnswer":{"@type":"Answer","text":"Jmenovat lze nap\u0159\u00edklad kombinaci z\u00e1\u0161krtu, \u010dern\u00e9ho ka\u0161le a tetanu v p\u00e1t\u00e9m roce v\u011bku d\u00edt\u011bte. N\u00e1sledn\u00e9 p\u0159eo\u010dkov\u00e1n\u00ed prob\u00edh\u00e1 je\u0161t\u011b v des\u00e1t\u00e9m roce.","inLanguage":"sv-SE"},"inLanguage":"sv-SE"},{"@type":"Question","@id":"https:\/\/regbu.com\/sv\/obligatorisk-dockning-om-barnen-inte-kommer-ut\/#faq-question-1690437408632","position":5,"url":"https:\/\/regbu.com\/sv\/obligatorisk-dockning-om-barnen-inte-kommer-ut\/#faq-question-1690437408632","name":"Vad finns det f\u00f6r andra vaccinationer som riktar sig till s\u00e4rskilda grupper av barn?","answerCount":1,"acceptedAnswer":{"@type":"Answer","text":"Je to o\u010dkov\u00e1n\u00ed proti HEP B. D\u00e1le tak\u00e9 o\u010dkov\u00e1n\u00ed proti tuberkul\u00f3ze. Tyto typy o\u010dkov\u00e1n\u00ed v\u0161ak posuzuje l\u00e9ka\u0159 individu\u00e1ln\u011b.","inLanguage":"sv-SE"},"inLanguage":"sv-SE"}]}},"_links":{"self":[{"href":"https:\/\/regbu.com\/sv\/wp-json\/wp\/v2\/posts\/1277","targetHints":{"allow":["GET"]}}],"collection":[{"href":"https:\/\/regbu.com\/sv\/wp-json\/wp\/v2\/posts"}],"about":[{"href":"https:\/\/regbu.com\/sv\/wp-json\/wp\/v2\/types\/post"}],"author":[{"embeddable":true,"href":"https:\/\/regbu.com\/sv\/wp-json\/wp\/v2\/users\/2"}],"replies":[{"embeddable":true,"href":"https:\/\/regbu.com\/sv\/wp-json\/wp\/v2\/comments?post=1277"}],"version-history":[{"count":2,"href":"https:\/\/regbu.com\/sv\/wp-json\/wp\/v2\/posts\/1277\/revisions"}],"predecessor-version":[{"id":1295,"href":"https:\/\/regbu.com\/sv\/wp-json\/wp\/v2\/posts\/1277\/revisions\/1295"}],"wp:featuredmedia":[{"embeddable":true,"href":"https:\/\/regbu.com\/sv\/wp-json\/wp\/v2\/media\/1278"}],"wp:attachment":[{"href":"https:\/\/regbu.com\/sv\/wp-json\/wp\/v2\/media?parent=1277"}],"wp:term":[{"taxonomy":"category","embeddable":true,"href":"https:\/\/regbu.com\/sv\/wp-json\/wp\/v2\/categories?post=1277"},{"taxonomy":"post_tag","embeddable":true,"href":"https:\/\/regbu.com\/sv\/wp-json\/wp\/v2\/tags?post=1277"}],"curies":[{"name":"wp","href":"https:\/\/api.w.org\/{rel}","templated":true}]}}