{"id":1271,"date":"2023-07-25T07:44:52","date_gmt":"2023-07-25T05:44:52","guid":{"rendered":"https:\/\/regbu.com\/?p=1271"},"modified":"2025-09-05T07:40:28","modified_gmt":"2025-09-05T05:40:28","slug":"ocni-vady-s-nimiz-se-muzete-setkat","status":"publish","type":"post","link":"https:\/\/regbu.com\/sv\/ogon-defekter-med-nimiz-du-kan-mota\/","title":{"rendered":"\u00d6gonfel som du kan st\u00f6ta p\u00e5"},"content":{"rendered":"<p>\u00d6gonskador ska inte underskattas lika mycket som irriterande <strong><a href=\"https:\/\/regbu.com\/sv\/migran-orsakar-stort-obehag\/\">Migr\u00e4n<\/a><\/strong>. Om du f\u00f6rl\u00f6jligar \u00f6gonsjukdomar uts\u00e4tter du dig sj\u00e4lv f\u00f6r risken att drabbas av \u00f6gonskador. F\u00f6r att inte tala om den obevekliga sm\u00e4rtan. Varje s\u00e5dan sjukdom angriper en persons syn i f\u00f6rsta hand, s\u00e5 att du inom en kort tid inte kommer att kunna se. Och vilka sjukdomar st\u00f6ter du p\u00e5?<\/p>\n\n\n\n<ul class=\"wp-block-list\">\n<li>Gr\u00e5 starr<\/li>\n\n\n\n<li>Makuladegeneration<\/li>\n\n\n\n<li>Presbyopi<\/li>\n<\/ul>\n\n\n\n<p>Direkt i b\u00f6rjan kan vi fokusera p\u00e5 <strong>makuladegeneration<\/strong>som \u00e4r ett av de vanligaste \u00f6gondefekterna hos personer \u00f6ver 50 \u00e5r. Det kommer faktiskt med \u00e5ldern och en person med denna defekt kan se v\u00e4rlden omkring sig p\u00e5 ett f\u00f6rvr\u00e4ngt s\u00e4tt.<\/p>\n\n\n\n<h2 class=\"wp-block-heading\">\u00d6gonfel under lupp<\/h2>\n\n\n\n<p>Men l\u00e5t oss titta p\u00e5 andra \u00f6gonfel. Dessa inkluderar de tidigare n\u00e4mnda gr\u00e5 starr. Detta kallas ofta f\u00f6r gr\u00e5 starr. Denna sjukdom p\u00e5verkar linsen och grumlar bokstavligen synen. Personen kan inte se klart och f\u00e4rgerna bleknar l\u00e5ngsamt bort. \u00c4ven denna sjukdom drabbar fr\u00e4mst \u00e4ldre personer. Och vilka andra \u00f6gonfel kan du st\u00f6ta p\u00e5?<\/p>\n\n\n\n<figure class=\"wp-block-table\"><table><tbody><tr><td><strong>\u00d6gonfel<\/strong><\/td><td><strong>Information<\/strong><\/td><\/tr><tr><td>Avlossning av n\u00e4thinnan<\/td><td>Hos myopiska patienter<\/td><\/tr><tr><td>Diabetisk retinopati<\/td><td>Oftast hos diabetiker<\/td><\/tr><tr><td>Gr\u00f6n dimma<\/td><td>\u00c4ven k\u00e4nd som en gaukom<\/td><\/tr><tr><td>Presbyopi<\/td><td>F\u00f6rlust av linsens elasticitet<\/td><\/tr><\/tbody><\/table><figcaption class=\"wp-element-caption\">L\u00e4r k\u00e4nna de mest obehagliga och vanliga \u00f6gondefekterna hos m\u00e4nniskor.<\/figcaption><\/figure>\n\n\n\n<p><em>Till skillnad fr\u00e5n gr\u00e5 starr kan glaukom ses hos personer \u00f6ver 40 \u00e5rs \u00e5lder<\/em>. Lyckligtvis kan denna sjukdom botas med hj\u00e4lp av modern teknik, det vill s\u00e4ga med hj\u00e4lp av en speciell laser.<\/p>\n\n\n\n<h3 class=\"wp-block-heading\">Ytterligare information om \u00f6gonskador<\/h3>\n\n\n\n<p>I samband med denna artikel har vi inte n\u00e4mnt, till exempel <strong>grumlighet i glaskroppen<\/strong>. Om du lider av en s\u00e5dan sjukdom kommer du att se m\u00e5nga svarta tr\u00e5dar som st\u00f6r i synf\u00e4ltet. Ett visst f\u00f6rebyggande mot denna sjukdom \u00e4r att st\u00e4rka \u00f6gonmusklerna. Denna metod kommer ocks\u00e5 att vara till nytta f\u00f6r presbyopi. Det drabbas oftast av m\u00e4nniskor som sitter och stirrar p\u00e5 en dator i flera l\u00e5nga timmar om dagen.<\/p>\n\n\n\n<p>Ett mer kr\u00e4vande ingrepp \u00e4r t.ex. n\u00e4thinneavlossning. Men om du inte tillh\u00f6r en riskgrupp och regelbundet bes\u00f6ker en \u00f6gonl\u00e4kare kan en s\u00e5dan sjukdom f\u00f6rebyggas. Kom ih\u00e5g att \u00f6gonen \u00e4r ett av de viktigaste sinnena, s\u00e5 ta hand om dem och ta itu med eventuella problem tidigt.<\/p>","protected":false},"excerpt":{"rendered":"<p>\u00d6gonfel ska inte underskattas p\u00e5 samma s\u00e4tt som obehaglig migr\u00e4n. Om du tar l\u00e4tt p\u00e5 \u00f6gonsjukdomar uts\u00e4tter du dig sj\u00e4lv f\u00f6r risken att drabbas av \u00f6gonskador. F\u00f6r att inte tala om den obevekliga sm\u00e4rtan. Varje s\u00e5dan sjukdom angriper en persons syn i f\u00f6rsta hand, s\u00e5 att du inom en kort tid inte kommer att kunna se. Och vilka sjukdomar st\u00f6ter man p\u00e5? Tja, till att b\u00f6rja med... <\/p>","protected":false},"author":2,"featured_media":1272,"comment_status":"closed","ping_status":"closed","sticky":false,"template":"","format":"standard","meta":{"footnotes":""},"categories":[197],"tags":[1522,1520,1528,1526,1529,1524,1527,1523,1521,1525],"class_list":["post-1271","post","type-post","status-publish","format-standard","has-post-thumbnail","hentry","category-lidske-zdravi","tag-ocni-vada","tag-ocni-vady","tag-operace","tag-presbyopie","tag-retinopatie","tag-sedy-zakal","tag-sitnice","tag-vada","tag-vady","tag-zeleny-zakal"],"yoast_head":"<!-- This site is optimized with the Yoast SEO plugin v27.4 - https:\/\/yoast.com\/product\/yoast-seo-wordpress\/ -->\n<title>O\u010dn\u00ed vady, s nimi\u017e se m\u016f\u017eete setkat - REGBU.COM<\/title>\n<meta name=\"description\" content=\"Pokud V\u00e1s tr\u00e1p\u00ed o\u010dn\u00ed vady, je to ur\u010dit\u011b nep\u0159\u00edjemn\u00e9. Zjist\u011bte, s \u010d\u00edm se m\u016f\u017eete setkat a jak takov\u00e9 probl\u00e9my \u0159e\u0161it.\" \/>\n<meta name=\"robots\" content=\"index, follow, max-snippet:-1, max-image-preview:large, max-video-preview:-1\" \/>\n<link rel=\"canonical\" href=\"https:\/\/regbu.com\/sv\/ogon-defekter-med-nimiz-du-kan-mota\/\" \/>\n<meta property=\"og:locale\" content=\"sv_SE\" \/>\n<meta property=\"og:type\" content=\"article\" \/>\n<meta property=\"og:title\" content=\"O\u010dn\u00ed vady, s nimi\u017e se m\u016f\u017eete setkat - REGBU.COM\" \/>\n<meta property=\"og:description\" content=\"Pokud V\u00e1s tr\u00e1p\u00ed o\u010dn\u00ed vady, je to ur\u010dit\u011b nep\u0159\u00edjemn\u00e9. Zjist\u011bte, s \u010d\u00edm se m\u016f\u017eete setkat a jak takov\u00e9 probl\u00e9my \u0159e\u0161it.\" \/>\n<meta property=\"og:url\" content=\"https:\/\/regbu.com\/sv\/ogon-defekter-med-nimiz-du-kan-mota\/\" \/>\n<meta property=\"og:site_name\" content=\"REGBU.COM\" \/>\n<meta property=\"article:published_time\" content=\"2023-07-25T05:44:52+00:00\" \/>\n<meta property=\"article:modified_time\" content=\"2025-09-05T05:40:28+00:00\" \/>\n<meta property=\"og:image\" content=\"https:\/\/regbu.com\/wp-content\/uploads\/2023\/07\/ocni-vady-s-nimiz-se-muzete-setkat.jpg\" \/>\n\t<meta property=\"og:image:width\" content=\"1200\" \/>\n\t<meta property=\"og:image:height\" content=\"677\" \/>\n\t<meta property=\"og:image:type\" content=\"image\/jpeg\" \/>\n<meta name=\"author\" content=\"George Martin\" \/>\n<meta name=\"twitter:card\" content=\"summary_large_image\" \/>\n<meta name=\"twitter:label1\" content=\"Skriven av\" \/>\n\t<meta name=\"twitter:data1\" content=\"George Martin\" \/>\n\t<meta name=\"twitter:label2\" content=\"Ber\u00e4knad l\u00e4stid\" \/>\n\t<meta name=\"twitter:data2\" content=\"2 minuter\" \/>\n<script type=\"application\/ld+json\" class=\"yoast-schema-graph\">{\"@context\":\"https:\\\/\\\/schema.org\",\"@graph\":[{\"@type\":\"Article\",\"@id\":\"https:\\\/\\\/regbu.com\\\/sv\\\/ogon-defekter-med-nimiz-du-kan-mota\\\/#article\",\"isPartOf\":{\"@id\":\"https:\\\/\\\/regbu.com\\\/sv\\\/ogon-defekter-med-nimiz-du-kan-mota\\\/\"},\"author\":{\"name\":\"George Martin\",\"@id\":\"https:\\\/\\\/regbu.com\\\/en\\\/#\\\/schema\\\/person\\\/94ea9deda2629771b8a9ced002f6784e\"},\"headline\":\"O\u010dn\u00ed vady, s nimi\u017e se m\u016f\u017eete setkat\",\"datePublished\":\"2023-07-25T05:44:52+00:00\",\"dateModified\":\"2025-09-05T05:40:28+00:00\",\"mainEntityOfPage\":{\"@id\":\"https:\\\/\\\/regbu.com\\\/sv\\\/ogon-defekter-med-nimiz-du-kan-mota\\\/\"},\"wordCount\":476,\"image\":{\"@id\":\"https:\\\/\\\/regbu.com\\\/sv\\\/ogon-defekter-med-nimiz-du-kan-mota\\\/#primaryimage\"},\"thumbnailUrl\":\"https:\\\/\\\/regbu.com\\\/wp-content\\\/uploads\\\/2023\\\/07\\\/ocni-vady-s-nimiz-se-muzete-setkat.jpg\",\"keywords\":[\"o\u010dn\u00ed vada\",\"o\u010dn\u00ed vady\",\"operace\",\"presbyopie\",\"retinopatie\",\"\u0161ed\u00fd z\u00e1kal\",\"s\u00edtnice\",\"vada\",\"vady\",\"zelen\u00fd z\u00e1kal\"],\"articleSection\":[\"Lidsk\u00e9 Zdrav\u00ed\"],\"inLanguage\":\"sv-SE\"},{\"@type\":\"WebPage\",\"@id\":\"https:\\\/\\\/regbu.com\\\/sv\\\/ogon-defekter-med-nimiz-du-kan-mota\\\/\",\"url\":\"https:\\\/\\\/regbu.com\\\/sv\\\/ogon-defekter-med-nimiz-du-kan-mota\\\/\",\"name\":\"O\u010dn\u00ed vady, s nimi\u017e se m\u016f\u017eete setkat - REGBU.COM\",\"isPartOf\":{\"@id\":\"https:\\\/\\\/regbu.com\\\/en\\\/#website\"},\"primaryImageOfPage\":{\"@id\":\"https:\\\/\\\/regbu.com\\\/sv\\\/ogon-defekter-med-nimiz-du-kan-mota\\\/#primaryimage\"},\"image\":{\"@id\":\"https:\\\/\\\/regbu.com\\\/sv\\\/ogon-defekter-med-nimiz-du-kan-mota\\\/#primaryimage\"},\"thumbnailUrl\":\"https:\\\/\\\/regbu.com\\\/wp-content\\\/uploads\\\/2023\\\/07\\\/ocni-vady-s-nimiz-se-muzete-setkat.jpg\",\"datePublished\":\"2023-07-25T05:44:52+00:00\",\"dateModified\":\"2025-09-05T05:40:28+00:00\",\"author\":{\"@id\":\"https:\\\/\\\/regbu.com\\\/en\\\/#\\\/schema\\\/person\\\/94ea9deda2629771b8a9ced002f6784e\"},\"description\":\"Pokud V\u00e1s tr\u00e1p\u00ed o\u010dn\u00ed vady, je to ur\u010dit\u011b nep\u0159\u00edjemn\u00e9. Zjist\u011bte, s \u010d\u00edm se m\u016f\u017eete setkat a jak takov\u00e9 probl\u00e9my \u0159e\u0161it.\",\"breadcrumb\":{\"@id\":\"https:\\\/\\\/regbu.com\\\/sv\\\/ogon-defekter-med-nimiz-du-kan-mota\\\/#breadcrumb\"},\"inLanguage\":\"sv-SE\",\"potentialAction\":[{\"@type\":\"ReadAction\",\"target\":[\"https:\\\/\\\/regbu.com\\\/sv\\\/ogon-defekter-med-nimiz-du-kan-mota\\\/\"]}]},{\"@type\":\"ImageObject\",\"inLanguage\":\"sv-SE\",\"@id\":\"https:\\\/\\\/regbu.com\\\/sv\\\/ogon-defekter-med-nimiz-du-kan-mota\\\/#primaryimage\",\"url\":\"https:\\\/\\\/regbu.com\\\/wp-content\\\/uploads\\\/2023\\\/07\\\/ocni-vady-s-nimiz-se-muzete-setkat.jpg\",\"contentUrl\":\"https:\\\/\\\/regbu.com\\\/wp-content\\\/uploads\\\/2023\\\/07\\\/ocni-vady-s-nimiz-se-muzete-setkat.jpg\",\"width\":1200,\"height\":677,\"caption\":\"O\u010dn\u00ed vady, s nimi\u017e se m\u016f\u017eete setkat\"},{\"@type\":\"BreadcrumbList\",\"@id\":\"https:\\\/\\\/regbu.com\\\/sv\\\/ogon-defekter-med-nimiz-du-kan-mota\\\/#breadcrumb\",\"itemListElement\":[{\"@type\":\"ListItem\",\"position\":1,\"name\":\"Home\",\"item\":\"https:\\\/\\\/regbu.com\\\/en\\\/\"},{\"@type\":\"ListItem\",\"position\":2,\"name\":\"O\u010dn\u00ed vady, s nimi\u017e se m\u016f\u017eete setkat\"}]},{\"@type\":\"WebSite\",\"@id\":\"https:\\\/\\\/regbu.com\\\/en\\\/#website\",\"url\":\"https:\\\/\\\/regbu.com\\\/en\\\/\",\"name\":\"REGBU.COM\",\"description\":\"\",\"potentialAction\":[{\"@type\":\"SearchAction\",\"target\":{\"@type\":\"EntryPoint\",\"urlTemplate\":\"https:\\\/\\\/regbu.com\\\/en\\\/?s={search_term_string}\"},\"query-input\":{\"@type\":\"PropertyValueSpecification\",\"valueRequired\":true,\"valueName\":\"search_term_string\"}}],\"inLanguage\":\"sv-SE\"},{\"@type\":\"Person\",\"@id\":\"https:\\\/\\\/regbu.com\\\/en\\\/#\\\/schema\\\/person\\\/94ea9deda2629771b8a9ced002f6784e\",\"name\":\"George Martin\",\"url\":\"https:\\\/\\\/regbu.com\\\/sv\\\/author\\\/george-martin\\\/\"}]}<\/script>\n<!-- \/ Yoast SEO plugin. -->","yoast_head_json":{"title":"\u00d6gonfel som du kan st\u00f6ta p\u00e5 - REGBU.COM","description":"Om du pl\u00e5gas av \u00f6gonfel \u00e4r det definitivt obehagligt. Ta reda p\u00e5 vad du kan st\u00f6ta p\u00e5 och hur du l\u00f6ser s\u00e5dana problem.","robots":{"index":"index","follow":"follow","max-snippet":"max-snippet:-1","max-image-preview":"max-image-preview:large","max-video-preview":"max-video-preview:-1"},"canonical":"https:\/\/regbu.com\/sv\/ogon-defekter-med-nimiz-du-kan-mota\/","og_locale":"sv_SE","og_type":"article","og_title":"O\u010dn\u00ed vady, s nimi\u017e se m\u016f\u017eete setkat - REGBU.COM","og_description":"Pokud V\u00e1s tr\u00e1p\u00ed o\u010dn\u00ed vady, je to ur\u010dit\u011b nep\u0159\u00edjemn\u00e9. Zjist\u011bte, s \u010d\u00edm se m\u016f\u017eete setkat a jak takov\u00e9 probl\u00e9my \u0159e\u0161it.","og_url":"https:\/\/regbu.com\/sv\/ogon-defekter-med-nimiz-du-kan-mota\/","og_site_name":"REGBU.COM","article_published_time":"2023-07-25T05:44:52+00:00","article_modified_time":"2025-09-05T05:40:28+00:00","og_image":[{"width":1200,"height":677,"url":"https:\/\/regbu.com\/wp-content\/uploads\/2023\/07\/ocni-vady-s-nimiz-se-muzete-setkat.jpg","type":"image\/jpeg"}],"author":"George Martin","twitter_card":"summary_large_image","twitter_misc":{"Skriven av":"George Martin","Ber\u00e4knad l\u00e4stid":"2 minuter"},"schema":{"@context":"https:\/\/schema.org","@graph":[{"@type":"Article","@id":"https:\/\/regbu.com\/sv\/ogon-defekter-med-nimiz-du-kan-mota\/#article","isPartOf":{"@id":"https:\/\/regbu.com\/sv\/ogon-defekter-med-nimiz-du-kan-mota\/"},"author":{"name":"George Martin","@id":"https:\/\/regbu.com\/en\/#\/schema\/person\/94ea9deda2629771b8a9ced002f6784e"},"headline":"O\u010dn\u00ed vady, s nimi\u017e se m\u016f\u017eete setkat","datePublished":"2023-07-25T05:44:52+00:00","dateModified":"2025-09-05T05:40:28+00:00","mainEntityOfPage":{"@id":"https:\/\/regbu.com\/sv\/ogon-defekter-med-nimiz-du-kan-mota\/"},"wordCount":476,"image":{"@id":"https:\/\/regbu.com\/sv\/ogon-defekter-med-nimiz-du-kan-mota\/#primaryimage"},"thumbnailUrl":"https:\/\/regbu.com\/wp-content\/uploads\/2023\/07\/ocni-vady-s-nimiz-se-muzete-setkat.jpg","keywords":["o\u010dn\u00ed vada","o\u010dn\u00ed vady","operace","presbyopie","retinopatie","\u0161ed\u00fd z\u00e1kal","s\u00edtnice","vada","vady","zelen\u00fd z\u00e1kal"],"articleSection":["Lidsk\u00e9 Zdrav\u00ed"],"inLanguage":"sv-SE"},{"@type":"WebPage","@id":"https:\/\/regbu.com\/sv\/ogon-defekter-med-nimiz-du-kan-mota\/","url":"https:\/\/regbu.com\/sv\/ogon-defekter-med-nimiz-du-kan-mota\/","name":"\u00d6gonfel som du kan st\u00f6ta p\u00e5 - REGBU.COM","isPartOf":{"@id":"https:\/\/regbu.com\/en\/#website"},"primaryImageOfPage":{"@id":"https:\/\/regbu.com\/sv\/ogon-defekter-med-nimiz-du-kan-mota\/#primaryimage"},"image":{"@id":"https:\/\/regbu.com\/sv\/ogon-defekter-med-nimiz-du-kan-mota\/#primaryimage"},"thumbnailUrl":"https:\/\/regbu.com\/wp-content\/uploads\/2023\/07\/ocni-vady-s-nimiz-se-muzete-setkat.jpg","datePublished":"2023-07-25T05:44:52+00:00","dateModified":"2025-09-05T05:40:28+00:00","author":{"@id":"https:\/\/regbu.com\/en\/#\/schema\/person\/94ea9deda2629771b8a9ced002f6784e"},"description":"Om du pl\u00e5gas av \u00f6gonfel \u00e4r det definitivt obehagligt. Ta reda p\u00e5 vad du kan st\u00f6ta p\u00e5 och hur du l\u00f6ser s\u00e5dana problem.","breadcrumb":{"@id":"https:\/\/regbu.com\/sv\/ogon-defekter-med-nimiz-du-kan-mota\/#breadcrumb"},"inLanguage":"sv-SE","potentialAction":[{"@type":"ReadAction","target":["https:\/\/regbu.com\/sv\/ogon-defekter-med-nimiz-du-kan-mota\/"]}]},{"@type":"ImageObject","inLanguage":"sv-SE","@id":"https:\/\/regbu.com\/sv\/ogon-defekter-med-nimiz-du-kan-mota\/#primaryimage","url":"https:\/\/regbu.com\/wp-content\/uploads\/2023\/07\/ocni-vady-s-nimiz-se-muzete-setkat.jpg","contentUrl":"https:\/\/regbu.com\/wp-content\/uploads\/2023\/07\/ocni-vady-s-nimiz-se-muzete-setkat.jpg","width":1200,"height":677,"caption":"O\u010dn\u00ed vady, s nimi\u017e se m\u016f\u017eete setkat"},{"@type":"BreadcrumbList","@id":"https:\/\/regbu.com\/sv\/ogon-defekter-med-nimiz-du-kan-mota\/#breadcrumb","itemListElement":[{"@type":"ListItem","position":1,"name":"Home","item":"https:\/\/regbu.com\/en\/"},{"@type":"ListItem","position":2,"name":"O\u010dn\u00ed vady, s nimi\u017e se m\u016f\u017eete setkat"}]},{"@type":"WebSite","@id":"https:\/\/regbu.com\/en\/#website","url":"https:\/\/regbu.com\/en\/","name":"REGBU.COM","description":"","potentialAction":[{"@type":"SearchAction","target":{"@type":"EntryPoint","urlTemplate":"https:\/\/regbu.com\/en\/?s={search_term_string}"},"query-input":{"@type":"PropertyValueSpecification","valueRequired":true,"valueName":"search_term_string"}}],"inLanguage":"sv-SE"},{"@type":"Person","@id":"https:\/\/regbu.com\/en\/#\/schema\/person\/94ea9deda2629771b8a9ced002f6784e","name":"George Martin","url":"https:\/\/regbu.com\/sv\/author\/george-martin\/"}]}},"_links":{"self":[{"href":"https:\/\/regbu.com\/sv\/wp-json\/wp\/v2\/posts\/1271","targetHints":{"allow":["GET"]}}],"collection":[{"href":"https:\/\/regbu.com\/sv\/wp-json\/wp\/v2\/posts"}],"about":[{"href":"https:\/\/regbu.com\/sv\/wp-json\/wp\/v2\/types\/post"}],"author":[{"embeddable":true,"href":"https:\/\/regbu.com\/sv\/wp-json\/wp\/v2\/users\/2"}],"replies":[{"embeddable":true,"href":"https:\/\/regbu.com\/sv\/wp-json\/wp\/v2\/comments?post=1271"}],"version-history":[{"count":2,"href":"https:\/\/regbu.com\/sv\/wp-json\/wp\/v2\/posts\/1271\/revisions"}],"predecessor-version":[{"id":1293,"href":"https:\/\/regbu.com\/sv\/wp-json\/wp\/v2\/posts\/1271\/revisions\/1293"}],"wp:featuredmedia":[{"embeddable":true,"href":"https:\/\/regbu.com\/sv\/wp-json\/wp\/v2\/media\/1272"}],"wp:attachment":[{"href":"https:\/\/regbu.com\/sv\/wp-json\/wp\/v2\/media?parent=1271"}],"wp:term":[{"taxonomy":"category","embeddable":true,"href":"https:\/\/regbu.com\/sv\/wp-json\/wp\/v2\/categories?post=1271"},{"taxonomy":"post_tag","embeddable":true,"href":"https:\/\/regbu.com\/sv\/wp-json\/wp\/v2\/tags?post=1271"}],"curies":[{"name":"wp","href":"https:\/\/api.w.org\/{rel}","templated":true}]}}