{"id":1224,"date":"2023-07-23T16:02:57","date_gmt":"2023-07-23T14:02:57","guid":{"rendered":"https:\/\/regbu.com\/?p=1224"},"modified":"2025-09-05T07:40:47","modified_gmt":"2025-09-05T05:40:47","slug":"styl-bryli-musi-ladit-s-vasim-oblicejem","status":"publish","type":"post","link":"https:\/\/regbu.com\/sv\/style-bryli-maste-matcha-med-ditt-ansikte\/","title":{"rendered":"Glas\u00f6gonens stil m\u00e5ste matcha ditt ansikte"},"content":{"rendered":"<p>Du kan v\u00e4lja glas\u00f6gonmodell baserat p\u00e5 en m\u00e4ngd olika saker. Det \u00e4r ungef\u00e4r som <strong><a href=\"https:\/\/regbu.com\/sv\/typer-av-klockor-efter-kladstil\/\">typer av klockor<\/a><\/strong>som du kan v\u00e4lja, till exempel beroende p\u00e5 den sociala tillst\u00e4llningen. Det \u00e4r lite annorlunda med glas\u00f6gon eftersom de ocks\u00e5 ska matcha ditt ansikte. Alla har lite olika form och olika glas\u00f6gon passar dem. F\u00f6rst d\u00e5 fokuserar du p\u00e5 de andra sakerna.<\/p>\n\n\n\n<ul class=\"wp-block-list\">\n<li>Materialbearbetning av ramar<\/li>\n\n\n\n<li>F\u00e4rgning av glas\u00f6gon<\/li>\n\n\n\n<li>Val av l\u00e4mpliga glas\u00f6gon<\/li>\n<\/ul>\n\n\n\n<h2 class=\"wp-block-heading\">Vilken typ av ansikte har du?<\/h2>\n\n\n\n<p>Om du vill hitta den glas\u00f6gonmodell som passar dig b\u00e4st b\u00f6r du f\u00f6rst ta reda p\u00e5 det, <strong>vilken typ av ansikte du har<\/strong>. Ett enkelt verktyg r\u00e4cker f\u00f6r detta. Titta dig i spegeln eller ta en bild p\u00e5 dig sj\u00e4lv och j\u00e4mf\u00f6r ditt ansikte med andra enligt ett av m\u00e5stena p\u00e5 internet. Sedan kan du v\u00e4lja dina glas\u00f6gon.<\/p>\n\n\n\n<figure class=\"wp-block-table\"><table><tbody><tr><td><strong>Ansiktsform<\/strong><\/td><td><strong>Typ av glas\u00f6gon<\/strong><\/td><\/tr><tr><td>Ovala<\/td><td>N\u00e4stan alla former<\/td><\/tr><tr><td>Hj\u00e4rta<\/td><td>Cat och full hoops<\/td><\/tr><tr><td>Runda<\/td><td>Fyrkantiga f\u00e4lgar<\/td><\/tr><tr><td>Oblong<\/td><td>Ovala och runda glas<\/td><\/tr><\/tbody><\/table><figcaption class=\"wp-element-caption\">V\u00e4lj r\u00e4tt glas\u00f6gon f\u00f6r din ansiktsform.<\/figcaption><\/figure>\n\n\n\n<p>Om du r\u00e5kar ha ett triangelformat ansikte b\u00f6r du anv\u00e4nda glas\u00f6gonen f\u00f6r att markera den \u00f6vre delen av ditt ansikte. Prova bredare b\u00e5gar. Alternativt kan du anv\u00e4nda f\u00e4rggradienter mellan b\u00e5garnas \u00f6vre och nedre del.<\/p>\n\n\n\n<h3 class=\"wp-block-heading\">Stil p\u00e5 glas\u00f6gon beroende p\u00e5 hudf\u00e4rg<\/h3>\n\n\n\n<p>Naturligtvis s\u00e4ger hudf\u00e4rg ingenting om vilken form av b\u00e5gar du b\u00f6r v\u00e4lja. Den tidigare n\u00e4mnda ansiktsformen kommer att tj\u00e4na dig v\u00e4l f\u00f6r det. <strong>Hudf\u00e4rg<\/strong> \u00e4r dock en anv\u00e4ndbar guide n\u00e4r du ska v\u00e4lja den perfekta ramf\u00e4rgen. Om du \u00e4r vintertypen ska du v\u00e4lja svart, gr\u00e5tt, bl\u00e5tt eller vitt. Om din f\u00e4rg tillh\u00f6r gruppen v\u00e5rtyper kommer ljusare b\u00e5gar definitivt att vinna. Brons, brunt och guld \u00e4r tydliga bevis p\u00e5 detta.<\/p>\n\n\n\n<p>Vi f\u00e5r inte gl\u00f6mma sommartyperna, d\u00e4r dj\u00e4rva f\u00e4rger vinner. Vad skulle du s\u00e4ga om violett, r\u00f6tt, silvergr\u00e5tt eller en kombination av bl\u00e5tt och gr\u00e5tt? Och vilken typ av glas\u00f6gon ska kvinnor som har mer h\u00f6stf\u00e4rgade hudtoner v\u00e4lja? Det finns inget att diskutera h\u00e4r. Ta v\u00e4gen via jordn\u00e4ra f\u00e4rger. Till dessa h\u00f6r <em>m\u00f6rkt<\/em> <em>gr\u00f6n, orange, brun, men \u00e4ven djup vanilj<\/em>. Om du f\u00f6ljer ovanst\u00e5ende r\u00e5d kan du i h\u00f6g grad p\u00e5verka din outfit med glas\u00f6gon.<\/p>","protected":false},"excerpt":{"rendered":"<p>Du kan v\u00e4lja glas\u00f6gonstil baserat p\u00e5 en m\u00e4ngd olika saker. Det \u00e4r ungef\u00e4r som de typer av klockor du v\u00e4ljer baserat p\u00e5, s\u00e4g, en social h\u00e4ndelse. Med glas\u00f6gon \u00e4r det lite annorlunda eftersom de ocks\u00e5 ska matcha ditt ansikte. Alla har en lite annorlunda form och olika glas\u00f6gon passar till det. F\u00f6rst d\u00e5 ... <\/p>","protected":false},"author":2,"featured_media":1225,"comment_status":"closed","ping_status":"closed","sticky":false,"template":"","format":"standard","meta":{"footnotes":""},"categories":[671],"tags":[740,1068,1437,979,1436,1433,981,1438,1431,1434,993,1435],"class_list":["post-1224","post","type-post","status-publish","format-standard","has-post-thumbnail","hentry","category-moda","tag-barva","tag-bryle","tag-kulaty","tag-oblicej","tag-obroucek","tag-obroucky","tag-ovalny","tag-srdce","tag-styl-bryli","tag-tvar","tag-tvar-obliceje","tag-zabarveni"],"yoast_head":"<!-- This site is optimized with the Yoast SEO plugin v27.5 - https:\/\/yoast.com\/product\/yoast-seo-wordpress\/ -->\n<title>Styl br\u00fdl\u00ed mus\u00ed ladit s Va\u0161\u00edm obli\u010dejem - REGBU.COM<\/title>\n<meta name=\"description\" content=\"Styl br\u00fdl\u00ed je nekone\u010dnou z\u00e1le\u017eitost\u00ed. Zjist\u011bte, jak\u00e9 obrou\u010dky V\u00e1m padnou jako ulit\u00e9 pr\u00e1v\u011b na z\u00e1klad\u011b tvaru obli\u010deje.\" \/>\n<meta name=\"robots\" content=\"index, follow, max-snippet:-1, max-image-preview:large, max-video-preview:-1\" \/>\n<link rel=\"canonical\" href=\"https:\/\/regbu.com\/sv\/style-bryli-maste-matcha-med-ditt-ansikte\/\" \/>\n<meta property=\"og:locale\" content=\"sv_SE\" \/>\n<meta property=\"og:type\" content=\"article\" \/>\n<meta property=\"og:title\" content=\"Styl br\u00fdl\u00ed mus\u00ed ladit s Va\u0161\u00edm obli\u010dejem - REGBU.COM\" \/>\n<meta property=\"og:description\" content=\"Styl br\u00fdl\u00ed je nekone\u010dnou z\u00e1le\u017eitost\u00ed. Zjist\u011bte, jak\u00e9 obrou\u010dky V\u00e1m padnou jako ulit\u00e9 pr\u00e1v\u011b na z\u00e1klad\u011b tvaru obli\u010deje.\" \/>\n<meta property=\"og:url\" content=\"https:\/\/regbu.com\/sv\/style-bryli-maste-matcha-med-ditt-ansikte\/\" \/>\n<meta property=\"og:site_name\" content=\"REGBU.COM\" \/>\n<meta property=\"article:published_time\" content=\"2023-07-23T14:02:57+00:00\" \/>\n<meta property=\"article:modified_time\" content=\"2025-09-05T05:40:47+00:00\" \/>\n<meta property=\"og:image\" content=\"https:\/\/regbu.com\/wp-content\/uploads\/2023\/07\/styl-bryly-musi-ladit-s-vasim-oblicejem.jpg\" \/>\n\t<meta property=\"og:image:width\" content=\"1200\" \/>\n\t<meta property=\"og:image:height\" content=\"679\" \/>\n\t<meta property=\"og:image:type\" content=\"image\/jpeg\" \/>\n<meta name=\"author\" content=\"George Martin\" \/>\n<meta name=\"twitter:card\" content=\"summary_large_image\" \/>\n<meta name=\"twitter:label1\" content=\"Skriven av\" \/>\n\t<meta name=\"twitter:data1\" content=\"George Martin\" \/>\n\t<meta name=\"twitter:label2\" content=\"Ber\u00e4knad l\u00e4stid\" \/>\n\t<meta name=\"twitter:data2\" content=\"2 minuter\" \/>\n<script type=\"application\/ld+json\" class=\"yoast-schema-graph\">{\"@context\":\"https:\\\/\\\/schema.org\",\"@graph\":[{\"@type\":\"Article\",\"@id\":\"https:\\\/\\\/regbu.com\\\/sv\\\/style-bryli-maste-matcha-med-ditt-ansikte\\\/#article\",\"isPartOf\":{\"@id\":\"https:\\\/\\\/regbu.com\\\/sv\\\/style-bryli-maste-matcha-med-ditt-ansikte\\\/\"},\"author\":{\"name\":\"George Martin\",\"@id\":\"https:\\\/\\\/regbu.com\\\/en\\\/#\\\/schema\\\/person\\\/94ea9deda2629771b8a9ced002f6784e\"},\"headline\":\"Styl br\u00fdl\u00ed mus\u00ed ladit s Va\u0161\u00edm obli\u010dejem\",\"datePublished\":\"2023-07-23T14:02:57+00:00\",\"dateModified\":\"2025-09-05T05:40:47+00:00\",\"mainEntityOfPage\":{\"@id\":\"https:\\\/\\\/regbu.com\\\/sv\\\/style-bryli-maste-matcha-med-ditt-ansikte\\\/\"},\"wordCount\":455,\"image\":{\"@id\":\"https:\\\/\\\/regbu.com\\\/sv\\\/style-bryli-maste-matcha-med-ditt-ansikte\\\/#primaryimage\"},\"thumbnailUrl\":\"https:\\\/\\\/regbu.com\\\/wp-content\\\/uploads\\\/2023\\\/07\\\/styl-bryly-musi-ladit-s-vasim-oblicejem.jpg\",\"keywords\":[\"barva\",\"br\u00fdle\",\"kulat\u00fd\",\"obli\u010dej\",\"obrou\u010dek\",\"obrou\u010dky\",\"ov\u00e1ln\u00fd\",\"srdce\",\"styl br\u00fdl\u00ed\",\"tvar\",\"tvar obli\u010deje\",\"zabarven\u00ed\"],\"articleSection\":[\"M\u00f3da\"],\"inLanguage\":\"sv-SE\"},{\"@type\":\"WebPage\",\"@id\":\"https:\\\/\\\/regbu.com\\\/sv\\\/style-bryli-maste-matcha-med-ditt-ansikte\\\/\",\"url\":\"https:\\\/\\\/regbu.com\\\/sv\\\/style-bryli-maste-matcha-med-ditt-ansikte\\\/\",\"name\":\"Styl br\u00fdl\u00ed mus\u00ed ladit s Va\u0161\u00edm obli\u010dejem - REGBU.COM\",\"isPartOf\":{\"@id\":\"https:\\\/\\\/regbu.com\\\/en\\\/#website\"},\"primaryImageOfPage\":{\"@id\":\"https:\\\/\\\/regbu.com\\\/sv\\\/style-bryli-maste-matcha-med-ditt-ansikte\\\/#primaryimage\"},\"image\":{\"@id\":\"https:\\\/\\\/regbu.com\\\/sv\\\/style-bryli-maste-matcha-med-ditt-ansikte\\\/#primaryimage\"},\"thumbnailUrl\":\"https:\\\/\\\/regbu.com\\\/wp-content\\\/uploads\\\/2023\\\/07\\\/styl-bryly-musi-ladit-s-vasim-oblicejem.jpg\",\"datePublished\":\"2023-07-23T14:02:57+00:00\",\"dateModified\":\"2025-09-05T05:40:47+00:00\",\"author\":{\"@id\":\"https:\\\/\\\/regbu.com\\\/en\\\/#\\\/schema\\\/person\\\/94ea9deda2629771b8a9ced002f6784e\"},\"description\":\"Styl br\u00fdl\u00ed je nekone\u010dnou z\u00e1le\u017eitost\u00ed. Zjist\u011bte, jak\u00e9 obrou\u010dky V\u00e1m padnou jako ulit\u00e9 pr\u00e1v\u011b na z\u00e1klad\u011b tvaru obli\u010deje.\",\"breadcrumb\":{\"@id\":\"https:\\\/\\\/regbu.com\\\/sv\\\/style-bryli-maste-matcha-med-ditt-ansikte\\\/#breadcrumb\"},\"inLanguage\":\"sv-SE\",\"potentialAction\":[{\"@type\":\"ReadAction\",\"target\":[\"https:\\\/\\\/regbu.com\\\/sv\\\/style-bryli-maste-matcha-med-ditt-ansikte\\\/\"]}]},{\"@type\":\"ImageObject\",\"inLanguage\":\"sv-SE\",\"@id\":\"https:\\\/\\\/regbu.com\\\/sv\\\/style-bryli-maste-matcha-med-ditt-ansikte\\\/#primaryimage\",\"url\":\"https:\\\/\\\/regbu.com\\\/wp-content\\\/uploads\\\/2023\\\/07\\\/styl-bryly-musi-ladit-s-vasim-oblicejem.jpg\",\"contentUrl\":\"https:\\\/\\\/regbu.com\\\/wp-content\\\/uploads\\\/2023\\\/07\\\/styl-bryly-musi-ladit-s-vasim-oblicejem.jpg\",\"width\":1200,\"height\":679,\"caption\":\"Styl br\u00fdl\u00ed mus\u00ed ladit s Va\u0161\u00edm obli\u010dejem\"},{\"@type\":\"BreadcrumbList\",\"@id\":\"https:\\\/\\\/regbu.com\\\/sv\\\/style-bryli-maste-matcha-med-ditt-ansikte\\\/#breadcrumb\",\"itemListElement\":[{\"@type\":\"ListItem\",\"position\":1,\"name\":\"Home\",\"item\":\"https:\\\/\\\/regbu.com\\\/en\\\/\"},{\"@type\":\"ListItem\",\"position\":2,\"name\":\"Styl br\u00fdl\u00ed mus\u00ed ladit s Va\u0161\u00edm obli\u010dejem\"}]},{\"@type\":\"WebSite\",\"@id\":\"https:\\\/\\\/regbu.com\\\/en\\\/#website\",\"url\":\"https:\\\/\\\/regbu.com\\\/en\\\/\",\"name\":\"REGBU.COM\",\"description\":\"\",\"potentialAction\":[{\"@type\":\"SearchAction\",\"target\":{\"@type\":\"EntryPoint\",\"urlTemplate\":\"https:\\\/\\\/regbu.com\\\/en\\\/?s={search_term_string}\"},\"query-input\":{\"@type\":\"PropertyValueSpecification\",\"valueRequired\":true,\"valueName\":\"search_term_string\"}}],\"inLanguage\":\"sv-SE\"},{\"@type\":\"Person\",\"@id\":\"https:\\\/\\\/regbu.com\\\/en\\\/#\\\/schema\\\/person\\\/94ea9deda2629771b8a9ced002f6784e\",\"name\":\"George Martin\",\"url\":\"https:\\\/\\\/regbu.com\\\/sv\\\/author\\\/george-martin\\\/\"}]}<\/script>\n<!-- \/ Yoast SEO plugin. -->","yoast_head_json":{"title":"Glas\u00f6gonens stil m\u00e5ste matcha ditt ansikte - REGBU.COM","description":"Stilen p\u00e5 glas\u00f6gon \u00e4r en o\u00e4ndlig fr\u00e5ga. Ta reda p\u00e5 vilka b\u00e5gar som passar dig som handen i handsken baserat p\u00e5 din ansiktsform.","robots":{"index":"index","follow":"follow","max-snippet":"max-snippet:-1","max-image-preview":"max-image-preview:large","max-video-preview":"max-video-preview:-1"},"canonical":"https:\/\/regbu.com\/sv\/style-bryli-maste-matcha-med-ditt-ansikte\/","og_locale":"sv_SE","og_type":"article","og_title":"Styl br\u00fdl\u00ed mus\u00ed ladit s Va\u0161\u00edm obli\u010dejem - REGBU.COM","og_description":"Styl br\u00fdl\u00ed je nekone\u010dnou z\u00e1le\u017eitost\u00ed. Zjist\u011bte, jak\u00e9 obrou\u010dky V\u00e1m padnou jako ulit\u00e9 pr\u00e1v\u011b na z\u00e1klad\u011b tvaru obli\u010deje.","og_url":"https:\/\/regbu.com\/sv\/style-bryli-maste-matcha-med-ditt-ansikte\/","og_site_name":"REGBU.COM","article_published_time":"2023-07-23T14:02:57+00:00","article_modified_time":"2025-09-05T05:40:47+00:00","og_image":[{"width":1200,"height":679,"url":"https:\/\/regbu.com\/wp-content\/uploads\/2023\/07\/styl-bryly-musi-ladit-s-vasim-oblicejem.jpg","type":"image\/jpeg"}],"author":"George Martin","twitter_card":"summary_large_image","twitter_misc":{"Skriven av":"George Martin","Ber\u00e4knad l\u00e4stid":"2 minuter"},"schema":{"@context":"https:\/\/schema.org","@graph":[{"@type":"Article","@id":"https:\/\/regbu.com\/sv\/style-bryli-maste-matcha-med-ditt-ansikte\/#article","isPartOf":{"@id":"https:\/\/regbu.com\/sv\/style-bryli-maste-matcha-med-ditt-ansikte\/"},"author":{"name":"George Martin","@id":"https:\/\/regbu.com\/en\/#\/schema\/person\/94ea9deda2629771b8a9ced002f6784e"},"headline":"Styl br\u00fdl\u00ed mus\u00ed ladit s Va\u0161\u00edm obli\u010dejem","datePublished":"2023-07-23T14:02:57+00:00","dateModified":"2025-09-05T05:40:47+00:00","mainEntityOfPage":{"@id":"https:\/\/regbu.com\/sv\/style-bryli-maste-matcha-med-ditt-ansikte\/"},"wordCount":455,"image":{"@id":"https:\/\/regbu.com\/sv\/style-bryli-maste-matcha-med-ditt-ansikte\/#primaryimage"},"thumbnailUrl":"https:\/\/regbu.com\/wp-content\/uploads\/2023\/07\/styl-bryly-musi-ladit-s-vasim-oblicejem.jpg","keywords":["barva","br\u00fdle","kulat\u00fd","obli\u010dej","obrou\u010dek","obrou\u010dky","ov\u00e1ln\u00fd","srdce","styl br\u00fdl\u00ed","tvar","tvar obli\u010deje","zabarven\u00ed"],"articleSection":["M\u00f3da"],"inLanguage":"sv-SE"},{"@type":"WebPage","@id":"https:\/\/regbu.com\/sv\/style-bryli-maste-matcha-med-ditt-ansikte\/","url":"https:\/\/regbu.com\/sv\/style-bryli-maste-matcha-med-ditt-ansikte\/","name":"Glas\u00f6gonens stil m\u00e5ste matcha ditt ansikte - REGBU.COM","isPartOf":{"@id":"https:\/\/regbu.com\/en\/#website"},"primaryImageOfPage":{"@id":"https:\/\/regbu.com\/sv\/style-bryli-maste-matcha-med-ditt-ansikte\/#primaryimage"},"image":{"@id":"https:\/\/regbu.com\/sv\/style-bryli-maste-matcha-med-ditt-ansikte\/#primaryimage"},"thumbnailUrl":"https:\/\/regbu.com\/wp-content\/uploads\/2023\/07\/styl-bryly-musi-ladit-s-vasim-oblicejem.jpg","datePublished":"2023-07-23T14:02:57+00:00","dateModified":"2025-09-05T05:40:47+00:00","author":{"@id":"https:\/\/regbu.com\/en\/#\/schema\/person\/94ea9deda2629771b8a9ced002f6784e"},"description":"Stilen p\u00e5 glas\u00f6gon \u00e4r en o\u00e4ndlig fr\u00e5ga. Ta reda p\u00e5 vilka b\u00e5gar som passar dig som handen i handsken baserat p\u00e5 din ansiktsform.","breadcrumb":{"@id":"https:\/\/regbu.com\/sv\/style-bryli-maste-matcha-med-ditt-ansikte\/#breadcrumb"},"inLanguage":"sv-SE","potentialAction":[{"@type":"ReadAction","target":["https:\/\/regbu.com\/sv\/style-bryli-maste-matcha-med-ditt-ansikte\/"]}]},{"@type":"ImageObject","inLanguage":"sv-SE","@id":"https:\/\/regbu.com\/sv\/style-bryli-maste-matcha-med-ditt-ansikte\/#primaryimage","url":"https:\/\/regbu.com\/wp-content\/uploads\/2023\/07\/styl-bryly-musi-ladit-s-vasim-oblicejem.jpg","contentUrl":"https:\/\/regbu.com\/wp-content\/uploads\/2023\/07\/styl-bryly-musi-ladit-s-vasim-oblicejem.jpg","width":1200,"height":679,"caption":"Styl br\u00fdl\u00ed mus\u00ed ladit s Va\u0161\u00edm obli\u010dejem"},{"@type":"BreadcrumbList","@id":"https:\/\/regbu.com\/sv\/style-bryli-maste-matcha-med-ditt-ansikte\/#breadcrumb","itemListElement":[{"@type":"ListItem","position":1,"name":"Home","item":"https:\/\/regbu.com\/en\/"},{"@type":"ListItem","position":2,"name":"Styl br\u00fdl\u00ed mus\u00ed ladit s Va\u0161\u00edm obli\u010dejem"}]},{"@type":"WebSite","@id":"https:\/\/regbu.com\/en\/#website","url":"https:\/\/regbu.com\/en\/","name":"REGBU.COM","description":"","potentialAction":[{"@type":"SearchAction","target":{"@type":"EntryPoint","urlTemplate":"https:\/\/regbu.com\/en\/?s={search_term_string}"},"query-input":{"@type":"PropertyValueSpecification","valueRequired":true,"valueName":"search_term_string"}}],"inLanguage":"sv-SE"},{"@type":"Person","@id":"https:\/\/regbu.com\/en\/#\/schema\/person\/94ea9deda2629771b8a9ced002f6784e","name":"George Martin","url":"https:\/\/regbu.com\/sv\/author\/george-martin\/"}]}},"_links":{"self":[{"href":"https:\/\/regbu.com\/sv\/wp-json\/wp\/v2\/posts\/1224","targetHints":{"allow":["GET"]}}],"collection":[{"href":"https:\/\/regbu.com\/sv\/wp-json\/wp\/v2\/posts"}],"about":[{"href":"https:\/\/regbu.com\/sv\/wp-json\/wp\/v2\/types\/post"}],"author":[{"embeddable":true,"href":"https:\/\/regbu.com\/sv\/wp-json\/wp\/v2\/users\/2"}],"replies":[{"embeddable":true,"href":"https:\/\/regbu.com\/sv\/wp-json\/wp\/v2\/comments?post=1224"}],"version-history":[{"count":2,"href":"https:\/\/regbu.com\/sv\/wp-json\/wp\/v2\/posts\/1224\/revisions"}],"predecessor-version":[{"id":1233,"href":"https:\/\/regbu.com\/sv\/wp-json\/wp\/v2\/posts\/1224\/revisions\/1233"}],"wp:featuredmedia":[{"embeddable":true,"href":"https:\/\/regbu.com\/sv\/wp-json\/wp\/v2\/media\/1225"}],"wp:attachment":[{"href":"https:\/\/regbu.com\/sv\/wp-json\/wp\/v2\/media?parent=1224"}],"wp:term":[{"taxonomy":"category","embeddable":true,"href":"https:\/\/regbu.com\/sv\/wp-json\/wp\/v2\/categories?post=1224"},{"taxonomy":"post_tag","embeddable":true,"href":"https:\/\/regbu.com\/sv\/wp-json\/wp\/v2\/tags?post=1224"}],"curies":[{"name":"wp","href":"https:\/\/api.w.org\/{rel}","templated":true}]}}