{"id":1196,"date":"2023-07-22T15:39:45","date_gmt":"2023-07-22T13:39:45","guid":{"rendered":"https:\/\/regbu.com\/?p=1196"},"modified":"2025-09-05T07:40:39","modified_gmt":"2025-09-05T05:40:39","slug":"moderni-gymnastika-a-jeji-odnoze","status":"publish","type":"post","link":"https:\/\/regbu.com\/sv\/modern-gymnastik-och-sina-ben\/","title":{"rendered":"Modern gymnastik och dess grenar"},"content":{"rendered":"<p>Modern gymnastik k\u00e4nner inga gr\u00e4nser och har under de senaste \u00e5ren blivit en mycket eftertraktad sport. Man kan s\u00e4ga att dess popularitet f\u00f6ddes, eftersom med <strong><a href=\"https:\/\/regbu.com\/sv\/fria-faciliteter-fran-och-fran-till\/\">l\u00f6pning t\u00e4vlingar<\/a><\/strong>. Historien i sig \u00e4r f\u00f6rst\u00e5eligt nog l\u00e5ng.<\/p>\n\n\n\n<ul class=\"wp-block-list\">\n<li>Den har sina r\u00f6tter i det antika Grekland<\/li>\n\n\n\n<li>Med tiden inf\u00f6rlivades verktyg i \u00f6vningen<\/li>\n\n\n\n<li>Det \u00e4r en del av de olympiska spelen<\/li>\n<\/ul>\n\n\n\n<p>Som alla f\u00f6rmodligen gissar handlar modern gymnastik om r\u00f6relse och skicklighet. Dess st\u00f6rsta f\u00f6rdel \u00e4r utvecklingen av fysiska f\u00e4rdigheter. Dessutom finns det ocks\u00e5 en positiv mental utveckling. Det \u00e4r d\u00e4rf\u00f6r l\u00e4mpligt f\u00f6r barn i alla \u00e5ldrar som inte har fysiska begr\u00e4nsningar.<\/p>\n\n\n\n<h2 class=\"wp-block-heading\">Modern gymnastik under mikroskopet<\/h2>\n\n\n\n<p>Gymnastik av denna typ kombinerar mer eller mindre flera typer av r\u00f6relser tillsammans. Det \u00e4r f\u00f6rknippat med ett antal tr\u00e4ningselement, under vilka olika instrument anv\u00e4nds. Till exempel ringen, hopprepet, men ocks\u00e5 bandet p\u00e5 st\u00e5ngen och konen. I modern gymnastik tr\u00e4nas hela kroppen. B\u00e5de r\u00f6relse- och koordinationsegenskaperna hos en person f\u00f6rb\u00e4ttras.<\/p>\n\n\n\n<h3 class=\"wp-block-heading\">Andra grenar av gymnastik<\/h3>\n\n\n\n<p>Modern gymnastik \u00e4r inte det enda du kommer att st\u00f6ta p\u00e5. Du kan ocks\u00e5 anm\u00e4la dina barn till andra typer av gymnastik. Till exempel sportgymnastik eller ansiktsgymnastik. Det \u00e4r dessa vi kommer att diskutera mer detaljerat i fr\u00e5gorna och svaren nedan.<\/p>\n\n\n\n<div class=\"schema-faq wp-block-yoast-faq-block\"><div class=\"schema-faq-section\" id=\"faq-question-1690205999930\"><strong class=\"schema-faq-question\">Vad \u00e4r ansiktsgymnastik?<\/strong> <p class=\"schema-faq-answer\">Kallas ofta f\u00f6r ansiktsgymnastik. Den \u00e4r fr\u00e4mst f\u00f6rknippad med engagemang av ansiktsmusklerna.<\/p> <\/div> <div class=\"schema-faq-section\" id=\"faq-question-1690206006380\"><strong class=\"schema-faq-question\">Vad \u00e4r f\u00f6rdelen med ansiktsgymnastik?<\/strong> <p class=\"schema-faq-answer\">Det \u00f6kar blodcirkulationen i denna del av kroppen och \u00e5terfuktar huden.<\/p> <\/div> <div class=\"schema-faq-section\" id=\"faq-question-1690206012921\"><strong class=\"schema-faq-question\">Vad \u00e4r idrottsgymnastik?<\/strong> <p class=\"schema-faq-answer\">Det \u00e4r en t\u00e4vlingsinriktad typ av gymnastik med m\u00e5nga regler. Mer kr\u00e4vande \u00f6vningsmoment utf\u00f6rs inom en viss tidsram.<\/p> <\/div> <div class=\"schema-faq-section\" id=\"faq-question-1690206020291\"><strong class=\"schema-faq-question\">\u00c4r gymnastik l\u00e4mpligt f\u00f6r barn?<\/strong> <p class=\"schema-faq-answer\">Ja, det blir en imagin\u00e4r spr\u00e5ngbr\u00e4da f\u00f6r m\u00e5nga andra fysiska aktiviteter.<\/p> <\/div> <div class=\"schema-faq-section\" id=\"faq-question-1690206027342\"><strong class=\"schema-faq-question\">Vad \u00e4r r\u00e4tt kl\u00e4der att v\u00e4lja f\u00f6r gymnastik?<\/strong> <p class=\"schema-faq-answer\">Det m\u00e5ste vara ett plagg som g\u00f6r att du kan r\u00f6ra dig mycket och samtidigt inte b\u00f6ljar. Det \u00e4r d\u00e4rf\u00f6r plagg tillverkade av elastan oftast anv\u00e4nds. Oavsett om det \u00e4r shorts, leggings, trekvartsbyxor, linnen och s\u00e5 vidare.<\/p> <\/div> <\/div>","protected":false},"excerpt":{"rendered":"<p>Modern gymnastik k\u00e4nner inga gr\u00e4nser och har under de senaste \u00e5ren blivit en mycket eftertraktad sport. Man kan s\u00e4ga att dess popularitet f\u00f6ddes, som till exempel med terr\u00e4ngl\u00f6pning. Historien i sig \u00e4r f\u00f6rst\u00e5eligt l\u00e5ng. Som alla f\u00f6rmodligen korrekt gissar handlar modern gymnastik om r\u00f6relse och skicklighet. Dess st\u00f6rsta f\u00f6rdel \u00e4r utvecklingen av ... <\/p>","protected":false},"author":2,"featured_media":1197,"comment_status":"closed","ping_status":"closed","sticky":false,"template":"","format":"standard","meta":{"footnotes":""},"categories":[9],"tags":[1386,1384,1383,1389,824,1385,1387,783,1388,801],"class_list":["post-1196","post","type-post","status-publish","format-standard","has-post-thumbnail","hentry","category-sport","tag-elastan","tag-gymnastika","tag-moderni-gymnastika","tag-nacini","tag-obleceni","tag-oblicejova-gymnastika","tag-pohybova-aktivita","tag-sport","tag-sportovni-gymnastika","tag-svaly"],"yoast_head":"<!-- This site is optimized with the Yoast SEO plugin v27.5 - https:\/\/yoast.com\/product\/yoast-seo-wordpress\/ -->\n<title>Modern\u00ed gymnastika a jej\u00ed odno\u017ee - REGBU.COM<\/title>\n<meta name=\"description\" content=\"Modern\u00ed gymnastika je vhodn\u00e1 pro d\u011bti, mladistv\u00e9 i dosp\u011bl\u00e9. P\u0159isp\u00edv\u00e1 k lep\u0161\u00ed kondici a pos\u00edlen\u00e9 cel\u00e9ho t\u011bla.\" \/>\n<meta name=\"robots\" content=\"index, follow, max-snippet:-1, max-image-preview:large, max-video-preview:-1\" \/>\n<link rel=\"canonical\" href=\"https:\/\/regbu.com\/sv\/modern-gymnastik-och-sina-ben\/\" \/>\n<meta property=\"og:locale\" content=\"sv_SE\" \/>\n<meta property=\"og:type\" content=\"article\" \/>\n<meta property=\"og:title\" content=\"Modern\u00ed gymnastika a jej\u00ed odno\u017ee - REGBU.COM\" \/>\n<meta property=\"og:description\" content=\"Modern\u00ed gymnastika je vhodn\u00e1 pro d\u011bti, mladistv\u00e9 i dosp\u011bl\u00e9. P\u0159isp\u00edv\u00e1 k lep\u0161\u00ed kondici a pos\u00edlen\u00e9 cel\u00e9ho t\u011bla.\" \/>\n<meta property=\"og:url\" content=\"https:\/\/regbu.com\/sv\/modern-gymnastik-och-sina-ben\/\" \/>\n<meta property=\"og:site_name\" content=\"REGBU.COM\" \/>\n<meta property=\"article:published_time\" content=\"2023-07-22T13:39:45+00:00\" \/>\n<meta property=\"article:modified_time\" content=\"2025-09-05T05:40:39+00:00\" \/>\n<meta property=\"og:image\" content=\"https:\/\/regbu.com\/wp-content\/uploads\/2023\/07\/moderni-gymnastika-a-jeji-odnoze.jpg\" \/>\n\t<meta property=\"og:image:width\" content=\"1200\" \/>\n\t<meta property=\"og:image:height\" content=\"677\" \/>\n\t<meta property=\"og:image:type\" content=\"image\/jpeg\" \/>\n<meta name=\"author\" content=\"George Martin\" \/>\n<meta name=\"twitter:card\" content=\"summary_large_image\" \/>\n<meta name=\"twitter:label1\" content=\"Skriven av\" \/>\n\t<meta name=\"twitter:data1\" content=\"George Martin\" \/>\n\t<meta name=\"twitter:label2\" content=\"Ber\u00e4knad l\u00e4stid\" \/>\n\t<meta name=\"twitter:data2\" content=\"2 minuter\" \/>\n<script type=\"application\/ld+json\" class=\"yoast-schema-graph\">{\"@context\":\"https:\\\/\\\/schema.org\",\"@graph\":[{\"@type\":\"Article\",\"@id\":\"https:\\\/\\\/regbu.com\\\/sv\\\/modern-gymnastik-och-sina-ben\\\/#article\",\"isPartOf\":{\"@id\":\"https:\\\/\\\/regbu.com\\\/sv\\\/modern-gymnastik-och-sina-ben\\\/\"},\"author\":{\"name\":\"George Martin\",\"@id\":\"https:\\\/\\\/regbu.com\\\/en\\\/#\\\/schema\\\/person\\\/94ea9deda2629771b8a9ced002f6784e\"},\"headline\":\"Modern\u00ed gymnastika a jej\u00ed odno\u017ee\",\"datePublished\":\"2023-07-22T13:39:45+00:00\",\"dateModified\":\"2025-09-05T05:40:39+00:00\",\"mainEntityOfPage\":{\"@id\":\"https:\\\/\\\/regbu.com\\\/sv\\\/modern-gymnastik-och-sina-ben\\\/\"},\"wordCount\":426,\"image\":{\"@id\":\"https:\\\/\\\/regbu.com\\\/sv\\\/modern-gymnastik-och-sina-ben\\\/#primaryimage\"},\"thumbnailUrl\":\"https:\\\/\\\/regbu.com\\\/wp-content\\\/uploads\\\/2023\\\/07\\\/moderni-gymnastika-a-jeji-odnoze.jpg\",\"keywords\":[\"elastan\",\"gymnastika\",\"modern\u00ed gymnastika\",\"n\u00e1\u010din\u00ed\",\"oble\u010den\u00ed\",\"obli\u010dejov\u00e1 gymnastika\",\"pohybov\u00e1 aktivita\",\"sport\",\"sportovn\u00ed gymnastika\",\"svaly\"],\"articleSection\":[\"Sport\"],\"inLanguage\":\"sv-SE\"},{\"@type\":[\"WebPage\",\"FAQPage\"],\"@id\":\"https:\\\/\\\/regbu.com\\\/sv\\\/modern-gymnastik-och-sina-ben\\\/\",\"url\":\"https:\\\/\\\/regbu.com\\\/sv\\\/modern-gymnastik-och-sina-ben\\\/\",\"name\":\"Modern\u00ed gymnastika a jej\u00ed odno\u017ee - REGBU.COM\",\"isPartOf\":{\"@id\":\"https:\\\/\\\/regbu.com\\\/en\\\/#website\"},\"primaryImageOfPage\":{\"@id\":\"https:\\\/\\\/regbu.com\\\/sv\\\/modern-gymnastik-och-sina-ben\\\/#primaryimage\"},\"image\":{\"@id\":\"https:\\\/\\\/regbu.com\\\/sv\\\/modern-gymnastik-och-sina-ben\\\/#primaryimage\"},\"thumbnailUrl\":\"https:\\\/\\\/regbu.com\\\/wp-content\\\/uploads\\\/2023\\\/07\\\/moderni-gymnastika-a-jeji-odnoze.jpg\",\"datePublished\":\"2023-07-22T13:39:45+00:00\",\"dateModified\":\"2025-09-05T05:40:39+00:00\",\"author\":{\"@id\":\"https:\\\/\\\/regbu.com\\\/en\\\/#\\\/schema\\\/person\\\/94ea9deda2629771b8a9ced002f6784e\"},\"description\":\"Modern\u00ed gymnastika je vhodn\u00e1 pro d\u011bti, mladistv\u00e9 i dosp\u011bl\u00e9. P\u0159isp\u00edv\u00e1 k lep\u0161\u00ed kondici a pos\u00edlen\u00e9 cel\u00e9ho t\u011bla.\",\"breadcrumb\":{\"@id\":\"https:\\\/\\\/regbu.com\\\/sv\\\/modern-gymnastik-och-sina-ben\\\/#breadcrumb\"},\"mainEntity\":[{\"@id\":\"https:\\\/\\\/regbu.com\\\/sv\\\/modern-gymnastik-och-sina-ben\\\/#faq-question-1690205999930\"},{\"@id\":\"https:\\\/\\\/regbu.com\\\/sv\\\/modern-gymnastik-och-sina-ben\\\/#faq-question-1690206006380\"},{\"@id\":\"https:\\\/\\\/regbu.com\\\/sv\\\/modern-gymnastik-och-sina-ben\\\/#faq-question-1690206012921\"},{\"@id\":\"https:\\\/\\\/regbu.com\\\/sv\\\/modern-gymnastik-och-sina-ben\\\/#faq-question-1690206020291\"},{\"@id\":\"https:\\\/\\\/regbu.com\\\/sv\\\/modern-gymnastik-och-sina-ben\\\/#faq-question-1690206027342\"}],\"inLanguage\":\"sv-SE\",\"potentialAction\":[{\"@type\":\"ReadAction\",\"target\":[\"https:\\\/\\\/regbu.com\\\/sv\\\/modern-gymnastik-och-sina-ben\\\/\"]}]},{\"@type\":\"ImageObject\",\"inLanguage\":\"sv-SE\",\"@id\":\"https:\\\/\\\/regbu.com\\\/sv\\\/modern-gymnastik-och-sina-ben\\\/#primaryimage\",\"url\":\"https:\\\/\\\/regbu.com\\\/wp-content\\\/uploads\\\/2023\\\/07\\\/moderni-gymnastika-a-jeji-odnoze.jpg\",\"contentUrl\":\"https:\\\/\\\/regbu.com\\\/wp-content\\\/uploads\\\/2023\\\/07\\\/moderni-gymnastika-a-jeji-odnoze.jpg\",\"width\":1200,\"height\":677,\"caption\":\"Modern\u00ed gymnastika a jej\u00ed odno\u017ee\"},{\"@type\":\"BreadcrumbList\",\"@id\":\"https:\\\/\\\/regbu.com\\\/sv\\\/modern-gymnastik-och-sina-ben\\\/#breadcrumb\",\"itemListElement\":[{\"@type\":\"ListItem\",\"position\":1,\"name\":\"Home\",\"item\":\"https:\\\/\\\/regbu.com\\\/en\\\/\"},{\"@type\":\"ListItem\",\"position\":2,\"name\":\"Modern\u00ed gymnastika a jej\u00ed odno\u017ee\"}]},{\"@type\":\"WebSite\",\"@id\":\"https:\\\/\\\/regbu.com\\\/en\\\/#website\",\"url\":\"https:\\\/\\\/regbu.com\\\/en\\\/\",\"name\":\"REGBU.COM\",\"description\":\"\",\"potentialAction\":[{\"@type\":\"SearchAction\",\"target\":{\"@type\":\"EntryPoint\",\"urlTemplate\":\"https:\\\/\\\/regbu.com\\\/en\\\/?s={search_term_string}\"},\"query-input\":{\"@type\":\"PropertyValueSpecification\",\"valueRequired\":true,\"valueName\":\"search_term_string\"}}],\"inLanguage\":\"sv-SE\"},{\"@type\":\"Person\",\"@id\":\"https:\\\/\\\/regbu.com\\\/en\\\/#\\\/schema\\\/person\\\/94ea9deda2629771b8a9ced002f6784e\",\"name\":\"George Martin\",\"url\":\"https:\\\/\\\/regbu.com\\\/sv\\\/author\\\/george-martin\\\/\"},{\"@type\":\"Question\",\"@id\":\"https:\\\/\\\/regbu.com\\\/sv\\\/modern-gymnastik-och-sina-ben\\\/#faq-question-1690205999930\",\"position\":1,\"url\":\"https:\\\/\\\/regbu.com\\\/sv\\\/modern-gymnastik-och-sina-ben\\\/#faq-question-1690205999930\",\"name\":\"Co je to obli\u010dejov\u00e1 gymnastika?\",\"answerCount\":1,\"acceptedAnswer\":{\"@type\":\"Answer\",\"text\":\"Mnohdy ozna\u010dovan\u00e1 jako tv\u00e1\u0159ov\u00e1 gymnastika. Je spojena p\u0159edev\u0161\u00edm se zapojen\u00edm obli\u010dejov\u00fdch sval\u016f.\",\"inLanguage\":\"sv-SE\"},\"inLanguage\":\"sv-SE\"},{\"@type\":\"Question\",\"@id\":\"https:\\\/\\\/regbu.com\\\/sv\\\/modern-gymnastik-och-sina-ben\\\/#faq-question-1690206006380\",\"position\":2,\"url\":\"https:\\\/\\\/regbu.com\\\/sv\\\/modern-gymnastik-och-sina-ben\\\/#faq-question-1690206006380\",\"name\":\"Jak\u00fd je p\u0159\u00ednos tv\u00e1\u0159ov\u00e9 gymnastiky?\",\"answerCount\":1,\"acceptedAnswer\":{\"@type\":\"Answer\",\"text\":\"Zvy\u0161uje cirkulaci krve v t\u00e9to \u010d\u00e1sti t\u011bla a hydratuje ple\u0165.\",\"inLanguage\":\"sv-SE\"},\"inLanguage\":\"sv-SE\"},{\"@type\":\"Question\",\"@id\":\"https:\\\/\\\/regbu.com\\\/sv\\\/modern-gymnastik-och-sina-ben\\\/#faq-question-1690206012921\",\"position\":3,\"url\":\"https:\\\/\\\/regbu.com\\\/sv\\\/modern-gymnastik-och-sina-ben\\\/#faq-question-1690206012921\",\"name\":\"Co je to sportovn\u00ed gymnastika?\",\"answerCount\":1,\"acceptedAnswer\":{\"@type\":\"Answer\",\"text\":\"Jedn\u00e1 se o z\u00e1vodn\u00ed druh gymnastiky spjat\u00fd s \u0159adou pravidel. Realizov\u00e1ny jsou n\u00e1ro\u010dn\u011bj\u0161\u00ed cvi\u010debn\u00ed prvky v ur\u010dit\u00e9m \u010dasov\u00e9m horizontu.\",\"inLanguage\":\"sv-SE\"},\"inLanguage\":\"sv-SE\"},{\"@type\":\"Question\",\"@id\":\"https:\\\/\\\/regbu.com\\\/sv\\\/modern-gymnastik-och-sina-ben\\\/#faq-question-1690206020291\",\"position\":4,\"url\":\"https:\\\/\\\/regbu.com\\\/sv\\\/modern-gymnastik-och-sina-ben\\\/#faq-question-1690206020291\",\"name\":\"Je gymnastika vhodn\u00e1 pro d\u011bti?\",\"answerCount\":1,\"acceptedAnswer\":{\"@type\":\"Answer\",\"text\":\"Ano, st\u00e1v\u00e1 se toti\u017e takov\u00fdm pomysln\u00fdm odrazov\u00fdm m\u016fstkem pro mnoh\u00e9 dal\u0161\u00ed pohybov\u00e9 aktivity a \u010dinnosti.\",\"inLanguage\":\"sv-SE\"},\"inLanguage\":\"sv-SE\"},{\"@type\":\"Question\",\"@id\":\"https:\\\/\\\/regbu.com\\\/sv\\\/modern-gymnastik-och-sina-ben\\\/#faq-question-1690206027342\",\"position\":5,\"url\":\"https:\\\/\\\/regbu.com\\\/sv\\\/modern-gymnastik-och-sina-ben\\\/#faq-question-1690206027342\",\"name\":\"Jak\u00e9 spr\u00e1vn\u00e9 oble\u010den\u00ed zvolit pro gymnastiku?\",\"answerCount\":1,\"acceptedAnswer\":{\"@type\":\"Answer\",\"text\":\"Mus\u00ed se jednat o od\u011bv, kter\u00fd V\u00e1m dovol\u00ed spoustu pohybu a z\u00e1rove\u0148 nebude plandat. Proto se nej\u010dast\u011bji pou\u017e\u00edvaj\u00ed od\u011bvy zhotoven\u00e9 z elastanu. A\u0165 u\u017e jsou to \u0161ortky, leg\u00edny, t\u0159\u00ed\u010dtvrtinov\u00e9 kalhoty, t\u00edlka a podobn\u011b.\",\"inLanguage\":\"sv-SE\"},\"inLanguage\":\"sv-SE\"}]}<\/script>\n<!-- \/ Yoast SEO plugin. -->","yoast_head_json":{"title":"Modern gymnastik och dess grenar - REGBU.COM","description":"Modern gymnastik \u00e4r l\u00e4mplig f\u00f6r barn, ton\u00e5ringar och vuxna. Den bidrar till b\u00e4ttre kondition och en st\u00e4rkt helkropp.","robots":{"index":"index","follow":"follow","max-snippet":"max-snippet:-1","max-image-preview":"max-image-preview:large","max-video-preview":"max-video-preview:-1"},"canonical":"https:\/\/regbu.com\/sv\/modern-gymnastik-och-sina-ben\/","og_locale":"sv_SE","og_type":"article","og_title":"Modern\u00ed gymnastika a jej\u00ed odno\u017ee - REGBU.COM","og_description":"Modern\u00ed gymnastika je vhodn\u00e1 pro d\u011bti, mladistv\u00e9 i dosp\u011bl\u00e9. P\u0159isp\u00edv\u00e1 k lep\u0161\u00ed kondici a pos\u00edlen\u00e9 cel\u00e9ho t\u011bla.","og_url":"https:\/\/regbu.com\/sv\/modern-gymnastik-och-sina-ben\/","og_site_name":"REGBU.COM","article_published_time":"2023-07-22T13:39:45+00:00","article_modified_time":"2025-09-05T05:40:39+00:00","og_image":[{"width":1200,"height":677,"url":"https:\/\/regbu.com\/wp-content\/uploads\/2023\/07\/moderni-gymnastika-a-jeji-odnoze.jpg","type":"image\/jpeg"}],"author":"George Martin","twitter_card":"summary_large_image","twitter_misc":{"Skriven av":"George Martin","Ber\u00e4knad l\u00e4stid":"2 minuter"},"schema":{"@context":"https:\/\/schema.org","@graph":[{"@type":"Article","@id":"https:\/\/regbu.com\/sv\/modern-gymnastik-och-sina-ben\/#article","isPartOf":{"@id":"https:\/\/regbu.com\/sv\/modern-gymnastik-och-sina-ben\/"},"author":{"name":"George Martin","@id":"https:\/\/regbu.com\/en\/#\/schema\/person\/94ea9deda2629771b8a9ced002f6784e"},"headline":"Modern\u00ed gymnastika a jej\u00ed odno\u017ee","datePublished":"2023-07-22T13:39:45+00:00","dateModified":"2025-09-05T05:40:39+00:00","mainEntityOfPage":{"@id":"https:\/\/regbu.com\/sv\/modern-gymnastik-och-sina-ben\/"},"wordCount":426,"image":{"@id":"https:\/\/regbu.com\/sv\/modern-gymnastik-och-sina-ben\/#primaryimage"},"thumbnailUrl":"https:\/\/regbu.com\/wp-content\/uploads\/2023\/07\/moderni-gymnastika-a-jeji-odnoze.jpg","keywords":["elastan","gymnastika","modern\u00ed gymnastika","n\u00e1\u010din\u00ed","oble\u010den\u00ed","obli\u010dejov\u00e1 gymnastika","pohybov\u00e1 aktivita","sport","sportovn\u00ed gymnastika","svaly"],"articleSection":["Sport"],"inLanguage":"sv-SE"},{"@type":["WebPage","FAQPage"],"@id":"https:\/\/regbu.com\/sv\/modern-gymnastik-och-sina-ben\/","url":"https:\/\/regbu.com\/sv\/modern-gymnastik-och-sina-ben\/","name":"Modern gymnastik och dess grenar - REGBU.COM","isPartOf":{"@id":"https:\/\/regbu.com\/en\/#website"},"primaryImageOfPage":{"@id":"https:\/\/regbu.com\/sv\/modern-gymnastik-och-sina-ben\/#primaryimage"},"image":{"@id":"https:\/\/regbu.com\/sv\/modern-gymnastik-och-sina-ben\/#primaryimage"},"thumbnailUrl":"https:\/\/regbu.com\/wp-content\/uploads\/2023\/07\/moderni-gymnastika-a-jeji-odnoze.jpg","datePublished":"2023-07-22T13:39:45+00:00","dateModified":"2025-09-05T05:40:39+00:00","author":{"@id":"https:\/\/regbu.com\/en\/#\/schema\/person\/94ea9deda2629771b8a9ced002f6784e"},"description":"Modern gymnastik \u00e4r l\u00e4mplig f\u00f6r barn, ton\u00e5ringar och vuxna. Den bidrar till b\u00e4ttre kondition och en st\u00e4rkt helkropp.","breadcrumb":{"@id":"https:\/\/regbu.com\/sv\/modern-gymnastik-och-sina-ben\/#breadcrumb"},"mainEntity":[{"@id":"https:\/\/regbu.com\/sv\/modern-gymnastik-och-sina-ben\/#faq-question-1690205999930"},{"@id":"https:\/\/regbu.com\/sv\/modern-gymnastik-och-sina-ben\/#faq-question-1690206006380"},{"@id":"https:\/\/regbu.com\/sv\/modern-gymnastik-och-sina-ben\/#faq-question-1690206012921"},{"@id":"https:\/\/regbu.com\/sv\/modern-gymnastik-och-sina-ben\/#faq-question-1690206020291"},{"@id":"https:\/\/regbu.com\/sv\/modern-gymnastik-och-sina-ben\/#faq-question-1690206027342"}],"inLanguage":"sv-SE","potentialAction":[{"@type":"ReadAction","target":["https:\/\/regbu.com\/sv\/modern-gymnastik-och-sina-ben\/"]}]},{"@type":"ImageObject","inLanguage":"sv-SE","@id":"https:\/\/regbu.com\/sv\/modern-gymnastik-och-sina-ben\/#primaryimage","url":"https:\/\/regbu.com\/wp-content\/uploads\/2023\/07\/moderni-gymnastika-a-jeji-odnoze.jpg","contentUrl":"https:\/\/regbu.com\/wp-content\/uploads\/2023\/07\/moderni-gymnastika-a-jeji-odnoze.jpg","width":1200,"height":677,"caption":"Modern\u00ed gymnastika a jej\u00ed odno\u017ee"},{"@type":"BreadcrumbList","@id":"https:\/\/regbu.com\/sv\/modern-gymnastik-och-sina-ben\/#breadcrumb","itemListElement":[{"@type":"ListItem","position":1,"name":"Home","item":"https:\/\/regbu.com\/en\/"},{"@type":"ListItem","position":2,"name":"Modern\u00ed gymnastika a jej\u00ed odno\u017ee"}]},{"@type":"WebSite","@id":"https:\/\/regbu.com\/en\/#website","url":"https:\/\/regbu.com\/en\/","name":"REGBU.COM","description":"","potentialAction":[{"@type":"SearchAction","target":{"@type":"EntryPoint","urlTemplate":"https:\/\/regbu.com\/en\/?s={search_term_string}"},"query-input":{"@type":"PropertyValueSpecification","valueRequired":true,"valueName":"search_term_string"}}],"inLanguage":"sv-SE"},{"@type":"Person","@id":"https:\/\/regbu.com\/en\/#\/schema\/person\/94ea9deda2629771b8a9ced002f6784e","name":"George Martin","url":"https:\/\/regbu.com\/sv\/author\/george-martin\/"},{"@type":"Question","@id":"https:\/\/regbu.com\/sv\/modern-gymnastik-och-sina-ben\/#faq-question-1690205999930","position":1,"url":"https:\/\/regbu.com\/sv\/modern-gymnastik-och-sina-ben\/#faq-question-1690205999930","name":"Vad \u00e4r ansiktsgymnastik?","answerCount":1,"acceptedAnswer":{"@type":"Answer","text":"Mnohdy ozna\u010dovan\u00e1 jako tv\u00e1\u0159ov\u00e1 gymnastika. Je spojena p\u0159edev\u0161\u00edm se zapojen\u00edm obli\u010dejov\u00fdch sval\u016f.","inLanguage":"sv-SE"},"inLanguage":"sv-SE"},{"@type":"Question","@id":"https:\/\/regbu.com\/sv\/modern-gymnastik-och-sina-ben\/#faq-question-1690206006380","position":2,"url":"https:\/\/regbu.com\/sv\/modern-gymnastik-och-sina-ben\/#faq-question-1690206006380","name":"Vad \u00e4r f\u00f6rdelen med ansiktsgymnastik?","answerCount":1,"acceptedAnswer":{"@type":"Answer","text":"Zvy\u0161uje cirkulaci krve v t\u00e9to \u010d\u00e1sti t\u011bla a hydratuje ple\u0165.","inLanguage":"sv-SE"},"inLanguage":"sv-SE"},{"@type":"Question","@id":"https:\/\/regbu.com\/sv\/modern-gymnastik-och-sina-ben\/#faq-question-1690206012921","position":3,"url":"https:\/\/regbu.com\/sv\/modern-gymnastik-och-sina-ben\/#faq-question-1690206012921","name":"Vad \u00e4r idrottsgymnastik?","answerCount":1,"acceptedAnswer":{"@type":"Answer","text":"Jedn\u00e1 se o z\u00e1vodn\u00ed druh gymnastiky spjat\u00fd s \u0159adou pravidel. Realizov\u00e1ny jsou n\u00e1ro\u010dn\u011bj\u0161\u00ed cvi\u010debn\u00ed prvky v ur\u010dit\u00e9m \u010dasov\u00e9m horizontu.","inLanguage":"sv-SE"},"inLanguage":"sv-SE"},{"@type":"Question","@id":"https:\/\/regbu.com\/sv\/modern-gymnastik-och-sina-ben\/#faq-question-1690206020291","position":4,"url":"https:\/\/regbu.com\/sv\/modern-gymnastik-och-sina-ben\/#faq-question-1690206020291","name":"\u00c4r gymnastik l\u00e4mpligt f\u00f6r barn?","answerCount":1,"acceptedAnswer":{"@type":"Answer","text":"Ano, st\u00e1v\u00e1 se toti\u017e takov\u00fdm pomysln\u00fdm odrazov\u00fdm m\u016fstkem pro mnoh\u00e9 dal\u0161\u00ed pohybov\u00e9 aktivity a \u010dinnosti.","inLanguage":"sv-SE"},"inLanguage":"sv-SE"},{"@type":"Question","@id":"https:\/\/regbu.com\/sv\/modern-gymnastik-och-sina-ben\/#faq-question-1690206027342","position":5,"url":"https:\/\/regbu.com\/sv\/modern-gymnastik-och-sina-ben\/#faq-question-1690206027342","name":"Vad \u00e4r r\u00e4tt kl\u00e4der att v\u00e4lja f\u00f6r gymnastik?","answerCount":1,"acceptedAnswer":{"@type":"Answer","text":"Mus\u00ed se jednat o od\u011bv, kter\u00fd V\u00e1m dovol\u00ed spoustu pohybu a z\u00e1rove\u0148 nebude plandat. Proto se nej\u010dast\u011bji pou\u017e\u00edvaj\u00ed od\u011bvy zhotoven\u00e9 z elastanu. A\u0165 u\u017e jsou to \u0161ortky, leg\u00edny, t\u0159\u00ed\u010dtvrtinov\u00e9 kalhoty, t\u00edlka a podobn\u011b.","inLanguage":"sv-SE"},"inLanguage":"sv-SE"}]}},"_links":{"self":[{"href":"https:\/\/regbu.com\/sv\/wp-json\/wp\/v2\/posts\/1196","targetHints":{"allow":["GET"]}}],"collection":[{"href":"https:\/\/regbu.com\/sv\/wp-json\/wp\/v2\/posts"}],"about":[{"href":"https:\/\/regbu.com\/sv\/wp-json\/wp\/v2\/types\/post"}],"author":[{"embeddable":true,"href":"https:\/\/regbu.com\/sv\/wp-json\/wp\/v2\/users\/2"}],"replies":[{"embeddable":true,"href":"https:\/\/regbu.com\/sv\/wp-json\/wp\/v2\/comments?post=1196"}],"version-history":[{"count":2,"href":"https:\/\/regbu.com\/sv\/wp-json\/wp\/v2\/posts\/1196\/revisions"}],"predecessor-version":[{"id":1212,"href":"https:\/\/regbu.com\/sv\/wp-json\/wp\/v2\/posts\/1196\/revisions\/1212"}],"wp:featuredmedia":[{"embeddable":true,"href":"https:\/\/regbu.com\/sv\/wp-json\/wp\/v2\/media\/1197"}],"wp:attachment":[{"href":"https:\/\/regbu.com\/sv\/wp-json\/wp\/v2\/media?parent=1196"}],"wp:term":[{"taxonomy":"category","embeddable":true,"href":"https:\/\/regbu.com\/sv\/wp-json\/wp\/v2\/categories?post=1196"},{"taxonomy":"post_tag","embeddable":true,"href":"https:\/\/regbu.com\/sv\/wp-json\/wp\/v2\/tags?post=1196"}],"curies":[{"name":"wp","href":"https:\/\/api.w.org\/{rel}","templated":true}]}}