{"id":1138,"date":"2023-07-18T11:48:36","date_gmt":"2023-07-18T09:48:36","guid":{"rendered":"https:\/\/regbu.com\/?p=1138"},"modified":"2025-09-05T07:41:06","modified_gmt":"2025-09-05T05:41:06","slug":"cesnecka-musi-mit-skutecne-grady","status":"publish","type":"post","link":"https:\/\/regbu.com\/sv\/cesnecka-maste-ha-real-grady\/","title":{"rendered":"Vitl\u00f6ken m\u00e5ste vara riktigt vass"},"content":{"rendered":"<p>Vitl\u00f6k \u00e4r en annan av de l\u00e4ckra r\u00e4tter vi kommer att fokusera p\u00e5 idag. F\u00f6rra g\u00e5ngen ber\u00e4ttade vi hur man g\u00f6r <strong><a href=\"https:\/\/regbu.com\/sv\/koprova-omacka-hur-vet-du-inte\/\">dills\u00e5s<\/a><\/strong>. Den h\u00e4r g\u00e5ngen f\u00f6redrar vi soppa och inte bara vilken soppa som helst. Soppa full av vitl\u00f6k \u00e4r bra f\u00f6r att st\u00e4rka kroppen. Du kommer inte bara att njuta av det, utan du kommer ocks\u00e5 att ge din kropp n\u00e5got extra.<\/p>\n\n\n\n<ul class=\"wp-block-list\">\n<li>Vitamin A, B och C<\/li>\n\n\n\n<li>Kalcium och selen<\/li>\n\n\n\n<li>Jod<\/li>\n<\/ul>\n\n\n\n<p>En s\u00e5dan \u00e4rlig soppa kommer att ha en positiv effekt p\u00e5 din h\u00e4lsa. <strong>Vitl\u00f6k<\/strong> Det s\u00e4nker blodtrycket, f\u00f6rebygger uppbl\u00e5sthet, d\u00e4mpar o\u00f6nskad stress, fr\u00e4mjar \u00e4mnesoms\u00e4ttningen och, sist men inte minst, minskar kolesterolet i kroppen. Det \u00e4r ocks\u00e5 praktiskt under den kalla \u00e5rstiden, d\u00e5 det kan bek\u00e4mpa sjukdomar och hosta.<\/p>\n\n\n\n<h2 class=\"wp-block-heading\">Vad ska jag f\u00f6rbereda?<\/h2>\n\n\n\n<p>Om ditt m\u00e5l verkligen \u00e4r att bli en \u00e4rlig och traditionell vitl\u00f6k m\u00e5ste du f\u00f6rbereda allt du beh\u00f6ver. N\u00e4r du v\u00e4ljer ingredienser, kom ih\u00e5g de viktiga sakerna. Se samtidigt till att ingrediensernas f\u00e4rskhet st\u00f6der soppans slutliga smak.<\/p>\n\n\n\n<figure class=\"wp-block-table\"><table><tbody><tr><td><strong>R\u00e5varor<\/strong><\/td><td><strong>Kvantitet<\/strong><\/td><\/tr><tr><td>Potatis<\/td><td>4 st.<\/td><\/tr><tr><td>The Onion<\/td><td>1 stycke<\/td><\/tr><tr><td>Vitl\u00f6k<\/td><td>10 kryddnejlikor<\/td><\/tr><tr><td>Nya kryddor<\/td><td>2 bollar<\/td><\/tr><tr><td>Vatten<\/td><td>1 l<\/td><\/tr><tr><td>\u00c4gg<\/td><td>1 stycke<\/td><\/tr><\/tbody><\/table><figcaption class=\"wp-element-caption\">Ingredienser som beh\u00f6vs f\u00f6r beredning av vitl\u00f6k.<\/figcaption><\/figure>\n\n\n\n<p>Allt detta \u00e4r naturligtvis en spr\u00e5ngbr\u00e4da f\u00f6r beredning av vitl\u00f6k. I samband med kryddning och matlagning b\u00f6r du inte f\u00f6rsumma att <em>sm\u00f6r, lagerblad, mejram, spiskummin<\/em>, men \u00e4ven persilja, nymalen peppar och salt.<\/p>\n\n\n\n<h2 class=\"wp-block-heading\">Vitl\u00f6k fr\u00e5n A till \u00d6<\/h2>\n\n\n\n<p>B\u00f6rja med att fr\u00e4sa finhackad l\u00f6k i en kastrull och h\u00e4ll sedan vatten \u00f6ver den. Gourmeter kan naturligtvis satsa p\u00e5 gr\u00f6nsaksbuljong. Tills\u00e4tt sedan de andra viktiga ingredienserna i form av <strong>hackad potatis, kryddpeppar, lagerblad och spiskummin<\/strong>. Efter tillagning ett tag, tills\u00e4tt ungef\u00e4r h\u00e4lften av m\u00e4ngden beredd och hackad vitl\u00f6k. Den \u00e5terst\u00e5ende vitl\u00f6ken pressas och l\u00e4ggs till soppan en minut f\u00f6re kokning s\u00e5 att du inte f\u00f6rlorar dess f\u00f6rdelaktiga \u00e4mnen.<\/p>\n\n\n\n<p>Vitl\u00f6ken \u00e4r klar f\u00f6rst n\u00e4r du har kryddat den tillr\u00e4ckligt. Det \u00e4r vad mejram, salt, peppar och persilja \u00e4r till f\u00f6r. Kryddnejlika \u00e4r ocks\u00e5 praktiskt. Du kan sedan servera vitl\u00f6k med ost, som str\u00e4cker sig vackert, eller toppa den med ett vispat \u00e4gg. Detta kommer inte bara att l\u00e4gga till smaken utan ocks\u00e5 till soppans \u00f6vergripande utseende.<\/p>","protected":false},"excerpt":{"rendered":"<p>Vitl\u00f6k \u00e4r en annan av de l\u00e4ckra r\u00e4tter vi kommer att fokusera p\u00e5 idag. F\u00f6rra g\u00e5ngen ber\u00e4ttade vi hur man g\u00f6r dills\u00e5s. Den h\u00e4r g\u00e5ngen ska vi laga soppa, och inte vilken soppa som helst. En soppa full av vitl\u00f6k \u00e4r utm\u00e4rkt f\u00f6r att st\u00e4rka kroppen. Du kommer inte bara att njuta av den, utan du kommer ocks\u00e5 att ge din kropp n\u00e5got extra. En s\u00e5dan \u00e4rlig soppa med en positiv ... <\/p>","protected":false},"author":2,"featured_media":1139,"comment_status":"closed","ping_status":"closed","sticky":false,"template":"","format":"standard","meta":{"footnotes":""},"categories":[12],"tags":[39,1273,40,1276,17,21,42,93,1274,1275,195,812],"class_list":["post-1138","post","type-post","status-publish","format-standard","has-post-thumbnail","hentry","category-vareni","tag-brambory","tag-cesnecka","tag-cesnek","tag-cibule","tag-jidlo","tag-pokrm","tag-polevka","tag-syr","tag-vapnik","tag-vejce","tag-vitaminy","tag-voda"],"yoast_head":"<!-- This site is optimized with the Yoast SEO plugin v27.5 - https:\/\/yoast.com\/product\/yoast-seo-wordpress\/ -->\n<title>\u010cesne\u010dka mus\u00ed m\u00edt skute\u010dn\u00e9 gr\u00e1dy - REGBU.COM<\/title>\n<meta name=\"description\" content=\"\u010cesne\u010dka je pol\u00e9vkou, kter\u00e1 polahod\u00ed nejenom Va\u0161e chu\u0165ov\u00e9 poh\u00e1rky. Prosp\u011b\u0161n\u00e1 bude tak\u00e9 pro Va\u0161i fyzickou schr\u00e1nku.\" \/>\n<meta name=\"robots\" content=\"index, follow, max-snippet:-1, max-image-preview:large, max-video-preview:-1\" \/>\n<link rel=\"canonical\" href=\"https:\/\/regbu.com\/sv\/cesnecka-maste-ha-real-grady\/\" \/>\n<meta property=\"og:locale\" content=\"sv_SE\" \/>\n<meta property=\"og:type\" content=\"article\" \/>\n<meta property=\"og:title\" content=\"\u010cesne\u010dka mus\u00ed m\u00edt skute\u010dn\u00e9 gr\u00e1dy - REGBU.COM\" \/>\n<meta property=\"og:description\" content=\"\u010cesne\u010dka je pol\u00e9vkou, kter\u00e1 polahod\u00ed nejenom Va\u0161e chu\u0165ov\u00e9 poh\u00e1rky. Prosp\u011b\u0161n\u00e1 bude tak\u00e9 pro Va\u0161i fyzickou schr\u00e1nku.\" \/>\n<meta property=\"og:url\" content=\"https:\/\/regbu.com\/sv\/cesnecka-maste-ha-real-grady\/\" \/>\n<meta property=\"og:site_name\" content=\"REGBU.COM\" \/>\n<meta property=\"article:published_time\" content=\"2023-07-18T09:48:36+00:00\" \/>\n<meta property=\"article:modified_time\" content=\"2025-09-05T05:41:06+00:00\" \/>\n<meta property=\"og:image\" content=\"https:\/\/regbu.com\/wp-content\/uploads\/2023\/07\/cesnecka-musi-mit-skutecne-grady.jpg\" \/>\n\t<meta property=\"og:image:width\" content=\"1200\" \/>\n\t<meta property=\"og:image:height\" content=\"675\" \/>\n\t<meta property=\"og:image:type\" content=\"image\/jpeg\" \/>\n<meta name=\"author\" content=\"George Martin\" \/>\n<meta name=\"twitter:card\" content=\"summary_large_image\" \/>\n<meta name=\"twitter:label1\" content=\"Skriven av\" \/>\n\t<meta name=\"twitter:data1\" content=\"George Martin\" \/>\n\t<meta name=\"twitter:label2\" content=\"Ber\u00e4knad l\u00e4stid\" \/>\n\t<meta name=\"twitter:data2\" content=\"2 minuter\" \/>\n<script type=\"application\/ld+json\" class=\"yoast-schema-graph\">{\"@context\":\"https:\\\/\\\/schema.org\",\"@graph\":[{\"@type\":\"Article\",\"@id\":\"https:\\\/\\\/regbu.com\\\/sv\\\/cesnecka-maste-ha-real-grady\\\/#article\",\"isPartOf\":{\"@id\":\"https:\\\/\\\/regbu.com\\\/sv\\\/cesnecka-maste-ha-real-grady\\\/\"},\"author\":{\"name\":\"George Martin\",\"@id\":\"https:\\\/\\\/regbu.com\\\/en\\\/#\\\/schema\\\/person\\\/94ea9deda2629771b8a9ced002f6784e\"},\"headline\":\"\u010cesne\u010dka mus\u00ed m\u00edt skute\u010dn\u00e9 gr\u00e1dy\",\"datePublished\":\"2023-07-18T09:48:36+00:00\",\"dateModified\":\"2025-09-05T05:41:06+00:00\",\"mainEntityOfPage\":{\"@id\":\"https:\\\/\\\/regbu.com\\\/sv\\\/cesnecka-maste-ha-real-grady\\\/\"},\"wordCount\":481,\"image\":{\"@id\":\"https:\\\/\\\/regbu.com\\\/sv\\\/cesnecka-maste-ha-real-grady\\\/#primaryimage\"},\"thumbnailUrl\":\"https:\\\/\\\/regbu.com\\\/wp-content\\\/uploads\\\/2023\\\/07\\\/cesnecka-musi-mit-skutecne-grady.jpg\",\"keywords\":[\"brambory\",\"\u010desne\u010dka\",\"\u010desnek\",\"cibule\",\"j\u00eddlo\",\"pokrm\",\"pol\u00e9vka\",\"s\u00fdr\",\"v\u00e1pn\u00edk\",\"vejce\",\"vitam\u00edny\",\"voda\"],\"articleSection\":[\"Va\u0159en\u00ed\"],\"inLanguage\":\"sv-SE\"},{\"@type\":\"WebPage\",\"@id\":\"https:\\\/\\\/regbu.com\\\/sv\\\/cesnecka-maste-ha-real-grady\\\/\",\"url\":\"https:\\\/\\\/regbu.com\\\/sv\\\/cesnecka-maste-ha-real-grady\\\/\",\"name\":\"\u010cesne\u010dka mus\u00ed m\u00edt skute\u010dn\u00e9 gr\u00e1dy - REGBU.COM\",\"isPartOf\":{\"@id\":\"https:\\\/\\\/regbu.com\\\/en\\\/#website\"},\"primaryImageOfPage\":{\"@id\":\"https:\\\/\\\/regbu.com\\\/sv\\\/cesnecka-maste-ha-real-grady\\\/#primaryimage\"},\"image\":{\"@id\":\"https:\\\/\\\/regbu.com\\\/sv\\\/cesnecka-maste-ha-real-grady\\\/#primaryimage\"},\"thumbnailUrl\":\"https:\\\/\\\/regbu.com\\\/wp-content\\\/uploads\\\/2023\\\/07\\\/cesnecka-musi-mit-skutecne-grady.jpg\",\"datePublished\":\"2023-07-18T09:48:36+00:00\",\"dateModified\":\"2025-09-05T05:41:06+00:00\",\"author\":{\"@id\":\"https:\\\/\\\/regbu.com\\\/en\\\/#\\\/schema\\\/person\\\/94ea9deda2629771b8a9ced002f6784e\"},\"description\":\"\u010cesne\u010dka je pol\u00e9vkou, kter\u00e1 polahod\u00ed nejenom Va\u0161e chu\u0165ov\u00e9 poh\u00e1rky. Prosp\u011b\u0161n\u00e1 bude tak\u00e9 pro Va\u0161i fyzickou schr\u00e1nku.\",\"breadcrumb\":{\"@id\":\"https:\\\/\\\/regbu.com\\\/sv\\\/cesnecka-maste-ha-real-grady\\\/#breadcrumb\"},\"inLanguage\":\"sv-SE\",\"potentialAction\":[{\"@type\":\"ReadAction\",\"target\":[\"https:\\\/\\\/regbu.com\\\/sv\\\/cesnecka-maste-ha-real-grady\\\/\"]}]},{\"@type\":\"ImageObject\",\"inLanguage\":\"sv-SE\",\"@id\":\"https:\\\/\\\/regbu.com\\\/sv\\\/cesnecka-maste-ha-real-grady\\\/#primaryimage\",\"url\":\"https:\\\/\\\/regbu.com\\\/wp-content\\\/uploads\\\/2023\\\/07\\\/cesnecka-musi-mit-skutecne-grady.jpg\",\"contentUrl\":\"https:\\\/\\\/regbu.com\\\/wp-content\\\/uploads\\\/2023\\\/07\\\/cesnecka-musi-mit-skutecne-grady.jpg\",\"width\":1200,\"height\":675,\"caption\":\"\u010cesne\u010dka mus\u00ed m\u00edt skute\u010dn\u00e9 gr\u00e1dy\"},{\"@type\":\"BreadcrumbList\",\"@id\":\"https:\\\/\\\/regbu.com\\\/sv\\\/cesnecka-maste-ha-real-grady\\\/#breadcrumb\",\"itemListElement\":[{\"@type\":\"ListItem\",\"position\":1,\"name\":\"Home\",\"item\":\"https:\\\/\\\/regbu.com\\\/en\\\/\"},{\"@type\":\"ListItem\",\"position\":2,\"name\":\"\u010cesne\u010dka mus\u00ed m\u00edt skute\u010dn\u00e9 gr\u00e1dy\"}]},{\"@type\":\"WebSite\",\"@id\":\"https:\\\/\\\/regbu.com\\\/en\\\/#website\",\"url\":\"https:\\\/\\\/regbu.com\\\/en\\\/\",\"name\":\"REGBU.COM\",\"description\":\"\",\"potentialAction\":[{\"@type\":\"SearchAction\",\"target\":{\"@type\":\"EntryPoint\",\"urlTemplate\":\"https:\\\/\\\/regbu.com\\\/en\\\/?s={search_term_string}\"},\"query-input\":{\"@type\":\"PropertyValueSpecification\",\"valueRequired\":true,\"valueName\":\"search_term_string\"}}],\"inLanguage\":\"sv-SE\"},{\"@type\":\"Person\",\"@id\":\"https:\\\/\\\/regbu.com\\\/en\\\/#\\\/schema\\\/person\\\/94ea9deda2629771b8a9ced002f6784e\",\"name\":\"George Martin\",\"url\":\"https:\\\/\\\/regbu.com\\\/sv\\\/author\\\/george-martin\\\/\"}]}<\/script>\n<!-- \/ Yoast SEO plugin. -->","yoast_head_json":{"title":"Vitl\u00f6k m\u00e5ste vara riktigt vass - REGBU.COM","description":"Vitl\u00f6kssoppa \u00e4r en soppa som inte bara kommer att gl\u00e4dja dina smakl\u00f6kar. Den kommer ocks\u00e5 att vara bra f\u00f6r din fysiska kropp.","robots":{"index":"index","follow":"follow","max-snippet":"max-snippet:-1","max-image-preview":"max-image-preview:large","max-video-preview":"max-video-preview:-1"},"canonical":"https:\/\/regbu.com\/sv\/cesnecka-maste-ha-real-grady\/","og_locale":"sv_SE","og_type":"article","og_title":"\u010cesne\u010dka mus\u00ed m\u00edt skute\u010dn\u00e9 gr\u00e1dy - REGBU.COM","og_description":"\u010cesne\u010dka je pol\u00e9vkou, kter\u00e1 polahod\u00ed nejenom Va\u0161e chu\u0165ov\u00e9 poh\u00e1rky. Prosp\u011b\u0161n\u00e1 bude tak\u00e9 pro Va\u0161i fyzickou schr\u00e1nku.","og_url":"https:\/\/regbu.com\/sv\/cesnecka-maste-ha-real-grady\/","og_site_name":"REGBU.COM","article_published_time":"2023-07-18T09:48:36+00:00","article_modified_time":"2025-09-05T05:41:06+00:00","og_image":[{"width":1200,"height":675,"url":"https:\/\/regbu.com\/wp-content\/uploads\/2023\/07\/cesnecka-musi-mit-skutecne-grady.jpg","type":"image\/jpeg"}],"author":"George Martin","twitter_card":"summary_large_image","twitter_misc":{"Skriven av":"George Martin","Ber\u00e4knad l\u00e4stid":"2 minuter"},"schema":{"@context":"https:\/\/schema.org","@graph":[{"@type":"Article","@id":"https:\/\/regbu.com\/sv\/cesnecka-maste-ha-real-grady\/#article","isPartOf":{"@id":"https:\/\/regbu.com\/sv\/cesnecka-maste-ha-real-grady\/"},"author":{"name":"George Martin","@id":"https:\/\/regbu.com\/en\/#\/schema\/person\/94ea9deda2629771b8a9ced002f6784e"},"headline":"\u010cesne\u010dka mus\u00ed m\u00edt skute\u010dn\u00e9 gr\u00e1dy","datePublished":"2023-07-18T09:48:36+00:00","dateModified":"2025-09-05T05:41:06+00:00","mainEntityOfPage":{"@id":"https:\/\/regbu.com\/sv\/cesnecka-maste-ha-real-grady\/"},"wordCount":481,"image":{"@id":"https:\/\/regbu.com\/sv\/cesnecka-maste-ha-real-grady\/#primaryimage"},"thumbnailUrl":"https:\/\/regbu.com\/wp-content\/uploads\/2023\/07\/cesnecka-musi-mit-skutecne-grady.jpg","keywords":["brambory","\u010desne\u010dka","\u010desnek","cibule","j\u00eddlo","pokrm","pol\u00e9vka","s\u00fdr","v\u00e1pn\u00edk","vejce","vitam\u00edny","voda"],"articleSection":["Va\u0159en\u00ed"],"inLanguage":"sv-SE"},{"@type":"WebPage","@id":"https:\/\/regbu.com\/sv\/cesnecka-maste-ha-real-grady\/","url":"https:\/\/regbu.com\/sv\/cesnecka-maste-ha-real-grady\/","name":"Vitl\u00f6k m\u00e5ste vara riktigt vass - REGBU.COM","isPartOf":{"@id":"https:\/\/regbu.com\/en\/#website"},"primaryImageOfPage":{"@id":"https:\/\/regbu.com\/sv\/cesnecka-maste-ha-real-grady\/#primaryimage"},"image":{"@id":"https:\/\/regbu.com\/sv\/cesnecka-maste-ha-real-grady\/#primaryimage"},"thumbnailUrl":"https:\/\/regbu.com\/wp-content\/uploads\/2023\/07\/cesnecka-musi-mit-skutecne-grady.jpg","datePublished":"2023-07-18T09:48:36+00:00","dateModified":"2025-09-05T05:41:06+00:00","author":{"@id":"https:\/\/regbu.com\/en\/#\/schema\/person\/94ea9deda2629771b8a9ced002f6784e"},"description":"Vitl\u00f6kssoppa \u00e4r en soppa som inte bara kommer att gl\u00e4dja dina smakl\u00f6kar. Den kommer ocks\u00e5 att vara bra f\u00f6r din fysiska kropp.","breadcrumb":{"@id":"https:\/\/regbu.com\/sv\/cesnecka-maste-ha-real-grady\/#breadcrumb"},"inLanguage":"sv-SE","potentialAction":[{"@type":"ReadAction","target":["https:\/\/regbu.com\/sv\/cesnecka-maste-ha-real-grady\/"]}]},{"@type":"ImageObject","inLanguage":"sv-SE","@id":"https:\/\/regbu.com\/sv\/cesnecka-maste-ha-real-grady\/#primaryimage","url":"https:\/\/regbu.com\/wp-content\/uploads\/2023\/07\/cesnecka-musi-mit-skutecne-grady.jpg","contentUrl":"https:\/\/regbu.com\/wp-content\/uploads\/2023\/07\/cesnecka-musi-mit-skutecne-grady.jpg","width":1200,"height":675,"caption":"\u010cesne\u010dka mus\u00ed m\u00edt skute\u010dn\u00e9 gr\u00e1dy"},{"@type":"BreadcrumbList","@id":"https:\/\/regbu.com\/sv\/cesnecka-maste-ha-real-grady\/#breadcrumb","itemListElement":[{"@type":"ListItem","position":1,"name":"Home","item":"https:\/\/regbu.com\/en\/"},{"@type":"ListItem","position":2,"name":"\u010cesne\u010dka mus\u00ed m\u00edt skute\u010dn\u00e9 gr\u00e1dy"}]},{"@type":"WebSite","@id":"https:\/\/regbu.com\/en\/#website","url":"https:\/\/regbu.com\/en\/","name":"REGBU.COM","description":"","potentialAction":[{"@type":"SearchAction","target":{"@type":"EntryPoint","urlTemplate":"https:\/\/regbu.com\/en\/?s={search_term_string}"},"query-input":{"@type":"PropertyValueSpecification","valueRequired":true,"valueName":"search_term_string"}}],"inLanguage":"sv-SE"},{"@type":"Person","@id":"https:\/\/regbu.com\/en\/#\/schema\/person\/94ea9deda2629771b8a9ced002f6784e","name":"George Martin","url":"https:\/\/regbu.com\/sv\/author\/george-martin\/"}]}},"_links":{"self":[{"href":"https:\/\/regbu.com\/sv\/wp-json\/wp\/v2\/posts\/1138","targetHints":{"allow":["GET"]}}],"collection":[{"href":"https:\/\/regbu.com\/sv\/wp-json\/wp\/v2\/posts"}],"about":[{"href":"https:\/\/regbu.com\/sv\/wp-json\/wp\/v2\/types\/post"}],"author":[{"embeddable":true,"href":"https:\/\/regbu.com\/sv\/wp-json\/wp\/v2\/users\/2"}],"replies":[{"embeddable":true,"href":"https:\/\/regbu.com\/sv\/wp-json\/wp\/v2\/comments?post=1138"}],"version-history":[{"count":2,"href":"https:\/\/regbu.com\/sv\/wp-json\/wp\/v2\/posts\/1138\/revisions"}],"predecessor-version":[{"id":1149,"href":"https:\/\/regbu.com\/sv\/wp-json\/wp\/v2\/posts\/1138\/revisions\/1149"}],"wp:featuredmedia":[{"embeddable":true,"href":"https:\/\/regbu.com\/sv\/wp-json\/wp\/v2\/media\/1139"}],"wp:attachment":[{"href":"https:\/\/regbu.com\/sv\/wp-json\/wp\/v2\/media?parent=1138"}],"wp:term":[{"taxonomy":"category","embeddable":true,"href":"https:\/\/regbu.com\/sv\/wp-json\/wp\/v2\/categories?post=1138"},{"taxonomy":"post_tag","embeddable":true,"href":"https:\/\/regbu.com\/sv\/wp-json\/wp\/v2\/tags?post=1138"}],"curies":[{"name":"wp","href":"https:\/\/api.w.org\/{rel}","templated":true}]}}