{"id":1094,"date":"2023-07-17T13:59:59","date_gmt":"2023-07-17T11:59:59","guid":{"rendered":"https:\/\/regbu.com\/?p=1094"},"modified":"2025-09-05T07:41:06","modified_gmt":"2025-09-05T05:41:06","slug":"umela-inteligence-je-hudbou-budoucnosti","status":"publish","type":"post","link":"https:\/\/regbu.com\/sv\/artificiell-intelligens-ar-framtidens-musik\/","title":{"rendered":"Artificiell intelligens \u00e4r framtidens musik"},"content":{"rendered":"<p>Artificiell intelligens \u00e4r idag lika v\u00e4lk\u00e4nt som <strong><a href=\"https:\/\/regbu.com\/sv\/virtuell-verklighet-vas-pulls-into-3d-world\/\">virtuell verklighet<\/a><\/strong>. Det \u00e4r sant att AI, som detta segment f\u00f6rkortas, b\u00f6rjade redan p\u00e5 1950-talet.  Det var d\u00e5 de f\u00f6rsta grunderna f\u00f6r omr\u00e5det lades. Det var naturligtvis en symbolisk artificiell intelligens som var l\u00e5ngt ifr\u00e5n den nuvarande.<\/p>\n\n\n\n<ul class=\"wp-block-list\">\n<li>Artificiell neuronmodell<\/li>\n\n\n\n<li>Turing-test<\/li>\n\n\n\n<li>Innovation med \u00f6ppen k\u00e4llkod<\/li>\n<\/ul>\n\n\n\n<p>Mycket tid har g\u00e5tt sedan dess. Den smala och <em>allm\u00e4n artificiell intelligens<\/em>. Den upplevdes mycket snabbt inom olika omr\u00e5den av m\u00e4nsklig existens.<\/p>\n\n\n\n<h2 class=\"wp-block-heading\">Artificiell intelligens och dess till\u00e4mpningar<\/h2>\n\n\n\n<p>Nu kanske du undrar var AI har spridit sig och vart den \u00e4r p\u00e5 v\u00e4g. Det b\u00f6r noteras att det finns mer \u00e4n tillr\u00e4ckligt med s\u00e5dana segment. Robotik, maskininl\u00e4rning, neurala n\u00e4tverk och datorseende \u00e4r typiska exempel. Det \u00e4r ocks\u00e5 v\u00e4rt att n\u00e4mna <strong>Fuzzy-logik, Bayesianska n\u00e4tverk<\/strong>, multiagentsystem och evolution\u00e4ra algoritmer.<\/p>\n\n\n\n<h3 class=\"wp-block-heading\">Fr\u00e5gor och svar<\/h3>\n\n\n\n<p>AI h\u00e5ller p\u00e5 att bli en allest\u00e4des n\u00e4rvarande assistent och ett m\u00e5ngsidigt tillbeh\u00f6r. Tack vare sofistikerade algoritmer <strong>ers\u00e4tter m\u00e4nsklig aktivitet<\/strong> och kan efterlikna m\u00e4nskliga beteenden perfekt. \u00c5 andra sidan \u00e4r det f\u00f6r m\u00e5nga en svart l\u00e5da som kan medf\u00f6ra vissa risker i framtiden. Ta reda p\u00e5 mer om de potentiella anv\u00e4ndningsomr\u00e5dena genom fr\u00e5gorna och svaren nedan.<\/p>\n\n\n\n<div class=\"schema-faq wp-block-yoast-faq-block\"><div class=\"schema-faq-section\" id=\"faq-question-1689595000030\"><strong class=\"schema-faq-question\">Hur anv\u00e4nder man AI n\u00e4r det g\u00e4ller tal?<\/strong> <p class=\"schema-faq-answer\">Det handlar fr\u00e4mst om r\u00f6stigenk\u00e4nning, generering av undertexter, \u00f6vers\u00e4ttning och utv\u00e4rdering av samtal. Den integreras i tj\u00e4nster som Apple Siri och Google Assistant.<\/p> <\/div> <div class=\"schema-faq-section\" id=\"faq-question-1689595009409\"><strong class=\"schema-faq-question\">Kan AI arbeta med bilder?<\/strong> <p class=\"schema-faq-answer\">Ja, det \u00e4r numera ganska vanligt att skapa foton som ser mycket verkliga ut. Och det g\u00e4ller \u00e4ven de allra minsta detaljerna.<\/p> <\/div> <div class=\"schema-faq-section\" id=\"faq-question-1689595017010\"><strong class=\"schema-faq-question\">\u00c4r det m\u00f6jligt att prata med en AI?<\/strong> <p class=\"schema-faq-answer\">Numera \u00e4r detta en sj\u00e4lvklarhet. S\u00e4rskilda spr\u00e5kmodeller anv\u00e4nds f\u00f6r detta. De kan svara p\u00e5 m\u00e5nga sv\u00e5ra fr\u00e5gor.<\/p> <\/div> <div class=\"schema-faq-section\" id=\"faq-question-1689595025232\"><strong class=\"schema-faq-question\">Vilka andra segment p\u00e5verkas av AI?<\/strong> <p class=\"schema-faq-answer\">Den har p\u00e5 ett mycket framg\u00e5ngsrikt s\u00e4tt inf\u00f6rlivats i bilv\u00e4rlden. Ett typiskt exempel \u00e4r sj\u00e4lvk\u00f6rande bilar och deras st\u00e4ndiga f\u00f6rb\u00e4ttring.<\/p> <\/div> <div class=\"schema-faq-section\" id=\"faq-question-1689595037185\"><strong class=\"schema-faq-question\">Kan AI ers\u00e4tta vissa m\u00e4nskliga aktiviteter?<\/strong> <p class=\"schema-faq-answer\">Ja, det \u00e4r det. Det r\u00f6r sig huvudsakligen om utvalda tekniska omr\u00e5den, f\u00f6rfattarskap och liknande.<\/p> <\/div> <\/div>","protected":false},"excerpt":{"rendered":"<p>Artificiell intelligens \u00e4r idag lika v\u00e4lk\u00e4nt som virtual reality. Det \u00e4r sant att de tidiga dagarna av AI, som detta segment f\u00f6rkortas, g\u00e5r tillbaka till 1950-talet.  Det var d\u00e5 de f\u00f6rsta grunderna inom omr\u00e5det lades. Det var f\u00f6rst\u00e5s en symbolisk artificiell intelligens som l\u00e5g l\u00e5ngt ifr\u00e5n den nuvarande. Sedan dess har... <\/p>","protected":false},"author":2,"featured_media":1095,"comment_status":"closed","ping_status":"closed","sticky":false,"template":"","format":"standard","meta":{"footnotes":""},"categories":[6],"tags":[1183,1187,1189,1188,1185,1190,1191,1184,1186,1182],"class_list":["post-1094","post","type-post","status-publish","format-standard","has-post-thumbnail","hentry","category-technologie","tag-ai","tag-apple-siri","tag-automobily","tag-google-assistant","tag-inteligence","tag-lidska-cinnost","tag-nahrazeni","tag-neuron","tag-rozpoznavani-reci","tag-umela-inteligence"],"yoast_head":"<!-- This site is optimized with the Yoast SEO plugin v27.4 - https:\/\/yoast.com\/product\/yoast-seo-wordpress\/ -->\n<title>Um\u011bl\u00e1 inteligence je hudbou budoucnosti - REGBU.COM<\/title>\n<meta name=\"description\" content=\"V\u00edte, co si p\u0159edstavit pod pojmem um\u011bl\u00e1 inteligence? Jde o novodobou z\u00e1le\u017eitost, kter\u00e1 ovlivn\u00ed na\u0161e \u017eivoty.\" \/>\n<meta name=\"robots\" content=\"index, follow, max-snippet:-1, max-image-preview:large, max-video-preview:-1\" \/>\n<link rel=\"canonical\" href=\"https:\/\/regbu.com\/sv\/artificiell-intelligens-ar-framtidens-musik\/\" \/>\n<meta property=\"og:locale\" content=\"sv_SE\" \/>\n<meta property=\"og:type\" content=\"article\" \/>\n<meta property=\"og:title\" content=\"Um\u011bl\u00e1 inteligence je hudbou budoucnosti - REGBU.COM\" \/>\n<meta property=\"og:description\" content=\"V\u00edte, co si p\u0159edstavit pod pojmem um\u011bl\u00e1 inteligence? Jde o novodobou z\u00e1le\u017eitost, kter\u00e1 ovlivn\u00ed na\u0161e \u017eivoty.\" \/>\n<meta property=\"og:url\" content=\"https:\/\/regbu.com\/sv\/artificiell-intelligens-ar-framtidens-musik\/\" \/>\n<meta property=\"og:site_name\" content=\"REGBU.COM\" \/>\n<meta property=\"article:published_time\" content=\"2023-07-17T11:59:59+00:00\" \/>\n<meta property=\"article:modified_time\" content=\"2025-09-05T05:41:06+00:00\" \/>\n<meta property=\"og:image\" content=\"https:\/\/regbu.com\/wp-content\/uploads\/2023\/07\/umela-inteligence-je-hudbou-budoucnosti.jpg\" \/>\n\t<meta property=\"og:image:width\" content=\"1200\" \/>\n\t<meta property=\"og:image:height\" content=\"680\" \/>\n\t<meta property=\"og:image:type\" content=\"image\/jpeg\" \/>\n<meta name=\"author\" content=\"George Martin\" \/>\n<meta name=\"twitter:card\" content=\"summary_large_image\" \/>\n<meta name=\"twitter:label1\" content=\"Skriven av\" \/>\n\t<meta name=\"twitter:data1\" content=\"George Martin\" \/>\n\t<meta name=\"twitter:label2\" content=\"Ber\u00e4knad l\u00e4stid\" \/>\n\t<meta name=\"twitter:data2\" content=\"2 minuter\" \/>\n<script type=\"application\/ld+json\" class=\"yoast-schema-graph\">{\"@context\":\"https:\\\/\\\/schema.org\",\"@graph\":[{\"@type\":\"Article\",\"@id\":\"https:\\\/\\\/regbu.com\\\/sv\\\/artificiell-intelligens-ar-framtidens-musik\\\/#article\",\"isPartOf\":{\"@id\":\"https:\\\/\\\/regbu.com\\\/sv\\\/artificiell-intelligens-ar-framtidens-musik\\\/\"},\"author\":{\"name\":\"George Martin\",\"@id\":\"https:\\\/\\\/regbu.com\\\/en\\\/#\\\/schema\\\/person\\\/94ea9deda2629771b8a9ced002f6784e\"},\"headline\":\"Um\u011bl\u00e1 inteligence je hudbou budoucnosti\",\"datePublished\":\"2023-07-17T11:59:59+00:00\",\"dateModified\":\"2025-09-05T05:41:06+00:00\",\"mainEntityOfPage\":{\"@id\":\"https:\\\/\\\/regbu.com\\\/sv\\\/artificiell-intelligens-ar-framtidens-musik\\\/\"},\"wordCount\":442,\"image\":{\"@id\":\"https:\\\/\\\/regbu.com\\\/sv\\\/artificiell-intelligens-ar-framtidens-musik\\\/#primaryimage\"},\"thumbnailUrl\":\"https:\\\/\\\/regbu.com\\\/wp-content\\\/uploads\\\/2023\\\/07\\\/umela-inteligence-je-hudbou-budoucnosti.jpg\",\"keywords\":[\"AI\",\"Apple Siri\",\"automobily\",\"Google Assistant\",\"inteligence\",\"lidsk\u00e1 \u010dinnost\",\"nahrazen\u00ed\",\"neuron\",\"rozpozn\u00e1v\u00e1n\u00ed \u0159e\u010di\",\"um\u011bl\u00e1 inteligence\"],\"articleSection\":[\"Technologie\"],\"inLanguage\":\"sv-SE\"},{\"@type\":[\"WebPage\",\"FAQPage\"],\"@id\":\"https:\\\/\\\/regbu.com\\\/sv\\\/artificiell-intelligens-ar-framtidens-musik\\\/\",\"url\":\"https:\\\/\\\/regbu.com\\\/sv\\\/artificiell-intelligens-ar-framtidens-musik\\\/\",\"name\":\"Um\u011bl\u00e1 inteligence je hudbou budoucnosti - REGBU.COM\",\"isPartOf\":{\"@id\":\"https:\\\/\\\/regbu.com\\\/en\\\/#website\"},\"primaryImageOfPage\":{\"@id\":\"https:\\\/\\\/regbu.com\\\/sv\\\/artificiell-intelligens-ar-framtidens-musik\\\/#primaryimage\"},\"image\":{\"@id\":\"https:\\\/\\\/regbu.com\\\/sv\\\/artificiell-intelligens-ar-framtidens-musik\\\/#primaryimage\"},\"thumbnailUrl\":\"https:\\\/\\\/regbu.com\\\/wp-content\\\/uploads\\\/2023\\\/07\\\/umela-inteligence-je-hudbou-budoucnosti.jpg\",\"datePublished\":\"2023-07-17T11:59:59+00:00\",\"dateModified\":\"2025-09-05T05:41:06+00:00\",\"author\":{\"@id\":\"https:\\\/\\\/regbu.com\\\/en\\\/#\\\/schema\\\/person\\\/94ea9deda2629771b8a9ced002f6784e\"},\"description\":\"V\u00edte, co si p\u0159edstavit pod pojmem um\u011bl\u00e1 inteligence? Jde o novodobou z\u00e1le\u017eitost, kter\u00e1 ovlivn\u00ed na\u0161e \u017eivoty.\",\"breadcrumb\":{\"@id\":\"https:\\\/\\\/regbu.com\\\/sv\\\/artificiell-intelligens-ar-framtidens-musik\\\/#breadcrumb\"},\"mainEntity\":[{\"@id\":\"https:\\\/\\\/regbu.com\\\/sv\\\/artificiell-intelligens-ar-framtidens-musik\\\/#faq-question-1689595000030\"},{\"@id\":\"https:\\\/\\\/regbu.com\\\/sv\\\/artificiell-intelligens-ar-framtidens-musik\\\/#faq-question-1689595009409\"},{\"@id\":\"https:\\\/\\\/regbu.com\\\/sv\\\/artificiell-intelligens-ar-framtidens-musik\\\/#faq-question-1689595017010\"},{\"@id\":\"https:\\\/\\\/regbu.com\\\/sv\\\/artificiell-intelligens-ar-framtidens-musik\\\/#faq-question-1689595025232\"},{\"@id\":\"https:\\\/\\\/regbu.com\\\/sv\\\/artificiell-intelligens-ar-framtidens-musik\\\/#faq-question-1689595037185\"}],\"inLanguage\":\"sv-SE\",\"potentialAction\":[{\"@type\":\"ReadAction\",\"target\":[\"https:\\\/\\\/regbu.com\\\/sv\\\/artificiell-intelligens-ar-framtidens-musik\\\/\"]}]},{\"@type\":\"ImageObject\",\"inLanguage\":\"sv-SE\",\"@id\":\"https:\\\/\\\/regbu.com\\\/sv\\\/artificiell-intelligens-ar-framtidens-musik\\\/#primaryimage\",\"url\":\"https:\\\/\\\/regbu.com\\\/wp-content\\\/uploads\\\/2023\\\/07\\\/umela-inteligence-je-hudbou-budoucnosti.jpg\",\"contentUrl\":\"https:\\\/\\\/regbu.com\\\/wp-content\\\/uploads\\\/2023\\\/07\\\/umela-inteligence-je-hudbou-budoucnosti.jpg\",\"width\":1200,\"height\":680,\"caption\":\"Um\u011bl\u00e1 inteligence je hudbou budoucnosti\"},{\"@type\":\"BreadcrumbList\",\"@id\":\"https:\\\/\\\/regbu.com\\\/sv\\\/artificiell-intelligens-ar-framtidens-musik\\\/#breadcrumb\",\"itemListElement\":[{\"@type\":\"ListItem\",\"position\":1,\"name\":\"Home\",\"item\":\"https:\\\/\\\/regbu.com\\\/en\\\/\"},{\"@type\":\"ListItem\",\"position\":2,\"name\":\"Um\u011bl\u00e1 inteligence je hudbou budoucnosti\"}]},{\"@type\":\"WebSite\",\"@id\":\"https:\\\/\\\/regbu.com\\\/en\\\/#website\",\"url\":\"https:\\\/\\\/regbu.com\\\/en\\\/\",\"name\":\"REGBU.COM\",\"description\":\"\",\"potentialAction\":[{\"@type\":\"SearchAction\",\"target\":{\"@type\":\"EntryPoint\",\"urlTemplate\":\"https:\\\/\\\/regbu.com\\\/en\\\/?s={search_term_string}\"},\"query-input\":{\"@type\":\"PropertyValueSpecification\",\"valueRequired\":true,\"valueName\":\"search_term_string\"}}],\"inLanguage\":\"sv-SE\"},{\"@type\":\"Person\",\"@id\":\"https:\\\/\\\/regbu.com\\\/en\\\/#\\\/schema\\\/person\\\/94ea9deda2629771b8a9ced002f6784e\",\"name\":\"George Martin\",\"url\":\"https:\\\/\\\/regbu.com\\\/sv\\\/author\\\/george-martin\\\/\"},{\"@type\":\"Question\",\"@id\":\"https:\\\/\\\/regbu.com\\\/sv\\\/artificiell-intelligens-ar-framtidens-musik\\\/#faq-question-1689595000030\",\"position\":1,\"url\":\"https:\\\/\\\/regbu.com\\\/sv\\\/artificiell-intelligens-ar-framtidens-musik\\\/#faq-question-1689595000030\",\"name\":\"Jak vyu\u017e\u00edt AI v p\u0159\u00edpad\u011b \u0159e\u010di?\",\"answerCount\":1,\"acceptedAnswer\":{\"@type\":\"Answer\",\"text\":\"Je to p\u0159edev\u0161\u00edm rozpozn\u00e1v\u00e1n\u00ed hlasu, generov\u00e1n\u00ed titulk\u016f, p\u0159eklady a vyhodnocov\u00e1n\u00ed hovor\u016f. Zakomponov\u00e1v\u00e1 se do slu\u017eeb typu Apple Siri a Google Assistant.\",\"inLanguage\":\"sv-SE\"},\"inLanguage\":\"sv-SE\"},{\"@type\":\"Question\",\"@id\":\"https:\\\/\\\/regbu.com\\\/sv\\\/artificiell-intelligens-ar-framtidens-musik\\\/#faq-question-1689595009409\",\"position\":2,\"url\":\"https:\\\/\\\/regbu.com\\\/sv\\\/artificiell-intelligens-ar-framtidens-musik\\\/#faq-question-1689595009409\",\"name\":\"Dok\u00e1\u017ee AI pracovat s obr\u00e1zky?\",\"answerCount\":1,\"acceptedAnswer\":{\"@type\":\"Answer\",\"text\":\"Ano, dnes u\u017e je naprosto b\u011b\u017en\u00e9 generov\u00e1n\u00ed fotografi\u00ed, kter\u00e9 vypadaj\u00ed velice re\u00e1ln\u011b. A to i v\u010detn\u011b t\u011bch nejmen\u0161\u00edch detail\u016f.\",\"inLanguage\":\"sv-SE\"},\"inLanguage\":\"sv-SE\"},{\"@type\":\"Question\",\"@id\":\"https:\\\/\\\/regbu.com\\\/sv\\\/artificiell-intelligens-ar-framtidens-musik\\\/#faq-question-1689595017010\",\"position\":3,\"url\":\"https:\\\/\\\/regbu.com\\\/sv\\\/artificiell-intelligens-ar-framtidens-musik\\\/#faq-question-1689595017010\",\"name\":\"Lze si s um\u011blou inteligenc\u00ed popov\u00eddat?\",\"answerCount\":1,\"acceptedAnswer\":{\"@type\":\"Answer\",\"text\":\"V sou\u010dasnosti je to samoz\u0159ejmost\u00ed. Slou\u017e\u00ed k tomu speci\u00e1ln\u00ed jazykov\u00e9 modely. Ty V\u00e1m dok\u00e1\u017e\u00ed zodpov\u011bd\u011bt nejednu slo\u017eitou ot\u00e1zku.\",\"inLanguage\":\"sv-SE\"},\"inLanguage\":\"sv-SE\"},{\"@type\":\"Question\",\"@id\":\"https:\\\/\\\/regbu.com\\\/sv\\\/artificiell-intelligens-ar-framtidens-musik\\\/#faq-question-1689595025232\",\"position\":4,\"url\":\"https:\\\/\\\/regbu.com\\\/sv\\\/artificiell-intelligens-ar-framtidens-musik\\\/#faq-question-1689595025232\",\"name\":\"Do jak\u00fdch segment\u016f se AI je\u0161t\u011b prom\u00edt\u00e1?\",\"answerCount\":1,\"acceptedAnswer\":{\"@type\":\"Answer\",\"text\":\"Celkem \u00fasp\u011b\u0161n\u011b je zakomponov\u00e1na do sv\u011bta automobil\u016f. Typick\u00fdm p\u0159\u00edkladem jsou samo\u0159\u00edd\u00edc\u00ed vozy a jejich neust\u00e1l\u00e9 vylep\u0161ov\u00e1n\u00ed.\",\"inLanguage\":\"sv-SE\"},\"inLanguage\":\"sv-SE\"},{\"@type\":\"Question\",\"@id\":\"https:\\\/\\\/regbu.com\\\/sv\\\/artificiell-intelligens-ar-framtidens-musik\\\/#faq-question-1689595037185\",\"position\":5,\"url\":\"https:\\\/\\\/regbu.com\\\/sv\\\/artificiell-intelligens-ar-framtidens-musik\\\/#faq-question-1689595037185\",\"name\":\"M\u016f\u017ee AI nahradit n\u011bkter\u00e9 lidsk\u00e9 \u010dinnosti?\",\"answerCount\":1,\"acceptedAnswer\":{\"@type\":\"Answer\",\"text\":\"Ano. Jedn\u00e1 se p\u0159edev\u0161\u00edm o vybran\u00e9 technick\u00e9 oblasti, autorsk\u00e1 d\u00edla a podobn\u011b.\",\"inLanguage\":\"sv-SE\"},\"inLanguage\":\"sv-SE\"}]}<\/script>\n<!-- \/ Yoast SEO plugin. -->","yoast_head_json":{"title":"Artificiell intelligens \u00e4r framtidens musik - REGBU.COM","description":"Vet du vad vi menar med artificiell intelligens? Det \u00e4r en ny sak som kommer att p\u00e5verka v\u00e5ra liv.","robots":{"index":"index","follow":"follow","max-snippet":"max-snippet:-1","max-image-preview":"max-image-preview:large","max-video-preview":"max-video-preview:-1"},"canonical":"https:\/\/regbu.com\/sv\/artificiell-intelligens-ar-framtidens-musik\/","og_locale":"sv_SE","og_type":"article","og_title":"Um\u011bl\u00e1 inteligence je hudbou budoucnosti - REGBU.COM","og_description":"V\u00edte, co si p\u0159edstavit pod pojmem um\u011bl\u00e1 inteligence? Jde o novodobou z\u00e1le\u017eitost, kter\u00e1 ovlivn\u00ed na\u0161e \u017eivoty.","og_url":"https:\/\/regbu.com\/sv\/artificiell-intelligens-ar-framtidens-musik\/","og_site_name":"REGBU.COM","article_published_time":"2023-07-17T11:59:59+00:00","article_modified_time":"2025-09-05T05:41:06+00:00","og_image":[{"width":1200,"height":680,"url":"https:\/\/regbu.com\/wp-content\/uploads\/2023\/07\/umela-inteligence-je-hudbou-budoucnosti.jpg","type":"image\/jpeg"}],"author":"George Martin","twitter_card":"summary_large_image","twitter_misc":{"Skriven av":"George Martin","Ber\u00e4knad l\u00e4stid":"2 minuter"},"schema":{"@context":"https:\/\/schema.org","@graph":[{"@type":"Article","@id":"https:\/\/regbu.com\/sv\/artificiell-intelligens-ar-framtidens-musik\/#article","isPartOf":{"@id":"https:\/\/regbu.com\/sv\/artificiell-intelligens-ar-framtidens-musik\/"},"author":{"name":"George Martin","@id":"https:\/\/regbu.com\/en\/#\/schema\/person\/94ea9deda2629771b8a9ced002f6784e"},"headline":"Um\u011bl\u00e1 inteligence je hudbou budoucnosti","datePublished":"2023-07-17T11:59:59+00:00","dateModified":"2025-09-05T05:41:06+00:00","mainEntityOfPage":{"@id":"https:\/\/regbu.com\/sv\/artificiell-intelligens-ar-framtidens-musik\/"},"wordCount":442,"image":{"@id":"https:\/\/regbu.com\/sv\/artificiell-intelligens-ar-framtidens-musik\/#primaryimage"},"thumbnailUrl":"https:\/\/regbu.com\/wp-content\/uploads\/2023\/07\/umela-inteligence-je-hudbou-budoucnosti.jpg","keywords":["AI","Apple Siri","automobily","Google Assistant","inteligence","lidsk\u00e1 \u010dinnost","nahrazen\u00ed","neuron","rozpozn\u00e1v\u00e1n\u00ed \u0159e\u010di","um\u011bl\u00e1 inteligence"],"articleSection":["Technologie"],"inLanguage":"sv-SE"},{"@type":["WebPage","FAQPage"],"@id":"https:\/\/regbu.com\/sv\/artificiell-intelligens-ar-framtidens-musik\/","url":"https:\/\/regbu.com\/sv\/artificiell-intelligens-ar-framtidens-musik\/","name":"Artificiell intelligens \u00e4r framtidens musik - REGBU.COM","isPartOf":{"@id":"https:\/\/regbu.com\/en\/#website"},"primaryImageOfPage":{"@id":"https:\/\/regbu.com\/sv\/artificiell-intelligens-ar-framtidens-musik\/#primaryimage"},"image":{"@id":"https:\/\/regbu.com\/sv\/artificiell-intelligens-ar-framtidens-musik\/#primaryimage"},"thumbnailUrl":"https:\/\/regbu.com\/wp-content\/uploads\/2023\/07\/umela-inteligence-je-hudbou-budoucnosti.jpg","datePublished":"2023-07-17T11:59:59+00:00","dateModified":"2025-09-05T05:41:06+00:00","author":{"@id":"https:\/\/regbu.com\/en\/#\/schema\/person\/94ea9deda2629771b8a9ced002f6784e"},"description":"Vet du vad vi menar med artificiell intelligens? Det \u00e4r en ny sak som kommer att p\u00e5verka v\u00e5ra liv.","breadcrumb":{"@id":"https:\/\/regbu.com\/sv\/artificiell-intelligens-ar-framtidens-musik\/#breadcrumb"},"mainEntity":[{"@id":"https:\/\/regbu.com\/sv\/artificiell-intelligens-ar-framtidens-musik\/#faq-question-1689595000030"},{"@id":"https:\/\/regbu.com\/sv\/artificiell-intelligens-ar-framtidens-musik\/#faq-question-1689595009409"},{"@id":"https:\/\/regbu.com\/sv\/artificiell-intelligens-ar-framtidens-musik\/#faq-question-1689595017010"},{"@id":"https:\/\/regbu.com\/sv\/artificiell-intelligens-ar-framtidens-musik\/#faq-question-1689595025232"},{"@id":"https:\/\/regbu.com\/sv\/artificiell-intelligens-ar-framtidens-musik\/#faq-question-1689595037185"}],"inLanguage":"sv-SE","potentialAction":[{"@type":"ReadAction","target":["https:\/\/regbu.com\/sv\/artificiell-intelligens-ar-framtidens-musik\/"]}]},{"@type":"ImageObject","inLanguage":"sv-SE","@id":"https:\/\/regbu.com\/sv\/artificiell-intelligens-ar-framtidens-musik\/#primaryimage","url":"https:\/\/regbu.com\/wp-content\/uploads\/2023\/07\/umela-inteligence-je-hudbou-budoucnosti.jpg","contentUrl":"https:\/\/regbu.com\/wp-content\/uploads\/2023\/07\/umela-inteligence-je-hudbou-budoucnosti.jpg","width":1200,"height":680,"caption":"Um\u011bl\u00e1 inteligence je hudbou budoucnosti"},{"@type":"BreadcrumbList","@id":"https:\/\/regbu.com\/sv\/artificiell-intelligens-ar-framtidens-musik\/#breadcrumb","itemListElement":[{"@type":"ListItem","position":1,"name":"Home","item":"https:\/\/regbu.com\/en\/"},{"@type":"ListItem","position":2,"name":"Um\u011bl\u00e1 inteligence je hudbou budoucnosti"}]},{"@type":"WebSite","@id":"https:\/\/regbu.com\/en\/#website","url":"https:\/\/regbu.com\/en\/","name":"REGBU.COM","description":"","potentialAction":[{"@type":"SearchAction","target":{"@type":"EntryPoint","urlTemplate":"https:\/\/regbu.com\/en\/?s={search_term_string}"},"query-input":{"@type":"PropertyValueSpecification","valueRequired":true,"valueName":"search_term_string"}}],"inLanguage":"sv-SE"},{"@type":"Person","@id":"https:\/\/regbu.com\/en\/#\/schema\/person\/94ea9deda2629771b8a9ced002f6784e","name":"George Martin","url":"https:\/\/regbu.com\/sv\/author\/george-martin\/"},{"@type":"Question","@id":"https:\/\/regbu.com\/sv\/artificiell-intelligens-ar-framtidens-musik\/#faq-question-1689595000030","position":1,"url":"https:\/\/regbu.com\/sv\/artificiell-intelligens-ar-framtidens-musik\/#faq-question-1689595000030","name":"Hur anv\u00e4nder man AI n\u00e4r det g\u00e4ller tal?","answerCount":1,"acceptedAnswer":{"@type":"Answer","text":"Je to p\u0159edev\u0161\u00edm rozpozn\u00e1v\u00e1n\u00ed hlasu, generov\u00e1n\u00ed titulk\u016f, p\u0159eklady a vyhodnocov\u00e1n\u00ed hovor\u016f. Zakomponov\u00e1v\u00e1 se do slu\u017eeb typu Apple Siri a Google Assistant.","inLanguage":"sv-SE"},"inLanguage":"sv-SE"},{"@type":"Question","@id":"https:\/\/regbu.com\/sv\/artificiell-intelligens-ar-framtidens-musik\/#faq-question-1689595009409","position":2,"url":"https:\/\/regbu.com\/sv\/artificiell-intelligens-ar-framtidens-musik\/#faq-question-1689595009409","name":"Kan AI arbeta med bilder?","answerCount":1,"acceptedAnswer":{"@type":"Answer","text":"Ano, dnes u\u017e je naprosto b\u011b\u017en\u00e9 generov\u00e1n\u00ed fotografi\u00ed, kter\u00e9 vypadaj\u00ed velice re\u00e1ln\u011b. A to i v\u010detn\u011b t\u011bch nejmen\u0161\u00edch detail\u016f.","inLanguage":"sv-SE"},"inLanguage":"sv-SE"},{"@type":"Question","@id":"https:\/\/regbu.com\/sv\/artificiell-intelligens-ar-framtidens-musik\/#faq-question-1689595017010","position":3,"url":"https:\/\/regbu.com\/sv\/artificiell-intelligens-ar-framtidens-musik\/#faq-question-1689595017010","name":"\u00c4r det m\u00f6jligt att prata med en AI?","answerCount":1,"acceptedAnswer":{"@type":"Answer","text":"V sou\u010dasnosti je to samoz\u0159ejmost\u00ed. Slou\u017e\u00ed k tomu speci\u00e1ln\u00ed jazykov\u00e9 modely. Ty V\u00e1m dok\u00e1\u017e\u00ed zodpov\u011bd\u011bt nejednu slo\u017eitou ot\u00e1zku.","inLanguage":"sv-SE"},"inLanguage":"sv-SE"},{"@type":"Question","@id":"https:\/\/regbu.com\/sv\/artificiell-intelligens-ar-framtidens-musik\/#faq-question-1689595025232","position":4,"url":"https:\/\/regbu.com\/sv\/artificiell-intelligens-ar-framtidens-musik\/#faq-question-1689595025232","name":"Vilka andra segment p\u00e5verkas av AI?","answerCount":1,"acceptedAnswer":{"@type":"Answer","text":"Celkem \u00fasp\u011b\u0161n\u011b je zakomponov\u00e1na do sv\u011bta automobil\u016f. Typick\u00fdm p\u0159\u00edkladem jsou samo\u0159\u00edd\u00edc\u00ed vozy a jejich neust\u00e1l\u00e9 vylep\u0161ov\u00e1n\u00ed.","inLanguage":"sv-SE"},"inLanguage":"sv-SE"},{"@type":"Question","@id":"https:\/\/regbu.com\/sv\/artificiell-intelligens-ar-framtidens-musik\/#faq-question-1689595037185","position":5,"url":"https:\/\/regbu.com\/sv\/artificiell-intelligens-ar-framtidens-musik\/#faq-question-1689595037185","name":"Kan AI ers\u00e4tta vissa m\u00e4nskliga aktiviteter?","answerCount":1,"acceptedAnswer":{"@type":"Answer","text":"Ano. Jedn\u00e1 se p\u0159edev\u0161\u00edm o vybran\u00e9 technick\u00e9 oblasti, autorsk\u00e1 d\u00edla a podobn\u011b.","inLanguage":"sv-SE"},"inLanguage":"sv-SE"}]}},"_links":{"self":[{"href":"https:\/\/regbu.com\/sv\/wp-json\/wp\/v2\/posts\/1094","targetHints":{"allow":["GET"]}}],"collection":[{"href":"https:\/\/regbu.com\/sv\/wp-json\/wp\/v2\/posts"}],"about":[{"href":"https:\/\/regbu.com\/sv\/wp-json\/wp\/v2\/types\/post"}],"author":[{"embeddable":true,"href":"https:\/\/regbu.com\/sv\/wp-json\/wp\/v2\/users\/2"}],"replies":[{"embeddable":true,"href":"https:\/\/regbu.com\/sv\/wp-json\/wp\/v2\/comments?post=1094"}],"version-history":[{"count":2,"href":"https:\/\/regbu.com\/sv\/wp-json\/wp\/v2\/posts\/1094\/revisions"}],"predecessor-version":[{"id":1107,"href":"https:\/\/regbu.com\/sv\/wp-json\/wp\/v2\/posts\/1094\/revisions\/1107"}],"wp:featuredmedia":[{"embeddable":true,"href":"https:\/\/regbu.com\/sv\/wp-json\/wp\/v2\/media\/1095"}],"wp:attachment":[{"href":"https:\/\/regbu.com\/sv\/wp-json\/wp\/v2\/media?parent=1094"}],"wp:term":[{"taxonomy":"category","embeddable":true,"href":"https:\/\/regbu.com\/sv\/wp-json\/wp\/v2\/categories?post=1094"},{"taxonomy":"post_tag","embeddable":true,"href":"https:\/\/regbu.com\/sv\/wp-json\/wp\/v2\/tags?post=1094"}],"curies":[{"name":"wp","href":"https:\/\/api.w.org\/{rel}","templated":true}]}}