{"id":1013,"date":"2023-07-12T16:25:47","date_gmt":"2023-07-12T14:25:47","guid":{"rendered":"https:\/\/regbu.com\/?p=1013"},"modified":"2025-09-05T07:41:16","modified_gmt":"2025-09-05T05:41:16","slug":"zanet-slepeho-streva-pozor-na-nej","status":"publish","type":"post","link":"https:\/\/regbu.com\/sv\/angrepp-av-blinda-trad-attention-on-it\/","title":{"rendered":"Blindtarmsinflammation - se upp f\u00f6r den"},"content":{"rendered":"<p>Appendicit \u00e4r utan tvekan en avundsv\u00e4rd sjukdom. F\u00f6rutom att <strong><a href=\"https:\/\/regbu.com\/sv\/enema-encefalit-ar-en-bakgrundssjukdom\/\">f\u00e4stingburen encefalit<\/a><\/strong>. I det h\u00e4r fallet \u00e4r dock den skyldige inte f\u00e4stingen utan personen sj\u00e4lv. Faktum \u00e4r att det finns flera orsaker till uppkomsten av denna sjukdom. N\u00e5gra av dem \u00e4r v\u00e5rt eget fel, andra \u00e4r det inte.<\/p>\n\n\n\n<ul class=\"wp-block-list\">\n<li>D\u00e5liga matvanor<\/li>\n\n\n\n<li>Parasiter i form av rundmaskar<\/li>\n\n\n\n<li>Fr\u00e4mmande f\u00f6rem\u00e5l i kroppen<\/li>\n<\/ul>\n\n\n\n<p>Inflammation av denna typ \u00e4r sm\u00e4rtsam och kan, om den l\u00e4mnas obehandlad, till och med hota en persons liv. Det \u00e4r d\u00e4rf\u00f6r du b\u00f6r veta vilka symtomen p\u00e5 sjukdomen \u00e4r, hur den kan behandlas etc.<\/p>\n\n\n\n<h2 class=\"wp-block-heading\">Viktig information om blindtarmsinflammation<\/h2>\n\n\n\n<p>Appendicit kallas ofta f\u00f6r <strong>appendicit<\/strong>. Denna tekniska term presenterar sm\u00e4rta i navelomr\u00e5det, som gradvis flyttar till nedre delen av buken. Ur inflammationssynpunkt kommer du att st\u00f6ta p\u00e5 tv\u00e5 varianter. Det \u00e4r akut inflammation och kronisk inflammation. Se tabellen f\u00f6r mer information.<\/p>\n\n\n\n<figure class=\"wp-block-table\"><table><tbody><tr><td><strong>\u00c4mne<\/strong><\/td><td><strong>Information<\/strong><\/td><\/tr><tr><td>Akut inflammation<\/td><td>Snabb start<\/td><\/tr><tr><td>Kronisk inflammation<\/td><td>L\u00e5ngvarig sm\u00e4rta<\/td><\/tr><tr><td>D\u00e4r det inte finns n\u00e5gon sjukdom<\/td><td>Afrika och Asien<\/td><\/tr><tr><td>En annan orsak<\/td><td>Clogging med en bit avf\u00f6ring<\/td><\/tr><\/tbody><\/table><figcaption class=\"wp-element-caption\">Ytterligare information om appendicit<\/figcaption><\/figure>\n\n\n\n<p>Om du tror att du lider av denna sjukdom \u00e4r det tillr\u00e5dligt att tr\u00e4ffa en l\u00e4kare s\u00e5 snart som m\u00f6jligt. Ett av symtomen \u00e4r bland annat att buken \u00e4r k\u00e4nslig f\u00f6r ber\u00f6ring i omr\u00e5det kring nedre delen av buken p\u00e5 h\u00f6ger sida.<\/p>\n\n\n\n<h3 class=\"wp-block-heading\">Appendicit och andra symtom<\/h3>\n\n\n\n<p>Naturligtvis finns det mer \u00e4n tillr\u00e4ckligt med symtom p\u00e5 denna sjukdom. Till den n\u00e4mnda buksm\u00e4rtan l\u00e4ggs oftast kr\u00e4kningar och diarr\u00e9. Dessutom \u00e4r det <em>f\u00f6rstoppning, aptitl\u00f6shet, men ocks\u00e5 en mycket snabb puls<\/em>. Som ett resultat kan du k\u00e4nna dig ganska illam\u00e5ende. I ett s\u00e5dant l\u00e4ge b\u00f6r du mycket snabbt bli alert och upps\u00f6ka en v\u00e5rdinr\u00e4ttning.<\/p>\n\n\n\n<p>Appendicit i sig behandlas beroende p\u00e5 sjukdomens omfattning. I vissa situationer hj\u00e4lper klassisk isbildning. Om det \u00e4r en mer omfattande sjukdom slutar det i de flesta fall med operation, respektive borttagning av blindtarmen. Om sjukdomen \u00e4r underskattad <strong>kan orsaka o\u00f6nskad inflammation<\/strong>som hotar bukhinnan.<\/p>\n\n\n\n<p>Du kan r\u00e4kna med att leva ett fullt liv utan n\u00e5gra begr\u00e4nsningar efter att du tagit bort blindtarmen. Om du vill f\u00f6rebygga eventuella sjukdomar b\u00f6r du \u00e4ta mer fibrer i din vanliga kost.<\/p>","protected":false},"excerpt":{"rendered":"<p>Blindtarmsinflammation \u00e4r utan tvekan en avundsv\u00e4rd sjukdom. Precis som f\u00e4stingburen encefalit. I det h\u00e4r fallet \u00e4r det dock inte f\u00e4stingen som \u00e4r boven, utan m\u00e4nniskan sj\u00e4lv. Det finns flera orsaker till denna sjukdom. Vissa av dem \u00e4r v\u00e5rt eget fel, andra \u00e4r det inte. Inflammation av denna typ \u00e4r sm\u00e4rtsam och kan, om den l\u00e4mnas obehandlad, till och med hota en persons liv. Det \u00e4r ... <\/p>","protected":false},"author":2,"featured_media":1014,"comment_status":"closed","ping_status":"closed","sticky":false,"template":"","format":"standard","meta":{"footnotes":""},"categories":[197],"tags":[1039,1037,1026,1027,1034,1038,168,1035,1033,1036],"class_list":["post-1013","post","type-post","status-publish","format-standard","has-post-thumbnail","hentry","category-lidske-zdravi","tag-apendicita","tag-apendix","tag-nemoc","tag-onemocneni","tag-slepe-strevo","tag-stolice","tag-stravovani","tag-strevo","tag-zanet","tag-zanet-slepeho-streva"],"yoast_head":"<!-- This site is optimized with the Yoast SEO plugin v27.4 - https:\/\/yoast.com\/product\/yoast-seo-wordpress\/ -->\n<title>Z\u00e1n\u011bt slep\u00e9ho st\u0159eva \u2013 Pozor na n\u011bj - REGBU.COM<\/title>\n<meta name=\"description\" content=\"Z\u00e1n\u011bt slep\u00e9ho st\u0159eva nen\u00ed radno za \u017e\u00e1dn\u00fdch okolnost\u00ed podce\u0148ovat. Zn\u00e1te p\u0159\u00ed\u010diny a z\u00e1rove\u0148 l\u00e9\u010dbu tohoto onemocn\u011bn\u00ed?\" \/>\n<meta name=\"robots\" content=\"index, follow, max-snippet:-1, max-image-preview:large, max-video-preview:-1\" \/>\n<link rel=\"canonical\" href=\"https:\/\/regbu.com\/sv\/angrepp-av-blinda-trad-attention-on-it\/\" \/>\n<meta property=\"og:locale\" content=\"sv_SE\" \/>\n<meta property=\"og:type\" content=\"article\" \/>\n<meta property=\"og:title\" content=\"Z\u00e1n\u011bt slep\u00e9ho st\u0159eva \u2013 Pozor na n\u011bj - REGBU.COM\" \/>\n<meta property=\"og:description\" content=\"Z\u00e1n\u011bt slep\u00e9ho st\u0159eva nen\u00ed radno za \u017e\u00e1dn\u00fdch okolnost\u00ed podce\u0148ovat. Zn\u00e1te p\u0159\u00ed\u010diny a z\u00e1rove\u0148 l\u00e9\u010dbu tohoto onemocn\u011bn\u00ed?\" \/>\n<meta property=\"og:url\" content=\"https:\/\/regbu.com\/sv\/angrepp-av-blinda-trad-attention-on-it\/\" \/>\n<meta property=\"og:site_name\" content=\"REGBU.COM\" \/>\n<meta property=\"article:published_time\" content=\"2023-07-12T14:25:47+00:00\" \/>\n<meta property=\"article:modified_time\" content=\"2025-09-05T05:41:16+00:00\" \/>\n<meta property=\"og:image\" content=\"https:\/\/regbu.com\/wp-content\/uploads\/2023\/07\/zanet-slepeho-streva-pozor-na-nej.jpg\" \/>\n\t<meta property=\"og:image:width\" content=\"1200\" \/>\n\t<meta property=\"og:image:height\" content=\"679\" \/>\n\t<meta property=\"og:image:type\" content=\"image\/jpeg\" \/>\n<meta name=\"author\" content=\"George Martin\" \/>\n<meta name=\"twitter:card\" content=\"summary_large_image\" \/>\n<meta name=\"twitter:label1\" content=\"Skriven av\" \/>\n\t<meta name=\"twitter:data1\" content=\"George Martin\" \/>\n\t<meta name=\"twitter:label2\" content=\"Ber\u00e4knad l\u00e4stid\" \/>\n\t<meta name=\"twitter:data2\" content=\"2 minuter\" \/>\n<script type=\"application\/ld+json\" class=\"yoast-schema-graph\">{\"@context\":\"https:\\\/\\\/schema.org\",\"@graph\":[{\"@type\":\"Article\",\"@id\":\"https:\\\/\\\/regbu.com\\\/sv\\\/angrepp-av-blinda-trad-attention-on-it\\\/#article\",\"isPartOf\":{\"@id\":\"https:\\\/\\\/regbu.com\\\/sv\\\/angrepp-av-blinda-trad-attention-on-it\\\/\"},\"author\":{\"name\":\"George Martin\",\"@id\":\"https:\\\/\\\/regbu.com\\\/en\\\/#\\\/schema\\\/person\\\/94ea9deda2629771b8a9ced002f6784e\"},\"headline\":\"Z\u00e1n\u011bt slep\u00e9ho st\u0159eva \u2013 Pozor na n\u011bj\",\"datePublished\":\"2023-07-12T14:25:47+00:00\",\"dateModified\":\"2025-09-05T05:41:16+00:00\",\"mainEntityOfPage\":{\"@id\":\"https:\\\/\\\/regbu.com\\\/sv\\\/angrepp-av-blinda-trad-attention-on-it\\\/\"},\"wordCount\":493,\"image\":{\"@id\":\"https:\\\/\\\/regbu.com\\\/sv\\\/angrepp-av-blinda-trad-attention-on-it\\\/#primaryimage\"},\"thumbnailUrl\":\"https:\\\/\\\/regbu.com\\\/wp-content\\\/uploads\\\/2023\\\/07\\\/zanet-slepeho-streva-pozor-na-nej.jpg\",\"keywords\":[\"apendicita\",\"apendix\",\"nemoc\",\"onemocn\u011bn\u00ed\",\"slep\u00e9 st\u0159evo\",\"stolice\",\"stravov\u00e1n\u00ed\",\"st\u0159evo\",\"z\u00e1n\u011bt\",\"z\u00e1n\u011bt slep\u00e9ho st\u0159eva\"],\"articleSection\":[\"Lidsk\u00e9 Zdrav\u00ed\"],\"inLanguage\":\"sv-SE\"},{\"@type\":\"WebPage\",\"@id\":\"https:\\\/\\\/regbu.com\\\/sv\\\/angrepp-av-blinda-trad-attention-on-it\\\/\",\"url\":\"https:\\\/\\\/regbu.com\\\/sv\\\/angrepp-av-blinda-trad-attention-on-it\\\/\",\"name\":\"Z\u00e1n\u011bt slep\u00e9ho st\u0159eva \u2013 Pozor na n\u011bj - REGBU.COM\",\"isPartOf\":{\"@id\":\"https:\\\/\\\/regbu.com\\\/en\\\/#website\"},\"primaryImageOfPage\":{\"@id\":\"https:\\\/\\\/regbu.com\\\/sv\\\/angrepp-av-blinda-trad-attention-on-it\\\/#primaryimage\"},\"image\":{\"@id\":\"https:\\\/\\\/regbu.com\\\/sv\\\/angrepp-av-blinda-trad-attention-on-it\\\/#primaryimage\"},\"thumbnailUrl\":\"https:\\\/\\\/regbu.com\\\/wp-content\\\/uploads\\\/2023\\\/07\\\/zanet-slepeho-streva-pozor-na-nej.jpg\",\"datePublished\":\"2023-07-12T14:25:47+00:00\",\"dateModified\":\"2025-09-05T05:41:16+00:00\",\"author\":{\"@id\":\"https:\\\/\\\/regbu.com\\\/en\\\/#\\\/schema\\\/person\\\/94ea9deda2629771b8a9ced002f6784e\"},\"description\":\"Z\u00e1n\u011bt slep\u00e9ho st\u0159eva nen\u00ed radno za \u017e\u00e1dn\u00fdch okolnost\u00ed podce\u0148ovat. Zn\u00e1te p\u0159\u00ed\u010diny a z\u00e1rove\u0148 l\u00e9\u010dbu tohoto onemocn\u011bn\u00ed?\",\"breadcrumb\":{\"@id\":\"https:\\\/\\\/regbu.com\\\/sv\\\/angrepp-av-blinda-trad-attention-on-it\\\/#breadcrumb\"},\"inLanguage\":\"sv-SE\",\"potentialAction\":[{\"@type\":\"ReadAction\",\"target\":[\"https:\\\/\\\/regbu.com\\\/sv\\\/angrepp-av-blinda-trad-attention-on-it\\\/\"]}]},{\"@type\":\"ImageObject\",\"inLanguage\":\"sv-SE\",\"@id\":\"https:\\\/\\\/regbu.com\\\/sv\\\/angrepp-av-blinda-trad-attention-on-it\\\/#primaryimage\",\"url\":\"https:\\\/\\\/regbu.com\\\/wp-content\\\/uploads\\\/2023\\\/07\\\/zanet-slepeho-streva-pozor-na-nej.jpg\",\"contentUrl\":\"https:\\\/\\\/regbu.com\\\/wp-content\\\/uploads\\\/2023\\\/07\\\/zanet-slepeho-streva-pozor-na-nej.jpg\",\"width\":1200,\"height\":679,\"caption\":\"Z\u00e1n\u011bt slep\u00e9ho st\u0159eva \u2013 Pozor na n\u011bj\"},{\"@type\":\"BreadcrumbList\",\"@id\":\"https:\\\/\\\/regbu.com\\\/sv\\\/angrepp-av-blinda-trad-attention-on-it\\\/#breadcrumb\",\"itemListElement\":[{\"@type\":\"ListItem\",\"position\":1,\"name\":\"Home\",\"item\":\"https:\\\/\\\/regbu.com\\\/en\\\/\"},{\"@type\":\"ListItem\",\"position\":2,\"name\":\"Z\u00e1n\u011bt slep\u00e9ho st\u0159eva \u2013 Pozor na n\u011bj\"}]},{\"@type\":\"WebSite\",\"@id\":\"https:\\\/\\\/regbu.com\\\/en\\\/#website\",\"url\":\"https:\\\/\\\/regbu.com\\\/en\\\/\",\"name\":\"REGBU.COM\",\"description\":\"\",\"potentialAction\":[{\"@type\":\"SearchAction\",\"target\":{\"@type\":\"EntryPoint\",\"urlTemplate\":\"https:\\\/\\\/regbu.com\\\/en\\\/?s={search_term_string}\"},\"query-input\":{\"@type\":\"PropertyValueSpecification\",\"valueRequired\":true,\"valueName\":\"search_term_string\"}}],\"inLanguage\":\"sv-SE\"},{\"@type\":\"Person\",\"@id\":\"https:\\\/\\\/regbu.com\\\/en\\\/#\\\/schema\\\/person\\\/94ea9deda2629771b8a9ced002f6784e\",\"name\":\"George Martin\",\"url\":\"https:\\\/\\\/regbu.com\\\/sv\\\/author\\\/george-martin\\\/\"}]}<\/script>\n<!-- \/ Yoast SEO plugin. -->","yoast_head_json":{"title":"Blindtarmsinflammation - se upp f\u00f6r den - REGBU.COM","description":"Appendicit b\u00f6r inte underskattas under n\u00e5gra omst\u00e4ndigheter. K\u00e4nner du till orsakerna till och behandlingen av denna sjukdom?","robots":{"index":"index","follow":"follow","max-snippet":"max-snippet:-1","max-image-preview":"max-image-preview:large","max-video-preview":"max-video-preview:-1"},"canonical":"https:\/\/regbu.com\/sv\/angrepp-av-blinda-trad-attention-on-it\/","og_locale":"sv_SE","og_type":"article","og_title":"Z\u00e1n\u011bt slep\u00e9ho st\u0159eva \u2013 Pozor na n\u011bj - REGBU.COM","og_description":"Z\u00e1n\u011bt slep\u00e9ho st\u0159eva nen\u00ed radno za \u017e\u00e1dn\u00fdch okolnost\u00ed podce\u0148ovat. Zn\u00e1te p\u0159\u00ed\u010diny a z\u00e1rove\u0148 l\u00e9\u010dbu tohoto onemocn\u011bn\u00ed?","og_url":"https:\/\/regbu.com\/sv\/angrepp-av-blinda-trad-attention-on-it\/","og_site_name":"REGBU.COM","article_published_time":"2023-07-12T14:25:47+00:00","article_modified_time":"2025-09-05T05:41:16+00:00","og_image":[{"width":1200,"height":679,"url":"https:\/\/regbu.com\/wp-content\/uploads\/2023\/07\/zanet-slepeho-streva-pozor-na-nej.jpg","type":"image\/jpeg"}],"author":"George Martin","twitter_card":"summary_large_image","twitter_misc":{"Skriven av":"George Martin","Ber\u00e4knad l\u00e4stid":"2 minuter"},"schema":{"@context":"https:\/\/schema.org","@graph":[{"@type":"Article","@id":"https:\/\/regbu.com\/sv\/angrepp-av-blinda-trad-attention-on-it\/#article","isPartOf":{"@id":"https:\/\/regbu.com\/sv\/angrepp-av-blinda-trad-attention-on-it\/"},"author":{"name":"George Martin","@id":"https:\/\/regbu.com\/en\/#\/schema\/person\/94ea9deda2629771b8a9ced002f6784e"},"headline":"Z\u00e1n\u011bt slep\u00e9ho st\u0159eva \u2013 Pozor na n\u011bj","datePublished":"2023-07-12T14:25:47+00:00","dateModified":"2025-09-05T05:41:16+00:00","mainEntityOfPage":{"@id":"https:\/\/regbu.com\/sv\/angrepp-av-blinda-trad-attention-on-it\/"},"wordCount":493,"image":{"@id":"https:\/\/regbu.com\/sv\/angrepp-av-blinda-trad-attention-on-it\/#primaryimage"},"thumbnailUrl":"https:\/\/regbu.com\/wp-content\/uploads\/2023\/07\/zanet-slepeho-streva-pozor-na-nej.jpg","keywords":["apendicita","apendix","nemoc","onemocn\u011bn\u00ed","slep\u00e9 st\u0159evo","stolice","stravov\u00e1n\u00ed","st\u0159evo","z\u00e1n\u011bt","z\u00e1n\u011bt slep\u00e9ho st\u0159eva"],"articleSection":["Lidsk\u00e9 Zdrav\u00ed"],"inLanguage":"sv-SE"},{"@type":"WebPage","@id":"https:\/\/regbu.com\/sv\/angrepp-av-blinda-trad-attention-on-it\/","url":"https:\/\/regbu.com\/sv\/angrepp-av-blinda-trad-attention-on-it\/","name":"Blindtarmsinflammation - se upp f\u00f6r den - REGBU.COM","isPartOf":{"@id":"https:\/\/regbu.com\/en\/#website"},"primaryImageOfPage":{"@id":"https:\/\/regbu.com\/sv\/angrepp-av-blinda-trad-attention-on-it\/#primaryimage"},"image":{"@id":"https:\/\/regbu.com\/sv\/angrepp-av-blinda-trad-attention-on-it\/#primaryimage"},"thumbnailUrl":"https:\/\/regbu.com\/wp-content\/uploads\/2023\/07\/zanet-slepeho-streva-pozor-na-nej.jpg","datePublished":"2023-07-12T14:25:47+00:00","dateModified":"2025-09-05T05:41:16+00:00","author":{"@id":"https:\/\/regbu.com\/en\/#\/schema\/person\/94ea9deda2629771b8a9ced002f6784e"},"description":"Appendicit b\u00f6r inte underskattas under n\u00e5gra omst\u00e4ndigheter. K\u00e4nner du till orsakerna till och behandlingen av denna sjukdom?","breadcrumb":{"@id":"https:\/\/regbu.com\/sv\/angrepp-av-blinda-trad-attention-on-it\/#breadcrumb"},"inLanguage":"sv-SE","potentialAction":[{"@type":"ReadAction","target":["https:\/\/regbu.com\/sv\/angrepp-av-blinda-trad-attention-on-it\/"]}]},{"@type":"ImageObject","inLanguage":"sv-SE","@id":"https:\/\/regbu.com\/sv\/angrepp-av-blinda-trad-attention-on-it\/#primaryimage","url":"https:\/\/regbu.com\/wp-content\/uploads\/2023\/07\/zanet-slepeho-streva-pozor-na-nej.jpg","contentUrl":"https:\/\/regbu.com\/wp-content\/uploads\/2023\/07\/zanet-slepeho-streva-pozor-na-nej.jpg","width":1200,"height":679,"caption":"Z\u00e1n\u011bt slep\u00e9ho st\u0159eva \u2013 Pozor na n\u011bj"},{"@type":"BreadcrumbList","@id":"https:\/\/regbu.com\/sv\/angrepp-av-blinda-trad-attention-on-it\/#breadcrumb","itemListElement":[{"@type":"ListItem","position":1,"name":"Home","item":"https:\/\/regbu.com\/en\/"},{"@type":"ListItem","position":2,"name":"Z\u00e1n\u011bt slep\u00e9ho st\u0159eva \u2013 Pozor na n\u011bj"}]},{"@type":"WebSite","@id":"https:\/\/regbu.com\/en\/#website","url":"https:\/\/regbu.com\/en\/","name":"REGBU.COM","description":"","potentialAction":[{"@type":"SearchAction","target":{"@type":"EntryPoint","urlTemplate":"https:\/\/regbu.com\/en\/?s={search_term_string}"},"query-input":{"@type":"PropertyValueSpecification","valueRequired":true,"valueName":"search_term_string"}}],"inLanguage":"sv-SE"},{"@type":"Person","@id":"https:\/\/regbu.com\/en\/#\/schema\/person\/94ea9deda2629771b8a9ced002f6784e","name":"George Martin","url":"https:\/\/regbu.com\/sv\/author\/george-martin\/"}]}},"_links":{"self":[{"href":"https:\/\/regbu.com\/sv\/wp-json\/wp\/v2\/posts\/1013","targetHints":{"allow":["GET"]}}],"collection":[{"href":"https:\/\/regbu.com\/sv\/wp-json\/wp\/v2\/posts"}],"about":[{"href":"https:\/\/regbu.com\/sv\/wp-json\/wp\/v2\/types\/post"}],"author":[{"embeddable":true,"href":"https:\/\/regbu.com\/sv\/wp-json\/wp\/v2\/users\/2"}],"replies":[{"embeddable":true,"href":"https:\/\/regbu.com\/sv\/wp-json\/wp\/v2\/comments?post=1013"}],"version-history":[{"count":2,"href":"https:\/\/regbu.com\/sv\/wp-json\/wp\/v2\/posts\/1013\/revisions"}],"predecessor-version":[{"id":1026,"href":"https:\/\/regbu.com\/sv\/wp-json\/wp\/v2\/posts\/1013\/revisions\/1026"}],"wp:featuredmedia":[{"embeddable":true,"href":"https:\/\/regbu.com\/sv\/wp-json\/wp\/v2\/media\/1014"}],"wp:attachment":[{"href":"https:\/\/regbu.com\/sv\/wp-json\/wp\/v2\/media?parent=1013"}],"wp:term":[{"taxonomy":"category","embeddable":true,"href":"https:\/\/regbu.com\/sv\/wp-json\/wp\/v2\/categories?post=1013"},{"taxonomy":"post_tag","embeddable":true,"href":"https:\/\/regbu.com\/sv\/wp-json\/wp\/v2\/tags?post=1013"}],"curies":[{"name":"wp","href":"https:\/\/api.w.org\/{rel}","templated":true}]}}