{"id":1349,"date":"2023-07-31T14:48:14","date_gmt":"2023-07-31T12:48:14","guid":{"rendered":"https:\/\/regbu.com\/?p=1349"},"modified":"2025-09-05T07:40:26","modified_gmt":"2025-09-05T05:40:26","slug":"zimni-bunda-na-hory-musi-zahrat","status":"publish","type":"post","link":"https:\/\/regbu.com\/sl\/zimska-gorska-jacket-must-go-back\/","title":{"rendered":"Zimska bunda za gore mora ohranjati toploto"},"content":{"rendered":"<p>Zimska jakna je izbrana nekoliko druga\u010de kot <strong><a href=\"https:\/\/regbu.com\/sl\/pohodniska-jakna-muse-mit-rune-likes\/\">pohodni\u0161ka jakna<\/a><\/strong>. Ta vrsta obla\u010dil je primerna za zimsko sezono, zato morajo biti predvsem topla. Sama zasnova jakne se nato ujema z dejavnostmi, s katerimi se \u017eelite ukvarjati.<\/p>\n\n\n\n<ul class=\"wp-block-list\">\n<li>Turizem<\/li>\n\n\n\n<li>Smu\u010danje<\/li>\n\n\n\n<li>Vsakodnevno no\u0161enje<\/li>\n<\/ul>\n\n\n\n<p>\u010ce ne poznate mo\u017enosti, ki so na voljo pri izbiri nove zimske jakne, naj vam jih povemo. Z naslednjimi informacijami ne boste ve\u010d zmedeni, ko boste vstopili v trgovino z ve\u010d deset modeli zimskih bund.<\/p>\n\n\n\n<h2 class=\"wp-block-heading\">Je bolj\u0161e perje ali sintetika?<\/h2>\n\n\n\n<p>Najprej si oglejmo sestavo. Zimska jakna ima lahko <strong>razli\u010dno polnjenje<\/strong>kar je seveda povezano z razli\u010dnimi zna\u010dilnostmi. Tipi\u010den primer sta perje in sintetika. Material, ki ima \u0161tevilne zagovornike. \u010ce tega ne poznate in ne veste, na katero pot se podati, vam ponujamo primerjavo. V preglednici so razkrite prednosti in slabosti obeh materialov.<\/p>\n\n\n\n<figure class=\"wp-block-table\"><table><tbody><tr><td><strong>Perje<\/strong><\/td><td><strong>Sintetika<\/strong><\/td><\/tr><tr><td>Dalj\u0161a \u017eivljenjska doba<\/td><td>Enostavno vzdr\u017eevanje<\/td><\/tr><tr><td>Manj\u0161a te\u017ea<\/td><td>Stro\u0161ki so ni\u017eji.<\/td><\/tr><tr><td>Enostavno pakiranje<\/td><td>Za bolj vla\u017ene razmere<\/td><\/tr><tr><td>Ve\u010dja ob\u010dutljivost na vlago<\/td><td>Izgubi svojo toplino<\/td><\/tr><\/tbody><\/table><figcaption class=\"wp-element-caption\">Primerjava dveh najpogosteje uporabljenih materialov za zimske jakne.<\/figcaption><\/figure>\n\n\n\n<p>\u010ce je va\u0161 cilj zlahka zlo\u017eljiva jakna, ki vas bo grela, izberite puhovko. \u010ce \u017eelite biti dolgo mokri in vla\u017eni, izberite sintetiko.<\/p>\n\n\n\n<h3 class=\"wp-block-heading\">Zimska jakna razli\u010dnih oblik<\/h3>\n\n\n\n<p>Dandanes lahko poleg tega, da se sre\u010dujete s \u0161tevilnimi drugimi materiali, naletite tudi na&nbsp;<strong>perje in sintetika<\/strong>. To dokazuje na primer flis, ki ni tako topel, po drugi strani pa je enostaven za pakiranje in cenej\u0161i. Edinstven material je na primer merinoloft, s katerim lahko dobite izolacijo tudi v mokrih razmerah. Vendar morate nekaj \u010dasa po\u010dakati, da se posu\u0161i. Zimska bunda, ki zdru\u017euje razli\u010dne materiale, ni nobena izjema, zato lahko od vsakega dobite nekaj.<\/p>\n\n\n\n<p>Proizvodni material ali polnilo ni edini pomemben parameter pri izbiri zimske jakne. Razmisliti morate tudi o uporabi tega obla\u010dila. Za jakno za vsakodnevno no\u0161enje boste verjetno potrebovali nekoliko druga\u010dne lastnosti kot za <em>\u0161portne jakne<\/em>. Za obi\u010dajno uporabo lahko izberete bolj trpe\u017een material, za smu\u010darsko jakno pa vam bo bolj ustrezala povr\u0161inska trpe\u017enost. Za zahtevno zimsko pohodni\u0161tvo bosta zmagala majhna te\u017ea in toplota.<\/p>","protected":false},"excerpt":{"rendered":"<p>Zimsko jakno izberete nekoliko druga\u010de kot pohodni\u0161ko. Ta vrsta obla\u010dil je primerna za zimsko sezono, zato vas mora predvsem greti. Sama zasnova jakne se nato ujema z dejavnostmi, s katerimi se \u017eelite ukvarjati. \u010ce niste seznanjeni z mo\u017enostmi, ki so na voljo pri izbiri nove zimske jakne, vam jih bomo predstavili. ... <\/p>","protected":false},"author":2,"featured_media":1350,"comment_status":"closed","ping_status":"closed","sticky":false,"template":"","format":"standard","meta":{"footnotes":""},"categories":[671],"tags":[1610,1611,1630,1626,1629,1627,1628,821,1624,1625],"class_list":["post-1349","post","type-post","status-publish","format-standard","has-post-thumbnail","hentry","category-moda","tag-bunda","tag-bundy","tag-fleece","tag-lyzovani","tag-napln","tag-peri","tag-syntetika","tag-turistika","tag-zimni-bunda","tag-zimni-bundy"],"yoast_head":"<!-- This site is optimized with the Yoast SEO plugin v27.4 - https:\/\/yoast.com\/product\/yoast-seo-wordpress\/ -->\n<title>Zimn\u00ed bunda na hory mus\u00ed zah\u0159\u00e1t - REGBU.COM<\/title>\n<meta name=\"description\" content=\"Chyst\u00e1te se ven v zimn\u00edm obdob\u00ed? Pak by ve Va\u0161em \u0161atn\u00edku za \u017e\u00e1dn\u00fdch okolnost\u00ed nem\u011bla chyb\u011bt zimn\u00ed bunda. Mo\u017enosti v\u00fdb\u011bru jsou bohat\u00e9.\" \/>\n<meta name=\"robots\" content=\"index, follow, max-snippet:-1, max-image-preview:large, max-video-preview:-1\" \/>\n<link rel=\"canonical\" href=\"https:\/\/regbu.com\/sl\/zimska-gorska-jacket-must-go-back\/\" \/>\n<meta property=\"og:locale\" content=\"sl_SI\" \/>\n<meta property=\"og:type\" content=\"article\" \/>\n<meta property=\"og:title\" content=\"Zimn\u00ed bunda na hory mus\u00ed zah\u0159\u00e1t - REGBU.COM\" \/>\n<meta property=\"og:description\" content=\"Chyst\u00e1te se ven v zimn\u00edm obdob\u00ed? Pak by ve Va\u0161em \u0161atn\u00edku za \u017e\u00e1dn\u00fdch okolnost\u00ed nem\u011bla chyb\u011bt zimn\u00ed bunda. Mo\u017enosti v\u00fdb\u011bru jsou bohat\u00e9.\" \/>\n<meta property=\"og:url\" content=\"https:\/\/regbu.com\/sl\/zimska-gorska-jacket-must-go-back\/\" \/>\n<meta property=\"og:site_name\" content=\"REGBU.COM\" \/>\n<meta property=\"article:published_time\" content=\"2023-07-31T12:48:14+00:00\" \/>\n<meta property=\"article:modified_time\" content=\"2025-09-05T05:40:26+00:00\" \/>\n<meta property=\"og:image\" content=\"https:\/\/regbu.com\/wp-content\/uploads\/2023\/07\/zimni-bunda-na-hory-musi-zahrat.jpg\" \/>\n\t<meta property=\"og:image:width\" content=\"1200\" \/>\n\t<meta property=\"og:image:height\" content=\"677\" \/>\n\t<meta property=\"og:image:type\" content=\"image\/jpeg\" \/>\n<meta name=\"author\" content=\"George Martin\" \/>\n<meta name=\"twitter:card\" content=\"summary_large_image\" \/>\n<meta name=\"twitter:label1\" content=\"Written by\" \/>\n\t<meta name=\"twitter:data1\" content=\"George Martin\" \/>\n\t<meta name=\"twitter:label2\" content=\"Est. reading time\" \/>\n\t<meta name=\"twitter:data2\" content=\"2 minuti\" \/>\n<script type=\"application\/ld+json\" class=\"yoast-schema-graph\">{\"@context\":\"https:\\\/\\\/schema.org\",\"@graph\":[{\"@type\":\"Article\",\"@id\":\"https:\\\/\\\/regbu.com\\\/sl\\\/zimska-gorska-jacket-must-go-back\\\/#article\",\"isPartOf\":{\"@id\":\"https:\\\/\\\/regbu.com\\\/sl\\\/zimska-gorska-jacket-must-go-back\\\/\"},\"author\":{\"name\":\"George Martin\",\"@id\":\"https:\\\/\\\/regbu.com\\\/en\\\/#\\\/schema\\\/person\\\/94ea9deda2629771b8a9ced002f6784e\"},\"headline\":\"Zimn\u00ed bunda na hory mus\u00ed zah\u0159\u00e1t\",\"datePublished\":\"2023-07-31T12:48:14+00:00\",\"dateModified\":\"2025-09-05T05:40:26+00:00\",\"mainEntityOfPage\":{\"@id\":\"https:\\\/\\\/regbu.com\\\/sl\\\/zimska-gorska-jacket-must-go-back\\\/\"},\"wordCount\":473,\"image\":{\"@id\":\"https:\\\/\\\/regbu.com\\\/sl\\\/zimska-gorska-jacket-must-go-back\\\/#primaryimage\"},\"thumbnailUrl\":\"https:\\\/\\\/regbu.com\\\/wp-content\\\/uploads\\\/2023\\\/07\\\/zimni-bunda-na-hory-musi-zahrat.jpg\",\"keywords\":[\"bunda\",\"bundy\",\"fleece\",\"ly\u017eov\u00e1n\u00ed\",\"n\u00e1pl\u0148\",\"pe\u0159\u00ed\",\"syntetika\",\"turistika\",\"zimn\u00ed bunda\",\"zimn\u00ed bundy\"],\"articleSection\":[\"M\u00f3da\"],\"inLanguage\":\"sl-SI\"},{\"@type\":\"WebPage\",\"@id\":\"https:\\\/\\\/regbu.com\\\/sl\\\/zimska-gorska-jacket-must-go-back\\\/\",\"url\":\"https:\\\/\\\/regbu.com\\\/sl\\\/zimska-gorska-jacket-must-go-back\\\/\",\"name\":\"Zimn\u00ed bunda na hory mus\u00ed zah\u0159\u00e1t - REGBU.COM\",\"isPartOf\":{\"@id\":\"https:\\\/\\\/regbu.com\\\/en\\\/#website\"},\"primaryImageOfPage\":{\"@id\":\"https:\\\/\\\/regbu.com\\\/sl\\\/zimska-gorska-jacket-must-go-back\\\/#primaryimage\"},\"image\":{\"@id\":\"https:\\\/\\\/regbu.com\\\/sl\\\/zimska-gorska-jacket-must-go-back\\\/#primaryimage\"},\"thumbnailUrl\":\"https:\\\/\\\/regbu.com\\\/wp-content\\\/uploads\\\/2023\\\/07\\\/zimni-bunda-na-hory-musi-zahrat.jpg\",\"datePublished\":\"2023-07-31T12:48:14+00:00\",\"dateModified\":\"2025-09-05T05:40:26+00:00\",\"author\":{\"@id\":\"https:\\\/\\\/regbu.com\\\/en\\\/#\\\/schema\\\/person\\\/94ea9deda2629771b8a9ced002f6784e\"},\"description\":\"Chyst\u00e1te se ven v zimn\u00edm obdob\u00ed? Pak by ve Va\u0161em \u0161atn\u00edku za \u017e\u00e1dn\u00fdch okolnost\u00ed nem\u011bla chyb\u011bt zimn\u00ed bunda. Mo\u017enosti v\u00fdb\u011bru jsou bohat\u00e9.\",\"breadcrumb\":{\"@id\":\"https:\\\/\\\/regbu.com\\\/sl\\\/zimska-gorska-jacket-must-go-back\\\/#breadcrumb\"},\"inLanguage\":\"sl-SI\",\"potentialAction\":[{\"@type\":\"ReadAction\",\"target\":[\"https:\\\/\\\/regbu.com\\\/sl\\\/zimska-gorska-jacket-must-go-back\\\/\"]}]},{\"@type\":\"ImageObject\",\"inLanguage\":\"sl-SI\",\"@id\":\"https:\\\/\\\/regbu.com\\\/sl\\\/zimska-gorska-jacket-must-go-back\\\/#primaryimage\",\"url\":\"https:\\\/\\\/regbu.com\\\/wp-content\\\/uploads\\\/2023\\\/07\\\/zimni-bunda-na-hory-musi-zahrat.jpg\",\"contentUrl\":\"https:\\\/\\\/regbu.com\\\/wp-content\\\/uploads\\\/2023\\\/07\\\/zimni-bunda-na-hory-musi-zahrat.jpg\",\"width\":1200,\"height\":677,\"caption\":\"Zimn\u00ed bunda na hory mus\u00ed zah\u0159\u00e1t\"},{\"@type\":\"BreadcrumbList\",\"@id\":\"https:\\\/\\\/regbu.com\\\/sl\\\/zimska-gorska-jacket-must-go-back\\\/#breadcrumb\",\"itemListElement\":[{\"@type\":\"ListItem\",\"position\":1,\"name\":\"Home\",\"item\":\"https:\\\/\\\/regbu.com\\\/en\\\/\"},{\"@type\":\"ListItem\",\"position\":2,\"name\":\"Zimn\u00ed bunda na hory mus\u00ed zah\u0159\u00e1t\"}]},{\"@type\":\"WebSite\",\"@id\":\"https:\\\/\\\/regbu.com\\\/en\\\/#website\",\"url\":\"https:\\\/\\\/regbu.com\\\/en\\\/\",\"name\":\"REGBU.COM\",\"description\":\"\",\"potentialAction\":[{\"@type\":\"SearchAction\",\"target\":{\"@type\":\"EntryPoint\",\"urlTemplate\":\"https:\\\/\\\/regbu.com\\\/en\\\/?s={search_term_string}\"},\"query-input\":{\"@type\":\"PropertyValueSpecification\",\"valueRequired\":true,\"valueName\":\"search_term_string\"}}],\"inLanguage\":\"sl-SI\"},{\"@type\":\"Person\",\"@id\":\"https:\\\/\\\/regbu.com\\\/en\\\/#\\\/schema\\\/person\\\/94ea9deda2629771b8a9ced002f6784e\",\"name\":\"George Martin\",\"url\":\"https:\\\/\\\/regbu.com\\\/sl\\\/author\\\/george-martin\\\/\"}]}<\/script>\n<!-- \/ Yoast SEO plugin. -->","yoast_head_json":{"title":"Zimska jakna za v gore vas mora greti - REGBU.COM","description":"Se odpravljate ven pozimi? Potem v va\u0161i garderobi nikakor ne sme manjkati zimska jakna. Izbira je bogata.","robots":{"index":"index","follow":"follow","max-snippet":"max-snippet:-1","max-image-preview":"max-image-preview:large","max-video-preview":"max-video-preview:-1"},"canonical":"https:\/\/regbu.com\/sl\/zimska-gorska-jacket-must-go-back\/","og_locale":"sl_SI","og_type":"article","og_title":"Zimn\u00ed bunda na hory mus\u00ed zah\u0159\u00e1t - REGBU.COM","og_description":"Chyst\u00e1te se ven v zimn\u00edm obdob\u00ed? Pak by ve Va\u0161em \u0161atn\u00edku za \u017e\u00e1dn\u00fdch okolnost\u00ed nem\u011bla chyb\u011bt zimn\u00ed bunda. Mo\u017enosti v\u00fdb\u011bru jsou bohat\u00e9.","og_url":"https:\/\/regbu.com\/sl\/zimska-gorska-jacket-must-go-back\/","og_site_name":"REGBU.COM","article_published_time":"2023-07-31T12:48:14+00:00","article_modified_time":"2025-09-05T05:40:26+00:00","og_image":[{"width":1200,"height":677,"url":"https:\/\/regbu.com\/wp-content\/uploads\/2023\/07\/zimni-bunda-na-hory-musi-zahrat.jpg","type":"image\/jpeg"}],"author":"George Martin","twitter_card":"summary_large_image","twitter_misc":{"Written by":"George Martin","Est. reading time":"2 minuti"},"schema":{"@context":"https:\/\/schema.org","@graph":[{"@type":"Article","@id":"https:\/\/regbu.com\/sl\/zimska-gorska-jacket-must-go-back\/#article","isPartOf":{"@id":"https:\/\/regbu.com\/sl\/zimska-gorska-jacket-must-go-back\/"},"author":{"name":"George Martin","@id":"https:\/\/regbu.com\/en\/#\/schema\/person\/94ea9deda2629771b8a9ced002f6784e"},"headline":"Zimn\u00ed bunda na hory mus\u00ed zah\u0159\u00e1t","datePublished":"2023-07-31T12:48:14+00:00","dateModified":"2025-09-05T05:40:26+00:00","mainEntityOfPage":{"@id":"https:\/\/regbu.com\/sl\/zimska-gorska-jacket-must-go-back\/"},"wordCount":473,"image":{"@id":"https:\/\/regbu.com\/sl\/zimska-gorska-jacket-must-go-back\/#primaryimage"},"thumbnailUrl":"https:\/\/regbu.com\/wp-content\/uploads\/2023\/07\/zimni-bunda-na-hory-musi-zahrat.jpg","keywords":["bunda","bundy","fleece","ly\u017eov\u00e1n\u00ed","n\u00e1pl\u0148","pe\u0159\u00ed","syntetika","turistika","zimn\u00ed bunda","zimn\u00ed bundy"],"articleSection":["M\u00f3da"],"inLanguage":"sl-SI"},{"@type":"WebPage","@id":"https:\/\/regbu.com\/sl\/zimska-gorska-jacket-must-go-back\/","url":"https:\/\/regbu.com\/sl\/zimska-gorska-jacket-must-go-back\/","name":"Zimska jakna za v gore vas mora greti - REGBU.COM","isPartOf":{"@id":"https:\/\/regbu.com\/en\/#website"},"primaryImageOfPage":{"@id":"https:\/\/regbu.com\/sl\/zimska-gorska-jacket-must-go-back\/#primaryimage"},"image":{"@id":"https:\/\/regbu.com\/sl\/zimska-gorska-jacket-must-go-back\/#primaryimage"},"thumbnailUrl":"https:\/\/regbu.com\/wp-content\/uploads\/2023\/07\/zimni-bunda-na-hory-musi-zahrat.jpg","datePublished":"2023-07-31T12:48:14+00:00","dateModified":"2025-09-05T05:40:26+00:00","author":{"@id":"https:\/\/regbu.com\/en\/#\/schema\/person\/94ea9deda2629771b8a9ced002f6784e"},"description":"Se odpravljate ven pozimi? Potem v va\u0161i garderobi nikakor ne sme manjkati zimska jakna. Izbira je bogata.","breadcrumb":{"@id":"https:\/\/regbu.com\/sl\/zimska-gorska-jacket-must-go-back\/#breadcrumb"},"inLanguage":"sl-SI","potentialAction":[{"@type":"ReadAction","target":["https:\/\/regbu.com\/sl\/zimska-gorska-jacket-must-go-back\/"]}]},{"@type":"ImageObject","inLanguage":"sl-SI","@id":"https:\/\/regbu.com\/sl\/zimska-gorska-jacket-must-go-back\/#primaryimage","url":"https:\/\/regbu.com\/wp-content\/uploads\/2023\/07\/zimni-bunda-na-hory-musi-zahrat.jpg","contentUrl":"https:\/\/regbu.com\/wp-content\/uploads\/2023\/07\/zimni-bunda-na-hory-musi-zahrat.jpg","width":1200,"height":677,"caption":"Zimn\u00ed bunda na hory mus\u00ed zah\u0159\u00e1t"},{"@type":"BreadcrumbList","@id":"https:\/\/regbu.com\/sl\/zimska-gorska-jacket-must-go-back\/#breadcrumb","itemListElement":[{"@type":"ListItem","position":1,"name":"Home","item":"https:\/\/regbu.com\/en\/"},{"@type":"ListItem","position":2,"name":"Zimn\u00ed bunda na hory mus\u00ed zah\u0159\u00e1t"}]},{"@type":"WebSite","@id":"https:\/\/regbu.com\/en\/#website","url":"https:\/\/regbu.com\/en\/","name":"REGBU.COM","description":"","potentialAction":[{"@type":"SearchAction","target":{"@type":"EntryPoint","urlTemplate":"https:\/\/regbu.com\/en\/?s={search_term_string}"},"query-input":{"@type":"PropertyValueSpecification","valueRequired":true,"valueName":"search_term_string"}}],"inLanguage":"sl-SI"},{"@type":"Person","@id":"https:\/\/regbu.com\/en\/#\/schema\/person\/94ea9deda2629771b8a9ced002f6784e","name":"George Martin","url":"https:\/\/regbu.com\/sl\/author\/george-martin\/"}]}},"_links":{"self":[{"href":"https:\/\/regbu.com\/sl\/wp-json\/wp\/v2\/posts\/1349","targetHints":{"allow":["GET"]}}],"collection":[{"href":"https:\/\/regbu.com\/sl\/wp-json\/wp\/v2\/posts"}],"about":[{"href":"https:\/\/regbu.com\/sl\/wp-json\/wp\/v2\/types\/post"}],"author":[{"embeddable":true,"href":"https:\/\/regbu.com\/sl\/wp-json\/wp\/v2\/users\/2"}],"replies":[{"embeddable":true,"href":"https:\/\/regbu.com\/sl\/wp-json\/wp\/v2\/comments?post=1349"}],"version-history":[{"count":2,"href":"https:\/\/regbu.com\/sl\/wp-json\/wp\/v2\/posts\/1349\/revisions"}],"predecessor-version":[{"id":1362,"href":"https:\/\/regbu.com\/sl\/wp-json\/wp\/v2\/posts\/1349\/revisions\/1362"}],"wp:featuredmedia":[{"embeddable":true,"href":"https:\/\/regbu.com\/sl\/wp-json\/wp\/v2\/media\/1350"}],"wp:attachment":[{"href":"https:\/\/regbu.com\/sl\/wp-json\/wp\/v2\/media?parent=1349"}],"wp:term":[{"taxonomy":"category","embeddable":true,"href":"https:\/\/regbu.com\/sl\/wp-json\/wp\/v2\/categories?post=1349"},{"taxonomy":"post_tag","embeddable":true,"href":"https:\/\/regbu.com\/sl\/wp-json\/wp\/v2\/tags?post=1349"}],"curies":[{"name":"wp","href":"https:\/\/api.w.org\/{rel}","templated":true}]}}