{"id":132,"date":"2022-01-04T08:09:00","date_gmt":"2022-01-04T07:09:00","guid":{"rendered":"https:\/\/regbu.com\/?p=132"},"modified":"2025-09-05T07:43:06","modified_gmt":"2025-09-05T05:43:06","slug":"krystof-kapela-spojena-s-richardem-krajcem","status":"publish","type":"post","link":"https:\/\/regbu.com\/sl\/kristofova-kapela-povezana-z-bogastvom-kraja\/","title":{"rendered":"Kry\u0161tof - Skupina, povezana z Richardom Kraj\u010dem"},"content":{"rendered":"<p>V enem od zadnjih \u010dlankov smo predstavili ikono \u010de\u0161ke glasbe, ki je bila <strong><a href=\"https:\/\/regbu.com\/sl\/karel-gott-to-be-unbeatable-god-kaja\/\">Karel Gott<\/a><\/strong>. Zdaj se bomo osredoto\u010dili na eno od zelo uspe\u0161nih, slavnih in odli\u010dnih skupin. To je skupina Kry\u0161tof, ki \u017ee nekaj \u010dasa prevladuje na glasbeni sceni.  Ustanovljena je bila leta 1993 v Hav\u00ed\u0159ovu in od takrat si je pridobila zelo trdno in \u0161iroko bazo obo\u017eevalcev.<\/p>\n\n\n\n<h2 class=\"wp-block-heading\">Kry\u0161tof - Ve\u010d o skupini<\/h2>\n\n\n\n<p>Najbolj znan obraz te skupine je seveda <strong>Richard Kraj\u010do<\/strong>. Poleg njega so skupino v svojem \u010dasu ustanovili tudi drugi sedanji ali nekdanji \u010dlani. To so bili Jarda Blahut, Nikolaj Ari\u010dtev, Biser Ari\u010dtev in Pavel Studnik. V spodnji preglednici si lahko preberete ve\u010d o skupini.<\/p>\n\n\n\n<figure class=\"wp-block-table\"><table><tbody><tr><td><strong>Zadeva<\/strong><\/td><td><strong>Vrednost<\/strong><\/td><\/tr><tr><td>Aktivna leta<\/td><td>Od leta 1994<\/td><\/tr><tr><td>\u017danri:<\/td><td>Pop in alternativni rock<\/td><\/tr><tr><td>Prva demo slika<\/td><td>SQELLE<\/td><\/tr><tr><td>Zalo\u017ebe<\/td><td>EMI, Universal Music in Richmond Records<\/td><\/tr><\/tbody><\/table><figcaption>Ve\u010d informacij o glasbeni skupini Kry\u0161tof.<\/figcaption><\/figure>\n\n\n\n<p>Zgolj za zanimivost, zadnja omenjena zalo\u017eba Richmond Records pripada Richardu Kraj\u010du. Osredoto\u010da se predvsem na vokal, kitaro in petje.<\/p>\n\n\n\n<h2 class=\"wp-block-heading\">Uspe\u0161ni albumi skupine Kry\u0161tof<\/h2>\n\n\n\n<p>\u010ce si ogledate <strong>diskografija skupine Kry\u0161tof<\/strong> boste ugotovili, da je res bogata. Med studijskimi albumi sta znana Rubikon in Inzerat. Med singli so bile nepozabne uspe\u0161nice, ki zvenijo \u0161e danes: Inzerat, The More I Know, Wings of Soap, \u0160n\u016fry, Hned Now, Lolita, Cesta, Ty and Me, Stay Here with Me in \u0161tevilne druge. Skupina je izdala tudi koncertne albume, med drugim \u017di(v)je, Kry\u0161tof v Operi in Kry\u0161tof na Strahovu 2017. \u010ce k temu dodamo \u0161e tri izbore albumov, ugotovimo, da je skupina v \u010dasu svojega obstoja naredila ve\u010d kot dovolj.<\/p>\n\n\n\n<h3 class=\"wp-block-heading\">Nagrada za trdo in kakovostno delo<\/h3>\n\n\n\n<p>Uspeh te priljubljene glasbene skupine se seveda odra\u017ea v \u0161tevilnih nagradah. To dokazujeta \u010de\u0161ki slav\u010dek leta 2013 in <strong>Glasbene nagrade Andel<\/strong> v razli\u010dnih kategorijah od leta 2001. Naj bo to odkritje leta, pesem leta, glasbeni splet, skupina leta in drugo. Res je, da Richard Kraj\u010do s svojim karizmati\u010dnim pristopom pritegne veliko poslu\u0161alcev. Navsezadnje vsako leto pripravi legendarni Kri\u0161tofov tabor, z drugimi \u010dlani pa pripravijo \u0161e \u0161tevilne druge dogodke.<\/p>","protected":false},"excerpt":{"rendered":"<p>V enem od zadnjih \u010dlankov smo predstavili ikono \u010de\u0161ke glasbe, Karla Gotta. Zdaj se bomo osredoto\u010dili na eno od zelo uspe\u0161nih, slavnih in odli\u010dnih skupin. To je skupina Kry\u0161tof, ki \u017ee nekaj \u010dasa prevladuje na glasbeni sceni.  Ustanovljena je bila leta 1993 v Hav\u00ed\u0159ovu in od takrat je pridobila resni\u010dno velik ugled, saj je bila ... <\/p>","protected":false},"author":2,"featured_media":133,"comment_status":"closed","ping_status":"closed","sticky":false,"template":"","format":"standard","meta":{"footnotes":""},"categories":[11],"tags":[106,107,108,109,110,111,112,113,114,115],"class_list":["post-132","post","type-post","status-publish","format-standard","has-post-thumbnail","hentry","category-hudba","tag-hudba","tag-hudebni-kapela","tag-hudebni-skupina","tag-krajco","tag-krystof","tag-pop","tag-richard-krajco","tag-rock","tag-skupina","tag-zpev"],"yoast_head":"<!-- This site is optimized with the Yoast SEO plugin v27.4 - https:\/\/yoast.com\/product\/yoast-seo-wordpress\/ -->\n<title>Kry\u0161tof \u2013 Kapela spojen\u00e1 s Richardem Kraj\u010dem - REGBU.COM<\/title>\n<meta name=\"description\" content=\"Poznejte jednu z nejzn\u00e1m\u011bj\u0161\u00edch \u010desk\u00fdch kapel, kterou je Kry\u0161tof. P\u0159in\u00e1\u0161\u00edme V\u00e1m d\u016fle\u017eit\u00e9 detaily o tomto hudebn\u00edm seskupen\u00ed.\" \/>\n<meta name=\"robots\" content=\"index, follow, max-snippet:-1, max-image-preview:large, max-video-preview:-1\" \/>\n<link rel=\"canonical\" href=\"https:\/\/regbu.com\/sl\/kristofova-kapela-povezana-z-bogastvom-kraja\/\" \/>\n<meta property=\"og:locale\" content=\"sl_SI\" \/>\n<meta property=\"og:type\" content=\"article\" \/>\n<meta property=\"og:title\" content=\"Kry\u0161tof \u2013 Kapela spojen\u00e1 s Richardem Kraj\u010dem - REGBU.COM\" \/>\n<meta property=\"og:description\" content=\"Poznejte jednu z nejzn\u00e1m\u011bj\u0161\u00edch \u010desk\u00fdch kapel, kterou je Kry\u0161tof. P\u0159in\u00e1\u0161\u00edme V\u00e1m d\u016fle\u017eit\u00e9 detaily o tomto hudebn\u00edm seskupen\u00ed.\" \/>\n<meta property=\"og:url\" content=\"https:\/\/regbu.com\/sl\/kristofova-kapela-povezana-z-bogastvom-kraja\/\" \/>\n<meta property=\"og:site_name\" content=\"REGBU.COM\" \/>\n<meta property=\"article:published_time\" content=\"2022-01-04T07:09:00+00:00\" \/>\n<meta property=\"article:modified_time\" content=\"2025-09-05T05:43:06+00:00\" \/>\n<meta property=\"og:image\" content=\"https:\/\/regbu.com\/wp-content\/uploads\/2022\/01\/krystof-kapela-spojena-s-richardem-krajcem.jpg\" \/>\n\t<meta property=\"og:image:width\" content=\"1200\" \/>\n\t<meta property=\"og:image:height\" content=\"677\" \/>\n\t<meta property=\"og:image:type\" content=\"image\/jpeg\" \/>\n<meta name=\"author\" content=\"George Martin\" \/>\n<meta name=\"twitter:card\" content=\"summary_large_image\" \/>\n<meta name=\"twitter:label1\" content=\"Written by\" \/>\n\t<meta name=\"twitter:data1\" content=\"George Martin\" \/>\n\t<meta name=\"twitter:label2\" content=\"Est. reading time\" \/>\n\t<meta name=\"twitter:data2\" content=\"2 minuti\" \/>\n<script type=\"application\/ld+json\" class=\"yoast-schema-graph\">{\"@context\":\"https:\\\/\\\/schema.org\",\"@graph\":[{\"@type\":\"Article\",\"@id\":\"https:\\\/\\\/regbu.com\\\/krystof-kapela-spojena-s-richardem-krajcem\\\/#article\",\"isPartOf\":{\"@id\":\"https:\\\/\\\/regbu.com\\\/krystof-kapela-spojena-s-richardem-krajcem\\\/\"},\"author\":{\"name\":\"George Martin\",\"@id\":\"https:\\\/\\\/regbu.com\\\/en\\\/#\\\/schema\\\/person\\\/94ea9deda2629771b8a9ced002f6784e\"},\"headline\":\"Kry\u0161tof \u2013 Kapela spojen\u00e1 s Richardem Kraj\u010dem\",\"datePublished\":\"2022-01-04T07:09:00+00:00\",\"dateModified\":\"2025-09-05T05:43:06+00:00\",\"mainEntityOfPage\":{\"@id\":\"https:\\\/\\\/regbu.com\\\/krystof-kapela-spojena-s-richardem-krajcem\\\/\"},\"wordCount\":460,\"image\":{\"@id\":\"https:\\\/\\\/regbu.com\\\/krystof-kapela-spojena-s-richardem-krajcem\\\/#primaryimage\"},\"thumbnailUrl\":\"https:\\\/\\\/regbu.com\\\/wp-content\\\/uploads\\\/2022\\\/01\\\/krystof-kapela-spojena-s-richardem-krajcem.jpg\",\"keywords\":[\"hudba\",\"hudebn\u00ed kapela\",\"hudebn\u00ed skupina\",\"Kraj\u010do\",\"Kry\u0161tof\",\"pop\",\"Richard Kraj\u010do\",\"rock\",\"skupina\",\"zp\u011bv\"],\"articleSection\":[\"Hudba\"],\"inLanguage\":\"sl-SI\"},{\"@type\":\"WebPage\",\"@id\":\"https:\\\/\\\/regbu.com\\\/krystof-kapela-spojena-s-richardem-krajcem\\\/\",\"url\":\"https:\\\/\\\/regbu.com\\\/krystof-kapela-spojena-s-richardem-krajcem\\\/\",\"name\":\"Kry\u0161tof \u2013 Kapela spojen\u00e1 s Richardem Kraj\u010dem - REGBU.COM\",\"isPartOf\":{\"@id\":\"https:\\\/\\\/regbu.com\\\/en\\\/#website\"},\"primaryImageOfPage\":{\"@id\":\"https:\\\/\\\/regbu.com\\\/krystof-kapela-spojena-s-richardem-krajcem\\\/#primaryimage\"},\"image\":{\"@id\":\"https:\\\/\\\/regbu.com\\\/krystof-kapela-spojena-s-richardem-krajcem\\\/#primaryimage\"},\"thumbnailUrl\":\"https:\\\/\\\/regbu.com\\\/wp-content\\\/uploads\\\/2022\\\/01\\\/krystof-kapela-spojena-s-richardem-krajcem.jpg\",\"datePublished\":\"2022-01-04T07:09:00+00:00\",\"dateModified\":\"2025-09-05T05:43:06+00:00\",\"author\":{\"@id\":\"https:\\\/\\\/regbu.com\\\/en\\\/#\\\/schema\\\/person\\\/94ea9deda2629771b8a9ced002f6784e\"},\"description\":\"Poznejte jednu z nejzn\u00e1m\u011bj\u0161\u00edch \u010desk\u00fdch kapel, kterou je Kry\u0161tof. P\u0159in\u00e1\u0161\u00edme V\u00e1m d\u016fle\u017eit\u00e9 detaily o tomto hudebn\u00edm seskupen\u00ed.\",\"breadcrumb\":{\"@id\":\"https:\\\/\\\/regbu.com\\\/krystof-kapela-spojena-s-richardem-krajcem\\\/#breadcrumb\"},\"inLanguage\":\"sl-SI\",\"potentialAction\":[{\"@type\":\"ReadAction\",\"target\":[\"https:\\\/\\\/regbu.com\\\/krystof-kapela-spojena-s-richardem-krajcem\\\/\"]}]},{\"@type\":\"ImageObject\",\"inLanguage\":\"sl-SI\",\"@id\":\"https:\\\/\\\/regbu.com\\\/krystof-kapela-spojena-s-richardem-krajcem\\\/#primaryimage\",\"url\":\"https:\\\/\\\/regbu.com\\\/wp-content\\\/uploads\\\/2022\\\/01\\\/krystof-kapela-spojena-s-richardem-krajcem.jpg\",\"contentUrl\":\"https:\\\/\\\/regbu.com\\\/wp-content\\\/uploads\\\/2022\\\/01\\\/krystof-kapela-spojena-s-richardem-krajcem.jpg\",\"width\":1200,\"height\":677,\"caption\":\"Kry\u0161tof \u2013 Kapela spojen\u00e1 s Richardem Kraj\u010dem\"},{\"@type\":\"BreadcrumbList\",\"@id\":\"https:\\\/\\\/regbu.com\\\/krystof-kapela-spojena-s-richardem-krajcem\\\/#breadcrumb\",\"itemListElement\":[{\"@type\":\"ListItem\",\"position\":1,\"name\":\"Home\",\"item\":\"https:\\\/\\\/regbu.com\\\/en\\\/\"},{\"@type\":\"ListItem\",\"position\":2,\"name\":\"Kry\u0161tof \u2013 Kapela spojen\u00e1 s Richardem Kraj\u010dem\"}]},{\"@type\":\"WebSite\",\"@id\":\"https:\\\/\\\/regbu.com\\\/en\\\/#website\",\"url\":\"https:\\\/\\\/regbu.com\\\/en\\\/\",\"name\":\"REGBU.COM\",\"description\":\"\",\"potentialAction\":[{\"@type\":\"SearchAction\",\"target\":{\"@type\":\"EntryPoint\",\"urlTemplate\":\"https:\\\/\\\/regbu.com\\\/en\\\/?s={search_term_string}\"},\"query-input\":{\"@type\":\"PropertyValueSpecification\",\"valueRequired\":true,\"valueName\":\"search_term_string\"}}],\"inLanguage\":\"sl-SI\"},{\"@type\":\"Person\",\"@id\":\"https:\\\/\\\/regbu.com\\\/en\\\/#\\\/schema\\\/person\\\/94ea9deda2629771b8a9ced002f6784e\",\"name\":\"George Martin\",\"url\":\"https:\\\/\\\/regbu.com\\\/sl\\\/author\\\/george-martin\\\/\"}]}<\/script>\n<!-- \/ Yoast SEO plugin. -->","yoast_head_json":{"title":"Kry\u0161tof - Skupina, povezana z Richardom Kraj\u010dem - REGBU.COM","description":"Spoznajte eno najbolj znanih \u010de\u0161kih glasbenih skupin - Kry\u0161tof. Predstavljamo vam pomembne podrobnosti o tej glasbeni skupini.","robots":{"index":"index","follow":"follow","max-snippet":"max-snippet:-1","max-image-preview":"max-image-preview:large","max-video-preview":"max-video-preview:-1"},"canonical":"https:\/\/regbu.com\/sl\/kristofova-kapela-povezana-z-bogastvom-kraja\/","og_locale":"sl_SI","og_type":"article","og_title":"Kry\u0161tof \u2013 Kapela spojen\u00e1 s Richardem Kraj\u010dem - REGBU.COM","og_description":"Poznejte jednu z nejzn\u00e1m\u011bj\u0161\u00edch \u010desk\u00fdch kapel, kterou je Kry\u0161tof. P\u0159in\u00e1\u0161\u00edme V\u00e1m d\u016fle\u017eit\u00e9 detaily o tomto hudebn\u00edm seskupen\u00ed.","og_url":"https:\/\/regbu.com\/sl\/kristofova-kapela-povezana-z-bogastvom-kraja\/","og_site_name":"REGBU.COM","article_published_time":"2022-01-04T07:09:00+00:00","article_modified_time":"2025-09-05T05:43:06+00:00","og_image":[{"width":1200,"height":677,"url":"https:\/\/regbu.com\/wp-content\/uploads\/2022\/01\/krystof-kapela-spojena-s-richardem-krajcem.jpg","type":"image\/jpeg"}],"author":"George Martin","twitter_card":"summary_large_image","twitter_misc":{"Written by":"George Martin","Est. reading time":"2 minuti"},"schema":{"@context":"https:\/\/schema.org","@graph":[{"@type":"Article","@id":"https:\/\/regbu.com\/krystof-kapela-spojena-s-richardem-krajcem\/#article","isPartOf":{"@id":"https:\/\/regbu.com\/krystof-kapela-spojena-s-richardem-krajcem\/"},"author":{"name":"George Martin","@id":"https:\/\/regbu.com\/en\/#\/schema\/person\/94ea9deda2629771b8a9ced002f6784e"},"headline":"Kry\u0161tof \u2013 Kapela spojen\u00e1 s Richardem Kraj\u010dem","datePublished":"2022-01-04T07:09:00+00:00","dateModified":"2025-09-05T05:43:06+00:00","mainEntityOfPage":{"@id":"https:\/\/regbu.com\/krystof-kapela-spojena-s-richardem-krajcem\/"},"wordCount":460,"image":{"@id":"https:\/\/regbu.com\/krystof-kapela-spojena-s-richardem-krajcem\/#primaryimage"},"thumbnailUrl":"https:\/\/regbu.com\/wp-content\/uploads\/2022\/01\/krystof-kapela-spojena-s-richardem-krajcem.jpg","keywords":["hudba","hudebn\u00ed kapela","hudebn\u00ed skupina","Kraj\u010do","Kry\u0161tof","pop","Richard Kraj\u010do","rock","skupina","zp\u011bv"],"articleSection":["Hudba"],"inLanguage":"sl-SI"},{"@type":"WebPage","@id":"https:\/\/regbu.com\/krystof-kapela-spojena-s-richardem-krajcem\/","url":"https:\/\/regbu.com\/krystof-kapela-spojena-s-richardem-krajcem\/","name":"Kry\u0161tof - Skupina, povezana z Richardom Kraj\u010dem - REGBU.COM","isPartOf":{"@id":"https:\/\/regbu.com\/en\/#website"},"primaryImageOfPage":{"@id":"https:\/\/regbu.com\/krystof-kapela-spojena-s-richardem-krajcem\/#primaryimage"},"image":{"@id":"https:\/\/regbu.com\/krystof-kapela-spojena-s-richardem-krajcem\/#primaryimage"},"thumbnailUrl":"https:\/\/regbu.com\/wp-content\/uploads\/2022\/01\/krystof-kapela-spojena-s-richardem-krajcem.jpg","datePublished":"2022-01-04T07:09:00+00:00","dateModified":"2025-09-05T05:43:06+00:00","author":{"@id":"https:\/\/regbu.com\/en\/#\/schema\/person\/94ea9deda2629771b8a9ced002f6784e"},"description":"Spoznajte eno najbolj znanih \u010de\u0161kih glasbenih skupin - Kry\u0161tof. Predstavljamo vam pomembne podrobnosti o tej glasbeni skupini.","breadcrumb":{"@id":"https:\/\/regbu.com\/krystof-kapela-spojena-s-richardem-krajcem\/#breadcrumb"},"inLanguage":"sl-SI","potentialAction":[{"@type":"ReadAction","target":["https:\/\/regbu.com\/krystof-kapela-spojena-s-richardem-krajcem\/"]}]},{"@type":"ImageObject","inLanguage":"sl-SI","@id":"https:\/\/regbu.com\/krystof-kapela-spojena-s-richardem-krajcem\/#primaryimage","url":"https:\/\/regbu.com\/wp-content\/uploads\/2022\/01\/krystof-kapela-spojena-s-richardem-krajcem.jpg","contentUrl":"https:\/\/regbu.com\/wp-content\/uploads\/2022\/01\/krystof-kapela-spojena-s-richardem-krajcem.jpg","width":1200,"height":677,"caption":"Kry\u0161tof \u2013 Kapela spojen\u00e1 s Richardem Kraj\u010dem"},{"@type":"BreadcrumbList","@id":"https:\/\/regbu.com\/krystof-kapela-spojena-s-richardem-krajcem\/#breadcrumb","itemListElement":[{"@type":"ListItem","position":1,"name":"Home","item":"https:\/\/regbu.com\/en\/"},{"@type":"ListItem","position":2,"name":"Kry\u0161tof \u2013 Kapela spojen\u00e1 s Richardem Kraj\u010dem"}]},{"@type":"WebSite","@id":"https:\/\/regbu.com\/en\/#website","url":"https:\/\/regbu.com\/en\/","name":"REGBU.COM","description":"","potentialAction":[{"@type":"SearchAction","target":{"@type":"EntryPoint","urlTemplate":"https:\/\/regbu.com\/en\/?s={search_term_string}"},"query-input":{"@type":"PropertyValueSpecification","valueRequired":true,"valueName":"search_term_string"}}],"inLanguage":"sl-SI"},{"@type":"Person","@id":"https:\/\/regbu.com\/en\/#\/schema\/person\/94ea9deda2629771b8a9ced002f6784e","name":"George Martin","url":"https:\/\/regbu.com\/sl\/author\/george-martin\/"}]}},"_links":{"self":[{"href":"https:\/\/regbu.com\/sl\/wp-json\/wp\/v2\/posts\/132","targetHints":{"allow":["GET"]}}],"collection":[{"href":"https:\/\/regbu.com\/sl\/wp-json\/wp\/v2\/posts"}],"about":[{"href":"https:\/\/regbu.com\/sl\/wp-json\/wp\/v2\/types\/post"}],"author":[{"embeddable":true,"href":"https:\/\/regbu.com\/sl\/wp-json\/wp\/v2\/users\/2"}],"replies":[{"embeddable":true,"href":"https:\/\/regbu.com\/sl\/wp-json\/wp\/v2\/comments?post=132"}],"version-history":[{"count":3,"href":"https:\/\/regbu.com\/sl\/wp-json\/wp\/v2\/posts\/132\/revisions"}],"predecessor-version":[{"id":152,"href":"https:\/\/regbu.com\/sl\/wp-json\/wp\/v2\/posts\/132\/revisions\/152"}],"wp:featuredmedia":[{"embeddable":true,"href":"https:\/\/regbu.com\/sl\/wp-json\/wp\/v2\/media\/133"}],"wp:attachment":[{"href":"https:\/\/regbu.com\/sl\/wp-json\/wp\/v2\/media?parent=132"}],"wp:term":[{"taxonomy":"category","embeddable":true,"href":"https:\/\/regbu.com\/sl\/wp-json\/wp\/v2\/categories?post=132"},{"taxonomy":"post_tag","embeddable":true,"href":"https:\/\/regbu.com\/sl\/wp-json\/wp\/v2\/tags?post=132"}],"curies":[{"name":"wp","href":"https:\/\/api.w.org\/{rel}","templated":true}]}}