{"id":1303,"date":"2023-07-28T17:41:11","date_gmt":"2023-07-28T15:41:11","guid":{"rendered":"https:\/\/regbu.com\/?p=1303"},"modified":"2025-09-05T07:40:39","modified_gmt":"2025-09-05T05:40:39","slug":"funkcni-pradlo-plni-svoji-roli-hlavne-pri-sportu","status":"publish","type":"post","link":"https:\/\/regbu.com\/sl\/funkcionalna-oblacila-polna-vloge-glavno-za-sport\/","title":{"rendered":"Funkcionalno spodnje perilo izpolnjuje svojo vlogo zlasti pri \u0161portu"},"content":{"rendered":"<p>Funkcionalno spodnje perilo je eno od pomembnih vrhnjih obla\u010dil, ki se uporabljajo predvsem v \u0161portu. Lahko je v razli\u010dnih oblikah - <strong><a href=\"https:\/\/regbu.com\/sl\/moske-oblacila-trik-so-obsezno-podobane\/\">mo\u0161ka srajca<\/a><\/strong>srajco z dolgimi rokavi in majico. Za razliko od obi\u010dajnih obla\u010dil ima ta vrsta spodnjega perila eno bistveno nalogo. Znoj odvaja stran od telesa ali v druge plasti obla\u010dil.<\/p>\n\n\n\n<ul class=\"wp-block-list\">\n<li>med \u0161portnimi dejavnostmi<\/li>\n\n\n\n<li>Primerno za sprehode v naravi<\/li>\n\n\n\n<li>Za vsakdanje no\u0161enje<\/li>\n<\/ul>\n\n\n\n<p>Funkcionalno spodnje perilo lahko nosite, kjerkoli se vam zdi primerno. Skratka, <em>kjer se prekomerno znojite<\/em> in tak\u0161no obla\u010dilo bo prispevalo k va\u0161emu splo\u0161nemu udobju.<\/p>\n\n\n\n<h2 class=\"wp-block-heading\">Oblikovanje funkcionalnega spodnjega perila<\/h2>\n\n\n\n<p>Pri funkcionalnem spodnjem perilu se ne boste sre\u010dali le s posebnim proizvodnim materialom, temve\u010d tudi s samim dizajnom. Kar zadeva na\u010delo delovanja, je <strong>obla\u010dila, ki objemajo telo<\/strong>. V tem primeru deluje stoodstotno. Poleg klasi\u010dne majice lahko dobite tudi druga vrhnja obla\u010dila, ki pridejo v stik s \u010dlove\u0161kim telesom. Tipi\u010dni primeri so spodnje majice, \u0161portni nedr\u010dki, spodnjice in funkcionalne mo\u0161ke bokserice.<\/p>\n\n\n\n<h3 class=\"wp-block-heading\">Funkcionalno spodnje perilo v podrobnostih<\/h3>\n\n\n\n<p>Izbrano je posebno funkcionalno spodnje perilo <strong>na podlagi izvedene dejavnosti<\/strong>. Ne glede na to, ali gre za kroj ali uporabljeni material. Pomembno je tudi plastenje obla\u010dil. Obla\u010dila niso primerna le za poletne, temve\u010d tudi za zimske dni. \u010ce \u017eelite izvedeti ve\u010d, preberite naslednja vpra\u0161anja in odgovore.<\/p>\n\n\n\n<div class=\"schema-faq wp-block-yoast-faq-block\"><div class=\"schema-faq-section\" id=\"faq-question-1690558687776\"><strong class=\"schema-faq-question\">Katera plast mora biti na funkcionalnem spodnjem perilu?<\/strong> <p class=\"schema-faq-answer\">Logi\u010dno je, da gre za toplotno izolacijsko plast, ki vas bo grela in \u0161\u010ditila pred mrazom.<\/p> <\/div> <div class=\"schema-faq-section\" id=\"faq-question-1690558694989\"><strong class=\"schema-faq-question\">Kaj pa tretja plast obla\u010dil?<\/strong> <p class=\"schema-faq-answer\">Oblecite toplotno izolacijo, ki vas bo \u0161\u010ditila pred slabim vremenom in vlago.<\/p> <\/div> <div class=\"schema-faq-section\" id=\"faq-question-1690558701441\"><strong class=\"schema-faq-question\">Katere so prednosti sinteti\u010dnih materialov?<\/strong> <p class=\"schema-faq-answer\">Odporne so na znoj in se hitro su\u0161ijo. Njihov najve\u010dji \u010dar je v tem, da hitro odvajajo znoj s telesa in ohranjajo primerno temperaturo.<\/p> <\/div> <div class=\"schema-faq-section\" id=\"faq-question-1690558708526\"><strong class=\"schema-faq-question\">Po \u010dem naravni materiali izstopajo?<\/strong> <p class=\"schema-faq-answer\">Ti so povezani predvsem s popolno termoregulacijo. Tak\u0161no funkcionalno perilo vas bo grelo tudi, ko bo mokro.<\/p> <\/div> <div class=\"schema-faq-section\" id=\"faq-question-1690558715778\"><strong class=\"schema-faq-question\">Kako skrbeti za funkcionalno spodnje perilo?<\/strong> <p class=\"schema-faq-answer\">Glede na stanje uporabe ga redno umivajte. Ne pozabite, da temperatura v pralnem stroju ne sme presegati 40 \u00b0C, ali pa izberite poseben in ne\u017een na\u010din pranja.<\/p> <\/div> <\/div>","protected":false},"excerpt":{"rendered":"<p>Funkcionalno spodnje perilo je eno od pomembnih vrhnjih obla\u010dil, ki se uporabljajo predvsem v \u0161portu. Lahko je v razli\u010dnih oblikah - mo\u0161ka majica, majica z dolgimi rokavi in majica s kratkimi rokavi. V nasprotju s tradicionalnimi obla\u010dili ta vrsta spodnjega perila opravlja eno bistveno nalogo. Znoj odvaja stran od telesa ali v druge plasti obla\u010dil. Ko gre za funkcionalno spodnje perilo, ga lahko ... <\/p>","protected":false},"author":2,"featured_media":1304,"comment_status":"closed","ping_status":"closed","sticky":false,"template":"","format":"standard","meta":{"footnotes":""},"categories":[671],"tags":[1574,1573,869,824,1577,761,1579,783,1575,1578,1576],"class_list":["post-1303","post","type-post","status-publish","format-standard","has-post-thumbnail","hentry","category-moda","tag-boxerky","tag-funkcni-pradlo","tag-material","tag-obleceni","tag-podvlikacky","tag-pradlo","tag-prirodni","tag-sport","tag-sportovni-podprsenka","tag-systeticky","tag-triko"],"yoast_head":"<!-- This site is optimized with the Yoast SEO plugin v27.4 - https:\/\/yoast.com\/product\/yoast-seo-wordpress\/ -->\n<title>Funk\u010dn\u00ed pr\u00e1dlo pln\u00ed svoji roli hlavn\u011b p\u0159i sportu - REGBU.COM<\/title>\n<meta name=\"description\" content=\"Funk\u010dn\u00ed pr\u00e1dlo je d\u016fle\u017eitou sou\u010d\u00e1st\u00ed jak\u00e9koliv pohybov\u00e9 aktivity. Oble\u010den\u00ed, kter\u00e9 odv\u00e1d\u00ed pot od t\u011bla a zvy\u0161uje komfort.\" \/>\n<meta name=\"robots\" content=\"index, follow, max-snippet:-1, max-image-preview:large, max-video-preview:-1\" \/>\n<link rel=\"canonical\" href=\"https:\/\/regbu.com\/sl\/funkcionalna-oblacila-polna-vloge-glavno-za-sport\/\" \/>\n<meta property=\"og:locale\" content=\"sl_SI\" \/>\n<meta property=\"og:type\" content=\"article\" \/>\n<meta property=\"og:title\" content=\"Funk\u010dn\u00ed pr\u00e1dlo pln\u00ed svoji roli hlavn\u011b p\u0159i sportu - REGBU.COM\" \/>\n<meta property=\"og:description\" content=\"Funk\u010dn\u00ed pr\u00e1dlo je d\u016fle\u017eitou sou\u010d\u00e1st\u00ed jak\u00e9koliv pohybov\u00e9 aktivity. Oble\u010den\u00ed, kter\u00e9 odv\u00e1d\u00ed pot od t\u011bla a zvy\u0161uje komfort.\" \/>\n<meta property=\"og:url\" content=\"https:\/\/regbu.com\/sl\/funkcionalna-oblacila-polna-vloge-glavno-za-sport\/\" \/>\n<meta property=\"og:site_name\" content=\"REGBU.COM\" \/>\n<meta property=\"article:published_time\" content=\"2023-07-28T15:41:11+00:00\" \/>\n<meta property=\"article:modified_time\" content=\"2025-09-05T05:40:39+00:00\" \/>\n<meta property=\"og:image\" content=\"https:\/\/regbu.com\/wp-content\/uploads\/2023\/07\/funkcni-pradlo-plni-svoji-roli-hlavne-pri-sportu.jpg\" \/>\n\t<meta property=\"og:image:width\" content=\"1200\" \/>\n\t<meta property=\"og:image:height\" content=\"675\" \/>\n\t<meta property=\"og:image:type\" content=\"image\/jpeg\" \/>\n<meta name=\"author\" content=\"George Martin\" \/>\n<meta name=\"twitter:card\" content=\"summary_large_image\" \/>\n<meta name=\"twitter:label1\" content=\"Written by\" \/>\n\t<meta name=\"twitter:data1\" content=\"George Martin\" \/>\n\t<meta name=\"twitter:label2\" content=\"Est. reading time\" \/>\n\t<meta name=\"twitter:data2\" content=\"2 minuti\" \/>\n<script type=\"application\/ld+json\" class=\"yoast-schema-graph\">{\"@context\":\"https:\\\/\\\/schema.org\",\"@graph\":[{\"@type\":\"Article\",\"@id\":\"https:\\\/\\\/regbu.com\\\/sl\\\/funkcionalna-oblacila-polna-vloge-glavno-za-sport\\\/#article\",\"isPartOf\":{\"@id\":\"https:\\\/\\\/regbu.com\\\/sl\\\/funkcionalna-oblacila-polna-vloge-glavno-za-sport\\\/\"},\"author\":{\"name\":\"George Martin\",\"@id\":\"https:\\\/\\\/regbu.com\\\/en\\\/#\\\/schema\\\/person\\\/94ea9deda2629771b8a9ced002f6784e\"},\"headline\":\"Funk\u010dn\u00ed pr\u00e1dlo pln\u00ed svoji roli hlavn\u011b p\u0159i sportu\",\"datePublished\":\"2023-07-28T15:41:11+00:00\",\"dateModified\":\"2025-09-05T05:40:39+00:00\",\"mainEntityOfPage\":{\"@id\":\"https:\\\/\\\/regbu.com\\\/sl\\\/funkcionalna-oblacila-polna-vloge-glavno-za-sport\\\/\"},\"wordCount\":491,\"image\":{\"@id\":\"https:\\\/\\\/regbu.com\\\/sl\\\/funkcionalna-oblacila-polna-vloge-glavno-za-sport\\\/#primaryimage\"},\"thumbnailUrl\":\"https:\\\/\\\/regbu.com\\\/wp-content\\\/uploads\\\/2023\\\/07\\\/funkcni-pradlo-plni-svoji-roli-hlavne-pri-sportu.jpg\",\"keywords\":[\"boxerky\",\"funk\u010dn\u00ed pr\u00e1dlo\",\"materi\u00e1l\",\"oble\u010den\u00ed\",\"podvl\u00edka\u010dky\",\"pr\u00e1dlo\",\"p\u0159\u00edrodn\u00ed\",\"sport\",\"sportovn\u00ed podprsenka\",\"systetick\u00fd\",\"triko\"],\"articleSection\":[\"M\u00f3da\"],\"inLanguage\":\"sl-SI\"},{\"@type\":[\"WebPage\",\"FAQPage\"],\"@id\":\"https:\\\/\\\/regbu.com\\\/sl\\\/funkcionalna-oblacila-polna-vloge-glavno-za-sport\\\/\",\"url\":\"https:\\\/\\\/regbu.com\\\/sl\\\/funkcionalna-oblacila-polna-vloge-glavno-za-sport\\\/\",\"name\":\"Funk\u010dn\u00ed pr\u00e1dlo pln\u00ed svoji roli hlavn\u011b p\u0159i sportu - REGBU.COM\",\"isPartOf\":{\"@id\":\"https:\\\/\\\/regbu.com\\\/en\\\/#website\"},\"primaryImageOfPage\":{\"@id\":\"https:\\\/\\\/regbu.com\\\/sl\\\/funkcionalna-oblacila-polna-vloge-glavno-za-sport\\\/#primaryimage\"},\"image\":{\"@id\":\"https:\\\/\\\/regbu.com\\\/sl\\\/funkcionalna-oblacila-polna-vloge-glavno-za-sport\\\/#primaryimage\"},\"thumbnailUrl\":\"https:\\\/\\\/regbu.com\\\/wp-content\\\/uploads\\\/2023\\\/07\\\/funkcni-pradlo-plni-svoji-roli-hlavne-pri-sportu.jpg\",\"datePublished\":\"2023-07-28T15:41:11+00:00\",\"dateModified\":\"2025-09-05T05:40:39+00:00\",\"author\":{\"@id\":\"https:\\\/\\\/regbu.com\\\/en\\\/#\\\/schema\\\/person\\\/94ea9deda2629771b8a9ced002f6784e\"},\"description\":\"Funk\u010dn\u00ed pr\u00e1dlo je d\u016fle\u017eitou sou\u010d\u00e1st\u00ed jak\u00e9koliv pohybov\u00e9 aktivity. Oble\u010den\u00ed, kter\u00e9 odv\u00e1d\u00ed pot od t\u011bla a zvy\u0161uje komfort.\",\"breadcrumb\":{\"@id\":\"https:\\\/\\\/regbu.com\\\/sl\\\/funkcionalna-oblacila-polna-vloge-glavno-za-sport\\\/#breadcrumb\"},\"mainEntity\":[{\"@id\":\"https:\\\/\\\/regbu.com\\\/sl\\\/funkcionalna-oblacila-polna-vloge-glavno-za-sport\\\/#faq-question-1690558687776\"},{\"@id\":\"https:\\\/\\\/regbu.com\\\/sl\\\/funkcionalna-oblacila-polna-vloge-glavno-za-sport\\\/#faq-question-1690558694989\"},{\"@id\":\"https:\\\/\\\/regbu.com\\\/sl\\\/funkcionalna-oblacila-polna-vloge-glavno-za-sport\\\/#faq-question-1690558701441\"},{\"@id\":\"https:\\\/\\\/regbu.com\\\/sl\\\/funkcionalna-oblacila-polna-vloge-glavno-za-sport\\\/#faq-question-1690558708526\"},{\"@id\":\"https:\\\/\\\/regbu.com\\\/sl\\\/funkcionalna-oblacila-polna-vloge-glavno-za-sport\\\/#faq-question-1690558715778\"}],\"inLanguage\":\"sl-SI\",\"potentialAction\":[{\"@type\":\"ReadAction\",\"target\":[\"https:\\\/\\\/regbu.com\\\/sl\\\/funkcionalna-oblacila-polna-vloge-glavno-za-sport\\\/\"]}]},{\"@type\":\"ImageObject\",\"inLanguage\":\"sl-SI\",\"@id\":\"https:\\\/\\\/regbu.com\\\/sl\\\/funkcionalna-oblacila-polna-vloge-glavno-za-sport\\\/#primaryimage\",\"url\":\"https:\\\/\\\/regbu.com\\\/wp-content\\\/uploads\\\/2023\\\/07\\\/funkcni-pradlo-plni-svoji-roli-hlavne-pri-sportu.jpg\",\"contentUrl\":\"https:\\\/\\\/regbu.com\\\/wp-content\\\/uploads\\\/2023\\\/07\\\/funkcni-pradlo-plni-svoji-roli-hlavne-pri-sportu.jpg\",\"width\":1200,\"height\":675,\"caption\":\"Funk\u010dn\u00ed pr\u00e1dlo pln\u00ed svoji roli hlavn\u011b p\u0159i sportu\"},{\"@type\":\"BreadcrumbList\",\"@id\":\"https:\\\/\\\/regbu.com\\\/sl\\\/funkcionalna-oblacila-polna-vloge-glavno-za-sport\\\/#breadcrumb\",\"itemListElement\":[{\"@type\":\"ListItem\",\"position\":1,\"name\":\"Home\",\"item\":\"https:\\\/\\\/regbu.com\\\/en\\\/\"},{\"@type\":\"ListItem\",\"position\":2,\"name\":\"Funk\u010dn\u00ed pr\u00e1dlo pln\u00ed svoji roli hlavn\u011b p\u0159i sportu\"}]},{\"@type\":\"WebSite\",\"@id\":\"https:\\\/\\\/regbu.com\\\/en\\\/#website\",\"url\":\"https:\\\/\\\/regbu.com\\\/en\\\/\",\"name\":\"REGBU.COM\",\"description\":\"\",\"potentialAction\":[{\"@type\":\"SearchAction\",\"target\":{\"@type\":\"EntryPoint\",\"urlTemplate\":\"https:\\\/\\\/regbu.com\\\/en\\\/?s={search_term_string}\"},\"query-input\":{\"@type\":\"PropertyValueSpecification\",\"valueRequired\":true,\"valueName\":\"search_term_string\"}}],\"inLanguage\":\"sl-SI\"},{\"@type\":\"Person\",\"@id\":\"https:\\\/\\\/regbu.com\\\/en\\\/#\\\/schema\\\/person\\\/94ea9deda2629771b8a9ced002f6784e\",\"name\":\"George Martin\",\"url\":\"https:\\\/\\\/regbu.com\\\/sl\\\/author\\\/george-martin\\\/\"},{\"@type\":\"Question\",\"@id\":\"https:\\\/\\\/regbu.com\\\/sl\\\/funkcionalna-oblacila-polna-vloge-glavno-za-sport\\\/#faq-question-1690558687776\",\"position\":1,\"url\":\"https:\\\/\\\/regbu.com\\\/sl\\\/funkcionalna-oblacila-polna-vloge-glavno-za-sport\\\/#faq-question-1690558687776\",\"name\":\"Jak\u00e1 vrstva by m\u011bla b\u00fdt na funk\u010dn\u00edm pr\u00e1dle?\",\"answerCount\":1,\"acceptedAnswer\":{\"@type\":\"Answer\",\"text\":\"Z logiky v\u011bci je to termoizola\u010dn\u00ed vrstva, kter\u00e1 V\u00e1s bude udr\u017eovat v teple a chr\u00e1nit p\u0159ed zimou.\",\"inLanguage\":\"sl-SI\"},\"inLanguage\":\"sl-SI\"},{\"@type\":\"Question\",\"@id\":\"https:\\\/\\\/regbu.com\\\/sl\\\/funkcionalna-oblacila-polna-vloge-glavno-za-sport\\\/#faq-question-1690558694989\",\"position\":2,\"url\":\"https:\\\/\\\/regbu.com\\\/sl\\\/funkcionalna-oblacila-polna-vloge-glavno-za-sport\\\/#faq-question-1690558694989\",\"name\":\"Jak je to s t\u0159et\u00ed vrstvou oble\u010den\u00ed?\",\"answerCount\":1,\"acceptedAnswer\":{\"@type\":\"Answer\",\"text\":\"Na termoizola\u010dn\u00ed vrstvu si obl\u00e9kn\u011bte tu ochranou p\u0159ed nevl\u00eddn\u00fdm po\u010das\u00edm a vlhkost\u00ed.\",\"inLanguage\":\"sl-SI\"},\"inLanguage\":\"sl-SI\"},{\"@type\":\"Question\",\"@id\":\"https:\\\/\\\/regbu.com\\\/sl\\\/funkcionalna-oblacila-polna-vloge-glavno-za-sport\\\/#faq-question-1690558701441\",\"position\":3,\"url\":\"https:\\\/\\\/regbu.com\\\/sl\\\/funkcionalna-oblacila-polna-vloge-glavno-za-sport\\\/#faq-question-1690558701441\",\"name\":\"Jak\u00e9 jsou v\u00fdhody syntetick\u00fdch materi\u00e1l\u016f?\",\"answerCount\":1,\"acceptedAnswer\":{\"@type\":\"Answer\",\"text\":\"Nesaj\u00ed pot a rychle schnou. Jejich nejv\u011bt\u0161\u00ed kouzlo spo\u010d\u00edv\u00e1 v rychl\u00e9m odvodu potu od t\u011bla pry\u010d a v udr\u017een\u00ed vhodn\u00e9 teploty.\",\"inLanguage\":\"sl-SI\"},\"inLanguage\":\"sl-SI\"},{\"@type\":\"Question\",\"@id\":\"https:\\\/\\\/regbu.com\\\/sl\\\/funkcionalna-oblacila-polna-vloge-glavno-za-sport\\\/#faq-question-1690558708526\",\"position\":4,\"url\":\"https:\\\/\\\/regbu.com\\\/sl\\\/funkcionalna-oblacila-polna-vloge-glavno-za-sport\\\/#faq-question-1690558708526\",\"name\":\"V \u010dem vynikaj\u00ed p\u0159\u00edrodn\u00ed materi\u00e1ly?\",\"answerCount\":1,\"acceptedAnswer\":{\"@type\":\"Answer\",\"text\":\"Ty se prim\u00e1rn\u011b poj\u00ed s dokonalou termoregulac\u00ed. I kdy\u017e bude takov\u00e9 funk\u010dn\u00ed pr\u00e1dlo vlhk\u00e9, st\u00e1le h\u0159eje.\",\"inLanguage\":\"sl-SI\"},\"inLanguage\":\"sl-SI\"},{\"@type\":\"Question\",\"@id\":\"https:\\\/\\\/regbu.com\\\/sl\\\/funkcionalna-oblacila-polna-vloge-glavno-za-sport\\\/#faq-question-1690558715778\",\"position\":5,\"url\":\"https:\\\/\\\/regbu.com\\\/sl\\\/funkcionalna-oblacila-polna-vloge-glavno-za-sport\\\/#faq-question-1690558715778\",\"name\":\"Jak se starat o funk\u010dn\u00ed pr\u00e1dlo?\",\"answerCount\":1,\"acceptedAnswer\":{\"@type\":\"Answer\",\"text\":\"Podle stavu pou\u017eit\u00ed ho pravideln\u011b perte. Nezapom\u00ednejte na to, \u017ee teplota v pra\u010dce by nem\u011bla p\u0159es\u00e1hnout 40 \u00b0C, pop\u0159\u00edpad\u011b zvolte speci\u00e1ln\u00ed a \u0161etrn\u00fd re\u017eim pran\u00ed.\",\"inLanguage\":\"sl-SI\"},\"inLanguage\":\"sl-SI\"}]}<\/script>\n<!-- \/ Yoast SEO plugin. -->","yoast_head_json":{"title":"Funkcionalno spodnje perilo ima svojo vlogo predvsem pri \u0161portu - REGBU.COM","description":"Funkcionalno spodnje perilo je pomemben del vsake telesne dejavnosti. Obla\u010dila, ki odvajajo znoj od telesa in pove\u010dujejo udobje.","robots":{"index":"index","follow":"follow","max-snippet":"max-snippet:-1","max-image-preview":"max-image-preview:large","max-video-preview":"max-video-preview:-1"},"canonical":"https:\/\/regbu.com\/sl\/funkcionalna-oblacila-polna-vloge-glavno-za-sport\/","og_locale":"sl_SI","og_type":"article","og_title":"Funk\u010dn\u00ed pr\u00e1dlo pln\u00ed svoji roli hlavn\u011b p\u0159i sportu - REGBU.COM","og_description":"Funk\u010dn\u00ed pr\u00e1dlo je d\u016fle\u017eitou sou\u010d\u00e1st\u00ed jak\u00e9koliv pohybov\u00e9 aktivity. Oble\u010den\u00ed, kter\u00e9 odv\u00e1d\u00ed pot od t\u011bla a zvy\u0161uje komfort.","og_url":"https:\/\/regbu.com\/sl\/funkcionalna-oblacila-polna-vloge-glavno-za-sport\/","og_site_name":"REGBU.COM","article_published_time":"2023-07-28T15:41:11+00:00","article_modified_time":"2025-09-05T05:40:39+00:00","og_image":[{"width":1200,"height":675,"url":"https:\/\/regbu.com\/wp-content\/uploads\/2023\/07\/funkcni-pradlo-plni-svoji-roli-hlavne-pri-sportu.jpg","type":"image\/jpeg"}],"author":"George Martin","twitter_card":"summary_large_image","twitter_misc":{"Written by":"George Martin","Est. reading time":"2 minuti"},"schema":{"@context":"https:\/\/schema.org","@graph":[{"@type":"Article","@id":"https:\/\/regbu.com\/sl\/funkcionalna-oblacila-polna-vloge-glavno-za-sport\/#article","isPartOf":{"@id":"https:\/\/regbu.com\/sl\/funkcionalna-oblacila-polna-vloge-glavno-za-sport\/"},"author":{"name":"George Martin","@id":"https:\/\/regbu.com\/en\/#\/schema\/person\/94ea9deda2629771b8a9ced002f6784e"},"headline":"Funk\u010dn\u00ed pr\u00e1dlo pln\u00ed svoji roli hlavn\u011b p\u0159i sportu","datePublished":"2023-07-28T15:41:11+00:00","dateModified":"2025-09-05T05:40:39+00:00","mainEntityOfPage":{"@id":"https:\/\/regbu.com\/sl\/funkcionalna-oblacila-polna-vloge-glavno-za-sport\/"},"wordCount":491,"image":{"@id":"https:\/\/regbu.com\/sl\/funkcionalna-oblacila-polna-vloge-glavno-za-sport\/#primaryimage"},"thumbnailUrl":"https:\/\/regbu.com\/wp-content\/uploads\/2023\/07\/funkcni-pradlo-plni-svoji-roli-hlavne-pri-sportu.jpg","keywords":["boxerky","funk\u010dn\u00ed pr\u00e1dlo","materi\u00e1l","oble\u010den\u00ed","podvl\u00edka\u010dky","pr\u00e1dlo","p\u0159\u00edrodn\u00ed","sport","sportovn\u00ed podprsenka","systetick\u00fd","triko"],"articleSection":["M\u00f3da"],"inLanguage":"sl-SI"},{"@type":["WebPage","FAQPage"],"@id":"https:\/\/regbu.com\/sl\/funkcionalna-oblacila-polna-vloge-glavno-za-sport\/","url":"https:\/\/regbu.com\/sl\/funkcionalna-oblacila-polna-vloge-glavno-za-sport\/","name":"Funkcionalno spodnje perilo ima svojo vlogo predvsem pri \u0161portu - REGBU.COM","isPartOf":{"@id":"https:\/\/regbu.com\/en\/#website"},"primaryImageOfPage":{"@id":"https:\/\/regbu.com\/sl\/funkcionalna-oblacila-polna-vloge-glavno-za-sport\/#primaryimage"},"image":{"@id":"https:\/\/regbu.com\/sl\/funkcionalna-oblacila-polna-vloge-glavno-za-sport\/#primaryimage"},"thumbnailUrl":"https:\/\/regbu.com\/wp-content\/uploads\/2023\/07\/funkcni-pradlo-plni-svoji-roli-hlavne-pri-sportu.jpg","datePublished":"2023-07-28T15:41:11+00:00","dateModified":"2025-09-05T05:40:39+00:00","author":{"@id":"https:\/\/regbu.com\/en\/#\/schema\/person\/94ea9deda2629771b8a9ced002f6784e"},"description":"Funkcionalno spodnje perilo je pomemben del vsake telesne dejavnosti. Obla\u010dila, ki odvajajo znoj od telesa in pove\u010dujejo udobje.","breadcrumb":{"@id":"https:\/\/regbu.com\/sl\/funkcionalna-oblacila-polna-vloge-glavno-za-sport\/#breadcrumb"},"mainEntity":[{"@id":"https:\/\/regbu.com\/sl\/funkcionalna-oblacila-polna-vloge-glavno-za-sport\/#faq-question-1690558687776"},{"@id":"https:\/\/regbu.com\/sl\/funkcionalna-oblacila-polna-vloge-glavno-za-sport\/#faq-question-1690558694989"},{"@id":"https:\/\/regbu.com\/sl\/funkcionalna-oblacila-polna-vloge-glavno-za-sport\/#faq-question-1690558701441"},{"@id":"https:\/\/regbu.com\/sl\/funkcionalna-oblacila-polna-vloge-glavno-za-sport\/#faq-question-1690558708526"},{"@id":"https:\/\/regbu.com\/sl\/funkcionalna-oblacila-polna-vloge-glavno-za-sport\/#faq-question-1690558715778"}],"inLanguage":"sl-SI","potentialAction":[{"@type":"ReadAction","target":["https:\/\/regbu.com\/sl\/funkcionalna-oblacila-polna-vloge-glavno-za-sport\/"]}]},{"@type":"ImageObject","inLanguage":"sl-SI","@id":"https:\/\/regbu.com\/sl\/funkcionalna-oblacila-polna-vloge-glavno-za-sport\/#primaryimage","url":"https:\/\/regbu.com\/wp-content\/uploads\/2023\/07\/funkcni-pradlo-plni-svoji-roli-hlavne-pri-sportu.jpg","contentUrl":"https:\/\/regbu.com\/wp-content\/uploads\/2023\/07\/funkcni-pradlo-plni-svoji-roli-hlavne-pri-sportu.jpg","width":1200,"height":675,"caption":"Funk\u010dn\u00ed pr\u00e1dlo pln\u00ed svoji roli hlavn\u011b p\u0159i sportu"},{"@type":"BreadcrumbList","@id":"https:\/\/regbu.com\/sl\/funkcionalna-oblacila-polna-vloge-glavno-za-sport\/#breadcrumb","itemListElement":[{"@type":"ListItem","position":1,"name":"Home","item":"https:\/\/regbu.com\/en\/"},{"@type":"ListItem","position":2,"name":"Funk\u010dn\u00ed pr\u00e1dlo pln\u00ed svoji roli hlavn\u011b p\u0159i sportu"}]},{"@type":"WebSite","@id":"https:\/\/regbu.com\/en\/#website","url":"https:\/\/regbu.com\/en\/","name":"REGBU.COM","description":"","potentialAction":[{"@type":"SearchAction","target":{"@type":"EntryPoint","urlTemplate":"https:\/\/regbu.com\/en\/?s={search_term_string}"},"query-input":{"@type":"PropertyValueSpecification","valueRequired":true,"valueName":"search_term_string"}}],"inLanguage":"sl-SI"},{"@type":"Person","@id":"https:\/\/regbu.com\/en\/#\/schema\/person\/94ea9deda2629771b8a9ced002f6784e","name":"George Martin","url":"https:\/\/regbu.com\/sl\/author\/george-martin\/"},{"@type":"Question","@id":"https:\/\/regbu.com\/sl\/funkcionalna-oblacila-polna-vloge-glavno-za-sport\/#faq-question-1690558687776","position":1,"url":"https:\/\/regbu.com\/sl\/funkcionalna-oblacila-polna-vloge-glavno-za-sport\/#faq-question-1690558687776","name":"Katera plast mora biti na funkcionalnem spodnjem perilu?","answerCount":1,"acceptedAnswer":{"@type":"Answer","text":"Z logiky v\u011bci je to termoizola\u010dn\u00ed vrstva, kter\u00e1 V\u00e1s bude udr\u017eovat v teple a chr\u00e1nit p\u0159ed zimou.","inLanguage":"sl-SI"},"inLanguage":"sl-SI"},{"@type":"Question","@id":"https:\/\/regbu.com\/sl\/funkcionalna-oblacila-polna-vloge-glavno-za-sport\/#faq-question-1690558694989","position":2,"url":"https:\/\/regbu.com\/sl\/funkcionalna-oblacila-polna-vloge-glavno-za-sport\/#faq-question-1690558694989","name":"Kaj pa tretja plast obla\u010dil?","answerCount":1,"acceptedAnswer":{"@type":"Answer","text":"Na termoizola\u010dn\u00ed vrstvu si obl\u00e9kn\u011bte tu ochranou p\u0159ed nevl\u00eddn\u00fdm po\u010das\u00edm a vlhkost\u00ed.","inLanguage":"sl-SI"},"inLanguage":"sl-SI"},{"@type":"Question","@id":"https:\/\/regbu.com\/sl\/funkcionalna-oblacila-polna-vloge-glavno-za-sport\/#faq-question-1690558701441","position":3,"url":"https:\/\/regbu.com\/sl\/funkcionalna-oblacila-polna-vloge-glavno-za-sport\/#faq-question-1690558701441","name":"Katere so prednosti sinteti\u010dnih materialov?","answerCount":1,"acceptedAnswer":{"@type":"Answer","text":"Nesaj\u00ed pot a rychle schnou. Jejich nejv\u011bt\u0161\u00ed kouzlo spo\u010d\u00edv\u00e1 v rychl\u00e9m odvodu potu od t\u011bla pry\u010d a v udr\u017een\u00ed vhodn\u00e9 teploty.","inLanguage":"sl-SI"},"inLanguage":"sl-SI"},{"@type":"Question","@id":"https:\/\/regbu.com\/sl\/funkcionalna-oblacila-polna-vloge-glavno-za-sport\/#faq-question-1690558708526","position":4,"url":"https:\/\/regbu.com\/sl\/funkcionalna-oblacila-polna-vloge-glavno-za-sport\/#faq-question-1690558708526","name":"Po \u010dem naravni materiali izstopajo?","answerCount":1,"acceptedAnswer":{"@type":"Answer","text":"Ty se prim\u00e1rn\u011b poj\u00ed s dokonalou termoregulac\u00ed. I kdy\u017e bude takov\u00e9 funk\u010dn\u00ed pr\u00e1dlo vlhk\u00e9, st\u00e1le h\u0159eje.","inLanguage":"sl-SI"},"inLanguage":"sl-SI"},{"@type":"Question","@id":"https:\/\/regbu.com\/sl\/funkcionalna-oblacila-polna-vloge-glavno-za-sport\/#faq-question-1690558715778","position":5,"url":"https:\/\/regbu.com\/sl\/funkcionalna-oblacila-polna-vloge-glavno-za-sport\/#faq-question-1690558715778","name":"Kako skrbeti za funkcionalno spodnje perilo?","answerCount":1,"acceptedAnswer":{"@type":"Answer","text":"Podle stavu pou\u017eit\u00ed ho pravideln\u011b perte. Nezapom\u00ednejte na to, \u017ee teplota v pra\u010dce by nem\u011bla p\u0159es\u00e1hnout 40 \u00b0C, pop\u0159\u00edpad\u011b zvolte speci\u00e1ln\u00ed a \u0161etrn\u00fd re\u017eim pran\u00ed.","inLanguage":"sl-SI"},"inLanguage":"sl-SI"}]}},"_links":{"self":[{"href":"https:\/\/regbu.com\/sl\/wp-json\/wp\/v2\/posts\/1303","targetHints":{"allow":["GET"]}}],"collection":[{"href":"https:\/\/regbu.com\/sl\/wp-json\/wp\/v2\/posts"}],"about":[{"href":"https:\/\/regbu.com\/sl\/wp-json\/wp\/v2\/types\/post"}],"author":[{"embeddable":true,"href":"https:\/\/regbu.com\/sl\/wp-json\/wp\/v2\/users\/2"}],"replies":[{"embeddable":true,"href":"https:\/\/regbu.com\/sl\/wp-json\/wp\/v2\/comments?post=1303"}],"version-history":[{"count":4,"href":"https:\/\/regbu.com\/sl\/wp-json\/wp\/v2\/posts\/1303\/revisions"}],"predecessor-version":[{"id":1309,"href":"https:\/\/regbu.com\/sl\/wp-json\/wp\/v2\/posts\/1303\/revisions\/1309"}],"wp:featuredmedia":[{"embeddable":true,"href":"https:\/\/regbu.com\/sl\/wp-json\/wp\/v2\/media\/1304"}],"wp:attachment":[{"href":"https:\/\/regbu.com\/sl\/wp-json\/wp\/v2\/media?parent=1303"}],"wp:term":[{"taxonomy":"category","embeddable":true,"href":"https:\/\/regbu.com\/sl\/wp-json\/wp\/v2\/categories?post=1303"},{"taxonomy":"post_tag","embeddable":true,"href":"https:\/\/regbu.com\/sl\/wp-json\/wp\/v2\/tags?post=1303"}],"curies":[{"name":"wp","href":"https:\/\/api.w.org\/{rel}","templated":true}]}}