{"id":947,"date":"2023-06-21T16:15:32","date_gmt":"2023-06-21T14:15:32","guid":{"rendered":"https:\/\/regbu.com\/?p=947"},"modified":"2025-09-05T07:42:05","modified_gmt":"2025-09-05T05:42:05","slug":"dovolena-v-karavanu-ma-sve-vyhody","status":"publish","type":"post","link":"https:\/\/regbu.com\/sk\/dovolenka-v-karavane-ma-vyhody\/","title":{"rendered":"Dovolenka v karavane m\u00e1 svoje v\u00fdhody"},"content":{"rendered":"<p>Dovolenka v karavane umo\u017e\u0148uje <strong><a href=\"https:\/\/regbu.com\/sk\/cestovanie-so-psom-si-vyzaduje-dokladnu-pripravu\/\">cestovanie so psom<\/a><\/strong> a prin\u00e1\u0161a mnoho zauj\u00edmav\u00fdch v\u00fdhod. Mo\u017eno pr\u00e1ve preto \u013eudia \u010dasto siahaj\u00fa po t\u00fdchto mobiln\u00fdch ubytovac\u00edch zariadeniach. Predaj a pren\u00e1jom karavanov a obytn\u00fdch automobilov je na vzostupe, s ktor\u00fdmi sa d\u00e1 za\u017ei\u0165 ve\u013ea nev\u0161edn\u00fdch z\u00e1\u017eitkov.<\/p>\n\n\n\n<ul class=\"wp-block-list\">\n<li>Karavan je \u0165ahan\u00fd za vozidlom<\/li>\n\n\n\n<li>Obytn\u00fd pr\u00edves je kombin\u00e1ciou automobilu a karavanu<\/li>\n<\/ul>\n\n\n\n<p>Samozrejme, existuj\u00fa aj in\u00e9 alternat\u00edvy podobn\u00e9 karavanom. Typick\u00fdm pr\u00edkladom s\u00fa karavany. Trochu vzdialenej\u0161\u00edm pr\u00edkladom sa zdaj\u00fa by\u0165 automobily, ktor\u00e9 umo\u017e\u0148uj\u00fa postavi\u0165 stan na streche vozidla.<\/p>\n\n\n\n<h2 class=\"wp-block-heading\">Pre\u010do \u00eds\u0165 na dovolenku v karavane?<\/h2>\n\n\n\n<p>Na t\u00fato ot\u00e1zku existuje ve\u013emi jednoduch\u00e1 odpove\u010f. V prvom rade ide o maxim\u00e1lny pocit slobody. Do ur\u010ditej miery m\u00f4\u017eete spa\u0165, kde sa v\u00e1m zachce. Z\u00e1rove\u0148 v\u00e1s \u010dak\u00e1 <strong>poriadna d\u00e1vka dobrodru\u017estva<\/strong>. Cie\u013e a trasu m\u00f4\u017eete r\u00fdchlo zmeni\u0165 za pochodu. Netradi\u010dn\u00e9 momenty s\u00fa preto absol\u00fatnou z\u00e1rukou. A v ak\u00fdch oblastiach si karavan a obytn\u00fd automobil konkuruj\u00fa?<\/p>\n\n\n\n<figure class=\"wp-block-table\"><table><tbody><tr><td><strong>Situ\u00e1cia<\/strong><\/td><td><strong>V\u00ed\u0165az<\/strong><\/td><\/tr><tr><td>Z\u00e1vislos\u0165 od in\u00e9ho \u010dinite\u013ea<\/td><td>Karavan<\/td><\/tr><tr><td>Lep\u0161ie vybavenie<\/td><td>Karavan<\/td><\/tr><tr><td>Ni\u017e\u0161ia cena<\/td><td>Karavan<\/td><\/tr><tr><td>Ovl\u00e1date\u013enos\u0165<\/td><td>Karavan<\/td><\/tr><\/tbody><\/table><figcaption class=\"wp-element-caption\">Porovnanie pou\u017e\u00edvania karavanov a obytn\u00fdch automobilov.<\/figcaption><\/figure>\n\n\n\n<p>V\u00fdber medzi karavanom a obytn\u00fdm autom je \u00faplne individu\u00e1lny. D\u00f4le\u017eit\u00e9 je, \u017ee pri tejto forme cestovania nemus\u00edte zosta\u0165 na jednom mieste. Nie je potrebn\u00e9 si vopred rezervova\u0165 hotel alebo nie\u010do podobn\u00e9. Kde skon\u010d\u00edte, tam skon\u010d\u00edte a tam budete aj spa\u0165.<\/p>\n\n\n\n<h3 class=\"wp-block-heading\">Dovolenka v karavane a jej v\u00fdhody<\/h3>\n\n\n\n<p>Ak v\u00e1s l\u00e1ka dovolenka v karavane, samozrejme v\u00e1m prin\u00e1\u0161ame extra d\u00e1vku v\u00fdhod tohto sp\u00f4sobu cestovania. Napr\u00edklad sa nemus\u00edte ob\u00e1va\u0165, \u017ee si so sebou vezmete jednu alebo dve ta\u0161ky. Do <strong>karavany a obytn\u00e9 vozidl\u00e1<\/strong> deje sa toho ve\u013ea. Tak\u00e1to dovolenka je ide\u00e1lna nielen pre p\u00e1ry, priate\u013eov, ale v podstate pre cel\u00fa rodinu. V mnoh\u00fdch krajin\u00e1ch sveta m\u00f4\u017eete kempova\u0165 na divoko, teda tam, kde sa zastav\u00edte.<\/p>\n\n\n\n<p>Samozrejme, dovolenka v karavane neznamen\u00e1, \u017ee si ho mus\u00edte hne\u010f k\u00fapi\u0165. M\u00f4\u017eete si ho aj prenaja\u0165, <em>ktor\u00e1 je \u010dasto lacnej\u0161ia<\/em>ako keby ste s celou rodinou odi\u0161li na ur\u010dit\u00fd \u010das do konkr\u00e9tneho hotela. V\u00fdhody cestovania v karavane jednoducho prevl\u00e1daj\u00fa.<\/p>","protected":false},"excerpt":{"rendered":"<p>Dovolenka v karavane v\u00e1m umo\u017en\u00ed cestova\u0165 so psom a pon\u00faka mnoho zauj\u00edmav\u00fdch v\u00fdhod. Mo\u017eno pr\u00e1ve preto sa \u013eudia \u010dasto prikl\u00e1\u0148aj\u00fa k t\u00fdmto mobiln\u00fdm ubytovac\u00edm zariadeniam. Predaj a pren\u00e1jom karavanov a obytn\u00fdch automobilov je na vzostupe a mo\u017eno s nimi za\u017ei\u0165 mnoho nev\u0161edn\u00fdch z\u00e1\u017eitkov. Samozrejme, existuj\u00fa aj in\u00e9 alternat\u00edvy podobn\u00e9 karavanom. Typick\u00fdm pr\u00edkladom s\u00fa obytn\u00e9 vozidl\u00e1. O nie\u010do vzdialenej\u0161\u00edm pr\u00edkladom ... <\/p>","protected":false},"author":2,"featured_media":949,"comment_status":"closed","ping_status":"closed","sticky":false,"template":"","format":"standard","meta":{"footnotes":""},"categories":[8],"tags":[548,637,922,923,925,924,926,653,927,157],"class_list":["post-947","post","type-post","status-publish","format-standard","has-post-thumbnail","hentry","category-cestovani","tag-cena","tag-cestovani","tag-dovolena-v-karavanu","tag-karavan","tag-karavany","tag-obytny-vuz","tag-pronajem","tag-vozidlo","tag-vybavenost","tag-vyhody"],"yoast_head":"<!-- This site is optimized with the Yoast SEO plugin v27.5 - https:\/\/yoast.com\/product\/yoast-seo-wordpress\/ -->\n<title>Dovolen\u00e1 v\u00a0karavanu m\u00e1 sv\u00e9 v\u00fdhody - REGBU.COM<\/title>\n<meta name=\"description\" content=\"Dovolen\u00e1 v karavanu otev\u00edr\u00e1 zcela nov\u00e9 mo\u017enosti cestov\u00e1n\u00ed. U\u017e\u00edvejte si cestu v trochu jin\u00e9m pod\u00e1n\u00ed, kdy V\u00e1m nebude nic chyb\u011bt.\" \/>\n<meta name=\"robots\" content=\"index, follow, max-snippet:-1, max-image-preview:large, max-video-preview:-1\" \/>\n<link rel=\"canonical\" href=\"https:\/\/regbu.com\/sk\/dovolenka-v-karavane-ma-vyhody\/\" \/>\n<meta property=\"og:locale\" content=\"sk_SK\" \/>\n<meta property=\"og:type\" content=\"article\" \/>\n<meta property=\"og:title\" content=\"Dovolen\u00e1 v\u00a0karavanu m\u00e1 sv\u00e9 v\u00fdhody - REGBU.COM\" \/>\n<meta property=\"og:description\" content=\"Dovolen\u00e1 v karavanu otev\u00edr\u00e1 zcela nov\u00e9 mo\u017enosti cestov\u00e1n\u00ed. U\u017e\u00edvejte si cestu v trochu jin\u00e9m pod\u00e1n\u00ed, kdy V\u00e1m nebude nic chyb\u011bt.\" \/>\n<meta property=\"og:url\" content=\"https:\/\/regbu.com\/sk\/dovolenka-v-karavane-ma-vyhody\/\" \/>\n<meta property=\"og:site_name\" content=\"REGBU.COM\" \/>\n<meta property=\"article:published_time\" content=\"2023-06-21T14:15:32+00:00\" \/>\n<meta property=\"article:modified_time\" content=\"2025-09-05T05:42:05+00:00\" \/>\n<meta property=\"og:image\" content=\"https:\/\/regbu.com\/wp-content\/uploads\/2023\/06\/dovolena-v-karavanu-ma-sve-vyhody.jpg\" \/>\n\t<meta property=\"og:image:width\" content=\"1200\" \/>\n\t<meta property=\"og:image:height\" content=\"675\" \/>\n\t<meta property=\"og:image:type\" content=\"image\/jpeg\" \/>\n<meta name=\"author\" content=\"George Martin\" \/>\n<meta name=\"twitter:card\" content=\"summary_large_image\" \/>\n<meta name=\"twitter:label1\" content=\"Autor\" \/>\n\t<meta name=\"twitter:data1\" content=\"George Martin\" \/>\n\t<meta name=\"twitter:label2\" content=\"Predpokladan\u00fd \u010das \u010d\u00edtania\" \/>\n\t<meta name=\"twitter:data2\" content=\"2 min\u00faty\" \/>\n<script type=\"application\/ld+json\" class=\"yoast-schema-graph\">{\"@context\":\"https:\\\/\\\/schema.org\",\"@graph\":[{\"@type\":\"Article\",\"@id\":\"https:\\\/\\\/regbu.com\\\/sk\\\/dovolenka-v-karavane-ma-vyhody\\\/#article\",\"isPartOf\":{\"@id\":\"https:\\\/\\\/regbu.com\\\/sk\\\/dovolenka-v-karavane-ma-vyhody\\\/\"},\"author\":{\"name\":\"George Martin\",\"@id\":\"https:\\\/\\\/regbu.com\\\/en\\\/#\\\/schema\\\/person\\\/94ea9deda2629771b8a9ced002f6784e\"},\"headline\":\"Dovolen\u00e1 v\u00a0karavanu m\u00e1 sv\u00e9 v\u00fdhody\",\"datePublished\":\"2023-06-21T14:15:32+00:00\",\"dateModified\":\"2025-09-05T05:42:05+00:00\",\"mainEntityOfPage\":{\"@id\":\"https:\\\/\\\/regbu.com\\\/sk\\\/dovolenka-v-karavane-ma-vyhody\\\/\"},\"wordCount\":459,\"image\":{\"@id\":\"https:\\\/\\\/regbu.com\\\/sk\\\/dovolenka-v-karavane-ma-vyhody\\\/#primaryimage\"},\"thumbnailUrl\":\"https:\\\/\\\/regbu.com\\\/wp-content\\\/uploads\\\/2023\\\/06\\\/dovolena-v-karavanu-ma-sve-vyhody.jpg\",\"keywords\":[\"cena\",\"cestov\u00e1n\u00ed\",\"dovolen\u00e1 v karavanu\",\"karavan\",\"karavany\",\"obytn\u00fd v\u016fz\",\"pron\u00e1jem\",\"vozidlo\",\"vybavenost\",\"v\u00fdhody\"],\"articleSection\":[\"Cestov\u00e1n\u00ed\"],\"inLanguage\":\"sk-SK\"},{\"@type\":\"WebPage\",\"@id\":\"https:\\\/\\\/regbu.com\\\/sk\\\/dovolenka-v-karavane-ma-vyhody\\\/\",\"url\":\"https:\\\/\\\/regbu.com\\\/sk\\\/dovolenka-v-karavane-ma-vyhody\\\/\",\"name\":\"Dovolen\u00e1 v\u00a0karavanu m\u00e1 sv\u00e9 v\u00fdhody - REGBU.COM\",\"isPartOf\":{\"@id\":\"https:\\\/\\\/regbu.com\\\/en\\\/#website\"},\"primaryImageOfPage\":{\"@id\":\"https:\\\/\\\/regbu.com\\\/sk\\\/dovolenka-v-karavane-ma-vyhody\\\/#primaryimage\"},\"image\":{\"@id\":\"https:\\\/\\\/regbu.com\\\/sk\\\/dovolenka-v-karavane-ma-vyhody\\\/#primaryimage\"},\"thumbnailUrl\":\"https:\\\/\\\/regbu.com\\\/wp-content\\\/uploads\\\/2023\\\/06\\\/dovolena-v-karavanu-ma-sve-vyhody.jpg\",\"datePublished\":\"2023-06-21T14:15:32+00:00\",\"dateModified\":\"2025-09-05T05:42:05+00:00\",\"author\":{\"@id\":\"https:\\\/\\\/regbu.com\\\/en\\\/#\\\/schema\\\/person\\\/94ea9deda2629771b8a9ced002f6784e\"},\"description\":\"Dovolen\u00e1 v karavanu otev\u00edr\u00e1 zcela nov\u00e9 mo\u017enosti cestov\u00e1n\u00ed. U\u017e\u00edvejte si cestu v trochu jin\u00e9m pod\u00e1n\u00ed, kdy V\u00e1m nebude nic chyb\u011bt.\",\"breadcrumb\":{\"@id\":\"https:\\\/\\\/regbu.com\\\/sk\\\/dovolenka-v-karavane-ma-vyhody\\\/#breadcrumb\"},\"inLanguage\":\"sk-SK\",\"potentialAction\":[{\"@type\":\"ReadAction\",\"target\":[\"https:\\\/\\\/regbu.com\\\/sk\\\/dovolenka-v-karavane-ma-vyhody\\\/\"]}]},{\"@type\":\"ImageObject\",\"inLanguage\":\"sk-SK\",\"@id\":\"https:\\\/\\\/regbu.com\\\/sk\\\/dovolenka-v-karavane-ma-vyhody\\\/#primaryimage\",\"url\":\"https:\\\/\\\/regbu.com\\\/wp-content\\\/uploads\\\/2023\\\/06\\\/dovolena-v-karavanu-ma-sve-vyhody.jpg\",\"contentUrl\":\"https:\\\/\\\/regbu.com\\\/wp-content\\\/uploads\\\/2023\\\/06\\\/dovolena-v-karavanu-ma-sve-vyhody.jpg\",\"width\":1200,\"height\":675,\"caption\":\"Dovolen\u00e1 v karavanu m\u00e1 sv\u00e9 v\u00fdhody\"},{\"@type\":\"BreadcrumbList\",\"@id\":\"https:\\\/\\\/regbu.com\\\/sk\\\/dovolenka-v-karavane-ma-vyhody\\\/#breadcrumb\",\"itemListElement\":[{\"@type\":\"ListItem\",\"position\":1,\"name\":\"Home\",\"item\":\"https:\\\/\\\/regbu.com\\\/en\\\/\"},{\"@type\":\"ListItem\",\"position\":2,\"name\":\"Dovolen\u00e1 v\u00a0karavanu m\u00e1 sv\u00e9 v\u00fdhody\"}]},{\"@type\":\"WebSite\",\"@id\":\"https:\\\/\\\/regbu.com\\\/en\\\/#website\",\"url\":\"https:\\\/\\\/regbu.com\\\/en\\\/\",\"name\":\"REGBU.COM\",\"description\":\"\",\"potentialAction\":[{\"@type\":\"SearchAction\",\"target\":{\"@type\":\"EntryPoint\",\"urlTemplate\":\"https:\\\/\\\/regbu.com\\\/en\\\/?s={search_term_string}\"},\"query-input\":{\"@type\":\"PropertyValueSpecification\",\"valueRequired\":true,\"valueName\":\"search_term_string\"}}],\"inLanguage\":\"sk-SK\"},{\"@type\":\"Person\",\"@id\":\"https:\\\/\\\/regbu.com\\\/en\\\/#\\\/schema\\\/person\\\/94ea9deda2629771b8a9ced002f6784e\",\"name\":\"George Martin\",\"url\":\"https:\\\/\\\/regbu.com\\\/sk\\\/author\\\/george-martin\\\/\"}]}<\/script>\n<!-- \/ Yoast SEO plugin. -->","yoast_head_json":{"title":"Dovolenka v karavane m\u00e1 svoje v\u00fdhody - REGBU.COM","description":"Dovolenka v karavane otv\u00e1ra \u00faplne nov\u00e9 mo\u017enosti cestovania. U\u017eite si cestu in\u00fdm sp\u00f4sobom, ke\u010f v\u00e1m ni\u010d neunikne.","robots":{"index":"index","follow":"follow","max-snippet":"max-snippet:-1","max-image-preview":"max-image-preview:large","max-video-preview":"max-video-preview:-1"},"canonical":"https:\/\/regbu.com\/sk\/dovolenka-v-karavane-ma-vyhody\/","og_locale":"sk_SK","og_type":"article","og_title":"Dovolen\u00e1 v\u00a0karavanu m\u00e1 sv\u00e9 v\u00fdhody - REGBU.COM","og_description":"Dovolen\u00e1 v karavanu otev\u00edr\u00e1 zcela nov\u00e9 mo\u017enosti cestov\u00e1n\u00ed. U\u017e\u00edvejte si cestu v trochu jin\u00e9m pod\u00e1n\u00ed, kdy V\u00e1m nebude nic chyb\u011bt.","og_url":"https:\/\/regbu.com\/sk\/dovolenka-v-karavane-ma-vyhody\/","og_site_name":"REGBU.COM","article_published_time":"2023-06-21T14:15:32+00:00","article_modified_time":"2025-09-05T05:42:05+00:00","og_image":[{"width":1200,"height":675,"url":"https:\/\/regbu.com\/wp-content\/uploads\/2023\/06\/dovolena-v-karavanu-ma-sve-vyhody.jpg","type":"image\/jpeg"}],"author":"George Martin","twitter_card":"summary_large_image","twitter_misc":{"Autor":"George Martin","Predpokladan\u00fd \u010das \u010d\u00edtania":"2 min\u00faty"},"schema":{"@context":"https:\/\/schema.org","@graph":[{"@type":"Article","@id":"https:\/\/regbu.com\/sk\/dovolenka-v-karavane-ma-vyhody\/#article","isPartOf":{"@id":"https:\/\/regbu.com\/sk\/dovolenka-v-karavane-ma-vyhody\/"},"author":{"name":"George Martin","@id":"https:\/\/regbu.com\/en\/#\/schema\/person\/94ea9deda2629771b8a9ced002f6784e"},"headline":"Dovolen\u00e1 v\u00a0karavanu m\u00e1 sv\u00e9 v\u00fdhody","datePublished":"2023-06-21T14:15:32+00:00","dateModified":"2025-09-05T05:42:05+00:00","mainEntityOfPage":{"@id":"https:\/\/regbu.com\/sk\/dovolenka-v-karavane-ma-vyhody\/"},"wordCount":459,"image":{"@id":"https:\/\/regbu.com\/sk\/dovolenka-v-karavane-ma-vyhody\/#primaryimage"},"thumbnailUrl":"https:\/\/regbu.com\/wp-content\/uploads\/2023\/06\/dovolena-v-karavanu-ma-sve-vyhody.jpg","keywords":["cena","cestov\u00e1n\u00ed","dovolen\u00e1 v karavanu","karavan","karavany","obytn\u00fd v\u016fz","pron\u00e1jem","vozidlo","vybavenost","v\u00fdhody"],"articleSection":["Cestov\u00e1n\u00ed"],"inLanguage":"sk-SK"},{"@type":"WebPage","@id":"https:\/\/regbu.com\/sk\/dovolenka-v-karavane-ma-vyhody\/","url":"https:\/\/regbu.com\/sk\/dovolenka-v-karavane-ma-vyhody\/","name":"Dovolenka v karavane m\u00e1 svoje v\u00fdhody - REGBU.COM","isPartOf":{"@id":"https:\/\/regbu.com\/en\/#website"},"primaryImageOfPage":{"@id":"https:\/\/regbu.com\/sk\/dovolenka-v-karavane-ma-vyhody\/#primaryimage"},"image":{"@id":"https:\/\/regbu.com\/sk\/dovolenka-v-karavane-ma-vyhody\/#primaryimage"},"thumbnailUrl":"https:\/\/regbu.com\/wp-content\/uploads\/2023\/06\/dovolena-v-karavanu-ma-sve-vyhody.jpg","datePublished":"2023-06-21T14:15:32+00:00","dateModified":"2025-09-05T05:42:05+00:00","author":{"@id":"https:\/\/regbu.com\/en\/#\/schema\/person\/94ea9deda2629771b8a9ced002f6784e"},"description":"Dovolenka v karavane otv\u00e1ra \u00faplne nov\u00e9 mo\u017enosti cestovania. U\u017eite si cestu in\u00fdm sp\u00f4sobom, ke\u010f v\u00e1m ni\u010d neunikne.","breadcrumb":{"@id":"https:\/\/regbu.com\/sk\/dovolenka-v-karavane-ma-vyhody\/#breadcrumb"},"inLanguage":"sk-SK","potentialAction":[{"@type":"ReadAction","target":["https:\/\/regbu.com\/sk\/dovolenka-v-karavane-ma-vyhody\/"]}]},{"@type":"ImageObject","inLanguage":"sk-SK","@id":"https:\/\/regbu.com\/sk\/dovolenka-v-karavane-ma-vyhody\/#primaryimage","url":"https:\/\/regbu.com\/wp-content\/uploads\/2023\/06\/dovolena-v-karavanu-ma-sve-vyhody.jpg","contentUrl":"https:\/\/regbu.com\/wp-content\/uploads\/2023\/06\/dovolena-v-karavanu-ma-sve-vyhody.jpg","width":1200,"height":675,"caption":"Dovolen\u00e1 v karavanu m\u00e1 sv\u00e9 v\u00fdhody"},{"@type":"BreadcrumbList","@id":"https:\/\/regbu.com\/sk\/dovolenka-v-karavane-ma-vyhody\/#breadcrumb","itemListElement":[{"@type":"ListItem","position":1,"name":"Home","item":"https:\/\/regbu.com\/en\/"},{"@type":"ListItem","position":2,"name":"Dovolen\u00e1 v\u00a0karavanu m\u00e1 sv\u00e9 v\u00fdhody"}]},{"@type":"WebSite","@id":"https:\/\/regbu.com\/en\/#website","url":"https:\/\/regbu.com\/en\/","name":"REGBU.COM","description":"","potentialAction":[{"@type":"SearchAction","target":{"@type":"EntryPoint","urlTemplate":"https:\/\/regbu.com\/en\/?s={search_term_string}"},"query-input":{"@type":"PropertyValueSpecification","valueRequired":true,"valueName":"search_term_string"}}],"inLanguage":"sk-SK"},{"@type":"Person","@id":"https:\/\/regbu.com\/en\/#\/schema\/person\/94ea9deda2629771b8a9ced002f6784e","name":"George Martin","url":"https:\/\/regbu.com\/sk\/author\/george-martin\/"}]}},"_links":{"self":[{"href":"https:\/\/regbu.com\/sk\/wp-json\/wp\/v2\/posts\/947","targetHints":{"allow":["GET"]}}],"collection":[{"href":"https:\/\/regbu.com\/sk\/wp-json\/wp\/v2\/posts"}],"about":[{"href":"https:\/\/regbu.com\/sk\/wp-json\/wp\/v2\/types\/post"}],"author":[{"embeddable":true,"href":"https:\/\/regbu.com\/sk\/wp-json\/wp\/v2\/users\/2"}],"replies":[{"embeddable":true,"href":"https:\/\/regbu.com\/sk\/wp-json\/wp\/v2\/comments?post=947"}],"version-history":[{"count":2,"href":"https:\/\/regbu.com\/sk\/wp-json\/wp\/v2\/posts\/947\/revisions"}],"predecessor-version":[{"id":961,"href":"https:\/\/regbu.com\/sk\/wp-json\/wp\/v2\/posts\/947\/revisions\/961"}],"wp:featuredmedia":[{"embeddable":true,"href":"https:\/\/regbu.com\/sk\/wp-json\/wp\/v2\/media\/949"}],"wp:attachment":[{"href":"https:\/\/regbu.com\/sk\/wp-json\/wp\/v2\/media?parent=947"}],"wp:term":[{"taxonomy":"category","embeddable":true,"href":"https:\/\/regbu.com\/sk\/wp-json\/wp\/v2\/categories?post=947"},{"taxonomy":"post_tag","embeddable":true,"href":"https:\/\/regbu.com\/sk\/wp-json\/wp\/v2\/tags?post=947"}],"curies":[{"name":"wp","href":"https:\/\/api.w.org\/{rel}","templated":true}]}}