{"id":941,"date":"2023-06-21T16:06:16","date_gmt":"2023-06-21T14:06:16","guid":{"rendered":"https:\/\/regbu.com\/?p=941"},"modified":"2025-09-05T07:42:09","modified_gmt":"2025-09-05T05:42:09","slug":"dovolena-na-kole-na-co-nezapomenout","status":"publish","type":"post","link":"https:\/\/regbu.com\/sk\/prazdniny-v-skole-na-co-nezabudnut\/","title":{"rendered":"Cyklistick\u00e1 dovolenka - na \u010do nezabudn\u00fa\u0165?"},"content":{"rendered":"<p>Dovolenka na bicykli je rovnako dobrodru\u017en\u00e1 a z\u00e1bavn\u00e1 ako dovolenka na lodi. Jedin\u00fd rozdiel je v tom, \u017ee v tomto pr\u00edpade v\u00e1s nebude zauj\u00edma\u0165 <strong><a href=\"https:\/\/regbu.com\/sk\/navadzacie-zariadenia-od-do\/\">lodn\u00e9 vybavenie<\/a><\/strong>ale budete h\u013eada\u0165 v\u00fdbavu vhodn\u00fa pre bicykel. To, samozrejme, z\u00e1vis\u00ed od mnoh\u00fdch r\u00f4znych faktorov.<\/p>\n\n\n\n<ul class=\"wp-block-list\">\n<li>Na ktorom bicykli budete jazdi\u0165?<\/li>\n\n\n\n<li>Na ak\u00fdch miestach lov\u00edte?<\/li>\n\n\n\n<li>Na ako dlho sa chyst\u00e1te?<\/li>\n<\/ul>\n\n\n\n<p>Na z\u00e1klade t\u00fdchto troch odpoved\u00ed m\u00f4\u017eete za\u010da\u0165 zostavova\u0165 zoznam z\u00e1kladn\u00fdch vec\u00ed. Cyklistick\u00e1 dovolenka m\u00f4\u017ee by\u0165 so spr\u00e1vnym a kompletn\u00fdm vybaven\u00edm doslova nezabudnute\u013en\u00e1.<\/p>\n\n\n\n<h2 class=\"wp-block-heading\">Za\u010dnite od \u00fapln\u00fdch z\u00e1kladov<\/h2>\n\n\n\n<p>Pri cestovan\u00ed na bicykli budete potrebova\u0165 dve skupiny predmetov. Prvou je vybavenie spojen\u00e9 so samotn\u00fdm bicyklom. Druh\u00e1 je <strong>oble\u010denie a s\u00favisiace pr\u00edslu\u0161enstvo<\/strong>. Ur\u010dite potrebujete lepenie a n\u00e1hradn\u00e9 r\u00farky pre koleso. Bez t\u00fdchto z\u00e1kladn\u00fdch vec\u00ed ur\u010dite nikam necho\u010fte. Podobn\u00fdch vec\u00ed je v\u0161ak viac ne\u017e dos\u0165.<\/p>\n\n\n\n<figure class=\"wp-block-table\"><table><tbody><tr><td><strong>Predmet<\/strong><\/td><td><strong>Inform\u00e1cie<\/strong><\/td><\/tr><tr><td>\u010cerpadlo<\/td><td>Cestovn\u00e1 verzia<\/td><\/tr><tr><td>Mazivo<\/td><td>Z\u00e1kladn\u00e9<\/td><\/tr><tr><td>Hrad<\/td><td>Re\u0165az alebo lano<\/td><\/tr><tr><td>Osvetlenie<\/td><td>Dopredu a dozadu<\/td><\/tr><\/tbody><\/table><figcaption class=\"wp-element-caption\">Z\u00e1kladn\u00e9 vybavenie, na ktor\u00e9 netreba zab\u00fada\u0165 pri jazde na bicykli na dovolenke.<\/figcaption><\/figure>\n\n\n\n<p>Ak sa chyst\u00e1te na cyklistick\u00fa dovolenku, nezabudnite si potrebn\u00e9 n\u00e1radie na pr\u00edpadn\u00e9 opravy. Zvy\u010dajne si vysta\u010d\u00edte so z\u00e1kladnou s\u00fapravou, ktor\u00fa mo\u017eno k\u00fapi\u0165 v ka\u017edom obchode s bicyklami. Nakoniec sa odpor\u00fa\u010da f\u013ea\u0161a na pitie.<\/p>\n\n\n\n<h3 class=\"wp-block-heading\">Cyklistick\u00e1 dovolenka - \u010co si vzia\u0165 so sebou?<\/h3>\n\n\n\n<p>Ak sa chyst\u00e1te na dlh\u00fa cyklistiku a m\u00e1te pred sebou desiatky kilometrov, mus\u00edte si zbali\u0165 v\u0161etko potrebn\u00e9. Na to potrebujete. <em>budete potrebova\u0165 dostato\u010dne ve\u013ek\u00fa ta\u0161ku<\/em>. Tie sa daj\u00fa namontova\u0165 nielen na zadn\u00fd, ale aj na predn\u00fd nosi\u010d. V\u00fdnimkou s\u00fa ta\u0161ky na r\u00e1m alebo riadidl\u00e1, do ktor\u00fdch m\u00f4\u017eete ulo\u017ei\u0165 mobiln\u00fd telef\u00f3n s navig\u00e1ciou alebo papierov\u00fa mapu.<\/p>\n\n\n\n<p>Dlh\u0161ia cyklistick\u00e1 dovolenka si, samozrejme, vy\u017eaduje ur\u010dit\u00e9 veci. Ak sa nechyst\u00e1te spa\u0165 v penzi\u00f3noch, priba\u013ete si mal\u00fd cyklistick\u00fd <strong>stan, spac\u00ed vak a matrac<\/strong>. \u010eal\u0161ou nevyhnutnos\u0165ou je funk\u010dn\u00e1 spodn\u00e1 bielize\u0148 vr\u00e1tane n\u00e1hradnej. Nezabudnite na pr\u0161ipl\u00e1\u0161\u0165, z\u00e1kladn\u00e9 toaletn\u00e9 potreby a zdroje energie. Mo\u017eno v podobe powerbanky. Hodi\u0165 sa bude aj opa\u013eovac\u00ed kr\u00e9m alebo kr\u00e9m na zapareniny a bo\u013eav\u00e9 nohy.<\/p>","protected":false},"excerpt":{"rendered":"<p>Cyklistick\u00e1 dovolenka je rovnako dobrodru\u017en\u00e1 a z\u00e1bavn\u00e1 ako dovolenka na lodi. Jedin\u00fd rozdiel je v tom, \u017ee v tomto pr\u00edpade v\u00e1s nebude zauj\u00edma\u0165 vybavenie na p\u00e1dlovanie, ale n\u00e1jdenie spr\u00e1vneho vybavenia pre v\u00e1\u0161 bicykel. To, samozrejme, z\u00e1vis\u00ed od mnoh\u00fdch r\u00f4znych faktorov. Na z\u00e1klade t\u00fdchto troch odpoved\u00ed si m\u00f4\u017eete za\u010da\u0165 vytv\u00e1ra\u0165 zoznam potrebn\u00fdch ... <\/p>","protected":false},"author":2,"featured_media":942,"comment_status":"closed","ping_status":"closed","sticky":false,"template":"","format":"standard","meta":{"footnotes":""},"categories":[8],"tags":[823,912,900,907,909,913,831,911,910,824,908,770],"class_list":["post-941","post","type-post","status-publish","format-standard","has-post-thumbnail","hentry","category-cestovani","tag-boty","tag-brasny","tag-dovolena","tag-dovolena-na-kole","tag-duse","tag-helma","tag-kolo","tag-lahev","tag-lepeni","tag-obleceni","tag-pumpicka","tag-vybaveni"],"yoast_head":"<!-- This site is optimized with the Yoast SEO plugin v27.4 - https:\/\/yoast.com\/product\/yoast-seo-wordpress\/ -->\n<title>Dovolen\u00e1 na kole \u2013 Na co nezapomenout? - REGBU.COM<\/title>\n<meta name=\"description\" content=\"V\u00edte, co v\u0161echno obn\u00e1\u0161\u00ed dovolen\u00e1 na kole z pohledu nezbytn\u00e9ho vybaven\u00ed? Prozrad\u00edme V\u00e1m, co si vz\u00edt s sebou.\" \/>\n<meta name=\"robots\" content=\"index, follow, max-snippet:-1, max-image-preview:large, max-video-preview:-1\" \/>\n<link rel=\"canonical\" href=\"https:\/\/regbu.com\/sk\/prazdniny-v-skole-na-co-nezabudnut\/\" \/>\n<meta property=\"og:locale\" content=\"sk_SK\" \/>\n<meta property=\"og:type\" content=\"article\" \/>\n<meta property=\"og:title\" content=\"Dovolen\u00e1 na kole \u2013 Na co nezapomenout? - REGBU.COM\" \/>\n<meta property=\"og:description\" content=\"V\u00edte, co v\u0161echno obn\u00e1\u0161\u00ed dovolen\u00e1 na kole z pohledu nezbytn\u00e9ho vybaven\u00ed? Prozrad\u00edme V\u00e1m, co si vz\u00edt s sebou.\" \/>\n<meta property=\"og:url\" content=\"https:\/\/regbu.com\/sk\/prazdniny-v-skole-na-co-nezabudnut\/\" \/>\n<meta property=\"og:site_name\" content=\"REGBU.COM\" \/>\n<meta property=\"article:published_time\" content=\"2023-06-21T14:06:16+00:00\" \/>\n<meta property=\"article:modified_time\" content=\"2025-09-05T05:42:09+00:00\" \/>\n<meta property=\"og:image\" content=\"https:\/\/regbu.com\/wp-content\/uploads\/2023\/06\/dovolena-na-kole-na-co-nezapomenout.jpg\" \/>\n\t<meta property=\"og:image:width\" content=\"1200\" \/>\n\t<meta property=\"og:image:height\" content=\"675\" \/>\n\t<meta property=\"og:image:type\" content=\"image\/jpeg\" \/>\n<meta name=\"author\" content=\"George Martin\" \/>\n<meta name=\"twitter:card\" content=\"summary_large_image\" \/>\n<meta name=\"twitter:label1\" content=\"Autor\" \/>\n\t<meta name=\"twitter:data1\" content=\"George Martin\" \/>\n\t<meta name=\"twitter:label2\" content=\"Predpokladan\u00fd \u010das \u010d\u00edtania\" \/>\n\t<meta name=\"twitter:data2\" content=\"2 min\u00faty\" \/>\n<script type=\"application\/ld+json\" class=\"yoast-schema-graph\">{\"@context\":\"https:\\\/\\\/schema.org\",\"@graph\":[{\"@type\":\"Article\",\"@id\":\"https:\\\/\\\/regbu.com\\\/sk\\\/prazdniny-v-skole-na-co-nezabudnut\\\/#article\",\"isPartOf\":{\"@id\":\"https:\\\/\\\/regbu.com\\\/sk\\\/prazdniny-v-skole-na-co-nezabudnut\\\/\"},\"author\":{\"name\":\"George Martin\",\"@id\":\"https:\\\/\\\/regbu.com\\\/en\\\/#\\\/schema\\\/person\\\/94ea9deda2629771b8a9ced002f6784e\"},\"headline\":\"Dovolen\u00e1 na kole \u2013 Na co nezapomenout?\",\"datePublished\":\"2023-06-21T14:06:16+00:00\",\"dateModified\":\"2025-09-05T05:42:09+00:00\",\"mainEntityOfPage\":{\"@id\":\"https:\\\/\\\/regbu.com\\\/sk\\\/prazdniny-v-skole-na-co-nezabudnut\\\/\"},\"wordCount\":456,\"image\":{\"@id\":\"https:\\\/\\\/regbu.com\\\/sk\\\/prazdniny-v-skole-na-co-nezabudnut\\\/#primaryimage\"},\"thumbnailUrl\":\"https:\\\/\\\/regbu.com\\\/wp-content\\\/uploads\\\/2023\\\/06\\\/dovolena-na-kole-na-co-nezapomenout.jpg\",\"keywords\":[\"boty\",\"bra\u0161ny\",\"dovolen\u00e1\",\"dovolen\u00e1 na kole\",\"du\u0161e\",\"helma\",\"kolo\",\"l\u00e1hev\",\"lepen\u00ed\",\"oble\u010den\u00ed\",\"pumpi\u010dka\",\"vybaven\u00ed\"],\"articleSection\":[\"Cestov\u00e1n\u00ed\"],\"inLanguage\":\"sk-SK\"},{\"@type\":\"WebPage\",\"@id\":\"https:\\\/\\\/regbu.com\\\/sk\\\/prazdniny-v-skole-na-co-nezabudnut\\\/\",\"url\":\"https:\\\/\\\/regbu.com\\\/sk\\\/prazdniny-v-skole-na-co-nezabudnut\\\/\",\"name\":\"Dovolen\u00e1 na kole \u2013 Na co nezapomenout? - REGBU.COM\",\"isPartOf\":{\"@id\":\"https:\\\/\\\/regbu.com\\\/en\\\/#website\"},\"primaryImageOfPage\":{\"@id\":\"https:\\\/\\\/regbu.com\\\/sk\\\/prazdniny-v-skole-na-co-nezabudnut\\\/#primaryimage\"},\"image\":{\"@id\":\"https:\\\/\\\/regbu.com\\\/sk\\\/prazdniny-v-skole-na-co-nezabudnut\\\/#primaryimage\"},\"thumbnailUrl\":\"https:\\\/\\\/regbu.com\\\/wp-content\\\/uploads\\\/2023\\\/06\\\/dovolena-na-kole-na-co-nezapomenout.jpg\",\"datePublished\":\"2023-06-21T14:06:16+00:00\",\"dateModified\":\"2025-09-05T05:42:09+00:00\",\"author\":{\"@id\":\"https:\\\/\\\/regbu.com\\\/en\\\/#\\\/schema\\\/person\\\/94ea9deda2629771b8a9ced002f6784e\"},\"description\":\"V\u00edte, co v\u0161echno obn\u00e1\u0161\u00ed dovolen\u00e1 na kole z pohledu nezbytn\u00e9ho vybaven\u00ed? Prozrad\u00edme V\u00e1m, co si vz\u00edt s sebou.\",\"breadcrumb\":{\"@id\":\"https:\\\/\\\/regbu.com\\\/sk\\\/prazdniny-v-skole-na-co-nezabudnut\\\/#breadcrumb\"},\"inLanguage\":\"sk-SK\",\"potentialAction\":[{\"@type\":\"ReadAction\",\"target\":[\"https:\\\/\\\/regbu.com\\\/sk\\\/prazdniny-v-skole-na-co-nezabudnut\\\/\"]}]},{\"@type\":\"ImageObject\",\"inLanguage\":\"sk-SK\",\"@id\":\"https:\\\/\\\/regbu.com\\\/sk\\\/prazdniny-v-skole-na-co-nezabudnut\\\/#primaryimage\",\"url\":\"https:\\\/\\\/regbu.com\\\/wp-content\\\/uploads\\\/2023\\\/06\\\/dovolena-na-kole-na-co-nezapomenout.jpg\",\"contentUrl\":\"https:\\\/\\\/regbu.com\\\/wp-content\\\/uploads\\\/2023\\\/06\\\/dovolena-na-kole-na-co-nezapomenout.jpg\",\"width\":1200,\"height\":675,\"caption\":\"Dovolen\u00e1 na kole \u2013 Na co nezapomenout?\"},{\"@type\":\"BreadcrumbList\",\"@id\":\"https:\\\/\\\/regbu.com\\\/sk\\\/prazdniny-v-skole-na-co-nezabudnut\\\/#breadcrumb\",\"itemListElement\":[{\"@type\":\"ListItem\",\"position\":1,\"name\":\"Home\",\"item\":\"https:\\\/\\\/regbu.com\\\/en\\\/\"},{\"@type\":\"ListItem\",\"position\":2,\"name\":\"Dovolen\u00e1 na kole \u2013 Na co nezapomenout?\"}]},{\"@type\":\"WebSite\",\"@id\":\"https:\\\/\\\/regbu.com\\\/en\\\/#website\",\"url\":\"https:\\\/\\\/regbu.com\\\/en\\\/\",\"name\":\"REGBU.COM\",\"description\":\"\",\"potentialAction\":[{\"@type\":\"SearchAction\",\"target\":{\"@type\":\"EntryPoint\",\"urlTemplate\":\"https:\\\/\\\/regbu.com\\\/en\\\/?s={search_term_string}\"},\"query-input\":{\"@type\":\"PropertyValueSpecification\",\"valueRequired\":true,\"valueName\":\"search_term_string\"}}],\"inLanguage\":\"sk-SK\"},{\"@type\":\"Person\",\"@id\":\"https:\\\/\\\/regbu.com\\\/en\\\/#\\\/schema\\\/person\\\/94ea9deda2629771b8a9ced002f6784e\",\"name\":\"George Martin\",\"url\":\"https:\\\/\\\/regbu.com\\\/sk\\\/author\\\/george-martin\\\/\"}]}<\/script>\n<!-- \/ Yoast SEO plugin. -->","yoast_head_json":{"title":"Cyklistick\u00e1 dovolenka - Na \u010do nezabudn\u00fa\u0165? - REGBU.COM","description":"Viete, \u010do zah\u0155\u0148a cyklistick\u00e1 dovolenka, pokia\u013e ide o z\u00e1kladn\u00e9 vybavenie? Porad\u00edme v\u00e1m, \u010do si vzia\u0165 so sebou.","robots":{"index":"index","follow":"follow","max-snippet":"max-snippet:-1","max-image-preview":"max-image-preview:large","max-video-preview":"max-video-preview:-1"},"canonical":"https:\/\/regbu.com\/sk\/prazdniny-v-skole-na-co-nezabudnut\/","og_locale":"sk_SK","og_type":"article","og_title":"Dovolen\u00e1 na kole \u2013 Na co nezapomenout? - REGBU.COM","og_description":"V\u00edte, co v\u0161echno obn\u00e1\u0161\u00ed dovolen\u00e1 na kole z pohledu nezbytn\u00e9ho vybaven\u00ed? Prozrad\u00edme V\u00e1m, co si vz\u00edt s sebou.","og_url":"https:\/\/regbu.com\/sk\/prazdniny-v-skole-na-co-nezabudnut\/","og_site_name":"REGBU.COM","article_published_time":"2023-06-21T14:06:16+00:00","article_modified_time":"2025-09-05T05:42:09+00:00","og_image":[{"width":1200,"height":675,"url":"https:\/\/regbu.com\/wp-content\/uploads\/2023\/06\/dovolena-na-kole-na-co-nezapomenout.jpg","type":"image\/jpeg"}],"author":"George Martin","twitter_card":"summary_large_image","twitter_misc":{"Autor":"George Martin","Predpokladan\u00fd \u010das \u010d\u00edtania":"2 min\u00faty"},"schema":{"@context":"https:\/\/schema.org","@graph":[{"@type":"Article","@id":"https:\/\/regbu.com\/sk\/prazdniny-v-skole-na-co-nezabudnut\/#article","isPartOf":{"@id":"https:\/\/regbu.com\/sk\/prazdniny-v-skole-na-co-nezabudnut\/"},"author":{"name":"George Martin","@id":"https:\/\/regbu.com\/en\/#\/schema\/person\/94ea9deda2629771b8a9ced002f6784e"},"headline":"Dovolen\u00e1 na kole \u2013 Na co nezapomenout?","datePublished":"2023-06-21T14:06:16+00:00","dateModified":"2025-09-05T05:42:09+00:00","mainEntityOfPage":{"@id":"https:\/\/regbu.com\/sk\/prazdniny-v-skole-na-co-nezabudnut\/"},"wordCount":456,"image":{"@id":"https:\/\/regbu.com\/sk\/prazdniny-v-skole-na-co-nezabudnut\/#primaryimage"},"thumbnailUrl":"https:\/\/regbu.com\/wp-content\/uploads\/2023\/06\/dovolena-na-kole-na-co-nezapomenout.jpg","keywords":["boty","bra\u0161ny","dovolen\u00e1","dovolen\u00e1 na kole","du\u0161e","helma","kolo","l\u00e1hev","lepen\u00ed","oble\u010den\u00ed","pumpi\u010dka","vybaven\u00ed"],"articleSection":["Cestov\u00e1n\u00ed"],"inLanguage":"sk-SK"},{"@type":"WebPage","@id":"https:\/\/regbu.com\/sk\/prazdniny-v-skole-na-co-nezabudnut\/","url":"https:\/\/regbu.com\/sk\/prazdniny-v-skole-na-co-nezabudnut\/","name":"Cyklistick\u00e1 dovolenka - Na \u010do nezabudn\u00fa\u0165? - REGBU.COM","isPartOf":{"@id":"https:\/\/regbu.com\/en\/#website"},"primaryImageOfPage":{"@id":"https:\/\/regbu.com\/sk\/prazdniny-v-skole-na-co-nezabudnut\/#primaryimage"},"image":{"@id":"https:\/\/regbu.com\/sk\/prazdniny-v-skole-na-co-nezabudnut\/#primaryimage"},"thumbnailUrl":"https:\/\/regbu.com\/wp-content\/uploads\/2023\/06\/dovolena-na-kole-na-co-nezapomenout.jpg","datePublished":"2023-06-21T14:06:16+00:00","dateModified":"2025-09-05T05:42:09+00:00","author":{"@id":"https:\/\/regbu.com\/en\/#\/schema\/person\/94ea9deda2629771b8a9ced002f6784e"},"description":"Viete, \u010do zah\u0155\u0148a cyklistick\u00e1 dovolenka, pokia\u013e ide o z\u00e1kladn\u00e9 vybavenie? Porad\u00edme v\u00e1m, \u010do si vzia\u0165 so sebou.","breadcrumb":{"@id":"https:\/\/regbu.com\/sk\/prazdniny-v-skole-na-co-nezabudnut\/#breadcrumb"},"inLanguage":"sk-SK","potentialAction":[{"@type":"ReadAction","target":["https:\/\/regbu.com\/sk\/prazdniny-v-skole-na-co-nezabudnut\/"]}]},{"@type":"ImageObject","inLanguage":"sk-SK","@id":"https:\/\/regbu.com\/sk\/prazdniny-v-skole-na-co-nezabudnut\/#primaryimage","url":"https:\/\/regbu.com\/wp-content\/uploads\/2023\/06\/dovolena-na-kole-na-co-nezapomenout.jpg","contentUrl":"https:\/\/regbu.com\/wp-content\/uploads\/2023\/06\/dovolena-na-kole-na-co-nezapomenout.jpg","width":1200,"height":675,"caption":"Dovolen\u00e1 na kole \u2013 Na co nezapomenout?"},{"@type":"BreadcrumbList","@id":"https:\/\/regbu.com\/sk\/prazdniny-v-skole-na-co-nezabudnut\/#breadcrumb","itemListElement":[{"@type":"ListItem","position":1,"name":"Home","item":"https:\/\/regbu.com\/en\/"},{"@type":"ListItem","position":2,"name":"Dovolen\u00e1 na kole \u2013 Na co nezapomenout?"}]},{"@type":"WebSite","@id":"https:\/\/regbu.com\/en\/#website","url":"https:\/\/regbu.com\/en\/","name":"REGBU.COM","description":"","potentialAction":[{"@type":"SearchAction","target":{"@type":"EntryPoint","urlTemplate":"https:\/\/regbu.com\/en\/?s={search_term_string}"},"query-input":{"@type":"PropertyValueSpecification","valueRequired":true,"valueName":"search_term_string"}}],"inLanguage":"sk-SK"},{"@type":"Person","@id":"https:\/\/regbu.com\/en\/#\/schema\/person\/94ea9deda2629771b8a9ced002f6784e","name":"George Martin","url":"https:\/\/regbu.com\/sk\/author\/george-martin\/"}]}},"_links":{"self":[{"href":"https:\/\/regbu.com\/sk\/wp-json\/wp\/v2\/posts\/941","targetHints":{"allow":["GET"]}}],"collection":[{"href":"https:\/\/regbu.com\/sk\/wp-json\/wp\/v2\/posts"}],"about":[{"href":"https:\/\/regbu.com\/sk\/wp-json\/wp\/v2\/types\/post"}],"author":[{"embeddable":true,"href":"https:\/\/regbu.com\/sk\/wp-json\/wp\/v2\/users\/2"}],"replies":[{"embeddable":true,"href":"https:\/\/regbu.com\/sk\/wp-json\/wp\/v2\/comments?post=941"}],"version-history":[{"count":2,"href":"https:\/\/regbu.com\/sk\/wp-json\/wp\/v2\/posts\/941\/revisions"}],"predecessor-version":[{"id":960,"href":"https:\/\/regbu.com\/sk\/wp-json\/wp\/v2\/posts\/941\/revisions\/960"}],"wp:featuredmedia":[{"embeddable":true,"href":"https:\/\/regbu.com\/sk\/wp-json\/wp\/v2\/media\/942"}],"wp:attachment":[{"href":"https:\/\/regbu.com\/sk\/wp-json\/wp\/v2\/media?parent=941"}],"wp:term":[{"taxonomy":"category","embeddable":true,"href":"https:\/\/regbu.com\/sk\/wp-json\/wp\/v2\/categories?post=941"},{"taxonomy":"post_tag","embeddable":true,"href":"https:\/\/regbu.com\/sk\/wp-json\/wp\/v2\/tags?post=941"}],"curies":[{"name":"wp","href":"https:\/\/api.w.org\/{rel}","templated":true}]}}