{"id":864,"date":"2023-06-19T18:30:35","date_gmt":"2023-06-19T16:30:35","guid":{"rendered":"https:\/\/regbu.com\/?p=864"},"modified":"2025-09-05T07:42:15","modified_gmt":"2025-09-05T05:42:15","slug":"modni-ikony-na-ktere-se-nezapomina","status":"publish","type":"post","link":"https:\/\/regbu.com\/sk\/modne-ikony-na-ktore-sa-nikdy-nezabudne\/","title":{"rendered":"M\u00f3dne ikony, na ktor\u00e9 sa nezab\u00fada"},"content":{"rendered":"<p>M\u00f3dne ikony, tak sa naz\u00fdvaj\u00fa \u017eeny, ktor\u00e9 svoj\u00edm oble\u010den\u00edm ovplyv\u0148uj\u00fa cel\u00fd svet. \u010coko\u013evek tieto d\u00e1my mali <strong><a href=\"https:\/\/regbu.com\/sk\/uces-you-choose-by-character-type\/\">\u00fa\u010desy<\/a><\/strong>, znaky a vlastnosti, ich oble\u010denie bolo nad\u010dasov\u00e9 a dok\u00e1zalo zasiahnu\u0165 ve\u013ea \u013eud\u00ed. Pripome\u0148te si spolu s nami sl\u00e1vne \u017eeny, ktor\u00e9 mali \u010do da\u0165 m\u00f3de ako celku.<\/p>\n\n\n\n<ul class=\"wp-block-list\">\n<li>Marlene Dietrichov\u00e1<\/li>\n\n\n\n<li>Audrey Hepburn<\/li>\n\n\n\n<li>Princezn\u00e1 Diana<\/li>\n<\/ul>\n\n\n\n<p>Toto je len mal\u00e1 h\u0155stka t\u00fdch, ktor\u00ed si vysl\u00fa\u017eili ozna\u010denie m\u00f3dna ikona. Do tohto zoznamu pr\u00e1vom patria <strong>Coco Chanel<\/strong>. Neb\u00e1la sa do svojich outfitov zakomponova\u0165 aj p\u00e1nske doplnky, \u010do bolo na t\u00fa dobu ve\u013emi nezvy\u010dajn\u00e9.<\/p>\n\n\n\n<h2 class=\"wp-block-heading\">Zozn\u00e1mte sa so svetov\u00fdmi m\u00f3dnymi ikonami<\/h2>\n\n\n\n<p>Pokia\u013e ide o prvky p\u00e1nskeho obliekania, svojho \u010dasu s nimi pri\u0161la Marlene Dietrichov\u00e1. S nad\u0161en\u00edm pou\u017e\u00edvala kravaty, klob\u00faky a p\u00e1nske nohavice. Medzi m\u00f3dne ikony patria aj <em>Jacqueline Kennedyov\u00e1<\/em>\u010do sa zasa sp\u00e1ja s ve\u013ek\u00fdmi okuliarmi a \u0161atami bez ruk\u00e1vov. A ktor\u00e9 \u010fal\u0161ie d\u00e1my si zasl\u00fa\u017eia toto ozna\u010denie?<\/p>\n\n\n\n<figure class=\"wp-block-table\"><table><tbody><tr><td><strong>N\u00e1zov<\/strong><\/td><td><strong>Prvky<\/strong><\/td><\/tr><tr><td>Audrey Hepburn<\/td><td>Elegancia, baler\u00edny a nohavice Capri<\/td><\/tr><tr><td>Grace Kelly<\/td><td>Sat\u00e9nov\u00e9 a kr\u00e1tke svetre<\/td><\/tr><tr><td>Coco Chanel<\/td><td>N\u00e1morn\u00e9 pruhy<\/td><\/tr><tr><td>Madonna<\/td><td>Priliehav\u00e9 trikoty<\/td><\/tr><\/tbody><\/table><figcaption class=\"wp-element-caption\">Hlavn\u00e9 m\u00f3dne ikony minul\u00fdch a posledn\u00fdch rokov.<\/figcaption><\/figure>\n\n\n\n<p>Princezn\u00e1 Diana tie\u017e patr\u00ed medzi vplyvn\u00e9 m\u00f3dne ikony. Srdcia svojich fan\u00fa\u0161ikov na celom svete si z\u00edskala nielen svoj\u00edm spr\u00e1van\u00edm, ale aj \u0161t\u00fdlom obliekania. \u010ci u\u017e to boli origin\u00e1lne kost\u00fdmy alebo p\u00f4sobiv\u00e9 \u0161aty. Hoci nebola \u010distou m\u00f3dnou ikonou, bola d\u00f4kazom toho, ako m\u00f4\u017ee trochu oby\u010dajn\u00fd \u010dlovek ovplyvni\u0165 m\u00f3du v mnoh\u00fdch krajin\u00e1ch.<\/p>\n\n\n\n<h3 class=\"wp-block-heading\">Modern\u00e9 m\u00f3dne ikony<\/h3>\n\n\n\n<p>Od historick\u00fdch m\u00f3dnych ikon prejdeme k t\u00fdm, ktor\u00e9 v posledn\u00fdch rokoch ovplyvnili davy \u017eien. Medzi pomyseln\u00e9 ikony \u0161pecifickej m\u00f3dy patria sestry Mary-Kate a Ashley Olsenov\u00e9. Na druhej strane, k \u0161t\u00fdlu boho-chic neodmyslite\u013ene patr\u00ed <strong>Kate Moss<\/strong>. Modelka obohatila svoj \u0161atn\u00edk o rockov\u00e9 prvky a zakomponovala doplnky, ako s\u00fa kopa\u010dky a \u010fal\u0161ie. A to v\u0161etko ovplyvnilo \u0161t\u00fdl obliekania \u017eien na celom svete.<\/p>\n\n\n\n<p>Nakoniec sa neodpor\u00fa\u010da zabudn\u00fa\u0165 ani na trochu extravagancie. Zrod m\u00f3dnej ikony menom <strong>Lady Gaga<\/strong>. V obliekan\u00ed dok\u00e1zala z\u00e1js\u0165 do skuto\u010dn\u00fdch extr\u00e9mov, ktor\u00e9 prinajmen\u0161om pri\u0165ahovali pozornos\u0165 v\u0161ade, kam pri\u0161la.<\/p>","protected":false},"excerpt":{"rendered":"<p>M\u00f3dne ikony, tak sa naz\u00fdvaj\u00fa \u017eeny, ktor\u00e9 svoj\u00edm oble\u010den\u00edm ovplyv\u0148uj\u00fa cel\u00fd svet. Nech u\u017e boli ich \u00fa\u010desy, postavy a vlastnosti ak\u00e9ko\u013evek, oble\u010denie t\u00fdchto d\u00e1m bolo nad\u010dasov\u00e9 a dok\u00e1zalo oslovi\u0165 mno\u017estvo \u013eud\u00ed. Pripome\u0148te si spolu s nami sl\u00e1vne \u017eeny, ktor\u00e9 mali \u010do da\u0165 m\u00f3de ako celku. Toto je len mal\u00e1 h\u0155stka z t\u00fdch, ktor\u00e9 sa v minulosti ... <\/p>","protected":false},"author":2,"featured_media":865,"comment_status":"closed","ping_status":"closed","sticky":false,"template":"","format":"standard","meta":{"footnotes":""},"categories":[671],"tags":[753,755,754,750,752,757,756,751,749,758],"class_list":["post-864","post","type-post","status-publish","format-standard","has-post-thumbnail","hentry","category-moda","tag-audrey-hepburn","tag-coco-chanel","tag-grace-kelly","tag-ikona","tag-ikony","tag-kate-moss","tag-madonna","tag-modni-ikona","tag-modni-ikony","tag-princezna-diana"],"yoast_head":"<!-- This site is optimized with the Yoast SEO plugin v27.5 - https:\/\/yoast.com\/product\/yoast-seo-wordpress\/ -->\n<title>M\u00f3dn\u00ed ikony, na kter\u00e9 se nezapom\u00edn\u00e1 - REGBU.COM<\/title>\n<meta name=\"description\" content=\"Poznejte m\u00f3dn\u00ed ikony let minul\u00fdch, ale tak\u00e9 sou\u010dasn\u00fdch. Zjist\u011bte, kdo ovlivnil m\u00f3dn\u00ed styl ve zna\u010dn\u00e9 m\u00ed\u0159e a na hodn\u011b dlouho.\" \/>\n<meta name=\"robots\" content=\"index, follow, max-snippet:-1, max-image-preview:large, max-video-preview:-1\" \/>\n<link rel=\"canonical\" href=\"https:\/\/regbu.com\/sk\/modne-ikony-na-ktore-sa-nikdy-nezabudne\/\" \/>\n<meta property=\"og:locale\" content=\"sk_SK\" \/>\n<meta property=\"og:type\" content=\"article\" \/>\n<meta property=\"og:title\" content=\"M\u00f3dn\u00ed ikony, na kter\u00e9 se nezapom\u00edn\u00e1 - REGBU.COM\" \/>\n<meta property=\"og:description\" content=\"Poznejte m\u00f3dn\u00ed ikony let minul\u00fdch, ale tak\u00e9 sou\u010dasn\u00fdch. Zjist\u011bte, kdo ovlivnil m\u00f3dn\u00ed styl ve zna\u010dn\u00e9 m\u00ed\u0159e a na hodn\u011b dlouho.\" \/>\n<meta property=\"og:url\" content=\"https:\/\/regbu.com\/sk\/modne-ikony-na-ktore-sa-nikdy-nezabudne\/\" \/>\n<meta property=\"og:site_name\" content=\"REGBU.COM\" \/>\n<meta property=\"article:published_time\" content=\"2023-06-19T16:30:35+00:00\" \/>\n<meta property=\"article:modified_time\" content=\"2025-09-05T05:42:15+00:00\" \/>\n<meta property=\"og:image\" content=\"https:\/\/regbu.com\/wp-content\/uploads\/2023\/06\/modni-ikony-na-ktere-se-nezapomina.jpg\" \/>\n\t<meta property=\"og:image:width\" content=\"1200\" \/>\n\t<meta property=\"og:image:height\" content=\"678\" \/>\n\t<meta property=\"og:image:type\" content=\"image\/jpeg\" \/>\n<meta name=\"author\" content=\"George Martin\" \/>\n<meta name=\"twitter:card\" content=\"summary_large_image\" \/>\n<meta name=\"twitter:label1\" content=\"Autor\" \/>\n\t<meta name=\"twitter:data1\" content=\"George Martin\" \/>\n\t<meta name=\"twitter:label2\" content=\"Predpokladan\u00fd \u010das \u010d\u00edtania\" \/>\n\t<meta name=\"twitter:data2\" content=\"2 min\u00faty\" \/>\n<script type=\"application\/ld+json\" class=\"yoast-schema-graph\">{\"@context\":\"https:\\\/\\\/schema.org\",\"@graph\":[{\"@type\":\"Article\",\"@id\":\"https:\\\/\\\/regbu.com\\\/sk\\\/modne-ikony-na-ktore-sa-nikdy-nezabudne\\\/#article\",\"isPartOf\":{\"@id\":\"https:\\\/\\\/regbu.com\\\/sk\\\/modne-ikony-na-ktore-sa-nikdy-nezabudne\\\/\"},\"author\":{\"name\":\"George Martin\",\"@id\":\"https:\\\/\\\/regbu.com\\\/en\\\/#\\\/schema\\\/person\\\/94ea9deda2629771b8a9ced002f6784e\"},\"headline\":\"M\u00f3dn\u00ed ikony, na kter\u00e9 se nezapom\u00edn\u00e1\",\"datePublished\":\"2023-06-19T16:30:35+00:00\",\"dateModified\":\"2025-09-05T05:42:15+00:00\",\"mainEntityOfPage\":{\"@id\":\"https:\\\/\\\/regbu.com\\\/sk\\\/modne-ikony-na-ktore-sa-nikdy-nezabudne\\\/\"},\"wordCount\":467,\"image\":{\"@id\":\"https:\\\/\\\/regbu.com\\\/sk\\\/modne-ikony-na-ktore-sa-nikdy-nezabudne\\\/#primaryimage\"},\"thumbnailUrl\":\"https:\\\/\\\/regbu.com\\\/wp-content\\\/uploads\\\/2023\\\/06\\\/modni-ikony-na-ktere-se-nezapomina.jpg\",\"keywords\":[\"Audrey Hepburn\",\"Coco Chanel\",\"Grace Kelly\",\"ikona\",\"ikony\",\"Kate Moss\",\"Madonna\",\"m\u00f3dn\u00ed ikona\",\"m\u00f3dn\u00ed ikony\",\"princezna Diana\"],\"articleSection\":[\"M\u00f3da\"],\"inLanguage\":\"sk-SK\"},{\"@type\":\"WebPage\",\"@id\":\"https:\\\/\\\/regbu.com\\\/sk\\\/modne-ikony-na-ktore-sa-nikdy-nezabudne\\\/\",\"url\":\"https:\\\/\\\/regbu.com\\\/sk\\\/modne-ikony-na-ktore-sa-nikdy-nezabudne\\\/\",\"name\":\"M\u00f3dn\u00ed ikony, na kter\u00e9 se nezapom\u00edn\u00e1 - REGBU.COM\",\"isPartOf\":{\"@id\":\"https:\\\/\\\/regbu.com\\\/en\\\/#website\"},\"primaryImageOfPage\":{\"@id\":\"https:\\\/\\\/regbu.com\\\/sk\\\/modne-ikony-na-ktore-sa-nikdy-nezabudne\\\/#primaryimage\"},\"image\":{\"@id\":\"https:\\\/\\\/regbu.com\\\/sk\\\/modne-ikony-na-ktore-sa-nikdy-nezabudne\\\/#primaryimage\"},\"thumbnailUrl\":\"https:\\\/\\\/regbu.com\\\/wp-content\\\/uploads\\\/2023\\\/06\\\/modni-ikony-na-ktere-se-nezapomina.jpg\",\"datePublished\":\"2023-06-19T16:30:35+00:00\",\"dateModified\":\"2025-09-05T05:42:15+00:00\",\"author\":{\"@id\":\"https:\\\/\\\/regbu.com\\\/en\\\/#\\\/schema\\\/person\\\/94ea9deda2629771b8a9ced002f6784e\"},\"description\":\"Poznejte m\u00f3dn\u00ed ikony let minul\u00fdch, ale tak\u00e9 sou\u010dasn\u00fdch. Zjist\u011bte, kdo ovlivnil m\u00f3dn\u00ed styl ve zna\u010dn\u00e9 m\u00ed\u0159e a na hodn\u011b dlouho.\",\"breadcrumb\":{\"@id\":\"https:\\\/\\\/regbu.com\\\/sk\\\/modne-ikony-na-ktore-sa-nikdy-nezabudne\\\/#breadcrumb\"},\"inLanguage\":\"sk-SK\",\"potentialAction\":[{\"@type\":\"ReadAction\",\"target\":[\"https:\\\/\\\/regbu.com\\\/sk\\\/modne-ikony-na-ktore-sa-nikdy-nezabudne\\\/\"]}]},{\"@type\":\"ImageObject\",\"inLanguage\":\"sk-SK\",\"@id\":\"https:\\\/\\\/regbu.com\\\/sk\\\/modne-ikony-na-ktore-sa-nikdy-nezabudne\\\/#primaryimage\",\"url\":\"https:\\\/\\\/regbu.com\\\/wp-content\\\/uploads\\\/2023\\\/06\\\/modni-ikony-na-ktere-se-nezapomina.jpg\",\"contentUrl\":\"https:\\\/\\\/regbu.com\\\/wp-content\\\/uploads\\\/2023\\\/06\\\/modni-ikony-na-ktere-se-nezapomina.jpg\",\"width\":1200,\"height\":678,\"caption\":\"M\u00f3dn\u00ed ikony, na kter\u00e9 se nezapom\u00edn\u00e1\"},{\"@type\":\"BreadcrumbList\",\"@id\":\"https:\\\/\\\/regbu.com\\\/sk\\\/modne-ikony-na-ktore-sa-nikdy-nezabudne\\\/#breadcrumb\",\"itemListElement\":[{\"@type\":\"ListItem\",\"position\":1,\"name\":\"Home\",\"item\":\"https:\\\/\\\/regbu.com\\\/en\\\/\"},{\"@type\":\"ListItem\",\"position\":2,\"name\":\"M\u00f3dn\u00ed ikony, na kter\u00e9 se nezapom\u00edn\u00e1\"}]},{\"@type\":\"WebSite\",\"@id\":\"https:\\\/\\\/regbu.com\\\/en\\\/#website\",\"url\":\"https:\\\/\\\/regbu.com\\\/en\\\/\",\"name\":\"REGBU.COM\",\"description\":\"\",\"potentialAction\":[{\"@type\":\"SearchAction\",\"target\":{\"@type\":\"EntryPoint\",\"urlTemplate\":\"https:\\\/\\\/regbu.com\\\/en\\\/?s={search_term_string}\"},\"query-input\":{\"@type\":\"PropertyValueSpecification\",\"valueRequired\":true,\"valueName\":\"search_term_string\"}}],\"inLanguage\":\"sk-SK\"},{\"@type\":\"Person\",\"@id\":\"https:\\\/\\\/regbu.com\\\/en\\\/#\\\/schema\\\/person\\\/94ea9deda2629771b8a9ced002f6784e\",\"name\":\"George Martin\",\"url\":\"https:\\\/\\\/regbu.com\\\/sk\\\/author\\\/george-martin\\\/\"}]}<\/script>\n<!-- \/ Yoast SEO plugin. -->","yoast_head_json":{"title":"M\u00f3dne ikony, na ktor\u00e9 sa nezab\u00fada - REGBU.COM","description":"Spoznajte m\u00f3dne ikony minulosti, ale aj s\u00fa\u010dasnosti. Zistite, kto do ve\u013ekej miery a na dlh\u00fa dobu ovplyvnil m\u00f3dny \u0161t\u00fdl.","robots":{"index":"index","follow":"follow","max-snippet":"max-snippet:-1","max-image-preview":"max-image-preview:large","max-video-preview":"max-video-preview:-1"},"canonical":"https:\/\/regbu.com\/sk\/modne-ikony-na-ktore-sa-nikdy-nezabudne\/","og_locale":"sk_SK","og_type":"article","og_title":"M\u00f3dn\u00ed ikony, na kter\u00e9 se nezapom\u00edn\u00e1 - REGBU.COM","og_description":"Poznejte m\u00f3dn\u00ed ikony let minul\u00fdch, ale tak\u00e9 sou\u010dasn\u00fdch. Zjist\u011bte, kdo ovlivnil m\u00f3dn\u00ed styl ve zna\u010dn\u00e9 m\u00ed\u0159e a na hodn\u011b dlouho.","og_url":"https:\/\/regbu.com\/sk\/modne-ikony-na-ktore-sa-nikdy-nezabudne\/","og_site_name":"REGBU.COM","article_published_time":"2023-06-19T16:30:35+00:00","article_modified_time":"2025-09-05T05:42:15+00:00","og_image":[{"width":1200,"height":678,"url":"https:\/\/regbu.com\/wp-content\/uploads\/2023\/06\/modni-ikony-na-ktere-se-nezapomina.jpg","type":"image\/jpeg"}],"author":"George Martin","twitter_card":"summary_large_image","twitter_misc":{"Autor":"George Martin","Predpokladan\u00fd \u010das \u010d\u00edtania":"2 min\u00faty"},"schema":{"@context":"https:\/\/schema.org","@graph":[{"@type":"Article","@id":"https:\/\/regbu.com\/sk\/modne-ikony-na-ktore-sa-nikdy-nezabudne\/#article","isPartOf":{"@id":"https:\/\/regbu.com\/sk\/modne-ikony-na-ktore-sa-nikdy-nezabudne\/"},"author":{"name":"George Martin","@id":"https:\/\/regbu.com\/en\/#\/schema\/person\/94ea9deda2629771b8a9ced002f6784e"},"headline":"M\u00f3dn\u00ed ikony, na kter\u00e9 se nezapom\u00edn\u00e1","datePublished":"2023-06-19T16:30:35+00:00","dateModified":"2025-09-05T05:42:15+00:00","mainEntityOfPage":{"@id":"https:\/\/regbu.com\/sk\/modne-ikony-na-ktore-sa-nikdy-nezabudne\/"},"wordCount":467,"image":{"@id":"https:\/\/regbu.com\/sk\/modne-ikony-na-ktore-sa-nikdy-nezabudne\/#primaryimage"},"thumbnailUrl":"https:\/\/regbu.com\/wp-content\/uploads\/2023\/06\/modni-ikony-na-ktere-se-nezapomina.jpg","keywords":["Audrey Hepburn","Coco Chanel","Grace Kelly","ikona","ikony","Kate Moss","Madonna","m\u00f3dn\u00ed ikona","m\u00f3dn\u00ed ikony","princezna Diana"],"articleSection":["M\u00f3da"],"inLanguage":"sk-SK"},{"@type":"WebPage","@id":"https:\/\/regbu.com\/sk\/modne-ikony-na-ktore-sa-nikdy-nezabudne\/","url":"https:\/\/regbu.com\/sk\/modne-ikony-na-ktore-sa-nikdy-nezabudne\/","name":"M\u00f3dne ikony, na ktor\u00e9 sa nezab\u00fada - REGBU.COM","isPartOf":{"@id":"https:\/\/regbu.com\/en\/#website"},"primaryImageOfPage":{"@id":"https:\/\/regbu.com\/sk\/modne-ikony-na-ktore-sa-nikdy-nezabudne\/#primaryimage"},"image":{"@id":"https:\/\/regbu.com\/sk\/modne-ikony-na-ktore-sa-nikdy-nezabudne\/#primaryimage"},"thumbnailUrl":"https:\/\/regbu.com\/wp-content\/uploads\/2023\/06\/modni-ikony-na-ktere-se-nezapomina.jpg","datePublished":"2023-06-19T16:30:35+00:00","dateModified":"2025-09-05T05:42:15+00:00","author":{"@id":"https:\/\/regbu.com\/en\/#\/schema\/person\/94ea9deda2629771b8a9ced002f6784e"},"description":"Spoznajte m\u00f3dne ikony minulosti, ale aj s\u00fa\u010dasnosti. Zistite, kto do ve\u013ekej miery a na dlh\u00fa dobu ovplyvnil m\u00f3dny \u0161t\u00fdl.","breadcrumb":{"@id":"https:\/\/regbu.com\/sk\/modne-ikony-na-ktore-sa-nikdy-nezabudne\/#breadcrumb"},"inLanguage":"sk-SK","potentialAction":[{"@type":"ReadAction","target":["https:\/\/regbu.com\/sk\/modne-ikony-na-ktore-sa-nikdy-nezabudne\/"]}]},{"@type":"ImageObject","inLanguage":"sk-SK","@id":"https:\/\/regbu.com\/sk\/modne-ikony-na-ktore-sa-nikdy-nezabudne\/#primaryimage","url":"https:\/\/regbu.com\/wp-content\/uploads\/2023\/06\/modni-ikony-na-ktere-se-nezapomina.jpg","contentUrl":"https:\/\/regbu.com\/wp-content\/uploads\/2023\/06\/modni-ikony-na-ktere-se-nezapomina.jpg","width":1200,"height":678,"caption":"M\u00f3dn\u00ed ikony, na kter\u00e9 se nezapom\u00edn\u00e1"},{"@type":"BreadcrumbList","@id":"https:\/\/regbu.com\/sk\/modne-ikony-na-ktore-sa-nikdy-nezabudne\/#breadcrumb","itemListElement":[{"@type":"ListItem","position":1,"name":"Home","item":"https:\/\/regbu.com\/en\/"},{"@type":"ListItem","position":2,"name":"M\u00f3dn\u00ed ikony, na kter\u00e9 se nezapom\u00edn\u00e1"}]},{"@type":"WebSite","@id":"https:\/\/regbu.com\/en\/#website","url":"https:\/\/regbu.com\/en\/","name":"REGBU.COM","description":"","potentialAction":[{"@type":"SearchAction","target":{"@type":"EntryPoint","urlTemplate":"https:\/\/regbu.com\/en\/?s={search_term_string}"},"query-input":{"@type":"PropertyValueSpecification","valueRequired":true,"valueName":"search_term_string"}}],"inLanguage":"sk-SK"},{"@type":"Person","@id":"https:\/\/regbu.com\/en\/#\/schema\/person\/94ea9deda2629771b8a9ced002f6784e","name":"George Martin","url":"https:\/\/regbu.com\/sk\/author\/george-martin\/"}]}},"_links":{"self":[{"href":"https:\/\/regbu.com\/sk\/wp-json\/wp\/v2\/posts\/864","targetHints":{"allow":["GET"]}}],"collection":[{"href":"https:\/\/regbu.com\/sk\/wp-json\/wp\/v2\/posts"}],"about":[{"href":"https:\/\/regbu.com\/sk\/wp-json\/wp\/v2\/types\/post"}],"author":[{"embeddable":true,"href":"https:\/\/regbu.com\/sk\/wp-json\/wp\/v2\/users\/2"}],"replies":[{"embeddable":true,"href":"https:\/\/regbu.com\/sk\/wp-json\/wp\/v2\/comments?post=864"}],"version-history":[{"count":3,"href":"https:\/\/regbu.com\/sk\/wp-json\/wp\/v2\/posts\/864\/revisions"}],"predecessor-version":[{"id":879,"href":"https:\/\/regbu.com\/sk\/wp-json\/wp\/v2\/posts\/864\/revisions\/879"}],"wp:featuredmedia":[{"embeddable":true,"href":"https:\/\/regbu.com\/sk\/wp-json\/wp\/v2\/media\/865"}],"wp:attachment":[{"href":"https:\/\/regbu.com\/sk\/wp-json\/wp\/v2\/media?parent=864"}],"wp:term":[{"taxonomy":"category","embeddable":true,"href":"https:\/\/regbu.com\/sk\/wp-json\/wp\/v2\/categories?post=864"},{"taxonomy":"post_tag","embeddable":true,"href":"https:\/\/regbu.com\/sk\/wp-json\/wp\/v2\/tags?post=864"}],"curies":[{"name":"wp","href":"https:\/\/api.w.org\/{rel}","templated":true}]}}