{"id":355,"date":"2022-01-21T15:49:00","date_gmt":"2022-01-21T14:49:00","guid":{"rendered":"https:\/\/regbu.com\/?p=355"},"modified":"2025-09-05T07:42:52","modified_gmt":"2025-09-05T05:42:52","slug":"instagram-socialni-sit-zalozena-na-fotografiich","status":"publish","type":"post","link":"https:\/\/regbu.com\/sk\/instagram-social-sit-for-photos\/","title":{"rendered":"Instagram - soci\u00e1lna sie\u0165 zalo\u017een\u00e1 na fotografi\u00e1ch"},"content":{"rendered":"<p>Vo virtu\u00e1lnom svete a na internete existuj\u00fa r\u00f4zne soci\u00e1lne siete. Jedn\u00fdm z najv\u00e4\u010d\u0161\u00edch je nepochybne <strong><a href=\"https:\/\/regbu.com\/sk\/facebook-pouziva-premyslene-a-rozvazne-algoritmy\/\">Facebook<\/a><\/strong>. Pokia\u013e v\u0161ak ide o soci\u00e1lne siete zameran\u00e9 na zdie\u013eanie fotografi\u00ed a vide\u00ed, v\u00fdznamn\u00e9 miesto zauj\u00edma aj Instagram. Sie\u0165, ktor\u00e1 je prim\u00e1rne ur\u010den\u00e1 pre mobiln\u00e9 telef\u00f3ny iPhone, sa postupne roz\u0161\u00edrila aj na pou\u017e\u00edvate\u013eov syst\u00e9mu Android.<\/p>\n\n\n\n<h2 class=\"wp-block-heading\">D\u00f4le\u017eit\u00e9 \u0161tatistiky na za\u010diatok<\/h2>\n\n\n\n<p>Hne\u010f na za\u010diatku by sme mali spomen\u00fa\u0165, \u017ee soci\u00e1lna sie\u0165 Instagram sp\u00e1ja <strong>pribli\u017ene jedna miliarda pou\u017e\u00edvate\u013eov<\/strong>. Pribli\u017ene polovica \u013eud\u00ed sa zameriava na ka\u017edodenn\u00e9 pou\u017e\u00edvanie siete. Mo\u017eno v\u00e1s zaujm\u00fa \u0161tatistiky t\u00fdkaj\u00face sa veku pou\u017e\u00edvate\u013eov, ktor\u00e9 uv\u00e1dzame v nasleduj\u00facej tabu\u013eke.<\/p>\n\n\n\n<figure class=\"wp-block-table\"><table><tbody><tr><td><strong>Predmet<\/strong><\/td><td><strong>Hodnota<\/strong><\/td><\/tr><tr><td>Pou\u017e\u00edvanie t\u00edned\u017eerov v \u010ceskej republike<\/td><td>72 %<\/td><\/tr><tr><td>Mlad\u0161\u00ed ako 30 rokov<\/td><td>59 %<\/td><\/tr><tr><td>Star\u0161ie ako 16 rokov<\/td><td>44 %<\/td><\/tr><tr><td>\u00da\u010det bez obsahu<\/td><td>29 %<\/td><\/tr><\/tbody><\/table><figcaption>Pou\u017e\u00edvanie Instagramu medzi mlad\u0161\u00edmi pou\u017e\u00edvate\u013emi.<\/figcaption><\/figure>\n\n\n\n<p>Zauj\u00edmav\u00e9 je aj to, \u017ee Instagram vynaklad\u00e1 na reklamu o 23 % viac pe\u0148az\u00ed ako Facebook. Dlhodob\u00e9 \u0161tatistiky ukazuj\u00fa jednu vec. Pr\u00edspevky sa naj\u010dastej\u0161ie uverej\u0148uj\u00fa v stredu a v piatok r\u00e1no.<\/p>\n\n\n\n<h2 class=\"wp-block-heading\">Instagram nielen pre z\u00e1bavu<\/h2>\n\n\n\n<p>Aj ke\u010f sa m\u00f4\u017ee zda\u0165, \u017ee soci\u00e1lna sie\u0165 tohto typu sl\u00fa\u017ei prim\u00e1rne len na z\u00e1bavu, nemus\u00ed to tak v\u017edy by\u0165. Sie\u0165 m\u00f4\u017ee by\u0165 <strong>na pou\u017eitie v obchodn\u00fdch \u010dinnostiach<\/strong>, pre ktor\u00e9 sa uv\u00e1dzaj\u00fa r\u00f4zne technologick\u00e9 n\u00e1stroje. Pri dostato\u010dnom po\u010dte sledovate\u013eov je mo\u017en\u00e9 oslovi\u0165 pou\u017e\u00edvate\u013eov na prezent\u00e1ciu a reklamu vybran\u00fdch produktov. Ide samozrejme o platen\u00fa slu\u017ebu, ktor\u00e1 sa tak st\u00e1va ziskovou. Instagram sa preto d\u00e1 vyu\u017ei\u0165 ako zdroj pr\u00edjmu.<\/p>\n\n\n\n<h3 class=\"wp-block-heading\">Instagram pre firmy<\/h3>\n\n\n\n<p>Samozrejme, soci\u00e1lna sie\u0165 disponuje technologick\u00fdm pokrokom a n\u00e1strojmi vr\u00e1tane sofistikovan\u00fdch algoritmov. Mnoh\u00e9 z nich sa vz\u0165ahuj\u00fa aj na podnikov\u00e9 prostredie, v r\u00e1mci ktor\u00e9ho mo\u017eno napr\u00edklad monitorova\u0165 rast spolo\u010dnosti. K dispoz\u00edcii je z\u00e1kaz obsahu na z\u00e1klade veku, pr\u00edbehy zobrazovan\u00e9 24 hod\u00edn alebo maxim\u00e1lna flexibilita pri spr\u00e1ve pou\u017e\u00edvate\u013esk\u00e9ho profilu.<\/p>\n\n\n\n<p><strong>Instagram je jednoducho pre ka\u017ed\u00e9ho<\/strong>ktor\u00ed sa chc\u00fa nejak\u00fdm sp\u00f4sobom prezentova\u0165 na internete prostredn\u00edctvom multimedi\u00e1lneho obsahu. Pou\u017e\u00edva sa na z\u00e1bavu, ale aj na pr\u00e1cu, \u010do dokazuj\u00fa mnoh\u00e9 u\u017eito\u010dn\u00e9 a bohat\u00e9 n\u00e1stroje.<\/p>","protected":false},"excerpt":{"rendered":"<p>Vo virtu\u00e1lnom svete a na internete existuj\u00fa r\u00f4zne soci\u00e1lne siete. Jedn\u00fdm z najv\u00e4\u010d\u0161\u00edch je nepochybne Facebook. Pokia\u013e v\u0161ak ide o soci\u00e1lne siete zameran\u00e9 na zdie\u013eanie fotografi\u00ed a vide\u00ed, v\u00fdznamn\u00e9 miesto zauj\u00edma aj Instagram. Sie\u0165, ktor\u00e1 je prim\u00e1rne ur\u010den\u00e1 pre mobiln\u00e9 telef\u00f3ny iPhone, sa postupne roz\u0161\u00edrila aj na pou\u017e\u00edvate\u013eov mobiln\u00fdch telef\u00f3nov so syst\u00e9mom Android. D\u00f4le\u017eit\u00e9 \u0161tatistiky... <\/p>","protected":false},"author":2,"featured_media":356,"comment_status":"closed","ping_status":"closed","sticky":false,"template":"","format":"standard","meta":{"footnotes":""},"categories":[6],"tags":[371,364,372,373,366,374,367,375,370,376],"class_list":["post-355","post","type-post","status-publish","format-standard","has-post-thumbnail","hentry","category-technologie","tag-fotka","tag-fotky","tag-fotografie","tag-instagram","tag-multimedialni-obsah","tag-sdileni","tag-socialni-sit","tag-socialni-site","tag-videa","tag-video"],"yoast_head":"<!-- This site is optimized with the Yoast SEO plugin v27.5 - https:\/\/yoast.com\/product\/yoast-seo-wordpress\/ -->\n<title>Instagram \u2013 Soci\u00e1ln\u00ed s\u00ed\u0165 zalo\u017een\u00e1 na fotografi\u00edch - REGBU.COM<\/title>\n<meta name=\"description\" content=\"Chcete-li sd\u00edlet multimedi\u00e1ln\u00ed obsah na internetu, ide\u00e1ln\u00ed volbou bude Instagram. Soci\u00e1ln\u00ed s\u00ed\u0165, kter\u00e1 toho nab\u00edz\u00ed v\u00edce\" \/>\n<meta name=\"robots\" content=\"index, follow, max-snippet:-1, max-image-preview:large, max-video-preview:-1\" \/>\n<link rel=\"canonical\" href=\"https:\/\/regbu.com\/sk\/instagram-social-sit-for-photos\/\" \/>\n<meta property=\"og:locale\" content=\"sk_SK\" \/>\n<meta property=\"og:type\" content=\"article\" \/>\n<meta property=\"og:title\" content=\"Instagram \u2013 Soci\u00e1ln\u00ed s\u00ed\u0165 zalo\u017een\u00e1 na fotografi\u00edch - REGBU.COM\" \/>\n<meta property=\"og:description\" content=\"Chcete-li sd\u00edlet multimedi\u00e1ln\u00ed obsah na internetu, ide\u00e1ln\u00ed volbou bude Instagram. Soci\u00e1ln\u00ed s\u00ed\u0165, kter\u00e1 toho nab\u00edz\u00ed v\u00edce\" \/>\n<meta property=\"og:url\" content=\"https:\/\/regbu.com\/sk\/instagram-social-sit-for-photos\/\" \/>\n<meta property=\"og:site_name\" content=\"REGBU.COM\" \/>\n<meta property=\"article:published_time\" content=\"2022-01-21T14:49:00+00:00\" \/>\n<meta property=\"article:modified_time\" content=\"2025-09-05T05:42:52+00:00\" \/>\n<meta property=\"og:image\" content=\"https:\/\/regbu.com\/wp-content\/uploads\/2022\/01\/instagram-socilani-sit-zalozena-na-fotografiich.jpg\" \/>\n\t<meta property=\"og:image:width\" content=\"1200\" \/>\n\t<meta property=\"og:image:height\" content=\"677\" \/>\n\t<meta property=\"og:image:type\" content=\"image\/jpeg\" \/>\n<meta name=\"author\" content=\"George Martin\" \/>\n<meta name=\"twitter:card\" content=\"summary_large_image\" \/>\n<meta name=\"twitter:label1\" content=\"Autor\" \/>\n\t<meta name=\"twitter:data1\" content=\"George Martin\" \/>\n\t<meta name=\"twitter:label2\" content=\"Predpokladan\u00fd \u010das \u010d\u00edtania\" \/>\n\t<meta name=\"twitter:data2\" content=\"2 min\u00faty\" \/>\n<script type=\"application\/ld+json\" class=\"yoast-schema-graph\">{\"@context\":\"https:\\\/\\\/schema.org\",\"@graph\":[{\"@type\":\"Article\",\"@id\":\"https:\\\/\\\/regbu.com\\\/instagram-socialni-sit-zalozena-na-fotografiich\\\/#article\",\"isPartOf\":{\"@id\":\"https:\\\/\\\/regbu.com\\\/instagram-socialni-sit-zalozena-na-fotografiich\\\/\"},\"author\":{\"name\":\"George Martin\",\"@id\":\"https:\\\/\\\/regbu.com\\\/en\\\/#\\\/schema\\\/person\\\/94ea9deda2629771b8a9ced002f6784e\"},\"headline\":\"Instagram \u2013 Soci\u00e1ln\u00ed s\u00ed\u0165 zalo\u017een\u00e1 na fotografi\u00edch\",\"datePublished\":\"2022-01-21T14:49:00+00:00\",\"dateModified\":\"2025-09-05T05:42:52+00:00\",\"mainEntityOfPage\":{\"@id\":\"https:\\\/\\\/regbu.com\\\/instagram-socialni-sit-zalozena-na-fotografiich\\\/\"},\"wordCount\":444,\"image\":{\"@id\":\"https:\\\/\\\/regbu.com\\\/instagram-socialni-sit-zalozena-na-fotografiich\\\/#primaryimage\"},\"thumbnailUrl\":\"https:\\\/\\\/regbu.com\\\/wp-content\\\/uploads\\\/2022\\\/01\\\/instagram-socilani-sit-zalozena-na-fotografiich.jpg\",\"keywords\":[\"fotka\",\"fotky\",\"fotografie\",\"instagram\",\"multimedi\u00e1ln\u00ed obsah\",\"sd\u00edlen\u00ed\",\"soci\u00e1ln\u00ed s\u00ed\u0165\",\"soci\u00e1ln\u00ed s\u00edt\u011b\",\"videa\",\"video\"],\"articleSection\":[\"Technologie\"],\"inLanguage\":\"sk-SK\"},{\"@type\":\"WebPage\",\"@id\":\"https:\\\/\\\/regbu.com\\\/instagram-socialni-sit-zalozena-na-fotografiich\\\/\",\"url\":\"https:\\\/\\\/regbu.com\\\/instagram-socialni-sit-zalozena-na-fotografiich\\\/\",\"name\":\"Instagram \u2013 Soci\u00e1ln\u00ed s\u00ed\u0165 zalo\u017een\u00e1 na fotografi\u00edch - REGBU.COM\",\"isPartOf\":{\"@id\":\"https:\\\/\\\/regbu.com\\\/en\\\/#website\"},\"primaryImageOfPage\":{\"@id\":\"https:\\\/\\\/regbu.com\\\/instagram-socialni-sit-zalozena-na-fotografiich\\\/#primaryimage\"},\"image\":{\"@id\":\"https:\\\/\\\/regbu.com\\\/instagram-socialni-sit-zalozena-na-fotografiich\\\/#primaryimage\"},\"thumbnailUrl\":\"https:\\\/\\\/regbu.com\\\/wp-content\\\/uploads\\\/2022\\\/01\\\/instagram-socilani-sit-zalozena-na-fotografiich.jpg\",\"datePublished\":\"2022-01-21T14:49:00+00:00\",\"dateModified\":\"2025-09-05T05:42:52+00:00\",\"author\":{\"@id\":\"https:\\\/\\\/regbu.com\\\/en\\\/#\\\/schema\\\/person\\\/94ea9deda2629771b8a9ced002f6784e\"},\"description\":\"Chcete-li sd\u00edlet multimedi\u00e1ln\u00ed obsah na internetu, ide\u00e1ln\u00ed volbou bude Instagram. Soci\u00e1ln\u00ed s\u00ed\u0165, kter\u00e1 toho nab\u00edz\u00ed v\u00edce\",\"breadcrumb\":{\"@id\":\"https:\\\/\\\/regbu.com\\\/instagram-socialni-sit-zalozena-na-fotografiich\\\/#breadcrumb\"},\"inLanguage\":\"sk-SK\",\"potentialAction\":[{\"@type\":\"ReadAction\",\"target\":[\"https:\\\/\\\/regbu.com\\\/instagram-socialni-sit-zalozena-na-fotografiich\\\/\"]}]},{\"@type\":\"ImageObject\",\"inLanguage\":\"sk-SK\",\"@id\":\"https:\\\/\\\/regbu.com\\\/instagram-socialni-sit-zalozena-na-fotografiich\\\/#primaryimage\",\"url\":\"https:\\\/\\\/regbu.com\\\/wp-content\\\/uploads\\\/2022\\\/01\\\/instagram-socilani-sit-zalozena-na-fotografiich.jpg\",\"contentUrl\":\"https:\\\/\\\/regbu.com\\\/wp-content\\\/uploads\\\/2022\\\/01\\\/instagram-socilani-sit-zalozena-na-fotografiich.jpg\",\"width\":1200,\"height\":677,\"caption\":\"Instagram \u2013 Soci\u00e1ln\u00ed s\u00ed\u0165 zalo\u017een\u00e1 na fotografi\u00edch\"},{\"@type\":\"BreadcrumbList\",\"@id\":\"https:\\\/\\\/regbu.com\\\/instagram-socialni-sit-zalozena-na-fotografiich\\\/#breadcrumb\",\"itemListElement\":[{\"@type\":\"ListItem\",\"position\":1,\"name\":\"Home\",\"item\":\"https:\\\/\\\/regbu.com\\\/en\\\/\"},{\"@type\":\"ListItem\",\"position\":2,\"name\":\"Instagram \u2013 Soci\u00e1ln\u00ed s\u00ed\u0165 zalo\u017een\u00e1 na fotografi\u00edch\"}]},{\"@type\":\"WebSite\",\"@id\":\"https:\\\/\\\/regbu.com\\\/en\\\/#website\",\"url\":\"https:\\\/\\\/regbu.com\\\/en\\\/\",\"name\":\"REGBU.COM\",\"description\":\"\",\"potentialAction\":[{\"@type\":\"SearchAction\",\"target\":{\"@type\":\"EntryPoint\",\"urlTemplate\":\"https:\\\/\\\/regbu.com\\\/en\\\/?s={search_term_string}\"},\"query-input\":{\"@type\":\"PropertyValueSpecification\",\"valueRequired\":true,\"valueName\":\"search_term_string\"}}],\"inLanguage\":\"sk-SK\"},{\"@type\":\"Person\",\"@id\":\"https:\\\/\\\/regbu.com\\\/en\\\/#\\\/schema\\\/person\\\/94ea9deda2629771b8a9ced002f6784e\",\"name\":\"George Martin\",\"url\":\"https:\\\/\\\/regbu.com\\\/sk\\\/author\\\/george-martin\\\/\"}]}<\/script>\n<!-- \/ Yoast SEO plugin. -->","yoast_head_json":{"title":"Instagram - Soci\u00e1lna sie\u0165 zalo\u017een\u00e1 na fotografi\u00e1ch - REGBU.COM","description":"Ak chcete zdie\u013ea\u0165 multimedi\u00e1lny obsah na internete, Instagram je ide\u00e1lnou vo\u013ebou. Soci\u00e1lna sie\u0165, ktor\u00e1 pon\u00faka viac","robots":{"index":"index","follow":"follow","max-snippet":"max-snippet:-1","max-image-preview":"max-image-preview:large","max-video-preview":"max-video-preview:-1"},"canonical":"https:\/\/regbu.com\/sk\/instagram-social-sit-for-photos\/","og_locale":"sk_SK","og_type":"article","og_title":"Instagram \u2013 Soci\u00e1ln\u00ed s\u00ed\u0165 zalo\u017een\u00e1 na fotografi\u00edch - REGBU.COM","og_description":"Chcete-li sd\u00edlet multimedi\u00e1ln\u00ed obsah na internetu, ide\u00e1ln\u00ed volbou bude Instagram. Soci\u00e1ln\u00ed s\u00ed\u0165, kter\u00e1 toho nab\u00edz\u00ed v\u00edce","og_url":"https:\/\/regbu.com\/sk\/instagram-social-sit-for-photos\/","og_site_name":"REGBU.COM","article_published_time":"2022-01-21T14:49:00+00:00","article_modified_time":"2025-09-05T05:42:52+00:00","og_image":[{"width":1200,"height":677,"url":"https:\/\/regbu.com\/wp-content\/uploads\/2022\/01\/instagram-socilani-sit-zalozena-na-fotografiich.jpg","type":"image\/jpeg"}],"author":"George Martin","twitter_card":"summary_large_image","twitter_misc":{"Autor":"George Martin","Predpokladan\u00fd \u010das \u010d\u00edtania":"2 min\u00faty"},"schema":{"@context":"https:\/\/schema.org","@graph":[{"@type":"Article","@id":"https:\/\/regbu.com\/instagram-socialni-sit-zalozena-na-fotografiich\/#article","isPartOf":{"@id":"https:\/\/regbu.com\/instagram-socialni-sit-zalozena-na-fotografiich\/"},"author":{"name":"George Martin","@id":"https:\/\/regbu.com\/en\/#\/schema\/person\/94ea9deda2629771b8a9ced002f6784e"},"headline":"Instagram \u2013 Soci\u00e1ln\u00ed s\u00ed\u0165 zalo\u017een\u00e1 na fotografi\u00edch","datePublished":"2022-01-21T14:49:00+00:00","dateModified":"2025-09-05T05:42:52+00:00","mainEntityOfPage":{"@id":"https:\/\/regbu.com\/instagram-socialni-sit-zalozena-na-fotografiich\/"},"wordCount":444,"image":{"@id":"https:\/\/regbu.com\/instagram-socialni-sit-zalozena-na-fotografiich\/#primaryimage"},"thumbnailUrl":"https:\/\/regbu.com\/wp-content\/uploads\/2022\/01\/instagram-socilani-sit-zalozena-na-fotografiich.jpg","keywords":["fotka","fotky","fotografie","instagram","multimedi\u00e1ln\u00ed obsah","sd\u00edlen\u00ed","soci\u00e1ln\u00ed s\u00ed\u0165","soci\u00e1ln\u00ed s\u00edt\u011b","videa","video"],"articleSection":["Technologie"],"inLanguage":"sk-SK"},{"@type":"WebPage","@id":"https:\/\/regbu.com\/instagram-socialni-sit-zalozena-na-fotografiich\/","url":"https:\/\/regbu.com\/instagram-socialni-sit-zalozena-na-fotografiich\/","name":"Instagram - Soci\u00e1lna sie\u0165 zalo\u017een\u00e1 na fotografi\u00e1ch - REGBU.COM","isPartOf":{"@id":"https:\/\/regbu.com\/en\/#website"},"primaryImageOfPage":{"@id":"https:\/\/regbu.com\/instagram-socialni-sit-zalozena-na-fotografiich\/#primaryimage"},"image":{"@id":"https:\/\/regbu.com\/instagram-socialni-sit-zalozena-na-fotografiich\/#primaryimage"},"thumbnailUrl":"https:\/\/regbu.com\/wp-content\/uploads\/2022\/01\/instagram-socilani-sit-zalozena-na-fotografiich.jpg","datePublished":"2022-01-21T14:49:00+00:00","dateModified":"2025-09-05T05:42:52+00:00","author":{"@id":"https:\/\/regbu.com\/en\/#\/schema\/person\/94ea9deda2629771b8a9ced002f6784e"},"description":"Ak chcete zdie\u013ea\u0165 multimedi\u00e1lny obsah na internete, Instagram je ide\u00e1lnou vo\u013ebou. Soci\u00e1lna sie\u0165, ktor\u00e1 pon\u00faka viac","breadcrumb":{"@id":"https:\/\/regbu.com\/instagram-socialni-sit-zalozena-na-fotografiich\/#breadcrumb"},"inLanguage":"sk-SK","potentialAction":[{"@type":"ReadAction","target":["https:\/\/regbu.com\/instagram-socialni-sit-zalozena-na-fotografiich\/"]}]},{"@type":"ImageObject","inLanguage":"sk-SK","@id":"https:\/\/regbu.com\/instagram-socialni-sit-zalozena-na-fotografiich\/#primaryimage","url":"https:\/\/regbu.com\/wp-content\/uploads\/2022\/01\/instagram-socilani-sit-zalozena-na-fotografiich.jpg","contentUrl":"https:\/\/regbu.com\/wp-content\/uploads\/2022\/01\/instagram-socilani-sit-zalozena-na-fotografiich.jpg","width":1200,"height":677,"caption":"Instagram \u2013 Soci\u00e1ln\u00ed s\u00ed\u0165 zalo\u017een\u00e1 na fotografi\u00edch"},{"@type":"BreadcrumbList","@id":"https:\/\/regbu.com\/instagram-socialni-sit-zalozena-na-fotografiich\/#breadcrumb","itemListElement":[{"@type":"ListItem","position":1,"name":"Home","item":"https:\/\/regbu.com\/en\/"},{"@type":"ListItem","position":2,"name":"Instagram \u2013 Soci\u00e1ln\u00ed s\u00ed\u0165 zalo\u017een\u00e1 na fotografi\u00edch"}]},{"@type":"WebSite","@id":"https:\/\/regbu.com\/en\/#website","url":"https:\/\/regbu.com\/en\/","name":"REGBU.COM","description":"","potentialAction":[{"@type":"SearchAction","target":{"@type":"EntryPoint","urlTemplate":"https:\/\/regbu.com\/en\/?s={search_term_string}"},"query-input":{"@type":"PropertyValueSpecification","valueRequired":true,"valueName":"search_term_string"}}],"inLanguage":"sk-SK"},{"@type":"Person","@id":"https:\/\/regbu.com\/en\/#\/schema\/person\/94ea9deda2629771b8a9ced002f6784e","name":"George Martin","url":"https:\/\/regbu.com\/sk\/author\/george-martin\/"}]}},"_links":{"self":[{"href":"https:\/\/regbu.com\/sk\/wp-json\/wp\/v2\/posts\/355","targetHints":{"allow":["GET"]}}],"collection":[{"href":"https:\/\/regbu.com\/sk\/wp-json\/wp\/v2\/posts"}],"about":[{"href":"https:\/\/regbu.com\/sk\/wp-json\/wp\/v2\/types\/post"}],"author":[{"embeddable":true,"href":"https:\/\/regbu.com\/sk\/wp-json\/wp\/v2\/users\/2"}],"replies":[{"embeddable":true,"href":"https:\/\/regbu.com\/sk\/wp-json\/wp\/v2\/comments?post=355"}],"version-history":[{"count":4,"href":"https:\/\/regbu.com\/sk\/wp-json\/wp\/v2\/posts\/355\/revisions"}],"predecessor-version":[{"id":384,"href":"https:\/\/regbu.com\/sk\/wp-json\/wp\/v2\/posts\/355\/revisions\/384"}],"wp:featuredmedia":[{"embeddable":true,"href":"https:\/\/regbu.com\/sk\/wp-json\/wp\/v2\/media\/356"}],"wp:attachment":[{"href":"https:\/\/regbu.com\/sk\/wp-json\/wp\/v2\/media?parent=355"}],"wp:term":[{"taxonomy":"category","embeddable":true,"href":"https:\/\/regbu.com\/sk\/wp-json\/wp\/v2\/categories?post=355"},{"taxonomy":"post_tag","embeddable":true,"href":"https:\/\/regbu.com\/sk\/wp-json\/wp\/v2\/tags?post=355"}],"curies":[{"name":"wp","href":"https:\/\/api.w.org\/{rel}","templated":true}]}}