{"id":1499,"date":"2023-08-09T16:09:02","date_gmt":"2023-08-09T14:09:02","guid":{"rendered":"https:\/\/regbu.com\/?p=1499"},"modified":"2025-09-05T07:39:50","modified_gmt":"2025-09-05T05:39:50","slug":"elektromobilita-ma-sveho-krale","status":"publish","type":"post","link":"https:\/\/regbu.com\/sk\/elektromobilita-ma-svoj-vlastny-okruh\/","title":{"rendered":"Elektromobilita m\u00e1 svojho kr\u00e1\u013ea"},"content":{"rendered":"<p>Elektromobilita je hor\u00facou t\u00e9mou a do istej miery hudbou bud\u00facnosti. To mimochodom dokazuje aj jeden z najzn\u00e1mej\u0161\u00edch v\u00fdrobcov t\u00fdchto vozidiel, spolo\u010dnos\u0165 Tesla. Jej majite\u013eom je okrem in\u00fdch aj Elon Musk.<strong>,<\/strong> ktor\u00fd m\u00e1 tie\u017e sl\u00e1vnu <strong><a href=\"https:\/\/regbu.com\/sk\/concept-space-x-vevodi-versmirnym-letum\/\">Koncept Space X<\/a><\/strong>. T\u00e1to automobilka sa stala priekopn\u00edkom v tejto oblasti.<\/p>\n\n\n\n<ul class=\"wp-block-list\">\n<li>Tesla Model S<\/li>\n\n\n\n<li>Tesla Model X<\/li>\n\n\n\n<li>Tesla Model 3<\/li>\n<\/ul>\n\n\n\n<p>Toto je len mal\u00e1 ochutn\u00e1vka toho, \u010do vy\u0161lo z v\u00fdrobn\u00fdch liniek tejto sl\u00e1vnej automobilky. V\u00e4\u010d\u0161inou ide o modely sedan. Tie s\u00fa ur\u010den\u00e9 nielen pre firemn\u00fd segment, ale aj na s\u00fakromn\u00e9 pou\u017eitie.<\/p>\n\n\n\n<h2 class=\"wp-block-heading\">Hist\u00f3ria spolo\u010dnosti Tesla<\/h2>\n\n\n\n<p>Pozrime sa najprv na to, ako sa elektromobilita vlastne dostala do popredia z\u00e1ujmu \u013eud\u00ed. Postarala sa o to spolo\u010dnos\u0165 Tesla, ktor\u00e1 navrhuje, vyr\u00e1ba a pred\u00e1va elektromobily. Ak si mysl\u00edte, \u017ee zakladate\u013e spolo\u010dnosti bol <strong>Elon Musk<\/strong>ve\u013emi sa m\u00fdlite. Pripojil sa a\u017e potom.<\/p>\n\n\n\n<figure class=\"wp-block-table\"><table><tbody><tr><td><strong>Predmet<\/strong><\/td><td><strong>Inform\u00e1cie<\/strong><\/td><\/tr><tr><td>Rok zalo\u017eenia<\/td><td>2003<\/td><\/tr><tr><td>Zakladatelia<\/td><td>Martin Eberhard a Marc Tarpenning<\/td><\/tr><tr><td>\u00dastredie<\/td><td>Austin, Texas<\/td><\/tr><tr><td>Tov\u00e1rne<\/td><td>Freemont, \u0160anghaj a \u010fal\u0161ie<\/td><\/tr><\/tbody><\/table><figcaption class=\"wp-element-caption\">Inform\u00e1cie t\u00fdkaj\u00face sa zalo\u017eenia spolo\u010dnosti Tesla.<\/figcaption><\/figure>\n\n\n\n<p>Kr\u00e1tko po zalo\u017een\u00ed spolo\u010dnosti Tesla sa k nej pripojili <a href=\"https:\/\/cs.wikipedia.org\/wiki\/Elon_Musk\">Elon Musk<\/a>, JB Straubel a Ian Wright. \u00daspechy na seba nenechali dlho \u010daka\u0165 a Tesla Roadster od\u0161tartovala v roku 2008.<\/p>\n\n\n\n<h3 class=\"wp-block-heading\">Elektromobilita a v\u0161etko d\u00f4le\u017eit\u00e9<\/h3>\n\n\n\n<p>Samozrejme, m\u00f4\u017eeme pokra\u010dova\u0165 v \u00faspechu a v\u00fdvoji elektromobilov Tesla. Je o \u010dom p\u00edsa\u0165. Na v\u0161etky tri \u00faspe\u0161n\u00e9 modely automobilov z \u00favodu tohto \u010dl\u00e1nku nadviazali \u010fal\u0161ie. M\u00f4\u017eeme spomen\u00fa\u0165 napr. <strong>Tesla Model Y<\/strong>. Elektrick\u00fd \u0165aha\u010d Tesla Semi je kapitola sama o sebe.<\/p>\n\n\n\n<p>Spolu s rozvojom elektromobility pod veden\u00edm sl\u00e1vnej spolo\u010dnosti sa podporuje aj roz\u0161irovanie r\u00fdchlonab\u00edjac\u00edch stan\u00edc Supercharger. Tesla sa okrem mnoh\u00fdch in\u00fdch projektov zamerala aj na bat\u00e9rie pre dom\u00e1cnosti, sol\u00e1rne stre\u0161n\u00e9 ta\u0161ky. S rast\u00facim dopytom sa prirodzene zvy\u0161uje potreba v\u00fdroby ve\u013ek\u00e9ho mno\u017estva bat\u00e9ri\u00ed, \u010doho d\u00f4kazom s\u00fa nov\u00e9 a <em>nov\u00e9 gigafabriky nielen v Spojen\u00fdch \u0161t\u00e1toch, ale aj v in\u00fdch krajin\u00e1ch sveta.<\/em>.<\/p>","protected":false},"excerpt":{"rendered":"<p>Elektromobilita je hor\u00facou t\u00e9mou a do istej miery hudbou bud\u00facnosti. To mimochodom dokazuje aj jeden z najzn\u00e1mej\u0161\u00edch v\u00fdrobcov t\u00fdchto vozidiel, spolo\u010dnos\u0165 Tesla. Jej majite\u013eom je okrem in\u00fdch aj Elon Musk, ktor\u00fd m\u00e1 za sebou aj sl\u00e1vny koncept Space X. T\u00e1to automobilka sa stala tak\u00fdm pomyseln\u00fdm priekopn\u00edkom v tejto oblasti. Toto je len mal\u00e1 ochutn\u00e1vka ... <\/p>","protected":false},"author":2,"featured_media":1500,"comment_status":"closed","ping_status":"closed","sticky":false,"template":"","format":"standard","meta":{"footnotes":""},"categories":[6],"tags":[1847,1849,1830,1856,1850,1854,1851,1852,1855,1848,1853],"class_list":["post-1499","post","type-post","status-publish","format-standard","has-post-thumbnail","hentry","category-technologie","tag-elektromobilita","tag-elektromobily","tag-elon-musk","tag-gigafactory","tag-model","tag-model-3","tag-model-s","tag-model-y","tag-supercharger","tag-tesla","tag-tesla-roadster"],"yoast_head":"<!-- This site is optimized with the Yoast SEO plugin v27.4 - https:\/\/yoast.com\/product\/yoast-seo-wordpress\/ -->\n<title>Elektromobilita m\u00e1 sv\u00e9ho kr\u00e1le - REGBU.COM<\/title>\n<meta name=\"description\" content=\"V\u00edte, co si p\u0159edstavit pod pojmem elektromobilita? A zn\u00e1te jednoho z pr\u016fkopn\u00edk\u016f tohoto novodob\u00e9ho segmentu?\" \/>\n<meta name=\"robots\" content=\"index, follow, max-snippet:-1, max-image-preview:large, max-video-preview:-1\" \/>\n<link rel=\"canonical\" href=\"https:\/\/regbu.com\/sk\/elektromobilita-ma-svoj-vlastny-okruh\/\" \/>\n<meta property=\"og:locale\" content=\"sk_SK\" \/>\n<meta property=\"og:type\" content=\"article\" \/>\n<meta property=\"og:title\" content=\"Elektromobilita m\u00e1 sv\u00e9ho kr\u00e1le - REGBU.COM\" \/>\n<meta property=\"og:description\" content=\"V\u00edte, co si p\u0159edstavit pod pojmem elektromobilita? A zn\u00e1te jednoho z pr\u016fkopn\u00edk\u016f tohoto novodob\u00e9ho segmentu?\" \/>\n<meta property=\"og:url\" content=\"https:\/\/regbu.com\/sk\/elektromobilita-ma-svoj-vlastny-okruh\/\" \/>\n<meta property=\"og:site_name\" content=\"REGBU.COM\" \/>\n<meta property=\"article:published_time\" content=\"2023-08-09T14:09:02+00:00\" \/>\n<meta property=\"article:modified_time\" content=\"2025-09-05T05:39:50+00:00\" \/>\n<meta property=\"og:image\" content=\"https:\/\/regbu.com\/wp-content\/uploads\/2023\/08\/elektromobilita-ma-sveho-krale.jpg\" \/>\n\t<meta property=\"og:image:width\" content=\"1200\" \/>\n\t<meta property=\"og:image:height\" content=\"676\" \/>\n\t<meta property=\"og:image:type\" content=\"image\/jpeg\" \/>\n<meta name=\"author\" content=\"George Martin\" \/>\n<meta name=\"twitter:card\" content=\"summary_large_image\" \/>\n<meta name=\"twitter:label1\" content=\"Autor\" \/>\n\t<meta name=\"twitter:data1\" content=\"George Martin\" \/>\n\t<meta name=\"twitter:label2\" content=\"Predpokladan\u00fd \u010das \u010d\u00edtania\" \/>\n\t<meta name=\"twitter:data2\" content=\"2 min\u00faty\" \/>\n<script type=\"application\/ld+json\" class=\"yoast-schema-graph\">{\"@context\":\"https:\\\/\\\/schema.org\",\"@graph\":[{\"@type\":\"Article\",\"@id\":\"https:\\\/\\\/regbu.com\\\/sk\\\/elektromobilita-ma-svoj-vlastny-okruh\\\/#article\",\"isPartOf\":{\"@id\":\"https:\\\/\\\/regbu.com\\\/sk\\\/elektromobilita-ma-svoj-vlastny-okruh\\\/\"},\"author\":{\"name\":\"George Martin\",\"@id\":\"https:\\\/\\\/regbu.com\\\/en\\\/#\\\/schema\\\/person\\\/94ea9deda2629771b8a9ced002f6784e\"},\"headline\":\"Elektromobilita m\u00e1 sv\u00e9ho kr\u00e1le\",\"datePublished\":\"2023-08-09T14:09:02+00:00\",\"dateModified\":\"2025-09-05T05:39:50+00:00\",\"mainEntityOfPage\":{\"@id\":\"https:\\\/\\\/regbu.com\\\/sk\\\/elektromobilita-ma-svoj-vlastny-okruh\\\/\"},\"wordCount\":409,\"image\":{\"@id\":\"https:\\\/\\\/regbu.com\\\/sk\\\/elektromobilita-ma-svoj-vlastny-okruh\\\/#primaryimage\"},\"thumbnailUrl\":\"https:\\\/\\\/regbu.com\\\/wp-content\\\/uploads\\\/2023\\\/08\\\/elektromobilita-ma-sveho-krale.jpg\",\"keywords\":[\"elektromobilita\",\"elektromobily\",\"elon musk\",\"gigafactory\",\"model\",\"model 3\",\"model s\",\"model y\",\"Supercharger\",\"tesla\",\"tesla roadster\"],\"articleSection\":[\"Technologie\"],\"inLanguage\":\"sk-SK\"},{\"@type\":\"WebPage\",\"@id\":\"https:\\\/\\\/regbu.com\\\/sk\\\/elektromobilita-ma-svoj-vlastny-okruh\\\/\",\"url\":\"https:\\\/\\\/regbu.com\\\/sk\\\/elektromobilita-ma-svoj-vlastny-okruh\\\/\",\"name\":\"Elektromobilita m\u00e1 sv\u00e9ho kr\u00e1le - REGBU.COM\",\"isPartOf\":{\"@id\":\"https:\\\/\\\/regbu.com\\\/en\\\/#website\"},\"primaryImageOfPage\":{\"@id\":\"https:\\\/\\\/regbu.com\\\/sk\\\/elektromobilita-ma-svoj-vlastny-okruh\\\/#primaryimage\"},\"image\":{\"@id\":\"https:\\\/\\\/regbu.com\\\/sk\\\/elektromobilita-ma-svoj-vlastny-okruh\\\/#primaryimage\"},\"thumbnailUrl\":\"https:\\\/\\\/regbu.com\\\/wp-content\\\/uploads\\\/2023\\\/08\\\/elektromobilita-ma-sveho-krale.jpg\",\"datePublished\":\"2023-08-09T14:09:02+00:00\",\"dateModified\":\"2025-09-05T05:39:50+00:00\",\"author\":{\"@id\":\"https:\\\/\\\/regbu.com\\\/en\\\/#\\\/schema\\\/person\\\/94ea9deda2629771b8a9ced002f6784e\"},\"description\":\"V\u00edte, co si p\u0159edstavit pod pojmem elektromobilita? A zn\u00e1te jednoho z pr\u016fkopn\u00edk\u016f tohoto novodob\u00e9ho segmentu?\",\"breadcrumb\":{\"@id\":\"https:\\\/\\\/regbu.com\\\/sk\\\/elektromobilita-ma-svoj-vlastny-okruh\\\/#breadcrumb\"},\"inLanguage\":\"sk-SK\",\"potentialAction\":[{\"@type\":\"ReadAction\",\"target\":[\"https:\\\/\\\/regbu.com\\\/sk\\\/elektromobilita-ma-svoj-vlastny-okruh\\\/\"]}]},{\"@type\":\"ImageObject\",\"inLanguage\":\"sk-SK\",\"@id\":\"https:\\\/\\\/regbu.com\\\/sk\\\/elektromobilita-ma-svoj-vlastny-okruh\\\/#primaryimage\",\"url\":\"https:\\\/\\\/regbu.com\\\/wp-content\\\/uploads\\\/2023\\\/08\\\/elektromobilita-ma-sveho-krale.jpg\",\"contentUrl\":\"https:\\\/\\\/regbu.com\\\/wp-content\\\/uploads\\\/2023\\\/08\\\/elektromobilita-ma-sveho-krale.jpg\",\"width\":1200,\"height\":676,\"caption\":\"Elektromobilita m\u00e1 sv\u00e9ho kr\u00e1le\"},{\"@type\":\"BreadcrumbList\",\"@id\":\"https:\\\/\\\/regbu.com\\\/sk\\\/elektromobilita-ma-svoj-vlastny-okruh\\\/#breadcrumb\",\"itemListElement\":[{\"@type\":\"ListItem\",\"position\":1,\"name\":\"Home\",\"item\":\"https:\\\/\\\/regbu.com\\\/en\\\/\"},{\"@type\":\"ListItem\",\"position\":2,\"name\":\"Elektromobilita m\u00e1 sv\u00e9ho kr\u00e1le\"}]},{\"@type\":\"WebSite\",\"@id\":\"https:\\\/\\\/regbu.com\\\/en\\\/#website\",\"url\":\"https:\\\/\\\/regbu.com\\\/en\\\/\",\"name\":\"REGBU.COM\",\"description\":\"\",\"potentialAction\":[{\"@type\":\"SearchAction\",\"target\":{\"@type\":\"EntryPoint\",\"urlTemplate\":\"https:\\\/\\\/regbu.com\\\/en\\\/?s={search_term_string}\"},\"query-input\":{\"@type\":\"PropertyValueSpecification\",\"valueRequired\":true,\"valueName\":\"search_term_string\"}}],\"inLanguage\":\"sk-SK\"},{\"@type\":\"Person\",\"@id\":\"https:\\\/\\\/regbu.com\\\/en\\\/#\\\/schema\\\/person\\\/94ea9deda2629771b8a9ced002f6784e\",\"name\":\"George Martin\",\"url\":\"https:\\\/\\\/regbu.com\\\/sk\\\/author\\\/george-martin\\\/\"}]}<\/script>\n<!-- \/ Yoast SEO plugin. -->","yoast_head_json":{"title":"Elektromobilita m\u00e1 svojho kr\u00e1\u013ea - REGBU.COM","description":"Viete, \u010do znamen\u00e1 pojem elektromobilita? A pozn\u00e1te jedn\u00e9ho z priekopn\u00edkov tohto nov\u00e9ho segmentu?","robots":{"index":"index","follow":"follow","max-snippet":"max-snippet:-1","max-image-preview":"max-image-preview:large","max-video-preview":"max-video-preview:-1"},"canonical":"https:\/\/regbu.com\/sk\/elektromobilita-ma-svoj-vlastny-okruh\/","og_locale":"sk_SK","og_type":"article","og_title":"Elektromobilita m\u00e1 sv\u00e9ho kr\u00e1le - REGBU.COM","og_description":"V\u00edte, co si p\u0159edstavit pod pojmem elektromobilita? A zn\u00e1te jednoho z pr\u016fkopn\u00edk\u016f tohoto novodob\u00e9ho segmentu?","og_url":"https:\/\/regbu.com\/sk\/elektromobilita-ma-svoj-vlastny-okruh\/","og_site_name":"REGBU.COM","article_published_time":"2023-08-09T14:09:02+00:00","article_modified_time":"2025-09-05T05:39:50+00:00","og_image":[{"width":1200,"height":676,"url":"https:\/\/regbu.com\/wp-content\/uploads\/2023\/08\/elektromobilita-ma-sveho-krale.jpg","type":"image\/jpeg"}],"author":"George Martin","twitter_card":"summary_large_image","twitter_misc":{"Autor":"George Martin","Predpokladan\u00fd \u010das \u010d\u00edtania":"2 min\u00faty"},"schema":{"@context":"https:\/\/schema.org","@graph":[{"@type":"Article","@id":"https:\/\/regbu.com\/sk\/elektromobilita-ma-svoj-vlastny-okruh\/#article","isPartOf":{"@id":"https:\/\/regbu.com\/sk\/elektromobilita-ma-svoj-vlastny-okruh\/"},"author":{"name":"George Martin","@id":"https:\/\/regbu.com\/en\/#\/schema\/person\/94ea9deda2629771b8a9ced002f6784e"},"headline":"Elektromobilita m\u00e1 sv\u00e9ho kr\u00e1le","datePublished":"2023-08-09T14:09:02+00:00","dateModified":"2025-09-05T05:39:50+00:00","mainEntityOfPage":{"@id":"https:\/\/regbu.com\/sk\/elektromobilita-ma-svoj-vlastny-okruh\/"},"wordCount":409,"image":{"@id":"https:\/\/regbu.com\/sk\/elektromobilita-ma-svoj-vlastny-okruh\/#primaryimage"},"thumbnailUrl":"https:\/\/regbu.com\/wp-content\/uploads\/2023\/08\/elektromobilita-ma-sveho-krale.jpg","keywords":["elektromobilita","elektromobily","elon musk","gigafactory","model","model 3","model s","model y","Supercharger","tesla","tesla roadster"],"articleSection":["Technologie"],"inLanguage":"sk-SK"},{"@type":"WebPage","@id":"https:\/\/regbu.com\/sk\/elektromobilita-ma-svoj-vlastny-okruh\/","url":"https:\/\/regbu.com\/sk\/elektromobilita-ma-svoj-vlastny-okruh\/","name":"Elektromobilita m\u00e1 svojho kr\u00e1\u013ea - REGBU.COM","isPartOf":{"@id":"https:\/\/regbu.com\/en\/#website"},"primaryImageOfPage":{"@id":"https:\/\/regbu.com\/sk\/elektromobilita-ma-svoj-vlastny-okruh\/#primaryimage"},"image":{"@id":"https:\/\/regbu.com\/sk\/elektromobilita-ma-svoj-vlastny-okruh\/#primaryimage"},"thumbnailUrl":"https:\/\/regbu.com\/wp-content\/uploads\/2023\/08\/elektromobilita-ma-sveho-krale.jpg","datePublished":"2023-08-09T14:09:02+00:00","dateModified":"2025-09-05T05:39:50+00:00","author":{"@id":"https:\/\/regbu.com\/en\/#\/schema\/person\/94ea9deda2629771b8a9ced002f6784e"},"description":"Viete, \u010do znamen\u00e1 pojem elektromobilita? A pozn\u00e1te jedn\u00e9ho z priekopn\u00edkov tohto nov\u00e9ho segmentu?","breadcrumb":{"@id":"https:\/\/regbu.com\/sk\/elektromobilita-ma-svoj-vlastny-okruh\/#breadcrumb"},"inLanguage":"sk-SK","potentialAction":[{"@type":"ReadAction","target":["https:\/\/regbu.com\/sk\/elektromobilita-ma-svoj-vlastny-okruh\/"]}]},{"@type":"ImageObject","inLanguage":"sk-SK","@id":"https:\/\/regbu.com\/sk\/elektromobilita-ma-svoj-vlastny-okruh\/#primaryimage","url":"https:\/\/regbu.com\/wp-content\/uploads\/2023\/08\/elektromobilita-ma-sveho-krale.jpg","contentUrl":"https:\/\/regbu.com\/wp-content\/uploads\/2023\/08\/elektromobilita-ma-sveho-krale.jpg","width":1200,"height":676,"caption":"Elektromobilita m\u00e1 sv\u00e9ho kr\u00e1le"},{"@type":"BreadcrumbList","@id":"https:\/\/regbu.com\/sk\/elektromobilita-ma-svoj-vlastny-okruh\/#breadcrumb","itemListElement":[{"@type":"ListItem","position":1,"name":"Home","item":"https:\/\/regbu.com\/en\/"},{"@type":"ListItem","position":2,"name":"Elektromobilita m\u00e1 sv\u00e9ho kr\u00e1le"}]},{"@type":"WebSite","@id":"https:\/\/regbu.com\/en\/#website","url":"https:\/\/regbu.com\/en\/","name":"REGBU.COM","description":"","potentialAction":[{"@type":"SearchAction","target":{"@type":"EntryPoint","urlTemplate":"https:\/\/regbu.com\/en\/?s={search_term_string}"},"query-input":{"@type":"PropertyValueSpecification","valueRequired":true,"valueName":"search_term_string"}}],"inLanguage":"sk-SK"},{"@type":"Person","@id":"https:\/\/regbu.com\/en\/#\/schema\/person\/94ea9deda2629771b8a9ced002f6784e","name":"George Martin","url":"https:\/\/regbu.com\/sk\/author\/george-martin\/"}]}},"_links":{"self":[{"href":"https:\/\/regbu.com\/sk\/wp-json\/wp\/v2\/posts\/1499","targetHints":{"allow":["GET"]}}],"collection":[{"href":"https:\/\/regbu.com\/sk\/wp-json\/wp\/v2\/posts"}],"about":[{"href":"https:\/\/regbu.com\/sk\/wp-json\/wp\/v2\/types\/post"}],"author":[{"embeddable":true,"href":"https:\/\/regbu.com\/sk\/wp-json\/wp\/v2\/users\/2"}],"replies":[{"embeddable":true,"href":"https:\/\/regbu.com\/sk\/wp-json\/wp\/v2\/comments?post=1499"}],"version-history":[{"count":3,"href":"https:\/\/regbu.com\/sk\/wp-json\/wp\/v2\/posts\/1499\/revisions"}],"predecessor-version":[{"id":1510,"href":"https:\/\/regbu.com\/sk\/wp-json\/wp\/v2\/posts\/1499\/revisions\/1510"}],"wp:featuredmedia":[{"embeddable":true,"href":"https:\/\/regbu.com\/sk\/wp-json\/wp\/v2\/media\/1500"}],"wp:attachment":[{"href":"https:\/\/regbu.com\/sk\/wp-json\/wp\/v2\/media?parent=1499"}],"wp:term":[{"taxonomy":"category","embeddable":true,"href":"https:\/\/regbu.com\/sk\/wp-json\/wp\/v2\/categories?post=1499"},{"taxonomy":"post_tag","embeddable":true,"href":"https:\/\/regbu.com\/sk\/wp-json\/wp\/v2\/tags?post=1499"}],"curies":[{"name":"wp","href":"https:\/\/api.w.org\/{rel}","templated":true}]}}