{"id":147,"date":"2022-01-05T08:49:00","date_gmt":"2022-01-05T07:49:00","guid":{"rendered":"https:\/\/regbu.com\/?p=147"},"modified":"2025-09-05T07:42:57","modified_gmt":"2025-09-05T05:42:57","slug":"divokej-bill-legendarni-kapela-s-osobitym-zanrem","status":"publish","type":"post","link":"https:\/\/regbu.com\/sk\/wild-bill-legendary-chapel-with-a-special-feature\/","title":{"rendered":"Divokej Bill - Legend\u00e1rna kapela s osobit\u00fdm \u017e\u00e1nrom"},"content":{"rendered":"<p>Ak sa zam\u00fd\u0161\u013eate nad t\u00fdm, ak\u00e9 sl\u00e1vne kapely patria medzi st\u00e1lice \u010deskej sc\u00e9ny, nesmiete vynecha\u0165 <strong>Skupina Divok\u00fd Bill<\/strong>. Kapela si po\u010das svojej existencie z\u00edskala pomerne siln\u00e9 renom\u00e9 a dnes uspokojuje svojich posluch\u00e1\u010dov nielen nov\u00fdmi nahr\u00e1vkami, ale predov\u0161etk\u00fdm nezabudnute\u013en\u00fdmi koncertmi s ve\u013emi jedine\u010dnou atmosf\u00e9rou.<\/p>\n\n\n\n<h2 class=\"wp-block-heading\">Viac o Divokej Bill<\/h2>\n\n\n\n<p>T\u00fato \u010desk\u00fa skupinu zalo\u017eil V\u00e1clav Bl\u00e1ha, ktor\u00fd m\u00e1 prez\u00fdvku Venca. Spolu s n\u00edm s\u00fa \u010dlenmi s\u00fa\u010dasnej skupiny aj Milo\u0161 Jura\u010d, \u0160t\u011bp\u00e1n Karbulka, Roman Proch\u00e1zka, Adam Karl\u00edk, Honza B\u00e1rtl, Marek \u017de\u017eulka a Martin Pecka. Viac inform\u00e1ci\u00ed o skupine n\u00e1jdete v tabu\u013eke ni\u017e\u0161ie.<\/p>\n\n\n\n<figure class=\"wp-block-table\"><table><tbody><tr><td><strong>Predmet<\/strong><\/td><td><strong>Hodnota<\/strong><\/td><\/tr><tr><td>Akt\u00edvne na sc\u00e9ne<\/td><td>Od roku 1998<\/td><\/tr><tr><td>\u017d\u00e1nre<\/td><td>Pop music a folk rock<\/td><\/tr><tr><td>Sl\u00e1va kapely<\/td><td>Dva roky od zalo\u017eenia<\/td><\/tr><tr><td>P\u00f4vod<\/td><td>\u00davaly pri Prahe<\/td><\/tr><\/tbody><\/table><figcaption>Nieko\u013eko z\u00e1kladn\u00fdch inform\u00e1ci\u00ed o zn\u00e1mej skupine.<\/figcaption><\/figure>\n\n\n\n<p>V priebehu rokov absolvoval Divokej Bill turn\u00e9 s mnoh\u00fdmi \u010fal\u0161\u00edmi zn\u00e1mymi \u00fa\u010dastn\u00edkmi \u010deskej hudobnej sc\u00e9ny. I\u0161lo napr\u00edklad o turn\u00e9 so skupinami \u010cechomor a T\u0159i sestry. Jedno z turn\u00e9 bolo dokonca v Anglicku so skupinou The Levellers.<\/p>\n\n\n\n<h2 class=\"wp-block-heading\">Diskografia sl\u00e1vnej \u010deskej skupiny<\/h2>\n\n\n\n<p>Divok\u00fd Bill sa presl\u00e1vil nielen svoj\u00edm nezabudnute\u013en\u00fdm <strong>koncerty s ve\u013emi jedine\u010dnou atmosf\u00e9rou<\/strong>. Boli to hlavne piesne a albumy, ktor\u00e9 vznikli. V pr\u00edpade skupinov\u00fdch albumov m\u00f4\u017eeme spomen\u00fa\u0165 napr\u00edklad Propustka do pekla, Svat\u00e1 pravda, Mezi nima, Mlsn\u00e1, 15 a Tsunami. V pomerne pestrej diskografii sa nach\u00e1dzaj\u00fa aj koncertn\u00e9 albumy, demoalbumy a kompil\u00e1cie.<\/p>\n\n\n\n<p>Kapela k svojej hudbe samozrejme pridala nieko\u013eko origin\u00e1lnych a zauj\u00edmav\u00fdch videoklipov. Medzi nimi boli Plakala, Cesta, Znamen\u00ed, Malov\u00e1n\u00ed, Dolsin, Kon\u011b a Jaro.<\/p>\n\n\n\n<h3 class=\"wp-block-heading\">Divok\u00fd Bill a jeho \u00faspech<\/h3>\n\n\n\n<p>Ke\u010f je kapela \u00faspe\u0161n\u00e1, dostane sa jej spr\u00e1vnych ov\u00e1ci\u00ed. A to je to, \u010do t\u00e1to skupina dok\u00e1zala. To dokazuje <strong>prv\u00e9 miesto v ankete \u010cesk\u00fd sl\u00e1vik<\/strong> v roku 2006. Ostatn\u00e9 roky boli tie\u017e \u00faspe\u0161n\u00e9. Divokej Bill sa umiestnil na prvom mieste v kateg\u00f3ri\u00e1ch Skupina roka a Prekvapenie roka. Ude\u013euje sa aj cena za podujatie roka pre DB Lobkowicz tour 2017.<\/p>","protected":false},"excerpt":{"rendered":"<p>Ak sa zamysl\u00edte nad t\u00fdm, ak\u00e9 zn\u00e1me kapely patria medzi st\u00e1lice \u010deskej sc\u00e9ny, nesmiete vynecha\u0165 skupinu Divokej Bill. Kapela si po\u010das svojej existencie z\u00edskala pomerne siln\u00e9 renom\u00e9 a dnes uspokojuje svojich posluch\u00e1\u010dov nielen nov\u00fdmi albumami, ale predov\u0161etk\u00fdm nezabudnute\u013en\u00fdmi koncertmi s ve\u013emi jedine\u010dnou atmosf\u00e9rou. Nie\u010do... <\/p>","protected":false},"author":2,"featured_media":148,"comment_status":"closed","ping_status":"closed","sticky":false,"template":"","format":"standard","meta":{"footnotes":""},"categories":[11],"tags":[145,146,107,108,136,111,147,114,148,149,115],"class_list":["post-147","post","type-post","status-publish","format-standard","has-post-thumbnail","hentry","category-hudba","tag-divokej-bill","tag-folk-rock","tag-hudebni-kapela","tag-hudebni-skupina","tag-kapela","tag-pop","tag-pop-music","tag-skupina","tag-vaclav-blaha","tag-venca","tag-zpev"],"yoast_head":"<!-- This site is optimized with the Yoast SEO plugin v27.4 - https:\/\/yoast.com\/product\/yoast-seo-wordpress\/ -->\n<title>Divokej Bill \u2013 Legend\u00e1rn\u00ed kapela s osobit\u00fdm \u017e\u00e1nrem - REGBU.COM<\/title>\n<meta name=\"description\" content=\"Divokej Bill je folkrockov\u00e1 hudebn\u00ed skupina. Poznejte jej\u00ed za\u010d\u00e1tky a nejv\u011bt\u0161\u00ed \u00fasp\u011bchy, v\u010detn\u011b zm\u00ednky o nejslavn\u011bj\u0161\u00edch p\u00edsn\u00edch a albech.\" \/>\n<meta name=\"robots\" content=\"index, follow, max-snippet:-1, max-image-preview:large, max-video-preview:-1\" \/>\n<link rel=\"canonical\" href=\"https:\/\/regbu.com\/sk\/wild-bill-legendary-chapel-with-a-special-feature\/\" \/>\n<meta property=\"og:locale\" content=\"sk_SK\" \/>\n<meta property=\"og:type\" content=\"article\" \/>\n<meta property=\"og:title\" content=\"Divokej Bill \u2013 Legend\u00e1rn\u00ed kapela s osobit\u00fdm \u017e\u00e1nrem - REGBU.COM\" \/>\n<meta property=\"og:description\" content=\"Divokej Bill je folkrockov\u00e1 hudebn\u00ed skupina. Poznejte jej\u00ed za\u010d\u00e1tky a nejv\u011bt\u0161\u00ed \u00fasp\u011bchy, v\u010detn\u011b zm\u00ednky o nejslavn\u011bj\u0161\u00edch p\u00edsn\u00edch a albech.\" \/>\n<meta property=\"og:url\" content=\"https:\/\/regbu.com\/sk\/wild-bill-legendary-chapel-with-a-special-feature\/\" \/>\n<meta property=\"og:site_name\" content=\"REGBU.COM\" \/>\n<meta property=\"article:published_time\" content=\"2022-01-05T07:49:00+00:00\" \/>\n<meta property=\"article:modified_time\" content=\"2025-09-05T05:42:57+00:00\" \/>\n<meta property=\"og:image\" content=\"https:\/\/regbu.com\/wp-content\/uploads\/2022\/01\/divokej-bill-legendarni-kapela-s-osobitym-zanrem.jpg\" \/>\n\t<meta property=\"og:image:width\" content=\"1200\" \/>\n\t<meta property=\"og:image:height\" content=\"677\" \/>\n\t<meta property=\"og:image:type\" content=\"image\/jpeg\" \/>\n<meta name=\"author\" content=\"George Martin\" \/>\n<meta name=\"twitter:card\" content=\"summary_large_image\" \/>\n<meta name=\"twitter:label1\" content=\"Autor\" \/>\n\t<meta name=\"twitter:data1\" content=\"George Martin\" \/>\n\t<meta name=\"twitter:label2\" content=\"Predpokladan\u00fd \u010das \u010d\u00edtania\" \/>\n\t<meta name=\"twitter:data2\" content=\"2 min\u00faty\" \/>\n<script type=\"application\/ld+json\" class=\"yoast-schema-graph\">{\"@context\":\"https:\\\/\\\/schema.org\",\"@graph\":[{\"@type\":\"Article\",\"@id\":\"https:\\\/\\\/regbu.com\\\/divokej-bill-legendarni-kapela-s-osobitym-zanrem\\\/#article\",\"isPartOf\":{\"@id\":\"https:\\\/\\\/regbu.com\\\/divokej-bill-legendarni-kapela-s-osobitym-zanrem\\\/\"},\"author\":{\"name\":\"George Martin\",\"@id\":\"https:\\\/\\\/regbu.com\\\/en\\\/#\\\/schema\\\/person\\\/94ea9deda2629771b8a9ced002f6784e\"},\"headline\":\"Divokej Bill \u2013 Legend\u00e1rn\u00ed kapela s osobit\u00fdm \u017e\u00e1nrem\",\"datePublished\":\"2022-01-05T07:49:00+00:00\",\"dateModified\":\"2025-09-05T05:42:57+00:00\",\"mainEntityOfPage\":{\"@id\":\"https:\\\/\\\/regbu.com\\\/divokej-bill-legendarni-kapela-s-osobitym-zanrem\\\/\"},\"wordCount\":427,\"image\":{\"@id\":\"https:\\\/\\\/regbu.com\\\/divokej-bill-legendarni-kapela-s-osobitym-zanrem\\\/#primaryimage\"},\"thumbnailUrl\":\"https:\\\/\\\/regbu.com\\\/wp-content\\\/uploads\\\/2022\\\/01\\\/divokej-bill-legendarni-kapela-s-osobitym-zanrem.jpg\",\"keywords\":[\"Divokej Bill\",\"folk rock\",\"hudebn\u00ed kapela\",\"hudebn\u00ed skupina\",\"kapela\",\"pop\",\"pop music\",\"skupina\",\"V\u00e1clav Bl\u00e1ha\",\"Venca\",\"zp\u011bv\"],\"articleSection\":[\"Hudba\"],\"inLanguage\":\"sk-SK\"},{\"@type\":\"WebPage\",\"@id\":\"https:\\\/\\\/regbu.com\\\/divokej-bill-legendarni-kapela-s-osobitym-zanrem\\\/\",\"url\":\"https:\\\/\\\/regbu.com\\\/divokej-bill-legendarni-kapela-s-osobitym-zanrem\\\/\",\"name\":\"Divokej Bill \u2013 Legend\u00e1rn\u00ed kapela s osobit\u00fdm \u017e\u00e1nrem - REGBU.COM\",\"isPartOf\":{\"@id\":\"https:\\\/\\\/regbu.com\\\/en\\\/#website\"},\"primaryImageOfPage\":{\"@id\":\"https:\\\/\\\/regbu.com\\\/divokej-bill-legendarni-kapela-s-osobitym-zanrem\\\/#primaryimage\"},\"image\":{\"@id\":\"https:\\\/\\\/regbu.com\\\/divokej-bill-legendarni-kapela-s-osobitym-zanrem\\\/#primaryimage\"},\"thumbnailUrl\":\"https:\\\/\\\/regbu.com\\\/wp-content\\\/uploads\\\/2022\\\/01\\\/divokej-bill-legendarni-kapela-s-osobitym-zanrem.jpg\",\"datePublished\":\"2022-01-05T07:49:00+00:00\",\"dateModified\":\"2025-09-05T05:42:57+00:00\",\"author\":{\"@id\":\"https:\\\/\\\/regbu.com\\\/en\\\/#\\\/schema\\\/person\\\/94ea9deda2629771b8a9ced002f6784e\"},\"description\":\"Divokej Bill je folkrockov\u00e1 hudebn\u00ed skupina. Poznejte jej\u00ed za\u010d\u00e1tky a nejv\u011bt\u0161\u00ed \u00fasp\u011bchy, v\u010detn\u011b zm\u00ednky o nejslavn\u011bj\u0161\u00edch p\u00edsn\u00edch a albech.\",\"breadcrumb\":{\"@id\":\"https:\\\/\\\/regbu.com\\\/divokej-bill-legendarni-kapela-s-osobitym-zanrem\\\/#breadcrumb\"},\"inLanguage\":\"sk-SK\",\"potentialAction\":[{\"@type\":\"ReadAction\",\"target\":[\"https:\\\/\\\/regbu.com\\\/divokej-bill-legendarni-kapela-s-osobitym-zanrem\\\/\"]}]},{\"@type\":\"ImageObject\",\"inLanguage\":\"sk-SK\",\"@id\":\"https:\\\/\\\/regbu.com\\\/divokej-bill-legendarni-kapela-s-osobitym-zanrem\\\/#primaryimage\",\"url\":\"https:\\\/\\\/regbu.com\\\/wp-content\\\/uploads\\\/2022\\\/01\\\/divokej-bill-legendarni-kapela-s-osobitym-zanrem.jpg\",\"contentUrl\":\"https:\\\/\\\/regbu.com\\\/wp-content\\\/uploads\\\/2022\\\/01\\\/divokej-bill-legendarni-kapela-s-osobitym-zanrem.jpg\",\"width\":1200,\"height\":677,\"caption\":\"Divokej Bill \u2013 Legend\u00e1rn\u00ed kapela s osobit\u00fdm \u017e\u00e1nrem\"},{\"@type\":\"BreadcrumbList\",\"@id\":\"https:\\\/\\\/regbu.com\\\/divokej-bill-legendarni-kapela-s-osobitym-zanrem\\\/#breadcrumb\",\"itemListElement\":[{\"@type\":\"ListItem\",\"position\":1,\"name\":\"Home\",\"item\":\"https:\\\/\\\/regbu.com\\\/en\\\/\"},{\"@type\":\"ListItem\",\"position\":2,\"name\":\"Divokej Bill \u2013 Legend\u00e1rn\u00ed kapela s osobit\u00fdm \u017e\u00e1nrem\"}]},{\"@type\":\"WebSite\",\"@id\":\"https:\\\/\\\/regbu.com\\\/en\\\/#website\",\"url\":\"https:\\\/\\\/regbu.com\\\/en\\\/\",\"name\":\"REGBU.COM\",\"description\":\"\",\"potentialAction\":[{\"@type\":\"SearchAction\",\"target\":{\"@type\":\"EntryPoint\",\"urlTemplate\":\"https:\\\/\\\/regbu.com\\\/en\\\/?s={search_term_string}\"},\"query-input\":{\"@type\":\"PropertyValueSpecification\",\"valueRequired\":true,\"valueName\":\"search_term_string\"}}],\"inLanguage\":\"sk-SK\"},{\"@type\":\"Person\",\"@id\":\"https:\\\/\\\/regbu.com\\\/en\\\/#\\\/schema\\\/person\\\/94ea9deda2629771b8a9ced002f6784e\",\"name\":\"George Martin\",\"url\":\"https:\\\/\\\/regbu.com\\\/sk\\\/author\\\/george-martin\\\/\"}]}<\/script>\n<!-- \/ Yoast SEO plugin. -->","yoast_head_json":{"title":"Divokej Bill - Legend\u00e1rna skupina s osobit\u00fdm \u017e\u00e1nrom - REGBU.COM","description":"Divokej Bill je folk-rockov\u00e1 skupina. Pre\u010d\u00edtajte si o jej za\u010diatkoch a najv\u00e4\u010d\u0161\u00edch \u00faspechoch vr\u00e1tane zmienky o jej najzn\u00e1mej\u0161\u00edch pies\u0148ach a albumoch.","robots":{"index":"index","follow":"follow","max-snippet":"max-snippet:-1","max-image-preview":"max-image-preview:large","max-video-preview":"max-video-preview:-1"},"canonical":"https:\/\/regbu.com\/sk\/wild-bill-legendary-chapel-with-a-special-feature\/","og_locale":"sk_SK","og_type":"article","og_title":"Divokej Bill \u2013 Legend\u00e1rn\u00ed kapela s osobit\u00fdm \u017e\u00e1nrem - REGBU.COM","og_description":"Divokej Bill je folkrockov\u00e1 hudebn\u00ed skupina. Poznejte jej\u00ed za\u010d\u00e1tky a nejv\u011bt\u0161\u00ed \u00fasp\u011bchy, v\u010detn\u011b zm\u00ednky o nejslavn\u011bj\u0161\u00edch p\u00edsn\u00edch a albech.","og_url":"https:\/\/regbu.com\/sk\/wild-bill-legendary-chapel-with-a-special-feature\/","og_site_name":"REGBU.COM","article_published_time":"2022-01-05T07:49:00+00:00","article_modified_time":"2025-09-05T05:42:57+00:00","og_image":[{"width":1200,"height":677,"url":"https:\/\/regbu.com\/wp-content\/uploads\/2022\/01\/divokej-bill-legendarni-kapela-s-osobitym-zanrem.jpg","type":"image\/jpeg"}],"author":"George Martin","twitter_card":"summary_large_image","twitter_misc":{"Autor":"George Martin","Predpokladan\u00fd \u010das \u010d\u00edtania":"2 min\u00faty"},"schema":{"@context":"https:\/\/schema.org","@graph":[{"@type":"Article","@id":"https:\/\/regbu.com\/divokej-bill-legendarni-kapela-s-osobitym-zanrem\/#article","isPartOf":{"@id":"https:\/\/regbu.com\/divokej-bill-legendarni-kapela-s-osobitym-zanrem\/"},"author":{"name":"George Martin","@id":"https:\/\/regbu.com\/en\/#\/schema\/person\/94ea9deda2629771b8a9ced002f6784e"},"headline":"Divokej Bill \u2013 Legend\u00e1rn\u00ed kapela s osobit\u00fdm \u017e\u00e1nrem","datePublished":"2022-01-05T07:49:00+00:00","dateModified":"2025-09-05T05:42:57+00:00","mainEntityOfPage":{"@id":"https:\/\/regbu.com\/divokej-bill-legendarni-kapela-s-osobitym-zanrem\/"},"wordCount":427,"image":{"@id":"https:\/\/regbu.com\/divokej-bill-legendarni-kapela-s-osobitym-zanrem\/#primaryimage"},"thumbnailUrl":"https:\/\/regbu.com\/wp-content\/uploads\/2022\/01\/divokej-bill-legendarni-kapela-s-osobitym-zanrem.jpg","keywords":["Divokej Bill","folk rock","hudebn\u00ed kapela","hudebn\u00ed skupina","kapela","pop","pop music","skupina","V\u00e1clav Bl\u00e1ha","Venca","zp\u011bv"],"articleSection":["Hudba"],"inLanguage":"sk-SK"},{"@type":"WebPage","@id":"https:\/\/regbu.com\/divokej-bill-legendarni-kapela-s-osobitym-zanrem\/","url":"https:\/\/regbu.com\/divokej-bill-legendarni-kapela-s-osobitym-zanrem\/","name":"Divokej Bill - Legend\u00e1rna skupina s osobit\u00fdm \u017e\u00e1nrom - REGBU.COM","isPartOf":{"@id":"https:\/\/regbu.com\/en\/#website"},"primaryImageOfPage":{"@id":"https:\/\/regbu.com\/divokej-bill-legendarni-kapela-s-osobitym-zanrem\/#primaryimage"},"image":{"@id":"https:\/\/regbu.com\/divokej-bill-legendarni-kapela-s-osobitym-zanrem\/#primaryimage"},"thumbnailUrl":"https:\/\/regbu.com\/wp-content\/uploads\/2022\/01\/divokej-bill-legendarni-kapela-s-osobitym-zanrem.jpg","datePublished":"2022-01-05T07:49:00+00:00","dateModified":"2025-09-05T05:42:57+00:00","author":{"@id":"https:\/\/regbu.com\/en\/#\/schema\/person\/94ea9deda2629771b8a9ced002f6784e"},"description":"Divokej Bill je folk-rockov\u00e1 skupina. Pre\u010d\u00edtajte si o jej za\u010diatkoch a najv\u00e4\u010d\u0161\u00edch \u00faspechoch vr\u00e1tane zmienky o jej najzn\u00e1mej\u0161\u00edch pies\u0148ach a albumoch.","breadcrumb":{"@id":"https:\/\/regbu.com\/divokej-bill-legendarni-kapela-s-osobitym-zanrem\/#breadcrumb"},"inLanguage":"sk-SK","potentialAction":[{"@type":"ReadAction","target":["https:\/\/regbu.com\/divokej-bill-legendarni-kapela-s-osobitym-zanrem\/"]}]},{"@type":"ImageObject","inLanguage":"sk-SK","@id":"https:\/\/regbu.com\/divokej-bill-legendarni-kapela-s-osobitym-zanrem\/#primaryimage","url":"https:\/\/regbu.com\/wp-content\/uploads\/2022\/01\/divokej-bill-legendarni-kapela-s-osobitym-zanrem.jpg","contentUrl":"https:\/\/regbu.com\/wp-content\/uploads\/2022\/01\/divokej-bill-legendarni-kapela-s-osobitym-zanrem.jpg","width":1200,"height":677,"caption":"Divokej Bill \u2013 Legend\u00e1rn\u00ed kapela s osobit\u00fdm \u017e\u00e1nrem"},{"@type":"BreadcrumbList","@id":"https:\/\/regbu.com\/divokej-bill-legendarni-kapela-s-osobitym-zanrem\/#breadcrumb","itemListElement":[{"@type":"ListItem","position":1,"name":"Home","item":"https:\/\/regbu.com\/en\/"},{"@type":"ListItem","position":2,"name":"Divokej Bill \u2013 Legend\u00e1rn\u00ed kapela s osobit\u00fdm \u017e\u00e1nrem"}]},{"@type":"WebSite","@id":"https:\/\/regbu.com\/en\/#website","url":"https:\/\/regbu.com\/en\/","name":"REGBU.COM","description":"","potentialAction":[{"@type":"SearchAction","target":{"@type":"EntryPoint","urlTemplate":"https:\/\/regbu.com\/en\/?s={search_term_string}"},"query-input":{"@type":"PropertyValueSpecification","valueRequired":true,"valueName":"search_term_string"}}],"inLanguage":"sk-SK"},{"@type":"Person","@id":"https:\/\/regbu.com\/en\/#\/schema\/person\/94ea9deda2629771b8a9ced002f6784e","name":"George Martin","url":"https:\/\/regbu.com\/sk\/author\/george-martin\/"}]}},"_links":{"self":[{"href":"https:\/\/regbu.com\/sk\/wp-json\/wp\/v2\/posts\/147","targetHints":{"allow":["GET"]}}],"collection":[{"href":"https:\/\/regbu.com\/sk\/wp-json\/wp\/v2\/posts"}],"about":[{"href":"https:\/\/regbu.com\/sk\/wp-json\/wp\/v2\/types\/post"}],"author":[{"embeddable":true,"href":"https:\/\/regbu.com\/sk\/wp-json\/wp\/v2\/users\/2"}],"replies":[{"embeddable":true,"href":"https:\/\/regbu.com\/sk\/wp-json\/wp\/v2\/comments?post=147"}],"version-history":[{"count":2,"href":"https:\/\/regbu.com\/sk\/wp-json\/wp\/v2\/posts\/147\/revisions"}],"predecessor-version":[{"id":161,"href":"https:\/\/regbu.com\/sk\/wp-json\/wp\/v2\/posts\/147\/revisions\/161"}],"wp:featuredmedia":[{"embeddable":true,"href":"https:\/\/regbu.com\/sk\/wp-json\/wp\/v2\/media\/148"}],"wp:attachment":[{"href":"https:\/\/regbu.com\/sk\/wp-json\/wp\/v2\/media?parent=147"}],"wp:term":[{"taxonomy":"category","embeddable":true,"href":"https:\/\/regbu.com\/sk\/wp-json\/wp\/v2\/categories?post=147"},{"taxonomy":"post_tag","embeddable":true,"href":"https:\/\/regbu.com\/sk\/wp-json\/wp\/v2\/tags?post=147"}],"curies":[{"name":"wp","href":"https:\/\/api.w.org\/{rel}","templated":true}]}}