{"id":132,"date":"2022-01-04T08:09:00","date_gmt":"2022-01-04T07:09:00","guid":{"rendered":"https:\/\/regbu.com\/?p=132"},"modified":"2025-09-05T07:43:06","modified_gmt":"2025-09-05T05:43:06","slug":"krystof-kapela-spojena-s-richardem-krajcem","status":"publish","type":"post","link":"https:\/\/regbu.com\/sk\/krystof-chapel-associated-with-richard-krait\/","title":{"rendered":"Kry\u0161tof - Kapela spojen\u00e1 s Richardom Kraj\u010dom"},"content":{"rendered":"<p>V jednom z na\u0161ich posledn\u00fdch \u010dl\u00e1nkov sme predstavili ikonu \u010deskej hudby, ktorou bola <strong><a href=\"https:\/\/regbu.com\/sk\/karel-musi-byt-neporazitelny-boh-kaja\/\">Karel Gott<\/a><\/strong>. Teraz sa zameriame na jednu z ve\u013emi \u00faspe\u0161n\u00fdch, sl\u00e1vnych a skvel\u00fdch kapiel. Je to skupina Kry\u0161tof, ktor\u00e1 u\u017e nejak\u00fd \u010das dominuje hudobnej sc\u00e9ne.  Vznikla v roku 1993 v Hav\u00ed\u0159ove a odvtedy si z\u00edskala naozaj pevn\u00fa a rozsiahlu fan\u00fa\u0161ikovsk\u00fa z\u00e1klad\u0148u.<\/p>\n\n\n\n<h2 class=\"wp-block-heading\">Kry\u0161tof - Viac o kapele<\/h2>\n\n\n\n<p>Najzn\u00e1mej\u0161ou tv\u00e1rou tejto skupiny je samozrejme <strong>Richard Kraj\u010do<\/strong>. Okrem neho kapelu svojho \u010dasu zalo\u017eili aj \u010fal\u0161\u00ed s\u00fa\u010dasn\u00ed alebo b\u00fdval\u00ed \u010dlenovia. Boli to Jarda Blah\u00fat, Nikolaj Arichtev, Biser Arichtev a Pavel Studn\u00edk. V nasleduj\u00facej tabu\u013eke sa dozviete viac o kapele.<\/p>\n\n\n\n<figure class=\"wp-block-table\"><table><tbody><tr><td><strong>Predmet<\/strong><\/td><td><strong>Hodnota<\/strong><\/td><\/tr><tr><td>Akt\u00edvne roky<\/td><td>Od roku 1994<\/td><\/tr><tr><td>\u017d\u00e1nre<\/td><td>Pop a alternat\u00edvny rock<\/td><\/tr><tr><td>Prv\u00fd demon\u0161tra\u010dn\u00fd obr\u00e1zok<\/td><td>SQELLE<\/td><\/tr><tr><td>Vydavate\u013estvo<\/td><td>EMI, Universal Music a Richmond Records<\/td><\/tr><\/tbody><\/table><figcaption>Viac inform\u00e1ci\u00ed o hudobnej skupine Kry\u0161tof.<\/figcaption><\/figure>\n\n\n\n<p>Len pre zauj\u00edmavos\u0165, posledn\u00fd spom\u00ednan\u00fd label Richmond Records patr\u00ed Richardovi Kraj\u010dovi. Zameriava sa predov\u0161etk\u00fdm na spev, gitaru a vok\u00e1ly.<\/p>\n\n\n\n<h2 class=\"wp-block-heading\">\u00daspe\u0161n\u00e9 albumy od Kry\u0161tof<\/h2>\n\n\n\n<p>Ak sa pozriete do <strong>diskografia skupiny Kry\u0161tof<\/strong> zist\u00edte, \u017ee je naozaj bohat\u00e1. Zo \u0161t\u00fadiov\u00fdch albumov s\u00fa zn\u00e1me Rubicon a Inzerat. Na singloch odzneli nezabudnute\u013en\u00e9 hity, ktor\u00e9 znej\u00fa dodnes - Inzer\u00e1t, \u010c\u00edm \u010falej t\u00fdm viac viem, Kr\u00eddla z mydla, \u0160n\u016fry, Hned, Lolita, Cesta, Ty a ja, Zosta\u0148 tu so mnou a mnoh\u00e9 \u010fal\u0161ie. Kapela vydala aj koncertn\u00e9 albumy \u017di(v)je, Kry\u0161tof v opere a Kry\u0161tof na Strahove 2017. Ak k tomu pripo\u010d\u00edtate tri v\u00fdberov\u00e9 albumy, zist\u00edte, \u017ee kapela toho po\u010das svojej existencie stihla viac ne\u017e dos\u0165.<\/p>\n\n\n\n<h3 class=\"wp-block-heading\">Ocenenie za tvrd\u00fa a kvalitn\u00fa pr\u00e1cu<\/h3>\n\n\n\n<p>\u00daspech tejto popul\u00e1rnej hudobnej skupiny sa prirodzene prejavil v mnoh\u00fdch oceneniach. Sved\u010d\u00ed o tom \u010cesk\u00fd sl\u00e1vik v roku 2013 a <strong>Hudobn\u00e9 ceny Andel<\/strong> v r\u00f4znych kateg\u00f3ri\u00e1ch od roku 2001. \u010ci u\u017e to bol Objav roka, Piese\u0148 roka, Hudobn\u00fd web, Skupina roka a \u010fal\u0161ie. Je pravda, \u017ee Richard Kraj\u010do svoj\u00edm charizmatick\u00fdm pr\u00edstupom pri\u0165ahuje mno\u017estvo posluch\u00e1\u010dov. Ve\u010f ka\u017edoro\u010dne pripravuje legend\u00e1rny Kry\u0161tof Camp a s \u010fal\u0161\u00edmi \u010dlenmi pripravuj\u00fa mnoho \u010fal\u0161\u00edch podujat\u00ed.<\/p>","protected":false},"excerpt":{"rendered":"<p>V jednom z na\u0161ich posledn\u00fdch \u010dl\u00e1nkov sme si predstavili ikonu \u010deskej hudby, ktorou bol Karel Gott. Teraz sa zameriame na jednu z ve\u013emi \u00faspe\u0161n\u00fdch, sl\u00e1vnych a skvel\u00fdch kapiel. Je to skupina Kry\u0161tof, ktor\u00e1 u\u017e nejak\u00fd \u010das dominuje hudobnej sc\u00e9ne.  Bola zalo\u017een\u00e1 v roku 1993 v Hav\u00ed\u0159ove a odvtedy si z\u00edskala naozaj ve\u013ek\u00e9 uznanie, ktor\u00e9 sa ... <\/p>","protected":false},"author":2,"featured_media":133,"comment_status":"closed","ping_status":"closed","sticky":false,"template":"","format":"standard","meta":{"footnotes":""},"categories":[11],"tags":[106,107,108,109,110,111,112,113,114,115],"class_list":["post-132","post","type-post","status-publish","format-standard","has-post-thumbnail","hentry","category-hudba","tag-hudba","tag-hudebni-kapela","tag-hudebni-skupina","tag-krajco","tag-krystof","tag-pop","tag-richard-krajco","tag-rock","tag-skupina","tag-zpev"],"yoast_head":"<!-- This site is optimized with the Yoast SEO plugin v27.5 - https:\/\/yoast.com\/product\/yoast-seo-wordpress\/ -->\n<title>Kry\u0161tof \u2013 Kapela spojen\u00e1 s Richardem Kraj\u010dem - REGBU.COM<\/title>\n<meta name=\"description\" content=\"Poznejte jednu z nejzn\u00e1m\u011bj\u0161\u00edch \u010desk\u00fdch kapel, kterou je Kry\u0161tof. P\u0159in\u00e1\u0161\u00edme V\u00e1m d\u016fle\u017eit\u00e9 detaily o tomto hudebn\u00edm seskupen\u00ed.\" \/>\n<meta name=\"robots\" content=\"index, follow, max-snippet:-1, max-image-preview:large, max-video-preview:-1\" \/>\n<link rel=\"canonical\" href=\"https:\/\/regbu.com\/sk\/krystof-chapel-associated-with-richard-krait\/\" \/>\n<meta property=\"og:locale\" content=\"sk_SK\" \/>\n<meta property=\"og:type\" content=\"article\" \/>\n<meta property=\"og:title\" content=\"Kry\u0161tof \u2013 Kapela spojen\u00e1 s Richardem Kraj\u010dem - REGBU.COM\" \/>\n<meta property=\"og:description\" content=\"Poznejte jednu z nejzn\u00e1m\u011bj\u0161\u00edch \u010desk\u00fdch kapel, kterou je Kry\u0161tof. P\u0159in\u00e1\u0161\u00edme V\u00e1m d\u016fle\u017eit\u00e9 detaily o tomto hudebn\u00edm seskupen\u00ed.\" \/>\n<meta property=\"og:url\" content=\"https:\/\/regbu.com\/sk\/krystof-chapel-associated-with-richard-krait\/\" \/>\n<meta property=\"og:site_name\" content=\"REGBU.COM\" \/>\n<meta property=\"article:published_time\" content=\"2022-01-04T07:09:00+00:00\" \/>\n<meta property=\"article:modified_time\" content=\"2025-09-05T05:43:06+00:00\" \/>\n<meta property=\"og:image\" content=\"https:\/\/regbu.com\/wp-content\/uploads\/2022\/01\/krystof-kapela-spojena-s-richardem-krajcem.jpg\" \/>\n\t<meta property=\"og:image:width\" content=\"1200\" \/>\n\t<meta property=\"og:image:height\" content=\"677\" \/>\n\t<meta property=\"og:image:type\" content=\"image\/jpeg\" \/>\n<meta name=\"author\" content=\"George Martin\" \/>\n<meta name=\"twitter:card\" content=\"summary_large_image\" \/>\n<meta name=\"twitter:label1\" content=\"Autor\" \/>\n\t<meta name=\"twitter:data1\" content=\"George Martin\" \/>\n\t<meta name=\"twitter:label2\" content=\"Predpokladan\u00fd \u010das \u010d\u00edtania\" \/>\n\t<meta name=\"twitter:data2\" content=\"2 min\u00faty\" \/>\n<script type=\"application\/ld+json\" class=\"yoast-schema-graph\">{\"@context\":\"https:\\\/\\\/schema.org\",\"@graph\":[{\"@type\":\"Article\",\"@id\":\"https:\\\/\\\/regbu.com\\\/krystof-kapela-spojena-s-richardem-krajcem\\\/#article\",\"isPartOf\":{\"@id\":\"https:\\\/\\\/regbu.com\\\/krystof-kapela-spojena-s-richardem-krajcem\\\/\"},\"author\":{\"name\":\"George Martin\",\"@id\":\"https:\\\/\\\/regbu.com\\\/en\\\/#\\\/schema\\\/person\\\/94ea9deda2629771b8a9ced002f6784e\"},\"headline\":\"Kry\u0161tof \u2013 Kapela spojen\u00e1 s Richardem Kraj\u010dem\",\"datePublished\":\"2022-01-04T07:09:00+00:00\",\"dateModified\":\"2025-09-05T05:43:06+00:00\",\"mainEntityOfPage\":{\"@id\":\"https:\\\/\\\/regbu.com\\\/krystof-kapela-spojena-s-richardem-krajcem\\\/\"},\"wordCount\":460,\"image\":{\"@id\":\"https:\\\/\\\/regbu.com\\\/krystof-kapela-spojena-s-richardem-krajcem\\\/#primaryimage\"},\"thumbnailUrl\":\"https:\\\/\\\/regbu.com\\\/wp-content\\\/uploads\\\/2022\\\/01\\\/krystof-kapela-spojena-s-richardem-krajcem.jpg\",\"keywords\":[\"hudba\",\"hudebn\u00ed kapela\",\"hudebn\u00ed skupina\",\"Kraj\u010do\",\"Kry\u0161tof\",\"pop\",\"Richard Kraj\u010do\",\"rock\",\"skupina\",\"zp\u011bv\"],\"articleSection\":[\"Hudba\"],\"inLanguage\":\"sk-SK\"},{\"@type\":\"WebPage\",\"@id\":\"https:\\\/\\\/regbu.com\\\/krystof-kapela-spojena-s-richardem-krajcem\\\/\",\"url\":\"https:\\\/\\\/regbu.com\\\/krystof-kapela-spojena-s-richardem-krajcem\\\/\",\"name\":\"Kry\u0161tof \u2013 Kapela spojen\u00e1 s Richardem Kraj\u010dem - REGBU.COM\",\"isPartOf\":{\"@id\":\"https:\\\/\\\/regbu.com\\\/en\\\/#website\"},\"primaryImageOfPage\":{\"@id\":\"https:\\\/\\\/regbu.com\\\/krystof-kapela-spojena-s-richardem-krajcem\\\/#primaryimage\"},\"image\":{\"@id\":\"https:\\\/\\\/regbu.com\\\/krystof-kapela-spojena-s-richardem-krajcem\\\/#primaryimage\"},\"thumbnailUrl\":\"https:\\\/\\\/regbu.com\\\/wp-content\\\/uploads\\\/2022\\\/01\\\/krystof-kapela-spojena-s-richardem-krajcem.jpg\",\"datePublished\":\"2022-01-04T07:09:00+00:00\",\"dateModified\":\"2025-09-05T05:43:06+00:00\",\"author\":{\"@id\":\"https:\\\/\\\/regbu.com\\\/en\\\/#\\\/schema\\\/person\\\/94ea9deda2629771b8a9ced002f6784e\"},\"description\":\"Poznejte jednu z nejzn\u00e1m\u011bj\u0161\u00edch \u010desk\u00fdch kapel, kterou je Kry\u0161tof. P\u0159in\u00e1\u0161\u00edme V\u00e1m d\u016fle\u017eit\u00e9 detaily o tomto hudebn\u00edm seskupen\u00ed.\",\"breadcrumb\":{\"@id\":\"https:\\\/\\\/regbu.com\\\/krystof-kapela-spojena-s-richardem-krajcem\\\/#breadcrumb\"},\"inLanguage\":\"sk-SK\",\"potentialAction\":[{\"@type\":\"ReadAction\",\"target\":[\"https:\\\/\\\/regbu.com\\\/krystof-kapela-spojena-s-richardem-krajcem\\\/\"]}]},{\"@type\":\"ImageObject\",\"inLanguage\":\"sk-SK\",\"@id\":\"https:\\\/\\\/regbu.com\\\/krystof-kapela-spojena-s-richardem-krajcem\\\/#primaryimage\",\"url\":\"https:\\\/\\\/regbu.com\\\/wp-content\\\/uploads\\\/2022\\\/01\\\/krystof-kapela-spojena-s-richardem-krajcem.jpg\",\"contentUrl\":\"https:\\\/\\\/regbu.com\\\/wp-content\\\/uploads\\\/2022\\\/01\\\/krystof-kapela-spojena-s-richardem-krajcem.jpg\",\"width\":1200,\"height\":677,\"caption\":\"Kry\u0161tof \u2013 Kapela spojen\u00e1 s Richardem Kraj\u010dem\"},{\"@type\":\"BreadcrumbList\",\"@id\":\"https:\\\/\\\/regbu.com\\\/krystof-kapela-spojena-s-richardem-krajcem\\\/#breadcrumb\",\"itemListElement\":[{\"@type\":\"ListItem\",\"position\":1,\"name\":\"Home\",\"item\":\"https:\\\/\\\/regbu.com\\\/en\\\/\"},{\"@type\":\"ListItem\",\"position\":2,\"name\":\"Kry\u0161tof \u2013 Kapela spojen\u00e1 s Richardem Kraj\u010dem\"}]},{\"@type\":\"WebSite\",\"@id\":\"https:\\\/\\\/regbu.com\\\/en\\\/#website\",\"url\":\"https:\\\/\\\/regbu.com\\\/en\\\/\",\"name\":\"REGBU.COM\",\"description\":\"\",\"potentialAction\":[{\"@type\":\"SearchAction\",\"target\":{\"@type\":\"EntryPoint\",\"urlTemplate\":\"https:\\\/\\\/regbu.com\\\/en\\\/?s={search_term_string}\"},\"query-input\":{\"@type\":\"PropertyValueSpecification\",\"valueRequired\":true,\"valueName\":\"search_term_string\"}}],\"inLanguage\":\"sk-SK\"},{\"@type\":\"Person\",\"@id\":\"https:\\\/\\\/regbu.com\\\/en\\\/#\\\/schema\\\/person\\\/94ea9deda2629771b8a9ced002f6784e\",\"name\":\"George Martin\",\"url\":\"https:\\\/\\\/regbu.com\\\/sk\\\/author\\\/george-martin\\\/\"}]}<\/script>\n<!-- \/ Yoast SEO plugin. -->","yoast_head_json":{"title":"Kry\u0161tof - Skupina spojen\u00e1 s Richardom Kraj\u010dom - REGBU.COM","description":"Zozn\u00e1mte sa s jednou z najzn\u00e1mej\u0161\u00edch \u010desk\u00fdch kapiel - Kry\u0161tof. Prin\u00e1\u0161ame v\u00e1m d\u00f4le\u017eit\u00e9 inform\u00e1cie o tejto hudobnej skupine.","robots":{"index":"index","follow":"follow","max-snippet":"max-snippet:-1","max-image-preview":"max-image-preview:large","max-video-preview":"max-video-preview:-1"},"canonical":"https:\/\/regbu.com\/sk\/krystof-chapel-associated-with-richard-krait\/","og_locale":"sk_SK","og_type":"article","og_title":"Kry\u0161tof \u2013 Kapela spojen\u00e1 s Richardem Kraj\u010dem - REGBU.COM","og_description":"Poznejte jednu z nejzn\u00e1m\u011bj\u0161\u00edch \u010desk\u00fdch kapel, kterou je Kry\u0161tof. P\u0159in\u00e1\u0161\u00edme V\u00e1m d\u016fle\u017eit\u00e9 detaily o tomto hudebn\u00edm seskupen\u00ed.","og_url":"https:\/\/regbu.com\/sk\/krystof-chapel-associated-with-richard-krait\/","og_site_name":"REGBU.COM","article_published_time":"2022-01-04T07:09:00+00:00","article_modified_time":"2025-09-05T05:43:06+00:00","og_image":[{"width":1200,"height":677,"url":"https:\/\/regbu.com\/wp-content\/uploads\/2022\/01\/krystof-kapela-spojena-s-richardem-krajcem.jpg","type":"image\/jpeg"}],"author":"George Martin","twitter_card":"summary_large_image","twitter_misc":{"Autor":"George Martin","Predpokladan\u00fd \u010das \u010d\u00edtania":"2 min\u00faty"},"schema":{"@context":"https:\/\/schema.org","@graph":[{"@type":"Article","@id":"https:\/\/regbu.com\/krystof-kapela-spojena-s-richardem-krajcem\/#article","isPartOf":{"@id":"https:\/\/regbu.com\/krystof-kapela-spojena-s-richardem-krajcem\/"},"author":{"name":"George Martin","@id":"https:\/\/regbu.com\/en\/#\/schema\/person\/94ea9deda2629771b8a9ced002f6784e"},"headline":"Kry\u0161tof \u2013 Kapela spojen\u00e1 s Richardem Kraj\u010dem","datePublished":"2022-01-04T07:09:00+00:00","dateModified":"2025-09-05T05:43:06+00:00","mainEntityOfPage":{"@id":"https:\/\/regbu.com\/krystof-kapela-spojena-s-richardem-krajcem\/"},"wordCount":460,"image":{"@id":"https:\/\/regbu.com\/krystof-kapela-spojena-s-richardem-krajcem\/#primaryimage"},"thumbnailUrl":"https:\/\/regbu.com\/wp-content\/uploads\/2022\/01\/krystof-kapela-spojena-s-richardem-krajcem.jpg","keywords":["hudba","hudebn\u00ed kapela","hudebn\u00ed skupina","Kraj\u010do","Kry\u0161tof","pop","Richard Kraj\u010do","rock","skupina","zp\u011bv"],"articleSection":["Hudba"],"inLanguage":"sk-SK"},{"@type":"WebPage","@id":"https:\/\/regbu.com\/krystof-kapela-spojena-s-richardem-krajcem\/","url":"https:\/\/regbu.com\/krystof-kapela-spojena-s-richardem-krajcem\/","name":"Kry\u0161tof - Skupina spojen\u00e1 s Richardom Kraj\u010dom - REGBU.COM","isPartOf":{"@id":"https:\/\/regbu.com\/en\/#website"},"primaryImageOfPage":{"@id":"https:\/\/regbu.com\/krystof-kapela-spojena-s-richardem-krajcem\/#primaryimage"},"image":{"@id":"https:\/\/regbu.com\/krystof-kapela-spojena-s-richardem-krajcem\/#primaryimage"},"thumbnailUrl":"https:\/\/regbu.com\/wp-content\/uploads\/2022\/01\/krystof-kapela-spojena-s-richardem-krajcem.jpg","datePublished":"2022-01-04T07:09:00+00:00","dateModified":"2025-09-05T05:43:06+00:00","author":{"@id":"https:\/\/regbu.com\/en\/#\/schema\/person\/94ea9deda2629771b8a9ced002f6784e"},"description":"Zozn\u00e1mte sa s jednou z najzn\u00e1mej\u0161\u00edch \u010desk\u00fdch kapiel - Kry\u0161tof. Prin\u00e1\u0161ame v\u00e1m d\u00f4le\u017eit\u00e9 inform\u00e1cie o tejto hudobnej skupine.","breadcrumb":{"@id":"https:\/\/regbu.com\/krystof-kapela-spojena-s-richardem-krajcem\/#breadcrumb"},"inLanguage":"sk-SK","potentialAction":[{"@type":"ReadAction","target":["https:\/\/regbu.com\/krystof-kapela-spojena-s-richardem-krajcem\/"]}]},{"@type":"ImageObject","inLanguage":"sk-SK","@id":"https:\/\/regbu.com\/krystof-kapela-spojena-s-richardem-krajcem\/#primaryimage","url":"https:\/\/regbu.com\/wp-content\/uploads\/2022\/01\/krystof-kapela-spojena-s-richardem-krajcem.jpg","contentUrl":"https:\/\/regbu.com\/wp-content\/uploads\/2022\/01\/krystof-kapela-spojena-s-richardem-krajcem.jpg","width":1200,"height":677,"caption":"Kry\u0161tof \u2013 Kapela spojen\u00e1 s Richardem Kraj\u010dem"},{"@type":"BreadcrumbList","@id":"https:\/\/regbu.com\/krystof-kapela-spojena-s-richardem-krajcem\/#breadcrumb","itemListElement":[{"@type":"ListItem","position":1,"name":"Home","item":"https:\/\/regbu.com\/en\/"},{"@type":"ListItem","position":2,"name":"Kry\u0161tof \u2013 Kapela spojen\u00e1 s Richardem Kraj\u010dem"}]},{"@type":"WebSite","@id":"https:\/\/regbu.com\/en\/#website","url":"https:\/\/regbu.com\/en\/","name":"REGBU.COM","description":"","potentialAction":[{"@type":"SearchAction","target":{"@type":"EntryPoint","urlTemplate":"https:\/\/regbu.com\/en\/?s={search_term_string}"},"query-input":{"@type":"PropertyValueSpecification","valueRequired":true,"valueName":"search_term_string"}}],"inLanguage":"sk-SK"},{"@type":"Person","@id":"https:\/\/regbu.com\/en\/#\/schema\/person\/94ea9deda2629771b8a9ced002f6784e","name":"George Martin","url":"https:\/\/regbu.com\/sk\/author\/george-martin\/"}]}},"_links":{"self":[{"href":"https:\/\/regbu.com\/sk\/wp-json\/wp\/v2\/posts\/132","targetHints":{"allow":["GET"]}}],"collection":[{"href":"https:\/\/regbu.com\/sk\/wp-json\/wp\/v2\/posts"}],"about":[{"href":"https:\/\/regbu.com\/sk\/wp-json\/wp\/v2\/types\/post"}],"author":[{"embeddable":true,"href":"https:\/\/regbu.com\/sk\/wp-json\/wp\/v2\/users\/2"}],"replies":[{"embeddable":true,"href":"https:\/\/regbu.com\/sk\/wp-json\/wp\/v2\/comments?post=132"}],"version-history":[{"count":3,"href":"https:\/\/regbu.com\/sk\/wp-json\/wp\/v2\/posts\/132\/revisions"}],"predecessor-version":[{"id":152,"href":"https:\/\/regbu.com\/sk\/wp-json\/wp\/v2\/posts\/132\/revisions\/152"}],"wp:featuredmedia":[{"embeddable":true,"href":"https:\/\/regbu.com\/sk\/wp-json\/wp\/v2\/media\/133"}],"wp:attachment":[{"href":"https:\/\/regbu.com\/sk\/wp-json\/wp\/v2\/media?parent=132"}],"wp:term":[{"taxonomy":"category","embeddable":true,"href":"https:\/\/regbu.com\/sk\/wp-json\/wp\/v2\/categories?post=132"},{"taxonomy":"post_tag","embeddable":true,"href":"https:\/\/regbu.com\/sk\/wp-json\/wp\/v2\/tags?post=132"}],"curies":[{"name":"wp","href":"https:\/\/api.w.org\/{rel}","templated":true}]}}