{"id":1277,"date":"2023-07-26T07:56:04","date_gmt":"2023-07-26T05:56:04","guid":{"rendered":"https:\/\/regbu.com\/?p=1277"},"modified":"2025-09-05T07:40:25","modified_gmt":"2025-09-05T05:40:25","slug":"povinne-ockovani-jemuz-se-deti-nevyhnou","status":"publish","type":"post","link":"https:\/\/regbu.com\/sk\/povinne-vylodenie-ak-deti-nevycestuju\/","title":{"rendered":"Povinn\u00e9 o\u010dkovanie, ktor\u00e9mu sa deti nem\u00f4\u017eu vyhn\u00fa\u0165"},"content":{"rendered":"<p>Povinn\u00e9 o\u010dkovanie \u010dak\u00e1 ka\u017ed\u00e9ho z n\u00e1s po\u010das n\u00e1\u0161ho \u017eivota. Teraz mysl\u00edme na o\u010dkovanie v detstve, o ktorom v skuto\u010dnosti nem\u00f4\u017eeme rozhodn\u00fa\u0165. Tento akt sa riadi pr\u00edslu\u0161nou vyhl\u00e1\u0161kou. Je pravda, \u017ee ka\u017ed\u00e1 krajina to m\u00e1 trochu inak. V d\u00f4sledku toho existuje mnoho podobnost\u00ed. O\u010dkovanie na za\u010diatku v\u0161etk\u00e9ho je vlastne za \u00fa\u010delom\u00a0<strong><a href=\"https:\/\/regbu.com\/sk\/posilnovanie-imunitneho-systemu-v-praxi\/\">posilnenie imunitn\u00e9ho syst\u00e9mu<\/a><\/strong>.<\/p>\n\n\n\n<ul class=\"wp-block-list\">\n<li>O\u010dkovanie od \u00fatleho veku<\/li>\n\n\n\n<li>O\u010dkovanie det\u00ed a dospievaj\u00facich<\/li>\n\n\n\n<li>O\u010dkovanie vykon\u00e1va v\u0161eobecn\u00fd lek\u00e1r<\/li>\n<\/ul>\n\n\n\n<p>Ak sa zameriame na povinn\u00e9 o\u010dkovanie v \u010ceskej republike, stretneme sa s celkovo deviatimi r\u00f4znymi druhmi vakc\u00edn. Niektor\u00e9 s\u00fa povinn\u00e9, in\u00e9 s\u00fa nepovinn\u00e9 a dobrovo\u013en\u00e9.<\/p>\n\n\n\n<h2 class=\"wp-block-heading\">Nepovinn\u00e9 o\u010dkovanie - Vakc\u00edny<\/h2>\n\n\n\n<p>Zoznam nepovinn\u00fdch o\u010dkovan\u00ed ur\u010dite zah\u0155\u0148a <strong>pneumokokov\u00e9 ochorenia<\/strong>. V tomto pr\u00edpade sa pou\u017e\u00edva ne\u017eiv\u00e1 vakc\u00edna. Pre star\u0161ie deti je k dispoz\u00edcii vakc\u00edna HVP. T\u00e1 sa naj\u010dastej\u0161ie pod\u00e1va okolo trin\u00e1stych naroden\u00edn die\u0165a\u0165a. Do tejto skupiny nepovinn\u00fdch o\u010dkovac\u00edch l\u00e1tok patr\u00ed aj meningokokov\u00e1 vakc\u00edna. Aj v ich pr\u00edpade o podan\u00ed o\u010dkovacej l\u00e1tky rozhoduj\u00fa rodi\u010dia die\u0165a\u0165a.<\/p>\n\n\n\n<h3 class=\"wp-block-heading\">Povinn\u00e9 o\u010dkovanie - ot\u00e1zky a odpovede<\/h3>\n\n\n\n<p>Teraz sa v\u0161ak zamerajme na vakc\u00edny, ktor\u00e9 s\u00fa povinn\u00e9 pre mal\u00e9 deti. Tie s\u00fa povinn\u00e9 na z\u00e1klade pr\u00edslu\u0161n\u00e9ho z\u00e1kona alebo vyhl\u00e1\u0161ky danej krajiny. Jedn\u00fdm z tak\u00fdchto o\u010dkovan\u00ed je <strong>hexavakc\u00edna<\/strong>. Ak neviete, \u010do si m\u00e1te predstavi\u0165, pre\u010d\u00edtajte si nasleduj\u00face riadky.<\/p>\n\n\n\n<div class=\"schema-faq wp-block-yoast-faq-block\"><div class=\"schema-faq-section\" id=\"faq-question-1690437377500\"><strong class=\"schema-faq-question\">\u010co je hexavakc\u00edna?<\/strong> <p class=\"schema-faq-answer\">Je to \u0161peci\u00e1lna vakc\u00edna proti tetanu, \u010diernemu ka\u0161\u013eu, z\u00e1\u0161krtu, detskej obrne a v\u00edrusovej hepatit\u00edde B.<\/p> <\/div> <div class=\"schema-faq-section\" id=\"faq-question-1690437384207\"><strong class=\"schema-faq-question\">Kedy sa pod\u00e1va hexavakc\u00edna?<\/strong> <p class=\"schema-faq-answer\">Aplikuje sa pribli\u017ene v tre\u0165om mesiaci veku die\u0165a\u0165a.<\/p> <\/div> <div class=\"schema-faq-section\" id=\"faq-question-1690437391824\"><strong class=\"schema-faq-question\">Kedy sa pod\u00e1va vakc\u00edna proti ru\u017eienke, pr\u00edu\u0161niciam a os\u00fdpkam?<\/strong> <p class=\"schema-faq-answer\">Toto povinn\u00e9 o\u010dkovanie sa pod\u00e1va medzi trin\u00e1stym a osemn\u00e1stym mesiacom veku die\u0165a\u0165a.<\/p> <\/div> <div class=\"schema-faq-section\" id=\"faq-question-1690437399852\"><strong class=\"schema-faq-question\">Ak\u00e9 \u010fal\u0161ie kombinovan\u00e9 vakc\u00edny existuj\u00fa?<\/strong> <p class=\"schema-faq-answer\">Napr\u00edklad kombin\u00e1cia z\u00e1\u0161krtu, \u010dierneho ka\u0161\u013ea a tetanu v piatom roku veku die\u0165a\u0165a. N\u00e1sledn\u00e9 preo\u010dkovanie sa uskuto\u010dn\u00ed v desiatom roku.<\/p> <\/div> <div class=\"schema-faq-section\" id=\"faq-question-1690437408632\"><strong class=\"schema-faq-question\">Ak\u00e9 s\u00fa \u010fal\u0161ie o\u010dkovania zameran\u00e9 na \u0161pecifick\u00e9 skupiny det\u00ed?<\/strong> <p class=\"schema-faq-answer\">Je to o\u010dkovanie proti HEP B. Je to tie\u017e o\u010dkovanie proti tuberkul\u00f3ze. Tieto typy o\u010dkovania v\u0161ak posudzuje lek\u00e1r individu\u00e1lne.<\/p> <\/div> <\/div>","protected":false},"excerpt":{"rendered":"<p>Povinn\u00e9 o\u010dkovanie \u010dak\u00e1 ka\u017ed\u00e9ho z n\u00e1s po\u010das n\u00e1\u0161ho \u017eivota. Teraz mysl\u00edme na o\u010dkovanie v detstve, o ktorom v skuto\u010dnosti nem\u00f4\u017eeme rozhodn\u00fa\u0165. Tento akt sa riadi pr\u00edslu\u0161nou vyhl\u00e1\u0161kou. Je pravda, \u017ee ka\u017ed\u00e1 krajina to m\u00e1 trochu inak. V d\u00f4sledku toho existuje mnoho podobnost\u00ed. O\u010dkovanie na za\u010diatku v\u0161etk\u00e9ho vlastne sl\u00fa\u017ei na posilnenie ... <\/p>","protected":false},"author":2,"featured_media":1278,"comment_status":"closed","ping_status":"closed","sticky":false,"template":"","format":"standard","meta":{"footnotes":""},"categories":[197],"tags":[1538,1540,1537,1531,836,1536,901,1535,1541,1539],"class_list":["post-1277","post","type-post","status-publish","format-standard","has-post-thumbnail","hentry","category-lidske-zdravi","tag-cerny-kasel","tag-detska-obrna","tag-hexavakcina","tag-imunita","tag-imunitni-system","tag-nepovinne-ockovani","tag-ockovani","tag-povinne-ockovani","tag-vir","tag-zaskrt"],"yoast_head":"<!-- This site is optimized with the Yoast SEO plugin v27.4 - https:\/\/yoast.com\/product\/yoast-seo-wordpress\/ -->\n<title>Povinn\u00e9 o\u010dkov\u00e1n\u00ed, jemu\u017e se d\u011bti nevyhnou - REGBU.COM<\/title>\n<meta name=\"description\" content=\"V\u00edte, jak\u00e9 povinn\u00e9 o\u010dkov\u00e1n\u00ed je d\u016fle\u017eit\u00e9 pro Va\u0161e d\u00edt\u011b? Sezn\u00e1m\u00edme V\u00e1s s t\u011bmi nej\u010dast\u011bj\u0161\u00edmi i s t\u011bmi nepovinn\u00fdmi.\" \/>\n<meta name=\"robots\" content=\"index, follow, max-snippet:-1, max-image-preview:large, max-video-preview:-1\" \/>\n<link rel=\"canonical\" href=\"https:\/\/regbu.com\/sk\/povinne-vylodenie-ak-deti-nevycestuju\/\" \/>\n<meta property=\"og:locale\" content=\"sk_SK\" \/>\n<meta property=\"og:type\" content=\"article\" \/>\n<meta property=\"og:title\" content=\"Povinn\u00e9 o\u010dkov\u00e1n\u00ed, jemu\u017e se d\u011bti nevyhnou - REGBU.COM\" \/>\n<meta property=\"og:description\" content=\"V\u00edte, jak\u00e9 povinn\u00e9 o\u010dkov\u00e1n\u00ed je d\u016fle\u017eit\u00e9 pro Va\u0161e d\u00edt\u011b? Sezn\u00e1m\u00edme V\u00e1s s t\u011bmi nej\u010dast\u011bj\u0161\u00edmi i s t\u011bmi nepovinn\u00fdmi.\" \/>\n<meta property=\"og:url\" content=\"https:\/\/regbu.com\/sk\/povinne-vylodenie-ak-deti-nevycestuju\/\" \/>\n<meta property=\"og:site_name\" content=\"REGBU.COM\" \/>\n<meta property=\"article:published_time\" content=\"2023-07-26T05:56:04+00:00\" \/>\n<meta property=\"article:modified_time\" content=\"2025-09-05T05:40:25+00:00\" \/>\n<meta property=\"og:image\" content=\"https:\/\/regbu.com\/wp-content\/uploads\/2023\/07\/povinne-ockovani-jemuz-se-deti-nevyhnou.jpg\" \/>\n\t<meta property=\"og:image:width\" content=\"1200\" \/>\n\t<meta property=\"og:image:height\" content=\"678\" \/>\n\t<meta property=\"og:image:type\" content=\"image\/jpeg\" \/>\n<meta name=\"author\" content=\"George Martin\" \/>\n<meta name=\"twitter:card\" content=\"summary_large_image\" \/>\n<meta name=\"twitter:label1\" content=\"Autor\" \/>\n\t<meta name=\"twitter:data1\" content=\"George Martin\" \/>\n\t<meta name=\"twitter:label2\" content=\"Predpokladan\u00fd \u010das \u010d\u00edtania\" \/>\n\t<meta name=\"twitter:data2\" content=\"2 min\u00faty\" \/>\n<script type=\"application\/ld+json\" class=\"yoast-schema-graph\">{\"@context\":\"https:\\\/\\\/schema.org\",\"@graph\":[{\"@type\":\"Article\",\"@id\":\"https:\\\/\\\/regbu.com\\\/sk\\\/povinne-vylodenie-ak-deti-nevycestuju\\\/#article\",\"isPartOf\":{\"@id\":\"https:\\\/\\\/regbu.com\\\/sk\\\/povinne-vylodenie-ak-deti-nevycestuju\\\/\"},\"author\":{\"name\":\"George Martin\",\"@id\":\"https:\\\/\\\/regbu.com\\\/en\\\/#\\\/schema\\\/person\\\/94ea9deda2629771b8a9ced002f6784e\"},\"headline\":\"Povinn\u00e9 o\u010dkov\u00e1n\u00ed, jemu\u017e se d\u011bti nevyhnou\",\"datePublished\":\"2023-07-26T05:56:04+00:00\",\"dateModified\":\"2025-09-05T05:40:25+00:00\",\"mainEntityOfPage\":{\"@id\":\"https:\\\/\\\/regbu.com\\\/sk\\\/povinne-vylodenie-ak-deti-nevycestuju\\\/\"},\"wordCount\":492,\"image\":{\"@id\":\"https:\\\/\\\/regbu.com\\\/sk\\\/povinne-vylodenie-ak-deti-nevycestuju\\\/#primaryimage\"},\"thumbnailUrl\":\"https:\\\/\\\/regbu.com\\\/wp-content\\\/uploads\\\/2023\\\/07\\\/povinne-ockovani-jemuz-se-deti-nevyhnou.jpg\",\"keywords\":[\"\u010dern\u00fd ka\u0161el\",\"d\u011btsk\u00e1 obrna\",\"hexavakc\u00edna\",\"imunita\",\"imunitn\u00ed syst\u00e9m\",\"nepovinn\u00e9 o\u010dkov\u00e1n\u00ed\",\"o\u010dkov\u00e1n\u00ed\",\"povinn\u00e9 o\u010dkov\u00e1n\u00ed\",\"vir\",\"z\u00e1\u0161krt\"],\"articleSection\":[\"Lidsk\u00e9 Zdrav\u00ed\"],\"inLanguage\":\"sk-SK\"},{\"@type\":[\"WebPage\",\"FAQPage\"],\"@id\":\"https:\\\/\\\/regbu.com\\\/sk\\\/povinne-vylodenie-ak-deti-nevycestuju\\\/\",\"url\":\"https:\\\/\\\/regbu.com\\\/sk\\\/povinne-vylodenie-ak-deti-nevycestuju\\\/\",\"name\":\"Povinn\u00e9 o\u010dkov\u00e1n\u00ed, jemu\u017e se d\u011bti nevyhnou - REGBU.COM\",\"isPartOf\":{\"@id\":\"https:\\\/\\\/regbu.com\\\/en\\\/#website\"},\"primaryImageOfPage\":{\"@id\":\"https:\\\/\\\/regbu.com\\\/sk\\\/povinne-vylodenie-ak-deti-nevycestuju\\\/#primaryimage\"},\"image\":{\"@id\":\"https:\\\/\\\/regbu.com\\\/sk\\\/povinne-vylodenie-ak-deti-nevycestuju\\\/#primaryimage\"},\"thumbnailUrl\":\"https:\\\/\\\/regbu.com\\\/wp-content\\\/uploads\\\/2023\\\/07\\\/povinne-ockovani-jemuz-se-deti-nevyhnou.jpg\",\"datePublished\":\"2023-07-26T05:56:04+00:00\",\"dateModified\":\"2025-09-05T05:40:25+00:00\",\"author\":{\"@id\":\"https:\\\/\\\/regbu.com\\\/en\\\/#\\\/schema\\\/person\\\/94ea9deda2629771b8a9ced002f6784e\"},\"description\":\"V\u00edte, jak\u00e9 povinn\u00e9 o\u010dkov\u00e1n\u00ed je d\u016fle\u017eit\u00e9 pro Va\u0161e d\u00edt\u011b? Sezn\u00e1m\u00edme V\u00e1s s t\u011bmi nej\u010dast\u011bj\u0161\u00edmi i s t\u011bmi nepovinn\u00fdmi.\",\"breadcrumb\":{\"@id\":\"https:\\\/\\\/regbu.com\\\/sk\\\/povinne-vylodenie-ak-deti-nevycestuju\\\/#breadcrumb\"},\"mainEntity\":[{\"@id\":\"https:\\\/\\\/regbu.com\\\/sk\\\/povinne-vylodenie-ak-deti-nevycestuju\\\/#faq-question-1690437377500\"},{\"@id\":\"https:\\\/\\\/regbu.com\\\/sk\\\/povinne-vylodenie-ak-deti-nevycestuju\\\/#faq-question-1690437384207\"},{\"@id\":\"https:\\\/\\\/regbu.com\\\/sk\\\/povinne-vylodenie-ak-deti-nevycestuju\\\/#faq-question-1690437391824\"},{\"@id\":\"https:\\\/\\\/regbu.com\\\/sk\\\/povinne-vylodenie-ak-deti-nevycestuju\\\/#faq-question-1690437399852\"},{\"@id\":\"https:\\\/\\\/regbu.com\\\/sk\\\/povinne-vylodenie-ak-deti-nevycestuju\\\/#faq-question-1690437408632\"}],\"inLanguage\":\"sk-SK\",\"potentialAction\":[{\"@type\":\"ReadAction\",\"target\":[\"https:\\\/\\\/regbu.com\\\/sk\\\/povinne-vylodenie-ak-deti-nevycestuju\\\/\"]}]},{\"@type\":\"ImageObject\",\"inLanguage\":\"sk-SK\",\"@id\":\"https:\\\/\\\/regbu.com\\\/sk\\\/povinne-vylodenie-ak-deti-nevycestuju\\\/#primaryimage\",\"url\":\"https:\\\/\\\/regbu.com\\\/wp-content\\\/uploads\\\/2023\\\/07\\\/povinne-ockovani-jemuz-se-deti-nevyhnou.jpg\",\"contentUrl\":\"https:\\\/\\\/regbu.com\\\/wp-content\\\/uploads\\\/2023\\\/07\\\/povinne-ockovani-jemuz-se-deti-nevyhnou.jpg\",\"width\":1200,\"height\":678,\"caption\":\"Povinn\u00e9 o\u010dkov\u00e1n\u00ed, jemu\u017e se d\u011bti nevyhnou\"},{\"@type\":\"BreadcrumbList\",\"@id\":\"https:\\\/\\\/regbu.com\\\/sk\\\/povinne-vylodenie-ak-deti-nevycestuju\\\/#breadcrumb\",\"itemListElement\":[{\"@type\":\"ListItem\",\"position\":1,\"name\":\"Home\",\"item\":\"https:\\\/\\\/regbu.com\\\/en\\\/\"},{\"@type\":\"ListItem\",\"position\":2,\"name\":\"Povinn\u00e9 o\u010dkov\u00e1n\u00ed, jemu\u017e se d\u011bti nevyhnou\"}]},{\"@type\":\"WebSite\",\"@id\":\"https:\\\/\\\/regbu.com\\\/en\\\/#website\",\"url\":\"https:\\\/\\\/regbu.com\\\/en\\\/\",\"name\":\"REGBU.COM\",\"description\":\"\",\"potentialAction\":[{\"@type\":\"SearchAction\",\"target\":{\"@type\":\"EntryPoint\",\"urlTemplate\":\"https:\\\/\\\/regbu.com\\\/en\\\/?s={search_term_string}\"},\"query-input\":{\"@type\":\"PropertyValueSpecification\",\"valueRequired\":true,\"valueName\":\"search_term_string\"}}],\"inLanguage\":\"sk-SK\"},{\"@type\":\"Person\",\"@id\":\"https:\\\/\\\/regbu.com\\\/en\\\/#\\\/schema\\\/person\\\/94ea9deda2629771b8a9ced002f6784e\",\"name\":\"George Martin\",\"url\":\"https:\\\/\\\/regbu.com\\\/sk\\\/author\\\/george-martin\\\/\"},{\"@type\":\"Question\",\"@id\":\"https:\\\/\\\/regbu.com\\\/sk\\\/povinne-vylodenie-ak-deti-nevycestuju\\\/#faq-question-1690437377500\",\"position\":1,\"url\":\"https:\\\/\\\/regbu.com\\\/sk\\\/povinne-vylodenie-ak-deti-nevycestuju\\\/#faq-question-1690437377500\",\"name\":\"Co je to hexavakc\u00edna?\",\"answerCount\":1,\"acceptedAnswer\":{\"@type\":\"Answer\",\"text\":\"Jde o speci\u00e1ln\u00ed vakc\u00ednu ur\u010denou proti tetanu, \u010dern\u00e9mu ka\u0161lu, z\u00e1\u0161krtu, d\u011btsk\u00e9 obrn\u011b a virov\u00e9 hepatitid\u011b skupiny B.\",\"inLanguage\":\"sk-SK\"},\"inLanguage\":\"sk-SK\"},{\"@type\":\"Question\",\"@id\":\"https:\\\/\\\/regbu.com\\\/sk\\\/povinne-vylodenie-ak-deti-nevycestuju\\\/#faq-question-1690437384207\",\"position\":2,\"url\":\"https:\\\/\\\/regbu.com\\\/sk\\\/povinne-vylodenie-ak-deti-nevycestuju\\\/#faq-question-1690437384207\",\"name\":\"Kdy se pod\u00e1v\u00e1 hexavakc\u00edna?\",\"answerCount\":1,\"acceptedAnswer\":{\"@type\":\"Answer\",\"text\":\"Aplikuje se zhruba ve t\u0159et\u00edm m\u011bs\u00edci v\u011bku d\u00edt\u011bte.\",\"inLanguage\":\"sk-SK\"},\"inLanguage\":\"sk-SK\"},{\"@type\":\"Question\",\"@id\":\"https:\\\/\\\/regbu.com\\\/sk\\\/povinne-vylodenie-ak-deti-nevycestuju\\\/#faq-question-1690437391824\",\"position\":3,\"url\":\"https:\\\/\\\/regbu.com\\\/sk\\\/povinne-vylodenie-ak-deti-nevycestuju\\\/#faq-question-1690437391824\",\"name\":\"Kdy se pod\u00e1v\u00e1 vakc\u00edna proti zard\u011bnk\u00e1m, p\u0159\u00edu\u0161nic\u00edm a spalni\u010dk\u00e1m?\",\"answerCount\":1,\"acceptedAnswer\":{\"@type\":\"Answer\",\"text\":\"Toto povinn\u00e9 o\u010dkov\u00e1n\u00ed je aplikov\u00e1no mezi t\u0159in\u00e1ct\u00fdm a osmn\u00e1ct\u00fdm m\u011bs\u00edcem v\u011bku d\u00edt\u011bte.\",\"inLanguage\":\"sk-SK\"},\"inLanguage\":\"sk-SK\"},{\"@type\":\"Question\",\"@id\":\"https:\\\/\\\/regbu.com\\\/sk\\\/povinne-vylodenie-ak-deti-nevycestuju\\\/#faq-question-1690437399852\",\"position\":4,\"url\":\"https:\\\/\\\/regbu.com\\\/sk\\\/povinne-vylodenie-ak-deti-nevycestuju\\\/#faq-question-1690437399852\",\"name\":\"Jak\u00e9 jin\u00e9 kombinovan\u00e9 vakc\u00edny je\u0161t\u011b existuj\u00ed?\",\"answerCount\":1,\"acceptedAnswer\":{\"@type\":\"Answer\",\"text\":\"Jmenovat lze nap\u0159\u00edklad kombinaci z\u00e1\u0161krtu, \u010dern\u00e9ho ka\u0161le a tetanu v p\u00e1t\u00e9m roce v\u011bku d\u00edt\u011bte. N\u00e1sledn\u00e9 p\u0159eo\u010dkov\u00e1n\u00ed prob\u00edh\u00e1 je\u0161t\u011b v des\u00e1t\u00e9m roce.\",\"inLanguage\":\"sk-SK\"},\"inLanguage\":\"sk-SK\"},{\"@type\":\"Question\",\"@id\":\"https:\\\/\\\/regbu.com\\\/sk\\\/povinne-vylodenie-ak-deti-nevycestuju\\\/#faq-question-1690437408632\",\"position\":5,\"url\":\"https:\\\/\\\/regbu.com\\\/sk\\\/povinne-vylodenie-ak-deti-nevycestuju\\\/#faq-question-1690437408632\",\"name\":\"Jak\u00e1 jsou dal\u0161\u00ed o\u010dkov\u00e1n\u00ed zam\u011b\u0159en\u00e1 na ur\u010dit\u00e9 skupiny d\u011bt\u00ed?\",\"answerCount\":1,\"acceptedAnswer\":{\"@type\":\"Answer\",\"text\":\"Je to o\u010dkov\u00e1n\u00ed proti HEP B. D\u00e1le tak\u00e9 o\u010dkov\u00e1n\u00ed proti tuberkul\u00f3ze. Tyto typy o\u010dkov\u00e1n\u00ed v\u0161ak posuzuje l\u00e9ka\u0159 individu\u00e1ln\u011b.\",\"inLanguage\":\"sk-SK\"},\"inLanguage\":\"sk-SK\"}]}<\/script>\n<!-- \/ Yoast SEO plugin. -->","yoast_head_json":{"title":"Povinn\u00e9 o\u010dkovanie, ktor\u00e9mu sa deti nevyhn\u00fa - REGBU.COM","description":"Viete, ktor\u00e9 povinn\u00e9 o\u010dkovania s\u00fa pre va\u0161e die\u0165a d\u00f4le\u017eit\u00e9? Predstav\u00edme v\u00e1m tie najbe\u017enej\u0161ie a nepovinn\u00e9.","robots":{"index":"index","follow":"follow","max-snippet":"max-snippet:-1","max-image-preview":"max-image-preview:large","max-video-preview":"max-video-preview:-1"},"canonical":"https:\/\/regbu.com\/sk\/povinne-vylodenie-ak-deti-nevycestuju\/","og_locale":"sk_SK","og_type":"article","og_title":"Povinn\u00e9 o\u010dkov\u00e1n\u00ed, jemu\u017e se d\u011bti nevyhnou - REGBU.COM","og_description":"V\u00edte, jak\u00e9 povinn\u00e9 o\u010dkov\u00e1n\u00ed je d\u016fle\u017eit\u00e9 pro Va\u0161e d\u00edt\u011b? Sezn\u00e1m\u00edme V\u00e1s s t\u011bmi nej\u010dast\u011bj\u0161\u00edmi i s t\u011bmi nepovinn\u00fdmi.","og_url":"https:\/\/regbu.com\/sk\/povinne-vylodenie-ak-deti-nevycestuju\/","og_site_name":"REGBU.COM","article_published_time":"2023-07-26T05:56:04+00:00","article_modified_time":"2025-09-05T05:40:25+00:00","og_image":[{"width":1200,"height":678,"url":"https:\/\/regbu.com\/wp-content\/uploads\/2023\/07\/povinne-ockovani-jemuz-se-deti-nevyhnou.jpg","type":"image\/jpeg"}],"author":"George Martin","twitter_card":"summary_large_image","twitter_misc":{"Autor":"George Martin","Predpokladan\u00fd \u010das \u010d\u00edtania":"2 min\u00faty"},"schema":{"@context":"https:\/\/schema.org","@graph":[{"@type":"Article","@id":"https:\/\/regbu.com\/sk\/povinne-vylodenie-ak-deti-nevycestuju\/#article","isPartOf":{"@id":"https:\/\/regbu.com\/sk\/povinne-vylodenie-ak-deti-nevycestuju\/"},"author":{"name":"George Martin","@id":"https:\/\/regbu.com\/en\/#\/schema\/person\/94ea9deda2629771b8a9ced002f6784e"},"headline":"Povinn\u00e9 o\u010dkov\u00e1n\u00ed, jemu\u017e se d\u011bti nevyhnou","datePublished":"2023-07-26T05:56:04+00:00","dateModified":"2025-09-05T05:40:25+00:00","mainEntityOfPage":{"@id":"https:\/\/regbu.com\/sk\/povinne-vylodenie-ak-deti-nevycestuju\/"},"wordCount":492,"image":{"@id":"https:\/\/regbu.com\/sk\/povinne-vylodenie-ak-deti-nevycestuju\/#primaryimage"},"thumbnailUrl":"https:\/\/regbu.com\/wp-content\/uploads\/2023\/07\/povinne-ockovani-jemuz-se-deti-nevyhnou.jpg","keywords":["\u010dern\u00fd ka\u0161el","d\u011btsk\u00e1 obrna","hexavakc\u00edna","imunita","imunitn\u00ed syst\u00e9m","nepovinn\u00e9 o\u010dkov\u00e1n\u00ed","o\u010dkov\u00e1n\u00ed","povinn\u00e9 o\u010dkov\u00e1n\u00ed","vir","z\u00e1\u0161krt"],"articleSection":["Lidsk\u00e9 Zdrav\u00ed"],"inLanguage":"sk-SK"},{"@type":["WebPage","FAQPage"],"@id":"https:\/\/regbu.com\/sk\/povinne-vylodenie-ak-deti-nevycestuju\/","url":"https:\/\/regbu.com\/sk\/povinne-vylodenie-ak-deti-nevycestuju\/","name":"Povinn\u00e9 o\u010dkovanie, ktor\u00e9mu sa deti nevyhn\u00fa - REGBU.COM","isPartOf":{"@id":"https:\/\/regbu.com\/en\/#website"},"primaryImageOfPage":{"@id":"https:\/\/regbu.com\/sk\/povinne-vylodenie-ak-deti-nevycestuju\/#primaryimage"},"image":{"@id":"https:\/\/regbu.com\/sk\/povinne-vylodenie-ak-deti-nevycestuju\/#primaryimage"},"thumbnailUrl":"https:\/\/regbu.com\/wp-content\/uploads\/2023\/07\/povinne-ockovani-jemuz-se-deti-nevyhnou.jpg","datePublished":"2023-07-26T05:56:04+00:00","dateModified":"2025-09-05T05:40:25+00:00","author":{"@id":"https:\/\/regbu.com\/en\/#\/schema\/person\/94ea9deda2629771b8a9ced002f6784e"},"description":"Viete, ktor\u00e9 povinn\u00e9 o\u010dkovania s\u00fa pre va\u0161e die\u0165a d\u00f4le\u017eit\u00e9? Predstav\u00edme v\u00e1m tie najbe\u017enej\u0161ie a nepovinn\u00e9.","breadcrumb":{"@id":"https:\/\/regbu.com\/sk\/povinne-vylodenie-ak-deti-nevycestuju\/#breadcrumb"},"mainEntity":[{"@id":"https:\/\/regbu.com\/sk\/povinne-vylodenie-ak-deti-nevycestuju\/#faq-question-1690437377500"},{"@id":"https:\/\/regbu.com\/sk\/povinne-vylodenie-ak-deti-nevycestuju\/#faq-question-1690437384207"},{"@id":"https:\/\/regbu.com\/sk\/povinne-vylodenie-ak-deti-nevycestuju\/#faq-question-1690437391824"},{"@id":"https:\/\/regbu.com\/sk\/povinne-vylodenie-ak-deti-nevycestuju\/#faq-question-1690437399852"},{"@id":"https:\/\/regbu.com\/sk\/povinne-vylodenie-ak-deti-nevycestuju\/#faq-question-1690437408632"}],"inLanguage":"sk-SK","potentialAction":[{"@type":"ReadAction","target":["https:\/\/regbu.com\/sk\/povinne-vylodenie-ak-deti-nevycestuju\/"]}]},{"@type":"ImageObject","inLanguage":"sk-SK","@id":"https:\/\/regbu.com\/sk\/povinne-vylodenie-ak-deti-nevycestuju\/#primaryimage","url":"https:\/\/regbu.com\/wp-content\/uploads\/2023\/07\/povinne-ockovani-jemuz-se-deti-nevyhnou.jpg","contentUrl":"https:\/\/regbu.com\/wp-content\/uploads\/2023\/07\/povinne-ockovani-jemuz-se-deti-nevyhnou.jpg","width":1200,"height":678,"caption":"Povinn\u00e9 o\u010dkov\u00e1n\u00ed, jemu\u017e se d\u011bti nevyhnou"},{"@type":"BreadcrumbList","@id":"https:\/\/regbu.com\/sk\/povinne-vylodenie-ak-deti-nevycestuju\/#breadcrumb","itemListElement":[{"@type":"ListItem","position":1,"name":"Home","item":"https:\/\/regbu.com\/en\/"},{"@type":"ListItem","position":2,"name":"Povinn\u00e9 o\u010dkov\u00e1n\u00ed, jemu\u017e se d\u011bti nevyhnou"}]},{"@type":"WebSite","@id":"https:\/\/regbu.com\/en\/#website","url":"https:\/\/regbu.com\/en\/","name":"REGBU.COM","description":"","potentialAction":[{"@type":"SearchAction","target":{"@type":"EntryPoint","urlTemplate":"https:\/\/regbu.com\/en\/?s={search_term_string}"},"query-input":{"@type":"PropertyValueSpecification","valueRequired":true,"valueName":"search_term_string"}}],"inLanguage":"sk-SK"},{"@type":"Person","@id":"https:\/\/regbu.com\/en\/#\/schema\/person\/94ea9deda2629771b8a9ced002f6784e","name":"George Martin","url":"https:\/\/regbu.com\/sk\/author\/george-martin\/"},{"@type":"Question","@id":"https:\/\/regbu.com\/sk\/povinne-vylodenie-ak-deti-nevycestuju\/#faq-question-1690437377500","position":1,"url":"https:\/\/regbu.com\/sk\/povinne-vylodenie-ak-deti-nevycestuju\/#faq-question-1690437377500","name":"\u010co je hexavakc\u00edna?","answerCount":1,"acceptedAnswer":{"@type":"Answer","text":"Jde o speci\u00e1ln\u00ed vakc\u00ednu ur\u010denou proti tetanu, \u010dern\u00e9mu ka\u0161lu, z\u00e1\u0161krtu, d\u011btsk\u00e9 obrn\u011b a virov\u00e9 hepatitid\u011b skupiny B.","inLanguage":"sk-SK"},"inLanguage":"sk-SK"},{"@type":"Question","@id":"https:\/\/regbu.com\/sk\/povinne-vylodenie-ak-deti-nevycestuju\/#faq-question-1690437384207","position":2,"url":"https:\/\/regbu.com\/sk\/povinne-vylodenie-ak-deti-nevycestuju\/#faq-question-1690437384207","name":"Kedy sa pod\u00e1va hexavakc\u00edna?","answerCount":1,"acceptedAnswer":{"@type":"Answer","text":"Aplikuje se zhruba ve t\u0159et\u00edm m\u011bs\u00edci v\u011bku d\u00edt\u011bte.","inLanguage":"sk-SK"},"inLanguage":"sk-SK"},{"@type":"Question","@id":"https:\/\/regbu.com\/sk\/povinne-vylodenie-ak-deti-nevycestuju\/#faq-question-1690437391824","position":3,"url":"https:\/\/regbu.com\/sk\/povinne-vylodenie-ak-deti-nevycestuju\/#faq-question-1690437391824","name":"Kedy sa pod\u00e1va vakc\u00edna proti ru\u017eienke, pr\u00edu\u0161niciam a os\u00fdpkam?","answerCount":1,"acceptedAnswer":{"@type":"Answer","text":"Toto povinn\u00e9 o\u010dkov\u00e1n\u00ed je aplikov\u00e1no mezi t\u0159in\u00e1ct\u00fdm a osmn\u00e1ct\u00fdm m\u011bs\u00edcem v\u011bku d\u00edt\u011bte.","inLanguage":"sk-SK"},"inLanguage":"sk-SK"},{"@type":"Question","@id":"https:\/\/regbu.com\/sk\/povinne-vylodenie-ak-deti-nevycestuju\/#faq-question-1690437399852","position":4,"url":"https:\/\/regbu.com\/sk\/povinne-vylodenie-ak-deti-nevycestuju\/#faq-question-1690437399852","name":"Ak\u00e9 \u010fal\u0161ie kombinovan\u00e9 vakc\u00edny existuj\u00fa?","answerCount":1,"acceptedAnswer":{"@type":"Answer","text":"Jmenovat lze nap\u0159\u00edklad kombinaci z\u00e1\u0161krtu, \u010dern\u00e9ho ka\u0161le a tetanu v p\u00e1t\u00e9m roce v\u011bku d\u00edt\u011bte. N\u00e1sledn\u00e9 p\u0159eo\u010dkov\u00e1n\u00ed prob\u00edh\u00e1 je\u0161t\u011b v des\u00e1t\u00e9m roce.","inLanguage":"sk-SK"},"inLanguage":"sk-SK"},{"@type":"Question","@id":"https:\/\/regbu.com\/sk\/povinne-vylodenie-ak-deti-nevycestuju\/#faq-question-1690437408632","position":5,"url":"https:\/\/regbu.com\/sk\/povinne-vylodenie-ak-deti-nevycestuju\/#faq-question-1690437408632","name":"Ak\u00e9 s\u00fa \u010fal\u0161ie o\u010dkovania zameran\u00e9 na \u0161pecifick\u00e9 skupiny det\u00ed?","answerCount":1,"acceptedAnswer":{"@type":"Answer","text":"Je to o\u010dkov\u00e1n\u00ed proti HEP B. D\u00e1le tak\u00e9 o\u010dkov\u00e1n\u00ed proti tuberkul\u00f3ze. Tyto typy o\u010dkov\u00e1n\u00ed v\u0161ak posuzuje l\u00e9ka\u0159 individu\u00e1ln\u011b.","inLanguage":"sk-SK"},"inLanguage":"sk-SK"}]}},"_links":{"self":[{"href":"https:\/\/regbu.com\/sk\/wp-json\/wp\/v2\/posts\/1277","targetHints":{"allow":["GET"]}}],"collection":[{"href":"https:\/\/regbu.com\/sk\/wp-json\/wp\/v2\/posts"}],"about":[{"href":"https:\/\/regbu.com\/sk\/wp-json\/wp\/v2\/types\/post"}],"author":[{"embeddable":true,"href":"https:\/\/regbu.com\/sk\/wp-json\/wp\/v2\/users\/2"}],"replies":[{"embeddable":true,"href":"https:\/\/regbu.com\/sk\/wp-json\/wp\/v2\/comments?post=1277"}],"version-history":[{"count":2,"href":"https:\/\/regbu.com\/sk\/wp-json\/wp\/v2\/posts\/1277\/revisions"}],"predecessor-version":[{"id":1295,"href":"https:\/\/regbu.com\/sk\/wp-json\/wp\/v2\/posts\/1277\/revisions\/1295"}],"wp:featuredmedia":[{"embeddable":true,"href":"https:\/\/regbu.com\/sk\/wp-json\/wp\/v2\/media\/1278"}],"wp:attachment":[{"href":"https:\/\/regbu.com\/sk\/wp-json\/wp\/v2\/media?parent=1277"}],"wp:term":[{"taxonomy":"category","embeddable":true,"href":"https:\/\/regbu.com\/sk\/wp-json\/wp\/v2\/categories?post=1277"},{"taxonomy":"post_tag","embeddable":true,"href":"https:\/\/regbu.com\/sk\/wp-json\/wp\/v2\/tags?post=1277"}],"curies":[{"name":"wp","href":"https:\/\/api.w.org\/{rel}","templated":true}]}}