{"id":1246,"date":"2023-07-24T07:14:50","date_gmt":"2023-07-24T05:14:50","guid":{"rendered":"https:\/\/regbu.com\/?p=1246"},"modified":"2025-09-05T07:40:39","modified_gmt":"2025-09-05T05:40:39","slug":"jeansy-a-jejich-designove-rozdeleni","status":"publish","type":"post","link":"https:\/\/regbu.com\/sk\/jeans-and-their-design-divisions\/","title":{"rendered":"D\u017e\u00ednsy a ich dizajnov\u00e1 div\u00edzia"},"content":{"rendered":"<p>D\u017e\u00ednsy s\u00fa dnes \u00faplne be\u017en\u00fdm doplnkom n\u00e1\u0161ho \u0161atn\u00edka, rovnako ako <strong><a href=\"https:\/\/regbu.com\/sk\/panske-odevne-triky-sa-velmi-oblubuju\/\">p\u00e1nske ko\u0161ele<\/a><\/strong>. Sl\u00fa\u017eia na ka\u017edodenn\u00e9 nosenie a m\u00f4\u017eu sa sta\u0165 neoddelite\u013enou s\u00fa\u010das\u0165ou aj t\u00fdch najbizarnej\u0161\u00edch udalost\u00ed. D\u00f4le\u017eit\u00e9 je vybra\u0165 si spr\u00e1vny strih, ktor\u00fd sa prisp\u00f4sob\u00ed va\u0161ej postave a jednoducho padne. A \u010do hist\u00f3ria t\u00fdchto \u0161iat?<\/p>\n\n\n\n<ul class=\"wp-block-list\">\n<li>Prv\u00e1 zmienka v roku 1853<\/li>\n\n\n\n<li>P\u00f4vodne pracovn\u00e9 nohavice<\/li>\n\n\n\n<li>V\u00fdvoj v 50. rokoch 20. storo\u010dia<\/li>\n<\/ul>\n\n\n\n<p>Pracovn\u00e9 odevy sa \u010dasom stali doslova m\u00f3dnou ikonou. Tak\u00fdmto pomyseln\u00fdm odrazov\u00fdm most\u00edkom bol <strong>Model nohav\u00edc Levi's 501<\/strong>. Nohavice sa do istej miery stali symbolom rebelstva a ob\u013e\u00fabili si ich mnoh\u00e9 filmov\u00e9 hviezdy.<\/p>\n\n\n\n<h2 class=\"wp-block-heading\">D\u017e\u00ednsy - rozdelenie pod\u013ea strihu<\/h2>\n\n\n\n<p>Z jedn\u00e9ho jednoduch\u00e9ho modelu sa n\u00e1sledne vyvinulo nieko\u013eko r\u00f4znych \u0161t\u00fdlov, z ktor\u00fdch si dnes m\u00f4\u017eete vybra\u0165. U\u017e samotn\u00e9 ozna\u010denie v\u00e1m prezrad\u00ed, ak\u00fd strih m\u00f4\u017eete o\u010dak\u00e1va\u0165. A treba poznamena\u0165, \u017ee ka\u017ed\u00e9mu vyhovuje nie\u010do in\u00e9. \u010co teda charakterizuje jednotliv\u00e9 modely?<\/p>\n\n\n\n<figure class=\"wp-block-table\"><table><tbody><tr><td><strong>Model<\/strong><\/td><td><strong>Charakteristika<\/strong><\/td><\/tr><tr><td>D\u017e\u00ednsy Skins<\/td><td>Obop\u00ednaj\u00fa cel\u00fa nohu<\/td><\/tr><tr><td>Tenk\u00e9 d\u017e\u00ednsy<\/td><td>Skiny s ni\u017e\u0161ou sedmi\u010dkou<\/td><\/tr><tr><td>Roztiahnut\u00e9 d\u017e\u00ednsy<\/td><td>Klasick\u00ed zvon\u00e1ri<\/td><\/tr><tr><td>Vrecovit\u00e9 d\u017e\u00ednsy<\/td><td>Hip hop nohavice<\/td><\/tr><\/tbody><\/table><figcaption class=\"wp-element-caption\">Zoznam najob\u013e\u00fabenej\u0161\u00edch d\u017e\u00ednsov\u00fdch nohav\u00edc.<\/figcaption><\/figure>\n\n\n\n<p>Najv\u00e4\u010d\u0161iu sl\u00e1vu za\u017eil baggy d\u017e\u00ednsov\u00fd \u0161t\u00fdl v 90. rokoch. Mnoho \u013eud\u00ed sa k nemu v\u0161ak vracia aj dnes, preto\u017ee vyzer\u00e1 \u0161t\u00fdlovo a extravagantne. Toto je v\u0161ak len mal\u00e1 ochutn\u00e1vka toho, \u010do pon\u00fakaj\u00fa s\u00fa\u010dasn\u00e9 d\u017e\u00ednsy.<\/p>\n\n\n\n<h3 class=\"wp-block-heading\">Vysk\u00fa\u0161ajte in\u00e9 \u0161t\u00fdly nohav\u00edc<\/h3>\n\n\n\n<p>Ak sa v\u00e1m nep\u00e1\u010di \u017eiadna z uveden\u00fdch d\u017e\u00ednsov, m\u00e1me pre v\u00e1s nieko\u013eko \u010fal\u0161\u00edch tipov. Typick\u00fdm pr\u00edkladom s\u00fa mama d\u017e\u00ednsy, ktor\u00e9 s\u00fa vo\u013enej\u0161ie a maj\u00fa vy\u0161\u0161ie nohavice. Rovn\u00e9 d\u017e\u00ednsy s\u00fa absol\u00fatnou klasikou. Maj\u00fa rovn\u00e9 nohavice a hodia sa takmer ku v\u0161etk\u00e9mu. S\u00fa viac-menej z\u00e1kladom mierne z\u00fa\u017een\u00e9ho \u0161t\u00fdlu tzv. <em>be\u017en\u00e9 d\u017e\u00ednsy alebo z\u00fa\u017een\u00e9 d\u017e\u00ednsy<\/em>. Legend\u00e1rne d\u017e\u00ednsy Levi's 502 s\u00fa vytvoren\u00e9 v tomto duchu.<\/p>\n\n\n\n<p>Do svojho \u0161atn\u00edka m\u00f4\u017eete zakomponova\u0165 aj d\u017e\u00ednsy na kolen\u00e1. Ak v\u00e1s tento \u0161t\u00fdl zaujal, zamerajte sa na zna\u010dku <strong>D\u017e\u00ednsy Bootcut<\/strong>. Ak d\u00e1vate prednos\u0165 vo\u013enej\u0161iemu \u0161t\u00fdlu, zahnut\u00fdm nohaviciam a zn\u00ed\u017een\u00e9mu p\u00e1su, doprajte si d\u017e\u00ednsy Boyfriend.<\/p>","protected":false},"excerpt":{"rendered":"<p>D\u017e\u00ednsy s\u00fa dnes \u00faplne be\u017en\u00fdm doplnkom n\u00e1\u0161ho \u0161atn\u00edka, rovnako ako p\u00e1nske tri\u010dk\u00e1. Sl\u00fa\u017eia na ka\u017edodenn\u00e9 nosenie a m\u00f4\u017eu sa sta\u0165 aj neoddelite\u013enou s\u00fa\u010das\u0165ou ok\u00e1zalej\u0161\u00edch udalost\u00ed. D\u00f4le\u017eit\u00e9 je vybra\u0165 si spr\u00e1vny strih, ktor\u00fd vyhovuje va\u0161ej postave a jednoducho sed\u00ed. A \u010do hist\u00f3ria t\u00fdchto odevov? Od pracovn\u00fdch odevov a\u017e po ... <\/p>","protected":false},"author":2,"featured_media":1247,"comment_status":"closed","ping_status":"closed","sticky":false,"template":"","format":"standard","meta":{"footnotes":""},"categories":[671],"tags":[1479,1473,1478,1474,1472,1016,716,824,1476,1477,1475],"class_list":["post-1246","post","type-post","status-publish","format-standard","has-post-thumbnail","hentry","category-moda","tag-baggy-jeans","tag-dziny","tag-flared-jeans","tag-jeans","tag-jeansy","tag-kalhoty","tag-moda","tag-obleceni","tag-skiny-jeans","tag-slim-jeans","tag-strih"],"yoast_head":"<!-- This site is optimized with the Yoast SEO plugin v27.4 - https:\/\/yoast.com\/product\/yoast-seo-wordpress\/ -->\n<title>Jeansy a jejich designov\u00e9 rozd\u011blen\u00ed - REGBU.COM<\/title>\n<meta name=\"description\" content=\"Vyberte si jeansy, kter\u00e9 V\u00e1m sednou nejl\u00e9pe. Mo\u017enost\u00ed je z hlediska volby v\u00edce ne\u017e dost. Prozrad\u00edme V\u00e1m, co je trendy.\" \/>\n<meta name=\"robots\" content=\"index, follow, max-snippet:-1, max-image-preview:large, max-video-preview:-1\" \/>\n<link rel=\"canonical\" href=\"https:\/\/regbu.com\/sk\/jeans-and-their-design-divisions\/\" \/>\n<meta property=\"og:locale\" content=\"sk_SK\" \/>\n<meta property=\"og:type\" content=\"article\" \/>\n<meta property=\"og:title\" content=\"Jeansy a jejich designov\u00e9 rozd\u011blen\u00ed - REGBU.COM\" \/>\n<meta property=\"og:description\" content=\"Vyberte si jeansy, kter\u00e9 V\u00e1m sednou nejl\u00e9pe. Mo\u017enost\u00ed je z hlediska volby v\u00edce ne\u017e dost. Prozrad\u00edme V\u00e1m, co je trendy.\" \/>\n<meta property=\"og:url\" content=\"https:\/\/regbu.com\/sk\/jeans-and-their-design-divisions\/\" \/>\n<meta property=\"og:site_name\" content=\"REGBU.COM\" \/>\n<meta property=\"article:published_time\" content=\"2023-07-24T05:14:50+00:00\" \/>\n<meta property=\"article:modified_time\" content=\"2025-09-05T05:40:39+00:00\" \/>\n<meta property=\"og:image\" content=\"https:\/\/regbu.com\/wp-content\/uploads\/2023\/07\/jeansy-a-jejich-designove-rozdeleni.jpg\" \/>\n\t<meta property=\"og:image:width\" content=\"1200\" \/>\n\t<meta property=\"og:image:height\" content=\"677\" \/>\n\t<meta property=\"og:image:type\" content=\"image\/jpeg\" \/>\n<meta name=\"author\" content=\"George Martin\" \/>\n<meta name=\"twitter:card\" content=\"summary_large_image\" \/>\n<meta name=\"twitter:label1\" content=\"Autor\" \/>\n\t<meta name=\"twitter:data1\" content=\"George Martin\" \/>\n\t<meta name=\"twitter:label2\" content=\"Predpokladan\u00fd \u010das \u010d\u00edtania\" \/>\n\t<meta name=\"twitter:data2\" content=\"2 min\u00faty\" \/>\n<script type=\"application\/ld+json\" class=\"yoast-schema-graph\">{\"@context\":\"https:\\\/\\\/schema.org\",\"@graph\":[{\"@type\":\"Article\",\"@id\":\"https:\\\/\\\/regbu.com\\\/sk\\\/jeans-and-their-design-divisions\\\/#article\",\"isPartOf\":{\"@id\":\"https:\\\/\\\/regbu.com\\\/sk\\\/jeans-and-their-design-divisions\\\/\"},\"author\":{\"name\":\"George Martin\",\"@id\":\"https:\\\/\\\/regbu.com\\\/en\\\/#\\\/schema\\\/person\\\/94ea9deda2629771b8a9ced002f6784e\"},\"headline\":\"Jeansy a jejich designov\u00e9 rozd\u011blen\u00ed\",\"datePublished\":\"2023-07-24T05:14:50+00:00\",\"dateModified\":\"2025-09-05T05:40:39+00:00\",\"mainEntityOfPage\":{\"@id\":\"https:\\\/\\\/regbu.com\\\/sk\\\/jeans-and-their-design-divisions\\\/\"},\"wordCount\":437,\"image\":{\"@id\":\"https:\\\/\\\/regbu.com\\\/sk\\\/jeans-and-their-design-divisions\\\/#primaryimage\"},\"thumbnailUrl\":\"https:\\\/\\\/regbu.com\\\/wp-content\\\/uploads\\\/2023\\\/07\\\/jeansy-a-jejich-designove-rozdeleni.jpg\",\"keywords\":[\"baggy jeans\",\"d\u017e\u00edny\",\"flared jeans\",\"jeans\",\"jeansy\",\"kalhoty\",\"m\u00f3da\",\"oble\u010den\u00ed\",\"skiny jeans\",\"slim jeans\",\"st\u0159ih\"],\"articleSection\":[\"M\u00f3da\"],\"inLanguage\":\"sk-SK\"},{\"@type\":\"WebPage\",\"@id\":\"https:\\\/\\\/regbu.com\\\/sk\\\/jeans-and-their-design-divisions\\\/\",\"url\":\"https:\\\/\\\/regbu.com\\\/sk\\\/jeans-and-their-design-divisions\\\/\",\"name\":\"Jeansy a jejich designov\u00e9 rozd\u011blen\u00ed - REGBU.COM\",\"isPartOf\":{\"@id\":\"https:\\\/\\\/regbu.com\\\/en\\\/#website\"},\"primaryImageOfPage\":{\"@id\":\"https:\\\/\\\/regbu.com\\\/sk\\\/jeans-and-their-design-divisions\\\/#primaryimage\"},\"image\":{\"@id\":\"https:\\\/\\\/regbu.com\\\/sk\\\/jeans-and-their-design-divisions\\\/#primaryimage\"},\"thumbnailUrl\":\"https:\\\/\\\/regbu.com\\\/wp-content\\\/uploads\\\/2023\\\/07\\\/jeansy-a-jejich-designove-rozdeleni.jpg\",\"datePublished\":\"2023-07-24T05:14:50+00:00\",\"dateModified\":\"2025-09-05T05:40:39+00:00\",\"author\":{\"@id\":\"https:\\\/\\\/regbu.com\\\/en\\\/#\\\/schema\\\/person\\\/94ea9deda2629771b8a9ced002f6784e\"},\"description\":\"Vyberte si jeansy, kter\u00e9 V\u00e1m sednou nejl\u00e9pe. Mo\u017enost\u00ed je z hlediska volby v\u00edce ne\u017e dost. Prozrad\u00edme V\u00e1m, co je trendy.\",\"breadcrumb\":{\"@id\":\"https:\\\/\\\/regbu.com\\\/sk\\\/jeans-and-their-design-divisions\\\/#breadcrumb\"},\"inLanguage\":\"sk-SK\",\"potentialAction\":[{\"@type\":\"ReadAction\",\"target\":[\"https:\\\/\\\/regbu.com\\\/sk\\\/jeans-and-their-design-divisions\\\/\"]}]},{\"@type\":\"ImageObject\",\"inLanguage\":\"sk-SK\",\"@id\":\"https:\\\/\\\/regbu.com\\\/sk\\\/jeans-and-their-design-divisions\\\/#primaryimage\",\"url\":\"https:\\\/\\\/regbu.com\\\/wp-content\\\/uploads\\\/2023\\\/07\\\/jeansy-a-jejich-designove-rozdeleni.jpg\",\"contentUrl\":\"https:\\\/\\\/regbu.com\\\/wp-content\\\/uploads\\\/2023\\\/07\\\/jeansy-a-jejich-designove-rozdeleni.jpg\",\"width\":1200,\"height\":677,\"caption\":\"Jeansy a jejich designov\u00e9 rozd\u011blen\u00ed\"},{\"@type\":\"BreadcrumbList\",\"@id\":\"https:\\\/\\\/regbu.com\\\/sk\\\/jeans-and-their-design-divisions\\\/#breadcrumb\",\"itemListElement\":[{\"@type\":\"ListItem\",\"position\":1,\"name\":\"Home\",\"item\":\"https:\\\/\\\/regbu.com\\\/en\\\/\"},{\"@type\":\"ListItem\",\"position\":2,\"name\":\"Jeansy a jejich designov\u00e9 rozd\u011blen\u00ed\"}]},{\"@type\":\"WebSite\",\"@id\":\"https:\\\/\\\/regbu.com\\\/en\\\/#website\",\"url\":\"https:\\\/\\\/regbu.com\\\/en\\\/\",\"name\":\"REGBU.COM\",\"description\":\"\",\"potentialAction\":[{\"@type\":\"SearchAction\",\"target\":{\"@type\":\"EntryPoint\",\"urlTemplate\":\"https:\\\/\\\/regbu.com\\\/en\\\/?s={search_term_string}\"},\"query-input\":{\"@type\":\"PropertyValueSpecification\",\"valueRequired\":true,\"valueName\":\"search_term_string\"}}],\"inLanguage\":\"sk-SK\"},{\"@type\":\"Person\",\"@id\":\"https:\\\/\\\/regbu.com\\\/en\\\/#\\\/schema\\\/person\\\/94ea9deda2629771b8a9ced002f6784e\",\"name\":\"George Martin\",\"url\":\"https:\\\/\\\/regbu.com\\\/sk\\\/author\\\/george-martin\\\/\"}]}<\/script>\n<!-- \/ Yoast SEO plugin. -->","yoast_head_json":{"title":"D\u017e\u00ednsy a ich dizajnov\u00e1 div\u00edzia - REGBU.COM","description":"Vyberte si d\u017e\u00ednsy, ktor\u00e9 v\u00e1m najlep\u0161ie sedia. Mo\u017enost\u00ed v\u00fdberu je viac ne\u017e dos\u0165. Povieme v\u00e1m, \u010do je pr\u00e1ve trendy.","robots":{"index":"index","follow":"follow","max-snippet":"max-snippet:-1","max-image-preview":"max-image-preview:large","max-video-preview":"max-video-preview:-1"},"canonical":"https:\/\/regbu.com\/sk\/jeans-and-their-design-divisions\/","og_locale":"sk_SK","og_type":"article","og_title":"Jeansy a jejich designov\u00e9 rozd\u011blen\u00ed - REGBU.COM","og_description":"Vyberte si jeansy, kter\u00e9 V\u00e1m sednou nejl\u00e9pe. Mo\u017enost\u00ed je z hlediska volby v\u00edce ne\u017e dost. Prozrad\u00edme V\u00e1m, co je trendy.","og_url":"https:\/\/regbu.com\/sk\/jeans-and-their-design-divisions\/","og_site_name":"REGBU.COM","article_published_time":"2023-07-24T05:14:50+00:00","article_modified_time":"2025-09-05T05:40:39+00:00","og_image":[{"width":1200,"height":677,"url":"https:\/\/regbu.com\/wp-content\/uploads\/2023\/07\/jeansy-a-jejich-designove-rozdeleni.jpg","type":"image\/jpeg"}],"author":"George Martin","twitter_card":"summary_large_image","twitter_misc":{"Autor":"George Martin","Predpokladan\u00fd \u010das \u010d\u00edtania":"2 min\u00faty"},"schema":{"@context":"https:\/\/schema.org","@graph":[{"@type":"Article","@id":"https:\/\/regbu.com\/sk\/jeans-and-their-design-divisions\/#article","isPartOf":{"@id":"https:\/\/regbu.com\/sk\/jeans-and-their-design-divisions\/"},"author":{"name":"George Martin","@id":"https:\/\/regbu.com\/en\/#\/schema\/person\/94ea9deda2629771b8a9ced002f6784e"},"headline":"Jeansy a jejich designov\u00e9 rozd\u011blen\u00ed","datePublished":"2023-07-24T05:14:50+00:00","dateModified":"2025-09-05T05:40:39+00:00","mainEntityOfPage":{"@id":"https:\/\/regbu.com\/sk\/jeans-and-their-design-divisions\/"},"wordCount":437,"image":{"@id":"https:\/\/regbu.com\/sk\/jeans-and-their-design-divisions\/#primaryimage"},"thumbnailUrl":"https:\/\/regbu.com\/wp-content\/uploads\/2023\/07\/jeansy-a-jejich-designove-rozdeleni.jpg","keywords":["baggy jeans","d\u017e\u00edny","flared jeans","jeans","jeansy","kalhoty","m\u00f3da","oble\u010den\u00ed","skiny jeans","slim jeans","st\u0159ih"],"articleSection":["M\u00f3da"],"inLanguage":"sk-SK"},{"@type":"WebPage","@id":"https:\/\/regbu.com\/sk\/jeans-and-their-design-divisions\/","url":"https:\/\/regbu.com\/sk\/jeans-and-their-design-divisions\/","name":"D\u017e\u00ednsy a ich dizajnov\u00e1 div\u00edzia - REGBU.COM","isPartOf":{"@id":"https:\/\/regbu.com\/en\/#website"},"primaryImageOfPage":{"@id":"https:\/\/regbu.com\/sk\/jeans-and-their-design-divisions\/#primaryimage"},"image":{"@id":"https:\/\/regbu.com\/sk\/jeans-and-their-design-divisions\/#primaryimage"},"thumbnailUrl":"https:\/\/regbu.com\/wp-content\/uploads\/2023\/07\/jeansy-a-jejich-designove-rozdeleni.jpg","datePublished":"2023-07-24T05:14:50+00:00","dateModified":"2025-09-05T05:40:39+00:00","author":{"@id":"https:\/\/regbu.com\/en\/#\/schema\/person\/94ea9deda2629771b8a9ced002f6784e"},"description":"Vyberte si d\u017e\u00ednsy, ktor\u00e9 v\u00e1m najlep\u0161ie sedia. Mo\u017enost\u00ed v\u00fdberu je viac ne\u017e dos\u0165. Povieme v\u00e1m, \u010do je pr\u00e1ve trendy.","breadcrumb":{"@id":"https:\/\/regbu.com\/sk\/jeans-and-their-design-divisions\/#breadcrumb"},"inLanguage":"sk-SK","potentialAction":[{"@type":"ReadAction","target":["https:\/\/regbu.com\/sk\/jeans-and-their-design-divisions\/"]}]},{"@type":"ImageObject","inLanguage":"sk-SK","@id":"https:\/\/regbu.com\/sk\/jeans-and-their-design-divisions\/#primaryimage","url":"https:\/\/regbu.com\/wp-content\/uploads\/2023\/07\/jeansy-a-jejich-designove-rozdeleni.jpg","contentUrl":"https:\/\/regbu.com\/wp-content\/uploads\/2023\/07\/jeansy-a-jejich-designove-rozdeleni.jpg","width":1200,"height":677,"caption":"Jeansy a jejich designov\u00e9 rozd\u011blen\u00ed"},{"@type":"BreadcrumbList","@id":"https:\/\/regbu.com\/sk\/jeans-and-their-design-divisions\/#breadcrumb","itemListElement":[{"@type":"ListItem","position":1,"name":"Home","item":"https:\/\/regbu.com\/en\/"},{"@type":"ListItem","position":2,"name":"Jeansy a jejich designov\u00e9 rozd\u011blen\u00ed"}]},{"@type":"WebSite","@id":"https:\/\/regbu.com\/en\/#website","url":"https:\/\/regbu.com\/en\/","name":"REGBU.COM","description":"","potentialAction":[{"@type":"SearchAction","target":{"@type":"EntryPoint","urlTemplate":"https:\/\/regbu.com\/en\/?s={search_term_string}"},"query-input":{"@type":"PropertyValueSpecification","valueRequired":true,"valueName":"search_term_string"}}],"inLanguage":"sk-SK"},{"@type":"Person","@id":"https:\/\/regbu.com\/en\/#\/schema\/person\/94ea9deda2629771b8a9ced002f6784e","name":"George Martin","url":"https:\/\/regbu.com\/sk\/author\/george-martin\/"}]}},"_links":{"self":[{"href":"https:\/\/regbu.com\/sk\/wp-json\/wp\/v2\/posts\/1246","targetHints":{"allow":["GET"]}}],"collection":[{"href":"https:\/\/regbu.com\/sk\/wp-json\/wp\/v2\/posts"}],"about":[{"href":"https:\/\/regbu.com\/sk\/wp-json\/wp\/v2\/types\/post"}],"author":[{"embeddable":true,"href":"https:\/\/regbu.com\/sk\/wp-json\/wp\/v2\/users\/2"}],"replies":[{"embeddable":true,"href":"https:\/\/regbu.com\/sk\/wp-json\/wp\/v2\/comments?post=1246"}],"version-history":[{"count":2,"href":"https:\/\/regbu.com\/sk\/wp-json\/wp\/v2\/posts\/1246\/revisions"}],"predecessor-version":[{"id":1257,"href":"https:\/\/regbu.com\/sk\/wp-json\/wp\/v2\/posts\/1246\/revisions\/1257"}],"wp:featuredmedia":[{"embeddable":true,"href":"https:\/\/regbu.com\/sk\/wp-json\/wp\/v2\/media\/1247"}],"wp:attachment":[{"href":"https:\/\/regbu.com\/sk\/wp-json\/wp\/v2\/media?parent=1246"}],"wp:term":[{"taxonomy":"category","embeddable":true,"href":"https:\/\/regbu.com\/sk\/wp-json\/wp\/v2\/categories?post=1246"},{"taxonomy":"post_tag","embeddable":true,"href":"https:\/\/regbu.com\/sk\/wp-json\/wp\/v2\/tags?post=1246"}],"curies":[{"name":"wp","href":"https:\/\/api.w.org\/{rel}","templated":true}]}}