{"id":1144,"date":"2023-07-18T11:53:59","date_gmt":"2023-07-18T09:53:59","guid":{"rendered":"https:\/\/regbu.com\/?p=1144"},"modified":"2025-09-05T07:41:02","modified_gmt":"2025-09-05T05:41:02","slug":"vidensky-rizek-jako-symbol-rakouska","status":"publish","type":"post","link":"https:\/\/regbu.com\/sk\/vidensky-rizek-as-symbol-of-austria\/","title":{"rendered":"Wiener schnitzel ako symbol Rak\u00faska"},"content":{"rendered":"<p>Viedensk\u00fd reze\u0148 asi netreba dlho predstavova\u0165. V Rak\u00fasku je ve\u013emi dobre zn\u00e1my, ako napr. <strong><a href=\"https:\/\/regbu.com\/sk\/koprova-omacka-ako-neznas\/\">k\u00f4prov\u00e1 om\u00e1\u010dka<\/a> <\/strong>v \u010ceskej republike. M\u00e1lokto v\u0161ak vie, ako sa tak\u00e1to poch\u00fa\u0165ka pripravuje pod\u013ea tradi\u010dn\u00e9ho receptu, ktor\u00fd je podrobne op\u00edsan\u00fd. A pr\u00e1ve na to sl\u00fa\u017ei tento \u010dl\u00e1nok.<\/p>\n\n\n\n<ul class=\"wp-block-list\">\n<li>Dozviete sa, z ak\u00e9ho m\u00e4sa sa reze\u0148 vyr\u00e1ba<\/li>\n\n\n\n<li>Potrebn\u00e9 ingrediencie n\u00e1jdete<\/li>\n\n\n\n<li>Povieme v\u00e1m postup pr\u00edpravy<\/li>\n<\/ul>\n\n\n\n<p>Tento druh reze\u0148a je \u010disto viedenskou z\u00e1le\u017eitos\u0165ou. Koncept <em>Schnitzel<\/em> je \u00faplne jeho vlastn\u00e1. Na prv\u00fd poh\u013ead jednoduch\u00fd pokrm, ktor\u00fd dok\u00e1\u017ee zauja\u0165 nezamenite\u013enou chu\u0165ou a pr\u00edde vhod v\u017edy, ke\u010f si chcete dopria\u0165 k\u00fasok zapekan\u00e9ho m\u00e4sa.<\/p>\n\n\n\n<h2 class=\"wp-block-heading\">Te\u013eacie stehno ako z\u00e1klad pokrmu<\/h2>\n\n\n\n<p>Ke\u010f sa povie viedensk\u00fd reze\u0148, ur\u010dite v\u00e1m nenapadne kuracie m\u00e4so. V \u017eiadnom pr\u00edpade. Tomuto jedlu dominuje te\u013eacie stehno. \u010co <strong>kvalitnej\u0161ie m\u00e4so<\/strong> \u010d\u00edm viac si doprajete, t\u00fdm kvalitnej\u0161ie jedlo priprav\u00edte. Okrem samotn\u00e9ho m\u00e4sa si, samozrejme, pripravte aj ostatn\u00e9 ingrediencie.<\/p>\n\n\n\n<figure class=\"wp-block-table\"><table><tbody><tr><td><strong>Suroviny<\/strong><\/td><td><strong>Mno\u017estvo<\/strong><\/td><\/tr><tr><td>Te\u013eacie stehno<\/td><td>1 kg<\/td><\/tr><tr><td>Vajcia<\/td><td>3 ks<\/td><\/tr><tr><td>M\u00faka<\/td><td>Na balenie<\/td><\/tr><tr><td>Strouhanka<\/td><td>Na balenie<\/td><\/tr><tr><td>Maslo<\/td><td>Op\u00e4tovne publikovan\u00e9 z<\/td><\/tr><tr><td>Citr\u00f3n<\/td><td>1 kus<\/td><\/tr><\/tbody><\/table><figcaption class=\"wp-element-caption\">\u010co potrebujete na pr\u00edpravu tohto pokrmu?<\/figcaption><\/figure>\n\n\n\n<p>Samozrejme, pri pr\u00edprave viedensk\u00e9ho reze\u0148a by nemalo ch\u00fdba\u0165 korenie v podobe soli. Ak sa rozhodnete jes\u0165 reze\u0148 s pr\u00edlohou, pripravte si napr\u00edklad zemiaky s petr\u017elenovou v\u0148a\u0165ou.<\/p>\n\n\n\n<h3 class=\"wp-block-heading\">Wiener schnitzel - Postup pr\u00edpravy<\/h3>\n\n\n\n<p>Najprv za\u010dnite pripravova\u0165 m\u00e4so. Nakr\u00e1jajte ho na centimetrov\u00e9 pl\u00e1tky. Ak ich prekroj\u00edte na polovicu, z\u00edskate tvar povestn\u00e9ho mot\u00fd\u013ea, ktor\u00fd po zabalen\u00ed vynikne na tanieri. D\u00f4le\u017eit\u00e9 je m\u00e4so <strong>nakr\u00e1jan\u00e9 na hr\u00fabku p\u00e4\u0165 milimetrov a osolen\u00e9<\/strong>. Potom ho klasicky zaba\u013ete, ako zvy\u010dajne. Posledn\u00fa vrstvu str\u00fahanky do m\u00e4sa pr\u00edli\u0161 nezasek\u00e1vajte. Odborn\u00edk by v\u00e1m povedal, \u017ee aj str\u00fahanka mus\u00ed d\u00fdcha\u0165.<\/p>\n\n\n\n<p>Potom za\u010dnite sma\u017ei\u0165. Kone\u010dn\u00fa f\u00e1zu spozn\u00e1te pod\u013ea zlatistej farby str\u00fahanky. M\u00e4so sma\u017ete na miernom ohni, aby bolo prepe\u010den\u00e9 a z\u00e1rove\u0148 \u0161\u0165avnat\u00e9. Na tanieri pokvapkajte viedensk\u00fd reze\u0148 nieko\u013ek\u00fdmi kvapkami citr\u00f3na. M\u00f4\u017eete ho pod\u00e1va\u0165 so spom\u00ednan\u00fdmi zemiakmi a petr\u017elenovou v\u0148a\u0165ou. Vychutnajte si.<\/p>","protected":false},"excerpt":{"rendered":"<p>Viedensk\u00fd reze\u0148 asi netreba dlho predstavova\u0165. V Rak\u00fasku je ve\u013emi dobre zn\u00e1my, podobne ako k\u00f4prov\u00e1 om\u00e1\u010dka v \u010ceskej republike. M\u00e1lokto v\u0161ak vie, ako sa t\u00e1to poch\u00fa\u0165ka pripravuje pod\u013ea tradi\u010dn\u00e9ho receptu, ktor\u00fd je podrobne op\u00edsan\u00fd. A pr\u00e1ve na tieto \u00fa\u010dely sl\u00fa\u017ei tento \u010dl\u00e1nok. Tento druh reze\u0148a je \u010disto viedenskou z\u00e1le\u017eitos\u0165ou. Term\u00edn Schnitzel sa v angli\u010dtine pou\u017e\u00edva ako \"Schnitzel\", \u010do znamen\u00e1 \"\u0161nicel\", teda \"reze\u0148\", ktor\u00fd sa v ... <\/p>","protected":false},"author":2,"featured_media":1145,"comment_status":"closed","ping_status":"closed","sticky":false,"template":"","format":"standard","meta":{"footnotes":""},"categories":[12],"tags":[39,1290,25,1287,1291,50,52,1288,1289,1275,1286],"class_list":["post-1144","post","type-post","status-publish","format-standard","has-post-thumbnail","hentry","category-vareni","tag-brambory","tag-kyta","tag-maso","tag-mouka","tag-petrzel","tag-rizek","tag-strouhanka","tag-teleci","tag-teleci-kyta","tag-vejce","tag-vidensky-rizek"],"yoast_head":"<!-- This site is optimized with the Yoast SEO plugin v27.5 - https:\/\/yoast.com\/product\/yoast-seo-wordpress\/ -->\n<title>V\u00edde\u0148sk\u00fd \u0159\u00edzek jako symbol Rakouska - REGBU.COM<\/title>\n<meta name=\"description\" content=\"Nen\u00ed nic snaz\u0161\u00edho, ne\u017e si p\u0159ipravit lahodn\u00fd v\u00edde\u0148sk\u00fd \u0159\u00edzek. Prozrad\u00edme V\u00e1m, jak takov\u00fd porkm snadno a rychle vytvo\u0159it.\" \/>\n<meta name=\"robots\" content=\"index, follow, max-snippet:-1, max-image-preview:large, max-video-preview:-1\" \/>\n<link rel=\"canonical\" href=\"https:\/\/regbu.com\/sk\/vidensky-rizek-as-symbol-of-austria\/\" \/>\n<meta property=\"og:locale\" content=\"sk_SK\" \/>\n<meta property=\"og:type\" content=\"article\" \/>\n<meta property=\"og:title\" content=\"V\u00edde\u0148sk\u00fd \u0159\u00edzek jako symbol Rakouska - REGBU.COM\" \/>\n<meta property=\"og:description\" content=\"Nen\u00ed nic snaz\u0161\u00edho, ne\u017e si p\u0159ipravit lahodn\u00fd v\u00edde\u0148sk\u00fd \u0159\u00edzek. Prozrad\u00edme V\u00e1m, jak takov\u00fd porkm snadno a rychle vytvo\u0159it.\" \/>\n<meta property=\"og:url\" content=\"https:\/\/regbu.com\/sk\/vidensky-rizek-as-symbol-of-austria\/\" \/>\n<meta property=\"og:site_name\" content=\"REGBU.COM\" \/>\n<meta property=\"article:published_time\" content=\"2023-07-18T09:53:59+00:00\" \/>\n<meta property=\"article:modified_time\" content=\"2025-09-05T05:41:02+00:00\" \/>\n<meta property=\"og:image\" content=\"https:\/\/regbu.com\/wp-content\/uploads\/2023\/07\/vidensky-rizek-jako-symbol-rakouska.jpg\" \/>\n\t<meta property=\"og:image:width\" content=\"1200\" \/>\n\t<meta property=\"og:image:height\" content=\"676\" \/>\n\t<meta property=\"og:image:type\" content=\"image\/jpeg\" \/>\n<meta name=\"author\" content=\"George Martin\" \/>\n<meta name=\"twitter:card\" content=\"summary_large_image\" \/>\n<meta name=\"twitter:label1\" content=\"Autor\" \/>\n\t<meta name=\"twitter:data1\" content=\"George Martin\" \/>\n\t<meta name=\"twitter:label2\" content=\"Predpokladan\u00fd \u010das \u010d\u00edtania\" \/>\n\t<meta name=\"twitter:data2\" content=\"2 min\u00faty\" \/>\n<script type=\"application\/ld+json\" class=\"yoast-schema-graph\">{\"@context\":\"https:\\\/\\\/schema.org\",\"@graph\":[{\"@type\":\"Article\",\"@id\":\"https:\\\/\\\/regbu.com\\\/sk\\\/vidensky-rizek-as-symbol-of-austria\\\/#article\",\"isPartOf\":{\"@id\":\"https:\\\/\\\/regbu.com\\\/sk\\\/vidensky-rizek-as-symbol-of-austria\\\/\"},\"author\":{\"name\":\"George Martin\",\"@id\":\"https:\\\/\\\/regbu.com\\\/en\\\/#\\\/schema\\\/person\\\/94ea9deda2629771b8a9ced002f6784e\"},\"headline\":\"V\u00edde\u0148sk\u00fd \u0159\u00edzek jako symbol Rakouska\",\"datePublished\":\"2023-07-18T09:53:59+00:00\",\"dateModified\":\"2025-09-05T05:41:02+00:00\",\"mainEntityOfPage\":{\"@id\":\"https:\\\/\\\/regbu.com\\\/sk\\\/vidensky-rizek-as-symbol-of-austria\\\/\"},\"wordCount\":450,\"image\":{\"@id\":\"https:\\\/\\\/regbu.com\\\/sk\\\/vidensky-rizek-as-symbol-of-austria\\\/#primaryimage\"},\"thumbnailUrl\":\"https:\\\/\\\/regbu.com\\\/wp-content\\\/uploads\\\/2023\\\/07\\\/vidensky-rizek-jako-symbol-rakouska.jpg\",\"keywords\":[\"brambory\",\"k\u00fdta\",\"maso\",\"mouka\",\"petr\u017eel\",\"\u0159\u00edzek\",\"strouhanka\",\"telec\u00ed\",\"telec\u00ed k\u00fdta\",\"vejce\",\"v\u00edde\u0148sk\u00fd \u0159\u00edzek\"],\"articleSection\":[\"Va\u0159en\u00ed\"],\"inLanguage\":\"sk-SK\"},{\"@type\":\"WebPage\",\"@id\":\"https:\\\/\\\/regbu.com\\\/sk\\\/vidensky-rizek-as-symbol-of-austria\\\/\",\"url\":\"https:\\\/\\\/regbu.com\\\/sk\\\/vidensky-rizek-as-symbol-of-austria\\\/\",\"name\":\"V\u00edde\u0148sk\u00fd \u0159\u00edzek jako symbol Rakouska - REGBU.COM\",\"isPartOf\":{\"@id\":\"https:\\\/\\\/regbu.com\\\/en\\\/#website\"},\"primaryImageOfPage\":{\"@id\":\"https:\\\/\\\/regbu.com\\\/sk\\\/vidensky-rizek-as-symbol-of-austria\\\/#primaryimage\"},\"image\":{\"@id\":\"https:\\\/\\\/regbu.com\\\/sk\\\/vidensky-rizek-as-symbol-of-austria\\\/#primaryimage\"},\"thumbnailUrl\":\"https:\\\/\\\/regbu.com\\\/wp-content\\\/uploads\\\/2023\\\/07\\\/vidensky-rizek-jako-symbol-rakouska.jpg\",\"datePublished\":\"2023-07-18T09:53:59+00:00\",\"dateModified\":\"2025-09-05T05:41:02+00:00\",\"author\":{\"@id\":\"https:\\\/\\\/regbu.com\\\/en\\\/#\\\/schema\\\/person\\\/94ea9deda2629771b8a9ced002f6784e\"},\"description\":\"Nen\u00ed nic snaz\u0161\u00edho, ne\u017e si p\u0159ipravit lahodn\u00fd v\u00edde\u0148sk\u00fd \u0159\u00edzek. Prozrad\u00edme V\u00e1m, jak takov\u00fd porkm snadno a rychle vytvo\u0159it.\",\"breadcrumb\":{\"@id\":\"https:\\\/\\\/regbu.com\\\/sk\\\/vidensky-rizek-as-symbol-of-austria\\\/#breadcrumb\"},\"inLanguage\":\"sk-SK\",\"potentialAction\":[{\"@type\":\"ReadAction\",\"target\":[\"https:\\\/\\\/regbu.com\\\/sk\\\/vidensky-rizek-as-symbol-of-austria\\\/\"]}]},{\"@type\":\"ImageObject\",\"inLanguage\":\"sk-SK\",\"@id\":\"https:\\\/\\\/regbu.com\\\/sk\\\/vidensky-rizek-as-symbol-of-austria\\\/#primaryimage\",\"url\":\"https:\\\/\\\/regbu.com\\\/wp-content\\\/uploads\\\/2023\\\/07\\\/vidensky-rizek-jako-symbol-rakouska.jpg\",\"contentUrl\":\"https:\\\/\\\/regbu.com\\\/wp-content\\\/uploads\\\/2023\\\/07\\\/vidensky-rizek-jako-symbol-rakouska.jpg\",\"width\":1200,\"height\":676,\"caption\":\"V\u00edde\u0148sk\u00fd \u0159\u00edzek jako symbol Rakouska\"},{\"@type\":\"BreadcrumbList\",\"@id\":\"https:\\\/\\\/regbu.com\\\/sk\\\/vidensky-rizek-as-symbol-of-austria\\\/#breadcrumb\",\"itemListElement\":[{\"@type\":\"ListItem\",\"position\":1,\"name\":\"Home\",\"item\":\"https:\\\/\\\/regbu.com\\\/en\\\/\"},{\"@type\":\"ListItem\",\"position\":2,\"name\":\"V\u00edde\u0148sk\u00fd \u0159\u00edzek jako symbol Rakouska\"}]},{\"@type\":\"WebSite\",\"@id\":\"https:\\\/\\\/regbu.com\\\/en\\\/#website\",\"url\":\"https:\\\/\\\/regbu.com\\\/en\\\/\",\"name\":\"REGBU.COM\",\"description\":\"\",\"potentialAction\":[{\"@type\":\"SearchAction\",\"target\":{\"@type\":\"EntryPoint\",\"urlTemplate\":\"https:\\\/\\\/regbu.com\\\/en\\\/?s={search_term_string}\"},\"query-input\":{\"@type\":\"PropertyValueSpecification\",\"valueRequired\":true,\"valueName\":\"search_term_string\"}}],\"inLanguage\":\"sk-SK\"},{\"@type\":\"Person\",\"@id\":\"https:\\\/\\\/regbu.com\\\/en\\\/#\\\/schema\\\/person\\\/94ea9deda2629771b8a9ced002f6784e\",\"name\":\"George Martin\",\"url\":\"https:\\\/\\\/regbu.com\\\/sk\\\/author\\\/george-martin\\\/\"}]}<\/script>\n<!-- \/ Yoast SEO plugin. -->","yoast_head_json":{"title":"Viedensk\u00fd reze\u0148 ako symbol Rak\u00faska - REGBU.COM","description":"Nie je ni\u010d jednoduch\u0161ie ako pripravi\u0165 lahodn\u00fd viedensk\u00fd reze\u0148. Uk\u00e1\u017eeme v\u00e1m, ako si ho \u013eahko a r\u00fdchlo pripravi\u0165.","robots":{"index":"index","follow":"follow","max-snippet":"max-snippet:-1","max-image-preview":"max-image-preview:large","max-video-preview":"max-video-preview:-1"},"canonical":"https:\/\/regbu.com\/sk\/vidensky-rizek-as-symbol-of-austria\/","og_locale":"sk_SK","og_type":"article","og_title":"V\u00edde\u0148sk\u00fd \u0159\u00edzek jako symbol Rakouska - REGBU.COM","og_description":"Nen\u00ed nic snaz\u0161\u00edho, ne\u017e si p\u0159ipravit lahodn\u00fd v\u00edde\u0148sk\u00fd \u0159\u00edzek. Prozrad\u00edme V\u00e1m, jak takov\u00fd porkm snadno a rychle vytvo\u0159it.","og_url":"https:\/\/regbu.com\/sk\/vidensky-rizek-as-symbol-of-austria\/","og_site_name":"REGBU.COM","article_published_time":"2023-07-18T09:53:59+00:00","article_modified_time":"2025-09-05T05:41:02+00:00","og_image":[{"width":1200,"height":676,"url":"https:\/\/regbu.com\/wp-content\/uploads\/2023\/07\/vidensky-rizek-jako-symbol-rakouska.jpg","type":"image\/jpeg"}],"author":"George Martin","twitter_card":"summary_large_image","twitter_misc":{"Autor":"George Martin","Predpokladan\u00fd \u010das \u010d\u00edtania":"2 min\u00faty"},"schema":{"@context":"https:\/\/schema.org","@graph":[{"@type":"Article","@id":"https:\/\/regbu.com\/sk\/vidensky-rizek-as-symbol-of-austria\/#article","isPartOf":{"@id":"https:\/\/regbu.com\/sk\/vidensky-rizek-as-symbol-of-austria\/"},"author":{"name":"George Martin","@id":"https:\/\/regbu.com\/en\/#\/schema\/person\/94ea9deda2629771b8a9ced002f6784e"},"headline":"V\u00edde\u0148sk\u00fd \u0159\u00edzek jako symbol Rakouska","datePublished":"2023-07-18T09:53:59+00:00","dateModified":"2025-09-05T05:41:02+00:00","mainEntityOfPage":{"@id":"https:\/\/regbu.com\/sk\/vidensky-rizek-as-symbol-of-austria\/"},"wordCount":450,"image":{"@id":"https:\/\/regbu.com\/sk\/vidensky-rizek-as-symbol-of-austria\/#primaryimage"},"thumbnailUrl":"https:\/\/regbu.com\/wp-content\/uploads\/2023\/07\/vidensky-rizek-jako-symbol-rakouska.jpg","keywords":["brambory","k\u00fdta","maso","mouka","petr\u017eel","\u0159\u00edzek","strouhanka","telec\u00ed","telec\u00ed k\u00fdta","vejce","v\u00edde\u0148sk\u00fd \u0159\u00edzek"],"articleSection":["Va\u0159en\u00ed"],"inLanguage":"sk-SK"},{"@type":"WebPage","@id":"https:\/\/regbu.com\/sk\/vidensky-rizek-as-symbol-of-austria\/","url":"https:\/\/regbu.com\/sk\/vidensky-rizek-as-symbol-of-austria\/","name":"Viedensk\u00fd reze\u0148 ako symbol Rak\u00faska - REGBU.COM","isPartOf":{"@id":"https:\/\/regbu.com\/en\/#website"},"primaryImageOfPage":{"@id":"https:\/\/regbu.com\/sk\/vidensky-rizek-as-symbol-of-austria\/#primaryimage"},"image":{"@id":"https:\/\/regbu.com\/sk\/vidensky-rizek-as-symbol-of-austria\/#primaryimage"},"thumbnailUrl":"https:\/\/regbu.com\/wp-content\/uploads\/2023\/07\/vidensky-rizek-jako-symbol-rakouska.jpg","datePublished":"2023-07-18T09:53:59+00:00","dateModified":"2025-09-05T05:41:02+00:00","author":{"@id":"https:\/\/regbu.com\/en\/#\/schema\/person\/94ea9deda2629771b8a9ced002f6784e"},"description":"Nie je ni\u010d jednoduch\u0161ie ako pripravi\u0165 lahodn\u00fd viedensk\u00fd reze\u0148. Uk\u00e1\u017eeme v\u00e1m, ako si ho \u013eahko a r\u00fdchlo pripravi\u0165.","breadcrumb":{"@id":"https:\/\/regbu.com\/sk\/vidensky-rizek-as-symbol-of-austria\/#breadcrumb"},"inLanguage":"sk-SK","potentialAction":[{"@type":"ReadAction","target":["https:\/\/regbu.com\/sk\/vidensky-rizek-as-symbol-of-austria\/"]}]},{"@type":"ImageObject","inLanguage":"sk-SK","@id":"https:\/\/regbu.com\/sk\/vidensky-rizek-as-symbol-of-austria\/#primaryimage","url":"https:\/\/regbu.com\/wp-content\/uploads\/2023\/07\/vidensky-rizek-jako-symbol-rakouska.jpg","contentUrl":"https:\/\/regbu.com\/wp-content\/uploads\/2023\/07\/vidensky-rizek-jako-symbol-rakouska.jpg","width":1200,"height":676,"caption":"V\u00edde\u0148sk\u00fd \u0159\u00edzek jako symbol Rakouska"},{"@type":"BreadcrumbList","@id":"https:\/\/regbu.com\/sk\/vidensky-rizek-as-symbol-of-austria\/#breadcrumb","itemListElement":[{"@type":"ListItem","position":1,"name":"Home","item":"https:\/\/regbu.com\/en\/"},{"@type":"ListItem","position":2,"name":"V\u00edde\u0148sk\u00fd \u0159\u00edzek jako symbol Rakouska"}]},{"@type":"WebSite","@id":"https:\/\/regbu.com\/en\/#website","url":"https:\/\/regbu.com\/en\/","name":"REGBU.COM","description":"","potentialAction":[{"@type":"SearchAction","target":{"@type":"EntryPoint","urlTemplate":"https:\/\/regbu.com\/en\/?s={search_term_string}"},"query-input":{"@type":"PropertyValueSpecification","valueRequired":true,"valueName":"search_term_string"}}],"inLanguage":"sk-SK"},{"@type":"Person","@id":"https:\/\/regbu.com\/en\/#\/schema\/person\/94ea9deda2629771b8a9ced002f6784e","name":"George Martin","url":"https:\/\/regbu.com\/sk\/author\/george-martin\/"}]}},"_links":{"self":[{"href":"https:\/\/regbu.com\/sk\/wp-json\/wp\/v2\/posts\/1144","targetHints":{"allow":["GET"]}}],"collection":[{"href":"https:\/\/regbu.com\/sk\/wp-json\/wp\/v2\/posts"}],"about":[{"href":"https:\/\/regbu.com\/sk\/wp-json\/wp\/v2\/types\/post"}],"author":[{"embeddable":true,"href":"https:\/\/regbu.com\/sk\/wp-json\/wp\/v2\/users\/2"}],"replies":[{"embeddable":true,"href":"https:\/\/regbu.com\/sk\/wp-json\/wp\/v2\/comments?post=1144"}],"version-history":[{"count":2,"href":"https:\/\/regbu.com\/sk\/wp-json\/wp\/v2\/posts\/1144\/revisions"}],"predecessor-version":[{"id":1151,"href":"https:\/\/regbu.com\/sk\/wp-json\/wp\/v2\/posts\/1144\/revisions\/1151"}],"wp:featuredmedia":[{"embeddable":true,"href":"https:\/\/regbu.com\/sk\/wp-json\/wp\/v2\/media\/1145"}],"wp:attachment":[{"href":"https:\/\/regbu.com\/sk\/wp-json\/wp\/v2\/media?parent=1144"}],"wp:term":[{"taxonomy":"category","embeddable":true,"href":"https:\/\/regbu.com\/sk\/wp-json\/wp\/v2\/categories?post=1144"},{"taxonomy":"post_tag","embeddable":true,"href":"https:\/\/regbu.com\/sk\/wp-json\/wp\/v2\/tags?post=1144"}],"curies":[{"name":"wp","href":"https:\/\/api.w.org\/{rel}","templated":true}]}}