{"id":1022,"date":"2023-07-12T16:37:08","date_gmt":"2023-07-12T14:37:08","guid":{"rendered":"https:\/\/regbu.com\/?p=1022"},"modified":"2025-09-05T07:41:11","modified_gmt":"2025-09-05T05:41:11","slug":"obezita-je-nepritelem-dospelych-i-deti","status":"publish","type":"post","link":"https:\/\/regbu.com\/sk\/obezita-je-dospelych-a-detska-obezita\/","title":{"rendered":"Obezita je nepriate\u013eom dospel\u00fdch aj det\u00ed"},"content":{"rendered":"<p>Obezita sa st\u00e1va ne\u017eiaducim stavom, ktor\u00fd ohrozuje prakticky cel\u00e9 \u013eudstvo. Nie je to choroba ako napr. <strong><a href=\"https:\/\/regbu.com\/sk\/zamorenie-slepych-stromov-pozornost-na-tom\/\">z\u00e1pal slep\u00e9ho \u010dreva<\/a><\/strong>. Jeho priebeh v\u0161ak nie je pr\u00edjemn\u00fd. Ka\u017ed\u00fd asi spr\u00e1vne tu\u0161\u00ed, \u017ee za t\u00fdmto v\u00fdrazom sa skr\u00fdva nadv\u00e1ha. M\u00f4\u017ee ma\u0165 nieko\u013eko pr\u00ed\u010din.<\/p>\n\n\n\n<ul class=\"wp-block-list\">\n<li>Vysok\u00fd pr\u00edjem sladk\u00e9ho<\/li>\n\n\n\n<li>Stres<\/li>\n\n\n\n<li>Mal\u00fd pohyb<\/li>\n<\/ul>\n\n\n\n<p>K tomu sa samozrejme prid\u00e1va nedostatok sp\u00e1nku, sedenie det\u00ed pred telev\u00edznymi obrazovkami a smartf\u00f3nmi, faj\u010denie a nadmern\u00e9 pitie alkoholu u dospel\u00fdch.<\/p>\n\n\n\n<h2 class=\"wp-block-heading\">Zl\u00e1 strava a obezita id\u00fa ruka v ruke<\/h2>\n\n\n\n<p>Nem\u00e1 zmysel sa klama\u0165, o vidite\u013en\u00fa nadv\u00e1hu sa z ve\u013ekej \u010dasti star\u00e1 nevhodn\u00fd pr\u00edjem potravy. Ak nechcete, aby va\u0161e <em>deti tr\u00e1pila obezita<\/em>, mus\u00edte do ich stravy zaradi\u0165 \u010do najviac zdrav\u00fdch potrav\u00edn.<\/p>\n\n\n\n<figure class=\"wp-block-table\"><table><tbody><tr><td><strong>Oblas\u0165<\/strong><\/td><td><strong>Potraviny<\/strong><\/td><\/tr><tr><td>Sacharidy<\/td><td>Zemiaky, ry\u017ea a celozrnn\u00fd chlieb<\/td><\/tr><tr><td>Prote\u00edn<\/td><td>M\u00e4so a mlie\u010dne v\u00fdrobky<\/td><\/tr><tr><td>Ovocie a zelenina<\/td><td>2 a\u017e 3-kr\u00e1t denne<\/td><\/tr><tr><td>N\u00e1poj<\/td><td>\u010cist\u00e1 voda<\/td><\/tr><\/tbody><\/table><figcaption class=\"wp-element-caption\">Ak\u00e9 potraviny mo\u017eno pova\u017eova\u0165 za vhodn\u00e9 pri obezite?<\/figcaption><\/figure>\n\n\n\n<p>Rodi\u010dia sa m\u00f4\u017eu o detsk\u00fa obezitu stara\u0165 v podstate od narodenia svojho die\u0165a\u0165a. Medzi pozit\u00edvne faktory patr\u00ed napr\u00edklad doj\u010denie. Pridanie zdrav\u00fdch potrav\u00edn <strong>pravideln\u00e9 ra\u0148ajky<\/strong> a v neposlednom rade pohyb.<\/p>\n\n\n\n<h3 class=\"wp-block-heading\">Nadv\u00e1ha v detstve je nebezpe\u010dn\u00e1<\/h3>\n\n\n\n<p>Detsk\u00e1 obezita teda nie je len o tom, \u017ee die\u0165a je na prv\u00fd poh\u013ead tu\u010dn\u00e9 a m\u00f4\u017ee po\u010du\u0165 ve\u013ea nad\u00e1vok od svojich rovesn\u00edkov. S\u00fa tu predov\u0161etk\u00fdm zdravotn\u00e9 rizik\u00e1 a \u0165a\u017ekosti. V\u0161etko sa za\u010d\u00edna napr\u00edklad nekvalitn\u00fdm sp\u00e1nkom a bude pokra\u010dova\u0165 cievnymi ochoreniami. Ob\u00e9zni \u013eudia zvy\u010dajne trpia ochoreniami d\u00fdchacieho syst\u00e9mu a maj\u00fa probl\u00e9my s tr\u00e1ven\u00edm.<\/p>\n\n\n\n<p>Obezita sa sp\u00e1ja aj s endokrinn\u00fdmi abnormalitami a metabolick\u00fdm syndr\u00f3mom. To m\u00f4\u017ee ma\u0165 za n\u00e1sledok <strong>ne\u017eiaduca cukrovka<\/strong>. Zoznam nebezpe\u010dn\u00fdch stavov by ur\u010dite mohol pokra\u010dova\u0165 - ko\u017en\u00e9 probl\u00e9my a psychick\u00e9 poruchy.<\/p>\n\n\n\n<p>V\u00fdpo\u010det nadv\u00e1hy u det\u00ed a dospel\u00fdch je zalo\u017een\u00fd na hodnote BMI. Za touto skratkou sa skr\u00fdva index telesnej hmotnosti, ktor\u00fd hodnot\u00ed obezitu \u010dloveka. Mal by to by\u0165 ak\u00fdsi pomyseln\u00fd odrazov\u00fd most\u00edk pri h\u013eadan\u00ed mo\u017en\u00fdch probl\u00e9mov. \u010c\u00edm sk\u00f4r za\u010dnete bojova\u0165 proti obezite, t\u00fdm lep\u0161ie.<\/p>","protected":false},"excerpt":{"rendered":"<p>Obezita sa st\u00e1va ne\u017eiaducim stavom, ktor\u00fd ohrozuje prakticky cel\u00e9 \u013eudstvo. Nie je to choroba ako napr\u00edklad z\u00e1pal slep\u00e9ho \u010dreva. Jej priebeh v\u0161ak nie je pr\u00edjemn\u00fd. Ka\u017ed\u00fd asi spr\u00e1vne tu\u0161\u00ed, \u017ee za t\u00fdmto v\u00fdrazom sa skr\u00fdva nadv\u00e1ha. M\u00f4\u017ee ma\u0165 nieko\u013eko pr\u00ed\u010din. A potom je tu nedostatok sp\u00e1nku, vysed\u00e1vanie... <\/p>","protected":false},"author":2,"featured_media":1023,"comment_status":"closed","ping_status":"closed","sticky":false,"template":"","format":"standard","meta":{"footnotes":""},"categories":[197],"tags":[1058,1059,1048,17,1060,1057,1062,1063,168,664,1061],"class_list":["post-1022","post","type-post","status-publish","format-standard","has-post-thumbnail","hentry","category-lidske-zdravi","tag-deti","tag-dospeli","tag-jidelnicek","tag-jidlo","tag-nadvaha","tag-obezita","tag-pohyb","tag-sladke","tag-stravovani","tag-stres","tag-tloustka"],"yoast_head":"<!-- This site is optimized with the Yoast SEO plugin v27.4 - https:\/\/yoast.com\/product\/yoast-seo-wordpress\/ -->\n<title>Obezita je nep\u0159\u00edtelem dosp\u011bl\u00fdch i d\u011bt\u00ed - REGBU.COM<\/title>\n<meta name=\"description\" content=\"Obezita je stavem, kter\u00fd nen\u00ed dobr\u00e9 br\u00e1t na lehkou v\u00e1hu a jakkoliv podce\u0148ovat. Chra\u0148te sebe i sv\u00e9 d\u011bti p\u0159ed obezitou.\" \/>\n<meta name=\"robots\" content=\"index, follow, max-snippet:-1, max-image-preview:large, max-video-preview:-1\" \/>\n<link rel=\"canonical\" href=\"https:\/\/regbu.com\/sk\/obezita-je-dospelych-a-detska-obezita\/\" \/>\n<meta property=\"og:locale\" content=\"sk_SK\" \/>\n<meta property=\"og:type\" content=\"article\" \/>\n<meta property=\"og:title\" content=\"Obezita je nep\u0159\u00edtelem dosp\u011bl\u00fdch i d\u011bt\u00ed - REGBU.COM\" \/>\n<meta property=\"og:description\" content=\"Obezita je stavem, kter\u00fd nen\u00ed dobr\u00e9 br\u00e1t na lehkou v\u00e1hu a jakkoliv podce\u0148ovat. Chra\u0148te sebe i sv\u00e9 d\u011bti p\u0159ed obezitou.\" \/>\n<meta property=\"og:url\" content=\"https:\/\/regbu.com\/sk\/obezita-je-dospelych-a-detska-obezita\/\" \/>\n<meta property=\"og:site_name\" content=\"REGBU.COM\" \/>\n<meta property=\"article:published_time\" content=\"2023-07-12T14:37:08+00:00\" \/>\n<meta property=\"article:modified_time\" content=\"2025-09-05T05:41:11+00:00\" \/>\n<meta property=\"og:image\" content=\"https:\/\/regbu.com\/wp-content\/uploads\/2023\/07\/obezita-je-nepritelem-dospelych-i-deti.jpg\" \/>\n\t<meta property=\"og:image:width\" content=\"1200\" \/>\n\t<meta property=\"og:image:height\" content=\"677\" \/>\n\t<meta property=\"og:image:type\" content=\"image\/jpeg\" \/>\n<meta name=\"author\" content=\"George Martin\" \/>\n<meta name=\"twitter:card\" content=\"summary_large_image\" \/>\n<meta name=\"twitter:label1\" content=\"Autor\" \/>\n\t<meta name=\"twitter:data1\" content=\"George Martin\" \/>\n\t<meta name=\"twitter:label2\" content=\"Predpokladan\u00fd \u010das \u010d\u00edtania\" \/>\n\t<meta name=\"twitter:data2\" content=\"2 min\u00faty\" \/>\n<script type=\"application\/ld+json\" class=\"yoast-schema-graph\">{\"@context\":\"https:\\\/\\\/schema.org\",\"@graph\":[{\"@type\":\"Article\",\"@id\":\"https:\\\/\\\/regbu.com\\\/sk\\\/obezita-je-dospelych-a-detska-obezita\\\/#article\",\"isPartOf\":{\"@id\":\"https:\\\/\\\/regbu.com\\\/sk\\\/obezita-je-dospelych-a-detska-obezita\\\/\"},\"author\":{\"name\":\"George Martin\",\"@id\":\"https:\\\/\\\/regbu.com\\\/en\\\/#\\\/schema\\\/person\\\/94ea9deda2629771b8a9ced002f6784e\"},\"headline\":\"Obezita je nep\u0159\u00edtelem dosp\u011bl\u00fdch i d\u011bt\u00ed\",\"datePublished\":\"2023-07-12T14:37:08+00:00\",\"dateModified\":\"2025-09-05T05:41:11+00:00\",\"mainEntityOfPage\":{\"@id\":\"https:\\\/\\\/regbu.com\\\/sk\\\/obezita-je-dospelych-a-detska-obezita\\\/\"},\"wordCount\":472,\"image\":{\"@id\":\"https:\\\/\\\/regbu.com\\\/sk\\\/obezita-je-dospelych-a-detska-obezita\\\/#primaryimage\"},\"thumbnailUrl\":\"https:\\\/\\\/regbu.com\\\/wp-content\\\/uploads\\\/2023\\\/07\\\/obezita-je-nepritelem-dospelych-i-deti.jpg\",\"keywords\":[\"d\u011bti\",\"dosp\u011bl\u00ed\",\"j\u00eddeln\u00ed\u010dek\",\"j\u00eddlo\",\"nadv\u00e1ha\",\"obezita\",\"pohyb\",\"sladk\u00e9\",\"stravov\u00e1n\u00ed\",\"stres\",\"tlou\u0161\u0165ka\"],\"articleSection\":[\"Lidsk\u00e9 Zdrav\u00ed\"],\"inLanguage\":\"sk-SK\"},{\"@type\":\"WebPage\",\"@id\":\"https:\\\/\\\/regbu.com\\\/sk\\\/obezita-je-dospelych-a-detska-obezita\\\/\",\"url\":\"https:\\\/\\\/regbu.com\\\/sk\\\/obezita-je-dospelych-a-detska-obezita\\\/\",\"name\":\"Obezita je nep\u0159\u00edtelem dosp\u011bl\u00fdch i d\u011bt\u00ed - REGBU.COM\",\"isPartOf\":{\"@id\":\"https:\\\/\\\/regbu.com\\\/en\\\/#website\"},\"primaryImageOfPage\":{\"@id\":\"https:\\\/\\\/regbu.com\\\/sk\\\/obezita-je-dospelych-a-detska-obezita\\\/#primaryimage\"},\"image\":{\"@id\":\"https:\\\/\\\/regbu.com\\\/sk\\\/obezita-je-dospelych-a-detska-obezita\\\/#primaryimage\"},\"thumbnailUrl\":\"https:\\\/\\\/regbu.com\\\/wp-content\\\/uploads\\\/2023\\\/07\\\/obezita-je-nepritelem-dospelych-i-deti.jpg\",\"datePublished\":\"2023-07-12T14:37:08+00:00\",\"dateModified\":\"2025-09-05T05:41:11+00:00\",\"author\":{\"@id\":\"https:\\\/\\\/regbu.com\\\/en\\\/#\\\/schema\\\/person\\\/94ea9deda2629771b8a9ced002f6784e\"},\"description\":\"Obezita je stavem, kter\u00fd nen\u00ed dobr\u00e9 br\u00e1t na lehkou v\u00e1hu a jakkoliv podce\u0148ovat. Chra\u0148te sebe i sv\u00e9 d\u011bti p\u0159ed obezitou.\",\"breadcrumb\":{\"@id\":\"https:\\\/\\\/regbu.com\\\/sk\\\/obezita-je-dospelych-a-detska-obezita\\\/#breadcrumb\"},\"inLanguage\":\"sk-SK\",\"potentialAction\":[{\"@type\":\"ReadAction\",\"target\":[\"https:\\\/\\\/regbu.com\\\/sk\\\/obezita-je-dospelych-a-detska-obezita\\\/\"]}]},{\"@type\":\"ImageObject\",\"inLanguage\":\"sk-SK\",\"@id\":\"https:\\\/\\\/regbu.com\\\/sk\\\/obezita-je-dospelych-a-detska-obezita\\\/#primaryimage\",\"url\":\"https:\\\/\\\/regbu.com\\\/wp-content\\\/uploads\\\/2023\\\/07\\\/obezita-je-nepritelem-dospelych-i-deti.jpg\",\"contentUrl\":\"https:\\\/\\\/regbu.com\\\/wp-content\\\/uploads\\\/2023\\\/07\\\/obezita-je-nepritelem-dospelych-i-deti.jpg\",\"width\":1200,\"height\":677,\"caption\":\"Obezita je nep\u0159\u00edtelem dosp\u011bl\u00fdch i d\u011bt\u00ed\"},{\"@type\":\"BreadcrumbList\",\"@id\":\"https:\\\/\\\/regbu.com\\\/sk\\\/obezita-je-dospelych-a-detska-obezita\\\/#breadcrumb\",\"itemListElement\":[{\"@type\":\"ListItem\",\"position\":1,\"name\":\"Home\",\"item\":\"https:\\\/\\\/regbu.com\\\/en\\\/\"},{\"@type\":\"ListItem\",\"position\":2,\"name\":\"Obezita je nep\u0159\u00edtelem dosp\u011bl\u00fdch i d\u011bt\u00ed\"}]},{\"@type\":\"WebSite\",\"@id\":\"https:\\\/\\\/regbu.com\\\/en\\\/#website\",\"url\":\"https:\\\/\\\/regbu.com\\\/en\\\/\",\"name\":\"REGBU.COM\",\"description\":\"\",\"potentialAction\":[{\"@type\":\"SearchAction\",\"target\":{\"@type\":\"EntryPoint\",\"urlTemplate\":\"https:\\\/\\\/regbu.com\\\/en\\\/?s={search_term_string}\"},\"query-input\":{\"@type\":\"PropertyValueSpecification\",\"valueRequired\":true,\"valueName\":\"search_term_string\"}}],\"inLanguage\":\"sk-SK\"},{\"@type\":\"Person\",\"@id\":\"https:\\\/\\\/regbu.com\\\/en\\\/#\\\/schema\\\/person\\\/94ea9deda2629771b8a9ced002f6784e\",\"name\":\"George Martin\",\"url\":\"https:\\\/\\\/regbu.com\\\/sk\\\/author\\\/george-martin\\\/\"}]}<\/script>\n<!-- \/ Yoast SEO plugin. -->","yoast_head_json":{"title":"Obezita je nepriate\u013eom dospel\u00fdch aj det\u00ed - REGBU.COM","description":"Obezita je ochorenie, ktor\u00e9 by sa nemalo bra\u0165 na \u013eahk\u00fa v\u00e1hu alebo v \u017eiadnom pr\u00edpade podce\u0148ova\u0165. Chr\u00e1\u0148te seba a svoje deti pred obezitou.","robots":{"index":"index","follow":"follow","max-snippet":"max-snippet:-1","max-image-preview":"max-image-preview:large","max-video-preview":"max-video-preview:-1"},"canonical":"https:\/\/regbu.com\/sk\/obezita-je-dospelych-a-detska-obezita\/","og_locale":"sk_SK","og_type":"article","og_title":"Obezita je nep\u0159\u00edtelem dosp\u011bl\u00fdch i d\u011bt\u00ed - REGBU.COM","og_description":"Obezita je stavem, kter\u00fd nen\u00ed dobr\u00e9 br\u00e1t na lehkou v\u00e1hu a jakkoliv podce\u0148ovat. Chra\u0148te sebe i sv\u00e9 d\u011bti p\u0159ed obezitou.","og_url":"https:\/\/regbu.com\/sk\/obezita-je-dospelych-a-detska-obezita\/","og_site_name":"REGBU.COM","article_published_time":"2023-07-12T14:37:08+00:00","article_modified_time":"2025-09-05T05:41:11+00:00","og_image":[{"width":1200,"height":677,"url":"https:\/\/regbu.com\/wp-content\/uploads\/2023\/07\/obezita-je-nepritelem-dospelych-i-deti.jpg","type":"image\/jpeg"}],"author":"George Martin","twitter_card":"summary_large_image","twitter_misc":{"Autor":"George Martin","Predpokladan\u00fd \u010das \u010d\u00edtania":"2 min\u00faty"},"schema":{"@context":"https:\/\/schema.org","@graph":[{"@type":"Article","@id":"https:\/\/regbu.com\/sk\/obezita-je-dospelych-a-detska-obezita\/#article","isPartOf":{"@id":"https:\/\/regbu.com\/sk\/obezita-je-dospelych-a-detska-obezita\/"},"author":{"name":"George Martin","@id":"https:\/\/regbu.com\/en\/#\/schema\/person\/94ea9deda2629771b8a9ced002f6784e"},"headline":"Obezita je nep\u0159\u00edtelem dosp\u011bl\u00fdch i d\u011bt\u00ed","datePublished":"2023-07-12T14:37:08+00:00","dateModified":"2025-09-05T05:41:11+00:00","mainEntityOfPage":{"@id":"https:\/\/regbu.com\/sk\/obezita-je-dospelych-a-detska-obezita\/"},"wordCount":472,"image":{"@id":"https:\/\/regbu.com\/sk\/obezita-je-dospelych-a-detska-obezita\/#primaryimage"},"thumbnailUrl":"https:\/\/regbu.com\/wp-content\/uploads\/2023\/07\/obezita-je-nepritelem-dospelych-i-deti.jpg","keywords":["d\u011bti","dosp\u011bl\u00ed","j\u00eddeln\u00ed\u010dek","j\u00eddlo","nadv\u00e1ha","obezita","pohyb","sladk\u00e9","stravov\u00e1n\u00ed","stres","tlou\u0161\u0165ka"],"articleSection":["Lidsk\u00e9 Zdrav\u00ed"],"inLanguage":"sk-SK"},{"@type":"WebPage","@id":"https:\/\/regbu.com\/sk\/obezita-je-dospelych-a-detska-obezita\/","url":"https:\/\/regbu.com\/sk\/obezita-je-dospelych-a-detska-obezita\/","name":"Obezita je nepriate\u013eom dospel\u00fdch aj det\u00ed - REGBU.COM","isPartOf":{"@id":"https:\/\/regbu.com\/en\/#website"},"primaryImageOfPage":{"@id":"https:\/\/regbu.com\/sk\/obezita-je-dospelych-a-detska-obezita\/#primaryimage"},"image":{"@id":"https:\/\/regbu.com\/sk\/obezita-je-dospelych-a-detska-obezita\/#primaryimage"},"thumbnailUrl":"https:\/\/regbu.com\/wp-content\/uploads\/2023\/07\/obezita-je-nepritelem-dospelych-i-deti.jpg","datePublished":"2023-07-12T14:37:08+00:00","dateModified":"2025-09-05T05:41:11+00:00","author":{"@id":"https:\/\/regbu.com\/en\/#\/schema\/person\/94ea9deda2629771b8a9ced002f6784e"},"description":"Obezita je ochorenie, ktor\u00e9 by sa nemalo bra\u0165 na \u013eahk\u00fa v\u00e1hu alebo v \u017eiadnom pr\u00edpade podce\u0148ova\u0165. Chr\u00e1\u0148te seba a svoje deti pred obezitou.","breadcrumb":{"@id":"https:\/\/regbu.com\/sk\/obezita-je-dospelych-a-detska-obezita\/#breadcrumb"},"inLanguage":"sk-SK","potentialAction":[{"@type":"ReadAction","target":["https:\/\/regbu.com\/sk\/obezita-je-dospelych-a-detska-obezita\/"]}]},{"@type":"ImageObject","inLanguage":"sk-SK","@id":"https:\/\/regbu.com\/sk\/obezita-je-dospelych-a-detska-obezita\/#primaryimage","url":"https:\/\/regbu.com\/wp-content\/uploads\/2023\/07\/obezita-je-nepritelem-dospelych-i-deti.jpg","contentUrl":"https:\/\/regbu.com\/wp-content\/uploads\/2023\/07\/obezita-je-nepritelem-dospelych-i-deti.jpg","width":1200,"height":677,"caption":"Obezita je nep\u0159\u00edtelem dosp\u011bl\u00fdch i d\u011bt\u00ed"},{"@type":"BreadcrumbList","@id":"https:\/\/regbu.com\/sk\/obezita-je-dospelych-a-detska-obezita\/#breadcrumb","itemListElement":[{"@type":"ListItem","position":1,"name":"Home","item":"https:\/\/regbu.com\/en\/"},{"@type":"ListItem","position":2,"name":"Obezita je nep\u0159\u00edtelem dosp\u011bl\u00fdch i d\u011bt\u00ed"}]},{"@type":"WebSite","@id":"https:\/\/regbu.com\/en\/#website","url":"https:\/\/regbu.com\/en\/","name":"REGBU.COM","description":"","potentialAction":[{"@type":"SearchAction","target":{"@type":"EntryPoint","urlTemplate":"https:\/\/regbu.com\/en\/?s={search_term_string}"},"query-input":{"@type":"PropertyValueSpecification","valueRequired":true,"valueName":"search_term_string"}}],"inLanguage":"sk-SK"},{"@type":"Person","@id":"https:\/\/regbu.com\/en\/#\/schema\/person\/94ea9deda2629771b8a9ced002f6784e","name":"George Martin","url":"https:\/\/regbu.com\/sk\/author\/george-martin\/"}]}},"_links":{"self":[{"href":"https:\/\/regbu.com\/sk\/wp-json\/wp\/v2\/posts\/1022","targetHints":{"allow":["GET"]}}],"collection":[{"href":"https:\/\/regbu.com\/sk\/wp-json\/wp\/v2\/posts"}],"about":[{"href":"https:\/\/regbu.com\/sk\/wp-json\/wp\/v2\/types\/post"}],"author":[{"embeddable":true,"href":"https:\/\/regbu.com\/sk\/wp-json\/wp\/v2\/users\/2"}],"replies":[{"embeddable":true,"href":"https:\/\/regbu.com\/sk\/wp-json\/wp\/v2\/comments?post=1022"}],"version-history":[{"count":2,"href":"https:\/\/regbu.com\/sk\/wp-json\/wp\/v2\/posts\/1022\/revisions"}],"predecessor-version":[{"id":1029,"href":"https:\/\/regbu.com\/sk\/wp-json\/wp\/v2\/posts\/1022\/revisions\/1029"}],"wp:featuredmedia":[{"embeddable":true,"href":"https:\/\/regbu.com\/sk\/wp-json\/wp\/v2\/media\/1023"}],"wp:attachment":[{"href":"https:\/\/regbu.com\/sk\/wp-json\/wp\/v2\/media?parent=1022"}],"wp:term":[{"taxonomy":"category","embeddable":true,"href":"https:\/\/regbu.com\/sk\/wp-json\/wp\/v2\/categories?post=1022"},{"taxonomy":"post_tag","embeddable":true,"href":"https:\/\/regbu.com\/sk\/wp-json\/wp\/v2\/tags?post=1022"}],"curies":[{"name":"wp","href":"https:\/\/api.w.org\/{rel}","templated":true}]}}