{"id":1010,"date":"2023-07-12T16:23:21","date_gmt":"2023-07-12T14:23:21","guid":{"rendered":"https:\/\/regbu.com\/?p=1010"},"modified":"2025-09-05T07:41:18","modified_gmt":"2025-09-05T05:41:18","slug":"klistova-encefalitida-je-zakernou-nemoci","status":"publish","type":"post","link":"https:\/\/regbu.com\/sk\/klystir-encefalitida-je-ochorenie-na-pozadi\/","title":{"rendered":"Klie\u0161\u0165ov\u00e1 encefalit\u00edda je z\u00e1kern\u00e9 ochorenie"},"content":{"rendered":"<p>Klie\u0161\u0165ov\u00e1 encefalit\u00edda nie je to ist\u00e9 ako <strong><a href=\"https:\/\/regbu.com\/sk\/obezita-je-dospelych-a-detska-obezita\/\">Obezita<\/a><\/strong>ktor\u00e9 si mnoh\u00ed \u013eudia sp\u00f4sobili sami. Ako prezr\u00e1dza n\u00e1zov ochorenia, zdrojom je infikovan\u00fd klie\u0161\u0165, ktor\u00fd predstavuje v\u00fdznamn\u00e9 riziko pre \u013eudsk\u00e9 zdravie. Okrem klie\u0161\u0165ovej encefalit\u00eddy s\u00fa klie\u0161te schopn\u00e9 pren\u00e1\u0161a\u0165 aj in\u00e9 choroby.<\/p>\n\n\n\n<ul class=\"wp-block-list\">\n<li>Lymsk\u00e1 boreli\u00f3za<\/li>\n\n\n\n<li>Anaplazm\u00f3za<\/li>\n\n\n\n<li>Tular\u00e9mia<\/li>\n<\/ul>\n\n\n\n<p>Je potrebn\u00e9 poznamena\u0165, \u017ee prisat\u00fd klie\u0161\u0165 nemus\u00ed by\u0165 p\u00f4vodcom ochorenia. N\u00e1kazlivos\u0165 klie\u0161\u0165ov je pribli\u017ene tri a\u017e p\u00e4\u0165 percent v z\u00e1vislosti od konkr\u00e9tneho miesta ur\u010denia.<\/p>\n\n\n\n<h2 class=\"wp-block-heading\">Klie\u0161\u0165ov\u00e1 encefalit\u00edda a jej \u0161t\u00e1di\u00e1<\/h2>\n\n\n\n<p>Encefalit\u00edda m\u00e1 v podstate dve f\u00e1zy. Prv\u00fa sprev\u00e1dza nevo\u013enos\u0165, boles\u0165 svalov, k\u013abov a hlavy. Tieto pr\u00edznaky sa postupne <strong>prida\u0165 hor\u00fa\u010dky<\/strong>. Najhor\u0161ie je, \u017ee pri encefalit\u00edde nen\u00e1jdete na ko\u017ei povestn\u00fa \u0161kvrnu ako pri boreli\u00f3ze. A \u010do \u0161\u00edrenie tejto choroby v \u010ceskej republike?<\/p>\n\n\n\n<figure class=\"wp-block-table\"><table><tbody><tr><td><strong>Rok<\/strong><\/td><td><strong>Po\u010det pacientov<\/strong><\/td><\/tr><tr><td>2008<\/td><td>631<\/td><\/tr><tr><td>2011<\/td><td>861<\/td><\/tr><tr><td>2018<\/td><td>715<\/td><\/tr><tr><td>2022<\/td><td>697<\/td><\/tr><\/tbody><\/table><figcaption class=\"wp-element-caption\">V\u00fdvoj klie\u0161\u0165ovej encefalit\u00eddy na z\u00e1klade historick\u00fdch \u00fadajov v \u010ceskej republike.<\/figcaption><\/figure>\n\n\n\n<p>Po prvej f\u00e1ze samozrejme prich\u00e1dza druh\u00e1, ktor\u00e1 je ove\u013ea hor\u0161ia. Infikovan\u00e1 osoba za\u010dne poci\u0165ova\u0165 ospalos\u0165, precitlivenos\u0165 na svetlo a neznesite\u013en\u00e9 bolesti hlavy. To je \u010dasto sprev\u00e1dzan\u00e9 zvracan\u00edm, ochrnut\u00edm doln\u00fdch a horn\u00fdch kon\u010dat\u00edn alebo \u00fapln\u00fdm stuhnut\u00edm krku.<\/p>\n\n\n\n<h3 class=\"wp-block-heading\">Obmedzen\u00e1 lie\u010dba a trval\u00e9 n\u00e1sledky<\/h3>\n\n\n\n<p>Klie\u0161\u0165ov\u00e1 encefalit\u00edda je spojen\u00e1 s&nbsp;<em>obmedzen\u00e9 mo\u017enosti lie\u010dby<\/em>. Dobr\u00fd imunitn\u00fd syst\u00e9m infikovanej osoby zohr\u00e1va k\u013e\u00fa\u010dov\u00fa \u00falohu v celom priebehu lie\u010dby. O\u010dkovanie je kapitola sama o sebe, ktor\u00fa netreba podce\u0148ova\u0165. Ochorenie je potom behom na dlh\u00e9 trate.<\/p>\n\n\n\n<p>Aj ke\u010f sa klie\u0161\u0165ov\u00e1 encefalit\u00edda vylie\u010di, niektor\u00ed jedinci m\u00f4\u017eu ma\u0165 trval\u00e9 n\u00e1sledky, ktor\u00e9 im znepr\u00edjem\u0148uj\u00fa ka\u017edodenn\u00fd \u017eivot. Typick\u00fdm pr\u00edkladom s\u00fa opakovan\u00e9 bolesti hlavy. M\u00f4\u017eu sa vyskytn\u00fa\u0165 <strong>probl\u00e9my so sluchom a pam\u00e4\u0165ou<\/strong>. M\u00f4\u017ee to s\u0165a\u017eova\u0165 s\u00fastredenie a samotn\u00e9 ochorenie m\u00f4\u017ee nar\u00fa\u0161a\u0165 sp\u00e1nok. V hor\u0161\u00edch pr\u00edpadoch d\u00f4jde k ochrnutiu kon\u010dat\u00edn a nepr\u00edjemn\u00e9mu stresu.<\/p>\n\n\n\n<p>Ak sa rozhodnete da\u0165 sa zao\u010dkova\u0165 proti klie\u0161\u0165ovej encefalit\u00edde, o\u010dak\u00e1vajte najmenej tri d\u00e1vky. Ka\u017ed\u00e1 \u010fal\u0161ia posil\u0148ovacia d\u00e1vka sa pod\u00e1va v intervale pribli\u017ene raz za p\u00e4\u0165 rokov.<\/p>","protected":false},"excerpt":{"rendered":"<p>Klie\u0161\u0165ov\u00e1 encefalit\u00edda nie je to ist\u00e9 ako obezita, za ktor\u00fa si mnoh\u00ed \u013eudia m\u00f4\u017eu sami. Ako prezr\u00e1dza n\u00e1zov ochorenia, zdrojom je infikovan\u00fd klie\u0161\u0165, ktor\u00fd predstavuje v\u00fdznamn\u00e9 riziko pre \u013eudsk\u00e9 zdravie. Okrem klie\u0161\u0165ovej encefalit\u00eddy s\u00fa klie\u0161te schopn\u00e9 pren\u00e1\u0161a\u0165 aj in\u00e9 ochorenia. Treba poznamena\u0165, \u017ee klie\u0161\u0165 nemus\u00ed by\u0165 hne\u010f p\u00f4vodcom tejto ... <\/p>","protected":false},"author":2,"featured_media":1011,"comment_status":"closed","ping_status":"closed","sticky":false,"template":"","format":"standard","meta":{"footnotes":""},"categories":[197],"tags":[1032,1029,1024,1025,1023,1028,1030,1026,1027,1031],"class_list":["post-1010","post","type-post","status-publish","format-standard","has-post-thumbnail","hentry","category-lidske-zdravi","tag-bolest","tag-borelioza","tag-encefalitida","tag-kliste","tag-klistova-encefalitida","tag-lecba","tag-naslecky","tag-nemoc","tag-onemocneni","tag-zvraceni"],"yoast_head":"<!-- This site is optimized with the Yoast SEO plugin v27.5 - https:\/\/yoast.com\/product\/yoast-seo-wordpress\/ -->\n<title>Kl\u00ed\u0161\u0165ov\u00e1 encefalitida je z\u00e1ke\u0159nou nemoc\u00ed - REGBU.COM<\/title>\n<meta name=\"description\" content=\"V\u00edte, co si p\u0159edstavit pod pojmem kl\u00ed\u0161\u0165ov\u00e1 encefalitida? Jde o pom\u011brn\u011b z\u00e1va\u017en\u00e9 onemocn\u011bn\u00ed, kter\u00e9 V\u00e1m podrovn\u011bji p\u0159ibl\u00ed\u017e\u00edme.\" \/>\n<meta name=\"robots\" content=\"index, follow, max-snippet:-1, max-image-preview:large, max-video-preview:-1\" \/>\n<link rel=\"canonical\" href=\"https:\/\/regbu.com\/sk\/klystir-encefalitida-je-ochorenie-na-pozadi\/\" \/>\n<meta property=\"og:locale\" content=\"sk_SK\" \/>\n<meta property=\"og:type\" content=\"article\" \/>\n<meta property=\"og:title\" content=\"Kl\u00ed\u0161\u0165ov\u00e1 encefalitida je z\u00e1ke\u0159nou nemoc\u00ed - REGBU.COM\" \/>\n<meta property=\"og:description\" content=\"V\u00edte, co si p\u0159edstavit pod pojmem kl\u00ed\u0161\u0165ov\u00e1 encefalitida? Jde o pom\u011brn\u011b z\u00e1va\u017en\u00e9 onemocn\u011bn\u00ed, kter\u00e9 V\u00e1m podrovn\u011bji p\u0159ibl\u00ed\u017e\u00edme.\" \/>\n<meta property=\"og:url\" content=\"https:\/\/regbu.com\/sk\/klystir-encefalitida-je-ochorenie-na-pozadi\/\" \/>\n<meta property=\"og:site_name\" content=\"REGBU.COM\" \/>\n<meta property=\"article:published_time\" content=\"2023-07-12T14:23:21+00:00\" \/>\n<meta property=\"article:modified_time\" content=\"2025-09-05T05:41:18+00:00\" \/>\n<meta property=\"og:image\" content=\"https:\/\/regbu.com\/wp-content\/uploads\/2023\/07\/klistova-encefalitida-je-zakernou-nemoci.jpg\" \/>\n\t<meta property=\"og:image:width\" content=\"1200\" \/>\n\t<meta property=\"og:image:height\" content=\"679\" \/>\n\t<meta property=\"og:image:type\" content=\"image\/jpeg\" \/>\n<meta name=\"author\" content=\"George Martin\" \/>\n<meta name=\"twitter:card\" content=\"summary_large_image\" \/>\n<meta name=\"twitter:label1\" content=\"Autor\" \/>\n\t<meta name=\"twitter:data1\" content=\"George Martin\" \/>\n\t<meta name=\"twitter:label2\" content=\"Predpokladan\u00fd \u010das \u010d\u00edtania\" \/>\n\t<meta name=\"twitter:data2\" content=\"2 min\u00faty\" \/>\n<script type=\"application\/ld+json\" class=\"yoast-schema-graph\">{\"@context\":\"https:\\\/\\\/schema.org\",\"@graph\":[{\"@type\":\"Article\",\"@id\":\"https:\\\/\\\/regbu.com\\\/sk\\\/klystir-encefalitida-je-ochorenie-na-pozadi\\\/#article\",\"isPartOf\":{\"@id\":\"https:\\\/\\\/regbu.com\\\/sk\\\/klystir-encefalitida-je-ochorenie-na-pozadi\\\/\"},\"author\":{\"name\":\"George Martin\",\"@id\":\"https:\\\/\\\/regbu.com\\\/en\\\/#\\\/schema\\\/person\\\/94ea9deda2629771b8a9ced002f6784e\"},\"headline\":\"Kl\u00ed\u0161\u0165ov\u00e1 encefalitida je z\u00e1ke\u0159nou nemoc\u00ed\",\"datePublished\":\"2023-07-12T14:23:21+00:00\",\"dateModified\":\"2025-09-05T05:41:18+00:00\",\"mainEntityOfPage\":{\"@id\":\"https:\\\/\\\/regbu.com\\\/sk\\\/klystir-encefalitida-je-ochorenie-na-pozadi\\\/\"},\"wordCount\":443,\"image\":{\"@id\":\"https:\\\/\\\/regbu.com\\\/sk\\\/klystir-encefalitida-je-ochorenie-na-pozadi\\\/#primaryimage\"},\"thumbnailUrl\":\"https:\\\/\\\/regbu.com\\\/wp-content\\\/uploads\\\/2023\\\/07\\\/klistova-encefalitida-je-zakernou-nemoci.jpg\",\"keywords\":[\"bolest\",\"boreli\u00f3za\",\"encefalitida\",\"kl\u00ed\u0161t\u011b\",\"kl\u00ed\u0161\u0165ov\u00e1 encefalitida\",\"l\u00e9\u010dba\",\"n\u00e1sle\u010dky\",\"nemoc\",\"onemocn\u011bn\u00ed\",\"zvracen\u00ed\"],\"articleSection\":[\"Lidsk\u00e9 Zdrav\u00ed\"],\"inLanguage\":\"sk-SK\"},{\"@type\":\"WebPage\",\"@id\":\"https:\\\/\\\/regbu.com\\\/sk\\\/klystir-encefalitida-je-ochorenie-na-pozadi\\\/\",\"url\":\"https:\\\/\\\/regbu.com\\\/sk\\\/klystir-encefalitida-je-ochorenie-na-pozadi\\\/\",\"name\":\"Kl\u00ed\u0161\u0165ov\u00e1 encefalitida je z\u00e1ke\u0159nou nemoc\u00ed - REGBU.COM\",\"isPartOf\":{\"@id\":\"https:\\\/\\\/regbu.com\\\/en\\\/#website\"},\"primaryImageOfPage\":{\"@id\":\"https:\\\/\\\/regbu.com\\\/sk\\\/klystir-encefalitida-je-ochorenie-na-pozadi\\\/#primaryimage\"},\"image\":{\"@id\":\"https:\\\/\\\/regbu.com\\\/sk\\\/klystir-encefalitida-je-ochorenie-na-pozadi\\\/#primaryimage\"},\"thumbnailUrl\":\"https:\\\/\\\/regbu.com\\\/wp-content\\\/uploads\\\/2023\\\/07\\\/klistova-encefalitida-je-zakernou-nemoci.jpg\",\"datePublished\":\"2023-07-12T14:23:21+00:00\",\"dateModified\":\"2025-09-05T05:41:18+00:00\",\"author\":{\"@id\":\"https:\\\/\\\/regbu.com\\\/en\\\/#\\\/schema\\\/person\\\/94ea9deda2629771b8a9ced002f6784e\"},\"description\":\"V\u00edte, co si p\u0159edstavit pod pojmem kl\u00ed\u0161\u0165ov\u00e1 encefalitida? Jde o pom\u011brn\u011b z\u00e1va\u017en\u00e9 onemocn\u011bn\u00ed, kter\u00e9 V\u00e1m podrovn\u011bji p\u0159ibl\u00ed\u017e\u00edme.\",\"breadcrumb\":{\"@id\":\"https:\\\/\\\/regbu.com\\\/sk\\\/klystir-encefalitida-je-ochorenie-na-pozadi\\\/#breadcrumb\"},\"inLanguage\":\"sk-SK\",\"potentialAction\":[{\"@type\":\"ReadAction\",\"target\":[\"https:\\\/\\\/regbu.com\\\/sk\\\/klystir-encefalitida-je-ochorenie-na-pozadi\\\/\"]}]},{\"@type\":\"ImageObject\",\"inLanguage\":\"sk-SK\",\"@id\":\"https:\\\/\\\/regbu.com\\\/sk\\\/klystir-encefalitida-je-ochorenie-na-pozadi\\\/#primaryimage\",\"url\":\"https:\\\/\\\/regbu.com\\\/wp-content\\\/uploads\\\/2023\\\/07\\\/klistova-encefalitida-je-zakernou-nemoci.jpg\",\"contentUrl\":\"https:\\\/\\\/regbu.com\\\/wp-content\\\/uploads\\\/2023\\\/07\\\/klistova-encefalitida-je-zakernou-nemoci.jpg\",\"width\":1200,\"height\":679,\"caption\":\"Kl\u00ed\u0161\u0165ov\u00e1 encefalitida je z\u00e1ke\u0159nou nemoc\u00ed\"},{\"@type\":\"BreadcrumbList\",\"@id\":\"https:\\\/\\\/regbu.com\\\/sk\\\/klystir-encefalitida-je-ochorenie-na-pozadi\\\/#breadcrumb\",\"itemListElement\":[{\"@type\":\"ListItem\",\"position\":1,\"name\":\"Home\",\"item\":\"https:\\\/\\\/regbu.com\\\/en\\\/\"},{\"@type\":\"ListItem\",\"position\":2,\"name\":\"Kl\u00ed\u0161\u0165ov\u00e1 encefalitida je z\u00e1ke\u0159nou nemoc\u00ed\"}]},{\"@type\":\"WebSite\",\"@id\":\"https:\\\/\\\/regbu.com\\\/en\\\/#website\",\"url\":\"https:\\\/\\\/regbu.com\\\/en\\\/\",\"name\":\"REGBU.COM\",\"description\":\"\",\"potentialAction\":[{\"@type\":\"SearchAction\",\"target\":{\"@type\":\"EntryPoint\",\"urlTemplate\":\"https:\\\/\\\/regbu.com\\\/en\\\/?s={search_term_string}\"},\"query-input\":{\"@type\":\"PropertyValueSpecification\",\"valueRequired\":true,\"valueName\":\"search_term_string\"}}],\"inLanguage\":\"sk-SK\"},{\"@type\":\"Person\",\"@id\":\"https:\\\/\\\/regbu.com\\\/en\\\/#\\\/schema\\\/person\\\/94ea9deda2629771b8a9ced002f6784e\",\"name\":\"George Martin\",\"url\":\"https:\\\/\\\/regbu.com\\\/sk\\\/author\\\/george-martin\\\/\"}]}<\/script>\n<!-- \/ Yoast SEO plugin. -->","yoast_head_json":{"title":"Klie\u0161\u0165ov\u00e1 encefalit\u00edda je z\u00e1kern\u00e1 choroba - REGBU.COM","description":"Viete, \u010do znamen\u00e1 klie\u0161\u0165ov\u00e1 encefalit\u00edda? Ide o pomerne z\u00e1va\u017en\u00e9 ochorenie, ktor\u00e9 v\u00e1m podrobnej\u0161ie vysvetl\u00edme.","robots":{"index":"index","follow":"follow","max-snippet":"max-snippet:-1","max-image-preview":"max-image-preview:large","max-video-preview":"max-video-preview:-1"},"canonical":"https:\/\/regbu.com\/sk\/klystir-encefalitida-je-ochorenie-na-pozadi\/","og_locale":"sk_SK","og_type":"article","og_title":"Kl\u00ed\u0161\u0165ov\u00e1 encefalitida je z\u00e1ke\u0159nou nemoc\u00ed - REGBU.COM","og_description":"V\u00edte, co si p\u0159edstavit pod pojmem kl\u00ed\u0161\u0165ov\u00e1 encefalitida? Jde o pom\u011brn\u011b z\u00e1va\u017en\u00e9 onemocn\u011bn\u00ed, kter\u00e9 V\u00e1m podrovn\u011bji p\u0159ibl\u00ed\u017e\u00edme.","og_url":"https:\/\/regbu.com\/sk\/klystir-encefalitida-je-ochorenie-na-pozadi\/","og_site_name":"REGBU.COM","article_published_time":"2023-07-12T14:23:21+00:00","article_modified_time":"2025-09-05T05:41:18+00:00","og_image":[{"width":1200,"height":679,"url":"https:\/\/regbu.com\/wp-content\/uploads\/2023\/07\/klistova-encefalitida-je-zakernou-nemoci.jpg","type":"image\/jpeg"}],"author":"George Martin","twitter_card":"summary_large_image","twitter_misc":{"Autor":"George Martin","Predpokladan\u00fd \u010das \u010d\u00edtania":"2 min\u00faty"},"schema":{"@context":"https:\/\/schema.org","@graph":[{"@type":"Article","@id":"https:\/\/regbu.com\/sk\/klystir-encefalitida-je-ochorenie-na-pozadi\/#article","isPartOf":{"@id":"https:\/\/regbu.com\/sk\/klystir-encefalitida-je-ochorenie-na-pozadi\/"},"author":{"name":"George Martin","@id":"https:\/\/regbu.com\/en\/#\/schema\/person\/94ea9deda2629771b8a9ced002f6784e"},"headline":"Kl\u00ed\u0161\u0165ov\u00e1 encefalitida je z\u00e1ke\u0159nou nemoc\u00ed","datePublished":"2023-07-12T14:23:21+00:00","dateModified":"2025-09-05T05:41:18+00:00","mainEntityOfPage":{"@id":"https:\/\/regbu.com\/sk\/klystir-encefalitida-je-ochorenie-na-pozadi\/"},"wordCount":443,"image":{"@id":"https:\/\/regbu.com\/sk\/klystir-encefalitida-je-ochorenie-na-pozadi\/#primaryimage"},"thumbnailUrl":"https:\/\/regbu.com\/wp-content\/uploads\/2023\/07\/klistova-encefalitida-je-zakernou-nemoci.jpg","keywords":["bolest","boreli\u00f3za","encefalitida","kl\u00ed\u0161t\u011b","kl\u00ed\u0161\u0165ov\u00e1 encefalitida","l\u00e9\u010dba","n\u00e1sle\u010dky","nemoc","onemocn\u011bn\u00ed","zvracen\u00ed"],"articleSection":["Lidsk\u00e9 Zdrav\u00ed"],"inLanguage":"sk-SK"},{"@type":"WebPage","@id":"https:\/\/regbu.com\/sk\/klystir-encefalitida-je-ochorenie-na-pozadi\/","url":"https:\/\/regbu.com\/sk\/klystir-encefalitida-je-ochorenie-na-pozadi\/","name":"Klie\u0161\u0165ov\u00e1 encefalit\u00edda je z\u00e1kern\u00e1 choroba - REGBU.COM","isPartOf":{"@id":"https:\/\/regbu.com\/en\/#website"},"primaryImageOfPage":{"@id":"https:\/\/regbu.com\/sk\/klystir-encefalitida-je-ochorenie-na-pozadi\/#primaryimage"},"image":{"@id":"https:\/\/regbu.com\/sk\/klystir-encefalitida-je-ochorenie-na-pozadi\/#primaryimage"},"thumbnailUrl":"https:\/\/regbu.com\/wp-content\/uploads\/2023\/07\/klistova-encefalitida-je-zakernou-nemoci.jpg","datePublished":"2023-07-12T14:23:21+00:00","dateModified":"2025-09-05T05:41:18+00:00","author":{"@id":"https:\/\/regbu.com\/en\/#\/schema\/person\/94ea9deda2629771b8a9ced002f6784e"},"description":"Viete, \u010do znamen\u00e1 klie\u0161\u0165ov\u00e1 encefalit\u00edda? Ide o pomerne z\u00e1va\u017en\u00e9 ochorenie, ktor\u00e9 v\u00e1m podrobnej\u0161ie vysvetl\u00edme.","breadcrumb":{"@id":"https:\/\/regbu.com\/sk\/klystir-encefalitida-je-ochorenie-na-pozadi\/#breadcrumb"},"inLanguage":"sk-SK","potentialAction":[{"@type":"ReadAction","target":["https:\/\/regbu.com\/sk\/klystir-encefalitida-je-ochorenie-na-pozadi\/"]}]},{"@type":"ImageObject","inLanguage":"sk-SK","@id":"https:\/\/regbu.com\/sk\/klystir-encefalitida-je-ochorenie-na-pozadi\/#primaryimage","url":"https:\/\/regbu.com\/wp-content\/uploads\/2023\/07\/klistova-encefalitida-je-zakernou-nemoci.jpg","contentUrl":"https:\/\/regbu.com\/wp-content\/uploads\/2023\/07\/klistova-encefalitida-je-zakernou-nemoci.jpg","width":1200,"height":679,"caption":"Kl\u00ed\u0161\u0165ov\u00e1 encefalitida je z\u00e1ke\u0159nou nemoc\u00ed"},{"@type":"BreadcrumbList","@id":"https:\/\/regbu.com\/sk\/klystir-encefalitida-je-ochorenie-na-pozadi\/#breadcrumb","itemListElement":[{"@type":"ListItem","position":1,"name":"Home","item":"https:\/\/regbu.com\/en\/"},{"@type":"ListItem","position":2,"name":"Kl\u00ed\u0161\u0165ov\u00e1 encefalitida je z\u00e1ke\u0159nou nemoc\u00ed"}]},{"@type":"WebSite","@id":"https:\/\/regbu.com\/en\/#website","url":"https:\/\/regbu.com\/en\/","name":"REGBU.COM","description":"","potentialAction":[{"@type":"SearchAction","target":{"@type":"EntryPoint","urlTemplate":"https:\/\/regbu.com\/en\/?s={search_term_string}"},"query-input":{"@type":"PropertyValueSpecification","valueRequired":true,"valueName":"search_term_string"}}],"inLanguage":"sk-SK"},{"@type":"Person","@id":"https:\/\/regbu.com\/en\/#\/schema\/person\/94ea9deda2629771b8a9ced002f6784e","name":"George Martin","url":"https:\/\/regbu.com\/sk\/author\/george-martin\/"}]}},"_links":{"self":[{"href":"https:\/\/regbu.com\/sk\/wp-json\/wp\/v2\/posts\/1010","targetHints":{"allow":["GET"]}}],"collection":[{"href":"https:\/\/regbu.com\/sk\/wp-json\/wp\/v2\/posts"}],"about":[{"href":"https:\/\/regbu.com\/sk\/wp-json\/wp\/v2\/types\/post"}],"author":[{"embeddable":true,"href":"https:\/\/regbu.com\/sk\/wp-json\/wp\/v2\/users\/2"}],"replies":[{"embeddable":true,"href":"https:\/\/regbu.com\/sk\/wp-json\/wp\/v2\/comments?post=1010"}],"version-history":[{"count":2,"href":"https:\/\/regbu.com\/sk\/wp-json\/wp\/v2\/posts\/1010\/revisions"}],"predecessor-version":[{"id":1025,"href":"https:\/\/regbu.com\/sk\/wp-json\/wp\/v2\/posts\/1010\/revisions\/1025"}],"wp:featuredmedia":[{"embeddable":true,"href":"https:\/\/regbu.com\/sk\/wp-json\/wp\/v2\/media\/1011"}],"wp:attachment":[{"href":"https:\/\/regbu.com\/sk\/wp-json\/wp\/v2\/media?parent=1010"}],"wp:term":[{"taxonomy":"category","embeddable":true,"href":"https:\/\/regbu.com\/sk\/wp-json\/wp\/v2\/categories?post=1010"},{"taxonomy":"post_tag","embeddable":true,"href":"https:\/\/regbu.com\/sk\/wp-json\/wp\/v2\/tags?post=1010"}],"curies":[{"name":"wp","href":"https:\/\/api.w.org\/{rel}","templated":true}]}}