{"id":864,"date":"2023-06-19T18:30:35","date_gmt":"2023-06-19T16:30:35","guid":{"rendered":"https:\/\/regbu.com\/?p=864"},"modified":"2025-09-05T07:42:15","modified_gmt":"2025-09-05T05:42:15","slug":"modni-ikony-na-ktere-se-nezapomina","status":"publish","type":"post","link":"https:\/\/regbu.com\/ro\/fashion-icons-that-that-at-that-neever-forgotten\/","title":{"rendered":"Icoane ale modei care nu trebuie uitate"},"content":{"rendered":"<p>Icoane ale modei, a\u0219a sunt numite femeile care influen\u021beaz\u0103 \u00eentreaga lume cu hainele lor. Orice ar fi avut aceste doamne <strong><a href=\"https:\/\/regbu.com\/ro\/uze-alegi-pe-tip-de-caractere\/\">coafuri<\/a><\/strong>, personaje \u0219i tr\u0103s\u0103turi, \u021binuta lor a fost atemporal\u0103 \u0219i a reu\u0219it s\u0103 ating\u0103 o mul\u021bime de oameni. Aminti\u021bi-v\u0103 al\u0103turi de noi de femeile celebre care au avut multe de oferit modei \u00een ansamblu.<\/p>\n\n\n\n<ul class=\"wp-block-list\">\n<li>Marlene Dietrich<\/li>\n\n\n\n<li>Audrey Hepburn<\/li>\n\n\n\n<li>Prin\u021besa Diana<\/li>\n<\/ul>\n\n\n\n<p>Ace\u0219tia sunt doar o mic\u0103 parte dintre cei care au c\u00e2\u0219tigat eticheta de fashion icon. Aceast\u0103 list\u0103 include, pe bun\u0103 dreptate <strong>Coco Chanel<\/strong>. Nu \u00eei era team\u0103 s\u0103 \u00eencorporeze \u00een \u021binutele sale accesorii b\u0103rb\u0103te\u0219ti, ceea ce era foarte neobi\u0219nuit pentru vremea ei.<\/p>\n\n\n\n<h2 class=\"wp-block-heading\">Face\u021bi cuno\u0219tin\u021b\u0103 cu icoanele modei din lume<\/h2>\n\n\n\n<p>C\u00e2nd vine vorba de elementele vestimentare masculine, Marlene Dietrich le-a inventat la vremea ei. Ea a folosit cu entuziasm cravatele, p\u0103l\u0103riile \u0219i pantalonii b\u0103rb\u0103te\u0219ti. Printre icoanele modei se num\u0103r\u0103 \u0219i <em>Jacqueline Kennedy<\/em>care, la r\u00e2ndul s\u0103u, este asociat\u0103 cu ochelari mari \u0219i rochii f\u0103r\u0103 m\u00e2neci. \u0218i ce alte doamne merit\u0103 aceast\u0103 denumire?<\/p>\n\n\n\n<figure class=\"wp-block-table\"><table><tbody><tr><td><strong>Nume<\/strong><\/td><td><strong>Elemente de<\/strong><\/td><\/tr><tr><td>Audrey Hepburn<\/td><td>Elegan\u021b\u0103, balerini \u0219i pantaloni Capri<\/td><\/tr><tr><td>Grace Kelly<\/td><td>Pulovere din satin \u0219i pulovere scurte<\/td><\/tr><tr><td>Coco Chanel<\/td><td>Dungi nautice<\/td><\/tr><tr><td>Madonna<\/td><td>Costumele str\u00e2mte<\/td><\/tr><\/tbody><\/table><figcaption class=\"wp-element-caption\">Principalele icoane ale modei din trecut \u0219i din ultimii ani.<\/figcaption><\/figure>\n\n\n\n<p>Prin\u021besa Diana se num\u0103r\u0103, de asemenea, printre modelele de mod\u0103 influente. Ea a cucerit inimile fanilor s\u0103i din \u00eentreaga lume nu doar prin comportamentul s\u0103u, ci \u0219i prin stilul s\u0103u vestimentar. Fie c\u0103 era vorba de costume originale sau de rochii impresionante. De\u0219i nu a fost un fashion icon pur \u0219i simplu, ea a fost o dovad\u0103 a modului \u00een care o persoan\u0103 oarecum obi\u0219nuit\u0103 poate influen\u021ba moda \u00een multe \u021b\u0103ri.<\/p>\n\n\n\n<h3 class=\"wp-block-heading\">Icoane moderne de mod\u0103<\/h3>\n\n\n\n<p>De la icoanele istorice ale modei, trecem la cele care au influen\u021bat mul\u021bimile de femei din ultimii ani. Printre icoanele imaginare ale modei specifice se num\u0103r\u0103 surorile Mary-Kate \u0219i Ashley Olsen. Stilul boho-chic, pe de alt\u0103 parte, este inerent <strong>Kate Moss<\/strong>. Fotomodelul \u0219i-a \u00eembog\u0103\u021bit garderoba cu elemente rock \u0219i a \u00eencorporat accesorii precum pantofii kick-ass \u0219i nu numai. \u0218i toate acestea au influen\u021bat stilul vestimentar al femeilor din \u00eentreaga lume.<\/p>\n\n\n\n<p>\u00cen cele din urm\u0103, nu este recomandabil s\u0103 uita\u021bi nici m\u0103car o not\u0103 de extravagan\u021b\u0103. Na\u0219terea unui simbol al modei numit <strong>Lady Gaga<\/strong>. A fost capabil\u0103 s\u0103 mearg\u0103 la extreme \u00een ceea ce prive\u0219te vestimenta\u021bia, care cel pu\u021bin atr\u0103gea aten\u021bia oriunde mergea.<\/p>","protected":false},"excerpt":{"rendered":"<p>Icoane ale modei, a\u0219a sunt numite femeile care influen\u021beaz\u0103 \u00eentreaga lume cu hainele lor. Oricare ar fi fost coafurile, siluetele \u0219i tr\u0103s\u0103turile lor, \u021binutele acestor doamne au fost atemporale \u0219i au reu\u0219it s\u0103 ajung\u0103 la o mul\u021bime de oameni. Aminti\u021bi-v\u0103 \u00eempreun\u0103 cu noi de femeile celebre care au avut mult de oferit modei \u00een ansamblu. Acestea sunt doar o mic\u0103 parte dintre cele ... <\/p>","protected":false},"author":2,"featured_media":865,"comment_status":"closed","ping_status":"closed","sticky":false,"template":"","format":"standard","meta":{"footnotes":""},"categories":[671],"tags":[753,755,754,750,752,757,756,751,749,758],"class_list":["post-864","post","type-post","status-publish","format-standard","has-post-thumbnail","hentry","category-moda","tag-audrey-hepburn","tag-coco-chanel","tag-grace-kelly","tag-ikona","tag-ikony","tag-kate-moss","tag-madonna","tag-modni-ikona","tag-modni-ikony","tag-princezna-diana"],"yoast_head":"<!-- This site is optimized with the Yoast SEO plugin v27.5 - https:\/\/yoast.com\/product\/yoast-seo-wordpress\/ -->\n<title>M\u00f3dn\u00ed ikony, na kter\u00e9 se nezapom\u00edn\u00e1 - REGBU.COM<\/title>\n<meta name=\"description\" content=\"Poznejte m\u00f3dn\u00ed ikony let minul\u00fdch, ale tak\u00e9 sou\u010dasn\u00fdch. Zjist\u011bte, kdo ovlivnil m\u00f3dn\u00ed styl ve zna\u010dn\u00e9 m\u00ed\u0159e a na hodn\u011b dlouho.\" \/>\n<meta name=\"robots\" content=\"index, follow, max-snippet:-1, max-image-preview:large, max-video-preview:-1\" \/>\n<link rel=\"canonical\" href=\"https:\/\/regbu.com\/ro\/fashion-icons-that-that-at-that-neever-forgotten\/\" \/>\n<meta property=\"og:locale\" content=\"ro_RO\" \/>\n<meta property=\"og:type\" content=\"article\" \/>\n<meta property=\"og:title\" content=\"M\u00f3dn\u00ed ikony, na kter\u00e9 se nezapom\u00edn\u00e1 - REGBU.COM\" \/>\n<meta property=\"og:description\" content=\"Poznejte m\u00f3dn\u00ed ikony let minul\u00fdch, ale tak\u00e9 sou\u010dasn\u00fdch. Zjist\u011bte, kdo ovlivnil m\u00f3dn\u00ed styl ve zna\u010dn\u00e9 m\u00ed\u0159e a na hodn\u011b dlouho.\" \/>\n<meta property=\"og:url\" content=\"https:\/\/regbu.com\/ro\/fashion-icons-that-that-at-that-neever-forgotten\/\" \/>\n<meta property=\"og:site_name\" content=\"REGBU.COM\" \/>\n<meta property=\"article:published_time\" content=\"2023-06-19T16:30:35+00:00\" \/>\n<meta property=\"article:modified_time\" content=\"2025-09-05T05:42:15+00:00\" \/>\n<meta property=\"og:image\" content=\"https:\/\/regbu.com\/wp-content\/uploads\/2023\/06\/modni-ikony-na-ktere-se-nezapomina.jpg\" \/>\n\t<meta property=\"og:image:width\" content=\"1200\" \/>\n\t<meta property=\"og:image:height\" content=\"678\" \/>\n\t<meta property=\"og:image:type\" content=\"image\/jpeg\" \/>\n<meta name=\"author\" content=\"George Martin\" \/>\n<meta name=\"twitter:card\" content=\"summary_large_image\" \/>\n<meta name=\"twitter:label1\" content=\"Scris de\" \/>\n\t<meta name=\"twitter:data1\" content=\"George Martin\" \/>\n\t<meta name=\"twitter:label2\" content=\"Timp estimat pentru citire\" \/>\n\t<meta name=\"twitter:data2\" content=\"2 minute\" \/>\n<script type=\"application\/ld+json\" class=\"yoast-schema-graph\">{\"@context\":\"https:\\\/\\\/schema.org\",\"@graph\":[{\"@type\":\"Article\",\"@id\":\"https:\\\/\\\/regbu.com\\\/ro\\\/fashion-icons-that-that-at-that-neever-forgotten\\\/#article\",\"isPartOf\":{\"@id\":\"https:\\\/\\\/regbu.com\\\/ro\\\/fashion-icons-that-that-at-that-neever-forgotten\\\/\"},\"author\":{\"name\":\"George Martin\",\"@id\":\"https:\\\/\\\/regbu.com\\\/en\\\/#\\\/schema\\\/person\\\/94ea9deda2629771b8a9ced002f6784e\"},\"headline\":\"M\u00f3dn\u00ed ikony, na kter\u00e9 se nezapom\u00edn\u00e1\",\"datePublished\":\"2023-06-19T16:30:35+00:00\",\"dateModified\":\"2025-09-05T05:42:15+00:00\",\"mainEntityOfPage\":{\"@id\":\"https:\\\/\\\/regbu.com\\\/ro\\\/fashion-icons-that-that-at-that-neever-forgotten\\\/\"},\"wordCount\":467,\"image\":{\"@id\":\"https:\\\/\\\/regbu.com\\\/ro\\\/fashion-icons-that-that-at-that-neever-forgotten\\\/#primaryimage\"},\"thumbnailUrl\":\"https:\\\/\\\/regbu.com\\\/wp-content\\\/uploads\\\/2023\\\/06\\\/modni-ikony-na-ktere-se-nezapomina.jpg\",\"keywords\":[\"Audrey Hepburn\",\"Coco Chanel\",\"Grace Kelly\",\"ikona\",\"ikony\",\"Kate Moss\",\"Madonna\",\"m\u00f3dn\u00ed ikona\",\"m\u00f3dn\u00ed ikony\",\"princezna Diana\"],\"articleSection\":[\"M\u00f3da\"],\"inLanguage\":\"ro-RO\"},{\"@type\":\"WebPage\",\"@id\":\"https:\\\/\\\/regbu.com\\\/ro\\\/fashion-icons-that-that-at-that-neever-forgotten\\\/\",\"url\":\"https:\\\/\\\/regbu.com\\\/ro\\\/fashion-icons-that-that-at-that-neever-forgotten\\\/\",\"name\":\"M\u00f3dn\u00ed ikony, na kter\u00e9 se nezapom\u00edn\u00e1 - REGBU.COM\",\"isPartOf\":{\"@id\":\"https:\\\/\\\/regbu.com\\\/en\\\/#website\"},\"primaryImageOfPage\":{\"@id\":\"https:\\\/\\\/regbu.com\\\/ro\\\/fashion-icons-that-that-at-that-neever-forgotten\\\/#primaryimage\"},\"image\":{\"@id\":\"https:\\\/\\\/regbu.com\\\/ro\\\/fashion-icons-that-that-at-that-neever-forgotten\\\/#primaryimage\"},\"thumbnailUrl\":\"https:\\\/\\\/regbu.com\\\/wp-content\\\/uploads\\\/2023\\\/06\\\/modni-ikony-na-ktere-se-nezapomina.jpg\",\"datePublished\":\"2023-06-19T16:30:35+00:00\",\"dateModified\":\"2025-09-05T05:42:15+00:00\",\"author\":{\"@id\":\"https:\\\/\\\/regbu.com\\\/en\\\/#\\\/schema\\\/person\\\/94ea9deda2629771b8a9ced002f6784e\"},\"description\":\"Poznejte m\u00f3dn\u00ed ikony let minul\u00fdch, ale tak\u00e9 sou\u010dasn\u00fdch. Zjist\u011bte, kdo ovlivnil m\u00f3dn\u00ed styl ve zna\u010dn\u00e9 m\u00ed\u0159e a na hodn\u011b dlouho.\",\"breadcrumb\":{\"@id\":\"https:\\\/\\\/regbu.com\\\/ro\\\/fashion-icons-that-that-at-that-neever-forgotten\\\/#breadcrumb\"},\"inLanguage\":\"ro-RO\",\"potentialAction\":[{\"@type\":\"ReadAction\",\"target\":[\"https:\\\/\\\/regbu.com\\\/ro\\\/fashion-icons-that-that-at-that-neever-forgotten\\\/\"]}]},{\"@type\":\"ImageObject\",\"inLanguage\":\"ro-RO\",\"@id\":\"https:\\\/\\\/regbu.com\\\/ro\\\/fashion-icons-that-that-at-that-neever-forgotten\\\/#primaryimage\",\"url\":\"https:\\\/\\\/regbu.com\\\/wp-content\\\/uploads\\\/2023\\\/06\\\/modni-ikony-na-ktere-se-nezapomina.jpg\",\"contentUrl\":\"https:\\\/\\\/regbu.com\\\/wp-content\\\/uploads\\\/2023\\\/06\\\/modni-ikony-na-ktere-se-nezapomina.jpg\",\"width\":1200,\"height\":678,\"caption\":\"M\u00f3dn\u00ed ikony, na kter\u00e9 se nezapom\u00edn\u00e1\"},{\"@type\":\"BreadcrumbList\",\"@id\":\"https:\\\/\\\/regbu.com\\\/ro\\\/fashion-icons-that-that-at-that-neever-forgotten\\\/#breadcrumb\",\"itemListElement\":[{\"@type\":\"ListItem\",\"position\":1,\"name\":\"Home\",\"item\":\"https:\\\/\\\/regbu.com\\\/en\\\/\"},{\"@type\":\"ListItem\",\"position\":2,\"name\":\"M\u00f3dn\u00ed ikony, na kter\u00e9 se nezapom\u00edn\u00e1\"}]},{\"@type\":\"WebSite\",\"@id\":\"https:\\\/\\\/regbu.com\\\/en\\\/#website\",\"url\":\"https:\\\/\\\/regbu.com\\\/en\\\/\",\"name\":\"REGBU.COM\",\"description\":\"\",\"potentialAction\":[{\"@type\":\"SearchAction\",\"target\":{\"@type\":\"EntryPoint\",\"urlTemplate\":\"https:\\\/\\\/regbu.com\\\/en\\\/?s={search_term_string}\"},\"query-input\":{\"@type\":\"PropertyValueSpecification\",\"valueRequired\":true,\"valueName\":\"search_term_string\"}}],\"inLanguage\":\"ro-RO\"},{\"@type\":\"Person\",\"@id\":\"https:\\\/\\\/regbu.com\\\/en\\\/#\\\/schema\\\/person\\\/94ea9deda2629771b8a9ced002f6784e\",\"name\":\"George Martin\",\"url\":\"https:\\\/\\\/regbu.com\\\/ro\\\/author\\\/george-martin\\\/\"}]}<\/script>\n<!-- \/ Yoast SEO plugin. -->","yoast_head_json":{"title":"Icoane ale modei care nu trebuie s\u0103 fie uitate - REGBU.COM","description":"Face\u021bi cuno\u0219tin\u021b\u0103 cu icoane ale modei din trecut, dar \u0219i din prezent. Afla\u021bi cine a influen\u021bat stilul vestimentar \u00een mare m\u0103sur\u0103 \u0219i pentru mult timp.","robots":{"index":"index","follow":"follow","max-snippet":"max-snippet:-1","max-image-preview":"max-image-preview:large","max-video-preview":"max-video-preview:-1"},"canonical":"https:\/\/regbu.com\/ro\/fashion-icons-that-that-at-that-neever-forgotten\/","og_locale":"ro_RO","og_type":"article","og_title":"M\u00f3dn\u00ed ikony, na kter\u00e9 se nezapom\u00edn\u00e1 - REGBU.COM","og_description":"Poznejte m\u00f3dn\u00ed ikony let minul\u00fdch, ale tak\u00e9 sou\u010dasn\u00fdch. Zjist\u011bte, kdo ovlivnil m\u00f3dn\u00ed styl ve zna\u010dn\u00e9 m\u00ed\u0159e a na hodn\u011b dlouho.","og_url":"https:\/\/regbu.com\/ro\/fashion-icons-that-that-at-that-neever-forgotten\/","og_site_name":"REGBU.COM","article_published_time":"2023-06-19T16:30:35+00:00","article_modified_time":"2025-09-05T05:42:15+00:00","og_image":[{"width":1200,"height":678,"url":"https:\/\/regbu.com\/wp-content\/uploads\/2023\/06\/modni-ikony-na-ktere-se-nezapomina.jpg","type":"image\/jpeg"}],"author":"George Martin","twitter_card":"summary_large_image","twitter_misc":{"Scris de":"George Martin","Timp estimat pentru citire":"2 minute"},"schema":{"@context":"https:\/\/schema.org","@graph":[{"@type":"Article","@id":"https:\/\/regbu.com\/ro\/fashion-icons-that-that-at-that-neever-forgotten\/#article","isPartOf":{"@id":"https:\/\/regbu.com\/ro\/fashion-icons-that-that-at-that-neever-forgotten\/"},"author":{"name":"George Martin","@id":"https:\/\/regbu.com\/en\/#\/schema\/person\/94ea9deda2629771b8a9ced002f6784e"},"headline":"M\u00f3dn\u00ed ikony, na kter\u00e9 se nezapom\u00edn\u00e1","datePublished":"2023-06-19T16:30:35+00:00","dateModified":"2025-09-05T05:42:15+00:00","mainEntityOfPage":{"@id":"https:\/\/regbu.com\/ro\/fashion-icons-that-that-at-that-neever-forgotten\/"},"wordCount":467,"image":{"@id":"https:\/\/regbu.com\/ro\/fashion-icons-that-that-at-that-neever-forgotten\/#primaryimage"},"thumbnailUrl":"https:\/\/regbu.com\/wp-content\/uploads\/2023\/06\/modni-ikony-na-ktere-se-nezapomina.jpg","keywords":["Audrey Hepburn","Coco Chanel","Grace Kelly","ikona","ikony","Kate Moss","Madonna","m\u00f3dn\u00ed ikona","m\u00f3dn\u00ed ikony","princezna Diana"],"articleSection":["M\u00f3da"],"inLanguage":"ro-RO"},{"@type":"WebPage","@id":"https:\/\/regbu.com\/ro\/fashion-icons-that-that-at-that-neever-forgotten\/","url":"https:\/\/regbu.com\/ro\/fashion-icons-that-that-at-that-neever-forgotten\/","name":"Icoane ale modei care nu trebuie s\u0103 fie uitate - REGBU.COM","isPartOf":{"@id":"https:\/\/regbu.com\/en\/#website"},"primaryImageOfPage":{"@id":"https:\/\/regbu.com\/ro\/fashion-icons-that-that-at-that-neever-forgotten\/#primaryimage"},"image":{"@id":"https:\/\/regbu.com\/ro\/fashion-icons-that-that-at-that-neever-forgotten\/#primaryimage"},"thumbnailUrl":"https:\/\/regbu.com\/wp-content\/uploads\/2023\/06\/modni-ikony-na-ktere-se-nezapomina.jpg","datePublished":"2023-06-19T16:30:35+00:00","dateModified":"2025-09-05T05:42:15+00:00","author":{"@id":"https:\/\/regbu.com\/en\/#\/schema\/person\/94ea9deda2629771b8a9ced002f6784e"},"description":"Face\u021bi cuno\u0219tin\u021b\u0103 cu icoane ale modei din trecut, dar \u0219i din prezent. Afla\u021bi cine a influen\u021bat stilul vestimentar \u00een mare m\u0103sur\u0103 \u0219i pentru mult timp.","breadcrumb":{"@id":"https:\/\/regbu.com\/ro\/fashion-icons-that-that-at-that-neever-forgotten\/#breadcrumb"},"inLanguage":"ro-RO","potentialAction":[{"@type":"ReadAction","target":["https:\/\/regbu.com\/ro\/fashion-icons-that-that-at-that-neever-forgotten\/"]}]},{"@type":"ImageObject","inLanguage":"ro-RO","@id":"https:\/\/regbu.com\/ro\/fashion-icons-that-that-at-that-neever-forgotten\/#primaryimage","url":"https:\/\/regbu.com\/wp-content\/uploads\/2023\/06\/modni-ikony-na-ktere-se-nezapomina.jpg","contentUrl":"https:\/\/regbu.com\/wp-content\/uploads\/2023\/06\/modni-ikony-na-ktere-se-nezapomina.jpg","width":1200,"height":678,"caption":"M\u00f3dn\u00ed ikony, na kter\u00e9 se nezapom\u00edn\u00e1"},{"@type":"BreadcrumbList","@id":"https:\/\/regbu.com\/ro\/fashion-icons-that-that-at-that-neever-forgotten\/#breadcrumb","itemListElement":[{"@type":"ListItem","position":1,"name":"Home","item":"https:\/\/regbu.com\/en\/"},{"@type":"ListItem","position":2,"name":"M\u00f3dn\u00ed ikony, na kter\u00e9 se nezapom\u00edn\u00e1"}]},{"@type":"WebSite","@id":"https:\/\/regbu.com\/en\/#website","url":"https:\/\/regbu.com\/en\/","name":"REGBU.COM","description":"","potentialAction":[{"@type":"SearchAction","target":{"@type":"EntryPoint","urlTemplate":"https:\/\/regbu.com\/en\/?s={search_term_string}"},"query-input":{"@type":"PropertyValueSpecification","valueRequired":true,"valueName":"search_term_string"}}],"inLanguage":"ro-RO"},{"@type":"Person","@id":"https:\/\/regbu.com\/en\/#\/schema\/person\/94ea9deda2629771b8a9ced002f6784e","name":"George Martin","url":"https:\/\/regbu.com\/ro\/author\/george-martin\/"}]}},"_links":{"self":[{"href":"https:\/\/regbu.com\/ro\/wp-json\/wp\/v2\/posts\/864","targetHints":{"allow":["GET"]}}],"collection":[{"href":"https:\/\/regbu.com\/ro\/wp-json\/wp\/v2\/posts"}],"about":[{"href":"https:\/\/regbu.com\/ro\/wp-json\/wp\/v2\/types\/post"}],"author":[{"embeddable":true,"href":"https:\/\/regbu.com\/ro\/wp-json\/wp\/v2\/users\/2"}],"replies":[{"embeddable":true,"href":"https:\/\/regbu.com\/ro\/wp-json\/wp\/v2\/comments?post=864"}],"version-history":[{"count":3,"href":"https:\/\/regbu.com\/ro\/wp-json\/wp\/v2\/posts\/864\/revisions"}],"predecessor-version":[{"id":879,"href":"https:\/\/regbu.com\/ro\/wp-json\/wp\/v2\/posts\/864\/revisions\/879"}],"wp:featuredmedia":[{"embeddable":true,"href":"https:\/\/regbu.com\/ro\/wp-json\/wp\/v2\/media\/865"}],"wp:attachment":[{"href":"https:\/\/regbu.com\/ro\/wp-json\/wp\/v2\/media?parent=864"}],"wp:term":[{"taxonomy":"category","embeddable":true,"href":"https:\/\/regbu.com\/ro\/wp-json\/wp\/v2\/categories?post=864"},{"taxonomy":"post_tag","embeddable":true,"href":"https:\/\/regbu.com\/ro\/wp-json\/wp\/v2\/tags?post=864"}],"curies":[{"name":"wp","href":"https:\/\/api.w.org\/{rel}","templated":true}]}}