{"id":178,"date":"2022-01-06T09:15:07","date_gmt":"2022-01-06T08:15:07","guid":{"rendered":"https:\/\/regbu.com\/?p=178"},"modified":"2025-09-05T07:43:13","modified_gmt":"2025-09-05T05:43:13","slug":"ziviny-ktere-musi-vegani-doplnit-do-sveho-jidelnicku","status":"publish","type":"post","link":"https:\/\/regbu.com\/ro\/pestele-ce-trebuie-adaugat-pe-pestii-vegani-in-meniu\/","title":{"rendered":"Nutrien\u021bi pe care veganii trebuie s\u0103 \u00eei adauge \u00een dieta lor"},"content":{"rendered":"<p>C\u00e2nd te hot\u0103r\u0103\u0219ti s\u0103-\u021bi schimbi dieta \u0219i cazi sub vraja <strong><a href=\"https:\/\/regbu.com\/ro\/vegetarianism-cunoaste-si-beneficiile-in-detail\/\">Vegetarianism<\/a><a href=\"https:\/\/www.zlatycasy.cz\/vegetarianstvi-poznejte-jeho-vyhody-do-detailu\/\">\u00ed<\/a><\/strong> sau veganism, g\u00e2ndi\u021bi-v\u0103 la ceea ce m\u00e2nca\u021bi. Ambele sunt cu siguran\u021b\u0103 benefice pentru organism din punct de vedere alimentar. Dar \u00een momentul \u00een care renun\u021bi la m\u00e2ncarea de origine animal\u0103, nu-i mai dai organismului t\u0103u <strong>furnizeaz\u0103 anumite substan\u021be nutritive<\/strong>. Acestea sunt apoi \u00eenlocuite prin suplimente alimentare sau prin alte mijloace.<\/p>\n\n\n\n<h2 class=\"wp-block-heading\">Fii vegan pentru 100 %<\/h2>\n\n\n\n<p>Dac\u0103 vrei ca veganismul s\u0103 fie benefic pentru tine, trebuie s\u0103 respec\u021bi nu doar filozofia acestei diete. Nu trebuie s\u0103 neglija\u021bi substan\u021bele nutritive care lipsesc \u0219i pe care nu le pute\u021bi ob\u021bine \u00een mod natural printr-o diet\u0103 animal\u0103. Acestea sunt \u00een principal <strong>vitamina B12, zinc \u0219i fier<\/strong>. Nutrien\u021bii care aduc beneficii organismului pot fi ob\u021binu\u021bi \u00een suplimente alimentare.<\/p>\n\n\n\n<h3 class=\"wp-block-heading\">Cum sunt benefice aceste substan\u021be nutritive?<\/h3>\n\n\n\n<p>Orice cititor al acestui articol poate g\u0103si, probabil, un preparat potrivit pentru a suplimenta ace\u0219ti nutrien\u021bi. Cu toate acestea, v\u0103 vom prezenta de ce aceste <strong>substan\u021be at\u00e2t de importante pentru corpul uman<\/strong>. R\u0103spunsurile la cele mai importante \u00eentreb\u0103ri pe aceast\u0103 tem\u0103 pot fi g\u0103site \u00een r\u00e2ndurile de mai jos.<\/p>\n\n\n\n<div class=\"schema-faq wp-block-yoast-faq-block\"><div class=\"schema-faq-section\" id=\"faq-question-1626960036079\"><strong class=\"schema-faq-question\">Ce poate cauza deficien\u021ba de vitamina B12?<\/strong> <p class=\"schema-faq-answer\">Dac\u0103 nu ai suficient\u0103 cantitate din aceast\u0103 vitamin\u0103, ri\u0219ti s\u0103 suferi de infertilitate, anemie, dar \u0219i de afec\u021biuni periculoase pentru sistemul nervos. \u00cen unele cazuri, pot ap\u0103rea boli de inim\u0103 sau probleme osoase.<\/p> <\/div> <div class=\"schema-faq-section\" id=\"faq-question-1626960045412\"><strong class=\"schema-faq-question\">Cum \u0219ti\u021bi dac\u0103 ave\u021bi o deficien\u021b\u0103 de vitamina B12?<\/strong> <p class=\"schema-faq-answer\">\u00cencepe\u021bi s\u0103 suferi\u021bi de lipsa poftei de m\u00e2ncare, pute\u021bi deveni constipat \u0219i oboseala este la ordinea zilei. Un anumit impuls poate fi pierderea nedorit\u0103 \u0219i rapid\u0103 \u00een greutate.<\/p> <\/div> <div class=\"schema-faq-section\" id=\"faq-question-1626960053544\"><strong class=\"schema-faq-question\">Cum se manifest\u0103 deficitul de zinc \u00een organism?<\/strong> <p class=\"schema-faq-answer\">Zincul este, de asemenea, un nutrient esen\u021bial. Atunci c\u00e2nd sunte\u021bi deficitari \u00een ea, apar c\u0103derea p\u0103rului, vindecarea deficitar\u0103 a r\u0103nilor de pe corp, diareea \u0219i problemele de dezvoltare la persoanele tinere.<\/p> <\/div> <div class=\"schema-faq-section\" id=\"faq-question-1626960062329\"><strong class=\"schema-faq-question\">Ce face fierul \u00een corpul uman?<\/strong> <p class=\"schema-faq-answer\">Func\u021bia sa principal\u0103 este de a transporta oxigenul \u00een hemoglobina din celulele ro\u0219ii. Este, de asemenea, esen\u021bial\u0103 pentru dezvoltarea corect\u0103 a func\u021biilor cerebrale.<\/p> <\/div> <div class=\"schema-faq-section\" id=\"faq-question-1626960071762\"><strong class=\"schema-faq-question\">C\u00e2t de mult fier ar trebui s\u0103 primeasc\u0103 o persoan\u0103 \u00een fiecare zi?<\/strong> <p class=\"schema-faq-answer\">La copii, aceast\u0103 doz\u0103 este cuprins\u0103 \u00eentre 7 \u0219i 8 mg. \u00cen cazul b\u0103rba\u021bilor, aceasta este de 11 p\u00e2n\u0103 la 15 mg. Pentru femei, aceast\u0103 limit\u0103 poate ataca valoarea de 18 mg.<\/p> <\/div> <\/div>","protected":false},"excerpt":{"rendered":"<p>Atunci c\u00e2nd v\u0103 decide\u021bi s\u0103 v\u0103 schimba\u021bi dieta \u0219i c\u0103de\u021bi sub vraja vegetarianismului sau veganismului, g\u00e2ndi\u021bi-v\u0103 la ceea ce m\u00e2nca\u021bi. Ambele sunt cu siguran\u021b\u0103 benefice pentru organism din punct de vedere alimentar. Cu toate acestea, \u00een momentul \u00een care renun\u021ba\u021bi la hrana de origine animal\u0103, \u00eenceta\u021bi s\u0103 mai alimenta\u021bi organismul cu anumi\u021bi nutrien\u021bi. Acestea sunt apoi \u00eenlocuite prin suplimente sau prin alte mijloace. Fii vegan pe ... <\/p>","protected":false},"author":2,"featured_media":179,"comment_status":"closed","ping_status":"closed","sticky":false,"template":"","format":"standard","meta":{"footnotes":""},"categories":[197,1],"tags":[182,154,155,156,183,184,185,187,188,189],"class_list":["post-178","post","type-post","status-publish","format-standard","has-post-thumbnail","hentry","category-lidske-zdravi","category-nezarazene","tag-dostatek-zivin","tag-vegetarian","tag-vegetariani","tag-vegetarianstvi","tag-vitamin","tag-vitamin-b12","tag-zelezo","tag-zinek","tag-zivina","tag-ziviny"],"yoast_head":"<!-- This site is optimized with the Yoast SEO plugin v27.4 - https:\/\/yoast.com\/product\/yoast-seo-wordpress\/ -->\n<title>\u017diviny, kter\u00e9 mus\u00ed vegani doplnit do sv\u00e9ho j\u00eddeln\u00ed\u010dku - REGBU.COM<\/title>\n<meta name=\"description\" content=\"V\u00edte, jak\u00e9 \u017eiviny Va\u0161e t\u011blo pot\u0159ebuje kdy\u017e se stanete vegetari\u00e1ny? Jsou to ty, kter\u00e9 u\u017e nebudete p\u0159ij\u00edmat v \u017eivo\u010di\u0161n\u00e9 strav\u011b.\" \/>\n<meta name=\"robots\" content=\"index, follow, max-snippet:-1, max-image-preview:large, max-video-preview:-1\" \/>\n<link rel=\"canonical\" href=\"https:\/\/regbu.com\/ro\/pestele-ce-trebuie-adaugat-pe-pestii-vegani-in-meniu\/\" \/>\n<meta property=\"og:locale\" content=\"ro_RO\" \/>\n<meta property=\"og:type\" content=\"article\" \/>\n<meta property=\"og:title\" content=\"\u017diviny, kter\u00e9 mus\u00ed vegani doplnit do sv\u00e9ho j\u00eddeln\u00ed\u010dku - REGBU.COM\" \/>\n<meta property=\"og:description\" content=\"V\u00edte, jak\u00e9 \u017eiviny Va\u0161e t\u011blo pot\u0159ebuje kdy\u017e se stanete vegetari\u00e1ny? Jsou to ty, kter\u00e9 u\u017e nebudete p\u0159ij\u00edmat v \u017eivo\u010di\u0161n\u00e9 strav\u011b.\" \/>\n<meta property=\"og:url\" content=\"https:\/\/regbu.com\/ro\/pestele-ce-trebuie-adaugat-pe-pestii-vegani-in-meniu\/\" \/>\n<meta property=\"og:site_name\" content=\"REGBU.COM\" \/>\n<meta property=\"article:published_time\" content=\"2022-01-06T08:15:07+00:00\" \/>\n<meta property=\"article:modified_time\" content=\"2025-09-05T05:43:13+00:00\" \/>\n<meta property=\"og:image\" content=\"https:\/\/regbu.com\/wp-content\/uploads\/2022\/01\/ziviny-ktere-musi-vegani-doplnit-do-sveho-jidelnicku.jpg\" \/>\n\t<meta property=\"og:image:width\" content=\"1200\" \/>\n\t<meta property=\"og:image:height\" content=\"676\" \/>\n\t<meta property=\"og:image:type\" content=\"image\/jpeg\" \/>\n<meta name=\"author\" content=\"George Martin\" \/>\n<meta name=\"twitter:card\" content=\"summary_large_image\" \/>\n<meta name=\"twitter:label1\" content=\"Scris de\" \/>\n\t<meta name=\"twitter:data1\" content=\"George Martin\" \/>\n\t<meta name=\"twitter:label2\" content=\"Timp estimat pentru citire\" \/>\n\t<meta name=\"twitter:data2\" content=\"2 minute\" \/>\n<script type=\"application\/ld+json\" class=\"yoast-schema-graph\">{\"@context\":\"https:\\\/\\\/schema.org\",\"@graph\":[{\"@type\":\"Article\",\"@id\":\"https:\\\/\\\/regbu.com\\\/ziviny-ktere-musi-vegani-doplnit-do-sveho-jidelnicku\\\/#article\",\"isPartOf\":{\"@id\":\"https:\\\/\\\/regbu.com\\\/ziviny-ktere-musi-vegani-doplnit-do-sveho-jidelnicku\\\/\"},\"author\":{\"name\":\"George Martin\",\"@id\":\"https:\\\/\\\/regbu.com\\\/en\\\/#\\\/schema\\\/person\\\/94ea9deda2629771b8a9ced002f6784e\"},\"headline\":\"\u017diviny, kter\u00e9 mus\u00ed vegani doplnit do sv\u00e9ho j\u00eddeln\u00ed\u010dku\",\"datePublished\":\"2022-01-06T08:15:07+00:00\",\"dateModified\":\"2025-09-05T05:43:13+00:00\",\"mainEntityOfPage\":{\"@id\":\"https:\\\/\\\/regbu.com\\\/ziviny-ktere-musi-vegani-doplnit-do-sveho-jidelnicku\\\/\"},\"wordCount\":465,\"image\":{\"@id\":\"https:\\\/\\\/regbu.com\\\/ziviny-ktere-musi-vegani-doplnit-do-sveho-jidelnicku\\\/#primaryimage\"},\"thumbnailUrl\":\"https:\\\/\\\/regbu.com\\\/wp-content\\\/uploads\\\/2022\\\/01\\\/ziviny-ktere-musi-vegani-doplnit-do-sveho-jidelnicku.jpg\",\"keywords\":[\"dostatek \u017eivin\",\"vegetari\u00e1n\",\"vegetari\u00e1ni\",\"vegetari\u00e1nstv\u00ed\",\"vitam\u00edn\",\"vitam\u00edn B12\",\"\u017eelezo\",\"zinek\",\"\u017eivina\",\"\u017eiviny\"],\"articleSection\":[\"Lidsk\u00e9 Zdrav\u00ed\",\"Neza\u0159azen\u00e9\"],\"inLanguage\":\"ro-RO\"},{\"@type\":[\"WebPage\",\"FAQPage\"],\"@id\":\"https:\\\/\\\/regbu.com\\\/ziviny-ktere-musi-vegani-doplnit-do-sveho-jidelnicku\\\/\",\"url\":\"https:\\\/\\\/regbu.com\\\/ziviny-ktere-musi-vegani-doplnit-do-sveho-jidelnicku\\\/\",\"name\":\"\u017diviny, kter\u00e9 mus\u00ed vegani doplnit do sv\u00e9ho j\u00eddeln\u00ed\u010dku - REGBU.COM\",\"isPartOf\":{\"@id\":\"https:\\\/\\\/regbu.com\\\/en\\\/#website\"},\"primaryImageOfPage\":{\"@id\":\"https:\\\/\\\/regbu.com\\\/ziviny-ktere-musi-vegani-doplnit-do-sveho-jidelnicku\\\/#primaryimage\"},\"image\":{\"@id\":\"https:\\\/\\\/regbu.com\\\/ziviny-ktere-musi-vegani-doplnit-do-sveho-jidelnicku\\\/#primaryimage\"},\"thumbnailUrl\":\"https:\\\/\\\/regbu.com\\\/wp-content\\\/uploads\\\/2022\\\/01\\\/ziviny-ktere-musi-vegani-doplnit-do-sveho-jidelnicku.jpg\",\"datePublished\":\"2022-01-06T08:15:07+00:00\",\"dateModified\":\"2025-09-05T05:43:13+00:00\",\"author\":{\"@id\":\"https:\\\/\\\/regbu.com\\\/en\\\/#\\\/schema\\\/person\\\/94ea9deda2629771b8a9ced002f6784e\"},\"description\":\"V\u00edte, jak\u00e9 \u017eiviny Va\u0161e t\u011blo pot\u0159ebuje kdy\u017e se stanete vegetari\u00e1ny? Jsou to ty, kter\u00e9 u\u017e nebudete p\u0159ij\u00edmat v \u017eivo\u010di\u0161n\u00e9 strav\u011b.\",\"breadcrumb\":{\"@id\":\"https:\\\/\\\/regbu.com\\\/ziviny-ktere-musi-vegani-doplnit-do-sveho-jidelnicku\\\/#breadcrumb\"},\"mainEntity\":[{\"@id\":\"https:\\\/\\\/regbu.com\\\/ziviny-ktere-musi-vegani-doplnit-do-sveho-jidelnicku\\\/#faq-question-1626960036079\"},{\"@id\":\"https:\\\/\\\/regbu.com\\\/ziviny-ktere-musi-vegani-doplnit-do-sveho-jidelnicku\\\/#faq-question-1626960045412\"},{\"@id\":\"https:\\\/\\\/regbu.com\\\/ziviny-ktere-musi-vegani-doplnit-do-sveho-jidelnicku\\\/#faq-question-1626960053544\"},{\"@id\":\"https:\\\/\\\/regbu.com\\\/ziviny-ktere-musi-vegani-doplnit-do-sveho-jidelnicku\\\/#faq-question-1626960062329\"},{\"@id\":\"https:\\\/\\\/regbu.com\\\/ziviny-ktere-musi-vegani-doplnit-do-sveho-jidelnicku\\\/#faq-question-1626960071762\"}],\"inLanguage\":\"ro-RO\",\"potentialAction\":[{\"@type\":\"ReadAction\",\"target\":[\"https:\\\/\\\/regbu.com\\\/ziviny-ktere-musi-vegani-doplnit-do-sveho-jidelnicku\\\/\"]}]},{\"@type\":\"ImageObject\",\"inLanguage\":\"ro-RO\",\"@id\":\"https:\\\/\\\/regbu.com\\\/ziviny-ktere-musi-vegani-doplnit-do-sveho-jidelnicku\\\/#primaryimage\",\"url\":\"https:\\\/\\\/regbu.com\\\/wp-content\\\/uploads\\\/2022\\\/01\\\/ziviny-ktere-musi-vegani-doplnit-do-sveho-jidelnicku.jpg\",\"contentUrl\":\"https:\\\/\\\/regbu.com\\\/wp-content\\\/uploads\\\/2022\\\/01\\\/ziviny-ktere-musi-vegani-doplnit-do-sveho-jidelnicku.jpg\",\"width\":1200,\"height\":676,\"caption\":\"\u017diviny, kter\u00e9 mus\u00ed vegani doplnit do sv\u00e9ho j\u00eddeln\u00ed\u010dku\"},{\"@type\":\"BreadcrumbList\",\"@id\":\"https:\\\/\\\/regbu.com\\\/ziviny-ktere-musi-vegani-doplnit-do-sveho-jidelnicku\\\/#breadcrumb\",\"itemListElement\":[{\"@type\":\"ListItem\",\"position\":1,\"name\":\"Home\",\"item\":\"https:\\\/\\\/regbu.com\\\/en\\\/\"},{\"@type\":\"ListItem\",\"position\":2,\"name\":\"\u017diviny, kter\u00e9 mus\u00ed vegani doplnit do sv\u00e9ho j\u00eddeln\u00ed\u010dku\"}]},{\"@type\":\"WebSite\",\"@id\":\"https:\\\/\\\/regbu.com\\\/en\\\/#website\",\"url\":\"https:\\\/\\\/regbu.com\\\/en\\\/\",\"name\":\"REGBU.COM\",\"description\":\"\",\"potentialAction\":[{\"@type\":\"SearchAction\",\"target\":{\"@type\":\"EntryPoint\",\"urlTemplate\":\"https:\\\/\\\/regbu.com\\\/en\\\/?s={search_term_string}\"},\"query-input\":{\"@type\":\"PropertyValueSpecification\",\"valueRequired\":true,\"valueName\":\"search_term_string\"}}],\"inLanguage\":\"ro-RO\"},{\"@type\":\"Person\",\"@id\":\"https:\\\/\\\/regbu.com\\\/en\\\/#\\\/schema\\\/person\\\/94ea9deda2629771b8a9ced002f6784e\",\"name\":\"George Martin\",\"url\":\"https:\\\/\\\/regbu.com\\\/ro\\\/author\\\/george-martin\\\/\"},{\"@type\":\"Question\",\"@id\":\"https:\\\/\\\/regbu.com\\\/ziviny-ktere-musi-vegani-doplnit-do-sveho-jidelnicku\\\/#faq-question-1626960036079\",\"position\":1,\"url\":\"https:\\\/\\\/regbu.com\\\/ziviny-ktere-musi-vegani-doplnit-do-sveho-jidelnicku\\\/#faq-question-1626960036079\",\"name\":\"Co m\u016f\u017ee zp\u016fsobovat nedostatek vitam\u00ednu B12?\",\"answerCount\":1,\"acceptedAnswer\":{\"@type\":\"Answer\",\"text\":\"Kdy\u017e nem\u00e1te dost tohoto vitam\u00ednu, hroz\u00ed V\u00e1m neplodnost, an\u00e9mie, ale tak\u00e9 nebezpe\u010dn\u00e9 po\u0161kozen\u00ed nervov\u00e9ho syst\u00e9mu. V n\u011bkter\u00fdch p\u0159\u00edpadech m\u016f\u017ee doch\u00e1zet i k srde\u010dn\u00edm chorob\u00e1m nebo k probl\u00e9m\u016fm s kostmi.\",\"inLanguage\":\"ro-RO\"},\"inLanguage\":\"ro-RO\"},{\"@type\":\"Question\",\"@id\":\"https:\\\/\\\/regbu.com\\\/ziviny-ktere-musi-vegani-doplnit-do-sveho-jidelnicku\\\/#faq-question-1626960045412\",\"position\":2,\"url\":\"https:\\\/\\\/regbu.com\\\/ziviny-ktere-musi-vegani-doplnit-do-sveho-jidelnicku\\\/#faq-question-1626960045412\",\"name\":\"Jak pozn\u00e1te, \u017ee m\u00e1me nedostatek vitam\u00ednu B12?\",\"answerCount\":1,\"acceptedAnswer\":{\"@type\":\"Answer\",\"text\":\"Za\u010dnete trp\u011bt nechutenstv\u00edm, m\u016f\u017ee se u V\u00e1s projevit z\u00e1cpa a \u00fanava je na denn\u00edm po\u0159\u00e1dku. Ur\u010dit\u00fdm impulsem m\u016f\u017ee b\u00fdt ne\u017e\u00e1douc\u00ed a rychl\u00fd \u00fabytek hmotnosti.\",\"inLanguage\":\"ro-RO\"},\"inLanguage\":\"ro-RO\"},{\"@type\":\"Question\",\"@id\":\"https:\\\/\\\/regbu.com\\\/ziviny-ktere-musi-vegani-doplnit-do-sveho-jidelnicku\\\/#faq-question-1626960053544\",\"position\":3,\"url\":\"https:\\\/\\\/regbu.com\\\/ziviny-ktere-musi-vegani-doplnit-do-sveho-jidelnicku\\\/#faq-question-1626960053544\",\"name\":\"Jak se projevuje nedostatek zinku v t\u011ble?\",\"answerCount\":1,\"acceptedAnswer\":{\"@type\":\"Answer\",\"text\":\"Zinek pat\u0159\u00ed tak\u00e9 mezi nezbytn\u00e9 \u017eiviny. Kdy\u017e ho m\u00e1te m\u00e1lo, p\u0159ich\u00e1z\u00ed na p\u0159et\u0159es vypad\u00e1v\u00e1n\u00ed vlas\u016f, zhor\u0161en\u00e9 hojen\u00ed ran na t\u011ble, pr\u016fjmy a u mlad\u0161\u00edch jedinc\u016f v\u00fdvojov\u00e9 probl\u00e9my.\",\"inLanguage\":\"ro-RO\"},\"inLanguage\":\"ro-RO\"},{\"@type\":\"Question\",\"@id\":\"https:\\\/\\\/regbu.com\\\/ziviny-ktere-musi-vegani-doplnit-do-sveho-jidelnicku\\\/#faq-question-1626960062329\",\"position\":4,\"url\":\"https:\\\/\\\/regbu.com\\\/ziviny-ktere-musi-vegani-doplnit-do-sveho-jidelnicku\\\/#faq-question-1626960062329\",\"name\":\"Co d\u011bl\u00e1 \u017eelezo v t\u011ble \u010dlov\u011bka?\",\"answerCount\":1,\"acceptedAnswer\":{\"@type\":\"Answer\",\"text\":\"Jeho hlavn\u00edm \u00fakolem je p\u0159en\u00e1\u0161et kysl\u00edk v hemoglobinu \u010derven\u00fdch krvinek. Nezbytn\u00e9 je tak\u00e9 pro spr\u00e1vn\u00fd v\u00fdvoj mozkov\u00fdch funkc\u00ed.\",\"inLanguage\":\"ro-RO\"},\"inLanguage\":\"ro-RO\"},{\"@type\":\"Question\",\"@id\":\"https:\\\/\\\/regbu.com\\\/ziviny-ktere-musi-vegani-doplnit-do-sveho-jidelnicku\\\/#faq-question-1626960071762\",\"position\":5,\"url\":\"https:\\\/\\\/regbu.com\\\/ziviny-ktere-musi-vegani-doplnit-do-sveho-jidelnicku\\\/#faq-question-1626960071762\",\"name\":\"Jakou d\u00e1vku \u017eeleza by m\u011bl \u010dlov\u011bk ka\u017ed\u00fd den z\u00edskat?\",\"answerCount\":1,\"acceptedAnswer\":{\"@type\":\"Answer\",\"text\":\"U d\u011bt\u00ed se tato d\u00e1vka pohybuje mezi 7 a\u017e 8 mg. V p\u0159\u00edpad\u011b mu\u017e\u016f je to 11 a\u017e 15 mg. U \u017een tato hranice m\u016f\u017ee atakovat hodnotu 18 mg.\",\"inLanguage\":\"ro-RO\"},\"inLanguage\":\"ro-RO\"}]}<\/script>\n<!-- \/ Yoast SEO plugin. -->","yoast_head_json":{"title":"Nutrien\u021bi pe care veganii trebuie s\u0103 \u00eei adauge \u00een dieta lor - REGBU.COM","description":"\u0218tii de ce nutrien\u021bi are nevoie corpul t\u0103u atunci c\u00e2nd devii vegetarian? Acestea sunt cele pe care nu le ve\u021bi mai primi \u00eentr-o diet\u0103 animal\u0103.","robots":{"index":"index","follow":"follow","max-snippet":"max-snippet:-1","max-image-preview":"max-image-preview:large","max-video-preview":"max-video-preview:-1"},"canonical":"https:\/\/regbu.com\/ro\/pestele-ce-trebuie-adaugat-pe-pestii-vegani-in-meniu\/","og_locale":"ro_RO","og_type":"article","og_title":"\u017diviny, kter\u00e9 mus\u00ed vegani doplnit do sv\u00e9ho j\u00eddeln\u00ed\u010dku - REGBU.COM","og_description":"V\u00edte, jak\u00e9 \u017eiviny Va\u0161e t\u011blo pot\u0159ebuje kdy\u017e se stanete vegetari\u00e1ny? Jsou to ty, kter\u00e9 u\u017e nebudete p\u0159ij\u00edmat v \u017eivo\u010di\u0161n\u00e9 strav\u011b.","og_url":"https:\/\/regbu.com\/ro\/pestele-ce-trebuie-adaugat-pe-pestii-vegani-in-meniu\/","og_site_name":"REGBU.COM","article_published_time":"2022-01-06T08:15:07+00:00","article_modified_time":"2025-09-05T05:43:13+00:00","og_image":[{"width":1200,"height":676,"url":"https:\/\/regbu.com\/wp-content\/uploads\/2022\/01\/ziviny-ktere-musi-vegani-doplnit-do-sveho-jidelnicku.jpg","type":"image\/jpeg"}],"author":"George Martin","twitter_card":"summary_large_image","twitter_misc":{"Scris de":"George Martin","Timp estimat pentru citire":"2 minute"},"schema":{"@context":"https:\/\/schema.org","@graph":[{"@type":"Article","@id":"https:\/\/regbu.com\/ziviny-ktere-musi-vegani-doplnit-do-sveho-jidelnicku\/#article","isPartOf":{"@id":"https:\/\/regbu.com\/ziviny-ktere-musi-vegani-doplnit-do-sveho-jidelnicku\/"},"author":{"name":"George Martin","@id":"https:\/\/regbu.com\/en\/#\/schema\/person\/94ea9deda2629771b8a9ced002f6784e"},"headline":"\u017diviny, kter\u00e9 mus\u00ed vegani doplnit do sv\u00e9ho j\u00eddeln\u00ed\u010dku","datePublished":"2022-01-06T08:15:07+00:00","dateModified":"2025-09-05T05:43:13+00:00","mainEntityOfPage":{"@id":"https:\/\/regbu.com\/ziviny-ktere-musi-vegani-doplnit-do-sveho-jidelnicku\/"},"wordCount":465,"image":{"@id":"https:\/\/regbu.com\/ziviny-ktere-musi-vegani-doplnit-do-sveho-jidelnicku\/#primaryimage"},"thumbnailUrl":"https:\/\/regbu.com\/wp-content\/uploads\/2022\/01\/ziviny-ktere-musi-vegani-doplnit-do-sveho-jidelnicku.jpg","keywords":["dostatek \u017eivin","vegetari\u00e1n","vegetari\u00e1ni","vegetari\u00e1nstv\u00ed","vitam\u00edn","vitam\u00edn B12","\u017eelezo","zinek","\u017eivina","\u017eiviny"],"articleSection":["Lidsk\u00e9 Zdrav\u00ed","Neza\u0159azen\u00e9"],"inLanguage":"ro-RO"},{"@type":["WebPage","FAQPage"],"@id":"https:\/\/regbu.com\/ziviny-ktere-musi-vegani-doplnit-do-sveho-jidelnicku\/","url":"https:\/\/regbu.com\/ziviny-ktere-musi-vegani-doplnit-do-sveho-jidelnicku\/","name":"Nutrien\u021bi pe care veganii trebuie s\u0103 \u00eei adauge \u00een dieta lor - REGBU.COM","isPartOf":{"@id":"https:\/\/regbu.com\/en\/#website"},"primaryImageOfPage":{"@id":"https:\/\/regbu.com\/ziviny-ktere-musi-vegani-doplnit-do-sveho-jidelnicku\/#primaryimage"},"image":{"@id":"https:\/\/regbu.com\/ziviny-ktere-musi-vegani-doplnit-do-sveho-jidelnicku\/#primaryimage"},"thumbnailUrl":"https:\/\/regbu.com\/wp-content\/uploads\/2022\/01\/ziviny-ktere-musi-vegani-doplnit-do-sveho-jidelnicku.jpg","datePublished":"2022-01-06T08:15:07+00:00","dateModified":"2025-09-05T05:43:13+00:00","author":{"@id":"https:\/\/regbu.com\/en\/#\/schema\/person\/94ea9deda2629771b8a9ced002f6784e"},"description":"\u0218tii de ce nutrien\u021bi are nevoie corpul t\u0103u atunci c\u00e2nd devii vegetarian? Acestea sunt cele pe care nu le ve\u021bi mai primi \u00eentr-o diet\u0103 animal\u0103.","breadcrumb":{"@id":"https:\/\/regbu.com\/ziviny-ktere-musi-vegani-doplnit-do-sveho-jidelnicku\/#breadcrumb"},"mainEntity":[{"@id":"https:\/\/regbu.com\/ziviny-ktere-musi-vegani-doplnit-do-sveho-jidelnicku\/#faq-question-1626960036079"},{"@id":"https:\/\/regbu.com\/ziviny-ktere-musi-vegani-doplnit-do-sveho-jidelnicku\/#faq-question-1626960045412"},{"@id":"https:\/\/regbu.com\/ziviny-ktere-musi-vegani-doplnit-do-sveho-jidelnicku\/#faq-question-1626960053544"},{"@id":"https:\/\/regbu.com\/ziviny-ktere-musi-vegani-doplnit-do-sveho-jidelnicku\/#faq-question-1626960062329"},{"@id":"https:\/\/regbu.com\/ziviny-ktere-musi-vegani-doplnit-do-sveho-jidelnicku\/#faq-question-1626960071762"}],"inLanguage":"ro-RO","potentialAction":[{"@type":"ReadAction","target":["https:\/\/regbu.com\/ziviny-ktere-musi-vegani-doplnit-do-sveho-jidelnicku\/"]}]},{"@type":"ImageObject","inLanguage":"ro-RO","@id":"https:\/\/regbu.com\/ziviny-ktere-musi-vegani-doplnit-do-sveho-jidelnicku\/#primaryimage","url":"https:\/\/regbu.com\/wp-content\/uploads\/2022\/01\/ziviny-ktere-musi-vegani-doplnit-do-sveho-jidelnicku.jpg","contentUrl":"https:\/\/regbu.com\/wp-content\/uploads\/2022\/01\/ziviny-ktere-musi-vegani-doplnit-do-sveho-jidelnicku.jpg","width":1200,"height":676,"caption":"\u017diviny, kter\u00e9 mus\u00ed vegani doplnit do sv\u00e9ho j\u00eddeln\u00ed\u010dku"},{"@type":"BreadcrumbList","@id":"https:\/\/regbu.com\/ziviny-ktere-musi-vegani-doplnit-do-sveho-jidelnicku\/#breadcrumb","itemListElement":[{"@type":"ListItem","position":1,"name":"Home","item":"https:\/\/regbu.com\/en\/"},{"@type":"ListItem","position":2,"name":"\u017diviny, kter\u00e9 mus\u00ed vegani doplnit do sv\u00e9ho j\u00eddeln\u00ed\u010dku"}]},{"@type":"WebSite","@id":"https:\/\/regbu.com\/en\/#website","url":"https:\/\/regbu.com\/en\/","name":"REGBU.COM","description":"","potentialAction":[{"@type":"SearchAction","target":{"@type":"EntryPoint","urlTemplate":"https:\/\/regbu.com\/en\/?s={search_term_string}"},"query-input":{"@type":"PropertyValueSpecification","valueRequired":true,"valueName":"search_term_string"}}],"inLanguage":"ro-RO"},{"@type":"Person","@id":"https:\/\/regbu.com\/en\/#\/schema\/person\/94ea9deda2629771b8a9ced002f6784e","name":"George Martin","url":"https:\/\/regbu.com\/ro\/author\/george-martin\/"},{"@type":"Question","@id":"https:\/\/regbu.com\/ziviny-ktere-musi-vegani-doplnit-do-sveho-jidelnicku\/#faq-question-1626960036079","position":1,"url":"https:\/\/regbu.com\/ziviny-ktere-musi-vegani-doplnit-do-sveho-jidelnicku\/#faq-question-1626960036079","name":"Ce poate cauza deficien\u021ba de vitamina B12?","answerCount":1,"acceptedAnswer":{"@type":"Answer","text":"Kdy\u017e nem\u00e1te dost tohoto vitam\u00ednu, hroz\u00ed V\u00e1m neplodnost, an\u00e9mie, ale tak\u00e9 nebezpe\u010dn\u00e9 po\u0161kozen\u00ed nervov\u00e9ho syst\u00e9mu. V n\u011bkter\u00fdch p\u0159\u00edpadech m\u016f\u017ee doch\u00e1zet i k srde\u010dn\u00edm chorob\u00e1m nebo k probl\u00e9m\u016fm s kostmi.","inLanguage":"ro-RO"},"inLanguage":"ro-RO"},{"@type":"Question","@id":"https:\/\/regbu.com\/ziviny-ktere-musi-vegani-doplnit-do-sveho-jidelnicku\/#faq-question-1626960045412","position":2,"url":"https:\/\/regbu.com\/ziviny-ktere-musi-vegani-doplnit-do-sveho-jidelnicku\/#faq-question-1626960045412","name":"Cum \u0219ti\u021bi dac\u0103 ave\u021bi o deficien\u021b\u0103 de vitamina B12?","answerCount":1,"acceptedAnswer":{"@type":"Answer","text":"Za\u010dnete trp\u011bt nechutenstv\u00edm, m\u016f\u017ee se u V\u00e1s projevit z\u00e1cpa a \u00fanava je na denn\u00edm po\u0159\u00e1dku. Ur\u010dit\u00fdm impulsem m\u016f\u017ee b\u00fdt ne\u017e\u00e1douc\u00ed a rychl\u00fd \u00fabytek hmotnosti.","inLanguage":"ro-RO"},"inLanguage":"ro-RO"},{"@type":"Question","@id":"https:\/\/regbu.com\/ziviny-ktere-musi-vegani-doplnit-do-sveho-jidelnicku\/#faq-question-1626960053544","position":3,"url":"https:\/\/regbu.com\/ziviny-ktere-musi-vegani-doplnit-do-sveho-jidelnicku\/#faq-question-1626960053544","name":"Cum se manifest\u0103 deficitul de zinc \u00een organism?","answerCount":1,"acceptedAnswer":{"@type":"Answer","text":"Zinek pat\u0159\u00ed tak\u00e9 mezi nezbytn\u00e9 \u017eiviny. Kdy\u017e ho m\u00e1te m\u00e1lo, p\u0159ich\u00e1z\u00ed na p\u0159et\u0159es vypad\u00e1v\u00e1n\u00ed vlas\u016f, zhor\u0161en\u00e9 hojen\u00ed ran na t\u011ble, pr\u016fjmy a u mlad\u0161\u00edch jedinc\u016f v\u00fdvojov\u00e9 probl\u00e9my.","inLanguage":"ro-RO"},"inLanguage":"ro-RO"},{"@type":"Question","@id":"https:\/\/regbu.com\/ziviny-ktere-musi-vegani-doplnit-do-sveho-jidelnicku\/#faq-question-1626960062329","position":4,"url":"https:\/\/regbu.com\/ziviny-ktere-musi-vegani-doplnit-do-sveho-jidelnicku\/#faq-question-1626960062329","name":"Ce face fierul \u00een corpul uman?","answerCount":1,"acceptedAnswer":{"@type":"Answer","text":"Jeho hlavn\u00edm \u00fakolem je p\u0159en\u00e1\u0161et kysl\u00edk v hemoglobinu \u010derven\u00fdch krvinek. Nezbytn\u00e9 je tak\u00e9 pro spr\u00e1vn\u00fd v\u00fdvoj mozkov\u00fdch funkc\u00ed.","inLanguage":"ro-RO"},"inLanguage":"ro-RO"},{"@type":"Question","@id":"https:\/\/regbu.com\/ziviny-ktere-musi-vegani-doplnit-do-sveho-jidelnicku\/#faq-question-1626960071762","position":5,"url":"https:\/\/regbu.com\/ziviny-ktere-musi-vegani-doplnit-do-sveho-jidelnicku\/#faq-question-1626960071762","name":"C\u00e2t de mult fier ar trebui s\u0103 primeasc\u0103 o persoan\u0103 \u00een fiecare zi?","answerCount":1,"acceptedAnswer":{"@type":"Answer","text":"U d\u011bt\u00ed se tato d\u00e1vka pohybuje mezi 7 a\u017e 8 mg. V p\u0159\u00edpad\u011b mu\u017e\u016f je to 11 a\u017e 15 mg. U \u017een tato hranice m\u016f\u017ee atakovat hodnotu 18 mg.","inLanguage":"ro-RO"},"inLanguage":"ro-RO"}]}},"_links":{"self":[{"href":"https:\/\/regbu.com\/ro\/wp-json\/wp\/v2\/posts\/178","targetHints":{"allow":["GET"]}}],"collection":[{"href":"https:\/\/regbu.com\/ro\/wp-json\/wp\/v2\/posts"}],"about":[{"href":"https:\/\/regbu.com\/ro\/wp-json\/wp\/v2\/types\/post"}],"author":[{"embeddable":true,"href":"https:\/\/regbu.com\/ro\/wp-json\/wp\/v2\/users\/2"}],"replies":[{"embeddable":true,"href":"https:\/\/regbu.com\/ro\/wp-json\/wp\/v2\/comments?post=178"}],"version-history":[{"count":2,"href":"https:\/\/regbu.com\/ro\/wp-json\/wp\/v2\/posts\/178\/revisions"}],"predecessor-version":[{"id":190,"href":"https:\/\/regbu.com\/ro\/wp-json\/wp\/v2\/posts\/178\/revisions\/190"}],"wp:featuredmedia":[{"embeddable":true,"href":"https:\/\/regbu.com\/ro\/wp-json\/wp\/v2\/media\/179"}],"wp:attachment":[{"href":"https:\/\/regbu.com\/ro\/wp-json\/wp\/v2\/media?parent=178"}],"wp:term":[{"taxonomy":"category","embeddable":true,"href":"https:\/\/regbu.com\/ro\/wp-json\/wp\/v2\/categories?post=178"},{"taxonomy":"post_tag","embeddable":true,"href":"https:\/\/regbu.com\/ro\/wp-json\/wp\/v2\/tags?post=178"}],"curies":[{"name":"wp","href":"https:\/\/api.w.org\/{rel}","templated":true}]}}