{"id":1515,"date":"2023-08-14T09:44:14","date_gmt":"2023-08-14T07:44:14","guid":{"rendered":"https:\/\/regbu.com\/?p=1515"},"modified":"2025-09-05T07:39:45","modified_gmt":"2025-09-05T05:39:45","slug":"vesmirne-stanice-pod-drobnohledem","status":"publish","type":"post","link":"https:\/\/regbu.com\/ro\/statii-spatiale-in-vedere\/","title":{"rendered":"Sta\u021biile spa\u021biale sunt sub observa\u021bie"},"content":{"rendered":"<p>Sta\u021biile spa\u021biale ar putea fi cu siguran\u021b\u0103 incluse \u00een list\u0103 <strong><a href=\"https:\/\/regbu.com\/ro\/cei-mai-utili-inventatori-din-lume-pe-care-trebuie-sa-i-cunosti\/\">dintre cele mai utile inven\u021bii<\/a><\/strong> din lume. Cunoscute \u0219i sub numele de sta\u021bii spa\u021biale, acestea sunt \u00een esen\u021b\u0103 dispozitive moderne \u0219i atemporale care se deplaseaz\u0103 \u00een spa\u021biu. Ele nu sunt un mijloc de transport spa\u021bial, ci un loc \u00een care stau astronau\u021bii.<\/p>\n\n\n\n<ul class=\"wp-block-list\">\n<li>Pentru sejururi de medie \u0219i lung\u0103 durat\u0103 \u00een spa\u021biu<\/li>\n\n\n\n<li>Necesar pentru a fi transportat cu o nav\u0103 spa\u021bial\u0103<\/li>\n\n\n\n<li>Func\u021bioneaz\u0103 ca laboratoare<\/li>\n<\/ul>\n\n\n\n<p>C\u00e2nd spui sta\u021bie spa\u021bial\u0103, mul\u021bi oameni se pot g\u00e2ndi la un tip de observator care serve\u0219te drept baz\u0103, laborator \u0219i <strong>Centrul \u0219tiin\u021bific <\/strong>\u00cempreun\u0103. \u00cen ultimii ani \u0219i, probabil, \u00een viitor, sta\u021biile spa\u021biale vor fi folosite \u0219i pentru turismul spa\u021bial.<\/p>\n\n\n\n<h2 class=\"wp-block-heading\">De unde a \u00eenceput totul?<\/h2>\n\n\n\n<p>Dac\u0103 ne uit\u0103m la primele zile ale sta\u021biei orbitale, trebuie s\u0103 ne \u00eentoarcem la 1895. Atunci a fost realizat primul proiect mai tehnic pentru o sta\u021bie spa\u021bial\u0103, semnat de <strong>Konstantin Eduardovici Tsiolkovski<\/strong>. Ulterior, au fost ad\u0103ugate alte proiecte sub auspiciile URSS \u0219i ale Statelor Unite ale Americii. Pe aceast\u0103 baz\u0103 au existat proiecte implementate \u0219i neimplementate. \u00cen continuare, v\u0103 vom face cuno\u0219tin\u021b\u0103 cu toate acestea mai \u00een detaliu.<\/p>\n\n\n\n<h3 class=\"wp-block-heading\">Sta\u021bii spa\u021biale \u00een \u00eentreb\u0103ri \u0219i r\u0103spunsuri<\/h3>\n\n\n\n<p>Printre sta\u021biile realizate \u00een spa\u021biu pot fi marcate cu certitudine absolut\u0103 <em>Proiectul Saljut<\/em>, al c\u0103rui punct de plecare a fost proiectul Almaz. \u0218apte versiuni ale acestui proiect au fost lansate \u00een spa\u021biu \u00eentre 1971 \u0219i 1982. Alte fapte interesante pot fi g\u0103site \u00een \u00eentreb\u0103rile \u0219i r\u0103spunsurile de mai jos.<\/p>\n\n\n\n<div class=\"schema-faq wp-block-yoast-faq-block\"><div class=\"schema-faq-section\" id=\"faq-question-1692258271014\"><strong class=\"schema-faq-question\">Ce proiecte au v\u0103zut lumina tiparului?<\/strong> <p class=\"schema-faq-answer\">Printre aceste sta\u021bii spa\u021biale se num\u0103r\u0103, de exemplu, sta\u021bia american\u0103 Skylab. Alte sta\u021bii includ Almaz, Mir, ISS \u0219i Tian-kung.<\/p> <\/div> <div class=\"schema-faq-section\" id=\"faq-question-1692258278284\"><strong class=\"schema-faq-question\">Ce proiecte, pe de alt\u0103 parte, nu au fost implementate?<\/strong> <p class=\"schema-faq-answer\">Acestea sunt, de exemplu, proiectele Space Base, MOL, Zvezda, Freedom \u0219i Mir 2.<\/p> <\/div> <div class=\"schema-faq-section\" id=\"faq-question-1692258285481\"><strong class=\"schema-faq-question\">Care este actuala sta\u021bie spa\u021bial\u0103 de lung\u0103 durat\u0103?<\/strong> <p class=\"schema-faq-answer\">Singura astfel de sta\u021bie este ISS, sau Sta\u021bia Spa\u021bial\u0103 Interna\u021bional\u0103.<\/p> <\/div> <div class=\"schema-faq-section\" id=\"faq-question-1692258291874\"><strong class=\"schema-faq-question\">C\u00e2nd a fost lansat\u0103 pe orbit\u0103 ISS?<\/strong> <p class=\"schema-faq-answer\">Acest lucru s-a \u00eent\u00e2mplat la 20 noiembrie 1998. Primul echipaj a intrat pe sta\u021bia spa\u021bial\u0103 \u00een anul 2000. De atunci, sta\u021bia spa\u021bial\u0103 a fost locuit\u0103.<\/p> <\/div> <div class=\"schema-faq-section\" id=\"faq-question-1692258299596\"><strong class=\"schema-faq-question\">Ce alte sta\u021bii au mai r\u0103mas \u00een spa\u021biu mai mult timp?<\/strong> <p class=\"schema-faq-answer\">Mir a durat 5.511 zile, Tian-kung 1 a durat 2.377 de zile, iar Skylab a durat 2.249 de zile.<\/p> <\/div> <\/div>","protected":false},"excerpt":{"rendered":"<p>Sta\u021biile spa\u021biale ar putea fi cu siguran\u021b\u0103 incluse pe lista celor mai utile inven\u021bii din lume. Cunoscute \u0219i sub numele de sta\u021bii spa\u021biale, acestea sunt, \u00een esen\u021b\u0103, dispozitive moderne \u0219i atemporale care se deplaseaz\u0103 prin spa\u021biu. Ele nu sunt un mijloc de transport spa\u021bial, ci un loc \u00een care stau astronau\u021bii. Atunci c\u00e2nd este folosit cuv\u00e2ntul sta\u021bie spa\u021bial\u0103, mul\u021bi se pot g\u00e2ndi la un tip de observator, ... <\/p>","protected":false},"author":2,"featured_media":1516,"comment_status":"closed","ping_status":"closed","sticky":false,"template":"","format":"standard","meta":{"footnotes":""},"categories":[6],"tags":[1883,1878,1885,1879,1882,1884,1877,1880,1831,1876,1881],"class_list":["post-1515","post","type-post","status-publish","format-standard","has-post-thumbnail","hentry","category-technologie","tag-almaz","tag-draha","tag-iss","tag-konstantin-eduardovic-ciolkovskij","tag-laborator","tag-saljut","tag-stanice","tag-vedecke-centrum","tag-vesmir","tag-vesmirne-stanice","tag-zakladna"],"yoast_head":"<!-- This site is optimized with the Yoast SEO plugin v27.5 - https:\/\/yoast.com\/product\/yoast-seo-wordpress\/ -->\n<title>Vesm\u00edrn\u00e9 stanice pod drobnohledem - REGBU.COM<\/title>\n<meta name=\"description\" content=\"V\u00edte, jak\u00e9 vesm\u00edrn\u00e9 stanice se objevily nad Va\u0161imi hlavamim. A m\u00e1te tu\u0161en\u00ed, kter\u00e9 projekty nebyly nikdy zrealizov\u00e1ny?\" \/>\n<meta name=\"robots\" content=\"index, follow, max-snippet:-1, max-image-preview:large, max-video-preview:-1\" \/>\n<link rel=\"canonical\" href=\"https:\/\/regbu.com\/ro\/statii-spatiale-in-vedere\/\" \/>\n<meta property=\"og:locale\" content=\"ro_RO\" \/>\n<meta property=\"og:type\" content=\"article\" \/>\n<meta property=\"og:title\" content=\"Vesm\u00edrn\u00e9 stanice pod drobnohledem - REGBU.COM\" \/>\n<meta property=\"og:description\" content=\"V\u00edte, jak\u00e9 vesm\u00edrn\u00e9 stanice se objevily nad Va\u0161imi hlavamim. A m\u00e1te tu\u0161en\u00ed, kter\u00e9 projekty nebyly nikdy zrealizov\u00e1ny?\" \/>\n<meta property=\"og:url\" content=\"https:\/\/regbu.com\/ro\/statii-spatiale-in-vedere\/\" \/>\n<meta property=\"og:site_name\" content=\"REGBU.COM\" \/>\n<meta property=\"article:published_time\" content=\"2023-08-14T07:44:14+00:00\" \/>\n<meta property=\"article:modified_time\" content=\"2025-09-05T05:39:45+00:00\" \/>\n<meta property=\"og:image\" content=\"https:\/\/regbu.com\/wp-content\/uploads\/2023\/08\/vesmirne-stanice-pod-drobnohledem.jpg\" \/>\n\t<meta property=\"og:image:width\" content=\"1200\" \/>\n\t<meta property=\"og:image:height\" content=\"676\" \/>\n\t<meta property=\"og:image:type\" content=\"image\/jpeg\" \/>\n<meta name=\"author\" content=\"George Martin\" \/>\n<meta name=\"twitter:card\" content=\"summary_large_image\" \/>\n<meta name=\"twitter:label1\" content=\"Scris de\" \/>\n\t<meta name=\"twitter:data1\" content=\"George Martin\" \/>\n\t<meta name=\"twitter:label2\" content=\"Timp estimat pentru citire\" \/>\n\t<meta name=\"twitter:data2\" content=\"2 minute\" \/>\n<script type=\"application\/ld+json\" class=\"yoast-schema-graph\">{\"@context\":\"https:\\\/\\\/schema.org\",\"@graph\":[{\"@type\":\"Article\",\"@id\":\"https:\\\/\\\/regbu.com\\\/ro\\\/statii-spatiale-in-vedere\\\/#article\",\"isPartOf\":{\"@id\":\"https:\\\/\\\/regbu.com\\\/ro\\\/statii-spatiale-in-vedere\\\/\"},\"author\":{\"name\":\"George Martin\",\"@id\":\"https:\\\/\\\/regbu.com\\\/en\\\/#\\\/schema\\\/person\\\/94ea9deda2629771b8a9ced002f6784e\"},\"headline\":\"Vesm\u00edrn\u00e9 stanice pod drobnohledem\",\"datePublished\":\"2023-08-14T07:44:14+00:00\",\"dateModified\":\"2025-09-05T05:39:45+00:00\",\"mainEntityOfPage\":{\"@id\":\"https:\\\/\\\/regbu.com\\\/ro\\\/statii-spatiale-in-vedere\\\/\"},\"wordCount\":415,\"image\":{\"@id\":\"https:\\\/\\\/regbu.com\\\/ro\\\/statii-spatiale-in-vedere\\\/#primaryimage\"},\"thumbnailUrl\":\"https:\\\/\\\/regbu.com\\\/wp-content\\\/uploads\\\/2023\\\/08\\\/vesmirne-stanice-pod-drobnohledem.jpg\",\"keywords\":[\"Almaz\",\"dr\u00e1ha\",\"ISS\",\"Konstantin Eduardovi\u010d Ciolkovskij\",\"laborato\u0159\",\"Saljut\",\"stanice\",\"v\u011bdeck\u00e9 centrum\",\"vesm\u00edr\",\"vesm\u00edrn\u00e9 stanice\",\"z\u00e1kladna\"],\"articleSection\":[\"Technologie\"],\"inLanguage\":\"ro-RO\"},{\"@type\":[\"WebPage\",\"FAQPage\"],\"@id\":\"https:\\\/\\\/regbu.com\\\/ro\\\/statii-spatiale-in-vedere\\\/\",\"url\":\"https:\\\/\\\/regbu.com\\\/ro\\\/statii-spatiale-in-vedere\\\/\",\"name\":\"Vesm\u00edrn\u00e9 stanice pod drobnohledem - REGBU.COM\",\"isPartOf\":{\"@id\":\"https:\\\/\\\/regbu.com\\\/en\\\/#website\"},\"primaryImageOfPage\":{\"@id\":\"https:\\\/\\\/regbu.com\\\/ro\\\/statii-spatiale-in-vedere\\\/#primaryimage\"},\"image\":{\"@id\":\"https:\\\/\\\/regbu.com\\\/ro\\\/statii-spatiale-in-vedere\\\/#primaryimage\"},\"thumbnailUrl\":\"https:\\\/\\\/regbu.com\\\/wp-content\\\/uploads\\\/2023\\\/08\\\/vesmirne-stanice-pod-drobnohledem.jpg\",\"datePublished\":\"2023-08-14T07:44:14+00:00\",\"dateModified\":\"2025-09-05T05:39:45+00:00\",\"author\":{\"@id\":\"https:\\\/\\\/regbu.com\\\/en\\\/#\\\/schema\\\/person\\\/94ea9deda2629771b8a9ced002f6784e\"},\"description\":\"V\u00edte, jak\u00e9 vesm\u00edrn\u00e9 stanice se objevily nad Va\u0161imi hlavamim. A m\u00e1te tu\u0161en\u00ed, kter\u00e9 projekty nebyly nikdy zrealizov\u00e1ny?\",\"breadcrumb\":{\"@id\":\"https:\\\/\\\/regbu.com\\\/ro\\\/statii-spatiale-in-vedere\\\/#breadcrumb\"},\"mainEntity\":[{\"@id\":\"https:\\\/\\\/regbu.com\\\/ro\\\/statii-spatiale-in-vedere\\\/#faq-question-1692258271014\"},{\"@id\":\"https:\\\/\\\/regbu.com\\\/ro\\\/statii-spatiale-in-vedere\\\/#faq-question-1692258278284\"},{\"@id\":\"https:\\\/\\\/regbu.com\\\/ro\\\/statii-spatiale-in-vedere\\\/#faq-question-1692258285481\"},{\"@id\":\"https:\\\/\\\/regbu.com\\\/ro\\\/statii-spatiale-in-vedere\\\/#faq-question-1692258291874\"},{\"@id\":\"https:\\\/\\\/regbu.com\\\/ro\\\/statii-spatiale-in-vedere\\\/#faq-question-1692258299596\"}],\"inLanguage\":\"ro-RO\",\"potentialAction\":[{\"@type\":\"ReadAction\",\"target\":[\"https:\\\/\\\/regbu.com\\\/ro\\\/statii-spatiale-in-vedere\\\/\"]}]},{\"@type\":\"ImageObject\",\"inLanguage\":\"ro-RO\",\"@id\":\"https:\\\/\\\/regbu.com\\\/ro\\\/statii-spatiale-in-vedere\\\/#primaryimage\",\"url\":\"https:\\\/\\\/regbu.com\\\/wp-content\\\/uploads\\\/2023\\\/08\\\/vesmirne-stanice-pod-drobnohledem.jpg\",\"contentUrl\":\"https:\\\/\\\/regbu.com\\\/wp-content\\\/uploads\\\/2023\\\/08\\\/vesmirne-stanice-pod-drobnohledem.jpg\",\"width\":1200,\"height\":676,\"caption\":\"Vesm\u00edrn\u00e9 stanice pod drobnohledem\"},{\"@type\":\"BreadcrumbList\",\"@id\":\"https:\\\/\\\/regbu.com\\\/ro\\\/statii-spatiale-in-vedere\\\/#breadcrumb\",\"itemListElement\":[{\"@type\":\"ListItem\",\"position\":1,\"name\":\"Home\",\"item\":\"https:\\\/\\\/regbu.com\\\/en\\\/\"},{\"@type\":\"ListItem\",\"position\":2,\"name\":\"Vesm\u00edrn\u00e9 stanice pod drobnohledem\"}]},{\"@type\":\"WebSite\",\"@id\":\"https:\\\/\\\/regbu.com\\\/en\\\/#website\",\"url\":\"https:\\\/\\\/regbu.com\\\/en\\\/\",\"name\":\"REGBU.COM\",\"description\":\"\",\"potentialAction\":[{\"@type\":\"SearchAction\",\"target\":{\"@type\":\"EntryPoint\",\"urlTemplate\":\"https:\\\/\\\/regbu.com\\\/en\\\/?s={search_term_string}\"},\"query-input\":{\"@type\":\"PropertyValueSpecification\",\"valueRequired\":true,\"valueName\":\"search_term_string\"}}],\"inLanguage\":\"ro-RO\"},{\"@type\":\"Person\",\"@id\":\"https:\\\/\\\/regbu.com\\\/en\\\/#\\\/schema\\\/person\\\/94ea9deda2629771b8a9ced002f6784e\",\"name\":\"George Martin\",\"url\":\"https:\\\/\\\/regbu.com\\\/ro\\\/author\\\/george-martin\\\/\"},{\"@type\":\"Question\",\"@id\":\"https:\\\/\\\/regbu.com\\\/ro\\\/statii-spatiale-in-vedere\\\/#faq-question-1692258271014\",\"position\":1,\"url\":\"https:\\\/\\\/regbu.com\\\/ro\\\/statii-spatiale-in-vedere\\\/#faq-question-1692258271014\",\"name\":\"Jak\u00e9 realizovan\u00e9 projekty spat\u0159ily sv\u011btlo sv\u011bta?\",\"answerCount\":1,\"acceptedAnswer\":{\"@type\":\"Answer\",\"text\":\"Mezi tyto vesm\u00edrn\u00e9 stanice spad\u00e1 nap\u0159\u00edklad americk\u00e1 stanice Skylab. D\u00e1le jsou to stanice Almaz, Mir, ISS a Tchien-kung.\",\"inLanguage\":\"ro-RO\"},\"inLanguage\":\"ro-RO\"},{\"@type\":\"Question\",\"@id\":\"https:\\\/\\\/regbu.com\\\/ro\\\/statii-spatiale-in-vedere\\\/#faq-question-1692258278284\",\"position\":2,\"url\":\"https:\\\/\\\/regbu.com\\\/ro\\\/statii-spatiale-in-vedere\\\/#faq-question-1692258278284\",\"name\":\"Jak\u00e9 projekty naopak nebyly realizov\u00e1ny?\",\"answerCount\":1,\"acceptedAnswer\":{\"@type\":\"Answer\",\"text\":\"Jsou to kup\u0159\u00edkladu projekty Space Base, program MOL, Zvezda, Freedom a Mir 2.\",\"inLanguage\":\"ro-RO\"},\"inLanguage\":\"ro-RO\"},{\"@type\":\"Question\",\"@id\":\"https:\\\/\\\/regbu.com\\\/ro\\\/statii-spatiale-in-vedere\\\/#faq-question-1692258285481\",\"position\":3,\"url\":\"https:\\\/\\\/regbu.com\\\/ro\\\/statii-spatiale-in-vedere\\\/#faq-question-1692258285481\",\"name\":\"Jak\u00e1 je aktu\u00e1ln\u011b dlouhodob\u011b funguj\u00edc\u00ed vesm\u00edrn\u00e1 stanice?\",\"answerCount\":1,\"acceptedAnswer\":{\"@type\":\"Answer\",\"text\":\"Jedinou takovou stanic\u00ed je ISS neboli International Space Station.\",\"inLanguage\":\"ro-RO\"},\"inLanguage\":\"ro-RO\"},{\"@type\":\"Question\",\"@id\":\"https:\\\/\\\/regbu.com\\\/ro\\\/statii-spatiale-in-vedere\\\/#faq-question-1692258291874\",\"position\":4,\"url\":\"https:\\\/\\\/regbu.com\\\/ro\\\/statii-spatiale-in-vedere\\\/#faq-question-1692258291874\",\"name\":\"Kdy byla na ob\u011b\u017enou dr\u00e1hu vynesena ISS?\",\"answerCount\":1,\"acceptedAnswer\":{\"@type\":\"Answer\",\"text\":\"Do\u0161lo k tomu 20. listopadu 1998. Prvn\u00ed pos\u00e1dka na tuto vesm\u00edrnou stanici vstoupila v roce 2000. Od t\u00e9 doby je vesm\u00edrn\u00e1 stanice st\u00e1le obydlena.\",\"inLanguage\":\"ro-RO\"},\"inLanguage\":\"ro-RO\"},{\"@type\":\"Question\",\"@id\":\"https:\\\/\\\/regbu.com\\\/ro\\\/statii-spatiale-in-vedere\\\/#faq-question-1692258299596\",\"position\":5,\"url\":\"https:\\\/\\\/regbu.com\\\/ro\\\/statii-spatiale-in-vedere\\\/#faq-question-1692258299596\",\"name\":\"Jak\u00e9 dal\u0161\u00ed stanice z\u016fstaly ve vesm\u00edru del\u0161\u00ed dobu?\",\"answerCount\":1,\"acceptedAnswer\":{\"@type\":\"Answer\",\"text\":\"Byl to Mir s d\u00e9lkou 5 511 dn\u016f, stanice Tchien-kung 1 vydr\u017eela ve vesm\u00edru 2 377 dn\u016f a vesm\u00edrn\u00e1 stanice Skylab cel\u00fdch 2 249 dn\u016f.\",\"inLanguage\":\"ro-RO\"},\"inLanguage\":\"ro-RO\"}]}<\/script>\n<!-- \/ Yoast SEO plugin. -->","yoast_head_json":{"title":"Sta\u021biile spa\u021biale sub observa\u021bie - REGBU.COM","description":"\u0218ti\u021bi ce sta\u021bii spa\u021biale au ap\u0103rut deasupra capetelor voastre. \u0218i ave\u021bi idee ce proiecte nu s-au realizat niciodat\u0103?","robots":{"index":"index","follow":"follow","max-snippet":"max-snippet:-1","max-image-preview":"max-image-preview:large","max-video-preview":"max-video-preview:-1"},"canonical":"https:\/\/regbu.com\/ro\/statii-spatiale-in-vedere\/","og_locale":"ro_RO","og_type":"article","og_title":"Vesm\u00edrn\u00e9 stanice pod drobnohledem - REGBU.COM","og_description":"V\u00edte, jak\u00e9 vesm\u00edrn\u00e9 stanice se objevily nad Va\u0161imi hlavamim. A m\u00e1te tu\u0161en\u00ed, kter\u00e9 projekty nebyly nikdy zrealizov\u00e1ny?","og_url":"https:\/\/regbu.com\/ro\/statii-spatiale-in-vedere\/","og_site_name":"REGBU.COM","article_published_time":"2023-08-14T07:44:14+00:00","article_modified_time":"2025-09-05T05:39:45+00:00","og_image":[{"width":1200,"height":676,"url":"https:\/\/regbu.com\/wp-content\/uploads\/2023\/08\/vesmirne-stanice-pod-drobnohledem.jpg","type":"image\/jpeg"}],"author":"George Martin","twitter_card":"summary_large_image","twitter_misc":{"Scris de":"George Martin","Timp estimat pentru citire":"2 minute"},"schema":{"@context":"https:\/\/schema.org","@graph":[{"@type":"Article","@id":"https:\/\/regbu.com\/ro\/statii-spatiale-in-vedere\/#article","isPartOf":{"@id":"https:\/\/regbu.com\/ro\/statii-spatiale-in-vedere\/"},"author":{"name":"George Martin","@id":"https:\/\/regbu.com\/en\/#\/schema\/person\/94ea9deda2629771b8a9ced002f6784e"},"headline":"Vesm\u00edrn\u00e9 stanice pod drobnohledem","datePublished":"2023-08-14T07:44:14+00:00","dateModified":"2025-09-05T05:39:45+00:00","mainEntityOfPage":{"@id":"https:\/\/regbu.com\/ro\/statii-spatiale-in-vedere\/"},"wordCount":415,"image":{"@id":"https:\/\/regbu.com\/ro\/statii-spatiale-in-vedere\/#primaryimage"},"thumbnailUrl":"https:\/\/regbu.com\/wp-content\/uploads\/2023\/08\/vesmirne-stanice-pod-drobnohledem.jpg","keywords":["Almaz","dr\u00e1ha","ISS","Konstantin Eduardovi\u010d Ciolkovskij","laborato\u0159","Saljut","stanice","v\u011bdeck\u00e9 centrum","vesm\u00edr","vesm\u00edrn\u00e9 stanice","z\u00e1kladna"],"articleSection":["Technologie"],"inLanguage":"ro-RO"},{"@type":["WebPage","FAQPage"],"@id":"https:\/\/regbu.com\/ro\/statii-spatiale-in-vedere\/","url":"https:\/\/regbu.com\/ro\/statii-spatiale-in-vedere\/","name":"Sta\u021biile spa\u021biale sub observa\u021bie - REGBU.COM","isPartOf":{"@id":"https:\/\/regbu.com\/en\/#website"},"primaryImageOfPage":{"@id":"https:\/\/regbu.com\/ro\/statii-spatiale-in-vedere\/#primaryimage"},"image":{"@id":"https:\/\/regbu.com\/ro\/statii-spatiale-in-vedere\/#primaryimage"},"thumbnailUrl":"https:\/\/regbu.com\/wp-content\/uploads\/2023\/08\/vesmirne-stanice-pod-drobnohledem.jpg","datePublished":"2023-08-14T07:44:14+00:00","dateModified":"2025-09-05T05:39:45+00:00","author":{"@id":"https:\/\/regbu.com\/en\/#\/schema\/person\/94ea9deda2629771b8a9ced002f6784e"},"description":"\u0218ti\u021bi ce sta\u021bii spa\u021biale au ap\u0103rut deasupra capetelor voastre. \u0218i ave\u021bi idee ce proiecte nu s-au realizat niciodat\u0103?","breadcrumb":{"@id":"https:\/\/regbu.com\/ro\/statii-spatiale-in-vedere\/#breadcrumb"},"mainEntity":[{"@id":"https:\/\/regbu.com\/ro\/statii-spatiale-in-vedere\/#faq-question-1692258271014"},{"@id":"https:\/\/regbu.com\/ro\/statii-spatiale-in-vedere\/#faq-question-1692258278284"},{"@id":"https:\/\/regbu.com\/ro\/statii-spatiale-in-vedere\/#faq-question-1692258285481"},{"@id":"https:\/\/regbu.com\/ro\/statii-spatiale-in-vedere\/#faq-question-1692258291874"},{"@id":"https:\/\/regbu.com\/ro\/statii-spatiale-in-vedere\/#faq-question-1692258299596"}],"inLanguage":"ro-RO","potentialAction":[{"@type":"ReadAction","target":["https:\/\/regbu.com\/ro\/statii-spatiale-in-vedere\/"]}]},{"@type":"ImageObject","inLanguage":"ro-RO","@id":"https:\/\/regbu.com\/ro\/statii-spatiale-in-vedere\/#primaryimage","url":"https:\/\/regbu.com\/wp-content\/uploads\/2023\/08\/vesmirne-stanice-pod-drobnohledem.jpg","contentUrl":"https:\/\/regbu.com\/wp-content\/uploads\/2023\/08\/vesmirne-stanice-pod-drobnohledem.jpg","width":1200,"height":676,"caption":"Vesm\u00edrn\u00e9 stanice pod drobnohledem"},{"@type":"BreadcrumbList","@id":"https:\/\/regbu.com\/ro\/statii-spatiale-in-vedere\/#breadcrumb","itemListElement":[{"@type":"ListItem","position":1,"name":"Home","item":"https:\/\/regbu.com\/en\/"},{"@type":"ListItem","position":2,"name":"Vesm\u00edrn\u00e9 stanice pod drobnohledem"}]},{"@type":"WebSite","@id":"https:\/\/regbu.com\/en\/#website","url":"https:\/\/regbu.com\/en\/","name":"REGBU.COM","description":"","potentialAction":[{"@type":"SearchAction","target":{"@type":"EntryPoint","urlTemplate":"https:\/\/regbu.com\/en\/?s={search_term_string}"},"query-input":{"@type":"PropertyValueSpecification","valueRequired":true,"valueName":"search_term_string"}}],"inLanguage":"ro-RO"},{"@type":"Person","@id":"https:\/\/regbu.com\/en\/#\/schema\/person\/94ea9deda2629771b8a9ced002f6784e","name":"George Martin","url":"https:\/\/regbu.com\/ro\/author\/george-martin\/"},{"@type":"Question","@id":"https:\/\/regbu.com\/ro\/statii-spatiale-in-vedere\/#faq-question-1692258271014","position":1,"url":"https:\/\/regbu.com\/ro\/statii-spatiale-in-vedere\/#faq-question-1692258271014","name":"Ce proiecte au v\u0103zut lumina tiparului?","answerCount":1,"acceptedAnswer":{"@type":"Answer","text":"Mezi tyto vesm\u00edrn\u00e9 stanice spad\u00e1 nap\u0159\u00edklad americk\u00e1 stanice Skylab. D\u00e1le jsou to stanice Almaz, Mir, ISS a Tchien-kung.","inLanguage":"ro-RO"},"inLanguage":"ro-RO"},{"@type":"Question","@id":"https:\/\/regbu.com\/ro\/statii-spatiale-in-vedere\/#faq-question-1692258278284","position":2,"url":"https:\/\/regbu.com\/ro\/statii-spatiale-in-vedere\/#faq-question-1692258278284","name":"Ce proiecte, pe de alt\u0103 parte, nu au fost implementate?","answerCount":1,"acceptedAnswer":{"@type":"Answer","text":"Jsou to kup\u0159\u00edkladu projekty Space Base, program MOL, Zvezda, Freedom a Mir 2.","inLanguage":"ro-RO"},"inLanguage":"ro-RO"},{"@type":"Question","@id":"https:\/\/regbu.com\/ro\/statii-spatiale-in-vedere\/#faq-question-1692258285481","position":3,"url":"https:\/\/regbu.com\/ro\/statii-spatiale-in-vedere\/#faq-question-1692258285481","name":"Care este actuala sta\u021bie spa\u021bial\u0103 de lung\u0103 durat\u0103?","answerCount":1,"acceptedAnswer":{"@type":"Answer","text":"Jedinou takovou stanic\u00ed je ISS neboli International Space Station.","inLanguage":"ro-RO"},"inLanguage":"ro-RO"},{"@type":"Question","@id":"https:\/\/regbu.com\/ro\/statii-spatiale-in-vedere\/#faq-question-1692258291874","position":4,"url":"https:\/\/regbu.com\/ro\/statii-spatiale-in-vedere\/#faq-question-1692258291874","name":"C\u00e2nd a fost lansat\u0103 pe orbit\u0103 ISS?","answerCount":1,"acceptedAnswer":{"@type":"Answer","text":"Do\u0161lo k tomu 20. listopadu 1998. Prvn\u00ed pos\u00e1dka na tuto vesm\u00edrnou stanici vstoupila v roce 2000. Od t\u00e9 doby je vesm\u00edrn\u00e1 stanice st\u00e1le obydlena.","inLanguage":"ro-RO"},"inLanguage":"ro-RO"},{"@type":"Question","@id":"https:\/\/regbu.com\/ro\/statii-spatiale-in-vedere\/#faq-question-1692258299596","position":5,"url":"https:\/\/regbu.com\/ro\/statii-spatiale-in-vedere\/#faq-question-1692258299596","name":"Ce alte sta\u021bii au mai r\u0103mas \u00een spa\u021biu mai mult timp?","answerCount":1,"acceptedAnswer":{"@type":"Answer","text":"Byl to Mir s d\u00e9lkou 5 511 dn\u016f, stanice Tchien-kung 1 vydr\u017eela ve vesm\u00edru 2 377 dn\u016f a vesm\u00edrn\u00e1 stanice Skylab cel\u00fdch 2 249 dn\u016f.","inLanguage":"ro-RO"},"inLanguage":"ro-RO"}]}},"_links":{"self":[{"href":"https:\/\/regbu.com\/ro\/wp-json\/wp\/v2\/posts\/1515","targetHints":{"allow":["GET"]}}],"collection":[{"href":"https:\/\/regbu.com\/ro\/wp-json\/wp\/v2\/posts"}],"about":[{"href":"https:\/\/regbu.com\/ro\/wp-json\/wp\/v2\/types\/post"}],"author":[{"embeddable":true,"href":"https:\/\/regbu.com\/ro\/wp-json\/wp\/v2\/users\/2"}],"replies":[{"embeddable":true,"href":"https:\/\/regbu.com\/ro\/wp-json\/wp\/v2\/comments?post=1515"}],"version-history":[{"count":2,"href":"https:\/\/regbu.com\/ro\/wp-json\/wp\/v2\/posts\/1515\/revisions"}],"predecessor-version":[{"id":1528,"href":"https:\/\/regbu.com\/ro\/wp-json\/wp\/v2\/posts\/1515\/revisions\/1528"}],"wp:featuredmedia":[{"embeddable":true,"href":"https:\/\/regbu.com\/ro\/wp-json\/wp\/v2\/media\/1516"}],"wp:attachment":[{"href":"https:\/\/regbu.com\/ro\/wp-json\/wp\/v2\/media?parent=1515"}],"wp:term":[{"taxonomy":"category","embeddable":true,"href":"https:\/\/regbu.com\/ro\/wp-json\/wp\/v2\/categories?post=1515"},{"taxonomy":"post_tag","embeddable":true,"href":"https:\/\/regbu.com\/ro\/wp-json\/wp\/v2\/tags?post=1515"}],"curies":[{"name":"wp","href":"https:\/\/api.w.org\/{rel}","templated":true}]}}