{"id":1496,"date":"2023-08-09T16:03:49","date_gmt":"2023-08-09T14:03:49","guid":{"rendered":"https:\/\/regbu.com\/?p=1496"},"modified":"2025-09-05T07:39:52","modified_gmt":"2025-09-05T05:39:52","slug":"vyber-nocniho-videni-od-a-az-do-z","status":"publish","type":"post","link":"https:\/\/regbu.com\/ro\/alege-o-viziune-de-noapte-de-la-si-de-la\/","title":{"rendered":"Selec\u021bia vederii nocturne de la A la Z"},"content":{"rendered":"<p>Selec\u021bia de vedere pe timp de noapte va fi de interes pentru oricine a c\u0103zut sub vraja tehnologiei moderne, care include <strong><a href=\"https:\/\/regbu.com\/ro\/electromobilitate-are-un-cerc-propriu\/\">electromobilitate<\/a><\/strong>. Dac\u0103 sunte\u021bi tentat s\u0103 vede\u021bi \u00een \u00eentuneric lucruri pe care doar animalele le pot vedea, avem c\u00e2teva sfaturi utile pentru dumneavoastr\u0103. \u00cen primul r\u00e2nd, s\u0103 afl\u0103m la ce serve\u0219te de fapt aceast\u0103 vedere pe timp de noapte.<\/p>\n\n\n\n<ul class=\"wp-block-list\">\n<li>Observarea vie\u021bii de noapte<\/li>\n\n\n\n<li>Scopuri militare<\/li>\n\n\n\n<li>V\u00e2n\u0103toare de v\u00e2nat s\u0103lbatic<\/li>\n<\/ul>\n\n\n\n<p>Viziunea nocturn\u0103 \u00een esen\u021ba sa <strong>func\u021bioneaz\u0103 cu lumin\u0103 rezidual\u0103<\/strong>care, datorit\u0103 tehnologiei folosite, este amplificat\u0103 \u0219i se poate vedea. Pute\u021bi \u00eent\u00e2lni diferite tipuri de vedere, pe care le vom prezenta acum mai detaliat.<\/p>\n\n\n\n<h2 class=\"wp-block-heading\">Totul \u00eencepe cu o viziune analogic\u0103<\/h2>\n\n\n\n<p>Pentru a completa selec\u021bia de vizibilitate pe timp de noapte, \u00eencepem cu tehnologia de vizibilitate pe timp de noapte. \u00cen esen\u021ba sa, este vorba despre un sistem analogic de vedere pe timp de noapte care are <em>mare imagine f\u0103r\u0103 \u00eent\u00e2rziere<\/em>, consum redus de energie \u0219i sensibil la lumin\u0103. Cu toate acestea, trebuie s\u0103 v\u0103 a\u0219tepta\u021bi s\u0103 pl\u0103ti\u021bi \u00een plus pentru aceasta. Sistemul digital de vedere pe timp de noapte poate fi o alternativ\u0103. Care sunt avantajele \u0219i dezavantajele acestei tehnologii?<\/p>\n\n\n\n<figure class=\"wp-block-table\"><table><tbody><tr><td><strong>Beneficii<\/strong><\/td><td><strong>Dezavantaje<\/strong><\/td><\/tr><tr><td>Pre\u021b mai mic<\/td><td>Ave\u021bi nevoie de un iluminator<\/td><\/tr><tr><td>Mai multe set\u0103ri<\/td><td>Consum mai mare de energie<\/td><\/tr><tr><td>\u00cenregistrare<\/td><td>Mai pu\u021bin\u0103 sensibilitate la lumin\u0103<\/td><\/tr><\/tbody><\/table><figcaption class=\"wp-element-caption\">Care sunt caracteristicile vederii digitale de noapte?<\/figcaption><\/figure>\n\n\n\n<p>C\u00e2nd spui \"vedere pe timp de noapte digital\u0103\", te g\u00e2nde\u0219ti \u00een principiu la o camer\u0103 digital\u0103 cu procesor CCD. O alt\u0103 tehnologie utilizat\u0103 frecvent este cea a imagisticii termice. O pute\u021bi folosi ziua sau noaptea. Nu ave\u021bi nevoie de iluminare \u0219i nu ve\u021bi fi limitat de raz\u0103 de ac\u021biune \u0219i de greutate redus\u0103. Toate acestea sunt din nou r\u0103scump\u0103rate de pre\u021bul mai mare.<\/p>\n\n\n\n<h3 class=\"wp-block-heading\">Selec\u021bia vederii de noapte \u00een detaliu<\/h3>\n\n\n\n<p>Desigur, alegerea vederii pe timp de noapte este, de asemenea, legat\u0103 de alte concepte. Unul dintre acestea este <strong>monocular<\/strong>. \u00cen esen\u021b\u0103, este un dispozitiv special de observare a vederii nocturne. Ve\u021bi aprecia u\u0219urin\u021ba \u0219i compactitatea sa. Nu va fi util\u0103 pentru v\u00e2n\u0103tori, deoarece ace\u0219tia nu o pot monta pe arma lor. Pentru astfel de scopuri, este vizorul frontal perfect. Practic, este o lunet\u0103 multifunc\u021bional\u0103.<\/p>\n\n\n\n<p>Un alt tip de vizibilitate pe timp de noapte este luneta de pu\u0219c\u0103 cu termoviziune. Cu acesta v\u0103 ve\u021bi distra cel mai bine \u00een aer liber. Cu toate acestea, poate fi mai r\u0103u \u00een p\u0103dure. \u00cen cele din urm\u0103, nu uita\u021bi de nevoia de iluminare, care se realizeaz\u0103 cu ajutorul unei lanterne cu infraro\u0219u.<\/p>","protected":false},"excerpt":{"rendered":"<p>Op\u021biunea pentru vizibilitate pe timp de noapte va fi de interes pentru oricine a c\u0103zut sub vraja tehnologiei moderne, care include mobilitatea electric\u0103. Dac\u0103 sunte\u021bi tentat s\u0103 vede\u021bi \u00een \u00eentuneric lucruri pe care doar animalele le pot vedea, avem c\u00e2teva sfaturi utile pentru dumneavoastr\u0103. \u00cen primul r\u00e2nd, s\u0103 arunc\u0103m o privire la ceea ce reprezint\u0103 de fapt o astfel de vedere pe timp de noapte. \u00cen esen\u021b\u0103, vederea nocturn\u0103 func\u021bioneaz\u0103 ... <\/p>","protected":false},"author":2,"featured_media":1497,"comment_status":"closed","ping_status":"closed","sticky":false,"template":"","format":"standard","meta":{"footnotes":""},"categories":[6],"tags":[1840,1119,1844,1842,1839,1841,1845,1846,1843,1838],"class_list":["post-1496","post","type-post","status-publish","format-standard","has-post-thumbnail","hentry","category-technologie","tag-analogove","tag-digitalni","tag-digitalni-nocni-videni","tag-monokular","tag-nocni-videni","tag-prisvit","tag-svetlo","tag-svitilna","tag-termovize","tag-vyber-nocniho-videni"],"yoast_head":"<!-- This site is optimized with the Yoast SEO plugin v27.4 - https:\/\/yoast.com\/product\/yoast-seo-wordpress\/ -->\n<title>V\u00fdb\u011br no\u010dn\u00edho vid\u011bn\u00ed od A a\u017e do Z - REGBU.COM<\/title>\n<meta name=\"description\" content=\"\u0158e\u0161\u00edte aktu\u00e1ln\u011b v\u00fdb\u011br no\u010dn\u00edho vid\u011bn\u00ed? Potom V\u00e1m p\u0159in\u00e1\u0161\u00edme n\u011bkolik praktick\u00fdch informac\u00ed t\u00fdkaj\u00edc\u00edch se jednotliv\u00fdch model\u016f.\" \/>\n<meta name=\"robots\" content=\"index, follow, max-snippet:-1, max-image-preview:large, max-video-preview:-1\" \/>\n<link rel=\"canonical\" href=\"https:\/\/regbu.com\/ro\/alege-o-viziune-de-noapte-de-la-si-de-la\/\" \/>\n<meta property=\"og:locale\" content=\"ro_RO\" \/>\n<meta property=\"og:type\" content=\"article\" \/>\n<meta property=\"og:title\" content=\"V\u00fdb\u011br no\u010dn\u00edho vid\u011bn\u00ed od A a\u017e do Z - REGBU.COM\" \/>\n<meta property=\"og:description\" content=\"\u0158e\u0161\u00edte aktu\u00e1ln\u011b v\u00fdb\u011br no\u010dn\u00edho vid\u011bn\u00ed? Potom V\u00e1m p\u0159in\u00e1\u0161\u00edme n\u011bkolik praktick\u00fdch informac\u00ed t\u00fdkaj\u00edc\u00edch se jednotliv\u00fdch model\u016f.\" \/>\n<meta property=\"og:url\" content=\"https:\/\/regbu.com\/ro\/alege-o-viziune-de-noapte-de-la-si-de-la\/\" \/>\n<meta property=\"og:site_name\" content=\"REGBU.COM\" \/>\n<meta property=\"article:published_time\" content=\"2023-08-09T14:03:49+00:00\" \/>\n<meta property=\"article:modified_time\" content=\"2025-09-05T05:39:52+00:00\" \/>\n<meta property=\"og:image\" content=\"https:\/\/regbu.com\/wp-content\/uploads\/2023\/08\/vyber-nocniho-videni-od-a-az-do-z.jpg\" \/>\n\t<meta property=\"og:image:width\" content=\"1200\" \/>\n\t<meta property=\"og:image:height\" content=\"675\" \/>\n\t<meta property=\"og:image:type\" content=\"image\/jpeg\" \/>\n<meta name=\"author\" content=\"George Martin\" \/>\n<meta name=\"twitter:card\" content=\"summary_large_image\" \/>\n<meta name=\"twitter:label1\" content=\"Scris de\" \/>\n\t<meta name=\"twitter:data1\" content=\"George Martin\" \/>\n\t<meta name=\"twitter:label2\" content=\"Timp estimat pentru citire\" \/>\n\t<meta name=\"twitter:data2\" content=\"2 minute\" \/>\n<script type=\"application\/ld+json\" class=\"yoast-schema-graph\">{\"@context\":\"https:\\\/\\\/schema.org\",\"@graph\":[{\"@type\":\"Article\",\"@id\":\"https:\\\/\\\/regbu.com\\\/ro\\\/alege-o-viziune-de-noapte-de-la-si-de-la\\\/#article\",\"isPartOf\":{\"@id\":\"https:\\\/\\\/regbu.com\\\/ro\\\/alege-o-viziune-de-noapte-de-la-si-de-la\\\/\"},\"author\":{\"name\":\"George Martin\",\"@id\":\"https:\\\/\\\/regbu.com\\\/en\\\/#\\\/schema\\\/person\\\/94ea9deda2629771b8a9ced002f6784e\"},\"headline\":\"V\u00fdb\u011br no\u010dn\u00edho vid\u011bn\u00ed od A a\u017e do Z\",\"datePublished\":\"2023-08-09T14:03:49+00:00\",\"dateModified\":\"2025-09-05T05:39:52+00:00\",\"mainEntityOfPage\":{\"@id\":\"https:\\\/\\\/regbu.com\\\/ro\\\/alege-o-viziune-de-noapte-de-la-si-de-la\\\/\"},\"wordCount\":480,\"image\":{\"@id\":\"https:\\\/\\\/regbu.com\\\/ro\\\/alege-o-viziune-de-noapte-de-la-si-de-la\\\/#primaryimage\"},\"thumbnailUrl\":\"https:\\\/\\\/regbu.com\\\/wp-content\\\/uploads\\\/2023\\\/08\\\/vyber-nocniho-videni-od-a-az-do-z.jpg\",\"keywords\":[\"analogov\u00e9\",\"digit\u00e1ln\u00ed\",\"digit\u00e1ln\u00ed no\u010dn\u00ed vid\u011bn\u00ed\",\"monokul\u00e1r\",\"no\u010dn\u00ed vid\u011bn\u00ed\",\"p\u0159\u00edsvit\",\"sv\u011btlo\",\"sv\u00edtilna\",\"termovize\",\"v\u00fdb\u011br no\u010dn\u00edho vid\u011bn\u00ed\"],\"articleSection\":[\"Technologie\"],\"inLanguage\":\"ro-RO\"},{\"@type\":\"WebPage\",\"@id\":\"https:\\\/\\\/regbu.com\\\/ro\\\/alege-o-viziune-de-noapte-de-la-si-de-la\\\/\",\"url\":\"https:\\\/\\\/regbu.com\\\/ro\\\/alege-o-viziune-de-noapte-de-la-si-de-la\\\/\",\"name\":\"V\u00fdb\u011br no\u010dn\u00edho vid\u011bn\u00ed od A a\u017e do Z - REGBU.COM\",\"isPartOf\":{\"@id\":\"https:\\\/\\\/regbu.com\\\/en\\\/#website\"},\"primaryImageOfPage\":{\"@id\":\"https:\\\/\\\/regbu.com\\\/ro\\\/alege-o-viziune-de-noapte-de-la-si-de-la\\\/#primaryimage\"},\"image\":{\"@id\":\"https:\\\/\\\/regbu.com\\\/ro\\\/alege-o-viziune-de-noapte-de-la-si-de-la\\\/#primaryimage\"},\"thumbnailUrl\":\"https:\\\/\\\/regbu.com\\\/wp-content\\\/uploads\\\/2023\\\/08\\\/vyber-nocniho-videni-od-a-az-do-z.jpg\",\"datePublished\":\"2023-08-09T14:03:49+00:00\",\"dateModified\":\"2025-09-05T05:39:52+00:00\",\"author\":{\"@id\":\"https:\\\/\\\/regbu.com\\\/en\\\/#\\\/schema\\\/person\\\/94ea9deda2629771b8a9ced002f6784e\"},\"description\":\"\u0158e\u0161\u00edte aktu\u00e1ln\u011b v\u00fdb\u011br no\u010dn\u00edho vid\u011bn\u00ed? Potom V\u00e1m p\u0159in\u00e1\u0161\u00edme n\u011bkolik praktick\u00fdch informac\u00ed t\u00fdkaj\u00edc\u00edch se jednotliv\u00fdch model\u016f.\",\"breadcrumb\":{\"@id\":\"https:\\\/\\\/regbu.com\\\/ro\\\/alege-o-viziune-de-noapte-de-la-si-de-la\\\/#breadcrumb\"},\"inLanguage\":\"ro-RO\",\"potentialAction\":[{\"@type\":\"ReadAction\",\"target\":[\"https:\\\/\\\/regbu.com\\\/ro\\\/alege-o-viziune-de-noapte-de-la-si-de-la\\\/\"]}]},{\"@type\":\"ImageObject\",\"inLanguage\":\"ro-RO\",\"@id\":\"https:\\\/\\\/regbu.com\\\/ro\\\/alege-o-viziune-de-noapte-de-la-si-de-la\\\/#primaryimage\",\"url\":\"https:\\\/\\\/regbu.com\\\/wp-content\\\/uploads\\\/2023\\\/08\\\/vyber-nocniho-videni-od-a-az-do-z.jpg\",\"contentUrl\":\"https:\\\/\\\/regbu.com\\\/wp-content\\\/uploads\\\/2023\\\/08\\\/vyber-nocniho-videni-od-a-az-do-z.jpg\",\"width\":1200,\"height\":675,\"caption\":\"V\u00fdb\u011br no\u010dn\u00edho vid\u011bn\u00ed od A a\u017e do Z\"},{\"@type\":\"BreadcrumbList\",\"@id\":\"https:\\\/\\\/regbu.com\\\/ro\\\/alege-o-viziune-de-noapte-de-la-si-de-la\\\/#breadcrumb\",\"itemListElement\":[{\"@type\":\"ListItem\",\"position\":1,\"name\":\"Home\",\"item\":\"https:\\\/\\\/regbu.com\\\/en\\\/\"},{\"@type\":\"ListItem\",\"position\":2,\"name\":\"V\u00fdb\u011br no\u010dn\u00edho vid\u011bn\u00ed od A a\u017e do Z\"}]},{\"@type\":\"WebSite\",\"@id\":\"https:\\\/\\\/regbu.com\\\/en\\\/#website\",\"url\":\"https:\\\/\\\/regbu.com\\\/en\\\/\",\"name\":\"REGBU.COM\",\"description\":\"\",\"potentialAction\":[{\"@type\":\"SearchAction\",\"target\":{\"@type\":\"EntryPoint\",\"urlTemplate\":\"https:\\\/\\\/regbu.com\\\/en\\\/?s={search_term_string}\"},\"query-input\":{\"@type\":\"PropertyValueSpecification\",\"valueRequired\":true,\"valueName\":\"search_term_string\"}}],\"inLanguage\":\"ro-RO\"},{\"@type\":\"Person\",\"@id\":\"https:\\\/\\\/regbu.com\\\/en\\\/#\\\/schema\\\/person\\\/94ea9deda2629771b8a9ced002f6784e\",\"name\":\"George Martin\",\"url\":\"https:\\\/\\\/regbu.com\\\/ro\\\/author\\\/george-martin\\\/\"}]}<\/script>\n<!-- \/ Yoast SEO plugin. -->","yoast_head_json":{"title":"Selec\u021bia vederii de noapte de la A la Z - REGBU.COM","description":"V\u0103 decide\u021bi \u00een prezent asupra unui sistem de vedere pe timp de noapte? Atunci v\u0103 aducem c\u00e2teva informa\u021bii practice despre modelele individuale.","robots":{"index":"index","follow":"follow","max-snippet":"max-snippet:-1","max-image-preview":"max-image-preview:large","max-video-preview":"max-video-preview:-1"},"canonical":"https:\/\/regbu.com\/ro\/alege-o-viziune-de-noapte-de-la-si-de-la\/","og_locale":"ro_RO","og_type":"article","og_title":"V\u00fdb\u011br no\u010dn\u00edho vid\u011bn\u00ed od A a\u017e do Z - REGBU.COM","og_description":"\u0158e\u0161\u00edte aktu\u00e1ln\u011b v\u00fdb\u011br no\u010dn\u00edho vid\u011bn\u00ed? Potom V\u00e1m p\u0159in\u00e1\u0161\u00edme n\u011bkolik praktick\u00fdch informac\u00ed t\u00fdkaj\u00edc\u00edch se jednotliv\u00fdch model\u016f.","og_url":"https:\/\/regbu.com\/ro\/alege-o-viziune-de-noapte-de-la-si-de-la\/","og_site_name":"REGBU.COM","article_published_time":"2023-08-09T14:03:49+00:00","article_modified_time":"2025-09-05T05:39:52+00:00","og_image":[{"width":1200,"height":675,"url":"https:\/\/regbu.com\/wp-content\/uploads\/2023\/08\/vyber-nocniho-videni-od-a-az-do-z.jpg","type":"image\/jpeg"}],"author":"George Martin","twitter_card":"summary_large_image","twitter_misc":{"Scris de":"George Martin","Timp estimat pentru citire":"2 minute"},"schema":{"@context":"https:\/\/schema.org","@graph":[{"@type":"Article","@id":"https:\/\/regbu.com\/ro\/alege-o-viziune-de-noapte-de-la-si-de-la\/#article","isPartOf":{"@id":"https:\/\/regbu.com\/ro\/alege-o-viziune-de-noapte-de-la-si-de-la\/"},"author":{"name":"George Martin","@id":"https:\/\/regbu.com\/en\/#\/schema\/person\/94ea9deda2629771b8a9ced002f6784e"},"headline":"V\u00fdb\u011br no\u010dn\u00edho vid\u011bn\u00ed od A a\u017e do Z","datePublished":"2023-08-09T14:03:49+00:00","dateModified":"2025-09-05T05:39:52+00:00","mainEntityOfPage":{"@id":"https:\/\/regbu.com\/ro\/alege-o-viziune-de-noapte-de-la-si-de-la\/"},"wordCount":480,"image":{"@id":"https:\/\/regbu.com\/ro\/alege-o-viziune-de-noapte-de-la-si-de-la\/#primaryimage"},"thumbnailUrl":"https:\/\/regbu.com\/wp-content\/uploads\/2023\/08\/vyber-nocniho-videni-od-a-az-do-z.jpg","keywords":["analogov\u00e9","digit\u00e1ln\u00ed","digit\u00e1ln\u00ed no\u010dn\u00ed vid\u011bn\u00ed","monokul\u00e1r","no\u010dn\u00ed vid\u011bn\u00ed","p\u0159\u00edsvit","sv\u011btlo","sv\u00edtilna","termovize","v\u00fdb\u011br no\u010dn\u00edho vid\u011bn\u00ed"],"articleSection":["Technologie"],"inLanguage":"ro-RO"},{"@type":"WebPage","@id":"https:\/\/regbu.com\/ro\/alege-o-viziune-de-noapte-de-la-si-de-la\/","url":"https:\/\/regbu.com\/ro\/alege-o-viziune-de-noapte-de-la-si-de-la\/","name":"Selec\u021bia vederii de noapte de la A la Z - REGBU.COM","isPartOf":{"@id":"https:\/\/regbu.com\/en\/#website"},"primaryImageOfPage":{"@id":"https:\/\/regbu.com\/ro\/alege-o-viziune-de-noapte-de-la-si-de-la\/#primaryimage"},"image":{"@id":"https:\/\/regbu.com\/ro\/alege-o-viziune-de-noapte-de-la-si-de-la\/#primaryimage"},"thumbnailUrl":"https:\/\/regbu.com\/wp-content\/uploads\/2023\/08\/vyber-nocniho-videni-od-a-az-do-z.jpg","datePublished":"2023-08-09T14:03:49+00:00","dateModified":"2025-09-05T05:39:52+00:00","author":{"@id":"https:\/\/regbu.com\/en\/#\/schema\/person\/94ea9deda2629771b8a9ced002f6784e"},"description":"V\u0103 decide\u021bi \u00een prezent asupra unui sistem de vedere pe timp de noapte? Atunci v\u0103 aducem c\u00e2teva informa\u021bii practice despre modelele individuale.","breadcrumb":{"@id":"https:\/\/regbu.com\/ro\/alege-o-viziune-de-noapte-de-la-si-de-la\/#breadcrumb"},"inLanguage":"ro-RO","potentialAction":[{"@type":"ReadAction","target":["https:\/\/regbu.com\/ro\/alege-o-viziune-de-noapte-de-la-si-de-la\/"]}]},{"@type":"ImageObject","inLanguage":"ro-RO","@id":"https:\/\/regbu.com\/ro\/alege-o-viziune-de-noapte-de-la-si-de-la\/#primaryimage","url":"https:\/\/regbu.com\/wp-content\/uploads\/2023\/08\/vyber-nocniho-videni-od-a-az-do-z.jpg","contentUrl":"https:\/\/regbu.com\/wp-content\/uploads\/2023\/08\/vyber-nocniho-videni-od-a-az-do-z.jpg","width":1200,"height":675,"caption":"V\u00fdb\u011br no\u010dn\u00edho vid\u011bn\u00ed od A a\u017e do Z"},{"@type":"BreadcrumbList","@id":"https:\/\/regbu.com\/ro\/alege-o-viziune-de-noapte-de-la-si-de-la\/#breadcrumb","itemListElement":[{"@type":"ListItem","position":1,"name":"Home","item":"https:\/\/regbu.com\/en\/"},{"@type":"ListItem","position":2,"name":"V\u00fdb\u011br no\u010dn\u00edho vid\u011bn\u00ed od A a\u017e do Z"}]},{"@type":"WebSite","@id":"https:\/\/regbu.com\/en\/#website","url":"https:\/\/regbu.com\/en\/","name":"REGBU.COM","description":"","potentialAction":[{"@type":"SearchAction","target":{"@type":"EntryPoint","urlTemplate":"https:\/\/regbu.com\/en\/?s={search_term_string}"},"query-input":{"@type":"PropertyValueSpecification","valueRequired":true,"valueName":"search_term_string"}}],"inLanguage":"ro-RO"},{"@type":"Person","@id":"https:\/\/regbu.com\/en\/#\/schema\/person\/94ea9deda2629771b8a9ced002f6784e","name":"George Martin","url":"https:\/\/regbu.com\/ro\/author\/george-martin\/"}]}},"_links":{"self":[{"href":"https:\/\/regbu.com\/ro\/wp-json\/wp\/v2\/posts\/1496","targetHints":{"allow":["GET"]}}],"collection":[{"href":"https:\/\/regbu.com\/ro\/wp-json\/wp\/v2\/posts"}],"about":[{"href":"https:\/\/regbu.com\/ro\/wp-json\/wp\/v2\/types\/post"}],"author":[{"embeddable":true,"href":"https:\/\/regbu.com\/ro\/wp-json\/wp\/v2\/users\/2"}],"replies":[{"embeddable":true,"href":"https:\/\/regbu.com\/ro\/wp-json\/wp\/v2\/comments?post=1496"}],"version-history":[{"count":2,"href":"https:\/\/regbu.com\/ro\/wp-json\/wp\/v2\/posts\/1496\/revisions"}],"predecessor-version":[{"id":1507,"href":"https:\/\/regbu.com\/ro\/wp-json\/wp\/v2\/posts\/1496\/revisions\/1507"}],"wp:featuredmedia":[{"embeddable":true,"href":"https:\/\/regbu.com\/ro\/wp-json\/wp\/v2\/media\/1497"}],"wp:attachment":[{"href":"https:\/\/regbu.com\/ro\/wp-json\/wp\/v2\/media?parent=1496"}],"wp:term":[{"taxonomy":"category","embeddable":true,"href":"https:\/\/regbu.com\/ro\/wp-json\/wp\/v2\/categories?post=1496"},{"taxonomy":"post_tag","embeddable":true,"href":"https:\/\/regbu.com\/ro\/wp-json\/wp\/v2\/tags?post=1496"}],"curies":[{"name":"wp","href":"https:\/\/api.w.org\/{rel}","templated":true}]}}