{"id":132,"date":"2022-01-04T08:09:00","date_gmt":"2022-01-04T07:09:00","guid":{"rendered":"https:\/\/regbu.com\/?p=132"},"modified":"2025-09-05T07:43:06","modified_gmt":"2025-09-05T05:43:06","slug":"krystof-kapela-spojena-s-richardem-krajcem","status":"publish","type":"post","link":"https:\/\/regbu.com\/ro\/krystof-chapel-asociat-cu-richard-krait\/","title":{"rendered":"Kry\u0161tof - Trupa asociat\u0103 cu Richard Kraj\u010d"},"content":{"rendered":"<p>\u00centr-unul din ultimele noastre articole am prezentat o icoan\u0103 a muzicii cehe, care a fost <strong><a href=\"https:\/\/regbu.com\/ro\/karel-trebuie-sa-fie-invincibil-zeu-kaja\/\">Karel Gott<\/a><\/strong>. Acum ne vom concentra asupra uneia dintre cele mai de succes, celebre \u0219i mari trupe. Este vorba despre trupa Kry\u0161tof, care domin\u0103 scena muzical\u0103 de ceva vreme.  A fost fondat \u00een 1993 \u00een Hav\u00ed\u0159ov \u0219i de atunci a c\u00e2\u0219tigat o baz\u0103 de fani foarte solid\u0103 \u0219i extins\u0103.<\/p>\n\n\n\n<h2 class=\"wp-block-heading\">Kry\u0161tof - Mai multe despre trup\u0103<\/h2>\n\n\n\n<p>Cea mai cunoscut\u0103 figur\u0103 a acestui grup este, desigur, cea mai cunoscut\u0103. <strong>Richard Kraj\u010do<\/strong>. \u00cen afar\u0103 de el, al\u021bi membri actuali sau fo\u0219ti membri au fondat trupa la vremea lor. Ace\u0219tia erau Jarda Blahut, Nikolay Arichtev, Biser Arichtev \u0219i Pavel Studnik. \u00cen tabelul de mai jos pute\u021bi afla mai multe despre trup\u0103.<\/p>\n\n\n\n<figure class=\"wp-block-table\"><table><tbody><tr><td><strong>Subiect<\/strong><\/td><td><strong>Valoare<\/strong><\/td><\/tr><tr><td>Ani activi<\/td><td>Din 1994<\/td><\/tr><tr><td>Genuri<\/td><td>Pop \u0219i rock alternativ<\/td><\/tr><tr><td>Prima imagine demo<\/td><td>SQELLE<\/td><\/tr><tr><td>Editori<\/td><td>EMI, Universal Music \u0219i Richmond Records<\/td><\/tr><\/tbody><\/table><figcaption>Mai multe informa\u021bii despre grupul muzical Kry\u0161tof.<\/figcaption><\/figure>\n\n\n\n<p>Doar de dragul interesului, ultima cas\u0103 de discuri men\u021bionat\u0103, Richmond Records, apar\u021bine lui Richard Kraj\u010d. El se concentreaz\u0103 \u00een principal pe voce, chitar\u0103 \u0219i voce.<\/p>\n\n\n\n<h2 class=\"wp-block-heading\">Albume de succes de Kry\u0161tof<\/h2>\n\n\n\n<p>Dac\u0103 v\u0103 uita\u021bi \u00een <strong>discografia trupei Kry\u0161tof<\/strong> ve\u021bi vedea c\u0103 este foarte bogat. Dintre albumele de studio, Rubicon \u0219i Inzerat sunt celebre. Printre single-uri se num\u0103r\u0103 hituri de neuitat care sun\u0103 \u0219i ast\u0103zi - Inzerat, The More I Know, Wings of Soap, \u0160n\u016fry, Hned Now, Lolita, Cesta, Ty and Me, Stay Here with Me \u0219i multe altele. Trupa a lansat \u0219i albume de concerte, printre care \u017di(v)je, Kry\u0161tof v Opera \u0219i Kry\u0161tof na Strahov 2017. Dac\u0103 ad\u0103uga\u021bi la acestea trei selec\u021bii de albume, ve\u021bi constata c\u0103 trupa a f\u0103cut mai mult dec\u00e2t suficient de-a lungul existen\u021bei sale.<\/p>\n\n\n\n<h3 class=\"wp-block-heading\">Premiul pentru munca grea \u0219i de calitate<\/h3>\n\n\n\n<p>Succesul acestui grup de muzic\u0103 popular\u0103 s-a reflectat, \u00een mod firesc, \u00eentr-o serie de premii. Nightingale ceh\u0103 \u00een 2013 \u0219i <strong>Premiile Andel Music Awards<\/strong> \u00een diferite categorii \u00eencep\u00e2nd din 2001. Fie c\u0103 a fost vorba de Descoperirea anului, C\u00e2ntecul anului, Muzica web, Grupul anului \u0219i altele. Este adev\u0103rat c\u0103 Richard Kraj\u010do atrage o mul\u021bime de ascult\u0103tori cu abordarea sa carismatic\u0103. La urma urmei, el preg\u0103te\u0219te \u00een fiecare an faimoasa tab\u0103r\u0103 Kry\u0161tof \u0219i, \u00eempreun\u0103 cu al\u021bi membri, preg\u0103tesc multe alte evenimente.<\/p>","protected":false},"excerpt":{"rendered":"<p>\u00centr-unul dintre ultimele noastre articole, am prezentat icoana muzicii cehe, Karel Gott. Acum ne vom concentra asupra uneia dintre cele mai de succes, celebre \u0219i mari trupe. Este vorba despre trupa Kry\u0161tof, care domin\u0103 scena muzical\u0103 de ceva vreme.  A fost fondat\u0103 \u00een 1993 \u00een Hav\u00ed\u0159ov \u0219i de atunci a c\u00e2\u0219tigat o reputa\u021bie ... <\/p>","protected":false},"author":2,"featured_media":133,"comment_status":"closed","ping_status":"closed","sticky":false,"template":"","format":"standard","meta":{"footnotes":""},"categories":[11],"tags":[106,107,108,109,110,111,112,113,114,115],"class_list":["post-132","post","type-post","status-publish","format-standard","has-post-thumbnail","hentry","category-hudba","tag-hudba","tag-hudebni-kapela","tag-hudebni-skupina","tag-krajco","tag-krystof","tag-pop","tag-richard-krajco","tag-rock","tag-skupina","tag-zpev"],"yoast_head":"<!-- This site is optimized with the Yoast SEO plugin v27.5 - https:\/\/yoast.com\/product\/yoast-seo-wordpress\/ -->\n<title>Kry\u0161tof \u2013 Kapela spojen\u00e1 s Richardem Kraj\u010dem - REGBU.COM<\/title>\n<meta name=\"description\" content=\"Poznejte jednu z nejzn\u00e1m\u011bj\u0161\u00edch \u010desk\u00fdch kapel, kterou je Kry\u0161tof. P\u0159in\u00e1\u0161\u00edme V\u00e1m d\u016fle\u017eit\u00e9 detaily o tomto hudebn\u00edm seskupen\u00ed.\" \/>\n<meta name=\"robots\" content=\"index, follow, max-snippet:-1, max-image-preview:large, max-video-preview:-1\" \/>\n<link rel=\"canonical\" href=\"https:\/\/regbu.com\/ro\/krystof-chapel-asociat-cu-richard-krait\/\" \/>\n<meta property=\"og:locale\" content=\"ro_RO\" \/>\n<meta property=\"og:type\" content=\"article\" \/>\n<meta property=\"og:title\" content=\"Kry\u0161tof \u2013 Kapela spojen\u00e1 s Richardem Kraj\u010dem - REGBU.COM\" \/>\n<meta property=\"og:description\" content=\"Poznejte jednu z nejzn\u00e1m\u011bj\u0161\u00edch \u010desk\u00fdch kapel, kterou je Kry\u0161tof. P\u0159in\u00e1\u0161\u00edme V\u00e1m d\u016fle\u017eit\u00e9 detaily o tomto hudebn\u00edm seskupen\u00ed.\" \/>\n<meta property=\"og:url\" content=\"https:\/\/regbu.com\/ro\/krystof-chapel-asociat-cu-richard-krait\/\" \/>\n<meta property=\"og:site_name\" content=\"REGBU.COM\" \/>\n<meta property=\"article:published_time\" content=\"2022-01-04T07:09:00+00:00\" \/>\n<meta property=\"article:modified_time\" content=\"2025-09-05T05:43:06+00:00\" \/>\n<meta property=\"og:image\" content=\"https:\/\/regbu.com\/wp-content\/uploads\/2022\/01\/krystof-kapela-spojena-s-richardem-krajcem.jpg\" \/>\n\t<meta property=\"og:image:width\" content=\"1200\" \/>\n\t<meta property=\"og:image:height\" content=\"677\" \/>\n\t<meta property=\"og:image:type\" content=\"image\/jpeg\" \/>\n<meta name=\"author\" content=\"George Martin\" \/>\n<meta name=\"twitter:card\" content=\"summary_large_image\" \/>\n<meta name=\"twitter:label1\" content=\"Scris de\" \/>\n\t<meta name=\"twitter:data1\" content=\"George Martin\" \/>\n\t<meta name=\"twitter:label2\" content=\"Timp estimat pentru citire\" \/>\n\t<meta name=\"twitter:data2\" content=\"2 minute\" \/>\n<script type=\"application\/ld+json\" class=\"yoast-schema-graph\">{\"@context\":\"https:\\\/\\\/schema.org\",\"@graph\":[{\"@type\":\"Article\",\"@id\":\"https:\\\/\\\/regbu.com\\\/krystof-kapela-spojena-s-richardem-krajcem\\\/#article\",\"isPartOf\":{\"@id\":\"https:\\\/\\\/regbu.com\\\/krystof-kapela-spojena-s-richardem-krajcem\\\/\"},\"author\":{\"name\":\"George Martin\",\"@id\":\"https:\\\/\\\/regbu.com\\\/en\\\/#\\\/schema\\\/person\\\/94ea9deda2629771b8a9ced002f6784e\"},\"headline\":\"Kry\u0161tof \u2013 Kapela spojen\u00e1 s Richardem Kraj\u010dem\",\"datePublished\":\"2022-01-04T07:09:00+00:00\",\"dateModified\":\"2025-09-05T05:43:06+00:00\",\"mainEntityOfPage\":{\"@id\":\"https:\\\/\\\/regbu.com\\\/krystof-kapela-spojena-s-richardem-krajcem\\\/\"},\"wordCount\":460,\"image\":{\"@id\":\"https:\\\/\\\/regbu.com\\\/krystof-kapela-spojena-s-richardem-krajcem\\\/#primaryimage\"},\"thumbnailUrl\":\"https:\\\/\\\/regbu.com\\\/wp-content\\\/uploads\\\/2022\\\/01\\\/krystof-kapela-spojena-s-richardem-krajcem.jpg\",\"keywords\":[\"hudba\",\"hudebn\u00ed kapela\",\"hudebn\u00ed skupina\",\"Kraj\u010do\",\"Kry\u0161tof\",\"pop\",\"Richard Kraj\u010do\",\"rock\",\"skupina\",\"zp\u011bv\"],\"articleSection\":[\"Hudba\"],\"inLanguage\":\"ro-RO\"},{\"@type\":\"WebPage\",\"@id\":\"https:\\\/\\\/regbu.com\\\/krystof-kapela-spojena-s-richardem-krajcem\\\/\",\"url\":\"https:\\\/\\\/regbu.com\\\/krystof-kapela-spojena-s-richardem-krajcem\\\/\",\"name\":\"Kry\u0161tof \u2013 Kapela spojen\u00e1 s Richardem Kraj\u010dem - REGBU.COM\",\"isPartOf\":{\"@id\":\"https:\\\/\\\/regbu.com\\\/en\\\/#website\"},\"primaryImageOfPage\":{\"@id\":\"https:\\\/\\\/regbu.com\\\/krystof-kapela-spojena-s-richardem-krajcem\\\/#primaryimage\"},\"image\":{\"@id\":\"https:\\\/\\\/regbu.com\\\/krystof-kapela-spojena-s-richardem-krajcem\\\/#primaryimage\"},\"thumbnailUrl\":\"https:\\\/\\\/regbu.com\\\/wp-content\\\/uploads\\\/2022\\\/01\\\/krystof-kapela-spojena-s-richardem-krajcem.jpg\",\"datePublished\":\"2022-01-04T07:09:00+00:00\",\"dateModified\":\"2025-09-05T05:43:06+00:00\",\"author\":{\"@id\":\"https:\\\/\\\/regbu.com\\\/en\\\/#\\\/schema\\\/person\\\/94ea9deda2629771b8a9ced002f6784e\"},\"description\":\"Poznejte jednu z nejzn\u00e1m\u011bj\u0161\u00edch \u010desk\u00fdch kapel, kterou je Kry\u0161tof. P\u0159in\u00e1\u0161\u00edme V\u00e1m d\u016fle\u017eit\u00e9 detaily o tomto hudebn\u00edm seskupen\u00ed.\",\"breadcrumb\":{\"@id\":\"https:\\\/\\\/regbu.com\\\/krystof-kapela-spojena-s-richardem-krajcem\\\/#breadcrumb\"},\"inLanguage\":\"ro-RO\",\"potentialAction\":[{\"@type\":\"ReadAction\",\"target\":[\"https:\\\/\\\/regbu.com\\\/krystof-kapela-spojena-s-richardem-krajcem\\\/\"]}]},{\"@type\":\"ImageObject\",\"inLanguage\":\"ro-RO\",\"@id\":\"https:\\\/\\\/regbu.com\\\/krystof-kapela-spojena-s-richardem-krajcem\\\/#primaryimage\",\"url\":\"https:\\\/\\\/regbu.com\\\/wp-content\\\/uploads\\\/2022\\\/01\\\/krystof-kapela-spojena-s-richardem-krajcem.jpg\",\"contentUrl\":\"https:\\\/\\\/regbu.com\\\/wp-content\\\/uploads\\\/2022\\\/01\\\/krystof-kapela-spojena-s-richardem-krajcem.jpg\",\"width\":1200,\"height\":677,\"caption\":\"Kry\u0161tof \u2013 Kapela spojen\u00e1 s Richardem Kraj\u010dem\"},{\"@type\":\"BreadcrumbList\",\"@id\":\"https:\\\/\\\/regbu.com\\\/krystof-kapela-spojena-s-richardem-krajcem\\\/#breadcrumb\",\"itemListElement\":[{\"@type\":\"ListItem\",\"position\":1,\"name\":\"Home\",\"item\":\"https:\\\/\\\/regbu.com\\\/en\\\/\"},{\"@type\":\"ListItem\",\"position\":2,\"name\":\"Kry\u0161tof \u2013 Kapela spojen\u00e1 s Richardem Kraj\u010dem\"}]},{\"@type\":\"WebSite\",\"@id\":\"https:\\\/\\\/regbu.com\\\/en\\\/#website\",\"url\":\"https:\\\/\\\/regbu.com\\\/en\\\/\",\"name\":\"REGBU.COM\",\"description\":\"\",\"potentialAction\":[{\"@type\":\"SearchAction\",\"target\":{\"@type\":\"EntryPoint\",\"urlTemplate\":\"https:\\\/\\\/regbu.com\\\/en\\\/?s={search_term_string}\"},\"query-input\":{\"@type\":\"PropertyValueSpecification\",\"valueRequired\":true,\"valueName\":\"search_term_string\"}}],\"inLanguage\":\"ro-RO\"},{\"@type\":\"Person\",\"@id\":\"https:\\\/\\\/regbu.com\\\/en\\\/#\\\/schema\\\/person\\\/94ea9deda2629771b8a9ced002f6784e\",\"name\":\"George Martin\",\"url\":\"https:\\\/\\\/regbu.com\\\/ro\\\/author\\\/george-martin\\\/\"}]}<\/script>\n<!-- \/ Yoast SEO plugin. -->","yoast_head_json":{"title":"Kry\u0161tof - Trupa asociat\u0103 cu Richard Kraj\u010d - REGBU.COM","description":"Face\u021bi cuno\u0219tin\u021b\u0103 cu una dintre cele mai cunoscute trupe cehe - Kry\u0161tof. V\u0103 aducem detalii importante despre aceast\u0103 trup\u0103 muzical\u0103.","robots":{"index":"index","follow":"follow","max-snippet":"max-snippet:-1","max-image-preview":"max-image-preview:large","max-video-preview":"max-video-preview:-1"},"canonical":"https:\/\/regbu.com\/ro\/krystof-chapel-asociat-cu-richard-krait\/","og_locale":"ro_RO","og_type":"article","og_title":"Kry\u0161tof \u2013 Kapela spojen\u00e1 s Richardem Kraj\u010dem - REGBU.COM","og_description":"Poznejte jednu z nejzn\u00e1m\u011bj\u0161\u00edch \u010desk\u00fdch kapel, kterou je Kry\u0161tof. P\u0159in\u00e1\u0161\u00edme V\u00e1m d\u016fle\u017eit\u00e9 detaily o tomto hudebn\u00edm seskupen\u00ed.","og_url":"https:\/\/regbu.com\/ro\/krystof-chapel-asociat-cu-richard-krait\/","og_site_name":"REGBU.COM","article_published_time":"2022-01-04T07:09:00+00:00","article_modified_time":"2025-09-05T05:43:06+00:00","og_image":[{"width":1200,"height":677,"url":"https:\/\/regbu.com\/wp-content\/uploads\/2022\/01\/krystof-kapela-spojena-s-richardem-krajcem.jpg","type":"image\/jpeg"}],"author":"George Martin","twitter_card":"summary_large_image","twitter_misc":{"Scris de":"George Martin","Timp estimat pentru citire":"2 minute"},"schema":{"@context":"https:\/\/schema.org","@graph":[{"@type":"Article","@id":"https:\/\/regbu.com\/krystof-kapela-spojena-s-richardem-krajcem\/#article","isPartOf":{"@id":"https:\/\/regbu.com\/krystof-kapela-spojena-s-richardem-krajcem\/"},"author":{"name":"George Martin","@id":"https:\/\/regbu.com\/en\/#\/schema\/person\/94ea9deda2629771b8a9ced002f6784e"},"headline":"Kry\u0161tof \u2013 Kapela spojen\u00e1 s Richardem Kraj\u010dem","datePublished":"2022-01-04T07:09:00+00:00","dateModified":"2025-09-05T05:43:06+00:00","mainEntityOfPage":{"@id":"https:\/\/regbu.com\/krystof-kapela-spojena-s-richardem-krajcem\/"},"wordCount":460,"image":{"@id":"https:\/\/regbu.com\/krystof-kapela-spojena-s-richardem-krajcem\/#primaryimage"},"thumbnailUrl":"https:\/\/regbu.com\/wp-content\/uploads\/2022\/01\/krystof-kapela-spojena-s-richardem-krajcem.jpg","keywords":["hudba","hudebn\u00ed kapela","hudebn\u00ed skupina","Kraj\u010do","Kry\u0161tof","pop","Richard Kraj\u010do","rock","skupina","zp\u011bv"],"articleSection":["Hudba"],"inLanguage":"ro-RO"},{"@type":"WebPage","@id":"https:\/\/regbu.com\/krystof-kapela-spojena-s-richardem-krajcem\/","url":"https:\/\/regbu.com\/krystof-kapela-spojena-s-richardem-krajcem\/","name":"Kry\u0161tof - Trupa asociat\u0103 cu Richard Kraj\u010d - REGBU.COM","isPartOf":{"@id":"https:\/\/regbu.com\/en\/#website"},"primaryImageOfPage":{"@id":"https:\/\/regbu.com\/krystof-kapela-spojena-s-richardem-krajcem\/#primaryimage"},"image":{"@id":"https:\/\/regbu.com\/krystof-kapela-spojena-s-richardem-krajcem\/#primaryimage"},"thumbnailUrl":"https:\/\/regbu.com\/wp-content\/uploads\/2022\/01\/krystof-kapela-spojena-s-richardem-krajcem.jpg","datePublished":"2022-01-04T07:09:00+00:00","dateModified":"2025-09-05T05:43:06+00:00","author":{"@id":"https:\/\/regbu.com\/en\/#\/schema\/person\/94ea9deda2629771b8a9ced002f6784e"},"description":"Face\u021bi cuno\u0219tin\u021b\u0103 cu una dintre cele mai cunoscute trupe cehe - Kry\u0161tof. V\u0103 aducem detalii importante despre aceast\u0103 trup\u0103 muzical\u0103.","breadcrumb":{"@id":"https:\/\/regbu.com\/krystof-kapela-spojena-s-richardem-krajcem\/#breadcrumb"},"inLanguage":"ro-RO","potentialAction":[{"@type":"ReadAction","target":["https:\/\/regbu.com\/krystof-kapela-spojena-s-richardem-krajcem\/"]}]},{"@type":"ImageObject","inLanguage":"ro-RO","@id":"https:\/\/regbu.com\/krystof-kapela-spojena-s-richardem-krajcem\/#primaryimage","url":"https:\/\/regbu.com\/wp-content\/uploads\/2022\/01\/krystof-kapela-spojena-s-richardem-krajcem.jpg","contentUrl":"https:\/\/regbu.com\/wp-content\/uploads\/2022\/01\/krystof-kapela-spojena-s-richardem-krajcem.jpg","width":1200,"height":677,"caption":"Kry\u0161tof \u2013 Kapela spojen\u00e1 s Richardem Kraj\u010dem"},{"@type":"BreadcrumbList","@id":"https:\/\/regbu.com\/krystof-kapela-spojena-s-richardem-krajcem\/#breadcrumb","itemListElement":[{"@type":"ListItem","position":1,"name":"Home","item":"https:\/\/regbu.com\/en\/"},{"@type":"ListItem","position":2,"name":"Kry\u0161tof \u2013 Kapela spojen\u00e1 s Richardem Kraj\u010dem"}]},{"@type":"WebSite","@id":"https:\/\/regbu.com\/en\/#website","url":"https:\/\/regbu.com\/en\/","name":"REGBU.COM","description":"","potentialAction":[{"@type":"SearchAction","target":{"@type":"EntryPoint","urlTemplate":"https:\/\/regbu.com\/en\/?s={search_term_string}"},"query-input":{"@type":"PropertyValueSpecification","valueRequired":true,"valueName":"search_term_string"}}],"inLanguage":"ro-RO"},{"@type":"Person","@id":"https:\/\/regbu.com\/en\/#\/schema\/person\/94ea9deda2629771b8a9ced002f6784e","name":"George Martin","url":"https:\/\/regbu.com\/ro\/author\/george-martin\/"}]}},"_links":{"self":[{"href":"https:\/\/regbu.com\/ro\/wp-json\/wp\/v2\/posts\/132","targetHints":{"allow":["GET"]}}],"collection":[{"href":"https:\/\/regbu.com\/ro\/wp-json\/wp\/v2\/posts"}],"about":[{"href":"https:\/\/regbu.com\/ro\/wp-json\/wp\/v2\/types\/post"}],"author":[{"embeddable":true,"href":"https:\/\/regbu.com\/ro\/wp-json\/wp\/v2\/users\/2"}],"replies":[{"embeddable":true,"href":"https:\/\/regbu.com\/ro\/wp-json\/wp\/v2\/comments?post=132"}],"version-history":[{"count":3,"href":"https:\/\/regbu.com\/ro\/wp-json\/wp\/v2\/posts\/132\/revisions"}],"predecessor-version":[{"id":152,"href":"https:\/\/regbu.com\/ro\/wp-json\/wp\/v2\/posts\/132\/revisions\/152"}],"wp:featuredmedia":[{"embeddable":true,"href":"https:\/\/regbu.com\/ro\/wp-json\/wp\/v2\/media\/133"}],"wp:attachment":[{"href":"https:\/\/regbu.com\/ro\/wp-json\/wp\/v2\/media?parent=132"}],"wp:term":[{"taxonomy":"category","embeddable":true,"href":"https:\/\/regbu.com\/ro\/wp-json\/wp\/v2\/categories?post=132"},{"taxonomy":"post_tag","embeddable":true,"href":"https:\/\/regbu.com\/ro\/wp-json\/wp\/v2\/tags?post=132"}],"curies":[{"name":"wp","href":"https:\/\/api.w.org\/{rel}","templated":true}]}}