{"id":1277,"date":"2023-07-26T07:56:04","date_gmt":"2023-07-26T05:56:04","guid":{"rendered":"https:\/\/regbu.com\/?p=1277"},"modified":"2025-09-05T07:40:25","modified_gmt":"2025-09-05T05:40:25","slug":"povinne-ockovani-jemuz-se-deti-nevyhnou","status":"publish","type":"post","link":"https:\/\/regbu.com\/ro\/obligativitatea-de-a-acosta-daca-copiii-nu-pleaca\/","title":{"rendered":"Vaccin\u0103ri obligatorii pe care copiii nu le pot evita"},"content":{"rendered":"<p>Vaccinarea obligatorie ne a\u0219teapt\u0103 pe fiecare dintre noi \u00een timpul vie\u021bii noastre. Ne g\u00e2ndim acum la vaccin\u0103rile din copil\u0103rie, pe care nu suntem cu adev\u0103rat \u00een m\u0103sur\u0103 s\u0103 le decidem. Acest act este reglementat de decretul relevant. Este adev\u0103rat c\u0103 fiecare \u021bar\u0103 \u00eel are un pic diferit. Ca urmare, exist\u0103 multe asem\u0103n\u0103ri. Vaccinarea la \u00eenceputul a tot ceea ce este de fapt \u00een scopul de a\u00a0<strong><a href=\"https:\/\/regbu.com\/ro\/consolidarea-sistemului-imunitar-in-practica\/\">\u00eent\u0103rirea sistemului imunitar<\/a><\/strong>.<\/p>\n\n\n\n<ul class=\"wp-block-list\">\n<li>Vaccinarea de la o v\u00e2rst\u0103 fraged\u0103<\/li>\n\n\n\n<li>Copiii \u0219i adolescen\u021bii sunt vaccina\u021bi<\/li>\n\n\n\n<li>Vaccin\u0103rile sunt efectuate de c\u0103tre un medic de familie<\/li>\n<\/ul>\n\n\n\n<p>Dac\u0103 v\u0103 concentra\u021bi asupra vaccin\u0103rilor obligatorii \u00een Republica Ceh\u0103, ve\u021bi \u00eent\u00e2lni \u00een total nou\u0103 tipuri diferite de vaccinuri. Unele sunt obligatorii, altele sunt op\u021bionale \u0219i voluntare.<\/p>\n\n\n\n<h2 class=\"wp-block-heading\">Vaccin\u0103ri op\u021bionale - Vaccinuri<\/h2>\n\n\n\n<p>Lista de vaccin\u0103ri op\u021bionale include cu siguran\u021b\u0103 <strong>boli pneumococice<\/strong>. \u00cen acest caz, se utilizeaz\u0103 un vaccin neviu. Pentru copiii mai mari, este disponibil vaccinul HVP. Acesta este cel mai adesea administrat \u00een jurul celei de-a treisprezecea anivers\u0103ri a copilului. Acest grup de vaccinuri op\u021bionale include, de asemenea, vaccinul meningococic. Chiar \u0219i pentru acestea, p\u0103rin\u021bii copilului sunt cei care decid asupra vaccin\u0103rii care urmeaz\u0103 s\u0103 fie administrat\u0103.<\/p>\n\n\n\n<h3 class=\"wp-block-heading\">Vaccinarea obligatorie - \u00centreb\u0103ri \u0219i r\u0103spunsuri<\/h3>\n\n\n\n<p>Dar acum s\u0103 ne concentr\u0103m asupra vaccinurilor care sunt obligatorii pentru copiii mici. Acestea sunt cerute de legea sau decretul relevant al \u021b\u0103rii. Un astfel de vaccin este <strong>hexavaccin<\/strong>. Dac\u0103 nu \u0219ti\u021bi ce s\u0103 v\u0103 imagina\u021bi, citi\u021bi urm\u0103toarele r\u00e2nduri.<\/p>\n\n\n\n<div class=\"schema-faq wp-block-yoast-faq-block\"><div class=\"schema-faq-section\" id=\"faq-question-1690437377500\"><strong class=\"schema-faq-question\">Ce este un hexavaccin?<\/strong> <p class=\"schema-faq-answer\">Este un vaccin special \u00eempotriva tetanosului, tusei convulsive, difteriei, poliomielitei \u0219i hepatitei virale B.<\/p> <\/div> <div class=\"schema-faq-section\" id=\"faq-question-1690437384207\"><strong class=\"schema-faq-question\">C\u00e2nd se administreaz\u0103 hexavaccinul?<\/strong> <p class=\"schema-faq-answer\">Se aplic\u0103 \u00een jurul v\u00e2rstei de trei luni a copilului.<\/p> <\/div> <div class=\"schema-faq-section\" id=\"faq-question-1690437391824\"><strong class=\"schema-faq-question\">C\u00e2nd se administreaz\u0103 vaccinul \u00eempotriva rubeolei, oreionului \u0219i rujeolei?<\/strong> <p class=\"schema-faq-answer\">Acest vaccin obligatoriu se administreaz\u0103 \u00eentre a treisprezecea \u0219i a optsprezecea lun\u0103 de via\u021b\u0103 a copilului.<\/p> <\/div> <div class=\"schema-faq-section\" id=\"faq-question-1690437399852\"><strong class=\"schema-faq-question\">Ce alte vaccinuri combinate exist\u0103?<\/strong> <p class=\"schema-faq-answer\">De exemplu, combina\u021bia de difterie, tuse convulsiv\u0103 \u0219i tetanos \u00een cel de-al cincilea an de v\u00e2rst\u0103 al copilului. Revaccinarea ulterioar\u0103 are loc \u00een al zecelea an.<\/p> <\/div> <div class=\"schema-faq-section\" id=\"faq-question-1690437408632\"><strong class=\"schema-faq-question\">Care sunt alte vaccin\u0103ri destinate unor grupuri specifice de copii?<\/strong> <p class=\"schema-faq-answer\">Este vorba de vaccinul HEP B. Este, de asemenea, un vaccin \u00eempotriva tuberculozei. Cu toate acestea, aceste tipuri de vaccin\u0103ri sunt evaluate de c\u0103tre medic \u00een mod individual.<\/p> <\/div> <\/div>","protected":false},"excerpt":{"rendered":"<p>Vaccinarea obligatorie ne a\u0219teapt\u0103 pe fiecare dintre noi \u00een timpul vie\u021bii noastre. Ne g\u00e2ndim acum la vaccin\u0103rile din copil\u0103rie, pe care nu suntem cu adev\u0103rat \u00een m\u0103sur\u0103 s\u0103 le decidem. Acest act este reglementat de decretul relevant. Este adev\u0103rat c\u0103 fiecare \u021bar\u0103 \u00eel are un pic diferit. Ca urmare, exist\u0103 multe asem\u0103n\u0103ri. Vaccinarea, la \u00eenceputul tuturor lucrurilor, serve\u0219te, de fapt, la \u00eent\u0103rirea ... <\/p>","protected":false},"author":2,"featured_media":1278,"comment_status":"closed","ping_status":"closed","sticky":false,"template":"","format":"standard","meta":{"footnotes":""},"categories":[197],"tags":[1538,1540,1537,1531,836,1536,901,1535,1541,1539],"class_list":["post-1277","post","type-post","status-publish","format-standard","has-post-thumbnail","hentry","category-lidske-zdravi","tag-cerny-kasel","tag-detska-obrna","tag-hexavakcina","tag-imunita","tag-imunitni-system","tag-nepovinne-ockovani","tag-ockovani","tag-povinne-ockovani","tag-vir","tag-zaskrt"],"yoast_head":"<!-- This site is optimized with the Yoast SEO plugin v27.5 - https:\/\/yoast.com\/product\/yoast-seo-wordpress\/ -->\n<title>Povinn\u00e9 o\u010dkov\u00e1n\u00ed, jemu\u017e se d\u011bti nevyhnou - REGBU.COM<\/title>\n<meta name=\"description\" content=\"V\u00edte, jak\u00e9 povinn\u00e9 o\u010dkov\u00e1n\u00ed je d\u016fle\u017eit\u00e9 pro Va\u0161e d\u00edt\u011b? Sezn\u00e1m\u00edme V\u00e1s s t\u011bmi nej\u010dast\u011bj\u0161\u00edmi i s t\u011bmi nepovinn\u00fdmi.\" \/>\n<meta name=\"robots\" content=\"index, follow, max-snippet:-1, max-image-preview:large, max-video-preview:-1\" \/>\n<link rel=\"canonical\" href=\"https:\/\/regbu.com\/ro\/obligativitatea-de-a-acosta-daca-copiii-nu-pleaca\/\" \/>\n<meta property=\"og:locale\" content=\"ro_RO\" \/>\n<meta property=\"og:type\" content=\"article\" \/>\n<meta property=\"og:title\" content=\"Povinn\u00e9 o\u010dkov\u00e1n\u00ed, jemu\u017e se d\u011bti nevyhnou - REGBU.COM\" \/>\n<meta property=\"og:description\" content=\"V\u00edte, jak\u00e9 povinn\u00e9 o\u010dkov\u00e1n\u00ed je d\u016fle\u017eit\u00e9 pro Va\u0161e d\u00edt\u011b? Sezn\u00e1m\u00edme V\u00e1s s t\u011bmi nej\u010dast\u011bj\u0161\u00edmi i s t\u011bmi nepovinn\u00fdmi.\" \/>\n<meta property=\"og:url\" content=\"https:\/\/regbu.com\/ro\/obligativitatea-de-a-acosta-daca-copiii-nu-pleaca\/\" \/>\n<meta property=\"og:site_name\" content=\"REGBU.COM\" \/>\n<meta property=\"article:published_time\" content=\"2023-07-26T05:56:04+00:00\" \/>\n<meta property=\"article:modified_time\" content=\"2025-09-05T05:40:25+00:00\" \/>\n<meta property=\"og:image\" content=\"https:\/\/regbu.com\/wp-content\/uploads\/2023\/07\/povinne-ockovani-jemuz-se-deti-nevyhnou.jpg\" \/>\n\t<meta property=\"og:image:width\" content=\"1200\" \/>\n\t<meta property=\"og:image:height\" content=\"678\" \/>\n\t<meta property=\"og:image:type\" content=\"image\/jpeg\" \/>\n<meta name=\"author\" content=\"George Martin\" \/>\n<meta name=\"twitter:card\" content=\"summary_large_image\" \/>\n<meta name=\"twitter:label1\" content=\"Scris de\" \/>\n\t<meta name=\"twitter:data1\" content=\"George Martin\" \/>\n\t<meta name=\"twitter:label2\" content=\"Timp estimat pentru citire\" \/>\n\t<meta name=\"twitter:data2\" content=\"2 minute\" \/>\n<script type=\"application\/ld+json\" class=\"yoast-schema-graph\">{\"@context\":\"https:\\\/\\\/schema.org\",\"@graph\":[{\"@type\":\"Article\",\"@id\":\"https:\\\/\\\/regbu.com\\\/ro\\\/obligativitatea-de-a-acosta-daca-copiii-nu-pleaca\\\/#article\",\"isPartOf\":{\"@id\":\"https:\\\/\\\/regbu.com\\\/ro\\\/obligativitatea-de-a-acosta-daca-copiii-nu-pleaca\\\/\"},\"author\":{\"name\":\"George Martin\",\"@id\":\"https:\\\/\\\/regbu.com\\\/en\\\/#\\\/schema\\\/person\\\/94ea9deda2629771b8a9ced002f6784e\"},\"headline\":\"Povinn\u00e9 o\u010dkov\u00e1n\u00ed, jemu\u017e se d\u011bti nevyhnou\",\"datePublished\":\"2023-07-26T05:56:04+00:00\",\"dateModified\":\"2025-09-05T05:40:25+00:00\",\"mainEntityOfPage\":{\"@id\":\"https:\\\/\\\/regbu.com\\\/ro\\\/obligativitatea-de-a-acosta-daca-copiii-nu-pleaca\\\/\"},\"wordCount\":492,\"image\":{\"@id\":\"https:\\\/\\\/regbu.com\\\/ro\\\/obligativitatea-de-a-acosta-daca-copiii-nu-pleaca\\\/#primaryimage\"},\"thumbnailUrl\":\"https:\\\/\\\/regbu.com\\\/wp-content\\\/uploads\\\/2023\\\/07\\\/povinne-ockovani-jemuz-se-deti-nevyhnou.jpg\",\"keywords\":[\"\u010dern\u00fd ka\u0161el\",\"d\u011btsk\u00e1 obrna\",\"hexavakc\u00edna\",\"imunita\",\"imunitn\u00ed syst\u00e9m\",\"nepovinn\u00e9 o\u010dkov\u00e1n\u00ed\",\"o\u010dkov\u00e1n\u00ed\",\"povinn\u00e9 o\u010dkov\u00e1n\u00ed\",\"vir\",\"z\u00e1\u0161krt\"],\"articleSection\":[\"Lidsk\u00e9 Zdrav\u00ed\"],\"inLanguage\":\"ro-RO\"},{\"@type\":[\"WebPage\",\"FAQPage\"],\"@id\":\"https:\\\/\\\/regbu.com\\\/ro\\\/obligativitatea-de-a-acosta-daca-copiii-nu-pleaca\\\/\",\"url\":\"https:\\\/\\\/regbu.com\\\/ro\\\/obligativitatea-de-a-acosta-daca-copiii-nu-pleaca\\\/\",\"name\":\"Povinn\u00e9 o\u010dkov\u00e1n\u00ed, jemu\u017e se d\u011bti nevyhnou - REGBU.COM\",\"isPartOf\":{\"@id\":\"https:\\\/\\\/regbu.com\\\/en\\\/#website\"},\"primaryImageOfPage\":{\"@id\":\"https:\\\/\\\/regbu.com\\\/ro\\\/obligativitatea-de-a-acosta-daca-copiii-nu-pleaca\\\/#primaryimage\"},\"image\":{\"@id\":\"https:\\\/\\\/regbu.com\\\/ro\\\/obligativitatea-de-a-acosta-daca-copiii-nu-pleaca\\\/#primaryimage\"},\"thumbnailUrl\":\"https:\\\/\\\/regbu.com\\\/wp-content\\\/uploads\\\/2023\\\/07\\\/povinne-ockovani-jemuz-se-deti-nevyhnou.jpg\",\"datePublished\":\"2023-07-26T05:56:04+00:00\",\"dateModified\":\"2025-09-05T05:40:25+00:00\",\"author\":{\"@id\":\"https:\\\/\\\/regbu.com\\\/en\\\/#\\\/schema\\\/person\\\/94ea9deda2629771b8a9ced002f6784e\"},\"description\":\"V\u00edte, jak\u00e9 povinn\u00e9 o\u010dkov\u00e1n\u00ed je d\u016fle\u017eit\u00e9 pro Va\u0161e d\u00edt\u011b? Sezn\u00e1m\u00edme V\u00e1s s t\u011bmi nej\u010dast\u011bj\u0161\u00edmi i s t\u011bmi nepovinn\u00fdmi.\",\"breadcrumb\":{\"@id\":\"https:\\\/\\\/regbu.com\\\/ro\\\/obligativitatea-de-a-acosta-daca-copiii-nu-pleaca\\\/#breadcrumb\"},\"mainEntity\":[{\"@id\":\"https:\\\/\\\/regbu.com\\\/ro\\\/obligativitatea-de-a-acosta-daca-copiii-nu-pleaca\\\/#faq-question-1690437377500\"},{\"@id\":\"https:\\\/\\\/regbu.com\\\/ro\\\/obligativitatea-de-a-acosta-daca-copiii-nu-pleaca\\\/#faq-question-1690437384207\"},{\"@id\":\"https:\\\/\\\/regbu.com\\\/ro\\\/obligativitatea-de-a-acosta-daca-copiii-nu-pleaca\\\/#faq-question-1690437391824\"},{\"@id\":\"https:\\\/\\\/regbu.com\\\/ro\\\/obligativitatea-de-a-acosta-daca-copiii-nu-pleaca\\\/#faq-question-1690437399852\"},{\"@id\":\"https:\\\/\\\/regbu.com\\\/ro\\\/obligativitatea-de-a-acosta-daca-copiii-nu-pleaca\\\/#faq-question-1690437408632\"}],\"inLanguage\":\"ro-RO\",\"potentialAction\":[{\"@type\":\"ReadAction\",\"target\":[\"https:\\\/\\\/regbu.com\\\/ro\\\/obligativitatea-de-a-acosta-daca-copiii-nu-pleaca\\\/\"]}]},{\"@type\":\"ImageObject\",\"inLanguage\":\"ro-RO\",\"@id\":\"https:\\\/\\\/regbu.com\\\/ro\\\/obligativitatea-de-a-acosta-daca-copiii-nu-pleaca\\\/#primaryimage\",\"url\":\"https:\\\/\\\/regbu.com\\\/wp-content\\\/uploads\\\/2023\\\/07\\\/povinne-ockovani-jemuz-se-deti-nevyhnou.jpg\",\"contentUrl\":\"https:\\\/\\\/regbu.com\\\/wp-content\\\/uploads\\\/2023\\\/07\\\/povinne-ockovani-jemuz-se-deti-nevyhnou.jpg\",\"width\":1200,\"height\":678,\"caption\":\"Povinn\u00e9 o\u010dkov\u00e1n\u00ed, jemu\u017e se d\u011bti nevyhnou\"},{\"@type\":\"BreadcrumbList\",\"@id\":\"https:\\\/\\\/regbu.com\\\/ro\\\/obligativitatea-de-a-acosta-daca-copiii-nu-pleaca\\\/#breadcrumb\",\"itemListElement\":[{\"@type\":\"ListItem\",\"position\":1,\"name\":\"Home\",\"item\":\"https:\\\/\\\/regbu.com\\\/en\\\/\"},{\"@type\":\"ListItem\",\"position\":2,\"name\":\"Povinn\u00e9 o\u010dkov\u00e1n\u00ed, jemu\u017e se d\u011bti nevyhnou\"}]},{\"@type\":\"WebSite\",\"@id\":\"https:\\\/\\\/regbu.com\\\/en\\\/#website\",\"url\":\"https:\\\/\\\/regbu.com\\\/en\\\/\",\"name\":\"REGBU.COM\",\"description\":\"\",\"potentialAction\":[{\"@type\":\"SearchAction\",\"target\":{\"@type\":\"EntryPoint\",\"urlTemplate\":\"https:\\\/\\\/regbu.com\\\/en\\\/?s={search_term_string}\"},\"query-input\":{\"@type\":\"PropertyValueSpecification\",\"valueRequired\":true,\"valueName\":\"search_term_string\"}}],\"inLanguage\":\"ro-RO\"},{\"@type\":\"Person\",\"@id\":\"https:\\\/\\\/regbu.com\\\/en\\\/#\\\/schema\\\/person\\\/94ea9deda2629771b8a9ced002f6784e\",\"name\":\"George Martin\",\"url\":\"https:\\\/\\\/regbu.com\\\/ro\\\/author\\\/george-martin\\\/\"},{\"@type\":\"Question\",\"@id\":\"https:\\\/\\\/regbu.com\\\/ro\\\/obligativitatea-de-a-acosta-daca-copiii-nu-pleaca\\\/#faq-question-1690437377500\",\"position\":1,\"url\":\"https:\\\/\\\/regbu.com\\\/ro\\\/obligativitatea-de-a-acosta-daca-copiii-nu-pleaca\\\/#faq-question-1690437377500\",\"name\":\"Co je to hexavakc\u00edna?\",\"answerCount\":1,\"acceptedAnswer\":{\"@type\":\"Answer\",\"text\":\"Jde o speci\u00e1ln\u00ed vakc\u00ednu ur\u010denou proti tetanu, \u010dern\u00e9mu ka\u0161lu, z\u00e1\u0161krtu, d\u011btsk\u00e9 obrn\u011b a virov\u00e9 hepatitid\u011b skupiny B.\",\"inLanguage\":\"ro-RO\"},\"inLanguage\":\"ro-RO\"},{\"@type\":\"Question\",\"@id\":\"https:\\\/\\\/regbu.com\\\/ro\\\/obligativitatea-de-a-acosta-daca-copiii-nu-pleaca\\\/#faq-question-1690437384207\",\"position\":2,\"url\":\"https:\\\/\\\/regbu.com\\\/ro\\\/obligativitatea-de-a-acosta-daca-copiii-nu-pleaca\\\/#faq-question-1690437384207\",\"name\":\"Kdy se pod\u00e1v\u00e1 hexavakc\u00edna?\",\"answerCount\":1,\"acceptedAnswer\":{\"@type\":\"Answer\",\"text\":\"Aplikuje se zhruba ve t\u0159et\u00edm m\u011bs\u00edci v\u011bku d\u00edt\u011bte.\",\"inLanguage\":\"ro-RO\"},\"inLanguage\":\"ro-RO\"},{\"@type\":\"Question\",\"@id\":\"https:\\\/\\\/regbu.com\\\/ro\\\/obligativitatea-de-a-acosta-daca-copiii-nu-pleaca\\\/#faq-question-1690437391824\",\"position\":3,\"url\":\"https:\\\/\\\/regbu.com\\\/ro\\\/obligativitatea-de-a-acosta-daca-copiii-nu-pleaca\\\/#faq-question-1690437391824\",\"name\":\"Kdy se pod\u00e1v\u00e1 vakc\u00edna proti zard\u011bnk\u00e1m, p\u0159\u00edu\u0161nic\u00edm a spalni\u010dk\u00e1m?\",\"answerCount\":1,\"acceptedAnswer\":{\"@type\":\"Answer\",\"text\":\"Toto povinn\u00e9 o\u010dkov\u00e1n\u00ed je aplikov\u00e1no mezi t\u0159in\u00e1ct\u00fdm a osmn\u00e1ct\u00fdm m\u011bs\u00edcem v\u011bku d\u00edt\u011bte.\",\"inLanguage\":\"ro-RO\"},\"inLanguage\":\"ro-RO\"},{\"@type\":\"Question\",\"@id\":\"https:\\\/\\\/regbu.com\\\/ro\\\/obligativitatea-de-a-acosta-daca-copiii-nu-pleaca\\\/#faq-question-1690437399852\",\"position\":4,\"url\":\"https:\\\/\\\/regbu.com\\\/ro\\\/obligativitatea-de-a-acosta-daca-copiii-nu-pleaca\\\/#faq-question-1690437399852\",\"name\":\"Jak\u00e9 jin\u00e9 kombinovan\u00e9 vakc\u00edny je\u0161t\u011b existuj\u00ed?\",\"answerCount\":1,\"acceptedAnswer\":{\"@type\":\"Answer\",\"text\":\"Jmenovat lze nap\u0159\u00edklad kombinaci z\u00e1\u0161krtu, \u010dern\u00e9ho ka\u0161le a tetanu v p\u00e1t\u00e9m roce v\u011bku d\u00edt\u011bte. N\u00e1sledn\u00e9 p\u0159eo\u010dkov\u00e1n\u00ed prob\u00edh\u00e1 je\u0161t\u011b v des\u00e1t\u00e9m roce.\",\"inLanguage\":\"ro-RO\"},\"inLanguage\":\"ro-RO\"},{\"@type\":\"Question\",\"@id\":\"https:\\\/\\\/regbu.com\\\/ro\\\/obligativitatea-de-a-acosta-daca-copiii-nu-pleaca\\\/#faq-question-1690437408632\",\"position\":5,\"url\":\"https:\\\/\\\/regbu.com\\\/ro\\\/obligativitatea-de-a-acosta-daca-copiii-nu-pleaca\\\/#faq-question-1690437408632\",\"name\":\"Jak\u00e1 jsou dal\u0161\u00ed o\u010dkov\u00e1n\u00ed zam\u011b\u0159en\u00e1 na ur\u010dit\u00e9 skupiny d\u011bt\u00ed?\",\"answerCount\":1,\"acceptedAnswer\":{\"@type\":\"Answer\",\"text\":\"Je to o\u010dkov\u00e1n\u00ed proti HEP B. D\u00e1le tak\u00e9 o\u010dkov\u00e1n\u00ed proti tuberkul\u00f3ze. Tyto typy o\u010dkov\u00e1n\u00ed v\u0161ak posuzuje l\u00e9ka\u0159 individu\u00e1ln\u011b.\",\"inLanguage\":\"ro-RO\"},\"inLanguage\":\"ro-RO\"}]}<\/script>\n<!-- \/ Yoast SEO plugin. -->","yoast_head_json":{"title":"Vaccin\u0103rile obligatorii pe care copiii nu le pot evita - REGBU.COM","description":"\u0218ti\u021bi ce vaccinuri obligatorii sunt importante pentru copilul dumneavoastr\u0103? Vi le vom prezenta pe cele mai frecvente \u0219i pe cele op\u021bionale.","robots":{"index":"index","follow":"follow","max-snippet":"max-snippet:-1","max-image-preview":"max-image-preview:large","max-video-preview":"max-video-preview:-1"},"canonical":"https:\/\/regbu.com\/ro\/obligativitatea-de-a-acosta-daca-copiii-nu-pleaca\/","og_locale":"ro_RO","og_type":"article","og_title":"Povinn\u00e9 o\u010dkov\u00e1n\u00ed, jemu\u017e se d\u011bti nevyhnou - REGBU.COM","og_description":"V\u00edte, jak\u00e9 povinn\u00e9 o\u010dkov\u00e1n\u00ed je d\u016fle\u017eit\u00e9 pro Va\u0161e d\u00edt\u011b? Sezn\u00e1m\u00edme V\u00e1s s t\u011bmi nej\u010dast\u011bj\u0161\u00edmi i s t\u011bmi nepovinn\u00fdmi.","og_url":"https:\/\/regbu.com\/ro\/obligativitatea-de-a-acosta-daca-copiii-nu-pleaca\/","og_site_name":"REGBU.COM","article_published_time":"2023-07-26T05:56:04+00:00","article_modified_time":"2025-09-05T05:40:25+00:00","og_image":[{"width":1200,"height":678,"url":"https:\/\/regbu.com\/wp-content\/uploads\/2023\/07\/povinne-ockovani-jemuz-se-deti-nevyhnou.jpg","type":"image\/jpeg"}],"author":"George Martin","twitter_card":"summary_large_image","twitter_misc":{"Scris de":"George Martin","Timp estimat pentru citire":"2 minute"},"schema":{"@context":"https:\/\/schema.org","@graph":[{"@type":"Article","@id":"https:\/\/regbu.com\/ro\/obligativitatea-de-a-acosta-daca-copiii-nu-pleaca\/#article","isPartOf":{"@id":"https:\/\/regbu.com\/ro\/obligativitatea-de-a-acosta-daca-copiii-nu-pleaca\/"},"author":{"name":"George Martin","@id":"https:\/\/regbu.com\/en\/#\/schema\/person\/94ea9deda2629771b8a9ced002f6784e"},"headline":"Povinn\u00e9 o\u010dkov\u00e1n\u00ed, jemu\u017e se d\u011bti nevyhnou","datePublished":"2023-07-26T05:56:04+00:00","dateModified":"2025-09-05T05:40:25+00:00","mainEntityOfPage":{"@id":"https:\/\/regbu.com\/ro\/obligativitatea-de-a-acosta-daca-copiii-nu-pleaca\/"},"wordCount":492,"image":{"@id":"https:\/\/regbu.com\/ro\/obligativitatea-de-a-acosta-daca-copiii-nu-pleaca\/#primaryimage"},"thumbnailUrl":"https:\/\/regbu.com\/wp-content\/uploads\/2023\/07\/povinne-ockovani-jemuz-se-deti-nevyhnou.jpg","keywords":["\u010dern\u00fd ka\u0161el","d\u011btsk\u00e1 obrna","hexavakc\u00edna","imunita","imunitn\u00ed syst\u00e9m","nepovinn\u00e9 o\u010dkov\u00e1n\u00ed","o\u010dkov\u00e1n\u00ed","povinn\u00e9 o\u010dkov\u00e1n\u00ed","vir","z\u00e1\u0161krt"],"articleSection":["Lidsk\u00e9 Zdrav\u00ed"],"inLanguage":"ro-RO"},{"@type":["WebPage","FAQPage"],"@id":"https:\/\/regbu.com\/ro\/obligativitatea-de-a-acosta-daca-copiii-nu-pleaca\/","url":"https:\/\/regbu.com\/ro\/obligativitatea-de-a-acosta-daca-copiii-nu-pleaca\/","name":"Vaccin\u0103rile obligatorii pe care copiii nu le pot evita - REGBU.COM","isPartOf":{"@id":"https:\/\/regbu.com\/en\/#website"},"primaryImageOfPage":{"@id":"https:\/\/regbu.com\/ro\/obligativitatea-de-a-acosta-daca-copiii-nu-pleaca\/#primaryimage"},"image":{"@id":"https:\/\/regbu.com\/ro\/obligativitatea-de-a-acosta-daca-copiii-nu-pleaca\/#primaryimage"},"thumbnailUrl":"https:\/\/regbu.com\/wp-content\/uploads\/2023\/07\/povinne-ockovani-jemuz-se-deti-nevyhnou.jpg","datePublished":"2023-07-26T05:56:04+00:00","dateModified":"2025-09-05T05:40:25+00:00","author":{"@id":"https:\/\/regbu.com\/en\/#\/schema\/person\/94ea9deda2629771b8a9ced002f6784e"},"description":"\u0218ti\u021bi ce vaccinuri obligatorii sunt importante pentru copilul dumneavoastr\u0103? Vi le vom prezenta pe cele mai frecvente \u0219i pe cele op\u021bionale.","breadcrumb":{"@id":"https:\/\/regbu.com\/ro\/obligativitatea-de-a-acosta-daca-copiii-nu-pleaca\/#breadcrumb"},"mainEntity":[{"@id":"https:\/\/regbu.com\/ro\/obligativitatea-de-a-acosta-daca-copiii-nu-pleaca\/#faq-question-1690437377500"},{"@id":"https:\/\/regbu.com\/ro\/obligativitatea-de-a-acosta-daca-copiii-nu-pleaca\/#faq-question-1690437384207"},{"@id":"https:\/\/regbu.com\/ro\/obligativitatea-de-a-acosta-daca-copiii-nu-pleaca\/#faq-question-1690437391824"},{"@id":"https:\/\/regbu.com\/ro\/obligativitatea-de-a-acosta-daca-copiii-nu-pleaca\/#faq-question-1690437399852"},{"@id":"https:\/\/regbu.com\/ro\/obligativitatea-de-a-acosta-daca-copiii-nu-pleaca\/#faq-question-1690437408632"}],"inLanguage":"ro-RO","potentialAction":[{"@type":"ReadAction","target":["https:\/\/regbu.com\/ro\/obligativitatea-de-a-acosta-daca-copiii-nu-pleaca\/"]}]},{"@type":"ImageObject","inLanguage":"ro-RO","@id":"https:\/\/regbu.com\/ro\/obligativitatea-de-a-acosta-daca-copiii-nu-pleaca\/#primaryimage","url":"https:\/\/regbu.com\/wp-content\/uploads\/2023\/07\/povinne-ockovani-jemuz-se-deti-nevyhnou.jpg","contentUrl":"https:\/\/regbu.com\/wp-content\/uploads\/2023\/07\/povinne-ockovani-jemuz-se-deti-nevyhnou.jpg","width":1200,"height":678,"caption":"Povinn\u00e9 o\u010dkov\u00e1n\u00ed, jemu\u017e se d\u011bti nevyhnou"},{"@type":"BreadcrumbList","@id":"https:\/\/regbu.com\/ro\/obligativitatea-de-a-acosta-daca-copiii-nu-pleaca\/#breadcrumb","itemListElement":[{"@type":"ListItem","position":1,"name":"Home","item":"https:\/\/regbu.com\/en\/"},{"@type":"ListItem","position":2,"name":"Povinn\u00e9 o\u010dkov\u00e1n\u00ed, jemu\u017e se d\u011bti nevyhnou"}]},{"@type":"WebSite","@id":"https:\/\/regbu.com\/en\/#website","url":"https:\/\/regbu.com\/en\/","name":"REGBU.COM","description":"","potentialAction":[{"@type":"SearchAction","target":{"@type":"EntryPoint","urlTemplate":"https:\/\/regbu.com\/en\/?s={search_term_string}"},"query-input":{"@type":"PropertyValueSpecification","valueRequired":true,"valueName":"search_term_string"}}],"inLanguage":"ro-RO"},{"@type":"Person","@id":"https:\/\/regbu.com\/en\/#\/schema\/person\/94ea9deda2629771b8a9ced002f6784e","name":"George Martin","url":"https:\/\/regbu.com\/ro\/author\/george-martin\/"},{"@type":"Question","@id":"https:\/\/regbu.com\/ro\/obligativitatea-de-a-acosta-daca-copiii-nu-pleaca\/#faq-question-1690437377500","position":1,"url":"https:\/\/regbu.com\/ro\/obligativitatea-de-a-acosta-daca-copiii-nu-pleaca\/#faq-question-1690437377500","name":"Ce este un hexavaccin?","answerCount":1,"acceptedAnswer":{"@type":"Answer","text":"Jde o speci\u00e1ln\u00ed vakc\u00ednu ur\u010denou proti tetanu, \u010dern\u00e9mu ka\u0161lu, z\u00e1\u0161krtu, d\u011btsk\u00e9 obrn\u011b a virov\u00e9 hepatitid\u011b skupiny B.","inLanguage":"ro-RO"},"inLanguage":"ro-RO"},{"@type":"Question","@id":"https:\/\/regbu.com\/ro\/obligativitatea-de-a-acosta-daca-copiii-nu-pleaca\/#faq-question-1690437384207","position":2,"url":"https:\/\/regbu.com\/ro\/obligativitatea-de-a-acosta-daca-copiii-nu-pleaca\/#faq-question-1690437384207","name":"C\u00e2nd se administreaz\u0103 hexavaccinul?","answerCount":1,"acceptedAnswer":{"@type":"Answer","text":"Aplikuje se zhruba ve t\u0159et\u00edm m\u011bs\u00edci v\u011bku d\u00edt\u011bte.","inLanguage":"ro-RO"},"inLanguage":"ro-RO"},{"@type":"Question","@id":"https:\/\/regbu.com\/ro\/obligativitatea-de-a-acosta-daca-copiii-nu-pleaca\/#faq-question-1690437391824","position":3,"url":"https:\/\/regbu.com\/ro\/obligativitatea-de-a-acosta-daca-copiii-nu-pleaca\/#faq-question-1690437391824","name":"C\u00e2nd se administreaz\u0103 vaccinul \u00eempotriva rubeolei, oreionului \u0219i rujeolei?","answerCount":1,"acceptedAnswer":{"@type":"Answer","text":"Toto povinn\u00e9 o\u010dkov\u00e1n\u00ed je aplikov\u00e1no mezi t\u0159in\u00e1ct\u00fdm a osmn\u00e1ct\u00fdm m\u011bs\u00edcem v\u011bku d\u00edt\u011bte.","inLanguage":"ro-RO"},"inLanguage":"ro-RO"},{"@type":"Question","@id":"https:\/\/regbu.com\/ro\/obligativitatea-de-a-acosta-daca-copiii-nu-pleaca\/#faq-question-1690437399852","position":4,"url":"https:\/\/regbu.com\/ro\/obligativitatea-de-a-acosta-daca-copiii-nu-pleaca\/#faq-question-1690437399852","name":"Ce alte vaccinuri combinate exist\u0103?","answerCount":1,"acceptedAnswer":{"@type":"Answer","text":"Jmenovat lze nap\u0159\u00edklad kombinaci z\u00e1\u0161krtu, \u010dern\u00e9ho ka\u0161le a tetanu v p\u00e1t\u00e9m roce v\u011bku d\u00edt\u011bte. N\u00e1sledn\u00e9 p\u0159eo\u010dkov\u00e1n\u00ed prob\u00edh\u00e1 je\u0161t\u011b v des\u00e1t\u00e9m roce.","inLanguage":"ro-RO"},"inLanguage":"ro-RO"},{"@type":"Question","@id":"https:\/\/regbu.com\/ro\/obligativitatea-de-a-acosta-daca-copiii-nu-pleaca\/#faq-question-1690437408632","position":5,"url":"https:\/\/regbu.com\/ro\/obligativitatea-de-a-acosta-daca-copiii-nu-pleaca\/#faq-question-1690437408632","name":"Care sunt alte vaccin\u0103ri destinate unor grupuri specifice de copii?","answerCount":1,"acceptedAnswer":{"@type":"Answer","text":"Je to o\u010dkov\u00e1n\u00ed proti HEP B. D\u00e1le tak\u00e9 o\u010dkov\u00e1n\u00ed proti tuberkul\u00f3ze. Tyto typy o\u010dkov\u00e1n\u00ed v\u0161ak posuzuje l\u00e9ka\u0159 individu\u00e1ln\u011b.","inLanguage":"ro-RO"},"inLanguage":"ro-RO"}]}},"_links":{"self":[{"href":"https:\/\/regbu.com\/ro\/wp-json\/wp\/v2\/posts\/1277","targetHints":{"allow":["GET"]}}],"collection":[{"href":"https:\/\/regbu.com\/ro\/wp-json\/wp\/v2\/posts"}],"about":[{"href":"https:\/\/regbu.com\/ro\/wp-json\/wp\/v2\/types\/post"}],"author":[{"embeddable":true,"href":"https:\/\/regbu.com\/ro\/wp-json\/wp\/v2\/users\/2"}],"replies":[{"embeddable":true,"href":"https:\/\/regbu.com\/ro\/wp-json\/wp\/v2\/comments?post=1277"}],"version-history":[{"count":2,"href":"https:\/\/regbu.com\/ro\/wp-json\/wp\/v2\/posts\/1277\/revisions"}],"predecessor-version":[{"id":1295,"href":"https:\/\/regbu.com\/ro\/wp-json\/wp\/v2\/posts\/1277\/revisions\/1295"}],"wp:featuredmedia":[{"embeddable":true,"href":"https:\/\/regbu.com\/ro\/wp-json\/wp\/v2\/media\/1278"}],"wp:attachment":[{"href":"https:\/\/regbu.com\/ro\/wp-json\/wp\/v2\/media?parent=1277"}],"wp:term":[{"taxonomy":"category","embeddable":true,"href":"https:\/\/regbu.com\/ro\/wp-json\/wp\/v2\/categories?post=1277"},{"taxonomy":"post_tag","embeddable":true,"href":"https:\/\/regbu.com\/ro\/wp-json\/wp\/v2\/tags?post=1277"}],"curies":[{"name":"wp","href":"https:\/\/api.w.org\/{rel}","templated":true}]}}