{"id":1221,"date":"2023-07-23T15:59:52","date_gmt":"2023-07-23T13:59:52","guid":{"rendered":"https:\/\/regbu.com\/?p=1221"},"modified":"2025-09-05T07:40:49","modified_gmt":"2025-09-05T05:40:49","slug":"pansky-opasek-musi-byt-spravne-dlouhy","status":"publish","type":"post","link":"https:\/\/regbu.com\/ro\/centura-barbatilor-trebuie-sa-fie-de-lungime-proprie\/","title":{"rendered":"Cureaua pentru b\u0103rba\u021bi trebuie s\u0103 aib\u0103 lungimea potrivit\u0103"},"content":{"rendered":"<p>O curea pentru b\u0103rba\u021bi este o parte popular\u0103 a pantalonilor pentru b\u0103rba\u021bi, precum \u0219i, de exemplu <strong><a href=\"https:\/\/regbu.com\/ro\/camasi-pentru-femei-putin-utilizabile-in-multe-feluri\/\">e\u0219arfe pentru femei<\/a><\/strong> pentru rochii de var\u0103. Unii ar putea crede c\u0103 alegerea curelei nu este foarte crucial\u0103, dar contrariul este adev\u0103rat. Acest lucru este de dou\u0103 ori mai adev\u0103rat \u00een cazul \u021binutelor formale, unde recunoa\u0219te\u021bi vizibil acest element.<\/p>\n\n\n\n<ul class=\"wp-block-list\">\n<li>Utilizare practic\u0103<\/li>\n\n\n\n<li>Utilizarea estetic\u0103<\/li>\n<\/ul>\n\n\n\n<p>Atunci c\u00e2nd alege\u021bi o curea pentru b\u0103rba\u021bi, ar trebui s\u0103 \u021bine\u021bi cont de mai mul\u021bi parametri importan\u021bi. Va fi cu siguran\u021b\u0103 alegerea materialului de fabrica\u021bie al centurii. O alt\u0103 parte esen\u021bial\u0103 a acesteia este <strong>catarama<\/strong>. \u00cen cele din urm\u0103, nu uita\u021bi de lungimea corect\u0103.<\/p>\n\n\n\n<h2 class=\"wp-block-heading\">Prelucrarea materialelor \u00een func\u021bie de ocazie<\/h2>\n\n\n\n<p>Probabil c\u0103 nu este nevoie s\u0103 explic\u0103m un lucru esen\u021bial pentru niciunul dintre cititorii no\u0219tri. Cu c\u00e2t evenimentul social este mai formal, cu at\u00e2t mai formal\u0103 este alegerea curelei. \u0218i, prin urmare, materialul folosit. O curea pentru un domn pentru o societate mai glamuroas\u0103 ar trebui s\u0103 fie <strong>confec\u021bionat din piele artificial\u0103<\/strong>. Este un pariu sigur. Opusul acestei situa\u021bii este reprezentat de \u00eent\u00e2lnirile mai pu\u021bin formale, unde pute\u021bi miza pe o \u021binut\u0103 casual. Atunci, curelele din piele de c\u0103prioar\u0103 sau chiar din material textil \u00ee\u0219i fac apari\u021bia.<\/p>\n\n\n\n<h3 class=\"wp-block-heading\">Centura pentru b\u0103rba\u021bi - \u00centreb\u0103ri \u0219i r\u0103spunsuri<\/h3>\n\n\n\n<p>Cu toate acestea, selec\u021bia unei noi centuri pentru b\u0103rba\u021bi nu se \u00eencheie cu informa\u021biile de mai sus, ci \u00eencepe. Ave\u021bi grij\u0103 s\u0103 ob\u021bine\u021bi <em>mai multe personaje diferite<\/em> <em>curele<\/em> \u00een func\u021bie de cercurile sociale pe care le frecventa\u021bi. R\u00e2ndurile de mai jos v\u0103 pot ajuta \u00een acest sens.<\/p>\n\n\n\n<div class=\"schema-faq wp-block-yoast-faq-block\"><div class=\"schema-faq-section\" id=\"faq-question-1690207207819\"><strong class=\"schema-faq-question\">Ce culoare de curea ar trebui s\u0103 aleg?<\/strong> <p class=\"schema-faq-answer\">Culoarea curelei b\u0103rb\u0103te\u0219ti trebuie s\u0103 se potriveasc\u0103 cu celelalte accesorii din piele din \u021binuta ta. Un exemplu tipic este o culoare similar\u0103 pentru pantofii formali.<\/p> <\/div> <div class=\"schema-faq-section\" id=\"faq-question-1690207213888\"><strong class=\"schema-faq-question\">Ce zici de culoarea cataramei de centur\u0103?<\/strong> <p class=\"schema-faq-answer\">Ave\u021bi grij\u0103 la un lucru cu catarama. Culoarea acesteia trebuie s\u0103 fie identic\u0103 cu cea a altor accesorii sub form\u0103 de curele de ceas, lan\u021buri \u0219i br\u0103\u021b\u0103ri metalice.<\/p> <\/div> <div class=\"schema-faq-section\" id=\"faq-question-1690207221535\"><strong class=\"schema-faq-question\">Cum de a perfora centura original\u0103?<\/strong> <p class=\"schema-faq-answer\">Combina\u021bi culoarea sa neobi\u0219nuit\u0103 cu o c\u0103ma\u0219\u0103 monocrom\u0103 \u0219i pantaloni uni.<\/p> <\/div> <div class=\"schema-faq-section\" id=\"faq-question-1690207229724\"><strong class=\"schema-faq-question\">Care ar trebui s\u0103 fie lungimea curelei?<\/strong> <p class=\"schema-faq-answer\">Exact cum trebuie. Pute\u021bi ajunge la valorile corecte prin m\u0103surarea circumferin\u021bei taliei. Cureaua este de obicei pu\u021bin mai lung\u0103 dec\u00e2t circumferin\u021ba, astfel \u00eenc\u00e2t s\u0103 o pute\u021bi introduce \u00een ochiul pantalonilor. Feri\u021bi-v\u0103 de o curea prea lung\u0103 \u0219i care ar putea s\u0103 plesneasc\u0103.<\/p> <\/div> <div class=\"schema-faq-section\" id=\"faq-question-1690207236250\"><strong class=\"schema-faq-question\">La ce s\u0103 fii atent c\u00e2nd por\u021bi o centur\u0103?<\/strong> <p class=\"schema-faq-answer\">Nu subestima\u021bi str\u00e2ngerea acestuia. Prea mult\u0103 str\u00e2ngere accentueaz\u0103 o burt\u0103 mai mare.<\/p> <\/div> <\/div>","protected":false},"excerpt":{"rendered":"<p>O curea pentru b\u0103rba\u021bi este o pies\u0103 c\u0103utat\u0103 la pantalonii b\u0103rb\u0103te\u0219ti, la fel ca \u0219i e\u0219arfele pentru femei cu rochiile de var\u0103. Unii ar putea crede c\u0103 alegerea curelei nu este foarte crucial\u0103, dar contrariul este adev\u0103rat. Acest lucru este de dou\u0103 ori mai adev\u0103rat \u00een cazul \u021binutelor formale, unde recunoa\u0219te\u021bi vizibil acest element. Atunci c\u00e2nd alege\u021bi o curea pentru b\u0103rba\u021bi, ar trebui s\u0103 \u021bine\u021bi cont de c\u00e2teva aspecte importante ... <\/p>","protected":false},"author":2,"featured_media":1222,"comment_status":"closed","ping_status":"closed","sticky":false,"template":"","format":"standard","meta":{"footnotes":""},"categories":[671],"tags":[740,1428,697,1430,1429,1411,1426,1425,1409,1427],"class_list":["post-1221","post","type-post","status-publish","format-standard","has-post-thumbnail","hentry","category-moda","tag-barva","tag-barva-opasku","tag-casual","tag-delka","tag-delka-opasku","tag-kuze","tag-opasek","tag-pansky-opasek","tag-pasek","tag-spona"],"yoast_head":"<!-- This site is optimized with the Yoast SEO plugin v27.4 - https:\/\/yoast.com\/product\/yoast-seo-wordpress\/ -->\n<title>P\u00e1nsk\u00fd opasek mus\u00ed b\u00fdt spr\u00e1vn\u011b dlouh\u00fd - REGBU.COM<\/title>\n<meta name=\"description\" content=\"Vsa\u010fte na ten spr\u00e1vn\u00fd p\u00e1nsk\u00fd opasek vhodn\u00fd pro konkr\u00e9tn\u00ed spole\u010denskou ud\u00e1lost. Prozrad\u00edme V\u00e1m, jak ho vybrat.\" \/>\n<meta name=\"robots\" content=\"index, follow, max-snippet:-1, max-image-preview:large, max-video-preview:-1\" \/>\n<link rel=\"canonical\" href=\"https:\/\/regbu.com\/ro\/centura-barbatilor-trebuie-sa-fie-de-lungime-proprie\/\" \/>\n<meta property=\"og:locale\" content=\"ro_RO\" \/>\n<meta property=\"og:type\" content=\"article\" \/>\n<meta property=\"og:title\" content=\"P\u00e1nsk\u00fd opasek mus\u00ed b\u00fdt spr\u00e1vn\u011b dlouh\u00fd - REGBU.COM\" \/>\n<meta property=\"og:description\" content=\"Vsa\u010fte na ten spr\u00e1vn\u00fd p\u00e1nsk\u00fd opasek vhodn\u00fd pro konkr\u00e9tn\u00ed spole\u010denskou ud\u00e1lost. Prozrad\u00edme V\u00e1m, jak ho vybrat.\" \/>\n<meta property=\"og:url\" content=\"https:\/\/regbu.com\/ro\/centura-barbatilor-trebuie-sa-fie-de-lungime-proprie\/\" \/>\n<meta property=\"og:site_name\" content=\"REGBU.COM\" \/>\n<meta property=\"article:published_time\" content=\"2023-07-23T13:59:52+00:00\" \/>\n<meta property=\"article:modified_time\" content=\"2025-09-05T05:40:49+00:00\" \/>\n<meta property=\"og:image\" content=\"https:\/\/regbu.com\/wp-content\/uploads\/2023\/07\/pansky-opasek-musi-byt-spravne-dlouhy.jpg\" \/>\n\t<meta property=\"og:image:width\" content=\"1200\" \/>\n\t<meta property=\"og:image:height\" content=\"676\" \/>\n\t<meta property=\"og:image:type\" content=\"image\/jpeg\" \/>\n<meta name=\"author\" content=\"George Martin\" \/>\n<meta name=\"twitter:card\" content=\"summary_large_image\" \/>\n<meta name=\"twitter:label1\" content=\"Scris de\" \/>\n\t<meta name=\"twitter:data1\" content=\"George Martin\" \/>\n\t<meta name=\"twitter:label2\" content=\"Timp estimat pentru citire\" \/>\n\t<meta name=\"twitter:data2\" content=\"2 minute\" \/>\n<script type=\"application\/ld+json\" class=\"yoast-schema-graph\">{\"@context\":\"https:\\\/\\\/schema.org\",\"@graph\":[{\"@type\":\"Article\",\"@id\":\"https:\\\/\\\/regbu.com\\\/ro\\\/centura-barbatilor-trebuie-sa-fie-de-lungime-proprie\\\/#article\",\"isPartOf\":{\"@id\":\"https:\\\/\\\/regbu.com\\\/ro\\\/centura-barbatilor-trebuie-sa-fie-de-lungime-proprie\\\/\"},\"author\":{\"name\":\"George Martin\",\"@id\":\"https:\\\/\\\/regbu.com\\\/en\\\/#\\\/schema\\\/person\\\/94ea9deda2629771b8a9ced002f6784e\"},\"headline\":\"P\u00e1nsk\u00fd opasek mus\u00ed b\u00fdt spr\u00e1vn\u011b dlouh\u00fd\",\"datePublished\":\"2023-07-23T13:59:52+00:00\",\"dateModified\":\"2025-09-05T05:40:49+00:00\",\"mainEntityOfPage\":{\"@id\":\"https:\\\/\\\/regbu.com\\\/ro\\\/centura-barbatilor-trebuie-sa-fie-de-lungime-proprie\\\/\"},\"wordCount\":477,\"image\":{\"@id\":\"https:\\\/\\\/regbu.com\\\/ro\\\/centura-barbatilor-trebuie-sa-fie-de-lungime-proprie\\\/#primaryimage\"},\"thumbnailUrl\":\"https:\\\/\\\/regbu.com\\\/wp-content\\\/uploads\\\/2023\\\/07\\\/pansky-opasek-musi-byt-spravne-dlouhy.jpg\",\"keywords\":[\"barva\",\"barva opasku\",\"Casual\",\"d\u00e9lka\",\"d\u00e9lka opasku\",\"k\u016f\u017ee\",\"opasek\",\"p\u00e1nsk\u00fd opasek\",\"p\u00e1sek\",\"spona\"],\"articleSection\":[\"M\u00f3da\"],\"inLanguage\":\"ro-RO\"},{\"@type\":[\"WebPage\",\"FAQPage\"],\"@id\":\"https:\\\/\\\/regbu.com\\\/ro\\\/centura-barbatilor-trebuie-sa-fie-de-lungime-proprie\\\/\",\"url\":\"https:\\\/\\\/regbu.com\\\/ro\\\/centura-barbatilor-trebuie-sa-fie-de-lungime-proprie\\\/\",\"name\":\"P\u00e1nsk\u00fd opasek mus\u00ed b\u00fdt spr\u00e1vn\u011b dlouh\u00fd - REGBU.COM\",\"isPartOf\":{\"@id\":\"https:\\\/\\\/regbu.com\\\/en\\\/#website\"},\"primaryImageOfPage\":{\"@id\":\"https:\\\/\\\/regbu.com\\\/ro\\\/centura-barbatilor-trebuie-sa-fie-de-lungime-proprie\\\/#primaryimage\"},\"image\":{\"@id\":\"https:\\\/\\\/regbu.com\\\/ro\\\/centura-barbatilor-trebuie-sa-fie-de-lungime-proprie\\\/#primaryimage\"},\"thumbnailUrl\":\"https:\\\/\\\/regbu.com\\\/wp-content\\\/uploads\\\/2023\\\/07\\\/pansky-opasek-musi-byt-spravne-dlouhy.jpg\",\"datePublished\":\"2023-07-23T13:59:52+00:00\",\"dateModified\":\"2025-09-05T05:40:49+00:00\",\"author\":{\"@id\":\"https:\\\/\\\/regbu.com\\\/en\\\/#\\\/schema\\\/person\\\/94ea9deda2629771b8a9ced002f6784e\"},\"description\":\"Vsa\u010fte na ten spr\u00e1vn\u00fd p\u00e1nsk\u00fd opasek vhodn\u00fd pro konkr\u00e9tn\u00ed spole\u010denskou ud\u00e1lost. Prozrad\u00edme V\u00e1m, jak ho vybrat.\",\"breadcrumb\":{\"@id\":\"https:\\\/\\\/regbu.com\\\/ro\\\/centura-barbatilor-trebuie-sa-fie-de-lungime-proprie\\\/#breadcrumb\"},\"mainEntity\":[{\"@id\":\"https:\\\/\\\/regbu.com\\\/ro\\\/centura-barbatilor-trebuie-sa-fie-de-lungime-proprie\\\/#faq-question-1690207207819\"},{\"@id\":\"https:\\\/\\\/regbu.com\\\/ro\\\/centura-barbatilor-trebuie-sa-fie-de-lungime-proprie\\\/#faq-question-1690207213888\"},{\"@id\":\"https:\\\/\\\/regbu.com\\\/ro\\\/centura-barbatilor-trebuie-sa-fie-de-lungime-proprie\\\/#faq-question-1690207221535\"},{\"@id\":\"https:\\\/\\\/regbu.com\\\/ro\\\/centura-barbatilor-trebuie-sa-fie-de-lungime-proprie\\\/#faq-question-1690207229724\"},{\"@id\":\"https:\\\/\\\/regbu.com\\\/ro\\\/centura-barbatilor-trebuie-sa-fie-de-lungime-proprie\\\/#faq-question-1690207236250\"}],\"inLanguage\":\"ro-RO\",\"potentialAction\":[{\"@type\":\"ReadAction\",\"target\":[\"https:\\\/\\\/regbu.com\\\/ro\\\/centura-barbatilor-trebuie-sa-fie-de-lungime-proprie\\\/\"]}]},{\"@type\":\"ImageObject\",\"inLanguage\":\"ro-RO\",\"@id\":\"https:\\\/\\\/regbu.com\\\/ro\\\/centura-barbatilor-trebuie-sa-fie-de-lungime-proprie\\\/#primaryimage\",\"url\":\"https:\\\/\\\/regbu.com\\\/wp-content\\\/uploads\\\/2023\\\/07\\\/pansky-opasek-musi-byt-spravne-dlouhy.jpg\",\"contentUrl\":\"https:\\\/\\\/regbu.com\\\/wp-content\\\/uploads\\\/2023\\\/07\\\/pansky-opasek-musi-byt-spravne-dlouhy.jpg\",\"width\":1200,\"height\":676,\"caption\":\"P\u00e1nsk\u00fd opasek mus\u00ed b\u00fdt spr\u00e1vn\u011b dlouh\u00fd\"},{\"@type\":\"BreadcrumbList\",\"@id\":\"https:\\\/\\\/regbu.com\\\/ro\\\/centura-barbatilor-trebuie-sa-fie-de-lungime-proprie\\\/#breadcrumb\",\"itemListElement\":[{\"@type\":\"ListItem\",\"position\":1,\"name\":\"Home\",\"item\":\"https:\\\/\\\/regbu.com\\\/en\\\/\"},{\"@type\":\"ListItem\",\"position\":2,\"name\":\"P\u00e1nsk\u00fd opasek mus\u00ed b\u00fdt spr\u00e1vn\u011b dlouh\u00fd\"}]},{\"@type\":\"WebSite\",\"@id\":\"https:\\\/\\\/regbu.com\\\/en\\\/#website\",\"url\":\"https:\\\/\\\/regbu.com\\\/en\\\/\",\"name\":\"REGBU.COM\",\"description\":\"\",\"potentialAction\":[{\"@type\":\"SearchAction\",\"target\":{\"@type\":\"EntryPoint\",\"urlTemplate\":\"https:\\\/\\\/regbu.com\\\/en\\\/?s={search_term_string}\"},\"query-input\":{\"@type\":\"PropertyValueSpecification\",\"valueRequired\":true,\"valueName\":\"search_term_string\"}}],\"inLanguage\":\"ro-RO\"},{\"@type\":\"Person\",\"@id\":\"https:\\\/\\\/regbu.com\\\/en\\\/#\\\/schema\\\/person\\\/94ea9deda2629771b8a9ced002f6784e\",\"name\":\"George Martin\",\"url\":\"https:\\\/\\\/regbu.com\\\/ro\\\/author\\\/george-martin\\\/\"},{\"@type\":\"Question\",\"@id\":\"https:\\\/\\\/regbu.com\\\/ro\\\/centura-barbatilor-trebuie-sa-fie-de-lungime-proprie\\\/#faq-question-1690207207819\",\"position\":1,\"url\":\"https:\\\/\\\/regbu.com\\\/ro\\\/centura-barbatilor-trebuie-sa-fie-de-lungime-proprie\\\/#faq-question-1690207207819\",\"name\":\"Jakou zvolit barvu opasku?\",\"answerCount\":1,\"acceptedAnswer\":{\"@type\":\"Answer\",\"text\":\"Barevn\u00e9 proveden\u00ed p\u00e1nsk\u00e9ho opasku by m\u011blo korespondovat s ostatn\u00edmi ko\u017een\u00fdmi dopl\u0148ky Va\u0161eho o\u0161acen\u00ed. Typick\u00fdm p\u0159\u00edkladem je podobn\u00e1 barva spole\u010densk\u00fdch bot.\",\"inLanguage\":\"ro-RO\"},\"inLanguage\":\"ro-RO\"},{\"@type\":\"Question\",\"@id\":\"https:\\\/\\\/regbu.com\\\/ro\\\/centura-barbatilor-trebuie-sa-fie-de-lungime-proprie\\\/#faq-question-1690207213888\",\"position\":2,\"url\":\"https:\\\/\\\/regbu.com\\\/ro\\\/centura-barbatilor-trebuie-sa-fie-de-lungime-proprie\\\/#faq-question-1690207213888\",\"name\":\"Jak je to s barvou spony na opasku?\",\"answerCount\":1,\"acceptedAnswer\":{\"@type\":\"Answer\",\"text\":\"U spony si pohl\u00eddejte jedin\u00e9. Jej\u00ed barva byla b\u00fdt toto\u017en\u00e1 s ostatn\u00edmi dopl\u0148ky v podob\u011b kovov\u00e9ho \u0159em\u00ednku od hodinek, \u0159et\u00edzk\u016f a n\u00e1ramk\u016f na ruce.\",\"inLanguage\":\"ro-RO\"},\"inLanguage\":\"ro-RO\"},{\"@type\":\"Question\",\"@id\":\"https:\\\/\\\/regbu.com\\\/ro\\\/centura-barbatilor-trebuie-sa-fie-de-lungime-proprie\\\/#faq-question-1690207221535\",\"position\":3,\"url\":\"https:\\\/\\\/regbu.com\\\/ro\\\/centura-barbatilor-trebuie-sa-fie-de-lungime-proprie\\\/#faq-question-1690207221535\",\"name\":\"Jak vyp\u00edchnout origin\u00e1ln\u00ed p\u00e1sek?\",\"answerCount\":1,\"acceptedAnswer\":{\"@type\":\"Answer\",\"text\":\"Jeho nev\u0161edn\u00ed barvu zkombinujte s jednobarevnou ko\u0161il\u00ed a hladk\u00fdmi kalhotami.\",\"inLanguage\":\"ro-RO\"},\"inLanguage\":\"ro-RO\"},{\"@type\":\"Question\",\"@id\":\"https:\\\/\\\/regbu.com\\\/ro\\\/centura-barbatilor-trebuie-sa-fie-de-lungime-proprie\\\/#faq-question-1690207229724\",\"position\":4,\"url\":\"https:\\\/\\\/regbu.com\\\/ro\\\/centura-barbatilor-trebuie-sa-fie-de-lungime-proprie\\\/#faq-question-1690207229724\",\"name\":\"Jak\u00e1 m\u00e1 b\u00fdt d\u00e9lka opasku?\",\"answerCount\":1,\"acceptedAnswer\":{\"@type\":\"Answer\",\"text\":\"Tak akor\u00e1t. Ke spr\u00e1vn\u00fdm hodnot\u00e1m se dopracujete, kdy\u017e si zm\u011b\u0159\u00edte obvod pasu. Opasek b\u00fdv\u00e1 o n\u011bco del\u0161\u00ed, ne\u017e je obvod, abyste ho zasunuli do oka u kalhot. Pozor na p\u0159\u00edli\u0161 dlouh\u00fd opasek, kter\u00fd by mohl plandat.\",\"inLanguage\":\"ro-RO\"},\"inLanguage\":\"ro-RO\"},{\"@type\":\"Question\",\"@id\":\"https:\\\/\\\/regbu.com\\\/ro\\\/centura-barbatilor-trebuie-sa-fie-de-lungime-proprie\\\/#faq-question-1690207236250\",\"position\":5,\"url\":\"https:\\\/\\\/regbu.com\\\/ro\\\/centura-barbatilor-trebuie-sa-fie-de-lungime-proprie\\\/#faq-question-1690207236250\",\"name\":\"Co si pohl\u00eddat p\u0159i no\u0161en\u00ed opasku?\",\"answerCount\":1,\"acceptedAnswer\":{\"@type\":\"Answer\",\"text\":\"Nepodce\u0148ujte jeho uta\u017een\u00ed. P\u0159\u00edli\u0161n\u00e9 uta\u017een\u00ed toti\u017e zv\u00fdraz\u0148uje v\u011bt\u0161\u00ed b\u0159icho.\",\"inLanguage\":\"ro-RO\"},\"inLanguage\":\"ro-RO\"}]}<\/script>\n<!-- \/ Yoast SEO plugin. -->","yoast_head_json":{"title":"Cureaua pentru b\u0103rba\u021bi trebuie s\u0103 aib\u0103 lungimea potrivit\u0103 - REGBU.COM","description":"Paria\u021bi pe centura b\u0103rb\u0103teasc\u0103 potrivit\u0103 pentru un anumit eveniment social. V\u0103 vom spune cum s\u0103 alege\u021bi una.","robots":{"index":"index","follow":"follow","max-snippet":"max-snippet:-1","max-image-preview":"max-image-preview:large","max-video-preview":"max-video-preview:-1"},"canonical":"https:\/\/regbu.com\/ro\/centura-barbatilor-trebuie-sa-fie-de-lungime-proprie\/","og_locale":"ro_RO","og_type":"article","og_title":"P\u00e1nsk\u00fd opasek mus\u00ed b\u00fdt spr\u00e1vn\u011b dlouh\u00fd - REGBU.COM","og_description":"Vsa\u010fte na ten spr\u00e1vn\u00fd p\u00e1nsk\u00fd opasek vhodn\u00fd pro konkr\u00e9tn\u00ed spole\u010denskou ud\u00e1lost. Prozrad\u00edme V\u00e1m, jak ho vybrat.","og_url":"https:\/\/regbu.com\/ro\/centura-barbatilor-trebuie-sa-fie-de-lungime-proprie\/","og_site_name":"REGBU.COM","article_published_time":"2023-07-23T13:59:52+00:00","article_modified_time":"2025-09-05T05:40:49+00:00","og_image":[{"width":1200,"height":676,"url":"https:\/\/regbu.com\/wp-content\/uploads\/2023\/07\/pansky-opasek-musi-byt-spravne-dlouhy.jpg","type":"image\/jpeg"}],"author":"George Martin","twitter_card":"summary_large_image","twitter_misc":{"Scris de":"George Martin","Timp estimat pentru citire":"2 minute"},"schema":{"@context":"https:\/\/schema.org","@graph":[{"@type":"Article","@id":"https:\/\/regbu.com\/ro\/centura-barbatilor-trebuie-sa-fie-de-lungime-proprie\/#article","isPartOf":{"@id":"https:\/\/regbu.com\/ro\/centura-barbatilor-trebuie-sa-fie-de-lungime-proprie\/"},"author":{"name":"George Martin","@id":"https:\/\/regbu.com\/en\/#\/schema\/person\/94ea9deda2629771b8a9ced002f6784e"},"headline":"P\u00e1nsk\u00fd opasek mus\u00ed b\u00fdt spr\u00e1vn\u011b dlouh\u00fd","datePublished":"2023-07-23T13:59:52+00:00","dateModified":"2025-09-05T05:40:49+00:00","mainEntityOfPage":{"@id":"https:\/\/regbu.com\/ro\/centura-barbatilor-trebuie-sa-fie-de-lungime-proprie\/"},"wordCount":477,"image":{"@id":"https:\/\/regbu.com\/ro\/centura-barbatilor-trebuie-sa-fie-de-lungime-proprie\/#primaryimage"},"thumbnailUrl":"https:\/\/regbu.com\/wp-content\/uploads\/2023\/07\/pansky-opasek-musi-byt-spravne-dlouhy.jpg","keywords":["barva","barva opasku","Casual","d\u00e9lka","d\u00e9lka opasku","k\u016f\u017ee","opasek","p\u00e1nsk\u00fd opasek","p\u00e1sek","spona"],"articleSection":["M\u00f3da"],"inLanguage":"ro-RO"},{"@type":["WebPage","FAQPage"],"@id":"https:\/\/regbu.com\/ro\/centura-barbatilor-trebuie-sa-fie-de-lungime-proprie\/","url":"https:\/\/regbu.com\/ro\/centura-barbatilor-trebuie-sa-fie-de-lungime-proprie\/","name":"Cureaua pentru b\u0103rba\u021bi trebuie s\u0103 aib\u0103 lungimea potrivit\u0103 - REGBU.COM","isPartOf":{"@id":"https:\/\/regbu.com\/en\/#website"},"primaryImageOfPage":{"@id":"https:\/\/regbu.com\/ro\/centura-barbatilor-trebuie-sa-fie-de-lungime-proprie\/#primaryimage"},"image":{"@id":"https:\/\/regbu.com\/ro\/centura-barbatilor-trebuie-sa-fie-de-lungime-proprie\/#primaryimage"},"thumbnailUrl":"https:\/\/regbu.com\/wp-content\/uploads\/2023\/07\/pansky-opasek-musi-byt-spravne-dlouhy.jpg","datePublished":"2023-07-23T13:59:52+00:00","dateModified":"2025-09-05T05:40:49+00:00","author":{"@id":"https:\/\/regbu.com\/en\/#\/schema\/person\/94ea9deda2629771b8a9ced002f6784e"},"description":"Paria\u021bi pe centura b\u0103rb\u0103teasc\u0103 potrivit\u0103 pentru un anumit eveniment social. V\u0103 vom spune cum s\u0103 alege\u021bi una.","breadcrumb":{"@id":"https:\/\/regbu.com\/ro\/centura-barbatilor-trebuie-sa-fie-de-lungime-proprie\/#breadcrumb"},"mainEntity":[{"@id":"https:\/\/regbu.com\/ro\/centura-barbatilor-trebuie-sa-fie-de-lungime-proprie\/#faq-question-1690207207819"},{"@id":"https:\/\/regbu.com\/ro\/centura-barbatilor-trebuie-sa-fie-de-lungime-proprie\/#faq-question-1690207213888"},{"@id":"https:\/\/regbu.com\/ro\/centura-barbatilor-trebuie-sa-fie-de-lungime-proprie\/#faq-question-1690207221535"},{"@id":"https:\/\/regbu.com\/ro\/centura-barbatilor-trebuie-sa-fie-de-lungime-proprie\/#faq-question-1690207229724"},{"@id":"https:\/\/regbu.com\/ro\/centura-barbatilor-trebuie-sa-fie-de-lungime-proprie\/#faq-question-1690207236250"}],"inLanguage":"ro-RO","potentialAction":[{"@type":"ReadAction","target":["https:\/\/regbu.com\/ro\/centura-barbatilor-trebuie-sa-fie-de-lungime-proprie\/"]}]},{"@type":"ImageObject","inLanguage":"ro-RO","@id":"https:\/\/regbu.com\/ro\/centura-barbatilor-trebuie-sa-fie-de-lungime-proprie\/#primaryimage","url":"https:\/\/regbu.com\/wp-content\/uploads\/2023\/07\/pansky-opasek-musi-byt-spravne-dlouhy.jpg","contentUrl":"https:\/\/regbu.com\/wp-content\/uploads\/2023\/07\/pansky-opasek-musi-byt-spravne-dlouhy.jpg","width":1200,"height":676,"caption":"P\u00e1nsk\u00fd opasek mus\u00ed b\u00fdt spr\u00e1vn\u011b dlouh\u00fd"},{"@type":"BreadcrumbList","@id":"https:\/\/regbu.com\/ro\/centura-barbatilor-trebuie-sa-fie-de-lungime-proprie\/#breadcrumb","itemListElement":[{"@type":"ListItem","position":1,"name":"Home","item":"https:\/\/regbu.com\/en\/"},{"@type":"ListItem","position":2,"name":"P\u00e1nsk\u00fd opasek mus\u00ed b\u00fdt spr\u00e1vn\u011b dlouh\u00fd"}]},{"@type":"WebSite","@id":"https:\/\/regbu.com\/en\/#website","url":"https:\/\/regbu.com\/en\/","name":"REGBU.COM","description":"","potentialAction":[{"@type":"SearchAction","target":{"@type":"EntryPoint","urlTemplate":"https:\/\/regbu.com\/en\/?s={search_term_string}"},"query-input":{"@type":"PropertyValueSpecification","valueRequired":true,"valueName":"search_term_string"}}],"inLanguage":"ro-RO"},{"@type":"Person","@id":"https:\/\/regbu.com\/en\/#\/schema\/person\/94ea9deda2629771b8a9ced002f6784e","name":"George Martin","url":"https:\/\/regbu.com\/ro\/author\/george-martin\/"},{"@type":"Question","@id":"https:\/\/regbu.com\/ro\/centura-barbatilor-trebuie-sa-fie-de-lungime-proprie\/#faq-question-1690207207819","position":1,"url":"https:\/\/regbu.com\/ro\/centura-barbatilor-trebuie-sa-fie-de-lungime-proprie\/#faq-question-1690207207819","name":"Ce culoare de curea ar trebui s\u0103 aleg?","answerCount":1,"acceptedAnswer":{"@type":"Answer","text":"Barevn\u00e9 proveden\u00ed p\u00e1nsk\u00e9ho opasku by m\u011blo korespondovat s ostatn\u00edmi ko\u017een\u00fdmi dopl\u0148ky Va\u0161eho o\u0161acen\u00ed. Typick\u00fdm p\u0159\u00edkladem je podobn\u00e1 barva spole\u010densk\u00fdch bot.","inLanguage":"ro-RO"},"inLanguage":"ro-RO"},{"@type":"Question","@id":"https:\/\/regbu.com\/ro\/centura-barbatilor-trebuie-sa-fie-de-lungime-proprie\/#faq-question-1690207213888","position":2,"url":"https:\/\/regbu.com\/ro\/centura-barbatilor-trebuie-sa-fie-de-lungime-proprie\/#faq-question-1690207213888","name":"Ce zici de culoarea cataramei de centur\u0103?","answerCount":1,"acceptedAnswer":{"@type":"Answer","text":"U spony si pohl\u00eddejte jedin\u00e9. Jej\u00ed barva byla b\u00fdt toto\u017en\u00e1 s ostatn\u00edmi dopl\u0148ky v podob\u011b kovov\u00e9ho \u0159em\u00ednku od hodinek, \u0159et\u00edzk\u016f a n\u00e1ramk\u016f na ruce.","inLanguage":"ro-RO"},"inLanguage":"ro-RO"},{"@type":"Question","@id":"https:\/\/regbu.com\/ro\/centura-barbatilor-trebuie-sa-fie-de-lungime-proprie\/#faq-question-1690207221535","position":3,"url":"https:\/\/regbu.com\/ro\/centura-barbatilor-trebuie-sa-fie-de-lungime-proprie\/#faq-question-1690207221535","name":"Cum de a perfora centura original\u0103?","answerCount":1,"acceptedAnswer":{"@type":"Answer","text":"Jeho nev\u0161edn\u00ed barvu zkombinujte s jednobarevnou ko\u0161il\u00ed a hladk\u00fdmi kalhotami.","inLanguage":"ro-RO"},"inLanguage":"ro-RO"},{"@type":"Question","@id":"https:\/\/regbu.com\/ro\/centura-barbatilor-trebuie-sa-fie-de-lungime-proprie\/#faq-question-1690207229724","position":4,"url":"https:\/\/regbu.com\/ro\/centura-barbatilor-trebuie-sa-fie-de-lungime-proprie\/#faq-question-1690207229724","name":"Care ar trebui s\u0103 fie lungimea curelei?","answerCount":1,"acceptedAnswer":{"@type":"Answer","text":"Tak akor\u00e1t. Ke spr\u00e1vn\u00fdm hodnot\u00e1m se dopracujete, kdy\u017e si zm\u011b\u0159\u00edte obvod pasu. Opasek b\u00fdv\u00e1 o n\u011bco del\u0161\u00ed, ne\u017e je obvod, abyste ho zasunuli do oka u kalhot. Pozor na p\u0159\u00edli\u0161 dlouh\u00fd opasek, kter\u00fd by mohl plandat.","inLanguage":"ro-RO"},"inLanguage":"ro-RO"},{"@type":"Question","@id":"https:\/\/regbu.com\/ro\/centura-barbatilor-trebuie-sa-fie-de-lungime-proprie\/#faq-question-1690207236250","position":5,"url":"https:\/\/regbu.com\/ro\/centura-barbatilor-trebuie-sa-fie-de-lungime-proprie\/#faq-question-1690207236250","name":"La ce s\u0103 fii atent c\u00e2nd por\u021bi o centur\u0103?","answerCount":1,"acceptedAnswer":{"@type":"Answer","text":"Nepodce\u0148ujte jeho uta\u017een\u00ed. P\u0159\u00edli\u0161n\u00e9 uta\u017een\u00ed toti\u017e zv\u00fdraz\u0148uje v\u011bt\u0161\u00ed b\u0159icho.","inLanguage":"ro-RO"},"inLanguage":"ro-RO"}]}},"_links":{"self":[{"href":"https:\/\/regbu.com\/ro\/wp-json\/wp\/v2\/posts\/1221","targetHints":{"allow":["GET"]}}],"collection":[{"href":"https:\/\/regbu.com\/ro\/wp-json\/wp\/v2\/posts"}],"about":[{"href":"https:\/\/regbu.com\/ro\/wp-json\/wp\/v2\/types\/post"}],"author":[{"embeddable":true,"href":"https:\/\/regbu.com\/ro\/wp-json\/wp\/v2\/users\/2"}],"replies":[{"embeddable":true,"href":"https:\/\/regbu.com\/ro\/wp-json\/wp\/v2\/comments?post=1221"}],"version-history":[{"count":2,"href":"https:\/\/regbu.com\/ro\/wp-json\/wp\/v2\/posts\/1221\/revisions"}],"predecessor-version":[{"id":1232,"href":"https:\/\/regbu.com\/ro\/wp-json\/wp\/v2\/posts\/1221\/revisions\/1232"}],"wp:featuredmedia":[{"embeddable":true,"href":"https:\/\/regbu.com\/ro\/wp-json\/wp\/v2\/media\/1222"}],"wp:attachment":[{"href":"https:\/\/regbu.com\/ro\/wp-json\/wp\/v2\/media?parent=1221"}],"wp:term":[{"taxonomy":"category","embeddable":true,"href":"https:\/\/regbu.com\/ro\/wp-json\/wp\/v2\/categories?post=1221"},{"taxonomy":"post_tag","embeddable":true,"href":"https:\/\/regbu.com\/ro\/wp-json\/wp\/v2\/tags?post=1221"}],"curies":[{"name":"wp","href":"https:\/\/api.w.org\/{rel}","templated":true}]}}