{"id":996,"date":"2023-07-10T16:38:57","date_gmt":"2023-07-10T14:38:57","guid":{"rendered":"https:\/\/regbu.com\/?p=996"},"modified":"2025-09-05T07:41:23","modified_gmt":"2025-09-05T05:41:23","slug":"motylek-jako-ikona-spolecenskeho-odevu","status":"publish","type":"post","link":"https:\/\/regbu.com\/pt\/hoe-as-icon-of-solar-clothing\/","title":{"rendered":"O la\u00e7o como \u00edcone do traje formal"},"content":{"rendered":"<p>O la\u00e7o \u00e9 uma parte integrante do <strong><a href=\"https:\/\/regbu.com\/pt\/fato-social-selecionar-agora\/\">fato formal<\/a><\/strong>Acho que n\u00e3o vale a pena discutir. Muitos usam-no mesmo com roupas mais formais. Na maioria das vezes, faz parte do vestu\u00e1rio masculino, embora n\u00e3o haja limites para a extravag\u00e2ncia e a criatividade.<\/p>\n\n\n\n<ul class=\"wp-block-list\">\n<li>Aperta \u00e0 volta do colarinho<\/li>\n\n\n\n<li>\u00c9 utilizada h\u00e1 mais de quatro s\u00e9culos<\/li>\n\n\n\n<li>Uma exce\u00e7\u00e3o s\u00e3o os la\u00e7os para crian\u00e7as<\/li>\n<\/ul>\n\n\n\n<p>Poucas pessoas sabem tamb\u00e9m que existe um pormenor relacionado com o la\u00e7o enquanto tal, que diz respeito ao seu comprimento. Este deve corresponder, em grande parte, \u00e0 dist\u00e2ncia entre as suas sobrancelhas.<\/p>\n\n\n\n<h2 class=\"wp-block-heading\">Borboleta e seus materiais de produ\u00e7\u00e3o<\/h2>\n\n\n\n<p>Se olhar para um la\u00e7o pela primeira vez, \u00e9 muito prov\u00e1vel que comece a perguntar-se de que \u00e9 feito. Provavelmente, todos adivinham corretamente que <em>o material mais popular \u00e9 o t\u00eaxtil<\/em>...e depois a subst\u00e2ncia. Para al\u00e9m do algod\u00e3o cl\u00e1ssico, tamb\u00e9m pode encontrar uma variedade de outros tecidos.<\/p>\n\n\n\n<figure class=\"wp-block-table\"><table><tbody><tr><td><strong>Subst\u00e2ncia<\/strong><\/td><td><strong>Informa\u00e7\u00f5es<\/strong><\/td><\/tr><tr><td>Poli\u00e9ster<\/td><td>Op\u00e7\u00e3o mais barata<\/td><\/tr><tr><td>Cetim<\/td><td>Solu\u00e7\u00f5es superiores<\/td><\/tr><tr><td>Seda<\/td><td>Uma vers\u00e3o mais festiva<\/td><\/tr><tr><td>L\u00e3<\/td><td>Material menos comum<\/td><\/tr><\/tbody><\/table><figcaption class=\"wp-element-caption\">O material de produ\u00e7\u00e3o mais comum para os la\u00e7os sociais.<\/figcaption><\/figure>\n\n\n\n<p>\u00c9 claro que tamb\u00e9m \u00e9 poss\u00edvel encontrar materiais de produ\u00e7\u00e3o menos tradicionais. Por exemplo, podemos mencionar os recentemente muito populares la\u00e7os de madeira. O papel, o vidro e o metal n\u00e3o s\u00e3o exce\u00e7\u00e3o. Em todos eles, o principal objetivo \u00e9 a originalidade e a extravag\u00e2ncia.<\/p>\n\n\n\n<h3 class=\"wp-block-heading\">Diferentes formas de atar o la\u00e7o<\/h3>\n\n\n\n<p>O la\u00e7o divide-se, na sua base, de acordo com o m\u00e9todo de atar. Uma das variantes \u00e9 <strong>la\u00e7o pr\u00e9-amarrado<\/strong>. Uma vers\u00e3o muito mais antiga \u00e9 o la\u00e7o com n\u00f3. A sua largura \u00e9 de cerca de sete cent\u00edmetros, a sua altura \u00e9 de cerca de tr\u00eas cent\u00edmetros e \u00e9 feito de uma \u00fanica pe\u00e7a de tecido. \u00c9 necess\u00e1ria uma certa habilidade para o atar, em compara\u00e7\u00e3o com a vers\u00e3o pr\u00e9-amarrada. Esta s\u00f3 precisa de ser apertada \u00e0 volta do pesco\u00e7o. O la\u00e7o cl\u00e1ssico pode ser atado de v\u00e1rias maneiras diferentes.<\/p>\n\n\n\n<p>Para al\u00e9m dos cl\u00e1ssicos la\u00e7os conhecidos como bow-tie, existem tamb\u00e9m vers\u00f5es altas conhecidas como <strong>borboleta<\/strong>. Fazem uma impress\u00e3o literalmente imperd\u00edvel no pesco\u00e7o de um homem. O oposto disto s\u00e3o os la\u00e7os baixos chamados bat-wing. Especialmente nos Estados Unidos da Am\u00e9rica e no M\u00e9xico, encontrar\u00e1 la\u00e7os que tamb\u00e9m t\u00eam uma extremidade alargada. S\u00e3o os chamados \"string ties\". Qualquer que seja o la\u00e7o que escolher, ter\u00e1 sempre um aspeto elegante.<\/p>","protected":false},"excerpt":{"rendered":"<p>Um la\u00e7o \u00e9 parte integrante de um fato formal, provavelmente n\u00e3o vale a pena discutir isso. Muitos at\u00e9 o usam com roupas mais formais. Na maioria das vezes, faz parte do vestu\u00e1rio masculino, embora n\u00e3o haja limites para a extravag\u00e2ncia e a criatividade. Poucas pessoas sabem tamb\u00e9m que o la\u00e7o, enquanto tal, est\u00e1 relacionado com uma engenhoca relacionada com o seu comprimento. ... <\/p>","protected":false},"author":2,"featured_media":997,"comment_status":"closed","ping_status":"closed","sticky":false,"template":"","format":"standard","meta":{"footnotes":""},"categories":[671],"tags":[998,685,995,996,1000,1001,997,1002,1003,999],"class_list":["post-996","post","type-post","status-publish","format-standard","has-post-thumbnail","hentry","category-moda","tag-hedvabi","tag-limecek","tag-motylek","tag-polyester","tag-predvazany","tag-predvazany-motylek","tag-saten","tag-vazany","tag-vazany-motylek","tag-vlna"],"yoast_head":"<!-- This site is optimized with the Yoast SEO plugin v27.4 - https:\/\/yoast.com\/product\/yoast-seo-wordpress\/ -->\n<title>Mot\u00fdlek jako ikona spole\u010densk\u00e9ho od\u011bvu - REGBU.COM<\/title>\n<meta name=\"description\" content=\"Mot\u00fdlek je d\u016fle\u017eitou sou\u010d\u00e1st\u00ed spole\u010densk\u00e9ho od\u011bvu. Zjist\u011bte o tomto elegantn\u00edm dopl\u0148ku v\u00edce praktick\u00fdch informac\u00ed.\" \/>\n<meta name=\"robots\" content=\"index, follow, max-snippet:-1, max-image-preview:large, max-video-preview:-1\" \/>\n<link rel=\"canonical\" href=\"https:\/\/regbu.com\/pt\/hoe-as-icon-of-solar-clothing\/\" \/>\n<meta property=\"og:locale\" content=\"pt_PT\" \/>\n<meta property=\"og:type\" content=\"article\" \/>\n<meta property=\"og:title\" content=\"Mot\u00fdlek jako ikona spole\u010densk\u00e9ho od\u011bvu - REGBU.COM\" \/>\n<meta property=\"og:description\" content=\"Mot\u00fdlek je d\u016fle\u017eitou sou\u010d\u00e1st\u00ed spole\u010densk\u00e9ho od\u011bvu. Zjist\u011bte o tomto elegantn\u00edm dopl\u0148ku v\u00edce praktick\u00fdch informac\u00ed.\" \/>\n<meta property=\"og:url\" content=\"https:\/\/regbu.com\/pt\/hoe-as-icon-of-solar-clothing\/\" \/>\n<meta property=\"og:site_name\" content=\"REGBU.COM\" \/>\n<meta property=\"article:published_time\" content=\"2023-07-10T14:38:57+00:00\" \/>\n<meta property=\"article:modified_time\" content=\"2025-09-05T05:41:23+00:00\" \/>\n<meta property=\"og:image\" content=\"https:\/\/regbu.com\/wp-content\/uploads\/2023\/07\/motylek-jako-ikona-spolecenskeho-odevu.jpg\" \/>\n\t<meta property=\"og:image:width\" content=\"1200\" \/>\n\t<meta property=\"og:image:height\" content=\"676\" \/>\n\t<meta property=\"og:image:type\" content=\"image\/jpeg\" \/>\n<meta name=\"author\" content=\"George Martin\" \/>\n<meta name=\"twitter:card\" content=\"summary_large_image\" \/>\n<meta name=\"twitter:label1\" content=\"Escrito por\" \/>\n\t<meta name=\"twitter:data1\" content=\"George Martin\" \/>\n\t<meta name=\"twitter:label2\" content=\"Tempo estimado de leitura\" \/>\n\t<meta name=\"twitter:data2\" content=\"2 minutos\" \/>\n<script type=\"application\/ld+json\" class=\"yoast-schema-graph\">{\"@context\":\"https:\\\/\\\/schema.org\",\"@graph\":[{\"@type\":\"Article\",\"@id\":\"https:\\\/\\\/regbu.com\\\/pt\\\/hoe-as-icon-of-solar-clothing\\\/#article\",\"isPartOf\":{\"@id\":\"https:\\\/\\\/regbu.com\\\/pt\\\/hoe-as-icon-of-solar-clothing\\\/\"},\"author\":{\"name\":\"George Martin\",\"@id\":\"https:\\\/\\\/regbu.com\\\/en\\\/#\\\/schema\\\/person\\\/94ea9deda2629771b8a9ced002f6784e\"},\"headline\":\"Mot\u00fdlek jako ikona spole\u010densk\u00e9ho od\u011bvu\",\"datePublished\":\"2023-07-10T14:38:57+00:00\",\"dateModified\":\"2025-09-05T05:41:23+00:00\",\"mainEntityOfPage\":{\"@id\":\"https:\\\/\\\/regbu.com\\\/pt\\\/hoe-as-icon-of-solar-clothing\\\/\"},\"wordCount\":482,\"image\":{\"@id\":\"https:\\\/\\\/regbu.com\\\/pt\\\/hoe-as-icon-of-solar-clothing\\\/#primaryimage\"},\"thumbnailUrl\":\"https:\\\/\\\/regbu.com\\\/wp-content\\\/uploads\\\/2023\\\/07\\\/motylek-jako-ikona-spolecenskeho-odevu.jpg\",\"keywords\":[\"hedv\u00e1b\u00ed\",\"l\u00edme\u010dek\",\"mot\u00fdlek\",\"polyester\",\"p\u0159edv\u00e1zan\u00fd\",\"p\u0159edv\u00e1zan\u00fd mot\u00fdlek\",\"sat\u00e9n\",\"v\u00e1zan\u00fd\",\"v\u00e1zan\u00fd mot\u00fdlek\",\"vlna\"],\"articleSection\":[\"M\u00f3da\"],\"inLanguage\":\"pt-PT\"},{\"@type\":\"WebPage\",\"@id\":\"https:\\\/\\\/regbu.com\\\/pt\\\/hoe-as-icon-of-solar-clothing\\\/\",\"url\":\"https:\\\/\\\/regbu.com\\\/pt\\\/hoe-as-icon-of-solar-clothing\\\/\",\"name\":\"Mot\u00fdlek jako ikona spole\u010densk\u00e9ho od\u011bvu - REGBU.COM\",\"isPartOf\":{\"@id\":\"https:\\\/\\\/regbu.com\\\/en\\\/#website\"},\"primaryImageOfPage\":{\"@id\":\"https:\\\/\\\/regbu.com\\\/pt\\\/hoe-as-icon-of-solar-clothing\\\/#primaryimage\"},\"image\":{\"@id\":\"https:\\\/\\\/regbu.com\\\/pt\\\/hoe-as-icon-of-solar-clothing\\\/#primaryimage\"},\"thumbnailUrl\":\"https:\\\/\\\/regbu.com\\\/wp-content\\\/uploads\\\/2023\\\/07\\\/motylek-jako-ikona-spolecenskeho-odevu.jpg\",\"datePublished\":\"2023-07-10T14:38:57+00:00\",\"dateModified\":\"2025-09-05T05:41:23+00:00\",\"author\":{\"@id\":\"https:\\\/\\\/regbu.com\\\/en\\\/#\\\/schema\\\/person\\\/94ea9deda2629771b8a9ced002f6784e\"},\"description\":\"Mot\u00fdlek je d\u016fle\u017eitou sou\u010d\u00e1st\u00ed spole\u010densk\u00e9ho od\u011bvu. Zjist\u011bte o tomto elegantn\u00edm dopl\u0148ku v\u00edce praktick\u00fdch informac\u00ed.\",\"breadcrumb\":{\"@id\":\"https:\\\/\\\/regbu.com\\\/pt\\\/hoe-as-icon-of-solar-clothing\\\/#breadcrumb\"},\"inLanguage\":\"pt-PT\",\"potentialAction\":[{\"@type\":\"ReadAction\",\"target\":[\"https:\\\/\\\/regbu.com\\\/pt\\\/hoe-as-icon-of-solar-clothing\\\/\"]}]},{\"@type\":\"ImageObject\",\"inLanguage\":\"pt-PT\",\"@id\":\"https:\\\/\\\/regbu.com\\\/pt\\\/hoe-as-icon-of-solar-clothing\\\/#primaryimage\",\"url\":\"https:\\\/\\\/regbu.com\\\/wp-content\\\/uploads\\\/2023\\\/07\\\/motylek-jako-ikona-spolecenskeho-odevu.jpg\",\"contentUrl\":\"https:\\\/\\\/regbu.com\\\/wp-content\\\/uploads\\\/2023\\\/07\\\/motylek-jako-ikona-spolecenskeho-odevu.jpg\",\"width\":1200,\"height\":676,\"caption\":\"Mot\u00fdlek jako ikona spole\u010densk\u00e9ho od\u011bvu\"},{\"@type\":\"BreadcrumbList\",\"@id\":\"https:\\\/\\\/regbu.com\\\/pt\\\/hoe-as-icon-of-solar-clothing\\\/#breadcrumb\",\"itemListElement\":[{\"@type\":\"ListItem\",\"position\":1,\"name\":\"Home\",\"item\":\"https:\\\/\\\/regbu.com\\\/en\\\/\"},{\"@type\":\"ListItem\",\"position\":2,\"name\":\"Mot\u00fdlek jako ikona spole\u010densk\u00e9ho od\u011bvu\"}]},{\"@type\":\"WebSite\",\"@id\":\"https:\\\/\\\/regbu.com\\\/en\\\/#website\",\"url\":\"https:\\\/\\\/regbu.com\\\/en\\\/\",\"name\":\"REGBU.COM\",\"description\":\"\",\"potentialAction\":[{\"@type\":\"SearchAction\",\"target\":{\"@type\":\"EntryPoint\",\"urlTemplate\":\"https:\\\/\\\/regbu.com\\\/en\\\/?s={search_term_string}\"},\"query-input\":{\"@type\":\"PropertyValueSpecification\",\"valueRequired\":true,\"valueName\":\"search_term_string\"}}],\"inLanguage\":\"pt-PT\"},{\"@type\":\"Person\",\"@id\":\"https:\\\/\\\/regbu.com\\\/en\\\/#\\\/schema\\\/person\\\/94ea9deda2629771b8a9ced002f6784e\",\"name\":\"George Martin\",\"url\":\"https:\\\/\\\/regbu.com\\\/pt\\\/author\\\/george-martin\\\/\"}]}<\/script>\n<!-- \/ Yoast SEO plugin. -->","yoast_head_json":{"title":"O la\u00e7o como \u00edcone da roupa formal - REGBU.COM","description":"O la\u00e7o \u00e9 uma parte importante do vestu\u00e1rio formal. Descubra mais informa\u00e7\u00f5es pr\u00e1ticas sobre este elegante acess\u00f3rio.","robots":{"index":"index","follow":"follow","max-snippet":"max-snippet:-1","max-image-preview":"max-image-preview:large","max-video-preview":"max-video-preview:-1"},"canonical":"https:\/\/regbu.com\/pt\/hoe-as-icon-of-solar-clothing\/","og_locale":"pt_PT","og_type":"article","og_title":"Mot\u00fdlek jako ikona spole\u010densk\u00e9ho od\u011bvu - REGBU.COM","og_description":"Mot\u00fdlek je d\u016fle\u017eitou sou\u010d\u00e1st\u00ed spole\u010densk\u00e9ho od\u011bvu. Zjist\u011bte o tomto elegantn\u00edm dopl\u0148ku v\u00edce praktick\u00fdch informac\u00ed.","og_url":"https:\/\/regbu.com\/pt\/hoe-as-icon-of-solar-clothing\/","og_site_name":"REGBU.COM","article_published_time":"2023-07-10T14:38:57+00:00","article_modified_time":"2025-09-05T05:41:23+00:00","og_image":[{"width":1200,"height":676,"url":"https:\/\/regbu.com\/wp-content\/uploads\/2023\/07\/motylek-jako-ikona-spolecenskeho-odevu.jpg","type":"image\/jpeg"}],"author":"George Martin","twitter_card":"summary_large_image","twitter_misc":{"Escrito por":"George Martin","Tempo estimado de leitura":"2 minutos"},"schema":{"@context":"https:\/\/schema.org","@graph":[{"@type":"Article","@id":"https:\/\/regbu.com\/pt\/hoe-as-icon-of-solar-clothing\/#article","isPartOf":{"@id":"https:\/\/regbu.com\/pt\/hoe-as-icon-of-solar-clothing\/"},"author":{"name":"George Martin","@id":"https:\/\/regbu.com\/en\/#\/schema\/person\/94ea9deda2629771b8a9ced002f6784e"},"headline":"Mot\u00fdlek jako ikona spole\u010densk\u00e9ho od\u011bvu","datePublished":"2023-07-10T14:38:57+00:00","dateModified":"2025-09-05T05:41:23+00:00","mainEntityOfPage":{"@id":"https:\/\/regbu.com\/pt\/hoe-as-icon-of-solar-clothing\/"},"wordCount":482,"image":{"@id":"https:\/\/regbu.com\/pt\/hoe-as-icon-of-solar-clothing\/#primaryimage"},"thumbnailUrl":"https:\/\/regbu.com\/wp-content\/uploads\/2023\/07\/motylek-jako-ikona-spolecenskeho-odevu.jpg","keywords":["hedv\u00e1b\u00ed","l\u00edme\u010dek","mot\u00fdlek","polyester","p\u0159edv\u00e1zan\u00fd","p\u0159edv\u00e1zan\u00fd mot\u00fdlek","sat\u00e9n","v\u00e1zan\u00fd","v\u00e1zan\u00fd mot\u00fdlek","vlna"],"articleSection":["M\u00f3da"],"inLanguage":"pt-PT"},{"@type":"WebPage","@id":"https:\/\/regbu.com\/pt\/hoe-as-icon-of-solar-clothing\/","url":"https:\/\/regbu.com\/pt\/hoe-as-icon-of-solar-clothing\/","name":"O la\u00e7o como \u00edcone da roupa formal - REGBU.COM","isPartOf":{"@id":"https:\/\/regbu.com\/en\/#website"},"primaryImageOfPage":{"@id":"https:\/\/regbu.com\/pt\/hoe-as-icon-of-solar-clothing\/#primaryimage"},"image":{"@id":"https:\/\/regbu.com\/pt\/hoe-as-icon-of-solar-clothing\/#primaryimage"},"thumbnailUrl":"https:\/\/regbu.com\/wp-content\/uploads\/2023\/07\/motylek-jako-ikona-spolecenskeho-odevu.jpg","datePublished":"2023-07-10T14:38:57+00:00","dateModified":"2025-09-05T05:41:23+00:00","author":{"@id":"https:\/\/regbu.com\/en\/#\/schema\/person\/94ea9deda2629771b8a9ced002f6784e"},"description":"O la\u00e7o \u00e9 uma parte importante do vestu\u00e1rio formal. Descubra mais informa\u00e7\u00f5es pr\u00e1ticas sobre este elegante acess\u00f3rio.","breadcrumb":{"@id":"https:\/\/regbu.com\/pt\/hoe-as-icon-of-solar-clothing\/#breadcrumb"},"inLanguage":"pt-PT","potentialAction":[{"@type":"ReadAction","target":["https:\/\/regbu.com\/pt\/hoe-as-icon-of-solar-clothing\/"]}]},{"@type":"ImageObject","inLanguage":"pt-PT","@id":"https:\/\/regbu.com\/pt\/hoe-as-icon-of-solar-clothing\/#primaryimage","url":"https:\/\/regbu.com\/wp-content\/uploads\/2023\/07\/motylek-jako-ikona-spolecenskeho-odevu.jpg","contentUrl":"https:\/\/regbu.com\/wp-content\/uploads\/2023\/07\/motylek-jako-ikona-spolecenskeho-odevu.jpg","width":1200,"height":676,"caption":"Mot\u00fdlek jako ikona spole\u010densk\u00e9ho od\u011bvu"},{"@type":"BreadcrumbList","@id":"https:\/\/regbu.com\/pt\/hoe-as-icon-of-solar-clothing\/#breadcrumb","itemListElement":[{"@type":"ListItem","position":1,"name":"Home","item":"https:\/\/regbu.com\/en\/"},{"@type":"ListItem","position":2,"name":"Mot\u00fdlek jako ikona spole\u010densk\u00e9ho od\u011bvu"}]},{"@type":"WebSite","@id":"https:\/\/regbu.com\/en\/#website","url":"https:\/\/regbu.com\/en\/","name":"REGBU.COM","description":"","potentialAction":[{"@type":"SearchAction","target":{"@type":"EntryPoint","urlTemplate":"https:\/\/regbu.com\/en\/?s={search_term_string}"},"query-input":{"@type":"PropertyValueSpecification","valueRequired":true,"valueName":"search_term_string"}}],"inLanguage":"pt-PT"},{"@type":"Person","@id":"https:\/\/regbu.com\/en\/#\/schema\/person\/94ea9deda2629771b8a9ced002f6784e","name":"George Martin","url":"https:\/\/regbu.com\/pt\/author\/george-martin\/"}]}},"_links":{"self":[{"href":"https:\/\/regbu.com\/pt\/wp-json\/wp\/v2\/posts\/996","targetHints":{"allow":["GET"]}}],"collection":[{"href":"https:\/\/regbu.com\/pt\/wp-json\/wp\/v2\/posts"}],"about":[{"href":"https:\/\/regbu.com\/pt\/wp-json\/wp\/v2\/types\/post"}],"author":[{"embeddable":true,"href":"https:\/\/regbu.com\/pt\/wp-json\/wp\/v2\/users\/2"}],"replies":[{"embeddable":true,"href":"https:\/\/regbu.com\/pt\/wp-json\/wp\/v2\/comments?post=996"}],"version-history":[{"count":2,"href":"https:\/\/regbu.com\/pt\/wp-json\/wp\/v2\/posts\/996\/revisions"}],"predecessor-version":[{"id":1007,"href":"https:\/\/regbu.com\/pt\/wp-json\/wp\/v2\/posts\/996\/revisions\/1007"}],"wp:featuredmedia":[{"embeddable":true,"href":"https:\/\/regbu.com\/pt\/wp-json\/wp\/v2\/media\/997"}],"wp:attachment":[{"href":"https:\/\/regbu.com\/pt\/wp-json\/wp\/v2\/media?parent=996"}],"wp:term":[{"taxonomy":"category","embeddable":true,"href":"https:\/\/regbu.com\/pt\/wp-json\/wp\/v2\/categories?post=996"},{"taxonomy":"post_tag","embeddable":true,"href":"https:\/\/regbu.com\/pt\/wp-json\/wp\/v2\/tags?post=996"}],"curies":[{"name":"wp","href":"https:\/\/api.w.org\/{rel}","templated":true}]}}