{"id":944,"date":"2023-06-21T16:12:51","date_gmt":"2023-06-21T14:12:51","guid":{"rendered":"https:\/\/regbu.com\/?p=944"},"modified":"2025-09-05T07:42:07","modified_gmt":"2025-09-05T05:42:07","slug":"cestovni-pojisteni-je-nezbytnou-ochranou","status":"publish","type":"post","link":"https:\/\/regbu.com\/pt\/seguro-de-viagem-e-protecao-essencial\/","title":{"rendered":"O seguro de viagem \u00e9 uma prote\u00e7\u00e3o essencial"},"content":{"rendered":"<p>O seguro de viagem \u00e9 um servi\u00e7o que \u00e9 utilizado sempre que se viaja para o estrangeiro. Quer esteja a viajar para <a href=\"https:\/\/regbu.com\/pt\/ferraty-you-just-love\/\"><strong>ferraty<\/strong> <\/a>ou umas f\u00e9rias tranquilas em fam\u00edlia. \u00c9 com a ajuda de um seguro de viagem que se pode obter uma prote\u00e7\u00e3o adequada em termos de benef\u00edcios financeiros.<\/p>\n\n\n\n<ul class=\"wp-block-list\">\n<li>Les\u00f5es<\/li>\n\n\n\n<li>Despesas m\u00e9dicas<\/li>\n\n\n\n<li>Danos a outras pessoas<\/li>\n<\/ul>\n\n\n\n<p>Hoje em dia, todos suspeitam, provavelmente com raz\u00e3o, que nada \u00e9 gratuito. Por isso, n\u00e3o pode esperar que algu\u00e9m o trate no estrangeiro gratuitamente. O seu seguro nacional n\u00e3o disp\u00f5e de tais servi\u00e7os. Precisa de ter <strong>seguro de viagem<\/strong>a partir do qual o pagamento ser\u00e1 efectuado.<\/p>\n\n\n\n<h2 class=\"wp-block-heading\">Seguro b\u00e1sico de viagem<\/h2>\n\n\n\n<p>Em primeiro lugar, vejamos a forma b\u00e1sica de seguro de viagem. Este seguro cobre geralmente as despesas relacionadas com a hospitaliza\u00e7\u00e3o, os tratamentos agudos, as opera\u00e7\u00f5es e qualquer outro tratamento. Servi\u00e7os de assist\u00eancia e <em>transporte do falecido para o seu pa\u00eds de origem<\/em>. Se \u00e9 um entusiasta da adrenalina e da aventura, \u00e9 aconselh\u00e1vel fazer um seguro de viagem.<\/p>\n\n\n\n<h3 class=\"wp-block-heading\">Perguntas e respostas<\/h3>\n\n\n\n<p>O seguro de viagem normal cobre os desportos normais, como a nata\u00e7\u00e3o e o t\u00e9nis. As caminhadas, o alpinismo, a escalada ou o rafting em rios selvagens j\u00e1 est\u00e3o <strong>por uma taxa adicional<\/strong>. Por conseguinte, \u00e9 importante ler todos os par\u00e2metros de um determinado produto aquando da celebra\u00e7\u00e3o de um contrato de seguro de viagem.<\/p>\n\n\n\n<div class=\"schema-faq wp-block-yoast-faq-block\"><div class=\"schema-faq-section\" id=\"faq-question-1687356398473\"><strong class=\"schema-faq-question\">Quais s\u00e3o as op\u00e7\u00f5es de seguro de viagem?<\/strong> <p class=\"schema-faq-answer\">Pode segurar, por exemplo, o cancelamento da viagem, a responsabilidade por danos causados a outras pessoas ou a bagagem e a sua perda.<\/p> <\/div> <div class=\"schema-faq-section\" id=\"faq-question-1687356405357\"><strong class=\"schema-faq-question\">Posso tamb\u00e9m subscrever um seguro de acidentes?<\/strong> <p class=\"schema-faq-answer\">Sim, o seguro de acidentes pode ser parte integrante do seguro de viagem numa medida pr\u00e9-definida.<\/p> <\/div> <div class=\"schema-faq-section\" id=\"faq-question-1687356413120\"><strong class=\"schema-faq-question\">O que \u00e9 importante num seguro de viagem?<\/strong> <p class=\"schema-faq-answer\">Em primeiro lugar, \u00e9 o \u00e2mbito dos servi\u00e7os inclu\u00eddos no seguro e tamb\u00e9m o montante da presta\u00e7\u00e3o financeira.<\/p> <\/div> <div class=\"schema-faq-section\" id=\"faq-question-1687356424631\"><strong class=\"schema-faq-question\">O que podem incluir os servi\u00e7os de assist\u00eancia adicionais?<\/strong> <p class=\"schema-faq-answer\">A tradu\u00e7\u00e3o ser\u00e1 efectuada no \u00e2mbito da regulariza\u00e7\u00e3o do sinistro. \u00c9 prestada assist\u00eancia na procura de alojamento alternativo, exames m\u00e9dicos profissionais e pagamento de uma cau\u00e7\u00e3o em caso de viola\u00e7\u00e3o da legisla\u00e7\u00e3o local.<\/p> <\/div> <div class=\"schema-faq-section\" id=\"faq-question-1687356431244\"><strong class=\"schema-faq-question\">Quando \u00e9 que vale a pena subscrever o seguro de viagem necess\u00e1rio?<\/strong> <p class=\"schema-faq-answer\">Providencie um seguro pelo menos um dia antes da data prevista para a sua viagem, com efeitos a partir do dia em que viajar pela primeira vez para o estrangeiro.<\/p> <\/div> <\/div>","protected":false},"excerpt":{"rendered":"<p>O seguro de viagem \u00e9 um servi\u00e7o que \u00e9 utilizado sempre que se viaja para o estrangeiro. Quer se trate de uma viagem de ferrata ou de umas f\u00e9rias tranquilas em fam\u00edlia. \u00c9 com a ajuda do seguro de viagem que se pode obter uma prote\u00e7\u00e3o adequada em termos de benef\u00edcios financeiros. Hoje em dia, todos suspeitam, provavelmente com raz\u00e3o, que nada \u00e9 gratuito. E, por isso, n\u00e3o se pode esperar ser ... <\/p>","protected":false},"author":2,"featured_media":945,"comment_status":"closed","ping_status":"closed","sticky":false,"template":"","format":"standard","meta":{"footnotes":""},"categories":[8],"tags":[915,916,637,914,917,919,615,920,921,918],"class_list":["post-944","post","type-post","status-publish","format-standard","has-post-thumbnail","hentry","category-cestovani","tag-asistencni-sluzba","tag-asistencni-sluzby","tag-cestovani","tag-cestovni-pojisteni","tag-hospitalizace","tag-lekar","tag-pojisteni","tag-uraz","tag-vylohy","tag-zakrok"],"yoast_head":"<!-- This site is optimized with the Yoast SEO plugin v27.5 - https:\/\/yoast.com\/product\/yoast-seo-wordpress\/ -->\n<title>Cestovn\u00ed poji\u0161t\u011bn\u00ed je nezbytnou ochranou - REGBU.COM<\/title>\n<meta name=\"description\" content=\"Pokud se chyst\u00e1te za hranice, sjednejte si cestovn\u00ed poji\u0161t\u011bn\u00ed, kter\u00e9 V\u00e1s ochr\u00e1n\u00ed p\u0159ed neo\u010dek\u00e1van\u00fdmi l\u00e9ka\u0159sk\u00fdmi v\u00fdlohami.\" \/>\n<meta name=\"robots\" content=\"index, follow, max-snippet:-1, max-image-preview:large, max-video-preview:-1\" \/>\n<link rel=\"canonical\" href=\"https:\/\/regbu.com\/pt\/seguro-de-viagem-e-protecao-essencial\/\" \/>\n<meta property=\"og:locale\" content=\"pt_PT\" \/>\n<meta property=\"og:type\" content=\"article\" \/>\n<meta property=\"og:title\" content=\"Cestovn\u00ed poji\u0161t\u011bn\u00ed je nezbytnou ochranou - REGBU.COM\" \/>\n<meta property=\"og:description\" content=\"Pokud se chyst\u00e1te za hranice, sjednejte si cestovn\u00ed poji\u0161t\u011bn\u00ed, kter\u00e9 V\u00e1s ochr\u00e1n\u00ed p\u0159ed neo\u010dek\u00e1van\u00fdmi l\u00e9ka\u0159sk\u00fdmi v\u00fdlohami.\" \/>\n<meta property=\"og:url\" content=\"https:\/\/regbu.com\/pt\/seguro-de-viagem-e-protecao-essencial\/\" \/>\n<meta property=\"og:site_name\" content=\"REGBU.COM\" \/>\n<meta property=\"article:published_time\" content=\"2023-06-21T14:12:51+00:00\" \/>\n<meta property=\"article:modified_time\" content=\"2025-09-05T05:42:07+00:00\" \/>\n<meta property=\"og:image\" content=\"https:\/\/regbu.com\/wp-content\/uploads\/2023\/06\/cestovni-pojisteni-je-nezbytnou-ochranou.jpg\" \/>\n\t<meta property=\"og:image:width\" content=\"1200\" \/>\n\t<meta property=\"og:image:height\" content=\"676\" \/>\n\t<meta property=\"og:image:type\" content=\"image\/jpeg\" \/>\n<meta name=\"author\" content=\"George Martin\" \/>\n<meta name=\"twitter:card\" content=\"summary_large_image\" \/>\n<meta name=\"twitter:label1\" content=\"Escrito por\" \/>\n\t<meta name=\"twitter:data1\" content=\"George Martin\" \/>\n\t<meta name=\"twitter:label2\" content=\"Tempo estimado de leitura\" \/>\n\t<meta name=\"twitter:data2\" content=\"2 minutos\" \/>\n<script type=\"application\/ld+json\" class=\"yoast-schema-graph\">{\"@context\":\"https:\\\/\\\/schema.org\",\"@graph\":[{\"@type\":\"Article\",\"@id\":\"https:\\\/\\\/regbu.com\\\/pt\\\/seguro-de-viagem-e-protecao-essencial\\\/#article\",\"isPartOf\":{\"@id\":\"https:\\\/\\\/regbu.com\\\/pt\\\/seguro-de-viagem-e-protecao-essencial\\\/\"},\"author\":{\"name\":\"George Martin\",\"@id\":\"https:\\\/\\\/regbu.com\\\/en\\\/#\\\/schema\\\/person\\\/94ea9deda2629771b8a9ced002f6784e\"},\"headline\":\"Cestovn\u00ed poji\u0161t\u011bn\u00ed je nezbytnou ochranou\",\"datePublished\":\"2023-06-21T14:12:51+00:00\",\"dateModified\":\"2025-09-05T05:42:07+00:00\",\"mainEntityOfPage\":{\"@id\":\"https:\\\/\\\/regbu.com\\\/pt\\\/seguro-de-viagem-e-protecao-essencial\\\/\"},\"wordCount\":478,\"image\":{\"@id\":\"https:\\\/\\\/regbu.com\\\/pt\\\/seguro-de-viagem-e-protecao-essencial\\\/#primaryimage\"},\"thumbnailUrl\":\"https:\\\/\\\/regbu.com\\\/wp-content\\\/uploads\\\/2023\\\/06\\\/cestovni-pojisteni-je-nezbytnou-ochranou.jpg\",\"keywords\":[\"asisten\u010dn\u00ed slu\u017eba\",\"asisten\u010dn\u00ed slu\u017eby\",\"cestov\u00e1n\u00ed\",\"cestovn\u00ed poji\u0161t\u011bn\u00ed\",\"hospitalizace\",\"l\u00e9ka\u0159\",\"poji\u0161t\u011bn\u00ed\",\"\u00faraz\",\"v\u00fdlohy\",\"z\u00e1krok\"],\"articleSection\":[\"Cestov\u00e1n\u00ed\"],\"inLanguage\":\"pt-PT\"},{\"@type\":[\"WebPage\",\"FAQPage\"],\"@id\":\"https:\\\/\\\/regbu.com\\\/pt\\\/seguro-de-viagem-e-protecao-essencial\\\/\",\"url\":\"https:\\\/\\\/regbu.com\\\/pt\\\/seguro-de-viagem-e-protecao-essencial\\\/\",\"name\":\"Cestovn\u00ed poji\u0161t\u011bn\u00ed je nezbytnou ochranou - REGBU.COM\",\"isPartOf\":{\"@id\":\"https:\\\/\\\/regbu.com\\\/en\\\/#website\"},\"primaryImageOfPage\":{\"@id\":\"https:\\\/\\\/regbu.com\\\/pt\\\/seguro-de-viagem-e-protecao-essencial\\\/#primaryimage\"},\"image\":{\"@id\":\"https:\\\/\\\/regbu.com\\\/pt\\\/seguro-de-viagem-e-protecao-essencial\\\/#primaryimage\"},\"thumbnailUrl\":\"https:\\\/\\\/regbu.com\\\/wp-content\\\/uploads\\\/2023\\\/06\\\/cestovni-pojisteni-je-nezbytnou-ochranou.jpg\",\"datePublished\":\"2023-06-21T14:12:51+00:00\",\"dateModified\":\"2025-09-05T05:42:07+00:00\",\"author\":{\"@id\":\"https:\\\/\\\/regbu.com\\\/en\\\/#\\\/schema\\\/person\\\/94ea9deda2629771b8a9ced002f6784e\"},\"description\":\"Pokud se chyst\u00e1te za hranice, sjednejte si cestovn\u00ed poji\u0161t\u011bn\u00ed, kter\u00e9 V\u00e1s ochr\u00e1n\u00ed p\u0159ed neo\u010dek\u00e1van\u00fdmi l\u00e9ka\u0159sk\u00fdmi v\u00fdlohami.\",\"breadcrumb\":{\"@id\":\"https:\\\/\\\/regbu.com\\\/pt\\\/seguro-de-viagem-e-protecao-essencial\\\/#breadcrumb\"},\"mainEntity\":[{\"@id\":\"https:\\\/\\\/regbu.com\\\/pt\\\/seguro-de-viagem-e-protecao-essencial\\\/#faq-question-1687356398473\"},{\"@id\":\"https:\\\/\\\/regbu.com\\\/pt\\\/seguro-de-viagem-e-protecao-essencial\\\/#faq-question-1687356405357\"},{\"@id\":\"https:\\\/\\\/regbu.com\\\/pt\\\/seguro-de-viagem-e-protecao-essencial\\\/#faq-question-1687356413120\"},{\"@id\":\"https:\\\/\\\/regbu.com\\\/pt\\\/seguro-de-viagem-e-protecao-essencial\\\/#faq-question-1687356424631\"},{\"@id\":\"https:\\\/\\\/regbu.com\\\/pt\\\/seguro-de-viagem-e-protecao-essencial\\\/#faq-question-1687356431244\"}],\"inLanguage\":\"pt-PT\",\"potentialAction\":[{\"@type\":\"ReadAction\",\"target\":[\"https:\\\/\\\/regbu.com\\\/pt\\\/seguro-de-viagem-e-protecao-essencial\\\/\"]}]},{\"@type\":\"ImageObject\",\"inLanguage\":\"pt-PT\",\"@id\":\"https:\\\/\\\/regbu.com\\\/pt\\\/seguro-de-viagem-e-protecao-essencial\\\/#primaryimage\",\"url\":\"https:\\\/\\\/regbu.com\\\/wp-content\\\/uploads\\\/2023\\\/06\\\/cestovni-pojisteni-je-nezbytnou-ochranou.jpg\",\"contentUrl\":\"https:\\\/\\\/regbu.com\\\/wp-content\\\/uploads\\\/2023\\\/06\\\/cestovni-pojisteni-je-nezbytnou-ochranou.jpg\",\"width\":1200,\"height\":676,\"caption\":\"Cestovn\u00ed poji\u0161t\u011bn\u00ed je nezbytnou ochranou\"},{\"@type\":\"BreadcrumbList\",\"@id\":\"https:\\\/\\\/regbu.com\\\/pt\\\/seguro-de-viagem-e-protecao-essencial\\\/#breadcrumb\",\"itemListElement\":[{\"@type\":\"ListItem\",\"position\":1,\"name\":\"Home\",\"item\":\"https:\\\/\\\/regbu.com\\\/en\\\/\"},{\"@type\":\"ListItem\",\"position\":2,\"name\":\"Cestovn\u00ed poji\u0161t\u011bn\u00ed je nezbytnou ochranou\"}]},{\"@type\":\"WebSite\",\"@id\":\"https:\\\/\\\/regbu.com\\\/en\\\/#website\",\"url\":\"https:\\\/\\\/regbu.com\\\/en\\\/\",\"name\":\"REGBU.COM\",\"description\":\"\",\"potentialAction\":[{\"@type\":\"SearchAction\",\"target\":{\"@type\":\"EntryPoint\",\"urlTemplate\":\"https:\\\/\\\/regbu.com\\\/en\\\/?s={search_term_string}\"},\"query-input\":{\"@type\":\"PropertyValueSpecification\",\"valueRequired\":true,\"valueName\":\"search_term_string\"}}],\"inLanguage\":\"pt-PT\"},{\"@type\":\"Person\",\"@id\":\"https:\\\/\\\/regbu.com\\\/en\\\/#\\\/schema\\\/person\\\/94ea9deda2629771b8a9ced002f6784e\",\"name\":\"George Martin\",\"url\":\"https:\\\/\\\/regbu.com\\\/pt\\\/author\\\/george-martin\\\/\"},{\"@type\":\"Question\",\"@id\":\"https:\\\/\\\/regbu.com\\\/pt\\\/seguro-de-viagem-e-protecao-essencial\\\/#faq-question-1687356398473\",\"position\":1,\"url\":\"https:\\\/\\\/regbu.com\\\/pt\\\/seguro-de-viagem-e-protecao-essencial\\\/#faq-question-1687356398473\",\"name\":\"Jak\u00e9 jsou mo\u017enosti p\u0159ipoji\u0161t\u011bn\u00ed cestovn\u00edho poji\u0161t\u011bn\u00ed?\",\"answerCount\":1,\"acceptedAnswer\":{\"@type\":\"Answer\",\"text\":\"Pojistit si m\u016f\u017eete t\u0159eba storno z\u00e1jezdu, odpov\u011bdnost za \u0161kodu zp\u016fsobenou jin\u00fdm osob\u00e1m nebo cestovn\u00ed zavazadla a jejich ztr\u00e1tu.\",\"inLanguage\":\"pt-PT\"},\"inLanguage\":\"pt-PT\"},{\"@type\":\"Question\",\"@id\":\"https:\\\/\\\/regbu.com\\\/pt\\\/seguro-de-viagem-e-protecao-essencial\\\/#faq-question-1687356405357\",\"position\":2,\"url\":\"https:\\\/\\\/regbu.com\\\/pt\\\/seguro-de-viagem-e-protecao-essencial\\\/#faq-question-1687356405357\",\"name\":\"Lze z\u00edskat i \u00farazov\u00e9 poji\u0161t\u011bn\u00ed?\",\"answerCount\":1,\"acceptedAnswer\":{\"@type\":\"Answer\",\"text\":\"Ano, \u00farazov\u00e9 poji\u0161t\u011bn\u00ed m\u016f\u017ee b\u00fdt ned\u00edlnou sou\u010d\u00e1st\u00ed toho cestovn\u00edho v p\u0159edem definovan\u00e9m rozsahu.\",\"inLanguage\":\"pt-PT\"},\"inLanguage\":\"pt-PT\"},{\"@type\":\"Question\",\"@id\":\"https:\\\/\\\/regbu.com\\\/pt\\\/seguro-de-viagem-e-protecao-essencial\\\/#faq-question-1687356413120\",\"position\":3,\"url\":\"https:\\\/\\\/regbu.com\\\/pt\\\/seguro-de-viagem-e-protecao-essencial\\\/#faq-question-1687356413120\",\"name\":\"Co je u cestovn\u00edho poji\u0161t\u011bn\u00ed d\u016fle\u017eit\u00e9?\",\"answerCount\":1,\"acceptedAnswer\":{\"@type\":\"Answer\",\"text\":\"V prvn\u00ed \u0159ad\u011b je to rozsah slu\u017eeb zahrnut\u00fdch v poji\u0161t\u011bn\u00ed a d\u00e1le tak\u00e9 v\u00fd\u0161e finan\u010dn\u00edho pln\u011bn\u00ed.\",\"inLanguage\":\"pt-PT\"},\"inLanguage\":\"pt-PT\"},{\"@type\":\"Question\",\"@id\":\"https:\\\/\\\/regbu.com\\\/pt\\\/seguro-de-viagem-e-protecao-essencial\\\/#faq-question-1687356424631\",\"position\":4,\"url\":\"https:\\\/\\\/regbu.com\\\/pt\\\/seguro-de-viagem-e-protecao-essencial\\\/#faq-question-1687356424631\",\"name\":\"Co mohou zahrnovat p\u0159\u00edplatkov\u00e9 asisten\u010dn\u00ed slu\u017eby?\",\"answerCount\":1,\"acceptedAnswer\":{\"@type\":\"Answer\",\"text\":\"Zaji\u0161t\u011bn V\u00e1m bude p\u0159eklad v r\u00e1mci \u0159e\u0161en\u00ed pojistn\u00e9 ud\u00e1losti. Poskytuje se pomoc p\u0159i nalezen\u00ed n\u00e1hradn\u00edho ubytov\u00e1n\u00ed, odborn\u00e1 kontrola l\u00e9ka\u0159sk\u00fdch \u00fakonu a uhrazen\u00ed kauce p\u0159i poru\u0161en\u00ed tamn\u00edch z\u00e1kon\u016f.\",\"inLanguage\":\"pt-PT\"},\"inLanguage\":\"pt-PT\"},{\"@type\":\"Question\",\"@id\":\"https:\\\/\\\/regbu.com\\\/pt\\\/seguro-de-viagem-e-protecao-essencial\\\/#faq-question-1687356431244\",\"position\":5,\"url\":\"https:\\\/\\\/regbu.com\\\/pt\\\/seguro-de-viagem-e-protecao-essencial\\\/#faq-question-1687356431244\",\"name\":\"Kdy se vyplat\u00ed sjednat si nezbytn\u00e9 cestovn\u00ed poji\u0161t\u011bn\u00ed?\",\"answerCount\":1,\"acceptedAnswer\":{\"@type\":\"Answer\",\"text\":\"Poji\u0161t\u011bn\u00ed si sjednejte alespo\u0148 den p\u0159ed pl\u00e1novanou cestou s platnost\u00ed ode dne, kdy poprv\u00e9 vyjedete za hranice.\",\"inLanguage\":\"pt-PT\"},\"inLanguage\":\"pt-PT\"}]}<\/script>\n<!-- \/ Yoast SEO plugin. -->","yoast_head_json":{"title":"O seguro de viagem \u00e9 uma prote\u00e7\u00e3o essencial - REGBU.COM","description":"Se for para o estrangeiro, fa\u00e7a um seguro de viagem para se proteger contra despesas m\u00e9dicas inesperadas.","robots":{"index":"index","follow":"follow","max-snippet":"max-snippet:-1","max-image-preview":"max-image-preview:large","max-video-preview":"max-video-preview:-1"},"canonical":"https:\/\/regbu.com\/pt\/seguro-de-viagem-e-protecao-essencial\/","og_locale":"pt_PT","og_type":"article","og_title":"Cestovn\u00ed poji\u0161t\u011bn\u00ed je nezbytnou ochranou - REGBU.COM","og_description":"Pokud se chyst\u00e1te za hranice, sjednejte si cestovn\u00ed poji\u0161t\u011bn\u00ed, kter\u00e9 V\u00e1s ochr\u00e1n\u00ed p\u0159ed neo\u010dek\u00e1van\u00fdmi l\u00e9ka\u0159sk\u00fdmi v\u00fdlohami.","og_url":"https:\/\/regbu.com\/pt\/seguro-de-viagem-e-protecao-essencial\/","og_site_name":"REGBU.COM","article_published_time":"2023-06-21T14:12:51+00:00","article_modified_time":"2025-09-05T05:42:07+00:00","og_image":[{"width":1200,"height":676,"url":"https:\/\/regbu.com\/wp-content\/uploads\/2023\/06\/cestovni-pojisteni-je-nezbytnou-ochranou.jpg","type":"image\/jpeg"}],"author":"George Martin","twitter_card":"summary_large_image","twitter_misc":{"Escrito por":"George Martin","Tempo estimado de leitura":"2 minutos"},"schema":{"@context":"https:\/\/schema.org","@graph":[{"@type":"Article","@id":"https:\/\/regbu.com\/pt\/seguro-de-viagem-e-protecao-essencial\/#article","isPartOf":{"@id":"https:\/\/regbu.com\/pt\/seguro-de-viagem-e-protecao-essencial\/"},"author":{"name":"George Martin","@id":"https:\/\/regbu.com\/en\/#\/schema\/person\/94ea9deda2629771b8a9ced002f6784e"},"headline":"Cestovn\u00ed poji\u0161t\u011bn\u00ed je nezbytnou ochranou","datePublished":"2023-06-21T14:12:51+00:00","dateModified":"2025-09-05T05:42:07+00:00","mainEntityOfPage":{"@id":"https:\/\/regbu.com\/pt\/seguro-de-viagem-e-protecao-essencial\/"},"wordCount":478,"image":{"@id":"https:\/\/regbu.com\/pt\/seguro-de-viagem-e-protecao-essencial\/#primaryimage"},"thumbnailUrl":"https:\/\/regbu.com\/wp-content\/uploads\/2023\/06\/cestovni-pojisteni-je-nezbytnou-ochranou.jpg","keywords":["asisten\u010dn\u00ed slu\u017eba","asisten\u010dn\u00ed slu\u017eby","cestov\u00e1n\u00ed","cestovn\u00ed poji\u0161t\u011bn\u00ed","hospitalizace","l\u00e9ka\u0159","poji\u0161t\u011bn\u00ed","\u00faraz","v\u00fdlohy","z\u00e1krok"],"articleSection":["Cestov\u00e1n\u00ed"],"inLanguage":"pt-PT"},{"@type":["WebPage","FAQPage"],"@id":"https:\/\/regbu.com\/pt\/seguro-de-viagem-e-protecao-essencial\/","url":"https:\/\/regbu.com\/pt\/seguro-de-viagem-e-protecao-essencial\/","name":"O seguro de viagem \u00e9 uma prote\u00e7\u00e3o essencial - REGBU.COM","isPartOf":{"@id":"https:\/\/regbu.com\/en\/#website"},"primaryImageOfPage":{"@id":"https:\/\/regbu.com\/pt\/seguro-de-viagem-e-protecao-essencial\/#primaryimage"},"image":{"@id":"https:\/\/regbu.com\/pt\/seguro-de-viagem-e-protecao-essencial\/#primaryimage"},"thumbnailUrl":"https:\/\/regbu.com\/wp-content\/uploads\/2023\/06\/cestovni-pojisteni-je-nezbytnou-ochranou.jpg","datePublished":"2023-06-21T14:12:51+00:00","dateModified":"2025-09-05T05:42:07+00:00","author":{"@id":"https:\/\/regbu.com\/en\/#\/schema\/person\/94ea9deda2629771b8a9ced002f6784e"},"description":"Se for para o estrangeiro, fa\u00e7a um seguro de viagem para se proteger contra despesas m\u00e9dicas inesperadas.","breadcrumb":{"@id":"https:\/\/regbu.com\/pt\/seguro-de-viagem-e-protecao-essencial\/#breadcrumb"},"mainEntity":[{"@id":"https:\/\/regbu.com\/pt\/seguro-de-viagem-e-protecao-essencial\/#faq-question-1687356398473"},{"@id":"https:\/\/regbu.com\/pt\/seguro-de-viagem-e-protecao-essencial\/#faq-question-1687356405357"},{"@id":"https:\/\/regbu.com\/pt\/seguro-de-viagem-e-protecao-essencial\/#faq-question-1687356413120"},{"@id":"https:\/\/regbu.com\/pt\/seguro-de-viagem-e-protecao-essencial\/#faq-question-1687356424631"},{"@id":"https:\/\/regbu.com\/pt\/seguro-de-viagem-e-protecao-essencial\/#faq-question-1687356431244"}],"inLanguage":"pt-PT","potentialAction":[{"@type":"ReadAction","target":["https:\/\/regbu.com\/pt\/seguro-de-viagem-e-protecao-essencial\/"]}]},{"@type":"ImageObject","inLanguage":"pt-PT","@id":"https:\/\/regbu.com\/pt\/seguro-de-viagem-e-protecao-essencial\/#primaryimage","url":"https:\/\/regbu.com\/wp-content\/uploads\/2023\/06\/cestovni-pojisteni-je-nezbytnou-ochranou.jpg","contentUrl":"https:\/\/regbu.com\/wp-content\/uploads\/2023\/06\/cestovni-pojisteni-je-nezbytnou-ochranou.jpg","width":1200,"height":676,"caption":"Cestovn\u00ed poji\u0161t\u011bn\u00ed je nezbytnou ochranou"},{"@type":"BreadcrumbList","@id":"https:\/\/regbu.com\/pt\/seguro-de-viagem-e-protecao-essencial\/#breadcrumb","itemListElement":[{"@type":"ListItem","position":1,"name":"Home","item":"https:\/\/regbu.com\/en\/"},{"@type":"ListItem","position":2,"name":"Cestovn\u00ed poji\u0161t\u011bn\u00ed je nezbytnou ochranou"}]},{"@type":"WebSite","@id":"https:\/\/regbu.com\/en\/#website","url":"https:\/\/regbu.com\/en\/","name":"REGBU.COM","description":"","potentialAction":[{"@type":"SearchAction","target":{"@type":"EntryPoint","urlTemplate":"https:\/\/regbu.com\/en\/?s={search_term_string}"},"query-input":{"@type":"PropertyValueSpecification","valueRequired":true,"valueName":"search_term_string"}}],"inLanguage":"pt-PT"},{"@type":"Person","@id":"https:\/\/regbu.com\/en\/#\/schema\/person\/94ea9deda2629771b8a9ced002f6784e","name":"George Martin","url":"https:\/\/regbu.com\/pt\/author\/george-martin\/"},{"@type":"Question","@id":"https:\/\/regbu.com\/pt\/seguro-de-viagem-e-protecao-essencial\/#faq-question-1687356398473","position":1,"url":"https:\/\/regbu.com\/pt\/seguro-de-viagem-e-protecao-essencial\/#faq-question-1687356398473","name":"Quais s\u00e3o as op\u00e7\u00f5es de seguro de viagem?","answerCount":1,"acceptedAnswer":{"@type":"Answer","text":"Pojistit si m\u016f\u017eete t\u0159eba storno z\u00e1jezdu, odpov\u011bdnost za \u0161kodu zp\u016fsobenou jin\u00fdm osob\u00e1m nebo cestovn\u00ed zavazadla a jejich ztr\u00e1tu.","inLanguage":"pt-PT"},"inLanguage":"pt-PT"},{"@type":"Question","@id":"https:\/\/regbu.com\/pt\/seguro-de-viagem-e-protecao-essencial\/#faq-question-1687356405357","position":2,"url":"https:\/\/regbu.com\/pt\/seguro-de-viagem-e-protecao-essencial\/#faq-question-1687356405357","name":"Posso tamb\u00e9m subscrever um seguro de acidentes?","answerCount":1,"acceptedAnswer":{"@type":"Answer","text":"Ano, \u00farazov\u00e9 poji\u0161t\u011bn\u00ed m\u016f\u017ee b\u00fdt ned\u00edlnou sou\u010d\u00e1st\u00ed toho cestovn\u00edho v p\u0159edem definovan\u00e9m rozsahu.","inLanguage":"pt-PT"},"inLanguage":"pt-PT"},{"@type":"Question","@id":"https:\/\/regbu.com\/pt\/seguro-de-viagem-e-protecao-essencial\/#faq-question-1687356413120","position":3,"url":"https:\/\/regbu.com\/pt\/seguro-de-viagem-e-protecao-essencial\/#faq-question-1687356413120","name":"O que \u00e9 importante num seguro de viagem?","answerCount":1,"acceptedAnswer":{"@type":"Answer","text":"V prvn\u00ed \u0159ad\u011b je to rozsah slu\u017eeb zahrnut\u00fdch v poji\u0161t\u011bn\u00ed a d\u00e1le tak\u00e9 v\u00fd\u0161e finan\u010dn\u00edho pln\u011bn\u00ed.","inLanguage":"pt-PT"},"inLanguage":"pt-PT"},{"@type":"Question","@id":"https:\/\/regbu.com\/pt\/seguro-de-viagem-e-protecao-essencial\/#faq-question-1687356424631","position":4,"url":"https:\/\/regbu.com\/pt\/seguro-de-viagem-e-protecao-essencial\/#faq-question-1687356424631","name":"O que podem incluir os servi\u00e7os de assist\u00eancia adicionais?","answerCount":1,"acceptedAnswer":{"@type":"Answer","text":"Zaji\u0161t\u011bn V\u00e1m bude p\u0159eklad v r\u00e1mci \u0159e\u0161en\u00ed pojistn\u00e9 ud\u00e1losti. Poskytuje se pomoc p\u0159i nalezen\u00ed n\u00e1hradn\u00edho ubytov\u00e1n\u00ed, odborn\u00e1 kontrola l\u00e9ka\u0159sk\u00fdch \u00fakonu a uhrazen\u00ed kauce p\u0159i poru\u0161en\u00ed tamn\u00edch z\u00e1kon\u016f.","inLanguage":"pt-PT"},"inLanguage":"pt-PT"},{"@type":"Question","@id":"https:\/\/regbu.com\/pt\/seguro-de-viagem-e-protecao-essencial\/#faq-question-1687356431244","position":5,"url":"https:\/\/regbu.com\/pt\/seguro-de-viagem-e-protecao-essencial\/#faq-question-1687356431244","name":"Quando \u00e9 que vale a pena subscrever o seguro de viagem necess\u00e1rio?","answerCount":1,"acceptedAnswer":{"@type":"Answer","text":"Poji\u0161t\u011bn\u00ed si sjednejte alespo\u0148 den p\u0159ed pl\u00e1novanou cestou s platnost\u00ed ode dne, kdy poprv\u00e9 vyjedete za hranice.","inLanguage":"pt-PT"},"inLanguage":"pt-PT"}]}},"_links":{"self":[{"href":"https:\/\/regbu.com\/pt\/wp-json\/wp\/v2\/posts\/944","targetHints":{"allow":["GET"]}}],"collection":[{"href":"https:\/\/regbu.com\/pt\/wp-json\/wp\/v2\/posts"}],"about":[{"href":"https:\/\/regbu.com\/pt\/wp-json\/wp\/v2\/types\/post"}],"author":[{"embeddable":true,"href":"https:\/\/regbu.com\/pt\/wp-json\/wp\/v2\/users\/2"}],"replies":[{"embeddable":true,"href":"https:\/\/regbu.com\/pt\/wp-json\/wp\/v2\/comments?post=944"}],"version-history":[{"count":2,"href":"https:\/\/regbu.com\/pt\/wp-json\/wp\/v2\/posts\/944\/revisions"}],"predecessor-version":[{"id":962,"href":"https:\/\/regbu.com\/pt\/wp-json\/wp\/v2\/posts\/944\/revisions\/962"}],"wp:featuredmedia":[{"embeddable":true,"href":"https:\/\/regbu.com\/pt\/wp-json\/wp\/v2\/media\/945"}],"wp:attachment":[{"href":"https:\/\/regbu.com\/pt\/wp-json\/wp\/v2\/media?parent=944"}],"wp:term":[{"taxonomy":"category","embeddable":true,"href":"https:\/\/regbu.com\/pt\/wp-json\/wp\/v2\/categories?post=944"},{"taxonomy":"post_tag","embeddable":true,"href":"https:\/\/regbu.com\/pt\/wp-json\/wp\/v2\/tags?post=944"}],"curies":[{"name":"wp","href":"https:\/\/api.w.org\/{rel}","templated":true}]}}