{"id":941,"date":"2023-06-21T16:06:16","date_gmt":"2023-06-21T14:06:16","guid":{"rendered":"https:\/\/regbu.com\/?p=941"},"modified":"2025-09-05T07:42:09","modified_gmt":"2025-09-05T05:42:09","slug":"dovolena-na-kole-na-co-nezapomenout","status":"publish","type":"post","link":"https:\/\/regbu.com\/pt\/ferias-na-escola-o-que-nao-esquecer\/","title":{"rendered":"F\u00e9rias em bicicleta - O que \u00e9 preciso ter em conta?"},"content":{"rendered":"<p>Umas f\u00e9rias de bicicleta s\u00e3o t\u00e3o aventureiras e divertidas como umas f\u00e9rias de barco. A \u00fanica diferen\u00e7a \u00e9 que, neste caso, n\u00e3o estar\u00e1 interessado em <strong><a href=\"https:\/\/regbu.com\/pt\/equipamento-de-orientacao-de-e-para\/\">equipamento n\u00e1utico<\/a><\/strong>mas vai procurar um equipamento adequado para a bicicleta. Isto, claro, depende de muitos factores diferentes.<\/p>\n\n\n\n<ul class=\"wp-block-list\">\n<li>Em que bicicleta vai andar?<\/li>\n\n\n\n<li>Que tipo de locais pesca?<\/li>\n\n\n\n<li>Quanto tempo \u00e9 que vai durar?<\/li>\n<\/ul>\n\n\n\n<p>Com base nestas tr\u00eas respostas, pode come\u00e7ar a fazer a sua lista de bens essenciais. Umas f\u00e9rias de bicicleta podem ser literalmente inesquec\u00edveis com o equipamento correto e completo.<\/p>\n\n\n\n<h2 class=\"wp-block-heading\">Come\u00e7ar pelo b\u00e1sico<\/h2>\n\n\n\n<p>Quando se viaja de bicicleta, h\u00e1 dois grupos de objectos que s\u00e3o necess\u00e1rios. O primeiro \u00e9 o equipamento associado \u00e0 pr\u00f3pria bicicleta. O segundo <strong>vestu\u00e1rio e acess\u00f3rios associados<\/strong>. \u00c9 preciso cola e tubos sobresselentes para a roda. Definitivamente, n\u00e3o v\u00e1 a lado nenhum sem estes elementos b\u00e1sicos. Mas h\u00e1 mais do que suficientes coisas semelhantes.<\/p>\n\n\n\n<figure class=\"wp-block-table\"><table><tbody><tr><td><strong>Assunto<\/strong><\/td><td><strong>Informa\u00e7\u00f5es<\/strong><\/td><\/tr><tr><td>Bomba<\/td><td>Vers\u00e3o de viagem<\/td><\/tr><tr><td>Lubrificante<\/td><td>B\u00e1sico<\/td><\/tr><tr><td>Castelo<\/td><td>Corrente ou corda<\/td><\/tr><tr><td>Ilumina\u00e7\u00e3o<\/td><td>Para a frente e para tr\u00e1s<\/td><\/tr><\/tbody><\/table><figcaption class=\"wp-element-caption\">Equipamento essencial a ter em conta quando se anda de bicicleta nas f\u00e9rias.<\/figcaption><\/figure>\n\n\n\n<p>Se vai de f\u00e9rias de bicicleta, certifique-se de que n\u00e3o esquece as ferramentas necess\u00e1rias para eventuais repara\u00e7\u00f5es. Normalmente, basta um kit b\u00e1sico, que pode ser adquirido em qualquer loja de bicicletas. Por fim, \u00e9 aconselh\u00e1vel levar uma garrafa de \u00e1gua.<\/p>\n\n\n\n<h3 class=\"wp-block-heading\">F\u00e9rias em bicicleta - O que levar?<\/h3>\n\n\n\n<p>Se vai andar de bicicleta durante muito tempo e tem dezenas de quil\u00f3metros para percorrer, tem de levar tudo o que precisa. Para o fazer. <em>\u00e9 necess\u00e1rio um saco suficientemente grande<\/em>. Estes podem ser montados n\u00e3o s\u00f3 no porta-bagagens traseiro, mas tamb\u00e9m no porta-bagagens dianteiro. A exce\u00e7\u00e3o s\u00e3o os sacos de quadro ou de guiador, onde pode guardar o seu telem\u00f3vel com navega\u00e7\u00e3o ou um mapa em papel.<\/p>\n\n\n\n<p>\u00c9 claro que umas f\u00e9rias de bicicleta mais longas requerem certas coisas. Se n\u00e3o vai dormir em casas de h\u00f3spedes, leve uma pequena mala de ciclismo <strong>tenda, saco-cama e colch\u00e3o<\/strong>. Roupa interior funcional, incluindo roupa sobresselente, \u00e9 outra necessidade. N\u00e3o se esque\u00e7a de um imperme\u00e1vel, de artigos de higiene b\u00e1sicos e de fontes de energia. Talvez sob a forma de um powerbank. Protetor solar ou creme para assaduras e p\u00e9s doridos tamb\u00e9m s\u00e3o \u00fateis.<\/p>","protected":false},"excerpt":{"rendered":"<p>Umas f\u00e9rias de bicicleta s\u00e3o t\u00e3o aventureiras e divertidas como umas f\u00e9rias de barco. A \u00fanica diferen\u00e7a \u00e9 que, neste caso, n\u00e3o est\u00e1 interessado no equipamento de remo, mas sim em encontrar o equipamento certo para a sua bicicleta. Isto, como \u00e9 \u00f3bvio, depende de muitos factores diferentes. Com base nestas tr\u00eas respostas, pode come\u00e7ar a fazer uma lista do equipamento necess\u00e1rio ... <\/p>","protected":false},"author":2,"featured_media":942,"comment_status":"closed","ping_status":"closed","sticky":false,"template":"","format":"standard","meta":{"footnotes":""},"categories":[8],"tags":[823,912,900,907,909,913,831,911,910,824,908,770],"class_list":["post-941","post","type-post","status-publish","format-standard","has-post-thumbnail","hentry","category-cestovani","tag-boty","tag-brasny","tag-dovolena","tag-dovolena-na-kole","tag-duse","tag-helma","tag-kolo","tag-lahev","tag-lepeni","tag-obleceni","tag-pumpicka","tag-vybaveni"],"yoast_head":"<!-- This site is optimized with the Yoast SEO plugin v27.5 - https:\/\/yoast.com\/product\/yoast-seo-wordpress\/ -->\n<title>Dovolen\u00e1 na kole \u2013 Na co nezapomenout? - REGBU.COM<\/title>\n<meta name=\"description\" content=\"V\u00edte, co v\u0161echno obn\u00e1\u0161\u00ed dovolen\u00e1 na kole z pohledu nezbytn\u00e9ho vybaven\u00ed? Prozrad\u00edme V\u00e1m, co si vz\u00edt s sebou.\" \/>\n<meta name=\"robots\" content=\"index, follow, max-snippet:-1, max-image-preview:large, max-video-preview:-1\" \/>\n<link rel=\"canonical\" href=\"https:\/\/regbu.com\/pt\/ferias-na-escola-o-que-nao-esquecer\/\" \/>\n<meta property=\"og:locale\" content=\"pt_PT\" \/>\n<meta property=\"og:type\" content=\"article\" \/>\n<meta property=\"og:title\" content=\"Dovolen\u00e1 na kole \u2013 Na co nezapomenout? - REGBU.COM\" \/>\n<meta property=\"og:description\" content=\"V\u00edte, co v\u0161echno obn\u00e1\u0161\u00ed dovolen\u00e1 na kole z pohledu nezbytn\u00e9ho vybaven\u00ed? Prozrad\u00edme V\u00e1m, co si vz\u00edt s sebou.\" \/>\n<meta property=\"og:url\" content=\"https:\/\/regbu.com\/pt\/ferias-na-escola-o-que-nao-esquecer\/\" \/>\n<meta property=\"og:site_name\" content=\"REGBU.COM\" \/>\n<meta property=\"article:published_time\" content=\"2023-06-21T14:06:16+00:00\" \/>\n<meta property=\"article:modified_time\" content=\"2025-09-05T05:42:09+00:00\" \/>\n<meta property=\"og:image\" content=\"https:\/\/regbu.com\/wp-content\/uploads\/2023\/06\/dovolena-na-kole-na-co-nezapomenout.jpg\" \/>\n\t<meta property=\"og:image:width\" content=\"1200\" \/>\n\t<meta property=\"og:image:height\" content=\"675\" \/>\n\t<meta property=\"og:image:type\" content=\"image\/jpeg\" \/>\n<meta name=\"author\" content=\"George Martin\" \/>\n<meta name=\"twitter:card\" content=\"summary_large_image\" \/>\n<meta name=\"twitter:label1\" content=\"Escrito por\" \/>\n\t<meta name=\"twitter:data1\" content=\"George Martin\" \/>\n\t<meta name=\"twitter:label2\" content=\"Tempo estimado de leitura\" \/>\n\t<meta name=\"twitter:data2\" content=\"2 minutos\" \/>\n<script type=\"application\/ld+json\" class=\"yoast-schema-graph\">{\"@context\":\"https:\\\/\\\/schema.org\",\"@graph\":[{\"@type\":\"Article\",\"@id\":\"https:\\\/\\\/regbu.com\\\/pt\\\/ferias-na-escola-o-que-nao-esquecer\\\/#article\",\"isPartOf\":{\"@id\":\"https:\\\/\\\/regbu.com\\\/pt\\\/ferias-na-escola-o-que-nao-esquecer\\\/\"},\"author\":{\"name\":\"George Martin\",\"@id\":\"https:\\\/\\\/regbu.com\\\/en\\\/#\\\/schema\\\/person\\\/94ea9deda2629771b8a9ced002f6784e\"},\"headline\":\"Dovolen\u00e1 na kole \u2013 Na co nezapomenout?\",\"datePublished\":\"2023-06-21T14:06:16+00:00\",\"dateModified\":\"2025-09-05T05:42:09+00:00\",\"mainEntityOfPage\":{\"@id\":\"https:\\\/\\\/regbu.com\\\/pt\\\/ferias-na-escola-o-que-nao-esquecer\\\/\"},\"wordCount\":456,\"image\":{\"@id\":\"https:\\\/\\\/regbu.com\\\/pt\\\/ferias-na-escola-o-que-nao-esquecer\\\/#primaryimage\"},\"thumbnailUrl\":\"https:\\\/\\\/regbu.com\\\/wp-content\\\/uploads\\\/2023\\\/06\\\/dovolena-na-kole-na-co-nezapomenout.jpg\",\"keywords\":[\"boty\",\"bra\u0161ny\",\"dovolen\u00e1\",\"dovolen\u00e1 na kole\",\"du\u0161e\",\"helma\",\"kolo\",\"l\u00e1hev\",\"lepen\u00ed\",\"oble\u010den\u00ed\",\"pumpi\u010dka\",\"vybaven\u00ed\"],\"articleSection\":[\"Cestov\u00e1n\u00ed\"],\"inLanguage\":\"pt-PT\"},{\"@type\":\"WebPage\",\"@id\":\"https:\\\/\\\/regbu.com\\\/pt\\\/ferias-na-escola-o-que-nao-esquecer\\\/\",\"url\":\"https:\\\/\\\/regbu.com\\\/pt\\\/ferias-na-escola-o-que-nao-esquecer\\\/\",\"name\":\"Dovolen\u00e1 na kole \u2013 Na co nezapomenout? - REGBU.COM\",\"isPartOf\":{\"@id\":\"https:\\\/\\\/regbu.com\\\/en\\\/#website\"},\"primaryImageOfPage\":{\"@id\":\"https:\\\/\\\/regbu.com\\\/pt\\\/ferias-na-escola-o-que-nao-esquecer\\\/#primaryimage\"},\"image\":{\"@id\":\"https:\\\/\\\/regbu.com\\\/pt\\\/ferias-na-escola-o-que-nao-esquecer\\\/#primaryimage\"},\"thumbnailUrl\":\"https:\\\/\\\/regbu.com\\\/wp-content\\\/uploads\\\/2023\\\/06\\\/dovolena-na-kole-na-co-nezapomenout.jpg\",\"datePublished\":\"2023-06-21T14:06:16+00:00\",\"dateModified\":\"2025-09-05T05:42:09+00:00\",\"author\":{\"@id\":\"https:\\\/\\\/regbu.com\\\/en\\\/#\\\/schema\\\/person\\\/94ea9deda2629771b8a9ced002f6784e\"},\"description\":\"V\u00edte, co v\u0161echno obn\u00e1\u0161\u00ed dovolen\u00e1 na kole z pohledu nezbytn\u00e9ho vybaven\u00ed? Prozrad\u00edme V\u00e1m, co si vz\u00edt s sebou.\",\"breadcrumb\":{\"@id\":\"https:\\\/\\\/regbu.com\\\/pt\\\/ferias-na-escola-o-que-nao-esquecer\\\/#breadcrumb\"},\"inLanguage\":\"pt-PT\",\"potentialAction\":[{\"@type\":\"ReadAction\",\"target\":[\"https:\\\/\\\/regbu.com\\\/pt\\\/ferias-na-escola-o-que-nao-esquecer\\\/\"]}]},{\"@type\":\"ImageObject\",\"inLanguage\":\"pt-PT\",\"@id\":\"https:\\\/\\\/regbu.com\\\/pt\\\/ferias-na-escola-o-que-nao-esquecer\\\/#primaryimage\",\"url\":\"https:\\\/\\\/regbu.com\\\/wp-content\\\/uploads\\\/2023\\\/06\\\/dovolena-na-kole-na-co-nezapomenout.jpg\",\"contentUrl\":\"https:\\\/\\\/regbu.com\\\/wp-content\\\/uploads\\\/2023\\\/06\\\/dovolena-na-kole-na-co-nezapomenout.jpg\",\"width\":1200,\"height\":675,\"caption\":\"Dovolen\u00e1 na kole \u2013 Na co nezapomenout?\"},{\"@type\":\"BreadcrumbList\",\"@id\":\"https:\\\/\\\/regbu.com\\\/pt\\\/ferias-na-escola-o-que-nao-esquecer\\\/#breadcrumb\",\"itemListElement\":[{\"@type\":\"ListItem\",\"position\":1,\"name\":\"Home\",\"item\":\"https:\\\/\\\/regbu.com\\\/en\\\/\"},{\"@type\":\"ListItem\",\"position\":2,\"name\":\"Dovolen\u00e1 na kole \u2013 Na co nezapomenout?\"}]},{\"@type\":\"WebSite\",\"@id\":\"https:\\\/\\\/regbu.com\\\/en\\\/#website\",\"url\":\"https:\\\/\\\/regbu.com\\\/en\\\/\",\"name\":\"REGBU.COM\",\"description\":\"\",\"potentialAction\":[{\"@type\":\"SearchAction\",\"target\":{\"@type\":\"EntryPoint\",\"urlTemplate\":\"https:\\\/\\\/regbu.com\\\/en\\\/?s={search_term_string}\"},\"query-input\":{\"@type\":\"PropertyValueSpecification\",\"valueRequired\":true,\"valueName\":\"search_term_string\"}}],\"inLanguage\":\"pt-PT\"},{\"@type\":\"Person\",\"@id\":\"https:\\\/\\\/regbu.com\\\/en\\\/#\\\/schema\\\/person\\\/94ea9deda2629771b8a9ced002f6784e\",\"name\":\"George Martin\",\"url\":\"https:\\\/\\\/regbu.com\\\/pt\\\/author\\\/george-martin\\\/\"}]}<\/script>\n<!-- \/ Yoast SEO plugin. -->","yoast_head_json":{"title":"F\u00e9rias em bicicleta - O que n\u00e3o esquecer? - REGBU.COM","description":"Sabe o que implica uma viagem de bicicleta em termos de equipamento essencial? N\u00f3s dizemos-lhe o que deve levar consigo.","robots":{"index":"index","follow":"follow","max-snippet":"max-snippet:-1","max-image-preview":"max-image-preview:large","max-video-preview":"max-video-preview:-1"},"canonical":"https:\/\/regbu.com\/pt\/ferias-na-escola-o-que-nao-esquecer\/","og_locale":"pt_PT","og_type":"article","og_title":"Dovolen\u00e1 na kole \u2013 Na co nezapomenout? - REGBU.COM","og_description":"V\u00edte, co v\u0161echno obn\u00e1\u0161\u00ed dovolen\u00e1 na kole z pohledu nezbytn\u00e9ho vybaven\u00ed? Prozrad\u00edme V\u00e1m, co si vz\u00edt s sebou.","og_url":"https:\/\/regbu.com\/pt\/ferias-na-escola-o-que-nao-esquecer\/","og_site_name":"REGBU.COM","article_published_time":"2023-06-21T14:06:16+00:00","article_modified_time":"2025-09-05T05:42:09+00:00","og_image":[{"width":1200,"height":675,"url":"https:\/\/regbu.com\/wp-content\/uploads\/2023\/06\/dovolena-na-kole-na-co-nezapomenout.jpg","type":"image\/jpeg"}],"author":"George Martin","twitter_card":"summary_large_image","twitter_misc":{"Escrito por":"George Martin","Tempo estimado de leitura":"2 minutos"},"schema":{"@context":"https:\/\/schema.org","@graph":[{"@type":"Article","@id":"https:\/\/regbu.com\/pt\/ferias-na-escola-o-que-nao-esquecer\/#article","isPartOf":{"@id":"https:\/\/regbu.com\/pt\/ferias-na-escola-o-que-nao-esquecer\/"},"author":{"name":"George Martin","@id":"https:\/\/regbu.com\/en\/#\/schema\/person\/94ea9deda2629771b8a9ced002f6784e"},"headline":"Dovolen\u00e1 na kole \u2013 Na co nezapomenout?","datePublished":"2023-06-21T14:06:16+00:00","dateModified":"2025-09-05T05:42:09+00:00","mainEntityOfPage":{"@id":"https:\/\/regbu.com\/pt\/ferias-na-escola-o-que-nao-esquecer\/"},"wordCount":456,"image":{"@id":"https:\/\/regbu.com\/pt\/ferias-na-escola-o-que-nao-esquecer\/#primaryimage"},"thumbnailUrl":"https:\/\/regbu.com\/wp-content\/uploads\/2023\/06\/dovolena-na-kole-na-co-nezapomenout.jpg","keywords":["boty","bra\u0161ny","dovolen\u00e1","dovolen\u00e1 na kole","du\u0161e","helma","kolo","l\u00e1hev","lepen\u00ed","oble\u010den\u00ed","pumpi\u010dka","vybaven\u00ed"],"articleSection":["Cestov\u00e1n\u00ed"],"inLanguage":"pt-PT"},{"@type":"WebPage","@id":"https:\/\/regbu.com\/pt\/ferias-na-escola-o-que-nao-esquecer\/","url":"https:\/\/regbu.com\/pt\/ferias-na-escola-o-que-nao-esquecer\/","name":"F\u00e9rias em bicicleta - O que n\u00e3o esquecer? - REGBU.COM","isPartOf":{"@id":"https:\/\/regbu.com\/en\/#website"},"primaryImageOfPage":{"@id":"https:\/\/regbu.com\/pt\/ferias-na-escola-o-que-nao-esquecer\/#primaryimage"},"image":{"@id":"https:\/\/regbu.com\/pt\/ferias-na-escola-o-que-nao-esquecer\/#primaryimage"},"thumbnailUrl":"https:\/\/regbu.com\/wp-content\/uploads\/2023\/06\/dovolena-na-kole-na-co-nezapomenout.jpg","datePublished":"2023-06-21T14:06:16+00:00","dateModified":"2025-09-05T05:42:09+00:00","author":{"@id":"https:\/\/regbu.com\/en\/#\/schema\/person\/94ea9deda2629771b8a9ced002f6784e"},"description":"Sabe o que implica uma viagem de bicicleta em termos de equipamento essencial? N\u00f3s dizemos-lhe o que deve levar consigo.","breadcrumb":{"@id":"https:\/\/regbu.com\/pt\/ferias-na-escola-o-que-nao-esquecer\/#breadcrumb"},"inLanguage":"pt-PT","potentialAction":[{"@type":"ReadAction","target":["https:\/\/regbu.com\/pt\/ferias-na-escola-o-que-nao-esquecer\/"]}]},{"@type":"ImageObject","inLanguage":"pt-PT","@id":"https:\/\/regbu.com\/pt\/ferias-na-escola-o-que-nao-esquecer\/#primaryimage","url":"https:\/\/regbu.com\/wp-content\/uploads\/2023\/06\/dovolena-na-kole-na-co-nezapomenout.jpg","contentUrl":"https:\/\/regbu.com\/wp-content\/uploads\/2023\/06\/dovolena-na-kole-na-co-nezapomenout.jpg","width":1200,"height":675,"caption":"Dovolen\u00e1 na kole \u2013 Na co nezapomenout?"},{"@type":"BreadcrumbList","@id":"https:\/\/regbu.com\/pt\/ferias-na-escola-o-que-nao-esquecer\/#breadcrumb","itemListElement":[{"@type":"ListItem","position":1,"name":"Home","item":"https:\/\/regbu.com\/en\/"},{"@type":"ListItem","position":2,"name":"Dovolen\u00e1 na kole \u2013 Na co nezapomenout?"}]},{"@type":"WebSite","@id":"https:\/\/regbu.com\/en\/#website","url":"https:\/\/regbu.com\/en\/","name":"REGBU.COM","description":"","potentialAction":[{"@type":"SearchAction","target":{"@type":"EntryPoint","urlTemplate":"https:\/\/regbu.com\/en\/?s={search_term_string}"},"query-input":{"@type":"PropertyValueSpecification","valueRequired":true,"valueName":"search_term_string"}}],"inLanguage":"pt-PT"},{"@type":"Person","@id":"https:\/\/regbu.com\/en\/#\/schema\/person\/94ea9deda2629771b8a9ced002f6784e","name":"George Martin","url":"https:\/\/regbu.com\/pt\/author\/george-martin\/"}]}},"_links":{"self":[{"href":"https:\/\/regbu.com\/pt\/wp-json\/wp\/v2\/posts\/941","targetHints":{"allow":["GET"]}}],"collection":[{"href":"https:\/\/regbu.com\/pt\/wp-json\/wp\/v2\/posts"}],"about":[{"href":"https:\/\/regbu.com\/pt\/wp-json\/wp\/v2\/types\/post"}],"author":[{"embeddable":true,"href":"https:\/\/regbu.com\/pt\/wp-json\/wp\/v2\/users\/2"}],"replies":[{"embeddable":true,"href":"https:\/\/regbu.com\/pt\/wp-json\/wp\/v2\/comments?post=941"}],"version-history":[{"count":2,"href":"https:\/\/regbu.com\/pt\/wp-json\/wp\/v2\/posts\/941\/revisions"}],"predecessor-version":[{"id":960,"href":"https:\/\/regbu.com\/pt\/wp-json\/wp\/v2\/posts\/941\/revisions\/960"}],"wp:featuredmedia":[{"embeddable":true,"href":"https:\/\/regbu.com\/pt\/wp-json\/wp\/v2\/media\/942"}],"wp:attachment":[{"href":"https:\/\/regbu.com\/pt\/wp-json\/wp\/v2\/media?parent=941"}],"wp:term":[{"taxonomy":"category","embeddable":true,"href":"https:\/\/regbu.com\/pt\/wp-json\/wp\/v2\/categories?post=941"},{"taxonomy":"post_tag","embeddable":true,"href":"https:\/\/regbu.com\/pt\/wp-json\/wp\/v2\/tags?post=941"}],"curies":[{"name":"wp","href":"https:\/\/api.w.org\/{rel}","templated":true}]}}