{"id":454,"date":"2022-01-25T17:00:55","date_gmt":"2022-01-25T16:00:55","guid":{"rendered":"https:\/\/regbu.com\/?p=454"},"modified":"2025-09-05T07:42:40","modified_gmt":"2025-09-05T05:42:40","slug":"osamelost-a-socialni-site-spolu-dost-souvisi","status":"publish","type":"post","link":"https:\/\/regbu.com\/pt\/loneliness-and-social-site-together-connect-connect\/","title":{"rendered":"Solid\u00e3o e redes sociais s\u00e3o bastante relacionadas"},"content":{"rendered":"<p>Existem v\u00e1rios termos associados \u00e0s redes sociais. E n\u00e3o \u00e9 s\u00f3 divers\u00e3o, alegria e descoberta. Muitos utilizadores ir\u00e3o confirmar que tamb\u00e9m pode ser <strong><a href=\"https:\/\/regbu.com\/pt\/insonia-causas-mudanca-social-sistema-como-e-e\/\">Ins\u00f4nia<\/a><\/strong>cyberbullying e outros. No artigo de hoje, vamos nos concentrar na solid\u00e3o, que pode ser vista, naturalmente, como um dos impactos negativos das redes sociais.<\/p>\n\n\n\n<h2 class=\"wp-block-heading\">Solid\u00e3o com muitos amigos<\/h2>\n\n\n\n<p>Muitos de voc\u00eas devem estar a perguntar-se como <strong>a solid\u00e3o pode estar relacionada a redes sociais<\/strong>. Afinal, voc\u00ea tem amigos mais do que suficientes. Alguns t\u00eam d\u00fazias, outros at\u00e9 centenas. Mas geralmente estes s\u00e3o amigos virtuais que voc\u00ea dificilmente encontra na vida real na rua ou vive em algum lugar do seu bairro. E aqui est\u00e1 o in\u00edcio de uma certa solid\u00e3o que cresce gradualmente.<\/p>\n\n\n\n<h3 class=\"wp-block-heading\">Os tempos est\u00e3o a mudar<\/h3>\n\n\n\n<p>Costumava ser normal mostrar uma coisa nova aos seus amigos. Trouxeste-o para o mostrar, falar sobre isso, esse tipo de coisas. Voc\u00ea enviaria um cart\u00e3o postal das suas f\u00e9rias e tudo seria <strong>contato muito mais pessoal<\/strong>. Mas as redes sociais trouxeram possibilidades ligeiramente diferentes. Hoje, voc\u00ea n\u00e3o pode nem mesmo ver a pessoa em quest\u00e3o. Voc\u00ea coloca uma foto de uma coisa nova em uma rede social para se exibir e n\u00e3o fala uma palavra a ningu\u00e9m. <strong>Da\u00ed a solid\u00e3o<\/strong>mas tamb\u00e9m outros problemas psicol\u00f3gicos. Discutiremos mais este t\u00f3pico atrav\u00e9s das perguntas e respostas abaixo.<\/p>\n\n\n\n<div class=\"schema-faq wp-block-yoast-faq-block\"><div class=\"schema-faq-section\" id=\"faq-question-1623742264438\"><strong class=\"schema-faq-question\">Que grupo de pessoas \u00e9 afetado por sentimentos de solid\u00e3o nas m\u00eddias sociais?<\/strong> <p class=\"schema-faq-answer\">De acordo com v\u00e1rias pesquisas, isto \u00e9 especialmente verdade para a gera\u00e7\u00e3o mais jovem, que \u00e9 literalmente viciada em meios de comunica\u00e7\u00e3o.<\/p> <\/div> <div class=\"schema-faq-section\" id=\"faq-question-1623742272780\"><strong class=\"schema-faq-question\">Quantos anos os indiv\u00edduos s\u00e3o t\u00e3o afectados?<\/strong> <p class=\"schema-faq-answer\">Eles s\u00e3o principalmente pessoas entre 19 e 32 anos de idade.<\/p> <\/div> <div class=\"schema-faq-section\" id=\"faq-question-1623742281524\"><strong class=\"schema-faq-question\">O que contribui para a solid\u00e3o?<\/strong> <p class=\"schema-faq-answer\">Tenho a certeza que est\u00e1 a seguir vidas felizes nas redes sociais, enquanto a sua n\u00e3o envolve contacto f\u00edsico e pessoas.<\/p> <\/div> <div class=\"schema-faq-section\" id=\"faq-question-1623742290242\"><strong class=\"schema-faq-question\">As redes sociais s\u00e3o um bom servo e um mau mestre?<\/strong> <p class=\"schema-faq-answer\">Em ess\u00eancia, sim. Por um lado voc\u00ea tem muitos amigos, por outro voc\u00ea n\u00e3o tem ningu\u00e9m com quem se relacione.<\/p> <\/div> <div class=\"schema-faq-section\" id=\"faq-question-1623742301013\"><strong class=\"schema-faq-question\">Quando \u00e9 que a solid\u00e3o se manifesta nas redes sociais?<\/strong> <p class=\"schema-faq-answer\">De acordo com pesquisas, passar mais de duas horas por dia em redes sociais pode ser suficiente para que voc\u00ea se sinta solit\u00e1rio.<\/p> <\/div> <\/div>","protected":false},"excerpt":{"rendered":"<p>Existem v\u00e1rios termos associados \u00e0s redes sociais. E n\u00e3o \u00e9 s\u00f3 divers\u00e3o, alegria e descoberta. Muitos usu\u00e1rios confirmar\u00e3o que tamb\u00e9m pode ser ins\u00f4nia, cyberbullying e muito mais. No artigo de hoje, vamos nos concentrar na solid\u00e3o, que, compreensivelmente, pode ser vista como um dos impactos negativos das redes sociais. Solid\u00e3o com muitos amigos Muitos ... <\/p>","protected":false},"author":2,"featured_media":455,"comment_status":"closed","ping_status":"closed","sticky":false,"template":"","format":"standard","meta":{"footnotes":""},"categories":[197],"tags":[293,497,498,499,500,501,502,367,375,481],"class_list":["post-454","post","type-post","status-publish","format-standard","has-post-thumbnail","hentry","category-lidske-zdravi","tag-internet","tag-kamaradi","tag-kontakt","tag-osamelost","tag-osameni","tag-pratele","tag-samota","tag-socialni-sit","tag-socialni-site","tag-virtualni-svet"],"yoast_head":"<!-- This site is optimized with the Yoast SEO plugin v27.5 - https:\/\/yoast.com\/product\/yoast-seo-wordpress\/ -->\n<title>Osam\u011blost a soci\u00e1ln\u00ed s\u00edt\u011b spolu dost souvis\u00ed - REGBU.COM<\/title>\n<meta name=\"description\" content=\"Osam\u011blost je velice nep\u0159\u00edjemnou z\u00e1le\u017eitost\u00ed. S roz\u0161i\u0159ov\u00e1n\u00edm soci\u00e1ln\u00edch s\u00edt\u00ed \u010dasto postihuje mlad\u0161\u00ed lidi. Zjist\u011bte o tomto t\u00e9matu v\u00edce.\" \/>\n<meta name=\"robots\" content=\"index, follow, max-snippet:-1, max-image-preview:large, max-video-preview:-1\" \/>\n<link rel=\"canonical\" href=\"https:\/\/regbu.com\/pt\/loneliness-and-social-site-together-connect-connect\/\" \/>\n<meta property=\"og:locale\" content=\"pt_PT\" \/>\n<meta property=\"og:type\" content=\"article\" \/>\n<meta property=\"og:title\" content=\"Osam\u011blost a soci\u00e1ln\u00ed s\u00edt\u011b spolu dost souvis\u00ed - REGBU.COM\" \/>\n<meta property=\"og:description\" content=\"Osam\u011blost je velice nep\u0159\u00edjemnou z\u00e1le\u017eitost\u00ed. S roz\u0161i\u0159ov\u00e1n\u00edm soci\u00e1ln\u00edch s\u00edt\u00ed \u010dasto postihuje mlad\u0161\u00ed lidi. Zjist\u011bte o tomto t\u00e9matu v\u00edce.\" \/>\n<meta property=\"og:url\" content=\"https:\/\/regbu.com\/pt\/loneliness-and-social-site-together-connect-connect\/\" \/>\n<meta property=\"og:site_name\" content=\"REGBU.COM\" \/>\n<meta property=\"article:published_time\" content=\"2022-01-25T16:00:55+00:00\" \/>\n<meta property=\"article:modified_time\" content=\"2025-09-05T05:42:40+00:00\" \/>\n<meta property=\"og:image\" content=\"https:\/\/regbu.com\/wp-content\/uploads\/2022\/01\/osamelost-a-socialni-site-spolu-dost-souvisi.jpg\" \/>\n\t<meta property=\"og:image:width\" content=\"1200\" \/>\n\t<meta property=\"og:image:height\" content=\"677\" \/>\n\t<meta property=\"og:image:type\" content=\"image\/jpeg\" \/>\n<meta name=\"author\" content=\"George Martin\" \/>\n<meta name=\"twitter:card\" content=\"summary_large_image\" \/>\n<meta name=\"twitter:label1\" content=\"Escrito por\" \/>\n\t<meta name=\"twitter:data1\" content=\"George Martin\" \/>\n\t<meta name=\"twitter:label2\" content=\"Tempo estimado de leitura\" \/>\n\t<meta name=\"twitter:data2\" content=\"2 minutos\" \/>\n<script type=\"application\/ld+json\" class=\"yoast-schema-graph\">{\"@context\":\"https:\\\/\\\/schema.org\",\"@graph\":[{\"@type\":\"Article\",\"@id\":\"https:\\\/\\\/regbu.com\\\/osamelost-a-socialni-site-spolu-dost-souvisi\\\/#article\",\"isPartOf\":{\"@id\":\"https:\\\/\\\/regbu.com\\\/osamelost-a-socialni-site-spolu-dost-souvisi\\\/\"},\"author\":{\"name\":\"George Martin\",\"@id\":\"https:\\\/\\\/regbu.com\\\/en\\\/#\\\/schema\\\/person\\\/94ea9deda2629771b8a9ced002f6784e\"},\"headline\":\"Osam\u011blost a soci\u00e1ln\u00ed s\u00edt\u011b spolu dost souvis\u00ed\",\"datePublished\":\"2022-01-25T16:00:55+00:00\",\"dateModified\":\"2025-09-05T05:42:40+00:00\",\"mainEntityOfPage\":{\"@id\":\"https:\\\/\\\/regbu.com\\\/osamelost-a-socialni-site-spolu-dost-souvisi\\\/\"},\"wordCount\":476,\"image\":{\"@id\":\"https:\\\/\\\/regbu.com\\\/osamelost-a-socialni-site-spolu-dost-souvisi\\\/#primaryimage\"},\"thumbnailUrl\":\"https:\\\/\\\/regbu.com\\\/wp-content\\\/uploads\\\/2022\\\/01\\\/osamelost-a-socialni-site-spolu-dost-souvisi.jpg\",\"keywords\":[\"internet\",\"kamar\u00e1di\",\"kontakt\",\"osam\u011blost\",\"osam\u011bn\u00ed\",\"p\u0159\u00e1tel\u00e9\",\"samota\",\"soci\u00e1ln\u00ed s\u00ed\u0165\",\"soci\u00e1ln\u00ed s\u00edt\u011b\",\"virtu\u00e1ln\u00ed sv\u011bt\"],\"articleSection\":[\"Lidsk\u00e9 Zdrav\u00ed\"],\"inLanguage\":\"pt-PT\"},{\"@type\":[\"WebPage\",\"FAQPage\"],\"@id\":\"https:\\\/\\\/regbu.com\\\/osamelost-a-socialni-site-spolu-dost-souvisi\\\/\",\"url\":\"https:\\\/\\\/regbu.com\\\/osamelost-a-socialni-site-spolu-dost-souvisi\\\/\",\"name\":\"Osam\u011blost a soci\u00e1ln\u00ed s\u00edt\u011b spolu dost souvis\u00ed - REGBU.COM\",\"isPartOf\":{\"@id\":\"https:\\\/\\\/regbu.com\\\/en\\\/#website\"},\"primaryImageOfPage\":{\"@id\":\"https:\\\/\\\/regbu.com\\\/osamelost-a-socialni-site-spolu-dost-souvisi\\\/#primaryimage\"},\"image\":{\"@id\":\"https:\\\/\\\/regbu.com\\\/osamelost-a-socialni-site-spolu-dost-souvisi\\\/#primaryimage\"},\"thumbnailUrl\":\"https:\\\/\\\/regbu.com\\\/wp-content\\\/uploads\\\/2022\\\/01\\\/osamelost-a-socialni-site-spolu-dost-souvisi.jpg\",\"datePublished\":\"2022-01-25T16:00:55+00:00\",\"dateModified\":\"2025-09-05T05:42:40+00:00\",\"author\":{\"@id\":\"https:\\\/\\\/regbu.com\\\/en\\\/#\\\/schema\\\/person\\\/94ea9deda2629771b8a9ced002f6784e\"},\"description\":\"Osam\u011blost je velice nep\u0159\u00edjemnou z\u00e1le\u017eitost\u00ed. S roz\u0161i\u0159ov\u00e1n\u00edm soci\u00e1ln\u00edch s\u00edt\u00ed \u010dasto postihuje mlad\u0161\u00ed lidi. Zjist\u011bte o tomto t\u00e9matu v\u00edce.\",\"breadcrumb\":{\"@id\":\"https:\\\/\\\/regbu.com\\\/osamelost-a-socialni-site-spolu-dost-souvisi\\\/#breadcrumb\"},\"mainEntity\":[{\"@id\":\"https:\\\/\\\/regbu.com\\\/osamelost-a-socialni-site-spolu-dost-souvisi\\\/#faq-question-1623742264438\"},{\"@id\":\"https:\\\/\\\/regbu.com\\\/osamelost-a-socialni-site-spolu-dost-souvisi\\\/#faq-question-1623742272780\"},{\"@id\":\"https:\\\/\\\/regbu.com\\\/osamelost-a-socialni-site-spolu-dost-souvisi\\\/#faq-question-1623742281524\"},{\"@id\":\"https:\\\/\\\/regbu.com\\\/osamelost-a-socialni-site-spolu-dost-souvisi\\\/#faq-question-1623742290242\"},{\"@id\":\"https:\\\/\\\/regbu.com\\\/osamelost-a-socialni-site-spolu-dost-souvisi\\\/#faq-question-1623742301013\"}],\"inLanguage\":\"pt-PT\",\"potentialAction\":[{\"@type\":\"ReadAction\",\"target\":[\"https:\\\/\\\/regbu.com\\\/osamelost-a-socialni-site-spolu-dost-souvisi\\\/\"]}]},{\"@type\":\"ImageObject\",\"inLanguage\":\"pt-PT\",\"@id\":\"https:\\\/\\\/regbu.com\\\/osamelost-a-socialni-site-spolu-dost-souvisi\\\/#primaryimage\",\"url\":\"https:\\\/\\\/regbu.com\\\/wp-content\\\/uploads\\\/2022\\\/01\\\/osamelost-a-socialni-site-spolu-dost-souvisi.jpg\",\"contentUrl\":\"https:\\\/\\\/regbu.com\\\/wp-content\\\/uploads\\\/2022\\\/01\\\/osamelost-a-socialni-site-spolu-dost-souvisi.jpg\",\"width\":1200,\"height\":677,\"caption\":\"Osam\u011blost a soci\u00e1ln\u00ed s\u00edt\u011b spolu dost souvis\u00ed\"},{\"@type\":\"BreadcrumbList\",\"@id\":\"https:\\\/\\\/regbu.com\\\/osamelost-a-socialni-site-spolu-dost-souvisi\\\/#breadcrumb\",\"itemListElement\":[{\"@type\":\"ListItem\",\"position\":1,\"name\":\"Home\",\"item\":\"https:\\\/\\\/regbu.com\\\/en\\\/\"},{\"@type\":\"ListItem\",\"position\":2,\"name\":\"Osam\u011blost a soci\u00e1ln\u00ed s\u00edt\u011b spolu dost souvis\u00ed\"}]},{\"@type\":\"WebSite\",\"@id\":\"https:\\\/\\\/regbu.com\\\/en\\\/#website\",\"url\":\"https:\\\/\\\/regbu.com\\\/en\\\/\",\"name\":\"REGBU.COM\",\"description\":\"\",\"potentialAction\":[{\"@type\":\"SearchAction\",\"target\":{\"@type\":\"EntryPoint\",\"urlTemplate\":\"https:\\\/\\\/regbu.com\\\/en\\\/?s={search_term_string}\"},\"query-input\":{\"@type\":\"PropertyValueSpecification\",\"valueRequired\":true,\"valueName\":\"search_term_string\"}}],\"inLanguage\":\"pt-PT\"},{\"@type\":\"Person\",\"@id\":\"https:\\\/\\\/regbu.com\\\/en\\\/#\\\/schema\\\/person\\\/94ea9deda2629771b8a9ced002f6784e\",\"name\":\"George Martin\",\"url\":\"https:\\\/\\\/regbu.com\\\/pt\\\/author\\\/george-martin\\\/\"},{\"@type\":\"Question\",\"@id\":\"https:\\\/\\\/regbu.com\\\/osamelost-a-socialni-site-spolu-dost-souvisi\\\/#faq-question-1623742264438\",\"position\":1,\"url\":\"https:\\\/\\\/regbu.com\\\/osamelost-a-socialni-site-spolu-dost-souvisi\\\/#faq-question-1623742264438\",\"name\":\"Jakou skupinu lid\u00ed postihuj\u00ed pocity osamocen\u00ed na soci\u00e1ln\u00edch s\u00edt\u00edch?\",\"answerCount\":1,\"acceptedAnswer\":{\"@type\":\"Answer\",\"text\":\"Podle nejr\u016fzn\u011bj\u0161\u00edch pr\u016fzkum\u016f se to t\u00fdk\u00e1 p\u0159edev\u0161\u00edm mlad\u0161\u00ed generace, kter\u00e1 je na komunika\u010dn\u00edch prost\u0159edc\u00edch doslova z\u00e1visl\u00e1.\",\"inLanguage\":\"pt-PT\"},\"inLanguage\":\"pt-PT\"},{\"@type\":\"Question\",\"@id\":\"https:\\\/\\\/regbu.com\\\/osamelost-a-socialni-site-spolu-dost-souvisi\\\/#faq-question-1623742272780\",\"position\":2,\"url\":\"https:\\\/\\\/regbu.com\\\/osamelost-a-socialni-site-spolu-dost-souvisi\\\/#faq-question-1623742272780\",\"name\":\"Jak sta\u0159\u00ed jsou takto ovlivn\u011bn\u00ed jedinci?\",\"answerCount\":1,\"acceptedAnswer\":{\"@type\":\"Answer\",\"text\":\"Jsou to prim\u00e1rn\u011b lid\u00e9 od 19 do 32 let.\",\"inLanguage\":\"pt-PT\"},\"inLanguage\":\"pt-PT\"},{\"@type\":\"Question\",\"@id\":\"https:\\\/\\\/regbu.com\\\/osamelost-a-socialni-site-spolu-dost-souvisi\\\/#faq-question-1623742281524\",\"position\":3,\"url\":\"https:\\\/\\\/regbu.com\\\/osamelost-a-socialni-site-spolu-dost-souvisi\\\/#faq-question-1623742281524\",\"name\":\"Co p\u0159isp\u00e1v\u00e1 k osam\u011blosti?\",\"answerCount\":1,\"acceptedAnswer\":{\"@type\":\"Answer\",\"text\":\"Ur\u010dit\u011b je to sledov\u00e1n\u00ed \u0161\u0165astn\u00fdch \u017eivot\u016f na soci\u00e1ln\u00edch s\u00edt\u00edch, kde\u017eto ten V\u00e1\u0161 nen\u00ed spojen s fyzick\u00fdm kontaktem a lidmi.\",\"inLanguage\":\"pt-PT\"},\"inLanguage\":\"pt-PT\"},{\"@type\":\"Question\",\"@id\":\"https:\\\/\\\/regbu.com\\\/osamelost-a-socialni-site-spolu-dost-souvisi\\\/#faq-question-1623742290242\",\"position\":4,\"url\":\"https:\\\/\\\/regbu.com\\\/osamelost-a-socialni-site-spolu-dost-souvisi\\\/#faq-question-1623742290242\",\"name\":\"Jsou soci\u00e1ln\u00ed s\u00edt\u011b dobr\u00fd sluha a zl\u00fd p\u00e1n?\",\"answerCount\":1,\"acceptedAnswer\":{\"@type\":\"Answer\",\"text\":\"Ve sv\u00e9 podstat\u011b ano. Na jednu stranu m\u00e1te spoustu p\u0159\u00e1tel, na druhou stranu vlastn\u011b nikoho, s k\u00fdm se st\u00fdk\u00e1te.\",\"inLanguage\":\"pt-PT\"},\"inLanguage\":\"pt-PT\"},{\"@type\":\"Question\",\"@id\":\"https:\\\/\\\/regbu.com\\\/osamelost-a-socialni-site-spolu-dost-souvisi\\\/#faq-question-1623742301013\",\"position\":5,\"url\":\"https:\\\/\\\/regbu.com\\\/osamelost-a-socialni-site-spolu-dost-souvisi\\\/#faq-question-1623742301013\",\"name\":\"Kdy se projevuje osam\u011blost na soci\u00e1ln\u00edch s\u00edt\u00edch?\",\"answerCount\":1,\"acceptedAnswer\":{\"@type\":\"Answer\",\"text\":\"Dle pr\u016fzkum\u016f sta\u010d\u00ed, kdy\u017e soci\u00e1ln\u00edmi s\u00edt\u011bmi tr\u00e1v\u00edte v\u00edce jak dv\u011b hodiny denn\u011b a u\u017e m\u016f\u017eete m\u00edt pocity osam\u011blosti.\",\"inLanguage\":\"pt-PT\"},\"inLanguage\":\"pt-PT\"}]}<\/script>\n<!-- \/ Yoast SEO plugin. -->","yoast_head_json":{"title":"A solid\u00e3o e as redes sociais est\u00e3o bastante relacionadas - REGBU.COM","description":"A solid\u00e3o \u00e9 uma coisa muito desagrad\u00e1vel. Com a prolifera\u00e7\u00e3o das redes sociais, muitas vezes afeta pessoas mais jovens. Saiba mais sobre este t\u00f3pico.","robots":{"index":"index","follow":"follow","max-snippet":"max-snippet:-1","max-image-preview":"max-image-preview:large","max-video-preview":"max-video-preview:-1"},"canonical":"https:\/\/regbu.com\/pt\/loneliness-and-social-site-together-connect-connect\/","og_locale":"pt_PT","og_type":"article","og_title":"Osam\u011blost a soci\u00e1ln\u00ed s\u00edt\u011b spolu dost souvis\u00ed - REGBU.COM","og_description":"Osam\u011blost je velice nep\u0159\u00edjemnou z\u00e1le\u017eitost\u00ed. S roz\u0161i\u0159ov\u00e1n\u00edm soci\u00e1ln\u00edch s\u00edt\u00ed \u010dasto postihuje mlad\u0161\u00ed lidi. Zjist\u011bte o tomto t\u00e9matu v\u00edce.","og_url":"https:\/\/regbu.com\/pt\/loneliness-and-social-site-together-connect-connect\/","og_site_name":"REGBU.COM","article_published_time":"2022-01-25T16:00:55+00:00","article_modified_time":"2025-09-05T05:42:40+00:00","og_image":[{"width":1200,"height":677,"url":"https:\/\/regbu.com\/wp-content\/uploads\/2022\/01\/osamelost-a-socialni-site-spolu-dost-souvisi.jpg","type":"image\/jpeg"}],"author":"George Martin","twitter_card":"summary_large_image","twitter_misc":{"Escrito por":"George Martin","Tempo estimado de leitura":"2 minutos"},"schema":{"@context":"https:\/\/schema.org","@graph":[{"@type":"Article","@id":"https:\/\/regbu.com\/osamelost-a-socialni-site-spolu-dost-souvisi\/#article","isPartOf":{"@id":"https:\/\/regbu.com\/osamelost-a-socialni-site-spolu-dost-souvisi\/"},"author":{"name":"George Martin","@id":"https:\/\/regbu.com\/en\/#\/schema\/person\/94ea9deda2629771b8a9ced002f6784e"},"headline":"Osam\u011blost a soci\u00e1ln\u00ed s\u00edt\u011b spolu dost souvis\u00ed","datePublished":"2022-01-25T16:00:55+00:00","dateModified":"2025-09-05T05:42:40+00:00","mainEntityOfPage":{"@id":"https:\/\/regbu.com\/osamelost-a-socialni-site-spolu-dost-souvisi\/"},"wordCount":476,"image":{"@id":"https:\/\/regbu.com\/osamelost-a-socialni-site-spolu-dost-souvisi\/#primaryimage"},"thumbnailUrl":"https:\/\/regbu.com\/wp-content\/uploads\/2022\/01\/osamelost-a-socialni-site-spolu-dost-souvisi.jpg","keywords":["internet","kamar\u00e1di","kontakt","osam\u011blost","osam\u011bn\u00ed","p\u0159\u00e1tel\u00e9","samota","soci\u00e1ln\u00ed s\u00ed\u0165","soci\u00e1ln\u00ed s\u00edt\u011b","virtu\u00e1ln\u00ed sv\u011bt"],"articleSection":["Lidsk\u00e9 Zdrav\u00ed"],"inLanguage":"pt-PT"},{"@type":["WebPage","FAQPage"],"@id":"https:\/\/regbu.com\/osamelost-a-socialni-site-spolu-dost-souvisi\/","url":"https:\/\/regbu.com\/osamelost-a-socialni-site-spolu-dost-souvisi\/","name":"A solid\u00e3o e as redes sociais est\u00e3o bastante relacionadas - REGBU.COM","isPartOf":{"@id":"https:\/\/regbu.com\/en\/#website"},"primaryImageOfPage":{"@id":"https:\/\/regbu.com\/osamelost-a-socialni-site-spolu-dost-souvisi\/#primaryimage"},"image":{"@id":"https:\/\/regbu.com\/osamelost-a-socialni-site-spolu-dost-souvisi\/#primaryimage"},"thumbnailUrl":"https:\/\/regbu.com\/wp-content\/uploads\/2022\/01\/osamelost-a-socialni-site-spolu-dost-souvisi.jpg","datePublished":"2022-01-25T16:00:55+00:00","dateModified":"2025-09-05T05:42:40+00:00","author":{"@id":"https:\/\/regbu.com\/en\/#\/schema\/person\/94ea9deda2629771b8a9ced002f6784e"},"description":"A solid\u00e3o \u00e9 uma coisa muito desagrad\u00e1vel. Com a prolifera\u00e7\u00e3o das redes sociais, muitas vezes afeta pessoas mais jovens. Saiba mais sobre este t\u00f3pico.","breadcrumb":{"@id":"https:\/\/regbu.com\/osamelost-a-socialni-site-spolu-dost-souvisi\/#breadcrumb"},"mainEntity":[{"@id":"https:\/\/regbu.com\/osamelost-a-socialni-site-spolu-dost-souvisi\/#faq-question-1623742264438"},{"@id":"https:\/\/regbu.com\/osamelost-a-socialni-site-spolu-dost-souvisi\/#faq-question-1623742272780"},{"@id":"https:\/\/regbu.com\/osamelost-a-socialni-site-spolu-dost-souvisi\/#faq-question-1623742281524"},{"@id":"https:\/\/regbu.com\/osamelost-a-socialni-site-spolu-dost-souvisi\/#faq-question-1623742290242"},{"@id":"https:\/\/regbu.com\/osamelost-a-socialni-site-spolu-dost-souvisi\/#faq-question-1623742301013"}],"inLanguage":"pt-PT","potentialAction":[{"@type":"ReadAction","target":["https:\/\/regbu.com\/osamelost-a-socialni-site-spolu-dost-souvisi\/"]}]},{"@type":"ImageObject","inLanguage":"pt-PT","@id":"https:\/\/regbu.com\/osamelost-a-socialni-site-spolu-dost-souvisi\/#primaryimage","url":"https:\/\/regbu.com\/wp-content\/uploads\/2022\/01\/osamelost-a-socialni-site-spolu-dost-souvisi.jpg","contentUrl":"https:\/\/regbu.com\/wp-content\/uploads\/2022\/01\/osamelost-a-socialni-site-spolu-dost-souvisi.jpg","width":1200,"height":677,"caption":"Osam\u011blost a soci\u00e1ln\u00ed s\u00edt\u011b spolu dost souvis\u00ed"},{"@type":"BreadcrumbList","@id":"https:\/\/regbu.com\/osamelost-a-socialni-site-spolu-dost-souvisi\/#breadcrumb","itemListElement":[{"@type":"ListItem","position":1,"name":"Home","item":"https:\/\/regbu.com\/en\/"},{"@type":"ListItem","position":2,"name":"Osam\u011blost a soci\u00e1ln\u00ed s\u00edt\u011b spolu dost souvis\u00ed"}]},{"@type":"WebSite","@id":"https:\/\/regbu.com\/en\/#website","url":"https:\/\/regbu.com\/en\/","name":"REGBU.COM","description":"","potentialAction":[{"@type":"SearchAction","target":{"@type":"EntryPoint","urlTemplate":"https:\/\/regbu.com\/en\/?s={search_term_string}"},"query-input":{"@type":"PropertyValueSpecification","valueRequired":true,"valueName":"search_term_string"}}],"inLanguage":"pt-PT"},{"@type":"Person","@id":"https:\/\/regbu.com\/en\/#\/schema\/person\/94ea9deda2629771b8a9ced002f6784e","name":"George Martin","url":"https:\/\/regbu.com\/pt\/author\/george-martin\/"},{"@type":"Question","@id":"https:\/\/regbu.com\/osamelost-a-socialni-site-spolu-dost-souvisi\/#faq-question-1623742264438","position":1,"url":"https:\/\/regbu.com\/osamelost-a-socialni-site-spolu-dost-souvisi\/#faq-question-1623742264438","name":"Que grupo de pessoas \u00e9 afetado por sentimentos de solid\u00e3o nas m\u00eddias sociais?","answerCount":1,"acceptedAnswer":{"@type":"Answer","text":"Podle nejr\u016fzn\u011bj\u0161\u00edch pr\u016fzkum\u016f se to t\u00fdk\u00e1 p\u0159edev\u0161\u00edm mlad\u0161\u00ed generace, kter\u00e1 je na komunika\u010dn\u00edch prost\u0159edc\u00edch doslova z\u00e1visl\u00e1.","inLanguage":"pt-PT"},"inLanguage":"pt-PT"},{"@type":"Question","@id":"https:\/\/regbu.com\/osamelost-a-socialni-site-spolu-dost-souvisi\/#faq-question-1623742272780","position":2,"url":"https:\/\/regbu.com\/osamelost-a-socialni-site-spolu-dost-souvisi\/#faq-question-1623742272780","name":"Quantos anos os indiv\u00edduos s\u00e3o t\u00e3o afectados?","answerCount":1,"acceptedAnswer":{"@type":"Answer","text":"Jsou to prim\u00e1rn\u011b lid\u00e9 od 19 do 32 let.","inLanguage":"pt-PT"},"inLanguage":"pt-PT"},{"@type":"Question","@id":"https:\/\/regbu.com\/osamelost-a-socialni-site-spolu-dost-souvisi\/#faq-question-1623742281524","position":3,"url":"https:\/\/regbu.com\/osamelost-a-socialni-site-spolu-dost-souvisi\/#faq-question-1623742281524","name":"O que contribui para a solid\u00e3o?","answerCount":1,"acceptedAnswer":{"@type":"Answer","text":"Ur\u010dit\u011b je to sledov\u00e1n\u00ed \u0161\u0165astn\u00fdch \u017eivot\u016f na soci\u00e1ln\u00edch s\u00edt\u00edch, kde\u017eto ten V\u00e1\u0161 nen\u00ed spojen s fyzick\u00fdm kontaktem a lidmi.","inLanguage":"pt-PT"},"inLanguage":"pt-PT"},{"@type":"Question","@id":"https:\/\/regbu.com\/osamelost-a-socialni-site-spolu-dost-souvisi\/#faq-question-1623742290242","position":4,"url":"https:\/\/regbu.com\/osamelost-a-socialni-site-spolu-dost-souvisi\/#faq-question-1623742290242","name":"As redes sociais s\u00e3o um bom servo e um mau mestre?","answerCount":1,"acceptedAnswer":{"@type":"Answer","text":"Ve sv\u00e9 podstat\u011b ano. Na jednu stranu m\u00e1te spoustu p\u0159\u00e1tel, na druhou stranu vlastn\u011b nikoho, s k\u00fdm se st\u00fdk\u00e1te.","inLanguage":"pt-PT"},"inLanguage":"pt-PT"},{"@type":"Question","@id":"https:\/\/regbu.com\/osamelost-a-socialni-site-spolu-dost-souvisi\/#faq-question-1623742301013","position":5,"url":"https:\/\/regbu.com\/osamelost-a-socialni-site-spolu-dost-souvisi\/#faq-question-1623742301013","name":"Quando \u00e9 que a solid\u00e3o se manifesta nas redes sociais?","answerCount":1,"acceptedAnswer":{"@type":"Answer","text":"Dle pr\u016fzkum\u016f sta\u010d\u00ed, kdy\u017e soci\u00e1ln\u00edmi s\u00edt\u011bmi tr\u00e1v\u00edte v\u00edce jak dv\u011b hodiny denn\u011b a u\u017e m\u016f\u017eete m\u00edt pocity osam\u011blosti.","inLanguage":"pt-PT"},"inLanguage":"pt-PT"}]}},"_links":{"self":[{"href":"https:\/\/regbu.com\/pt\/wp-json\/wp\/v2\/posts\/454","targetHints":{"allow":["GET"]}}],"collection":[{"href":"https:\/\/regbu.com\/pt\/wp-json\/wp\/v2\/posts"}],"about":[{"href":"https:\/\/regbu.com\/pt\/wp-json\/wp\/v2\/types\/post"}],"author":[{"embeddable":true,"href":"https:\/\/regbu.com\/pt\/wp-json\/wp\/v2\/users\/2"}],"replies":[{"embeddable":true,"href":"https:\/\/regbu.com\/pt\/wp-json\/wp\/v2\/comments?post=454"}],"version-history":[{"count":3,"href":"https:\/\/regbu.com\/pt\/wp-json\/wp\/v2\/posts\/454\/revisions"}],"predecessor-version":[{"id":472,"href":"https:\/\/regbu.com\/pt\/wp-json\/wp\/v2\/posts\/454\/revisions\/472"}],"wp:featuredmedia":[{"embeddable":true,"href":"https:\/\/regbu.com\/pt\/wp-json\/wp\/v2\/media\/455"}],"wp:attachment":[{"href":"https:\/\/regbu.com\/pt\/wp-json\/wp\/v2\/media?parent=454"}],"wp:term":[{"taxonomy":"category","embeddable":true,"href":"https:\/\/regbu.com\/pt\/wp-json\/wp\/v2\/categories?post=454"},{"taxonomy":"post_tag","embeddable":true,"href":"https:\/\/regbu.com\/pt\/wp-json\/wp\/v2\/tags?post=454"}],"curies":[{"name":"wp","href":"https:\/\/api.w.org\/{rel}","templated":true}]}}