{"id":1499,"date":"2023-08-09T16:09:02","date_gmt":"2023-08-09T14:09:02","guid":{"rendered":"https:\/\/regbu.com\/?p=1499"},"modified":"2025-09-05T07:39:50","modified_gmt":"2025-09-05T05:39:50","slug":"elektromobilita-ma-sveho-krale","status":"publish","type":"post","link":"https:\/\/regbu.com\/pt\/a-electromobilidade-tem-o-seu-proprio-circulo\/","title":{"rendered":"A electromobilidade tem o seu rei"},"content":{"rendered":"<p>A electromobilidade \u00e9 um tema quente e, em certa medida, a m\u00fasica do futuro. Isto, ali\u00e1s, \u00e9 comprovado por um dos mais famosos fabricantes destes carros, a Tesla. \u00c9 propriedade de Elon Musk, entre outros.<strong>,<\/strong> que tamb\u00e9m tem o famoso <strong><a href=\"https:\/\/regbu.com\/pt\/conceito-espaco-x-vevodi-versmirnym-letum\/\">Conceito Space X<\/a><\/strong>. Esta empresa autom\u00f3vel tornou-se pioneira neste dom\u00ednio.<\/p>\n\n\n\n<ul class=\"wp-block-list\">\n<li>Tesla Model S<\/li>\n\n\n\n<li>Tesla Modelo X<\/li>\n\n\n\n<li>Tesla Modelo 3<\/li>\n<\/ul>\n\n\n\n<p>Esta \u00e9 apenas uma pequena amostra do que saiu das linhas de produ\u00e7\u00e3o desta famosa empresa autom\u00f3vel. Trata-se, na sua maioria, de modelos sedan. Estes s\u00e3o concebidos n\u00e3o s\u00f3 para o segmento empresarial, mas tamb\u00e9m para uso privado.<\/p>\n\n\n\n<h2 class=\"wp-block-heading\">Hist\u00f3ria da Tesla<\/h2>\n\n\n\n<p>Vejamos primeiro como \u00e9 que a electromobilidade passou a estar na mente das pessoas. A Tesla, a empresa que concebe, fabrica e vende carros el\u00e9ctricos, foi a respons\u00e1vel. Se acha que o fundador da empresa foi <strong>Elon Musk<\/strong>est\u00e1 redondamente enganado. Ele juntou-se depois.<\/p>\n\n\n\n<figure class=\"wp-block-table\"><table><tbody><tr><td><strong>Assunto<\/strong><\/td><td><strong>Informa\u00e7\u00f5es<\/strong><\/td><\/tr><tr><td>Ano de funda\u00e7\u00e3o<\/td><td>2003<\/td><\/tr><tr><td>Fundadores de<\/td><td>Martin Eberhard e Marc Tarpenning<\/td><\/tr><tr><td>Sede<\/td><td>Austin, Texas<\/td><\/tr><tr><td>F\u00e1bricas<\/td><td>Freemont, Xangai e outros<\/td><\/tr><\/tbody><\/table><figcaption class=\"wp-element-caption\">Informa\u00e7\u00f5es relacionadas com a funda\u00e7\u00e3o da Tesla.<\/figcaption><\/figure>\n\n\n\n<p>Pouco depois da funda\u00e7\u00e3o da Tesla, a empresa juntou-se a <a href=\"https:\/\/cs.wikipedia.org\/wiki\/Elon_Musk\">Elon Musk<\/a>JB Straubel e Ian Wright. Os sucessos n\u00e3o demoraram muito a chegar e o Tesla Roadster deu o pontap\u00e9 de sa\u00edda em 2008.<\/p>\n\n\n\n<h3 class=\"wp-block-heading\">Electromobilidade e tudo o que \u00e9 importante<\/h3>\n\n\n\n<p>\u00c9 claro que podemos continuar o sucesso e o desenvolvimento dos carros el\u00e9ctricos da Tesla. H\u00e1 muito sobre o que escrever. Os tr\u00eas modelos de autom\u00f3veis de sucesso referidos na introdu\u00e7\u00e3o deste artigo foram seguidos por outros. Podemos mencionar, por exemplo, o <strong>Tesla Modelo Y<\/strong>. O trator el\u00e9trico Tesla Semi \u00e9 um cap\u00edtulo \u00e0 parte.<\/p>\n\n\n\n<p>Juntamente com o desenvolvimento da electromobilidade sob a lideran\u00e7a da famosa empresa, est\u00e1 tamb\u00e9m a ser promovida a expans\u00e3o das esta\u00e7\u00f5es de carregamento r\u00e1pido Supercharger. A Tesla tamb\u00e9m se tem concentrado em baterias dom\u00e9sticas, telhas solares, entre muitos outros projectos. \u00c0 medida que a procura cresce, a necessidade de produzir grandes quantidades de baterias aumenta naturalmente, como evidenciado por novos e <em>novas gigaf\u00e1bricas n\u00e3o s\u00f3 nos Estados Unidos, mas tamb\u00e9m noutros pa\u00edses do mundo<\/em>.<\/p>","protected":false},"excerpt":{"rendered":"<p>A electromobilidade \u00e9 um tema quente e, em certa medida, a m\u00fasica do futuro. Isto, ali\u00e1s, \u00e9 comprovado por um dos mais famosos fabricantes destes carros, a Tesla. O seu propriet\u00e1rio \u00e9, entre outros, Elon Musk, que tamb\u00e9m tem no seu curr\u00edculo o famoso conceito Space X. Esta empresa autom\u00f3vel tornou-se um pioneiro imagin\u00e1rio neste dom\u00ednio. Esta \u00e9 apenas uma pequena amostra ... <\/p>","protected":false},"author":2,"featured_media":1500,"comment_status":"closed","ping_status":"closed","sticky":false,"template":"","format":"standard","meta":{"footnotes":""},"categories":[6],"tags":[1847,1849,1830,1856,1850,1854,1851,1852,1855,1848,1853],"class_list":["post-1499","post","type-post","status-publish","format-standard","has-post-thumbnail","hentry","category-technologie","tag-elektromobilita","tag-elektromobily","tag-elon-musk","tag-gigafactory","tag-model","tag-model-3","tag-model-s","tag-model-y","tag-supercharger","tag-tesla","tag-tesla-roadster"],"yoast_head":"<!-- This site is optimized with the Yoast SEO plugin v27.5 - https:\/\/yoast.com\/product\/yoast-seo-wordpress\/ -->\n<title>Elektromobilita m\u00e1 sv\u00e9ho kr\u00e1le - REGBU.COM<\/title>\n<meta name=\"description\" content=\"V\u00edte, co si p\u0159edstavit pod pojmem elektromobilita? A zn\u00e1te jednoho z pr\u016fkopn\u00edk\u016f tohoto novodob\u00e9ho segmentu?\" \/>\n<meta name=\"robots\" content=\"index, follow, max-snippet:-1, max-image-preview:large, max-video-preview:-1\" \/>\n<link rel=\"canonical\" href=\"https:\/\/regbu.com\/pt\/a-electromobilidade-tem-o-seu-proprio-circulo\/\" \/>\n<meta property=\"og:locale\" content=\"pt_PT\" \/>\n<meta property=\"og:type\" content=\"article\" \/>\n<meta property=\"og:title\" content=\"Elektromobilita m\u00e1 sv\u00e9ho kr\u00e1le - REGBU.COM\" \/>\n<meta property=\"og:description\" content=\"V\u00edte, co si p\u0159edstavit pod pojmem elektromobilita? A zn\u00e1te jednoho z pr\u016fkopn\u00edk\u016f tohoto novodob\u00e9ho segmentu?\" \/>\n<meta property=\"og:url\" content=\"https:\/\/regbu.com\/pt\/a-electromobilidade-tem-o-seu-proprio-circulo\/\" \/>\n<meta property=\"og:site_name\" content=\"REGBU.COM\" \/>\n<meta property=\"article:published_time\" content=\"2023-08-09T14:09:02+00:00\" \/>\n<meta property=\"article:modified_time\" content=\"2025-09-05T05:39:50+00:00\" \/>\n<meta property=\"og:image\" content=\"https:\/\/regbu.com\/wp-content\/uploads\/2023\/08\/elektromobilita-ma-sveho-krale.jpg\" \/>\n\t<meta property=\"og:image:width\" content=\"1200\" \/>\n\t<meta property=\"og:image:height\" content=\"676\" \/>\n\t<meta property=\"og:image:type\" content=\"image\/jpeg\" \/>\n<meta name=\"author\" content=\"George Martin\" \/>\n<meta name=\"twitter:card\" content=\"summary_large_image\" \/>\n<meta name=\"twitter:label1\" content=\"Escrito por\" \/>\n\t<meta name=\"twitter:data1\" content=\"George Martin\" \/>\n\t<meta name=\"twitter:label2\" content=\"Tempo estimado de leitura\" \/>\n\t<meta name=\"twitter:data2\" content=\"2 minutos\" \/>\n<script type=\"application\/ld+json\" class=\"yoast-schema-graph\">{\"@context\":\"https:\\\/\\\/schema.org\",\"@graph\":[{\"@type\":\"Article\",\"@id\":\"https:\\\/\\\/regbu.com\\\/pt\\\/a-electromobilidade-tem-o-seu-proprio-circulo\\\/#article\",\"isPartOf\":{\"@id\":\"https:\\\/\\\/regbu.com\\\/pt\\\/a-electromobilidade-tem-o-seu-proprio-circulo\\\/\"},\"author\":{\"name\":\"George Martin\",\"@id\":\"https:\\\/\\\/regbu.com\\\/en\\\/#\\\/schema\\\/person\\\/94ea9deda2629771b8a9ced002f6784e\"},\"headline\":\"Elektromobilita m\u00e1 sv\u00e9ho kr\u00e1le\",\"datePublished\":\"2023-08-09T14:09:02+00:00\",\"dateModified\":\"2025-09-05T05:39:50+00:00\",\"mainEntityOfPage\":{\"@id\":\"https:\\\/\\\/regbu.com\\\/pt\\\/a-electromobilidade-tem-o-seu-proprio-circulo\\\/\"},\"wordCount\":409,\"image\":{\"@id\":\"https:\\\/\\\/regbu.com\\\/pt\\\/a-electromobilidade-tem-o-seu-proprio-circulo\\\/#primaryimage\"},\"thumbnailUrl\":\"https:\\\/\\\/regbu.com\\\/wp-content\\\/uploads\\\/2023\\\/08\\\/elektromobilita-ma-sveho-krale.jpg\",\"keywords\":[\"elektromobilita\",\"elektromobily\",\"elon musk\",\"gigafactory\",\"model\",\"model 3\",\"model s\",\"model y\",\"Supercharger\",\"tesla\",\"tesla roadster\"],\"articleSection\":[\"Technologie\"],\"inLanguage\":\"pt-PT\"},{\"@type\":\"WebPage\",\"@id\":\"https:\\\/\\\/regbu.com\\\/pt\\\/a-electromobilidade-tem-o-seu-proprio-circulo\\\/\",\"url\":\"https:\\\/\\\/regbu.com\\\/pt\\\/a-electromobilidade-tem-o-seu-proprio-circulo\\\/\",\"name\":\"Elektromobilita m\u00e1 sv\u00e9ho kr\u00e1le - REGBU.COM\",\"isPartOf\":{\"@id\":\"https:\\\/\\\/regbu.com\\\/en\\\/#website\"},\"primaryImageOfPage\":{\"@id\":\"https:\\\/\\\/regbu.com\\\/pt\\\/a-electromobilidade-tem-o-seu-proprio-circulo\\\/#primaryimage\"},\"image\":{\"@id\":\"https:\\\/\\\/regbu.com\\\/pt\\\/a-electromobilidade-tem-o-seu-proprio-circulo\\\/#primaryimage\"},\"thumbnailUrl\":\"https:\\\/\\\/regbu.com\\\/wp-content\\\/uploads\\\/2023\\\/08\\\/elektromobilita-ma-sveho-krale.jpg\",\"datePublished\":\"2023-08-09T14:09:02+00:00\",\"dateModified\":\"2025-09-05T05:39:50+00:00\",\"author\":{\"@id\":\"https:\\\/\\\/regbu.com\\\/en\\\/#\\\/schema\\\/person\\\/94ea9deda2629771b8a9ced002f6784e\"},\"description\":\"V\u00edte, co si p\u0159edstavit pod pojmem elektromobilita? A zn\u00e1te jednoho z pr\u016fkopn\u00edk\u016f tohoto novodob\u00e9ho segmentu?\",\"breadcrumb\":{\"@id\":\"https:\\\/\\\/regbu.com\\\/pt\\\/a-electromobilidade-tem-o-seu-proprio-circulo\\\/#breadcrumb\"},\"inLanguage\":\"pt-PT\",\"potentialAction\":[{\"@type\":\"ReadAction\",\"target\":[\"https:\\\/\\\/regbu.com\\\/pt\\\/a-electromobilidade-tem-o-seu-proprio-circulo\\\/\"]}]},{\"@type\":\"ImageObject\",\"inLanguage\":\"pt-PT\",\"@id\":\"https:\\\/\\\/regbu.com\\\/pt\\\/a-electromobilidade-tem-o-seu-proprio-circulo\\\/#primaryimage\",\"url\":\"https:\\\/\\\/regbu.com\\\/wp-content\\\/uploads\\\/2023\\\/08\\\/elektromobilita-ma-sveho-krale.jpg\",\"contentUrl\":\"https:\\\/\\\/regbu.com\\\/wp-content\\\/uploads\\\/2023\\\/08\\\/elektromobilita-ma-sveho-krale.jpg\",\"width\":1200,\"height\":676,\"caption\":\"Elektromobilita m\u00e1 sv\u00e9ho kr\u00e1le\"},{\"@type\":\"BreadcrumbList\",\"@id\":\"https:\\\/\\\/regbu.com\\\/pt\\\/a-electromobilidade-tem-o-seu-proprio-circulo\\\/#breadcrumb\",\"itemListElement\":[{\"@type\":\"ListItem\",\"position\":1,\"name\":\"Home\",\"item\":\"https:\\\/\\\/regbu.com\\\/en\\\/\"},{\"@type\":\"ListItem\",\"position\":2,\"name\":\"Elektromobilita m\u00e1 sv\u00e9ho kr\u00e1le\"}]},{\"@type\":\"WebSite\",\"@id\":\"https:\\\/\\\/regbu.com\\\/en\\\/#website\",\"url\":\"https:\\\/\\\/regbu.com\\\/en\\\/\",\"name\":\"REGBU.COM\",\"description\":\"\",\"potentialAction\":[{\"@type\":\"SearchAction\",\"target\":{\"@type\":\"EntryPoint\",\"urlTemplate\":\"https:\\\/\\\/regbu.com\\\/en\\\/?s={search_term_string}\"},\"query-input\":{\"@type\":\"PropertyValueSpecification\",\"valueRequired\":true,\"valueName\":\"search_term_string\"}}],\"inLanguage\":\"pt-PT\"},{\"@type\":\"Person\",\"@id\":\"https:\\\/\\\/regbu.com\\\/en\\\/#\\\/schema\\\/person\\\/94ea9deda2629771b8a9ced002f6784e\",\"name\":\"George Martin\",\"url\":\"https:\\\/\\\/regbu.com\\\/pt\\\/author\\\/george-martin\\\/\"}]}<\/script>\n<!-- \/ Yoast SEO plugin. -->","yoast_head_json":{"title":"A electromobilidade tem o seu rei - REGBU.COM","description":"Sabe o que se entende por electromobilidade? E conhece um dos pioneiros deste novo segmento?","robots":{"index":"index","follow":"follow","max-snippet":"max-snippet:-1","max-image-preview":"max-image-preview:large","max-video-preview":"max-video-preview:-1"},"canonical":"https:\/\/regbu.com\/pt\/a-electromobilidade-tem-o-seu-proprio-circulo\/","og_locale":"pt_PT","og_type":"article","og_title":"Elektromobilita m\u00e1 sv\u00e9ho kr\u00e1le - REGBU.COM","og_description":"V\u00edte, co si p\u0159edstavit pod pojmem elektromobilita? A zn\u00e1te jednoho z pr\u016fkopn\u00edk\u016f tohoto novodob\u00e9ho segmentu?","og_url":"https:\/\/regbu.com\/pt\/a-electromobilidade-tem-o-seu-proprio-circulo\/","og_site_name":"REGBU.COM","article_published_time":"2023-08-09T14:09:02+00:00","article_modified_time":"2025-09-05T05:39:50+00:00","og_image":[{"width":1200,"height":676,"url":"https:\/\/regbu.com\/wp-content\/uploads\/2023\/08\/elektromobilita-ma-sveho-krale.jpg","type":"image\/jpeg"}],"author":"George Martin","twitter_card":"summary_large_image","twitter_misc":{"Escrito por":"George Martin","Tempo estimado de leitura":"2 minutos"},"schema":{"@context":"https:\/\/schema.org","@graph":[{"@type":"Article","@id":"https:\/\/regbu.com\/pt\/a-electromobilidade-tem-o-seu-proprio-circulo\/#article","isPartOf":{"@id":"https:\/\/regbu.com\/pt\/a-electromobilidade-tem-o-seu-proprio-circulo\/"},"author":{"name":"George Martin","@id":"https:\/\/regbu.com\/en\/#\/schema\/person\/94ea9deda2629771b8a9ced002f6784e"},"headline":"Elektromobilita m\u00e1 sv\u00e9ho kr\u00e1le","datePublished":"2023-08-09T14:09:02+00:00","dateModified":"2025-09-05T05:39:50+00:00","mainEntityOfPage":{"@id":"https:\/\/regbu.com\/pt\/a-electromobilidade-tem-o-seu-proprio-circulo\/"},"wordCount":409,"image":{"@id":"https:\/\/regbu.com\/pt\/a-electromobilidade-tem-o-seu-proprio-circulo\/#primaryimage"},"thumbnailUrl":"https:\/\/regbu.com\/wp-content\/uploads\/2023\/08\/elektromobilita-ma-sveho-krale.jpg","keywords":["elektromobilita","elektromobily","elon musk","gigafactory","model","model 3","model s","model y","Supercharger","tesla","tesla roadster"],"articleSection":["Technologie"],"inLanguage":"pt-PT"},{"@type":"WebPage","@id":"https:\/\/regbu.com\/pt\/a-electromobilidade-tem-o-seu-proprio-circulo\/","url":"https:\/\/regbu.com\/pt\/a-electromobilidade-tem-o-seu-proprio-circulo\/","name":"A electromobilidade tem o seu rei - REGBU.COM","isPartOf":{"@id":"https:\/\/regbu.com\/en\/#website"},"primaryImageOfPage":{"@id":"https:\/\/regbu.com\/pt\/a-electromobilidade-tem-o-seu-proprio-circulo\/#primaryimage"},"image":{"@id":"https:\/\/regbu.com\/pt\/a-electromobilidade-tem-o-seu-proprio-circulo\/#primaryimage"},"thumbnailUrl":"https:\/\/regbu.com\/wp-content\/uploads\/2023\/08\/elektromobilita-ma-sveho-krale.jpg","datePublished":"2023-08-09T14:09:02+00:00","dateModified":"2025-09-05T05:39:50+00:00","author":{"@id":"https:\/\/regbu.com\/en\/#\/schema\/person\/94ea9deda2629771b8a9ced002f6784e"},"description":"Sabe o que se entende por electromobilidade? E conhece um dos pioneiros deste novo segmento?","breadcrumb":{"@id":"https:\/\/regbu.com\/pt\/a-electromobilidade-tem-o-seu-proprio-circulo\/#breadcrumb"},"inLanguage":"pt-PT","potentialAction":[{"@type":"ReadAction","target":["https:\/\/regbu.com\/pt\/a-electromobilidade-tem-o-seu-proprio-circulo\/"]}]},{"@type":"ImageObject","inLanguage":"pt-PT","@id":"https:\/\/regbu.com\/pt\/a-electromobilidade-tem-o-seu-proprio-circulo\/#primaryimage","url":"https:\/\/regbu.com\/wp-content\/uploads\/2023\/08\/elektromobilita-ma-sveho-krale.jpg","contentUrl":"https:\/\/regbu.com\/wp-content\/uploads\/2023\/08\/elektromobilita-ma-sveho-krale.jpg","width":1200,"height":676,"caption":"Elektromobilita m\u00e1 sv\u00e9ho kr\u00e1le"},{"@type":"BreadcrumbList","@id":"https:\/\/regbu.com\/pt\/a-electromobilidade-tem-o-seu-proprio-circulo\/#breadcrumb","itemListElement":[{"@type":"ListItem","position":1,"name":"Home","item":"https:\/\/regbu.com\/en\/"},{"@type":"ListItem","position":2,"name":"Elektromobilita m\u00e1 sv\u00e9ho kr\u00e1le"}]},{"@type":"WebSite","@id":"https:\/\/regbu.com\/en\/#website","url":"https:\/\/regbu.com\/en\/","name":"REGBU.COM","description":"","potentialAction":[{"@type":"SearchAction","target":{"@type":"EntryPoint","urlTemplate":"https:\/\/regbu.com\/en\/?s={search_term_string}"},"query-input":{"@type":"PropertyValueSpecification","valueRequired":true,"valueName":"search_term_string"}}],"inLanguage":"pt-PT"},{"@type":"Person","@id":"https:\/\/regbu.com\/en\/#\/schema\/person\/94ea9deda2629771b8a9ced002f6784e","name":"George Martin","url":"https:\/\/regbu.com\/pt\/author\/george-martin\/"}]}},"_links":{"self":[{"href":"https:\/\/regbu.com\/pt\/wp-json\/wp\/v2\/posts\/1499","targetHints":{"allow":["GET"]}}],"collection":[{"href":"https:\/\/regbu.com\/pt\/wp-json\/wp\/v2\/posts"}],"about":[{"href":"https:\/\/regbu.com\/pt\/wp-json\/wp\/v2\/types\/post"}],"author":[{"embeddable":true,"href":"https:\/\/regbu.com\/pt\/wp-json\/wp\/v2\/users\/2"}],"replies":[{"embeddable":true,"href":"https:\/\/regbu.com\/pt\/wp-json\/wp\/v2\/comments?post=1499"}],"version-history":[{"count":3,"href":"https:\/\/regbu.com\/pt\/wp-json\/wp\/v2\/posts\/1499\/revisions"}],"predecessor-version":[{"id":1510,"href":"https:\/\/regbu.com\/pt\/wp-json\/wp\/v2\/posts\/1499\/revisions\/1510"}],"wp:featuredmedia":[{"embeddable":true,"href":"https:\/\/regbu.com\/pt\/wp-json\/wp\/v2\/media\/1500"}],"wp:attachment":[{"href":"https:\/\/regbu.com\/pt\/wp-json\/wp\/v2\/media?parent=1499"}],"wp:term":[{"taxonomy":"category","embeddable":true,"href":"https:\/\/regbu.com\/pt\/wp-json\/wp\/v2\/categories?post=1499"},{"taxonomy":"post_tag","embeddable":true,"href":"https:\/\/regbu.com\/pt\/wp-json\/wp\/v2\/tags?post=1499"}],"curies":[{"name":"wp","href":"https:\/\/api.w.org\/{rel}","templated":true}]}}