{"id":1382,"date":"2023-08-05T16:52:36","date_gmt":"2023-08-05T14:52:36","guid":{"rendered":"https:\/\/regbu.com\/?p=1382"},"modified":"2025-09-05T07:40:15","modified_gmt":"2025-09-05T05:40:15","slug":"nejfotogenictejsi-mista-na-svete","status":"publish","type":"post","link":"https:\/\/regbu.com\/pt\/o-tipo-mais-fotogenico-do-mundo\/","title":{"rendered":"Os lugares mais fotog\u00e9nicos do mundo"},"content":{"rendered":"<p>Os locais mais fotog\u00e9nicos s\u00e3o uma grande atra\u00e7\u00e3o para os viajantes e amantes <strong><a href=\"https:\/\/regbu.com\/pt\/geocaching-e-uma-atividade-popular-e-divertida\/\">geocaching<\/a><\/strong>. Toda a gente gostaria de ir a um destino onde se pudesse tirar uma fotografia com algumas das mais belas paisagens. E \u00e9 de notar que existem mais do que suficientes lugares assim no mundo.<\/p>\n\n\n\n<ul class=\"wp-block-list\">\n<li>Peru<\/li>\n\n\n\n<li>Eslov\u00e9nia<\/li>\n\n\n\n<li>Polin\u00e9sia<\/li>\n<\/ul>\n\n\n\n<p>\u00c9 claro que todos n\u00f3s temos requisitos ligeiramente diferentes em termos de viagens. Algumas pessoas preferem montanhas cobertas de neve, enquanto outras preferem uma ilha rodeada de mares l\u00edmpidos e belas praias. Ent\u00e3o, onde est\u00e3o os lugares mais fotog\u00e9nicos do mundo?<\/p>\n\n\n\n<h2 class=\"wp-block-heading\">O Peru como ponto de partida<\/h2>\n\n\n\n<p>Paisagens de cortar a respira\u00e7\u00e3o esperam-no no Peru. Qualquer viajante ligeiramente experiente provavelmente adivinha corretamente que deve dirigir-se para os Andes peruanos. \u00c9 aqui que se encontra uma das sete maravilhas do mundo, o <strong>Macu Picchu<\/strong>. Os vest\u00edgios da cidade est\u00e3o localizados a uma altitude de 2.430 metros acima do n\u00edvel do mar. E que outros destinos lhe agradam?<\/p>\n\n\n\n<figure class=\"wp-block-table\"><table><tbody><tr><td><strong>Pa\u00eds<\/strong><\/td><td><strong>Localiza\u00e7\u00e3o<\/strong><\/td><\/tr><tr><td>Eslov\u00e9nia<\/td><td>Lago Bled<\/td><\/tr><tr><td>Egipto<\/td><td>Sahar el Beida<\/td><\/tr><tr><td>Polin\u00e9sia<\/td><td>Bora Bora<\/td><\/tr><tr><td>Ilha<\/td><td>Praia de Reynisfjara<\/td><\/tr><\/tbody><\/table><figcaption class=\"wp-element-caption\">Lugares que ficam bonitos nas fotografias.<\/figcaption><\/figure>\n\n\n\n<p>O Lago Bled \u00e9 \u00fanico n\u00e3o s\u00f3 pela sua superf\u00edcie de \u00e1gua. \u00c9 tamb\u00e9m um dos lugares mais fotog\u00e9nicos do mundo, gra\u00e7as \u00e0 Igreja da Assun\u00e7\u00e3o, situada numa pequena ilha no meio.<\/p>\n\n\n\n<h3 class=\"wp-block-heading\">Conhecer os locais mais fotog\u00e9nicos<\/h3>\n\n\n\n<p>Se \u00e9 um amante do Vietname, <em>visitar o Golfo de Tonkin<\/em>. Muitos viajantes referem-se a ela como outra das maravilhas do mundo, que pode ver com os seus pr\u00f3prios olhos. Na \u00c1sia, n\u00e3o se esque\u00e7a da grande China. Um dos s\u00edtios mais bonitos \u00e9, sem d\u00favida, o Parque Geol\u00f3gico de Zhangye. Neste local, a natureza \u00e9 verdadeiramente aut\u00eantica e as fotografias de f\u00e9rias s\u00e3o de cortar a respira\u00e7\u00e3o.<\/p>\n\n\n\n<p>Quanto aos Estados Unidos da Am\u00e9rica, n\u00e3o deixe de se dirigir ao importante Na Pali Coast Park. O terreno acidentado e as vistas inigual\u00e1veis far\u00e3o as del\u00edcias de toda a gente. A partir dos EUA, pode ent\u00e3o dar um salto at\u00e9 ao Canad\u00e1. Aqui, o vencedor \u00e9 claramente <strong>Parque Nacional Banff<\/strong>. Tire a fotografia que quiser no Lago Louise. Pode terminar as suas aventuras de viagem e fotografia na j\u00e1 referida ilha de Bora Bora com uma fotografia de algumas das praias locais.<\/p>","protected":false},"excerpt":{"rendered":"<p>Os locais mais fotog\u00e9nicos s\u00e3o uma grande atra\u00e7\u00e3o para os viajantes e entusiastas do geocaching. Toda a gente gostaria de ir a um destino onde se pudesse tirar uma fotografia com algumas das mais belas paisagens. E h\u00e1 que ter em conta que existem mais do que suficientes destes lugares no mundo. \u00c9 claro que todos n\u00f3s temos necessidades ligeiramente diferentes em termos de viagens. Alguns preferem montanhas nevadas, outros preferem ... <\/p>","protected":false},"author":2,"featured_media":1383,"comment_status":"closed","ping_status":"closed","sticky":false,"template":"","format":"standard","meta":{"footnotes":""},"categories":[8],"tags":[1679,1098,1675,372,1678,931,1674,1681,1677,1680,1076],"class_list":["post-1382","post","type-post","status-publish","format-standard","has-post-thumbnail","hentry","category-cestovani","tag-bled","tag-bora-bora","tag-egypt","tag-fotografie","tag-island","tag-jezero","tag-nejfotogenictejsi-mista","tag-plaz-reynisfjara","tag-polynesie","tag-sahar-el-beida","tag-slovinsko"],"yoast_head":"<!-- This site is optimized with the Yoast SEO plugin v27.5 - https:\/\/yoast.com\/product\/yoast-seo-wordpress\/ -->\n<title>Nejfotogeni\u010dt\u011bj\u0161\u00ed m\u00edsta na sv\u011bt\u011b - REGBU.COM<\/title>\n<meta name=\"description\" content=\"Poznejte nejfotogeni\u010dt\u011bj\u0161\u00ed m\u00edsta na sv\u011bt\u011b. Nav\u0161tivte nezapomenuteln\u00e9 lokace, kde V\u00e1m bude doslova p\u0159ech\u00e1zet zrak.\" \/>\n<meta name=\"robots\" content=\"index, follow, max-snippet:-1, max-image-preview:large, max-video-preview:-1\" \/>\n<link rel=\"canonical\" href=\"https:\/\/regbu.com\/pt\/o-tipo-mais-fotogenico-do-mundo\/\" \/>\n<meta property=\"og:locale\" content=\"pt_PT\" \/>\n<meta property=\"og:type\" content=\"article\" \/>\n<meta property=\"og:title\" content=\"Nejfotogeni\u010dt\u011bj\u0161\u00ed m\u00edsta na sv\u011bt\u011b - REGBU.COM\" \/>\n<meta property=\"og:description\" content=\"Poznejte nejfotogeni\u010dt\u011bj\u0161\u00ed m\u00edsta na sv\u011bt\u011b. Nav\u0161tivte nezapomenuteln\u00e9 lokace, kde V\u00e1m bude doslova p\u0159ech\u00e1zet zrak.\" \/>\n<meta property=\"og:url\" content=\"https:\/\/regbu.com\/pt\/o-tipo-mais-fotogenico-do-mundo\/\" \/>\n<meta property=\"og:site_name\" content=\"REGBU.COM\" \/>\n<meta property=\"article:published_time\" content=\"2023-08-05T14:52:36+00:00\" \/>\n<meta property=\"article:modified_time\" content=\"2025-09-05T05:40:15+00:00\" \/>\n<meta property=\"og:image\" content=\"https:\/\/regbu.com\/wp-content\/uploads\/2023\/08\/nejfotogenictejsi-mista-na-svete.jpg\" \/>\n\t<meta property=\"og:image:width\" content=\"1200\" \/>\n\t<meta property=\"og:image:height\" content=\"676\" \/>\n\t<meta property=\"og:image:type\" content=\"image\/jpeg\" \/>\n<meta name=\"author\" content=\"George Martin\" \/>\n<meta name=\"twitter:card\" content=\"summary_large_image\" \/>\n<meta name=\"twitter:label1\" content=\"Escrito por\" \/>\n\t<meta name=\"twitter:data1\" content=\"George Martin\" \/>\n\t<meta name=\"twitter:label2\" content=\"Tempo estimado de leitura\" \/>\n\t<meta name=\"twitter:data2\" content=\"2 minutos\" \/>\n<script type=\"application\/ld+json\" class=\"yoast-schema-graph\">{\"@context\":\"https:\\\/\\\/schema.org\",\"@graph\":[{\"@type\":\"Article\",\"@id\":\"https:\\\/\\\/regbu.com\\\/pt\\\/o-tipo-mais-fotogenico-do-mundo\\\/#article\",\"isPartOf\":{\"@id\":\"https:\\\/\\\/regbu.com\\\/pt\\\/o-tipo-mais-fotogenico-do-mundo\\\/\"},\"author\":{\"name\":\"George Martin\",\"@id\":\"https:\\\/\\\/regbu.com\\\/en\\\/#\\\/schema\\\/person\\\/94ea9deda2629771b8a9ced002f6784e\"},\"headline\":\"Nejfotogeni\u010dt\u011bj\u0161\u00ed m\u00edsta na sv\u011bt\u011b\",\"datePublished\":\"2023-08-05T14:52:36+00:00\",\"dateModified\":\"2025-09-05T05:40:15+00:00\",\"mainEntityOfPage\":{\"@id\":\"https:\\\/\\\/regbu.com\\\/pt\\\/o-tipo-mais-fotogenico-do-mundo\\\/\"},\"wordCount\":472,\"image\":{\"@id\":\"https:\\\/\\\/regbu.com\\\/pt\\\/o-tipo-mais-fotogenico-do-mundo\\\/#primaryimage\"},\"thumbnailUrl\":\"https:\\\/\\\/regbu.com\\\/wp-content\\\/uploads\\\/2023\\\/08\\\/nejfotogenictejsi-mista-na-svete.jpg\",\"keywords\":[\"bled\",\"bora bora\",\"egypt\",\"fotografie\",\"island\",\"jezero\",\"nejfotogeni\u010dt\u011bj\u0161\u00ed m\u00edsta\",\"Pl\u00e1\u017e Reynisfjara\",\"polyn\u00e9sie\",\"Sahar el Beida\",\"Slovinsko\"],\"articleSection\":[\"Cestov\u00e1n\u00ed\"],\"inLanguage\":\"pt-PT\"},{\"@type\":\"WebPage\",\"@id\":\"https:\\\/\\\/regbu.com\\\/pt\\\/o-tipo-mais-fotogenico-do-mundo\\\/\",\"url\":\"https:\\\/\\\/regbu.com\\\/pt\\\/o-tipo-mais-fotogenico-do-mundo\\\/\",\"name\":\"Nejfotogeni\u010dt\u011bj\u0161\u00ed m\u00edsta na sv\u011bt\u011b - REGBU.COM\",\"isPartOf\":{\"@id\":\"https:\\\/\\\/regbu.com\\\/en\\\/#website\"},\"primaryImageOfPage\":{\"@id\":\"https:\\\/\\\/regbu.com\\\/pt\\\/o-tipo-mais-fotogenico-do-mundo\\\/#primaryimage\"},\"image\":{\"@id\":\"https:\\\/\\\/regbu.com\\\/pt\\\/o-tipo-mais-fotogenico-do-mundo\\\/#primaryimage\"},\"thumbnailUrl\":\"https:\\\/\\\/regbu.com\\\/wp-content\\\/uploads\\\/2023\\\/08\\\/nejfotogenictejsi-mista-na-svete.jpg\",\"datePublished\":\"2023-08-05T14:52:36+00:00\",\"dateModified\":\"2025-09-05T05:40:15+00:00\",\"author\":{\"@id\":\"https:\\\/\\\/regbu.com\\\/en\\\/#\\\/schema\\\/person\\\/94ea9deda2629771b8a9ced002f6784e\"},\"description\":\"Poznejte nejfotogeni\u010dt\u011bj\u0161\u00ed m\u00edsta na sv\u011bt\u011b. Nav\u0161tivte nezapomenuteln\u00e9 lokace, kde V\u00e1m bude doslova p\u0159ech\u00e1zet zrak.\",\"breadcrumb\":{\"@id\":\"https:\\\/\\\/regbu.com\\\/pt\\\/o-tipo-mais-fotogenico-do-mundo\\\/#breadcrumb\"},\"inLanguage\":\"pt-PT\",\"potentialAction\":[{\"@type\":\"ReadAction\",\"target\":[\"https:\\\/\\\/regbu.com\\\/pt\\\/o-tipo-mais-fotogenico-do-mundo\\\/\"]}]},{\"@type\":\"ImageObject\",\"inLanguage\":\"pt-PT\",\"@id\":\"https:\\\/\\\/regbu.com\\\/pt\\\/o-tipo-mais-fotogenico-do-mundo\\\/#primaryimage\",\"url\":\"https:\\\/\\\/regbu.com\\\/wp-content\\\/uploads\\\/2023\\\/08\\\/nejfotogenictejsi-mista-na-svete.jpg\",\"contentUrl\":\"https:\\\/\\\/regbu.com\\\/wp-content\\\/uploads\\\/2023\\\/08\\\/nejfotogenictejsi-mista-na-svete.jpg\",\"width\":1200,\"height\":676,\"caption\":\"Nejfotogeni\u010dt\u011bj\u0161\u00ed m\u00edsta na sv\u011bt\u011b\"},{\"@type\":\"BreadcrumbList\",\"@id\":\"https:\\\/\\\/regbu.com\\\/pt\\\/o-tipo-mais-fotogenico-do-mundo\\\/#breadcrumb\",\"itemListElement\":[{\"@type\":\"ListItem\",\"position\":1,\"name\":\"Home\",\"item\":\"https:\\\/\\\/regbu.com\\\/en\\\/\"},{\"@type\":\"ListItem\",\"position\":2,\"name\":\"Nejfotogeni\u010dt\u011bj\u0161\u00ed m\u00edsta na sv\u011bt\u011b\"}]},{\"@type\":\"WebSite\",\"@id\":\"https:\\\/\\\/regbu.com\\\/en\\\/#website\",\"url\":\"https:\\\/\\\/regbu.com\\\/en\\\/\",\"name\":\"REGBU.COM\",\"description\":\"\",\"potentialAction\":[{\"@type\":\"SearchAction\",\"target\":{\"@type\":\"EntryPoint\",\"urlTemplate\":\"https:\\\/\\\/regbu.com\\\/en\\\/?s={search_term_string}\"},\"query-input\":{\"@type\":\"PropertyValueSpecification\",\"valueRequired\":true,\"valueName\":\"search_term_string\"}}],\"inLanguage\":\"pt-PT\"},{\"@type\":\"Person\",\"@id\":\"https:\\\/\\\/regbu.com\\\/en\\\/#\\\/schema\\\/person\\\/94ea9deda2629771b8a9ced002f6784e\",\"name\":\"George Martin\",\"url\":\"https:\\\/\\\/regbu.com\\\/pt\\\/author\\\/george-martin\\\/\"}]}<\/script>\n<!-- \/ Yoast SEO plugin. -->","yoast_head_json":{"title":"Os lugares mais fotog\u00e9nicos do mundo - REGBU.COM","description":"Descubra os locais mais fotog\u00e9nicos do mundo. Visite locais inesquec\u00edveis que far\u00e3o literalmente os seus olhos brilharem.","robots":{"index":"index","follow":"follow","max-snippet":"max-snippet:-1","max-image-preview":"max-image-preview:large","max-video-preview":"max-video-preview:-1"},"canonical":"https:\/\/regbu.com\/pt\/o-tipo-mais-fotogenico-do-mundo\/","og_locale":"pt_PT","og_type":"article","og_title":"Nejfotogeni\u010dt\u011bj\u0161\u00ed m\u00edsta na sv\u011bt\u011b - REGBU.COM","og_description":"Poznejte nejfotogeni\u010dt\u011bj\u0161\u00ed m\u00edsta na sv\u011bt\u011b. Nav\u0161tivte nezapomenuteln\u00e9 lokace, kde V\u00e1m bude doslova p\u0159ech\u00e1zet zrak.","og_url":"https:\/\/regbu.com\/pt\/o-tipo-mais-fotogenico-do-mundo\/","og_site_name":"REGBU.COM","article_published_time":"2023-08-05T14:52:36+00:00","article_modified_time":"2025-09-05T05:40:15+00:00","og_image":[{"width":1200,"height":676,"url":"https:\/\/regbu.com\/wp-content\/uploads\/2023\/08\/nejfotogenictejsi-mista-na-svete.jpg","type":"image\/jpeg"}],"author":"George Martin","twitter_card":"summary_large_image","twitter_misc":{"Escrito por":"George Martin","Tempo estimado de leitura":"2 minutos"},"schema":{"@context":"https:\/\/schema.org","@graph":[{"@type":"Article","@id":"https:\/\/regbu.com\/pt\/o-tipo-mais-fotogenico-do-mundo\/#article","isPartOf":{"@id":"https:\/\/regbu.com\/pt\/o-tipo-mais-fotogenico-do-mundo\/"},"author":{"name":"George Martin","@id":"https:\/\/regbu.com\/en\/#\/schema\/person\/94ea9deda2629771b8a9ced002f6784e"},"headline":"Nejfotogeni\u010dt\u011bj\u0161\u00ed m\u00edsta na sv\u011bt\u011b","datePublished":"2023-08-05T14:52:36+00:00","dateModified":"2025-09-05T05:40:15+00:00","mainEntityOfPage":{"@id":"https:\/\/regbu.com\/pt\/o-tipo-mais-fotogenico-do-mundo\/"},"wordCount":472,"image":{"@id":"https:\/\/regbu.com\/pt\/o-tipo-mais-fotogenico-do-mundo\/#primaryimage"},"thumbnailUrl":"https:\/\/regbu.com\/wp-content\/uploads\/2023\/08\/nejfotogenictejsi-mista-na-svete.jpg","keywords":["bled","bora bora","egypt","fotografie","island","jezero","nejfotogeni\u010dt\u011bj\u0161\u00ed m\u00edsta","Pl\u00e1\u017e Reynisfjara","polyn\u00e9sie","Sahar el Beida","Slovinsko"],"articleSection":["Cestov\u00e1n\u00ed"],"inLanguage":"pt-PT"},{"@type":"WebPage","@id":"https:\/\/regbu.com\/pt\/o-tipo-mais-fotogenico-do-mundo\/","url":"https:\/\/regbu.com\/pt\/o-tipo-mais-fotogenico-do-mundo\/","name":"Os lugares mais fotog\u00e9nicos do mundo - REGBU.COM","isPartOf":{"@id":"https:\/\/regbu.com\/en\/#website"},"primaryImageOfPage":{"@id":"https:\/\/regbu.com\/pt\/o-tipo-mais-fotogenico-do-mundo\/#primaryimage"},"image":{"@id":"https:\/\/regbu.com\/pt\/o-tipo-mais-fotogenico-do-mundo\/#primaryimage"},"thumbnailUrl":"https:\/\/regbu.com\/wp-content\/uploads\/2023\/08\/nejfotogenictejsi-mista-na-svete.jpg","datePublished":"2023-08-05T14:52:36+00:00","dateModified":"2025-09-05T05:40:15+00:00","author":{"@id":"https:\/\/regbu.com\/en\/#\/schema\/person\/94ea9deda2629771b8a9ced002f6784e"},"description":"Descubra os locais mais fotog\u00e9nicos do mundo. Visite locais inesquec\u00edveis que far\u00e3o literalmente os seus olhos brilharem.","breadcrumb":{"@id":"https:\/\/regbu.com\/pt\/o-tipo-mais-fotogenico-do-mundo\/#breadcrumb"},"inLanguage":"pt-PT","potentialAction":[{"@type":"ReadAction","target":["https:\/\/regbu.com\/pt\/o-tipo-mais-fotogenico-do-mundo\/"]}]},{"@type":"ImageObject","inLanguage":"pt-PT","@id":"https:\/\/regbu.com\/pt\/o-tipo-mais-fotogenico-do-mundo\/#primaryimage","url":"https:\/\/regbu.com\/wp-content\/uploads\/2023\/08\/nejfotogenictejsi-mista-na-svete.jpg","contentUrl":"https:\/\/regbu.com\/wp-content\/uploads\/2023\/08\/nejfotogenictejsi-mista-na-svete.jpg","width":1200,"height":676,"caption":"Nejfotogeni\u010dt\u011bj\u0161\u00ed m\u00edsta na sv\u011bt\u011b"},{"@type":"BreadcrumbList","@id":"https:\/\/regbu.com\/pt\/o-tipo-mais-fotogenico-do-mundo\/#breadcrumb","itemListElement":[{"@type":"ListItem","position":1,"name":"Home","item":"https:\/\/regbu.com\/en\/"},{"@type":"ListItem","position":2,"name":"Nejfotogeni\u010dt\u011bj\u0161\u00ed m\u00edsta na sv\u011bt\u011b"}]},{"@type":"WebSite","@id":"https:\/\/regbu.com\/en\/#website","url":"https:\/\/regbu.com\/en\/","name":"REGBU.COM","description":"","potentialAction":[{"@type":"SearchAction","target":{"@type":"EntryPoint","urlTemplate":"https:\/\/regbu.com\/en\/?s={search_term_string}"},"query-input":{"@type":"PropertyValueSpecification","valueRequired":true,"valueName":"search_term_string"}}],"inLanguage":"pt-PT"},{"@type":"Person","@id":"https:\/\/regbu.com\/en\/#\/schema\/person\/94ea9deda2629771b8a9ced002f6784e","name":"George Martin","url":"https:\/\/regbu.com\/pt\/author\/george-martin\/"}]}},"_links":{"self":[{"href":"https:\/\/regbu.com\/pt\/wp-json\/wp\/v2\/posts\/1382","targetHints":{"allow":["GET"]}}],"collection":[{"href":"https:\/\/regbu.com\/pt\/wp-json\/wp\/v2\/posts"}],"about":[{"href":"https:\/\/regbu.com\/pt\/wp-json\/wp\/v2\/types\/post"}],"author":[{"embeddable":true,"href":"https:\/\/regbu.com\/pt\/wp-json\/wp\/v2\/users\/2"}],"replies":[{"embeddable":true,"href":"https:\/\/regbu.com\/pt\/wp-json\/wp\/v2\/comments?post=1382"}],"version-history":[{"count":2,"href":"https:\/\/regbu.com\/pt\/wp-json\/wp\/v2\/posts\/1382\/revisions"}],"predecessor-version":[{"id":1402,"href":"https:\/\/regbu.com\/pt\/wp-json\/wp\/v2\/posts\/1382\/revisions\/1402"}],"wp:featuredmedia":[{"embeddable":true,"href":"https:\/\/regbu.com\/pt\/wp-json\/wp\/v2\/media\/1383"}],"wp:attachment":[{"href":"https:\/\/regbu.com\/pt\/wp-json\/wp\/v2\/media?parent=1382"}],"wp:term":[{"taxonomy":"category","embeddable":true,"href":"https:\/\/regbu.com\/pt\/wp-json\/wp\/v2\/categories?post=1382"},{"taxonomy":"post_tag","embeddable":true,"href":"https:\/\/regbu.com\/pt\/wp-json\/wp\/v2\/tags?post=1382"}],"curies":[{"name":"wp","href":"https:\/\/api.w.org\/{rel}","templated":true}]}}